{"id":12221,"date":"2024-10-01T14:00:00","date_gmt":"2024-10-01T14:00:00","guid":{"rendered":"https:\/\/preprod.sts-education.com\/blog\/2026\/03\/05\/franziska-est-partie-en-high-school-aux-pays-bas\/"},"modified":"2026-04-14T10:27:17","modified_gmt":"2026-04-14T10:27:17","slug":"franziska-est-partie-en-high-school-aux-pays-bas","status":"publish","type":"post","link":"https:\/\/www.sts-education.com\/fr-ch\/high-school\/nos-etudiants-dechange\/temoignages\/franziska-est-partie-en-high-school-aux-pays-bas\/","title":{"rendered":"Franziska Est Partie En High School Aux Pays Bas"},"content":{"rendered":"\n<div class=\"wp-block-sts-text sts-text-editor has-max-width-md\"><div class=\"sts-text-editor__content\"><div class=\"sts-text-editor__content-inner\">\n<h1 style=\"text-align:center\">Franziska est partie en High School aux Pays-Bas<\/h1>\n<\/div><\/div><\/div>\n\n\n\n<figure class=\"wp-block-sts-image sts-block-image sts-block-image--count-1 has-max-width-md\" data-count=\"1\"><div class=\"sts-block-image__grid\"><div class=\"sts-block-image__item\"><picture class=\"sts-responsive-image has-fit-cover has-pos-top is-skeleton\"><img src=\"https:\/\/cdn.sts-education.com\/13277_hero_md.jpg\" alt=\"Franziska est partie en High School aux Pays-Bas\" loading=\"lazy\" decoding=\"async\" fetchpriority=\"low\" sizes=\"(max-width: 736px) 100vw, 736px\"\/><\/picture><\/div><\/div><\/figure>\n\n\n\n<div class=\"wp-block-sts-text sts-text-editor has-max-width-md\"><div class=\"sts-text-editor__content\"><div class=\"sts-text-editor__content-inner\">\n<p><em>Franziska, Autrichienne, a pass\u00e9 un an \u00e0 l\u2019\u00e9tranger, aux Pays-Bas.<\/em><\/p>\n<\/div><\/div><\/div>\n\n\n\n<div class=\"wp-block-sts-text sts-text-editor has-max-width-md\"><div class=\"sts-text-editor__content\"><div class=\"sts-text-editor__content-inner\">\n<p>Je me suis toujours sentie attir\u00e9e par ce pays, et je voulais savoir comment on y vivait.<\/p>\n<h2>Ma famille d\u2019accueil<\/h2>\n<p>Je me suis tout de suite tr\u00e8s bien entendue avec ma famille d\u2019accueil, qui m\u2019a imm\u00e9diatement incluse dans son quotidien et dans toutes ses sorties. Tr\u00e8s rapidement, je me suis sentie chez moi, et l\u2019environnement est tr\u00e8s vite devenu familier. Ma famille d\u2019accueil m\u2019a \u00e9galement beaucoup aid\u00e9e dans l\u2019apprentissage de la langue, et ils se sont montr\u00e9s tr\u00e8s patients avec moi. Quand j\u2019ai enfin r\u00e9ussi \u00e0 parler hollandais couramment, ils \u00e9taient tr\u00e8s fiers de moi ! Depuis cette ann\u00e9e \u00e0 l\u2019\u00e9tranger, je suis toujours proche de ma famille d\u2019accueil.<\/p>\n<h2>Les cours<\/h2>\n<p>Les professeurs \u00e9taient tr\u00e8s compr\u00e9hensifs du fait que, au d\u00e9but, je n\u2019avais pas le m\u00eame niveau que mes camarades de classe, et essayaient de m\u2019aider au maximum. Puisque tout \u00e9tait en n\u00e9erlandais, il m\u2019a fallu quelques semaines pour m\u2019y habituer.<\/p>\n<h2>Mes amis<\/h2>\n<p>Avant m\u00eame de partir pour les Pays-Bas j\u2019ai \u00e9t\u00e9 en contact avec quelques camarades de classe, qui m\u2019ont accompagn\u00e9e pendant les premi\u00e8res semaines. Et puis ils sont devenus mes meilleurs amis. J\u2019ai \u00e9galement rencontr\u00e9 d\u2019autres \u00e9l\u00e8ves de STS aux Pays-Bas, et nous avons fait beaucoup de choses ensemble !<\/p>\n<h2>Allez-y !<\/h2>\n<p>Je recommande \u00e0 quiconque d\u2019aller passer un an en High School dans un \u00e9tablissement local et de vivre en famille d\u2019accueil. On apprend non seulement une nouvelle culture, mais aussi sur soi-m\u00eame et on m\u00fbrit beaucoup.<\/p>\n<h2>Pour en savoir plus<\/h2>\n<ul><li>Lis d&#x27;autres <a href=\"https:\/\/www.sts-education.com\/fr-ch\/high-school\/nos-etudiants-dechange\/temoignages\/?hashtag=Pays-Bas\">t\u00e9moignages d&#x27;\u00e9tudiants aux Pays-Bas<\/a><\/li>\n<li>En savoir plus sur un <a href=\"https:\/\/www.sts-education.com\/fr-ch\/high-school\/destinations\/europe\/pays-bas\/\">\u00e9change scolaire aux Pays-Bas<\/a><\/li>\n<li>Voir <a href=\"\/fr-ch\/high-school\/tripfinder\/\">toutes nos destinations d&#x27;\u00e9change scolaire<\/a><\/li><\/ul>\n<\/div><\/div><\/div>\n","protected":false},"excerpt":{"rendered":"","protected":false},"author":20,"featured_media":13519,"comment_status":"open","ping_status":"open","sticky":false,"template":"","format":"standard","meta":{"_acf_changed":false,"_yoast_wpseo_title":"Franziska est partie en High School aux Pays-Bas","_yoast_wpseo_metadesc":"Je recommande \u00e0 quiconque d\u2019aller passer un an en High School dans un \u00e9tablissement local et de vivre en famille d\u2019accueil.","footnotes":""},"categories":[297],"tags":[1062],"wpw_post_folders":[],"class_list":["post-12221","post","type-post","status-publish","format-standard","has-post-thumbnail","hentry","category-uncategorized-fr-ch","tag-pays-bas"],"acf":[],"yoast_head":"<!-- This site is optimized with the Yoast SEO Premium plugin v27.2 (Yoast SEO v27.2) - https:\/\/yoast.com\/product\/yoast-seo-premium-wordpress\/ -->\n<title>Franziska est partie en High School aux Pays-Bas<\/title>\n<meta name=\"description\" content=\"Je recommande \u00e0 quiconque d\u2019aller passer un an en High School dans un \u00e9tablissement local et de vivre en famille d\u2019accueil.\" \/>\n<meta name=\"robots\" content=\"index, follow, max-snippet:-1, max-image-preview:large, max-video-preview:-1\" \/>\n<link rel=\"canonical\" href=\"https:\/\/www.sts-education.com\/fr-ch\/high-school\/nos-etudiants-dechange\/temoignages\/franziska-est-partie-en-high-school-aux-pays-bas\/\" \/>\n<meta property=\"og:locale\" content=\"fr_FR\" \/>\n<meta property=\"og:type\" content=\"article\" \/>\n<meta property=\"og:title\" content=\"Franziska Est Partie En High School Aux Pays Bas\" \/>\n<meta property=\"og:description\" content=\"Je recommande \u00e0 quiconque d\u2019aller passer un an en High School dans un \u00e9tablissement local et de vivre en famille d\u2019accueil.\" \/>\n<meta property=\"og:url\" content=\"https:\/\/www.sts-education.com\/fr-ch\/high-school\/nos-etudiants-dechange\/temoignages\/franziska-est-partie-en-high-school-aux-pays-bas\/\" \/>\n<meta property=\"og:site_name\" content=\"STS Education\" \/>\n<meta property=\"article:published_time\" content=\"2024-10-01T14:00:00+00:00\" \/>\n<meta property=\"article:modified_time\" content=\"2026-04-14T10:27:17+00:00\" \/>\n<meta property=\"og:image\" content=\"https:\/\/powered-by.qbank.se\/educatius\/sts\/\/004cbc35eed8995456a63ec720fe63c7_1-1-thumb.webp\" \/>\n\t<meta property=\"og:image:width\" content=\"150\" \/>\n\t<meta property=\"og:image:height\" content=\"150\" \/>\n\t<meta property=\"og:image:type\" content=\"image\/jpeg\" \/>\n<meta name=\"author\" content=\"syncreadwrite\" \/>\n<meta name=\"twitter:card\" content=\"summary_large_image\" \/>\n<meta name=\"twitter:label1\" content=\"Written by\" \/>\n\t<meta name=\"twitter:data1\" content=\"syncreadwrite\" \/>\n\t<meta name=\"twitter:label2\" content=\"Est. reading time\" \/>\n\t<meta name=\"twitter:data2\" content=\"2 minutes\" \/>\n<script type=\"application\/ld+json\" class=\"yoast-schema-graph\">{\"@context\":\"https:\/\/schema.org\",\"@graph\":[{\"@type\":\"Article\",\"@id\":\"https:\/\/www.sts-education.com\/fr-ch\/high-school\/nos-etudiants-dechange\/temoignages\/franziska-est-partie-en-high-school-aux-pays-bas\/#article\",\"isPartOf\":{\"@id\":\"https:\/\/www.sts-education.com\/fr-ch\/high-school\/nos-etudiants-dechange\/temoignages\/franziska-est-partie-en-high-school-aux-pays-bas\/\"},\"author\":{\"name\":\"syncreadwrite\",\"@id\":\"https:\/\/www.sts-education.com\/fr-ch\/#\/schema\/person\/8b82f3a2e45f020b8f296d7a85d9a97c\"},\"headline\":\"Franziska Est Partie En High School Aux Pays Bas\",\"datePublished\":\"2024-10-01T14:00:00+00:00\",\"dateModified\":\"2026-04-14T10:27:17+00:00\",\"mainEntityOfPage\":{\"@id\":\"https:\/\/www.sts-education.com\/fr-ch\/high-school\/nos-etudiants-dechange\/temoignages\/franziska-est-partie-en-high-school-aux-pays-bas\/\"},\"wordCount\":335,\"commentCount\":0,\"image\":{\"@id\":\"https:\/\/www.sts-education.com\/fr-ch\/high-school\/nos-etudiants-dechange\/temoignages\/franziska-est-partie-en-high-school-aux-pays-bas\/#primaryimage\"},\"thumbnailUrl\":\"https:\/\/powered-by.qbank.se\/educatius\/sts\/\/004cbc35eed8995456a63ec720fe63c7_1-1-thumb.webp\",\"keywords\":[\"Pays-Bas\"],\"articleSection\":[\"Uncategorized @fr-ch\"],\"inLanguage\":\"fr-CH\",\"potentialAction\":[{\"@type\":\"CommentAction\",\"name\":\"Comment\",\"target\":[\"https:\/\/www.sts-education.com\/fr-ch\/high-school\/nos-etudiants-dechange\/temoignages\/franziska-est-partie-en-high-school-aux-pays-bas\/#respond\"]}]},{\"@type\":\"WebPage\",\"@id\":\"https:\/\/www.sts-education.com\/fr-ch\/high-school\/nos-etudiants-dechange\/temoignages\/franziska-est-partie-en-high-school-aux-pays-bas\/\",\"url\":\"https:\/\/www.sts-education.com\/fr-ch\/high-school\/nos-etudiants-dechange\/temoignages\/franziska-est-partie-en-high-school-aux-pays-bas\/\",\"name\":\"Franziska est partie en High School aux Pays-Bas\",\"isPartOf\":{\"@id\":\"https:\/\/www.sts-education.com\/fr-ch\/#website\"},\"primaryImageOfPage\":{\"@id\":\"https:\/\/www.sts-education.com\/fr-ch\/high-school\/nos-etudiants-dechange\/temoignages\/franziska-est-partie-en-high-school-aux-pays-bas\/#primaryimage\"},\"image\":{\"@id\":\"https:\/\/www.sts-education.com\/fr-ch\/high-school\/nos-etudiants-dechange\/temoignages\/franziska-est-partie-en-high-school-aux-pays-bas\/#primaryimage\"},\"thumbnailUrl\":\"https:\/\/powered-by.qbank.se\/educatius\/sts\/\/004cbc35eed8995456a63ec720fe63c7_1-1-thumb.webp\",\"datePublished\":\"2024-10-01T14:00:00+00:00\",\"dateModified\":\"2026-04-14T10:27:17+00:00\",\"author\":{\"@id\":\"https:\/\/www.sts-education.com\/fr-ch\/#\/schema\/person\/8b82f3a2e45f020b8f296d7a85d9a97c\"},\"description\":\"Je recommande \u00e0 quiconque d\u2019aller passer un an en High School dans un \u00e9tablissement local et de vivre en famille d\u2019accueil.\",\"breadcrumb\":{\"@id\":\"https:\/\/www.sts-education.com\/fr-ch\/high-school\/nos-etudiants-dechange\/temoignages\/franziska-est-partie-en-high-school-aux-pays-bas\/#breadcrumb\"},\"inLanguage\":\"fr-CH\",\"potentialAction\":[{\"@type\":\"ReadAction\",\"target\":[\"https:\/\/www.sts-education.com\/fr-ch\/high-school\/nos-etudiants-dechange\/temoignages\/franziska-est-partie-en-high-school-aux-pays-bas\/\"]}]},{\"@type\":\"ImageObject\",\"inLanguage\":\"fr-CH\",\"@id\":\"https:\/\/www.sts-education.com\/fr-ch\/high-school\/nos-etudiants-dechange\/temoignages\/franziska-est-partie-en-high-school-aux-pays-bas\/#primaryimage\",\"url\":\"https:\/\/powered-by.qbank.se\/educatius\/sts\/\/004cbc35eed8995456a63ec720fe63c7_1-1-thumb.webp\",\"contentUrl\":\"https:\/\/powered-by.qbank.se\/educatius\/sts\/\/004cbc35eed8995456a63ec720fe63c7_1-1-thumb.webp\",\"width\":150,\"height\":150},{\"@type\":\"BreadcrumbList\",\"@id\":\"https:\/\/www.sts-education.com\/fr-ch\/high-school\/nos-etudiants-dechange\/temoignages\/franziska-est-partie-en-high-school-aux-pays-bas\/#breadcrumb\",\"itemListElement\":[{\"@type\":\"ListItem\",\"position\":1,\"name\":\"Home\",\"item\":\"https:\/\/www.sts-education.com\/fr-ch\/\"},{\"@type\":\"ListItem\",\"position\":2,\"name\":\"Franziska Est Partie En High School Aux Pays Bas\"}]},{\"@type\":\"WebSite\",\"@id\":\"https:\/\/www.sts-education.com\/fr-ch\/#website\",\"url\":\"https:\/\/www.sts-education.com\/fr-ch\/\",\"name\":\"STS Education\",\"description\":\"\",\"potentialAction\":[{\"@type\":\"SearchAction\",\"target\":{\"@type\":\"EntryPoint\",\"urlTemplate\":\"https:\/\/www.sts-education.com\/fr-ch\/?s={search_term_string}\"},\"query-input\":{\"@type\":\"PropertyValueSpecification\",\"valueRequired\":true,\"valueName\":\"search_term_string\"}}],\"inLanguage\":\"fr-CH\"},{\"@type\":\"Person\",\"@id\":\"https:\/\/www.sts-education.com\/fr-ch\/#\/schema\/person\/8b82f3a2e45f020b8f296d7a85d9a97c\",\"name\":\"syncreadwrite\",\"image\":{\"@type\":\"ImageObject\",\"inLanguage\":\"fr-CH\",\"@id\":\"https:\/\/secure.gravatar.com\/avatar\/6ed1007e4f6f43f22e3df41d9fce4365533cba47fef64bb359b8e629abbc2ea6?s=96&d=mm&r=g\",\"url\":\"https:\/\/secure.gravatar.com\/avatar\/6ed1007e4f6f43f22e3df41d9fce4365533cba47fef64bb359b8e629abbc2ea6?s=96&d=mm&r=g\",\"contentUrl\":\"https:\/\/secure.gravatar.com\/avatar\/6ed1007e4f6f43f22e3df41d9fce4365533cba47fef64bb359b8e629abbc2ea6?s=96&d=mm&r=g\",\"caption\":\"syncreadwrite\"},\"url\":\"https:\/\/www.sts-education.com\/fr-ch\/author\/syncreadwrite\/\"}]}<\/script>\n<!-- \/ Yoast SEO Premium plugin. -->","yoast_head_json":{"title":"Franziska est partie en High School aux Pays-Bas","description":"Je recommande \u00e0 quiconque d\u2019aller passer un an en High School dans un \u00e9tablissement local et de vivre en famille d\u2019accueil.","robots":{"index":"index","follow":"follow","max-snippet":"max-snippet:-1","max-image-preview":"max-image-preview:large","max-video-preview":"max-video-preview:-1"},"canonical":"https:\/\/www.sts-education.com\/fr-ch\/high-school\/nos-etudiants-dechange\/temoignages\/franziska-est-partie-en-high-school-aux-pays-bas\/","og_locale":"fr_FR","og_type":"article","og_title":"Franziska Est Partie En High School Aux Pays Bas","og_description":"Je recommande \u00e0 quiconque d\u2019aller passer un an en High School dans un \u00e9tablissement local et de vivre en famille d\u2019accueil.","og_url":"https:\/\/www.sts-education.com\/fr-ch\/high-school\/nos-etudiants-dechange\/temoignages\/franziska-est-partie-en-high-school-aux-pays-bas\/","og_site_name":"STS Education","article_published_time":"2024-10-01T14:00:00+00:00","article_modified_time":"2026-04-14T10:27:17+00:00","og_image":[{"width":150,"height":150,"url":"https:\/\/powered-by.qbank.se\/educatius\/sts\/\/004cbc35eed8995456a63ec720fe63c7_1-1-thumb.webp","type":"image\/jpeg"}],"author":"syncreadwrite","twitter_card":"summary_large_image","twitter_misc":{"Written by":"syncreadwrite","Est. reading time":"2 minutes"},"schema":{"@context":"https:\/\/schema.org","@graph":[{"@type":"Article","@id":"https:\/\/www.sts-education.com\/fr-ch\/high-school\/nos-etudiants-dechange\/temoignages\/franziska-est-partie-en-high-school-aux-pays-bas\/#article","isPartOf":{"@id":"https:\/\/www.sts-education.com\/fr-ch\/high-school\/nos-etudiants-dechange\/temoignages\/franziska-est-partie-en-high-school-aux-pays-bas\/"},"author":{"name":"syncreadwrite","@id":"https:\/\/www.sts-education.com\/fr-ch\/#\/schema\/person\/8b82f3a2e45f020b8f296d7a85d9a97c"},"headline":"Franziska Est Partie En High School Aux Pays Bas","datePublished":"2024-10-01T14:00:00+00:00","dateModified":"2026-04-14T10:27:17+00:00","mainEntityOfPage":{"@id":"https:\/\/www.sts-education.com\/fr-ch\/high-school\/nos-etudiants-dechange\/temoignages\/franziska-est-partie-en-high-school-aux-pays-bas\/"},"wordCount":335,"commentCount":0,"image":{"@id":"https:\/\/www.sts-education.com\/fr-ch\/high-school\/nos-etudiants-dechange\/temoignages\/franziska-est-partie-en-high-school-aux-pays-bas\/#primaryimage"},"thumbnailUrl":"https:\/\/powered-by.qbank.se\/educatius\/sts\/\/004cbc35eed8995456a63ec720fe63c7_1-1-thumb.webp","keywords":["Pays-Bas"],"articleSection":["Uncategorized @fr-ch"],"inLanguage":"fr-CH","potentialAction":[{"@type":"CommentAction","name":"Comment","target":["https:\/\/www.sts-education.com\/fr-ch\/high-school\/nos-etudiants-dechange\/temoignages\/franziska-est-partie-en-high-school-aux-pays-bas\/#respond"]}]},{"@type":"WebPage","@id":"https:\/\/www.sts-education.com\/fr-ch\/high-school\/nos-etudiants-dechange\/temoignages\/franziska-est-partie-en-high-school-aux-pays-bas\/","url":"https:\/\/www.sts-education.com\/fr-ch\/high-school\/nos-etudiants-dechange\/temoignages\/franziska-est-partie-en-high-school-aux-pays-bas\/","name":"Franziska est partie en High School aux Pays-Bas","isPartOf":{"@id":"https:\/\/www.sts-education.com\/fr-ch\/#website"},"primaryImageOfPage":{"@id":"https:\/\/www.sts-education.com\/fr-ch\/high-school\/nos-etudiants-dechange\/temoignages\/franziska-est-partie-en-high-school-aux-pays-bas\/#primaryimage"},"image":{"@id":"https:\/\/www.sts-education.com\/fr-ch\/high-school\/nos-etudiants-dechange\/temoignages\/franziska-est-partie-en-high-school-aux-pays-bas\/#primaryimage"},"thumbnailUrl":"https:\/\/powered-by.qbank.se\/educatius\/sts\/\/004cbc35eed8995456a63ec720fe63c7_1-1-thumb.webp","datePublished":"2024-10-01T14:00:00+00:00","dateModified":"2026-04-14T10:27:17+00:00","author":{"@id":"https:\/\/www.sts-education.com\/fr-ch\/#\/schema\/person\/8b82f3a2e45f020b8f296d7a85d9a97c"},"description":"Je recommande \u00e0 quiconque d\u2019aller passer un an en High School dans un \u00e9tablissement local et de vivre en famille d\u2019accueil.","breadcrumb":{"@id":"https:\/\/www.sts-education.com\/fr-ch\/high-school\/nos-etudiants-dechange\/temoignages\/franziska-est-partie-en-high-school-aux-pays-bas\/#breadcrumb"},"inLanguage":"fr-CH","potentialAction":[{"@type":"ReadAction","target":["https:\/\/www.sts-education.com\/fr-ch\/high-school\/nos-etudiants-dechange\/temoignages\/franziska-est-partie-en-high-school-aux-pays-bas\/"]}]},{"@type":"ImageObject","inLanguage":"fr-CH","@id":"https:\/\/www.sts-education.com\/fr-ch\/high-school\/nos-etudiants-dechange\/temoignages\/franziska-est-partie-en-high-school-aux-pays-bas\/#primaryimage","url":"https:\/\/powered-by.qbank.se\/educatius\/sts\/\/004cbc35eed8995456a63ec720fe63c7_1-1-thumb.webp","contentUrl":"https:\/\/powered-by.qbank.se\/educatius\/sts\/\/004cbc35eed8995456a63ec720fe63c7_1-1-thumb.webp","width":150,"height":150},{"@type":"BreadcrumbList","@id":"https:\/\/www.sts-education.com\/fr-ch\/high-school\/nos-etudiants-dechange\/temoignages\/franziska-est-partie-en-high-school-aux-pays-bas\/#breadcrumb","itemListElement":[{"@type":"ListItem","position":1,"name":"Home","item":"https:\/\/www.sts-education.com\/fr-ch\/"},{"@type":"ListItem","position":2,"name":"Franziska Est Partie En High School Aux Pays Bas"}]},{"@type":"WebSite","@id":"https:\/\/www.sts-education.com\/fr-ch\/#website","url":"https:\/\/www.sts-education.com\/fr-ch\/","name":"STS Education","description":"","potentialAction":[{"@type":"SearchAction","target":{"@type":"EntryPoint","urlTemplate":"https:\/\/www.sts-education.com\/fr-ch\/?s={search_term_string}"},"query-input":{"@type":"PropertyValueSpecification","valueRequired":true,"valueName":"search_term_string"}}],"inLanguage":"fr-CH"},{"@type":"Person","@id":"https:\/\/www.sts-education.com\/fr-ch\/#\/schema\/person\/8b82f3a2e45f020b8f296d7a85d9a97c","name":"syncreadwrite","image":{"@type":"ImageObject","inLanguage":"fr-CH","@id":"https:\/\/secure.gravatar.com\/avatar\/6ed1007e4f6f43f22e3df41d9fce4365533cba47fef64bb359b8e629abbc2ea6?s=96&d=mm&r=g","url":"https:\/\/secure.gravatar.com\/avatar\/6ed1007e4f6f43f22e3df41d9fce4365533cba47fef64bb359b8e629abbc2ea6?s=96&d=mm&r=g","contentUrl":"https:\/\/secure.gravatar.com\/avatar\/6ed1007e4f6f43f22e3df41d9fce4365533cba47fef64bb359b8e629abbc2ea6?s=96&d=mm&r=g","caption":"syncreadwrite"},"url":"https:\/\/www.sts-education.com\/fr-ch\/author\/syncreadwrite\/"}]}},"_links":{"self":[{"href":"https:\/\/www.sts-education.com\/fr-ch\/wp-json\/wp\/v2\/posts\/12221","targetHints":{"allow":["GET"]}}],"collection":[{"href":"https:\/\/www.sts-education.com\/fr-ch\/wp-json\/wp\/v2\/posts"}],"about":[{"href":"https:\/\/www.sts-education.com\/fr-ch\/wp-json\/wp\/v2\/types\/post"}],"author":[{"embeddable":true,"href":"https:\/\/www.sts-education.com\/fr-ch\/wp-json\/wp\/v2\/users\/20"}],"replies":[{"embeddable":true,"href":"https:\/\/www.sts-education.com\/fr-ch\/wp-json\/wp\/v2\/comments?post=12221"}],"version-history":[{"count":4,"href":"https:\/\/www.sts-education.com\/fr-ch\/wp-json\/wp\/v2\/posts\/12221\/revisions"}],"predecessor-version":[{"id":34577,"href":"https:\/\/www.sts-education.com\/fr-ch\/wp-json\/wp\/v2\/posts\/12221\/revisions\/34577"}],"wp:featuredmedia":[{"embeddable":true,"href":"https:\/\/www.sts-education.com\/fr-ch\/wp-json\/wp\/v2\/media\/13519"}],"wp:attachment":[{"href":"https:\/\/www.sts-education.com\/fr-ch\/wp-json\/wp\/v2\/media?parent=12221"}],"wp:term":[{"taxonomy":"category","embeddable":true,"href":"https:\/\/www.sts-education.com\/fr-ch\/wp-json\/wp\/v2\/categories?post=12221"},{"taxonomy":"post_tag","embeddable":true,"href":"https:\/\/www.sts-education.com\/fr-ch\/wp-json\/wp\/v2\/tags?post=12221"},{"taxonomy":"wpw_post_folders","embeddable":true,"href":"https:\/\/www.sts-education.com\/fr-ch\/wp-json\/wp\/v2\/wpw_post_folders?post=12221"}],"curies":[{"name":"wp","href":"https:\/\/api.w.org\/{rel}","templated":true}]}}