{"id":12224,"date":"2024-09-16T15:00:00","date_gmt":"2024-09-16T15:00:00","guid":{"rendered":"https:\/\/preprod.sts-education.com\/blog\/2026\/03\/05\/celina-a-participe-a-un-echange-en-high-school-en-allemagne\/"},"modified":"2026-04-14T10:27:20","modified_gmt":"2026-04-14T10:27:20","slug":"celina-a-participe-a-un-echange-en-high-school-en-allemagne","status":"publish","type":"post","link":"https:\/\/www.sts-education.com\/fr-ch\/high-school\/nos-etudiants-dechange\/temoignages\/celina-a-participe-a-un-echange-en-high-school-en-allemagne\/","title":{"rendered":"Celina A Participe A Un Echange En High School En Allemagne"},"content":{"rendered":"\n<div class=\"wp-block-sts-text sts-text-editor has-max-width-md\"><div class=\"sts-text-editor__content\"><div class=\"sts-text-editor__content-inner\">\n<h1 style=\"text-align:center\">Celina a particip\u00e9 \u00e0 un \u00e9change en High School en Allemagne<\/h1>\n<\/div><\/div><\/div>\n\n\n\n<figure class=\"wp-block-sts-image sts-block-image sts-block-image--count-1 has-max-width-md\" data-count=\"1\"><div class=\"sts-block-image__grid\"><div class=\"sts-block-image__item\"><picture class=\"sts-responsive-image has-fit-cover has-pos-top is-skeleton\"><img src=\"https:\/\/cdn.sts-education.com\/13178_hero_md.jpg\" alt=\"Celina a particip\u00e9 \u00e0 un \u00e9change en High School en Allemagne\" loading=\"lazy\" decoding=\"async\" fetchpriority=\"low\" sizes=\"(max-width: 736px) 100vw, 736px\"\/><\/picture><\/div><\/div><\/figure>\n\n\n\n<div class=\"wp-block-sts-text sts-text-editor has-max-width-md\"><div class=\"sts-text-editor__content\"><div class=\"sts-text-editor__content-inner\">\n<p><em>Celina vient du Br\u00e9sil et a pass\u00e9 une ann\u00e9e scolaire en Allemagne.<\/em><\/p>\n<\/div><\/div><\/div>\n\n\n\n<div class=\"wp-block-sts-text sts-text-editor has-max-width-md\"><div class=\"sts-text-editor__content\"><div class=\"sts-text-editor__content-inner\">\n<p>J\u2019ai fait un \u00e9change de 10 mois en Allemagne. J\u2019ai choisi ce pays parce que sa culture est tr\u00e8s diff\u00e9rente de celle du Br\u00e9sil.<\/p>\n<h2>L\u2019\u00e9cole et les amis<\/h2>\n<p>Mon \u00e9tablissement scolaire allemand s\u2019est av\u00e9r\u00e9 tr\u00e8s arrangeant et accueillant. Apr\u00e8s \u00eatre sortis de leur r\u00e9serve, j\u2019ai pu me faire des amis assez facilement en Allemagne. Et avec le temps, on s\u2019est bien entendus.<\/p>\n<h2>Ma famille d\u2019accueil<\/h2>\n<p>Ma famille d\u2019accueil et moi nous sommes tr\u00e8s bien entendus, ils sont m\u00eame venus au Br\u00e9sil cette ann\u00e9e ! Ils m\u2019ont permis de me sentir comme l\u2019un des leurs. Mes parents d\u2019accueil sont tr\u00e8s patients, et comme mes deux \u00ab fr\u00e8res adoptifs \u00bb avaient eux aussi particip\u00e9 \u00e0 une ann\u00e9e d\u2019\u00e9change on s\u2019est tr\u00e8s bien entendus et nous sommes imm\u00e9diatement devenus amis.<\/p>\n<h2>Apprentissages<\/h2>\n<p>En tant que Br\u00e9silienne, la premi\u00e8re chose que j\u2019ai apprise \u00e0 l\u2019\u00e9tranger a \u00e9t\u00e9 la ponctualit\u00e9 et l\u2019organisation de mon temps. Mais la diff\u00e9rence entre le Br\u00e9sil et l\u2019Allemagne qui m\u2019a le plus impact\u00e9e et qui a \u00e9t\u00e9 la plus difficile pour moi a \u00e9t\u00e9 la m\u00e9t\u00e9o. Je m\u2019\u00e9tais pr\u00e9par\u00e9e mentalement contre le froid, mais les vents \u00e9taient violents !<\/p>\n<h2>Au-del\u00e0 de mes attentes<\/h2>\n<p>J\u2019attendais beaucoup de mon ann\u00e9e \u00e0 l\u2019\u00e9tranger, mais elle a d\u00e9pass\u00e9 toutes mes attentes. J\u2019ai senti que l\u2019\u00e9quipe STS prenait vraiment soin de moi, et qu\u2019ils faisaient de leur mieux pour rendre mon ann\u00e9e fantastique.<\/p>\n<p>Dans l\u2019ensemble \u00e7a a \u00e9t\u00e9 une ann\u00e9e formidable, et je me suis fait des amis du monde entier. Et des centaines de souvenirs ! L\u2019un d\u2019entre eux me restera \u00e0 jamais, ma premi\u00e8re peinture d\u2019\u0153ufs de P\u00e2ques. Ils n\u2019\u00e9taient pas forc\u00e9ment tr\u00e8s r\u00e9ussis, mais je me suis bien amus\u00e9e.<\/p>\n<h2>Recommandations<\/h2>\n<p>Je recommande \u00e0 tout le monde de partir \u00e0 l\u2019\u00e9tranger, \u00e7a change notre vision du mode et \u00e7a peut ouvrir de nombreuses portes pour l\u2019avenir. Petit conseil pour ceux qui partent, essayez un peu tout et n\u2019ayez pas peur. Plonge-toi dans la nouvelle culture, crois-moi, tu apprendras beaucoup.<\/p>\n<h2>Pour en savoir plus<\/h2>\n<ul><li>Lis d&#x27;autres <a href=\"https:\/\/www.sts-education.com\/fr-ch\/high-school\/nos-etudiants-dechange\/temoignages\/?hashtag=Allemagne\">t\u00e9moignages d&#x27;\u00e9tudiants en Allemagne<\/a><\/li>\n<li>En savoir plus sur un <a href=\"https:\/\/www.sts-education.com\/fr-ch\/high-school\/destinations\/europe\/allemagne\/\">\u00e9change scolaire en Allemagne<\/a><\/li>\n<li>Voir <a href=\"\/fr-ch\/high-school\/tripfinder\/\">toutes nos destinations d&#x27;\u00e9change scolaire<\/a><\/li><\/ul>\n<\/div><\/div><\/div>\n","protected":false},"excerpt":{"rendered":"","protected":false},"author":20,"featured_media":13525,"comment_status":"open","ping_status":"open","sticky":false,"template":"","format":"standard","meta":{"_acf_changed":false,"_yoast_wpseo_title":"Celina a particip\u00e9 \u00e0 un \u00e9change en High School en Allemagne","_yoast_wpseo_metadesc":"Mon \u00e9tablissement scolaire allemand s\u2019est av\u00e9r\u00e9 tr\u00e8s arrangeant et accueillant. Apr\u00e8s \u00eatre sortis de leur r\u00e9serve, j\u2019ai pu me faire des amis assez facilement en Allemagne. Et avec le temps, on s\u2019est bien entendus.","footnotes":""},"categories":[297],"tags":[1058],"wpw_post_folders":[],"class_list":["post-12224","post","type-post","status-publish","format-standard","has-post-thumbnail","hentry","category-uncategorized-fr-ch","tag-allemagne"],"acf":[],"yoast_head":"<!-- This site is optimized with the Yoast SEO Premium plugin v27.2 (Yoast SEO v27.2) - https:\/\/yoast.com\/product\/yoast-seo-premium-wordpress\/ -->\n<title>Celina a particip\u00e9 \u00e0 un \u00e9change en High School en Allemagne<\/title>\n<meta name=\"description\" content=\"Mon \u00e9tablissement scolaire allemand s\u2019est av\u00e9r\u00e9 tr\u00e8s arrangeant et accueillant. Apr\u00e8s \u00eatre sortis de leur r\u00e9serve, j\u2019ai pu me faire des amis assez facilement en Allemagne. Et avec le temps, on s\u2019est bien entendus.\" \/>\n<meta name=\"robots\" content=\"index, follow, max-snippet:-1, max-image-preview:large, max-video-preview:-1\" \/>\n<link rel=\"canonical\" href=\"https:\/\/www.sts-education.com\/fr-ch\/high-school\/nos-etudiants-dechange\/temoignages\/celina-a-participe-a-un-echange-en-high-school-en-allemagne\/\" \/>\n<meta property=\"og:locale\" content=\"fr_FR\" \/>\n<meta property=\"og:type\" content=\"article\" \/>\n<meta property=\"og:title\" content=\"Celina A Participe A Un Echange En High School En Allemagne\" \/>\n<meta property=\"og:description\" content=\"Mon \u00e9tablissement scolaire allemand s\u2019est av\u00e9r\u00e9 tr\u00e8s arrangeant et accueillant. Apr\u00e8s \u00eatre sortis de leur r\u00e9serve, j\u2019ai pu me faire des amis assez facilement en Allemagne. Et avec le temps, on s\u2019est bien entendus.\" \/>\n<meta property=\"og:url\" content=\"https:\/\/www.sts-education.com\/fr-ch\/high-school\/nos-etudiants-dechange\/temoignages\/celina-a-participe-a-un-echange-en-high-school-en-allemagne\/\" \/>\n<meta property=\"og:site_name\" content=\"STS Education\" \/>\n<meta property=\"article:published_time\" content=\"2024-09-16T15:00:00+00:00\" \/>\n<meta property=\"article:modified_time\" content=\"2026-04-14T10:27:20+00:00\" \/>\n<meta property=\"og:image\" content=\"https:\/\/powered-by.qbank.se\/educatius\/sts\/\/28bde6c83b6239dbd65137fe015fbf21_1-1-thumb.webp\" \/>\n\t<meta property=\"og:image:width\" content=\"150\" \/>\n\t<meta property=\"og:image:height\" content=\"150\" \/>\n\t<meta property=\"og:image:type\" content=\"image\/jpeg\" \/>\n<meta name=\"author\" content=\"syncreadwrite\" \/>\n<meta name=\"twitter:card\" content=\"summary_large_image\" \/>\n<meta name=\"twitter:label1\" content=\"Written by\" \/>\n\t<meta name=\"twitter:data1\" content=\"syncreadwrite\" \/>\n\t<meta name=\"twitter:label2\" content=\"Est. reading time\" \/>\n\t<meta name=\"twitter:data2\" content=\"2 minutes\" \/>\n<script type=\"application\/ld+json\" class=\"yoast-schema-graph\">{\"@context\":\"https:\/\/schema.org\",\"@graph\":[{\"@type\":\"Article\",\"@id\":\"https:\/\/www.sts-education.com\/fr-ch\/high-school\/nos-etudiants-dechange\/temoignages\/celina-a-participe-a-un-echange-en-high-school-en-allemagne\/#article\",\"isPartOf\":{\"@id\":\"https:\/\/www.sts-education.com\/fr-ch\/high-school\/nos-etudiants-dechange\/temoignages\/celina-a-participe-a-un-echange-en-high-school-en-allemagne\/\"},\"author\":{\"name\":\"syncreadwrite\",\"@id\":\"https:\/\/www.sts-education.com\/fr-ch\/#\/schema\/person\/8b82f3a2e45f020b8f296d7a85d9a97c\"},\"headline\":\"Celina A Participe A Un Echange En High School En Allemagne\",\"datePublished\":\"2024-09-16T15:00:00+00:00\",\"dateModified\":\"2026-04-14T10:27:20+00:00\",\"mainEntityOfPage\":{\"@id\":\"https:\/\/www.sts-education.com\/fr-ch\/high-school\/nos-etudiants-dechange\/temoignages\/celina-a-participe-a-un-echange-en-high-school-en-allemagne\/\"},\"wordCount\":447,\"commentCount\":0,\"image\":{\"@id\":\"https:\/\/www.sts-education.com\/fr-ch\/high-school\/nos-etudiants-dechange\/temoignages\/celina-a-participe-a-un-echange-en-high-school-en-allemagne\/#primaryimage\"},\"thumbnailUrl\":\"https:\/\/powered-by.qbank.se\/educatius\/sts\/\/28bde6c83b6239dbd65137fe015fbf21_1-1-thumb.webp\",\"keywords\":[\"Allemagne\"],\"articleSection\":[\"Uncategorized @fr-ch\"],\"inLanguage\":\"fr-CH\",\"potentialAction\":[{\"@type\":\"CommentAction\",\"name\":\"Comment\",\"target\":[\"https:\/\/www.sts-education.com\/fr-ch\/high-school\/nos-etudiants-dechange\/temoignages\/celina-a-participe-a-un-echange-en-high-school-en-allemagne\/#respond\"]}]},{\"@type\":\"WebPage\",\"@id\":\"https:\/\/www.sts-education.com\/fr-ch\/high-school\/nos-etudiants-dechange\/temoignages\/celina-a-participe-a-un-echange-en-high-school-en-allemagne\/\",\"url\":\"https:\/\/www.sts-education.com\/fr-ch\/high-school\/nos-etudiants-dechange\/temoignages\/celina-a-participe-a-un-echange-en-high-school-en-allemagne\/\",\"name\":\"Celina a particip\u00e9 \u00e0 un \u00e9change en High School en Allemagne\",\"isPartOf\":{\"@id\":\"https:\/\/www.sts-education.com\/fr-ch\/#website\"},\"primaryImageOfPage\":{\"@id\":\"https:\/\/www.sts-education.com\/fr-ch\/high-school\/nos-etudiants-dechange\/temoignages\/celina-a-participe-a-un-echange-en-high-school-en-allemagne\/#primaryimage\"},\"image\":{\"@id\":\"https:\/\/www.sts-education.com\/fr-ch\/high-school\/nos-etudiants-dechange\/temoignages\/celina-a-participe-a-un-echange-en-high-school-en-allemagne\/#primaryimage\"},\"thumbnailUrl\":\"https:\/\/powered-by.qbank.se\/educatius\/sts\/\/28bde6c83b6239dbd65137fe015fbf21_1-1-thumb.webp\",\"datePublished\":\"2024-09-16T15:00:00+00:00\",\"dateModified\":\"2026-04-14T10:27:20+00:00\",\"author\":{\"@id\":\"https:\/\/www.sts-education.com\/fr-ch\/#\/schema\/person\/8b82f3a2e45f020b8f296d7a85d9a97c\"},\"description\":\"Mon \u00e9tablissement scolaire allemand s\u2019est av\u00e9r\u00e9 tr\u00e8s arrangeant et accueillant. Apr\u00e8s \u00eatre sortis de leur r\u00e9serve, j\u2019ai pu me faire des amis assez facilement en Allemagne. Et avec le temps, on s\u2019est bien entendus.\",\"breadcrumb\":{\"@id\":\"https:\/\/www.sts-education.com\/fr-ch\/high-school\/nos-etudiants-dechange\/temoignages\/celina-a-participe-a-un-echange-en-high-school-en-allemagne\/#breadcrumb\"},\"inLanguage\":\"fr-CH\",\"potentialAction\":[{\"@type\":\"ReadAction\",\"target\":[\"https:\/\/www.sts-education.com\/fr-ch\/high-school\/nos-etudiants-dechange\/temoignages\/celina-a-participe-a-un-echange-en-high-school-en-allemagne\/\"]}]},{\"@type\":\"ImageObject\",\"inLanguage\":\"fr-CH\",\"@id\":\"https:\/\/www.sts-education.com\/fr-ch\/high-school\/nos-etudiants-dechange\/temoignages\/celina-a-participe-a-un-echange-en-high-school-en-allemagne\/#primaryimage\",\"url\":\"https:\/\/powered-by.qbank.se\/educatius\/sts\/\/28bde6c83b6239dbd65137fe015fbf21_1-1-thumb.webp\",\"contentUrl\":\"https:\/\/powered-by.qbank.se\/educatius\/sts\/\/28bde6c83b6239dbd65137fe015fbf21_1-1-thumb.webp\",\"width\":150,\"height\":150},{\"@type\":\"BreadcrumbList\",\"@id\":\"https:\/\/www.sts-education.com\/fr-ch\/high-school\/nos-etudiants-dechange\/temoignages\/celina-a-participe-a-un-echange-en-high-school-en-allemagne\/#breadcrumb\",\"itemListElement\":[{\"@type\":\"ListItem\",\"position\":1,\"name\":\"Home\",\"item\":\"https:\/\/www.sts-education.com\/fr-ch\/\"},{\"@type\":\"ListItem\",\"position\":2,\"name\":\"Celina A Participe A Un Echange En High School En Allemagne\"}]},{\"@type\":\"WebSite\",\"@id\":\"https:\/\/www.sts-education.com\/fr-ch\/#website\",\"url\":\"https:\/\/www.sts-education.com\/fr-ch\/\",\"name\":\"STS Education\",\"description\":\"\",\"potentialAction\":[{\"@type\":\"SearchAction\",\"target\":{\"@type\":\"EntryPoint\",\"urlTemplate\":\"https:\/\/www.sts-education.com\/fr-ch\/?s={search_term_string}\"},\"query-input\":{\"@type\":\"PropertyValueSpecification\",\"valueRequired\":true,\"valueName\":\"search_term_string\"}}],\"inLanguage\":\"fr-CH\"},{\"@type\":\"Person\",\"@id\":\"https:\/\/www.sts-education.com\/fr-ch\/#\/schema\/person\/8b82f3a2e45f020b8f296d7a85d9a97c\",\"name\":\"syncreadwrite\",\"image\":{\"@type\":\"ImageObject\",\"inLanguage\":\"fr-CH\",\"@id\":\"https:\/\/secure.gravatar.com\/avatar\/6ed1007e4f6f43f22e3df41d9fce4365533cba47fef64bb359b8e629abbc2ea6?s=96&d=mm&r=g\",\"url\":\"https:\/\/secure.gravatar.com\/avatar\/6ed1007e4f6f43f22e3df41d9fce4365533cba47fef64bb359b8e629abbc2ea6?s=96&d=mm&r=g\",\"contentUrl\":\"https:\/\/secure.gravatar.com\/avatar\/6ed1007e4f6f43f22e3df41d9fce4365533cba47fef64bb359b8e629abbc2ea6?s=96&d=mm&r=g\",\"caption\":\"syncreadwrite\"},\"url\":\"https:\/\/www.sts-education.com\/fr-ch\/author\/syncreadwrite\/\"}]}<\/script>\n<!-- \/ Yoast SEO Premium plugin. -->","yoast_head_json":{"title":"Celina a particip\u00e9 \u00e0 un \u00e9change en High School en Allemagne","description":"Mon \u00e9tablissement scolaire allemand s\u2019est av\u00e9r\u00e9 tr\u00e8s arrangeant et accueillant. Apr\u00e8s \u00eatre sortis de leur r\u00e9serve, j\u2019ai pu me faire des amis assez facilement en Allemagne. Et avec le temps, on s\u2019est bien entendus.","robots":{"index":"index","follow":"follow","max-snippet":"max-snippet:-1","max-image-preview":"max-image-preview:large","max-video-preview":"max-video-preview:-1"},"canonical":"https:\/\/www.sts-education.com\/fr-ch\/high-school\/nos-etudiants-dechange\/temoignages\/celina-a-participe-a-un-echange-en-high-school-en-allemagne\/","og_locale":"fr_FR","og_type":"article","og_title":"Celina A Participe A Un Echange En High School En Allemagne","og_description":"Mon \u00e9tablissement scolaire allemand s\u2019est av\u00e9r\u00e9 tr\u00e8s arrangeant et accueillant. Apr\u00e8s \u00eatre sortis de leur r\u00e9serve, j\u2019ai pu me faire des amis assez facilement en Allemagne. Et avec le temps, on s\u2019est bien entendus.","og_url":"https:\/\/www.sts-education.com\/fr-ch\/high-school\/nos-etudiants-dechange\/temoignages\/celina-a-participe-a-un-echange-en-high-school-en-allemagne\/","og_site_name":"STS Education","article_published_time":"2024-09-16T15:00:00+00:00","article_modified_time":"2026-04-14T10:27:20+00:00","og_image":[{"width":150,"height":150,"url":"https:\/\/powered-by.qbank.se\/educatius\/sts\/\/28bde6c83b6239dbd65137fe015fbf21_1-1-thumb.webp","type":"image\/jpeg"}],"author":"syncreadwrite","twitter_card":"summary_large_image","twitter_misc":{"Written by":"syncreadwrite","Est. reading time":"2 minutes"},"schema":{"@context":"https:\/\/schema.org","@graph":[{"@type":"Article","@id":"https:\/\/www.sts-education.com\/fr-ch\/high-school\/nos-etudiants-dechange\/temoignages\/celina-a-participe-a-un-echange-en-high-school-en-allemagne\/#article","isPartOf":{"@id":"https:\/\/www.sts-education.com\/fr-ch\/high-school\/nos-etudiants-dechange\/temoignages\/celina-a-participe-a-un-echange-en-high-school-en-allemagne\/"},"author":{"name":"syncreadwrite","@id":"https:\/\/www.sts-education.com\/fr-ch\/#\/schema\/person\/8b82f3a2e45f020b8f296d7a85d9a97c"},"headline":"Celina A Participe A Un Echange En High School En Allemagne","datePublished":"2024-09-16T15:00:00+00:00","dateModified":"2026-04-14T10:27:20+00:00","mainEntityOfPage":{"@id":"https:\/\/www.sts-education.com\/fr-ch\/high-school\/nos-etudiants-dechange\/temoignages\/celina-a-participe-a-un-echange-en-high-school-en-allemagne\/"},"wordCount":447,"commentCount":0,"image":{"@id":"https:\/\/www.sts-education.com\/fr-ch\/high-school\/nos-etudiants-dechange\/temoignages\/celina-a-participe-a-un-echange-en-high-school-en-allemagne\/#primaryimage"},"thumbnailUrl":"https:\/\/powered-by.qbank.se\/educatius\/sts\/\/28bde6c83b6239dbd65137fe015fbf21_1-1-thumb.webp","keywords":["Allemagne"],"articleSection":["Uncategorized @fr-ch"],"inLanguage":"fr-CH","potentialAction":[{"@type":"CommentAction","name":"Comment","target":["https:\/\/www.sts-education.com\/fr-ch\/high-school\/nos-etudiants-dechange\/temoignages\/celina-a-participe-a-un-echange-en-high-school-en-allemagne\/#respond"]}]},{"@type":"WebPage","@id":"https:\/\/www.sts-education.com\/fr-ch\/high-school\/nos-etudiants-dechange\/temoignages\/celina-a-participe-a-un-echange-en-high-school-en-allemagne\/","url":"https:\/\/www.sts-education.com\/fr-ch\/high-school\/nos-etudiants-dechange\/temoignages\/celina-a-participe-a-un-echange-en-high-school-en-allemagne\/","name":"Celina a particip\u00e9 \u00e0 un \u00e9change en High School en Allemagne","isPartOf":{"@id":"https:\/\/www.sts-education.com\/fr-ch\/#website"},"primaryImageOfPage":{"@id":"https:\/\/www.sts-education.com\/fr-ch\/high-school\/nos-etudiants-dechange\/temoignages\/celina-a-participe-a-un-echange-en-high-school-en-allemagne\/#primaryimage"},"image":{"@id":"https:\/\/www.sts-education.com\/fr-ch\/high-school\/nos-etudiants-dechange\/temoignages\/celina-a-participe-a-un-echange-en-high-school-en-allemagne\/#primaryimage"},"thumbnailUrl":"https:\/\/powered-by.qbank.se\/educatius\/sts\/\/28bde6c83b6239dbd65137fe015fbf21_1-1-thumb.webp","datePublished":"2024-09-16T15:00:00+00:00","dateModified":"2026-04-14T10:27:20+00:00","author":{"@id":"https:\/\/www.sts-education.com\/fr-ch\/#\/schema\/person\/8b82f3a2e45f020b8f296d7a85d9a97c"},"description":"Mon \u00e9tablissement scolaire allemand s\u2019est av\u00e9r\u00e9 tr\u00e8s arrangeant et accueillant. Apr\u00e8s \u00eatre sortis de leur r\u00e9serve, j\u2019ai pu me faire des amis assez facilement en Allemagne. Et avec le temps, on s\u2019est bien entendus.","breadcrumb":{"@id":"https:\/\/www.sts-education.com\/fr-ch\/high-school\/nos-etudiants-dechange\/temoignages\/celina-a-participe-a-un-echange-en-high-school-en-allemagne\/#breadcrumb"},"inLanguage":"fr-CH","potentialAction":[{"@type":"ReadAction","target":["https:\/\/www.sts-education.com\/fr-ch\/high-school\/nos-etudiants-dechange\/temoignages\/celina-a-participe-a-un-echange-en-high-school-en-allemagne\/"]}]},{"@type":"ImageObject","inLanguage":"fr-CH","@id":"https:\/\/www.sts-education.com\/fr-ch\/high-school\/nos-etudiants-dechange\/temoignages\/celina-a-participe-a-un-echange-en-high-school-en-allemagne\/#primaryimage","url":"https:\/\/powered-by.qbank.se\/educatius\/sts\/\/28bde6c83b6239dbd65137fe015fbf21_1-1-thumb.webp","contentUrl":"https:\/\/powered-by.qbank.se\/educatius\/sts\/\/28bde6c83b6239dbd65137fe015fbf21_1-1-thumb.webp","width":150,"height":150},{"@type":"BreadcrumbList","@id":"https:\/\/www.sts-education.com\/fr-ch\/high-school\/nos-etudiants-dechange\/temoignages\/celina-a-participe-a-un-echange-en-high-school-en-allemagne\/#breadcrumb","itemListElement":[{"@type":"ListItem","position":1,"name":"Home","item":"https:\/\/www.sts-education.com\/fr-ch\/"},{"@type":"ListItem","position":2,"name":"Celina A Participe A Un Echange En High School En Allemagne"}]},{"@type":"WebSite","@id":"https:\/\/www.sts-education.com\/fr-ch\/#website","url":"https:\/\/www.sts-education.com\/fr-ch\/","name":"STS Education","description":"","potentialAction":[{"@type":"SearchAction","target":{"@type":"EntryPoint","urlTemplate":"https:\/\/www.sts-education.com\/fr-ch\/?s={search_term_string}"},"query-input":{"@type":"PropertyValueSpecification","valueRequired":true,"valueName":"search_term_string"}}],"inLanguage":"fr-CH"},{"@type":"Person","@id":"https:\/\/www.sts-education.com\/fr-ch\/#\/schema\/person\/8b82f3a2e45f020b8f296d7a85d9a97c","name":"syncreadwrite","image":{"@type":"ImageObject","inLanguage":"fr-CH","@id":"https:\/\/secure.gravatar.com\/avatar\/6ed1007e4f6f43f22e3df41d9fce4365533cba47fef64bb359b8e629abbc2ea6?s=96&d=mm&r=g","url":"https:\/\/secure.gravatar.com\/avatar\/6ed1007e4f6f43f22e3df41d9fce4365533cba47fef64bb359b8e629abbc2ea6?s=96&d=mm&r=g","contentUrl":"https:\/\/secure.gravatar.com\/avatar\/6ed1007e4f6f43f22e3df41d9fce4365533cba47fef64bb359b8e629abbc2ea6?s=96&d=mm&r=g","caption":"syncreadwrite"},"url":"https:\/\/www.sts-education.com\/fr-ch\/author\/syncreadwrite\/"}]}},"_links":{"self":[{"href":"https:\/\/www.sts-education.com\/fr-ch\/wp-json\/wp\/v2\/posts\/12224","targetHints":{"allow":["GET"]}}],"collection":[{"href":"https:\/\/www.sts-education.com\/fr-ch\/wp-json\/wp\/v2\/posts"}],"about":[{"href":"https:\/\/www.sts-education.com\/fr-ch\/wp-json\/wp\/v2\/types\/post"}],"author":[{"embeddable":true,"href":"https:\/\/www.sts-education.com\/fr-ch\/wp-json\/wp\/v2\/users\/20"}],"replies":[{"embeddable":true,"href":"https:\/\/www.sts-education.com\/fr-ch\/wp-json\/wp\/v2\/comments?post=12224"}],"version-history":[{"count":4,"href":"https:\/\/www.sts-education.com\/fr-ch\/wp-json\/wp\/v2\/posts\/12224\/revisions"}],"predecessor-version":[{"id":34579,"href":"https:\/\/www.sts-education.com\/fr-ch\/wp-json\/wp\/v2\/posts\/12224\/revisions\/34579"}],"wp:featuredmedia":[{"embeddable":true,"href":"https:\/\/www.sts-education.com\/fr-ch\/wp-json\/wp\/v2\/media\/13525"}],"wp:attachment":[{"href":"https:\/\/www.sts-education.com\/fr-ch\/wp-json\/wp\/v2\/media?parent=12224"}],"wp:term":[{"taxonomy":"category","embeddable":true,"href":"https:\/\/www.sts-education.com\/fr-ch\/wp-json\/wp\/v2\/categories?post=12224"},{"taxonomy":"post_tag","embeddable":true,"href":"https:\/\/www.sts-education.com\/fr-ch\/wp-json\/wp\/v2\/tags?post=12224"},{"taxonomy":"wpw_post_folders","embeddable":true,"href":"https:\/\/www.sts-education.com\/fr-ch\/wp-json\/wp\/v2\/wpw_post_folders?post=12224"}],"curies":[{"name":"wp","href":"https:\/\/api.w.org\/{rel}","templated":true}]}}