{"id":12225,"date":"2024-09-10T15:00:00","date_gmt":"2024-09-10T13:00:00","guid":{"rendered":"https:\/\/preprod.sts-education.com\/blog\/2026\/03\/05\/elena-est-partie-un-an-en-echange-en-italie\/"},"modified":"2026-04-29T09:54:04","modified_gmt":"2026-04-29T07:54:04","slug":"elena-est-partie-un-an-en-echange-en-italie","status":"publish","type":"post","link":"https:\/\/www.sts-education.com\/fr-ch\/high-school\/nos-etudiants-dechange\/temoignages\/elena-est-partie-un-an-en-echange-en-italie\/","title":{"rendered":"Elena Est Partie Un An En Echange En Italie"},"content":{"rendered":"\n<div class=\"wp-block-sts-text sts-text-editor has-max-width-md\"><div class=\"sts-text-editor__content\"><div class=\"sts-text-editor__content-inner\">\n<h1 style=\"text-align:center\">Elena est partie un an en \u00e9change en Italie<\/h1>\n<\/div><\/div><\/div>\n\n\n\n<figure class=\"wp-block-sts-image sts-block-image sts-block-image--count-1 has-max-width-lg\" data-count=\"1\"><div class=\"sts-block-image__grid\"><div class=\"sts-block-image__item\"><picture class=\"sts-responsive-image has-fit-cover has-pos-top is-skeleton\"><source media=\"(max-width: 834.98px)\" srcset=\"https:\/\/powered-by.qbank.se\/educatius\/sts\/f2be8a092d43c526b10b8ed00c07f614_1-1-thumb.webp 150w, https:\/\/powered-by.qbank.se\/educatius\/sts\/f2be8a092d43c526b10b8ed00c07f614_1-1-xsmall.webp 500w, https:\/\/powered-by.qbank.se\/educatius\/sts\/f2be8a092d43c526b10b8ed00c07f614_1-1-small.webp 800w, https:\/\/powered-by.qbank.se\/educatius\/sts\/f2be8a092d43c526b10b8ed00c07f614_1-1-medium.webp 1024w, https:\/\/powered-by.qbank.se\/educatius\/sts\/f2be8a092d43c526b10b8ed00c07f614_1-1-large.webp 1536w\" sizes=\"(max-width: 768px) 100vw, (max-width: 1200px) 100vw, 1200px\" type=\"image\/webp\"\/><source media=\"(min-width: 835px)\" srcset=\"https:\/\/powered-by.qbank.se\/educatius\/sts\/f2be8a092d43c526b10b8ed00c07f614_16-9-small.webp 800w, https:\/\/powered-by.qbank.se\/educatius\/sts\/f2be8a092d43c526b10b8ed00c07f614_16-9-medium.webp 1024w, https:\/\/powered-by.qbank.se\/educatius\/sts\/f2be8a092d43c526b10b8ed00c07f614_16-9-large.webp 1536w\" sizes=\"(max-width: 768px) 100vw, (max-width: 1200px) 100vw, 1200px\" type=\"image\/webp\"\/><img src=\"https:\/\/powered-by.qbank.se\/educatius\/sts\/f2be8a092d43c526b10b8ed00c07f614_1-1-thumb.webp\" alt=\"Elena est partie un an en \u00e9change en Italie\" loading=\"lazy\" decoding=\"async\" fetchpriority=\"low\" style=\"object-position:top\"\/><\/picture><\/div><\/div><\/figure>\n\n\n\n<div class=\"wp-block-sts-text sts-text-editor has-max-width-md\"><div class=\"sts-text-editor__content\"><div class=\"sts-text-editor__content-inner\">\n<p><em>Elena, Autrichienne, est partie un an en Italie.<\/em><\/p>\n<\/div><\/div><\/div>\n\n\n\n<div class=\"wp-block-sts-text sts-text-editor has-max-width-md\"><div class=\"sts-text-editor__content\"><div class=\"sts-text-editor__content-inner\">\n<p>\u00c0 13 ans d\u00e9j\u00e0, je savais que je voulais partir un an \u00e0 l\u2019\u00e9tranger.<\/p>\n<p>J\u2019ai d\u2019abord pens\u00e9 \u00e0 une destination classique, les USA. Mais en y r\u00e9fl\u00e9chissant, j\u2019ai d\u00e9cid\u00e9 que, m\u00eame si l\u2019exp\u00e9rience aurait \u00e9t\u00e9 fantastique, je voulais aussi apprendre une nouvelle langue.<\/p>\n<p>Depuis que je suis petite, ma famille et moi sommes souvent partis en vacances dans le Nord de l\u2019Italie, mais sans que je puisse jamais comprendre la langue. Du coup, quand l\u2019occasion s\u2019est pr\u00e9sent\u00e9e, j\u2019ai d\u00e9cid\u00e9 de la saisir et de partir un an en Italie.<\/p>\n<h2>La barri\u00e8re de la langue<\/h2>\n<p>Au d\u00e9but, la barri\u00e8re de la langue \u00e9tait un vrai probl\u00e8me, surtout dans ma famille d\u2019accueil. Mais apr\u00e8s 2 mois, jour apr\u00e8s jour, \u00e7a a commenc\u00e9 \u00e0 \u00eatre de plus en plus facile. \u00c0 peu pr\u00e8s vers No\u00ebl, j\u2019ai vraiment commenc\u00e9 \u00e0 parler italien et \u00e0 me faire de vrais amis.<\/p>\n<h2>Temps fort<\/h2>\n<p>Un moment fort a \u00e9t\u00e9 le Model UN auquel j\u2019ai particip\u00e9, j\u2019ai rencontr\u00e9 mes meilleurs amis dans le bus pour y aller. \u00c0 partir de ce moment-l\u00e0, je les ai revus tous les dimanche soir et j\u2019ai encore plus appr\u00e9ci\u00e9 mon s\u00e9jour \u00e0 l\u2019\u00e9tranger. Apr\u00e8s mon \u00e9change, ils m\u2019ont rendu visite \u00e0 Vienne, o\u00f9 je vis en Autriche.<\/p>\n<h2>Se quitter<\/h2>\n<p>\u00c7a a \u00e9t\u00e9 tr\u00e8s difficile de dire au revoir \u00e0 tout le monde, et les amis que je me suis faits l\u00e0-bas me manquent tous les jours. J\u2019esp\u00e8re pouvoir y retourner bient\u00f4t.<\/p>\n<h2>\u00c7a vaut le coup !<\/h2>\n<p>Au final, je dirais que partir \u00e0 l\u2019\u00e9tranger est un sacr\u00e9 d\u00e9fi, mais les souvenirs, les exp\u00e9riences et les amis qu\u2019on rencontre font que l\u2019aventure vaut vraiment le coup.<\/p>\n<h2>Pour en savoir plus<\/h2>\n<ul><li>Lis d&#x27;autres <a href=\"https:\/\/www.sts-education.com\/fr-ch\/high-school\/nos-etudiants-dechange\/temoignages\/?hashtag=Italie\">t\u00e9moignages d&#x27;\u00e9tudiants en Italie<\/a><\/li>\n<li>En savoir plus sur un <a href=\"https:\/\/www.sts-education.com\/fr-ch\/high-school\/destinations\/europe\/italie\/\">\u00e9change scolaire en Italie<\/a><\/li>\n<li>Voir <a href=\"\/fr-ch\/high-school\/tripfinder\/\">toutes nos destinations d&#x27;\u00e9change scolaire<\/a><\/li><\/ul>\n<\/div><\/div><\/div>\n","protected":false},"excerpt":{"rendered":"","protected":false},"author":20,"featured_media":13527,"comment_status":"open","ping_status":"open","sticky":false,"template":"","format":"standard","meta":{"_acf_changed":false,"_yoast_wpseo_title":"Elena est partie un an en \u00e9change en Italie","_yoast_wpseo_metadesc":"J\u2019ai d\u2019abord pens\u00e9 \u00e0 une destination classique, les USA. Mais en y r\u00e9fl\u00e9chissant, j\u2019ai d\u00e9cid\u00e9 que, m\u00eame si l\u2019exp\u00e9rience aurait \u00e9t\u00e9 fantastique, je voulais aussi apprendre une nouvelle langue.","footnotes":""},"categories":[297],"tags":[1060],"wpw_post_folders":[],"class_list":["post-12225","post","type-post","status-publish","format-standard","has-post-thumbnail","hentry","category-uncategorized-fr-ch","tag-italie"],"acf":[],"yoast_head":"<!-- This site is optimized with the Yoast SEO Premium plugin v27.2 (Yoast SEO v27.2) - https:\/\/yoast.com\/product\/yoast-seo-premium-wordpress\/ -->\n<title>Elena est partie un an en \u00e9change en Italie<\/title>\n<meta name=\"description\" content=\"J\u2019ai d\u2019abord pens\u00e9 \u00e0 une destination classique, les USA. Mais en y r\u00e9fl\u00e9chissant, j\u2019ai d\u00e9cid\u00e9 que, m\u00eame si l\u2019exp\u00e9rience aurait \u00e9t\u00e9 fantastique, je voulais aussi apprendre une nouvelle langue.\" \/>\n<meta name=\"robots\" content=\"index, follow, max-snippet:-1, max-image-preview:large, max-video-preview:-1\" \/>\n<link rel=\"canonical\" href=\"https:\/\/www.sts-education.com\/fr-ch\/high-school\/nos-etudiants-dechange\/temoignages\/elena-est-partie-un-an-en-echange-en-italie\/\" \/>\n<meta property=\"og:locale\" content=\"fr_FR\" \/>\n<meta property=\"og:type\" content=\"article\" \/>\n<meta property=\"og:title\" content=\"Elena Est Partie Un An En Echange En Italie\" \/>\n<meta property=\"og:description\" content=\"J\u2019ai d\u2019abord pens\u00e9 \u00e0 une destination classique, les USA. Mais en y r\u00e9fl\u00e9chissant, j\u2019ai d\u00e9cid\u00e9 que, m\u00eame si l\u2019exp\u00e9rience aurait \u00e9t\u00e9 fantastique, je voulais aussi apprendre une nouvelle langue.\" \/>\n<meta property=\"og:url\" content=\"https:\/\/www.sts-education.com\/fr-ch\/high-school\/nos-etudiants-dechange\/temoignages\/elena-est-partie-un-an-en-echange-en-italie\/\" \/>\n<meta property=\"og:site_name\" content=\"STS Education\" \/>\n<meta property=\"article:published_time\" content=\"2024-09-10T13:00:00+00:00\" \/>\n<meta property=\"article:modified_time\" content=\"2026-04-29T07:54:04+00:00\" \/>\n<meta property=\"og:image\" content=\"https:\/\/powered-by.qbank.se\/educatius\/sts\/\/f2be8a092d43c526b10b8ed00c07f614_1-1-thumb.webp\" \/>\n\t<meta property=\"og:image:width\" content=\"150\" \/>\n\t<meta property=\"og:image:height\" content=\"150\" \/>\n\t<meta property=\"og:image:type\" content=\"image\/jpeg\" \/>\n<meta name=\"author\" content=\"syncreadwrite\" \/>\n<meta name=\"twitter:card\" content=\"summary_large_image\" \/>\n<meta name=\"twitter:label1\" content=\"Written by\" \/>\n\t<meta name=\"twitter:data1\" content=\"syncreadwrite\" \/>\n\t<meta name=\"twitter:label2\" content=\"Est. reading time\" \/>\n\t<meta name=\"twitter:data2\" content=\"2 minutes\" \/>\n<script type=\"application\/ld+json\" class=\"yoast-schema-graph\">{\"@context\":\"https:\/\/schema.org\",\"@graph\":[{\"@type\":\"Article\",\"@id\":\"https:\/\/www.sts-education.com\/fr-ch\/high-school\/nos-etudiants-dechange\/temoignages\/elena-est-partie-un-an-en-echange-en-italie\/#article\",\"isPartOf\":{\"@id\":\"https:\/\/www.sts-education.com\/fr-ch\/high-school\/nos-etudiants-dechange\/temoignages\/elena-est-partie-un-an-en-echange-en-italie\/\"},\"author\":{\"name\":\"syncreadwrite\",\"@id\":\"https:\/\/www.sts-education.com\/fr-ch\/#\/schema\/person\/8b82f3a2e45f020b8f296d7a85d9a97c\"},\"headline\":\"Elena Est Partie Un An En Echange En Italie\",\"datePublished\":\"2024-09-10T13:00:00+00:00\",\"dateModified\":\"2026-04-29T07:54:04+00:00\",\"mainEntityOfPage\":{\"@id\":\"https:\/\/www.sts-education.com\/fr-ch\/high-school\/nos-etudiants-dechange\/temoignages\/elena-est-partie-un-an-en-echange-en-italie\/\"},\"wordCount\":362,\"commentCount\":0,\"image\":{\"@id\":\"https:\/\/www.sts-education.com\/fr-ch\/high-school\/nos-etudiants-dechange\/temoignages\/elena-est-partie-un-an-en-echange-en-italie\/#primaryimage\"},\"thumbnailUrl\":\"https:\/\/powered-by.qbank.se\/educatius\/sts\/\/f2be8a092d43c526b10b8ed00c07f614_1-1-thumb.webp\",\"keywords\":[\"Italie\"],\"articleSection\":[\"Uncategorized @fr-ch\"],\"inLanguage\":\"fr-CH\",\"potentialAction\":[{\"@type\":\"CommentAction\",\"name\":\"Comment\",\"target\":[\"https:\/\/www.sts-education.com\/fr-ch\/high-school\/nos-etudiants-dechange\/temoignages\/elena-est-partie-un-an-en-echange-en-italie\/#respond\"]}]},{\"@type\":\"WebPage\",\"@id\":\"https:\/\/www.sts-education.com\/fr-ch\/high-school\/nos-etudiants-dechange\/temoignages\/elena-est-partie-un-an-en-echange-en-italie\/\",\"url\":\"https:\/\/www.sts-education.com\/fr-ch\/high-school\/nos-etudiants-dechange\/temoignages\/elena-est-partie-un-an-en-echange-en-italie\/\",\"name\":\"Elena est partie un an en \u00e9change en Italie\",\"isPartOf\":{\"@id\":\"https:\/\/www.sts-education.com\/fr-ch\/#website\"},\"primaryImageOfPage\":{\"@id\":\"https:\/\/www.sts-education.com\/fr-ch\/high-school\/nos-etudiants-dechange\/temoignages\/elena-est-partie-un-an-en-echange-en-italie\/#primaryimage\"},\"image\":{\"@id\":\"https:\/\/www.sts-education.com\/fr-ch\/high-school\/nos-etudiants-dechange\/temoignages\/elena-est-partie-un-an-en-echange-en-italie\/#primaryimage\"},\"thumbnailUrl\":\"https:\/\/powered-by.qbank.se\/educatius\/sts\/\/f2be8a092d43c526b10b8ed00c07f614_1-1-thumb.webp\",\"datePublished\":\"2024-09-10T13:00:00+00:00\",\"dateModified\":\"2026-04-29T07:54:04+00:00\",\"author\":{\"@id\":\"https:\/\/www.sts-education.com\/fr-ch\/#\/schema\/person\/8b82f3a2e45f020b8f296d7a85d9a97c\"},\"description\":\"J\u2019ai d\u2019abord pens\u00e9 \u00e0 une destination classique, les USA. Mais en y r\u00e9fl\u00e9chissant, j\u2019ai d\u00e9cid\u00e9 que, m\u00eame si l\u2019exp\u00e9rience aurait \u00e9t\u00e9 fantastique, je voulais aussi apprendre une nouvelle langue.\",\"breadcrumb\":{\"@id\":\"https:\/\/www.sts-education.com\/fr-ch\/high-school\/nos-etudiants-dechange\/temoignages\/elena-est-partie-un-an-en-echange-en-italie\/#breadcrumb\"},\"inLanguage\":\"fr-CH\",\"potentialAction\":[{\"@type\":\"ReadAction\",\"target\":[\"https:\/\/www.sts-education.com\/fr-ch\/high-school\/nos-etudiants-dechange\/temoignages\/elena-est-partie-un-an-en-echange-en-italie\/\"]}]},{\"@type\":\"ImageObject\",\"inLanguage\":\"fr-CH\",\"@id\":\"https:\/\/www.sts-education.com\/fr-ch\/high-school\/nos-etudiants-dechange\/temoignages\/elena-est-partie-un-an-en-echange-en-italie\/#primaryimage\",\"url\":\"https:\/\/powered-by.qbank.se\/educatius\/sts\/\/f2be8a092d43c526b10b8ed00c07f614_1-1-thumb.webp\",\"contentUrl\":\"https:\/\/powered-by.qbank.se\/educatius\/sts\/\/f2be8a092d43c526b10b8ed00c07f614_1-1-thumb.webp\",\"width\":150,\"height\":150},{\"@type\":\"BreadcrumbList\",\"@id\":\"https:\/\/www.sts-education.com\/fr-ch\/high-school\/nos-etudiants-dechange\/temoignages\/elena-est-partie-un-an-en-echange-en-italie\/#breadcrumb\",\"itemListElement\":[{\"@type\":\"ListItem\",\"position\":1,\"name\":\"Home\",\"item\":\"https:\/\/www.sts-education.com\/fr-ch\/\"},{\"@type\":\"ListItem\",\"position\":2,\"name\":\"Elena Est Partie Un An En Echange En Italie\"}]},{\"@type\":\"WebSite\",\"@id\":\"https:\/\/www.sts-education.com\/fr-ch\/#website\",\"url\":\"https:\/\/www.sts-education.com\/fr-ch\/\",\"name\":\"STS Education\",\"description\":\"\",\"potentialAction\":[{\"@type\":\"SearchAction\",\"target\":{\"@type\":\"EntryPoint\",\"urlTemplate\":\"https:\/\/www.sts-education.com\/fr-ch\/?s={search_term_string}\"},\"query-input\":{\"@type\":\"PropertyValueSpecification\",\"valueRequired\":true,\"valueName\":\"search_term_string\"}}],\"inLanguage\":\"fr-CH\"},{\"@type\":\"Person\",\"@id\":\"https:\/\/www.sts-education.com\/fr-ch\/#\/schema\/person\/8b82f3a2e45f020b8f296d7a85d9a97c\",\"name\":\"syncreadwrite\",\"image\":{\"@type\":\"ImageObject\",\"inLanguage\":\"fr-CH\",\"@id\":\"https:\/\/secure.gravatar.com\/avatar\/6ed1007e4f6f43f22e3df41d9fce4365533cba47fef64bb359b8e629abbc2ea6?s=96&d=mm&r=g\",\"url\":\"https:\/\/secure.gravatar.com\/avatar\/6ed1007e4f6f43f22e3df41d9fce4365533cba47fef64bb359b8e629abbc2ea6?s=96&d=mm&r=g\",\"contentUrl\":\"https:\/\/secure.gravatar.com\/avatar\/6ed1007e4f6f43f22e3df41d9fce4365533cba47fef64bb359b8e629abbc2ea6?s=96&d=mm&r=g\",\"caption\":\"syncreadwrite\"},\"url\":\"https:\/\/www.sts-education.com\/fr-ch\/author\/syncreadwrite\/\"}]}<\/script>\n<!-- \/ Yoast SEO Premium plugin. -->","yoast_head_json":{"title":"Elena est partie un an en \u00e9change en Italie","description":"J\u2019ai d\u2019abord pens\u00e9 \u00e0 une destination classique, les USA. Mais en y r\u00e9fl\u00e9chissant, j\u2019ai d\u00e9cid\u00e9 que, m\u00eame si l\u2019exp\u00e9rience aurait \u00e9t\u00e9 fantastique, je voulais aussi apprendre une nouvelle langue.","robots":{"index":"index","follow":"follow","max-snippet":"max-snippet:-1","max-image-preview":"max-image-preview:large","max-video-preview":"max-video-preview:-1"},"canonical":"https:\/\/www.sts-education.com\/fr-ch\/high-school\/nos-etudiants-dechange\/temoignages\/elena-est-partie-un-an-en-echange-en-italie\/","og_locale":"fr_FR","og_type":"article","og_title":"Elena Est Partie Un An En Echange En Italie","og_description":"J\u2019ai d\u2019abord pens\u00e9 \u00e0 une destination classique, les USA. Mais en y r\u00e9fl\u00e9chissant, j\u2019ai d\u00e9cid\u00e9 que, m\u00eame si l\u2019exp\u00e9rience aurait \u00e9t\u00e9 fantastique, je voulais aussi apprendre une nouvelle langue.","og_url":"https:\/\/www.sts-education.com\/fr-ch\/high-school\/nos-etudiants-dechange\/temoignages\/elena-est-partie-un-an-en-echange-en-italie\/","og_site_name":"STS Education","article_published_time":"2024-09-10T13:00:00+00:00","article_modified_time":"2026-04-29T07:54:04+00:00","og_image":[{"width":150,"height":150,"url":"https:\/\/powered-by.qbank.se\/educatius\/sts\/\/f2be8a092d43c526b10b8ed00c07f614_1-1-thumb.webp","type":"image\/jpeg"}],"author":"syncreadwrite","twitter_card":"summary_large_image","twitter_misc":{"Written by":"syncreadwrite","Est. reading time":"2 minutes"},"schema":{"@context":"https:\/\/schema.org","@graph":[{"@type":"Article","@id":"https:\/\/www.sts-education.com\/fr-ch\/high-school\/nos-etudiants-dechange\/temoignages\/elena-est-partie-un-an-en-echange-en-italie\/#article","isPartOf":{"@id":"https:\/\/www.sts-education.com\/fr-ch\/high-school\/nos-etudiants-dechange\/temoignages\/elena-est-partie-un-an-en-echange-en-italie\/"},"author":{"name":"syncreadwrite","@id":"https:\/\/www.sts-education.com\/fr-ch\/#\/schema\/person\/8b82f3a2e45f020b8f296d7a85d9a97c"},"headline":"Elena Est Partie Un An En Echange En Italie","datePublished":"2024-09-10T13:00:00+00:00","dateModified":"2026-04-29T07:54:04+00:00","mainEntityOfPage":{"@id":"https:\/\/www.sts-education.com\/fr-ch\/high-school\/nos-etudiants-dechange\/temoignages\/elena-est-partie-un-an-en-echange-en-italie\/"},"wordCount":362,"commentCount":0,"image":{"@id":"https:\/\/www.sts-education.com\/fr-ch\/high-school\/nos-etudiants-dechange\/temoignages\/elena-est-partie-un-an-en-echange-en-italie\/#primaryimage"},"thumbnailUrl":"https:\/\/powered-by.qbank.se\/educatius\/sts\/\/f2be8a092d43c526b10b8ed00c07f614_1-1-thumb.webp","keywords":["Italie"],"articleSection":["Uncategorized @fr-ch"],"inLanguage":"fr-CH","potentialAction":[{"@type":"CommentAction","name":"Comment","target":["https:\/\/www.sts-education.com\/fr-ch\/high-school\/nos-etudiants-dechange\/temoignages\/elena-est-partie-un-an-en-echange-en-italie\/#respond"]}]},{"@type":"WebPage","@id":"https:\/\/www.sts-education.com\/fr-ch\/high-school\/nos-etudiants-dechange\/temoignages\/elena-est-partie-un-an-en-echange-en-italie\/","url":"https:\/\/www.sts-education.com\/fr-ch\/high-school\/nos-etudiants-dechange\/temoignages\/elena-est-partie-un-an-en-echange-en-italie\/","name":"Elena est partie un an en \u00e9change en Italie","isPartOf":{"@id":"https:\/\/www.sts-education.com\/fr-ch\/#website"},"primaryImageOfPage":{"@id":"https:\/\/www.sts-education.com\/fr-ch\/high-school\/nos-etudiants-dechange\/temoignages\/elena-est-partie-un-an-en-echange-en-italie\/#primaryimage"},"image":{"@id":"https:\/\/www.sts-education.com\/fr-ch\/high-school\/nos-etudiants-dechange\/temoignages\/elena-est-partie-un-an-en-echange-en-italie\/#primaryimage"},"thumbnailUrl":"https:\/\/powered-by.qbank.se\/educatius\/sts\/\/f2be8a092d43c526b10b8ed00c07f614_1-1-thumb.webp","datePublished":"2024-09-10T13:00:00+00:00","dateModified":"2026-04-29T07:54:04+00:00","author":{"@id":"https:\/\/www.sts-education.com\/fr-ch\/#\/schema\/person\/8b82f3a2e45f020b8f296d7a85d9a97c"},"description":"J\u2019ai d\u2019abord pens\u00e9 \u00e0 une destination classique, les USA. Mais en y r\u00e9fl\u00e9chissant, j\u2019ai d\u00e9cid\u00e9 que, m\u00eame si l\u2019exp\u00e9rience aurait \u00e9t\u00e9 fantastique, je voulais aussi apprendre une nouvelle langue.","breadcrumb":{"@id":"https:\/\/www.sts-education.com\/fr-ch\/high-school\/nos-etudiants-dechange\/temoignages\/elena-est-partie-un-an-en-echange-en-italie\/#breadcrumb"},"inLanguage":"fr-CH","potentialAction":[{"@type":"ReadAction","target":["https:\/\/www.sts-education.com\/fr-ch\/high-school\/nos-etudiants-dechange\/temoignages\/elena-est-partie-un-an-en-echange-en-italie\/"]}]},{"@type":"ImageObject","inLanguage":"fr-CH","@id":"https:\/\/www.sts-education.com\/fr-ch\/high-school\/nos-etudiants-dechange\/temoignages\/elena-est-partie-un-an-en-echange-en-italie\/#primaryimage","url":"https:\/\/powered-by.qbank.se\/educatius\/sts\/\/f2be8a092d43c526b10b8ed00c07f614_1-1-thumb.webp","contentUrl":"https:\/\/powered-by.qbank.se\/educatius\/sts\/\/f2be8a092d43c526b10b8ed00c07f614_1-1-thumb.webp","width":150,"height":150},{"@type":"BreadcrumbList","@id":"https:\/\/www.sts-education.com\/fr-ch\/high-school\/nos-etudiants-dechange\/temoignages\/elena-est-partie-un-an-en-echange-en-italie\/#breadcrumb","itemListElement":[{"@type":"ListItem","position":1,"name":"Home","item":"https:\/\/www.sts-education.com\/fr-ch\/"},{"@type":"ListItem","position":2,"name":"Elena Est Partie Un An En Echange En Italie"}]},{"@type":"WebSite","@id":"https:\/\/www.sts-education.com\/fr-ch\/#website","url":"https:\/\/www.sts-education.com\/fr-ch\/","name":"STS Education","description":"","potentialAction":[{"@type":"SearchAction","target":{"@type":"EntryPoint","urlTemplate":"https:\/\/www.sts-education.com\/fr-ch\/?s={search_term_string}"},"query-input":{"@type":"PropertyValueSpecification","valueRequired":true,"valueName":"search_term_string"}}],"inLanguage":"fr-CH"},{"@type":"Person","@id":"https:\/\/www.sts-education.com\/fr-ch\/#\/schema\/person\/8b82f3a2e45f020b8f296d7a85d9a97c","name":"syncreadwrite","image":{"@type":"ImageObject","inLanguage":"fr-CH","@id":"https:\/\/secure.gravatar.com\/avatar\/6ed1007e4f6f43f22e3df41d9fce4365533cba47fef64bb359b8e629abbc2ea6?s=96&d=mm&r=g","url":"https:\/\/secure.gravatar.com\/avatar\/6ed1007e4f6f43f22e3df41d9fce4365533cba47fef64bb359b8e629abbc2ea6?s=96&d=mm&r=g","contentUrl":"https:\/\/secure.gravatar.com\/avatar\/6ed1007e4f6f43f22e3df41d9fce4365533cba47fef64bb359b8e629abbc2ea6?s=96&d=mm&r=g","caption":"syncreadwrite"},"url":"https:\/\/www.sts-education.com\/fr-ch\/author\/syncreadwrite\/"}]}},"_links":{"self":[{"href":"https:\/\/www.sts-education.com\/fr-ch\/wp-json\/wp\/v2\/posts\/12225","targetHints":{"allow":["GET"]}}],"collection":[{"href":"https:\/\/www.sts-education.com\/fr-ch\/wp-json\/wp\/v2\/posts"}],"about":[{"href":"https:\/\/www.sts-education.com\/fr-ch\/wp-json\/wp\/v2\/types\/post"}],"author":[{"embeddable":true,"href":"https:\/\/www.sts-education.com\/fr-ch\/wp-json\/wp\/v2\/users\/20"}],"replies":[{"embeddable":true,"href":"https:\/\/www.sts-education.com\/fr-ch\/wp-json\/wp\/v2\/comments?post=12225"}],"version-history":[{"count":5,"href":"https:\/\/www.sts-education.com\/fr-ch\/wp-json\/wp\/v2\/posts\/12225\/revisions"}],"predecessor-version":[{"id":43481,"href":"https:\/\/www.sts-education.com\/fr-ch\/wp-json\/wp\/v2\/posts\/12225\/revisions\/43481"}],"wp:featuredmedia":[{"embeddable":true,"href":"https:\/\/www.sts-education.com\/fr-ch\/wp-json\/wp\/v2\/media\/13527"}],"wp:attachment":[{"href":"https:\/\/www.sts-education.com\/fr-ch\/wp-json\/wp\/v2\/media?parent=12225"}],"wp:term":[{"taxonomy":"category","embeddable":true,"href":"https:\/\/www.sts-education.com\/fr-ch\/wp-json\/wp\/v2\/categories?post=12225"},{"taxonomy":"post_tag","embeddable":true,"href":"https:\/\/www.sts-education.com\/fr-ch\/wp-json\/wp\/v2\/tags?post=12225"},{"taxonomy":"wpw_post_folders","embeddable":true,"href":"https:\/\/www.sts-education.com\/fr-ch\/wp-json\/wp\/v2\/wpw_post_folders?post=12225"}],"curies":[{"name":"wp","href":"https:\/\/api.w.org\/{rel}","templated":true}]}}