{"id":12228,"date":"2024-09-05T15:00:00","date_gmt":"2024-09-05T13:00:00","guid":{"rendered":"https:\/\/preprod.sts-education.com\/blog\/2026\/03\/05\/andrea-a-choisi-de-partir-aux-pays-bas\/"},"modified":"2026-04-29T09:58:59","modified_gmt":"2026-04-29T07:58:59","slug":"andrea-a-choisi-de-partir-aux-pays-bas","status":"publish","type":"post","link":"https:\/\/www.sts-education.com\/fr-ch\/high-school\/nos-etudiants-dechange\/temoignages\/andrea-a-choisi-de-partir-aux-pays-bas\/","title":{"rendered":"Andrea A Choisi De Partir Aux Pays Bas"},"content":{"rendered":"\n<div class=\"wp-block-sts-text sts-text-editor has-max-width-md\"><div class=\"sts-text-editor__content\"><div class=\"sts-text-editor__content-inner\">\n<h1 style=\"text-align:center\">Andrea a choisi de partir aux Pays-Bas<\/h1>\n<\/div><\/div><\/div>\n\n\n\n<figure class=\"wp-block-sts-image sts-block-image sts-block-image--count-1 has-max-width-lg\" data-count=\"1\"><div class=\"sts-block-image__grid\"><div class=\"sts-block-image__item\"><picture class=\"sts-responsive-image has-fit-cover has-pos-top is-skeleton\"><source media=\"(max-width: 834.98px)\" srcset=\"https:\/\/powered-by.qbank.se\/educatius\/sts\/fb4bddd74502198a99fe32baa1ad7557_1-1-thumb.webp 150w, https:\/\/powered-by.qbank.se\/educatius\/sts\/fb4bddd74502198a99fe32baa1ad7557_1-1-xsmall.webp 500w, https:\/\/powered-by.qbank.se\/educatius\/sts\/fb4bddd74502198a99fe32baa1ad7557_1-1-small.webp 800w, https:\/\/powered-by.qbank.se\/educatius\/sts\/fb4bddd74502198a99fe32baa1ad7557_1-1-medium.webp 1024w, https:\/\/powered-by.qbank.se\/educatius\/sts\/fb4bddd74502198a99fe32baa1ad7557_1-1-large.webp 1536w\" sizes=\"(max-width: 768px) 100vw, (max-width: 1200px) 100vw, 1200px\" type=\"image\/webp\"\/><source media=\"(min-width: 835px)\" srcset=\"https:\/\/powered-by.qbank.se\/educatius\/sts\/fb4bddd74502198a99fe32baa1ad7557_16-9-small.webp 800w, https:\/\/powered-by.qbank.se\/educatius\/sts\/fb4bddd74502198a99fe32baa1ad7557_16-9-medium.webp 1024w, https:\/\/powered-by.qbank.se\/educatius\/sts\/fb4bddd74502198a99fe32baa1ad7557_16-9-large.webp 1536w\" sizes=\"(max-width: 768px) 100vw, (max-width: 1200px) 100vw, 1200px\" type=\"image\/webp\"\/><img src=\"https:\/\/powered-by.qbank.se\/educatius\/sts\/fb4bddd74502198a99fe32baa1ad7557_1-1-thumb.webp\" alt=\"Andrea a choisi de partir aux Pays-Bas\" loading=\"lazy\" decoding=\"async\" fetchpriority=\"low\" style=\"object-position:top\"\/><\/picture><\/div><\/div><\/figure>\n\n\n\n<div class=\"wp-block-sts-text sts-text-editor has-max-width-md\"><div class=\"sts-text-editor__content\"><div class=\"sts-text-editor__content-inner\">\n<p><em>Andrea, Italienne, a particip\u00e9 \u00e0 un programme d\u2019\u00e9change aux Pays-Bas.<\/em><\/p>\n<\/div><\/div><\/div>\n\n\n\n<div class=\"wp-block-sts-text sts-text-editor has-max-width-md\"><div class=\"sts-text-editor__content\"><div class=\"sts-text-editor__content-inner\">\n<p>Petite, j\u2019ai beaucoup voyag\u00e9 avec ma famille. Quand on a visit\u00e9 les Pays-Bas, je me suis sentie tr\u00e8s attir\u00e9e par ce pays, et j\u2019ai tout de suite imagin\u00e9 y vivre quand je serai grande. C\u2019est pour \u00e7a que j\u2019ai choisi de partir l\u00e0-bas pour passer une ann\u00e9e en High School.<\/p>\n<p>Ma famille d\u2019accueil a \u00e9t\u00e9 incroyable ! Ils \u00e9taient si gentils, et m\u2019ont aid\u00e9e d\u00e8s qu\u2019ils pouvaient. \u00c0 peine deux semaines apr\u00e8s mon arriv\u00e9e, je commen\u00e7ais d\u00e9j\u00e0 \u00e0 me sentir chez moi ! J\u2019ai ador\u00e9 No\u00ebl avec eux, les anniversaires, les voyages et tous les repas de famille.<\/p>\n<p>\u00c7a n\u2019a pas toujours \u00e9t\u00e9 facile d\u2019aller au lyc\u00e9e, mais les professeurs \u00e9taient l\u00e0 pour m\u2019aider et ne m\u2019ont pas tout de suite demand\u00e9 le m\u00eame niveau que les autres \u00e9l\u00e8ves, pour me laisser le temps de m\u2019habituer \u00e0 la langue.<\/p>\n<p>Et je me suis fait facilement des amis ! Les gens de Brabant sont vraiment hyper accueillants avec les \u00e9l\u00e8ves d\u2019\u00e9changes.<\/p>\n<h2>Pour en savoir plus<\/h2>\n<ul><li>Lis d&#x27;autres <a href=\"https:\/\/www.sts-education.com\/fr-ch\/high-school\/nos-etudiants-dechange\/temoignages\/?hashtag=Pays-Bas\">t\u00e9moignages d&#x27;\u00e9tudiants des Pays-Bas<\/a><\/li>\n<li>En savoir plus sur un <a href=\"https:\/\/www.sts-education.com\/fr-ch\/high-school\/destinations\/europe\/pays-bas\/\">\u00e9change scolaire aux Pays-Bas<\/a><\/li>\n<li>Voir <a href=\"\/fr-ch\/high-school\/tripfinder\/\">toutes nos destinations d&#x27;\u00e9change scolaire<\/a><\/li><\/ul>\n<\/div><\/div><\/div>\n","protected":false},"excerpt":{"rendered":"","protected":false},"author":20,"featured_media":13533,"comment_status":"open","ping_status":"open","sticky":false,"template":"","format":"standard","meta":{"_acf_changed":false,"_yoast_wpseo_title":"Andrea a choisi de partir aux Pays-Bas","_yoast_wpseo_metadesc":"Ma famille d\u2019accueil a \u00e9t\u00e9 incroyable ! Ils \u00e9taient si gentils, et m\u2019ont aid\u00e9e d\u00e8s qu\u2019ils pouvaient. \u00c0 peine deux semaines apr\u00e8s mon arriv\u00e9e, je commen\u00e7ais d\u00e9j\u00e0 \u00e0 me sentir chez moi !","footnotes":""},"categories":[297],"tags":[1062],"wpw_post_folders":[],"class_list":["post-12228","post","type-post","status-publish","format-standard","has-post-thumbnail","hentry","category-uncategorized-fr-ch","tag-pays-bas"],"acf":[],"yoast_head":"<!-- This site is optimized with the Yoast SEO Premium plugin v27.2 (Yoast SEO v27.2) - https:\/\/yoast.com\/product\/yoast-seo-premium-wordpress\/ -->\n<title>Andrea a choisi de partir aux Pays-Bas<\/title>\n<meta name=\"description\" content=\"Ma famille d\u2019accueil a \u00e9t\u00e9 incroyable ! Ils \u00e9taient si gentils, et m\u2019ont aid\u00e9e d\u00e8s qu\u2019ils pouvaient. \u00c0 peine deux semaines apr\u00e8s mon arriv\u00e9e, je commen\u00e7ais d\u00e9j\u00e0 \u00e0 me sentir chez moi !\" \/>\n<meta name=\"robots\" content=\"index, follow, max-snippet:-1, max-image-preview:large, max-video-preview:-1\" \/>\n<link rel=\"canonical\" href=\"https:\/\/www.sts-education.com\/fr-ch\/high-school\/nos-etudiants-dechange\/temoignages\/andrea-a-choisi-de-partir-aux-pays-bas\/\" \/>\n<meta property=\"og:locale\" content=\"fr_FR\" \/>\n<meta property=\"og:type\" content=\"article\" \/>\n<meta property=\"og:title\" content=\"Andrea A Choisi De Partir Aux Pays Bas\" \/>\n<meta property=\"og:description\" content=\"Ma famille d\u2019accueil a \u00e9t\u00e9 incroyable ! Ils \u00e9taient si gentils, et m\u2019ont aid\u00e9e d\u00e8s qu\u2019ils pouvaient. \u00c0 peine deux semaines apr\u00e8s mon arriv\u00e9e, je commen\u00e7ais d\u00e9j\u00e0 \u00e0 me sentir chez moi !\" \/>\n<meta property=\"og:url\" content=\"https:\/\/www.sts-education.com\/fr-ch\/high-school\/nos-etudiants-dechange\/temoignages\/andrea-a-choisi-de-partir-aux-pays-bas\/\" \/>\n<meta property=\"og:site_name\" content=\"STS Education\" \/>\n<meta property=\"article:published_time\" content=\"2024-09-05T13:00:00+00:00\" \/>\n<meta property=\"article:modified_time\" content=\"2026-04-29T07:58:59+00:00\" \/>\n<meta property=\"og:image\" content=\"https:\/\/powered-by.qbank.se\/educatius\/sts\/\/fb4bddd74502198a99fe32baa1ad7557_1-1-thumb.webp\" \/>\n\t<meta property=\"og:image:width\" content=\"150\" \/>\n\t<meta property=\"og:image:height\" content=\"150\" \/>\n\t<meta property=\"og:image:type\" content=\"image\/jpeg\" \/>\n<meta name=\"author\" content=\"syncreadwrite\" \/>\n<meta name=\"twitter:card\" content=\"summary_large_image\" \/>\n<meta name=\"twitter:label1\" content=\"Written by\" \/>\n\t<meta name=\"twitter:data1\" content=\"syncreadwrite\" \/>\n\t<meta name=\"twitter:label2\" content=\"Est. reading time\" \/>\n\t<meta name=\"twitter:data2\" content=\"1 minute\" \/>\n<script type=\"application\/ld+json\" class=\"yoast-schema-graph\">{\"@context\":\"https:\/\/schema.org\",\"@graph\":[{\"@type\":\"Article\",\"@id\":\"https:\/\/www.sts-education.com\/fr-ch\/high-school\/nos-etudiants-dechange\/temoignages\/andrea-a-choisi-de-partir-aux-pays-bas\/#article\",\"isPartOf\":{\"@id\":\"https:\/\/www.sts-education.com\/fr-ch\/high-school\/nos-etudiants-dechange\/temoignages\/andrea-a-choisi-de-partir-aux-pays-bas\/\"},\"author\":{\"name\":\"syncreadwrite\",\"@id\":\"https:\/\/www.sts-education.com\/fr-ch\/#\/schema\/person\/8b82f3a2e45f020b8f296d7a85d9a97c\"},\"headline\":\"Andrea A Choisi De Partir Aux Pays Bas\",\"datePublished\":\"2024-09-05T13:00:00+00:00\",\"dateModified\":\"2026-04-29T07:58:59+00:00\",\"mainEntityOfPage\":{\"@id\":\"https:\/\/www.sts-education.com\/fr-ch\/high-school\/nos-etudiants-dechange\/temoignages\/andrea-a-choisi-de-partir-aux-pays-bas\/\"},\"wordCount\":240,\"commentCount\":0,\"image\":{\"@id\":\"https:\/\/www.sts-education.com\/fr-ch\/high-school\/nos-etudiants-dechange\/temoignages\/andrea-a-choisi-de-partir-aux-pays-bas\/#primaryimage\"},\"thumbnailUrl\":\"https:\/\/powered-by.qbank.se\/educatius\/sts\/\/fb4bddd74502198a99fe32baa1ad7557_1-1-thumb.webp\",\"keywords\":[\"Pays-Bas\"],\"articleSection\":[\"Uncategorized @fr-ch\"],\"inLanguage\":\"fr-CH\",\"potentialAction\":[{\"@type\":\"CommentAction\",\"name\":\"Comment\",\"target\":[\"https:\/\/www.sts-education.com\/fr-ch\/high-school\/nos-etudiants-dechange\/temoignages\/andrea-a-choisi-de-partir-aux-pays-bas\/#respond\"]}]},{\"@type\":\"WebPage\",\"@id\":\"https:\/\/www.sts-education.com\/fr-ch\/high-school\/nos-etudiants-dechange\/temoignages\/andrea-a-choisi-de-partir-aux-pays-bas\/\",\"url\":\"https:\/\/www.sts-education.com\/fr-ch\/high-school\/nos-etudiants-dechange\/temoignages\/andrea-a-choisi-de-partir-aux-pays-bas\/\",\"name\":\"Andrea a choisi de partir aux Pays-Bas\",\"isPartOf\":{\"@id\":\"https:\/\/www.sts-education.com\/fr-ch\/#website\"},\"primaryImageOfPage\":{\"@id\":\"https:\/\/www.sts-education.com\/fr-ch\/high-school\/nos-etudiants-dechange\/temoignages\/andrea-a-choisi-de-partir-aux-pays-bas\/#primaryimage\"},\"image\":{\"@id\":\"https:\/\/www.sts-education.com\/fr-ch\/high-school\/nos-etudiants-dechange\/temoignages\/andrea-a-choisi-de-partir-aux-pays-bas\/#primaryimage\"},\"thumbnailUrl\":\"https:\/\/powered-by.qbank.se\/educatius\/sts\/\/fb4bddd74502198a99fe32baa1ad7557_1-1-thumb.webp\",\"datePublished\":\"2024-09-05T13:00:00+00:00\",\"dateModified\":\"2026-04-29T07:58:59+00:00\",\"author\":{\"@id\":\"https:\/\/www.sts-education.com\/fr-ch\/#\/schema\/person\/8b82f3a2e45f020b8f296d7a85d9a97c\"},\"description\":\"Ma famille d\u2019accueil a \u00e9t\u00e9 incroyable ! Ils \u00e9taient si gentils, et m\u2019ont aid\u00e9e d\u00e8s qu\u2019ils pouvaient. \u00c0 peine deux semaines apr\u00e8s mon arriv\u00e9e, je commen\u00e7ais d\u00e9j\u00e0 \u00e0 me sentir chez moi !\",\"breadcrumb\":{\"@id\":\"https:\/\/www.sts-education.com\/fr-ch\/high-school\/nos-etudiants-dechange\/temoignages\/andrea-a-choisi-de-partir-aux-pays-bas\/#breadcrumb\"},\"inLanguage\":\"fr-CH\",\"potentialAction\":[{\"@type\":\"ReadAction\",\"target\":[\"https:\/\/www.sts-education.com\/fr-ch\/high-school\/nos-etudiants-dechange\/temoignages\/andrea-a-choisi-de-partir-aux-pays-bas\/\"]}]},{\"@type\":\"ImageObject\",\"inLanguage\":\"fr-CH\",\"@id\":\"https:\/\/www.sts-education.com\/fr-ch\/high-school\/nos-etudiants-dechange\/temoignages\/andrea-a-choisi-de-partir-aux-pays-bas\/#primaryimage\",\"url\":\"https:\/\/powered-by.qbank.se\/educatius\/sts\/\/fb4bddd74502198a99fe32baa1ad7557_1-1-thumb.webp\",\"contentUrl\":\"https:\/\/powered-by.qbank.se\/educatius\/sts\/\/fb4bddd74502198a99fe32baa1ad7557_1-1-thumb.webp\",\"width\":150,\"height\":150},{\"@type\":\"BreadcrumbList\",\"@id\":\"https:\/\/www.sts-education.com\/fr-ch\/high-school\/nos-etudiants-dechange\/temoignages\/andrea-a-choisi-de-partir-aux-pays-bas\/#breadcrumb\",\"itemListElement\":[{\"@type\":\"ListItem\",\"position\":1,\"name\":\"Home\",\"item\":\"https:\/\/www.sts-education.com\/fr-ch\/\"},{\"@type\":\"ListItem\",\"position\":2,\"name\":\"Andrea A Choisi De Partir Aux Pays Bas\"}]},{\"@type\":\"WebSite\",\"@id\":\"https:\/\/www.sts-education.com\/fr-ch\/#website\",\"url\":\"https:\/\/www.sts-education.com\/fr-ch\/\",\"name\":\"STS Education\",\"description\":\"\",\"potentialAction\":[{\"@type\":\"SearchAction\",\"target\":{\"@type\":\"EntryPoint\",\"urlTemplate\":\"https:\/\/www.sts-education.com\/fr-ch\/?s={search_term_string}\"},\"query-input\":{\"@type\":\"PropertyValueSpecification\",\"valueRequired\":true,\"valueName\":\"search_term_string\"}}],\"inLanguage\":\"fr-CH\"},{\"@type\":\"Person\",\"@id\":\"https:\/\/www.sts-education.com\/fr-ch\/#\/schema\/person\/8b82f3a2e45f020b8f296d7a85d9a97c\",\"name\":\"syncreadwrite\",\"image\":{\"@type\":\"ImageObject\",\"inLanguage\":\"fr-CH\",\"@id\":\"https:\/\/secure.gravatar.com\/avatar\/6ed1007e4f6f43f22e3df41d9fce4365533cba47fef64bb359b8e629abbc2ea6?s=96&d=mm&r=g\",\"url\":\"https:\/\/secure.gravatar.com\/avatar\/6ed1007e4f6f43f22e3df41d9fce4365533cba47fef64bb359b8e629abbc2ea6?s=96&d=mm&r=g\",\"contentUrl\":\"https:\/\/secure.gravatar.com\/avatar\/6ed1007e4f6f43f22e3df41d9fce4365533cba47fef64bb359b8e629abbc2ea6?s=96&d=mm&r=g\",\"caption\":\"syncreadwrite\"},\"url\":\"https:\/\/www.sts-education.com\/fr-ch\/author\/syncreadwrite\/\"}]}<\/script>\n<!-- \/ Yoast SEO Premium plugin. -->","yoast_head_json":{"title":"Andrea a choisi de partir aux Pays-Bas","description":"Ma famille d\u2019accueil a \u00e9t\u00e9 incroyable ! Ils \u00e9taient si gentils, et m\u2019ont aid\u00e9e d\u00e8s qu\u2019ils pouvaient. \u00c0 peine deux semaines apr\u00e8s mon arriv\u00e9e, je commen\u00e7ais d\u00e9j\u00e0 \u00e0 me sentir chez moi !","robots":{"index":"index","follow":"follow","max-snippet":"max-snippet:-1","max-image-preview":"max-image-preview:large","max-video-preview":"max-video-preview:-1"},"canonical":"https:\/\/www.sts-education.com\/fr-ch\/high-school\/nos-etudiants-dechange\/temoignages\/andrea-a-choisi-de-partir-aux-pays-bas\/","og_locale":"fr_FR","og_type":"article","og_title":"Andrea A Choisi De Partir Aux Pays Bas","og_description":"Ma famille d\u2019accueil a \u00e9t\u00e9 incroyable ! Ils \u00e9taient si gentils, et m\u2019ont aid\u00e9e d\u00e8s qu\u2019ils pouvaient. \u00c0 peine deux semaines apr\u00e8s mon arriv\u00e9e, je commen\u00e7ais d\u00e9j\u00e0 \u00e0 me sentir chez moi !","og_url":"https:\/\/www.sts-education.com\/fr-ch\/high-school\/nos-etudiants-dechange\/temoignages\/andrea-a-choisi-de-partir-aux-pays-bas\/","og_site_name":"STS Education","article_published_time":"2024-09-05T13:00:00+00:00","article_modified_time":"2026-04-29T07:58:59+00:00","og_image":[{"width":150,"height":150,"url":"https:\/\/powered-by.qbank.se\/educatius\/sts\/\/fb4bddd74502198a99fe32baa1ad7557_1-1-thumb.webp","type":"image\/jpeg"}],"author":"syncreadwrite","twitter_card":"summary_large_image","twitter_misc":{"Written by":"syncreadwrite","Est. reading time":"1 minute"},"schema":{"@context":"https:\/\/schema.org","@graph":[{"@type":"Article","@id":"https:\/\/www.sts-education.com\/fr-ch\/high-school\/nos-etudiants-dechange\/temoignages\/andrea-a-choisi-de-partir-aux-pays-bas\/#article","isPartOf":{"@id":"https:\/\/www.sts-education.com\/fr-ch\/high-school\/nos-etudiants-dechange\/temoignages\/andrea-a-choisi-de-partir-aux-pays-bas\/"},"author":{"name":"syncreadwrite","@id":"https:\/\/www.sts-education.com\/fr-ch\/#\/schema\/person\/8b82f3a2e45f020b8f296d7a85d9a97c"},"headline":"Andrea A Choisi De Partir Aux Pays Bas","datePublished":"2024-09-05T13:00:00+00:00","dateModified":"2026-04-29T07:58:59+00:00","mainEntityOfPage":{"@id":"https:\/\/www.sts-education.com\/fr-ch\/high-school\/nos-etudiants-dechange\/temoignages\/andrea-a-choisi-de-partir-aux-pays-bas\/"},"wordCount":240,"commentCount":0,"image":{"@id":"https:\/\/www.sts-education.com\/fr-ch\/high-school\/nos-etudiants-dechange\/temoignages\/andrea-a-choisi-de-partir-aux-pays-bas\/#primaryimage"},"thumbnailUrl":"https:\/\/powered-by.qbank.se\/educatius\/sts\/\/fb4bddd74502198a99fe32baa1ad7557_1-1-thumb.webp","keywords":["Pays-Bas"],"articleSection":["Uncategorized @fr-ch"],"inLanguage":"fr-CH","potentialAction":[{"@type":"CommentAction","name":"Comment","target":["https:\/\/www.sts-education.com\/fr-ch\/high-school\/nos-etudiants-dechange\/temoignages\/andrea-a-choisi-de-partir-aux-pays-bas\/#respond"]}]},{"@type":"WebPage","@id":"https:\/\/www.sts-education.com\/fr-ch\/high-school\/nos-etudiants-dechange\/temoignages\/andrea-a-choisi-de-partir-aux-pays-bas\/","url":"https:\/\/www.sts-education.com\/fr-ch\/high-school\/nos-etudiants-dechange\/temoignages\/andrea-a-choisi-de-partir-aux-pays-bas\/","name":"Andrea a choisi de partir aux Pays-Bas","isPartOf":{"@id":"https:\/\/www.sts-education.com\/fr-ch\/#website"},"primaryImageOfPage":{"@id":"https:\/\/www.sts-education.com\/fr-ch\/high-school\/nos-etudiants-dechange\/temoignages\/andrea-a-choisi-de-partir-aux-pays-bas\/#primaryimage"},"image":{"@id":"https:\/\/www.sts-education.com\/fr-ch\/high-school\/nos-etudiants-dechange\/temoignages\/andrea-a-choisi-de-partir-aux-pays-bas\/#primaryimage"},"thumbnailUrl":"https:\/\/powered-by.qbank.se\/educatius\/sts\/\/fb4bddd74502198a99fe32baa1ad7557_1-1-thumb.webp","datePublished":"2024-09-05T13:00:00+00:00","dateModified":"2026-04-29T07:58:59+00:00","author":{"@id":"https:\/\/www.sts-education.com\/fr-ch\/#\/schema\/person\/8b82f3a2e45f020b8f296d7a85d9a97c"},"description":"Ma famille d\u2019accueil a \u00e9t\u00e9 incroyable ! Ils \u00e9taient si gentils, et m\u2019ont aid\u00e9e d\u00e8s qu\u2019ils pouvaient. \u00c0 peine deux semaines apr\u00e8s mon arriv\u00e9e, je commen\u00e7ais d\u00e9j\u00e0 \u00e0 me sentir chez moi !","breadcrumb":{"@id":"https:\/\/www.sts-education.com\/fr-ch\/high-school\/nos-etudiants-dechange\/temoignages\/andrea-a-choisi-de-partir-aux-pays-bas\/#breadcrumb"},"inLanguage":"fr-CH","potentialAction":[{"@type":"ReadAction","target":["https:\/\/www.sts-education.com\/fr-ch\/high-school\/nos-etudiants-dechange\/temoignages\/andrea-a-choisi-de-partir-aux-pays-bas\/"]}]},{"@type":"ImageObject","inLanguage":"fr-CH","@id":"https:\/\/www.sts-education.com\/fr-ch\/high-school\/nos-etudiants-dechange\/temoignages\/andrea-a-choisi-de-partir-aux-pays-bas\/#primaryimage","url":"https:\/\/powered-by.qbank.se\/educatius\/sts\/\/fb4bddd74502198a99fe32baa1ad7557_1-1-thumb.webp","contentUrl":"https:\/\/powered-by.qbank.se\/educatius\/sts\/\/fb4bddd74502198a99fe32baa1ad7557_1-1-thumb.webp","width":150,"height":150},{"@type":"BreadcrumbList","@id":"https:\/\/www.sts-education.com\/fr-ch\/high-school\/nos-etudiants-dechange\/temoignages\/andrea-a-choisi-de-partir-aux-pays-bas\/#breadcrumb","itemListElement":[{"@type":"ListItem","position":1,"name":"Home","item":"https:\/\/www.sts-education.com\/fr-ch\/"},{"@type":"ListItem","position":2,"name":"Andrea A Choisi De Partir Aux Pays Bas"}]},{"@type":"WebSite","@id":"https:\/\/www.sts-education.com\/fr-ch\/#website","url":"https:\/\/www.sts-education.com\/fr-ch\/","name":"STS Education","description":"","potentialAction":[{"@type":"SearchAction","target":{"@type":"EntryPoint","urlTemplate":"https:\/\/www.sts-education.com\/fr-ch\/?s={search_term_string}"},"query-input":{"@type":"PropertyValueSpecification","valueRequired":true,"valueName":"search_term_string"}}],"inLanguage":"fr-CH"},{"@type":"Person","@id":"https:\/\/www.sts-education.com\/fr-ch\/#\/schema\/person\/8b82f3a2e45f020b8f296d7a85d9a97c","name":"syncreadwrite","image":{"@type":"ImageObject","inLanguage":"fr-CH","@id":"https:\/\/secure.gravatar.com\/avatar\/6ed1007e4f6f43f22e3df41d9fce4365533cba47fef64bb359b8e629abbc2ea6?s=96&d=mm&r=g","url":"https:\/\/secure.gravatar.com\/avatar\/6ed1007e4f6f43f22e3df41d9fce4365533cba47fef64bb359b8e629abbc2ea6?s=96&d=mm&r=g","contentUrl":"https:\/\/secure.gravatar.com\/avatar\/6ed1007e4f6f43f22e3df41d9fce4365533cba47fef64bb359b8e629abbc2ea6?s=96&d=mm&r=g","caption":"syncreadwrite"},"url":"https:\/\/www.sts-education.com\/fr-ch\/author\/syncreadwrite\/"}]}},"_links":{"self":[{"href":"https:\/\/www.sts-education.com\/fr-ch\/wp-json\/wp\/v2\/posts\/12228","targetHints":{"allow":["GET"]}}],"collection":[{"href":"https:\/\/www.sts-education.com\/fr-ch\/wp-json\/wp\/v2\/posts"}],"about":[{"href":"https:\/\/www.sts-education.com\/fr-ch\/wp-json\/wp\/v2\/types\/post"}],"author":[{"embeddable":true,"href":"https:\/\/www.sts-education.com\/fr-ch\/wp-json\/wp\/v2\/users\/20"}],"replies":[{"embeddable":true,"href":"https:\/\/www.sts-education.com\/fr-ch\/wp-json\/wp\/v2\/comments?post=12228"}],"version-history":[{"count":5,"href":"https:\/\/www.sts-education.com\/fr-ch\/wp-json\/wp\/v2\/posts\/12228\/revisions"}],"predecessor-version":[{"id":43517,"href":"https:\/\/www.sts-education.com\/fr-ch\/wp-json\/wp\/v2\/posts\/12228\/revisions\/43517"}],"wp:featuredmedia":[{"embeddable":true,"href":"https:\/\/www.sts-education.com\/fr-ch\/wp-json\/wp\/v2\/media\/13533"}],"wp:attachment":[{"href":"https:\/\/www.sts-education.com\/fr-ch\/wp-json\/wp\/v2\/media?parent=12228"}],"wp:term":[{"taxonomy":"category","embeddable":true,"href":"https:\/\/www.sts-education.com\/fr-ch\/wp-json\/wp\/v2\/categories?post=12228"},{"taxonomy":"post_tag","embeddable":true,"href":"https:\/\/www.sts-education.com\/fr-ch\/wp-json\/wp\/v2\/tags?post=12228"},{"taxonomy":"wpw_post_folders","embeddable":true,"href":"https:\/\/www.sts-education.com\/fr-ch\/wp-json\/wp\/v2\/wpw_post_folders?post=12228"}],"curies":[{"name":"wp","href":"https:\/\/api.w.org\/{rel}","templated":true}]}}