{"id":12229,"date":"2024-09-02T15:00:00","date_gmt":"2024-09-02T13:00:00","guid":{"rendered":"https:\/\/preprod.sts-education.com\/blog\/2026\/03\/05\/abigail-a-participe-a-un-echange-aux-pays-bas\/"},"modified":"2026-04-29T09:59:51","modified_gmt":"2026-04-29T07:59:51","slug":"abigail-a-participe-a-un-echange-aux-pays-bas","status":"publish","type":"post","link":"https:\/\/www.sts-education.com\/fr-ch\/high-school\/nos-etudiants-dechange\/temoignages\/abigail-a-participe-a-un-echange-aux-pays-bas\/","title":{"rendered":"Abigail A Participe A Un Echange Aux Pays Bas"},"content":{"rendered":"\n<div class=\"wp-block-sts-text sts-text-editor has-max-width-md\"><div class=\"sts-text-editor__content\"><div class=\"sts-text-editor__content-inner\">\n<h1 style=\"text-align:center\">Abigail, a particip\u00e9 \u00e0 un \u00e9change aux Pays-Bas<\/h1>\n<\/div><\/div><\/div>\n\n\n\n<figure class=\"wp-block-sts-image sts-block-image sts-block-image--count-1 has-max-width-lg\" data-count=\"1\"><div class=\"sts-block-image__grid\"><div class=\"sts-block-image__item\"><picture class=\"sts-responsive-image has-fit-cover has-pos-top is-skeleton\"><source media=\"(max-width: 834.98px)\" srcset=\"https:\/\/powered-by.qbank.se\/educatius\/sts\/cfd6458914c4644c1203add909557aef_1-1-thumb.webp 150w, https:\/\/powered-by.qbank.se\/educatius\/sts\/cfd6458914c4644c1203add909557aef_1-1-xsmall.webp 500w, https:\/\/powered-by.qbank.se\/educatius\/sts\/cfd6458914c4644c1203add909557aef_1-1-small.webp 800w, https:\/\/powered-by.qbank.se\/educatius\/sts\/cfd6458914c4644c1203add909557aef_1-1-medium.webp 1024w, https:\/\/powered-by.qbank.se\/educatius\/sts\/cfd6458914c4644c1203add909557aef_1-1-large.webp 1536w\" sizes=\"(max-width: 768px) 100vw, (max-width: 1200px) 100vw, 1200px\" type=\"image\/webp\"\/><source media=\"(min-width: 835px)\" srcset=\"https:\/\/powered-by.qbank.se\/educatius\/sts\/cfd6458914c4644c1203add909557aef_16-9-small.webp 800w, https:\/\/powered-by.qbank.se\/educatius\/sts\/cfd6458914c4644c1203add909557aef_16-9-medium.webp 1024w, https:\/\/powered-by.qbank.se\/educatius\/sts\/cfd6458914c4644c1203add909557aef_16-9-large.webp 1536w\" sizes=\"(max-width: 768px) 100vw, (max-width: 1200px) 100vw, 1200px\" type=\"image\/webp\"\/><img src=\"https:\/\/powered-by.qbank.se\/educatius\/sts\/cfd6458914c4644c1203add909557aef_1-1-thumb.webp\" alt=\"Abigail, a particip\u00e9 \u00e0 un \u00e9change aux Pays-Bas\" loading=\"lazy\" decoding=\"async\" fetchpriority=\"low\" style=\"object-position:top\"\/><\/picture><\/div><\/div><\/figure>\n\n\n\n<div class=\"wp-block-sts-text sts-text-editor has-max-width-md\"><div class=\"sts-text-editor__content\"><div class=\"sts-text-editor__content-inner\">\n<p><em>Abigail, Australienne, est partie pour un \u00e9change aux Pays-Bas.<\/em><\/p>\n<\/div><\/div><\/div>\n\n\n\n<div class=\"wp-block-sts-text sts-text-editor has-max-width-md\"><div class=\"sts-text-editor__content\"><div class=\"sts-text-editor__content-inner\">\n<p>Ma m\u00e8re est n\u00e9e aux Pays-Bas et une partie de ma famille parle toujours n\u00e9erlandais, du coup c\u2019\u00e9tait bien de partir l\u00e0-bas pour apprendre la langue et mieux comprendre la culture.<\/p>\n<p>Je me suis imm\u00e9diatement sentie chez moi dans ma famille d\u2019accueil. J\u2019\u00e9tais dans la m\u00eame famille qu\u2019une Italienne, elle aussi \u00e9l\u00e8ve d\u2019\u00e9change. En fait c\u2019\u00e9tait sympa de partager la m\u00eame exp\u00e9rience. Nos parents d\u2019accueil et nos grandes s\u0153urs \u00ab adoptives \u00bb nous ont int\u00e9gr\u00e9es dans toutes leurs activit\u00e9s, voyages, vacances, etc. Et c\u2019est le conseil que je donnerais aux futures familles d\u2019accueil : prenez vos \u00e9l\u00e8ves le plus possible avec vous, mais laissez-leur l\u2019espace n\u00e9cessaire pour d\u00e9couvrir aussi leur propre \u00ab vie n\u00e9erlandaise \u00bb.<\/p>\n<p>Le lyc\u00e9e s\u2019est bien pass\u00e9, les \u00e9l\u00e8ves et les professeurs \u00e9taient vraiment gentils. Mon prof d\u2019anglais m\u2019a pr\u00e9sent\u00e9e \u00e0 d\u2019autres filles de ma classe, qui sont vite devenues mes meilleures amies.<\/p>\n<p>M\u00eame si j\u2019\u00e9tais d\u00e9j\u00e0 venue aux Pays-Bas quand j\u2019\u00e9tais petite, j\u2019ai quand m\u00eame eu un choc des cultures. Comme par exemple aller en cours tous les jours en v\u00e9lo ! \ud83d\ude0a<\/p>\n<h2>Pour en savoir plus<\/h2>\n<ul><li>Lis d&#x27;autres <a href=\"https:\/\/www.sts-education.com\/fr-ch\/high-school\/nos-etudiants-dechange\/temoignages\/?hashtag=Pays-Bas\">t\u00e9moignages d&#x27;\u00e9tudiants des Pays-Bas<\/a><\/li>\n<li>En savoir plus sur un <a href=\"https:\/\/www.sts-education.com\/fr-ch\/high-school\/destinations\/europe\/pays-bas\/\">\u00e9change scolaire aux Pays-Bas<\/a><\/li>\n<li>Voir <a href=\"\/fr-ch\/high-school\/tripfinder\/\">toutes nos destinations d&#x27;\u00e9change scolaire<\/a><\/li><\/ul>\n<\/div><\/div><\/div>\n","protected":false},"excerpt":{"rendered":"","protected":false},"author":20,"featured_media":13535,"comment_status":"open","ping_status":"open","sticky":false,"template":"","format":"standard","meta":{"_acf_changed":false,"_yoast_wpseo_title":"Abigail, a particip\u00e9 \u00e0 un \u00e9change aux Pays-Bas","_yoast_wpseo_metadesc":"Le lyc\u00e9e s\u2019est bien pass\u00e9, les \u00e9l\u00e8ves et les professeurs \u00e9taient vraiment gentils. Mon prof d\u2019anglais m\u2019a pr\u00e9sent\u00e9e \u00e0 d\u2019autres filles de ma classe, qui sont vite devenues mes meilleures amies.","footnotes":""},"categories":[297],"tags":[1062],"wpw_post_folders":[],"class_list":["post-12229","post","type-post","status-publish","format-standard","has-post-thumbnail","hentry","category-uncategorized-fr-ch","tag-pays-bas"],"acf":[],"yoast_head":"<!-- This site is optimized with the Yoast SEO Premium plugin v27.2 (Yoast SEO v27.2) - https:\/\/yoast.com\/product\/yoast-seo-premium-wordpress\/ -->\n<title>Abigail, a particip\u00e9 \u00e0 un \u00e9change aux Pays-Bas<\/title>\n<meta name=\"description\" content=\"Le lyc\u00e9e s\u2019est bien pass\u00e9, les \u00e9l\u00e8ves et les professeurs \u00e9taient vraiment gentils. Mon prof d\u2019anglais m\u2019a pr\u00e9sent\u00e9e \u00e0 d\u2019autres filles de ma classe, qui sont vite devenues mes meilleures amies.\" \/>\n<meta name=\"robots\" content=\"index, follow, max-snippet:-1, max-image-preview:large, max-video-preview:-1\" \/>\n<link rel=\"canonical\" href=\"https:\/\/www.sts-education.com\/fr-ch\/high-school\/nos-etudiants-dechange\/temoignages\/abigail-a-participe-a-un-echange-aux-pays-bas\/\" \/>\n<meta property=\"og:locale\" content=\"fr_FR\" \/>\n<meta property=\"og:type\" content=\"article\" \/>\n<meta property=\"og:title\" content=\"Abigail A Participe A Un Echange Aux Pays Bas\" \/>\n<meta property=\"og:description\" content=\"Le lyc\u00e9e s\u2019est bien pass\u00e9, les \u00e9l\u00e8ves et les professeurs \u00e9taient vraiment gentils. Mon prof d\u2019anglais m\u2019a pr\u00e9sent\u00e9e \u00e0 d\u2019autres filles de ma classe, qui sont vite devenues mes meilleures amies.\" \/>\n<meta property=\"og:url\" content=\"https:\/\/www.sts-education.com\/fr-ch\/high-school\/nos-etudiants-dechange\/temoignages\/abigail-a-participe-a-un-echange-aux-pays-bas\/\" \/>\n<meta property=\"og:site_name\" content=\"STS Education\" \/>\n<meta property=\"article:published_time\" content=\"2024-09-02T13:00:00+00:00\" \/>\n<meta property=\"article:modified_time\" content=\"2026-04-29T07:59:51+00:00\" \/>\n<meta property=\"og:image\" content=\"https:\/\/powered-by.qbank.se\/educatius\/sts\/\/cfd6458914c4644c1203add909557aef_1-1-thumb.webp\" \/>\n\t<meta property=\"og:image:width\" content=\"150\" \/>\n\t<meta property=\"og:image:height\" content=\"150\" \/>\n\t<meta property=\"og:image:type\" content=\"image\/jpeg\" \/>\n<meta name=\"author\" content=\"syncreadwrite\" \/>\n<meta name=\"twitter:card\" content=\"summary_large_image\" \/>\n<meta name=\"twitter:label1\" content=\"Written by\" \/>\n\t<meta name=\"twitter:data1\" content=\"syncreadwrite\" \/>\n\t<meta name=\"twitter:label2\" content=\"Est. reading time\" \/>\n\t<meta name=\"twitter:data2\" content=\"1 minute\" \/>\n<script type=\"application\/ld+json\" class=\"yoast-schema-graph\">{\"@context\":\"https:\/\/schema.org\",\"@graph\":[{\"@type\":\"Article\",\"@id\":\"https:\/\/www.sts-education.com\/fr-ch\/high-school\/nos-etudiants-dechange\/temoignages\/abigail-a-participe-a-un-echange-aux-pays-bas\/#article\",\"isPartOf\":{\"@id\":\"https:\/\/www.sts-education.com\/fr-ch\/high-school\/nos-etudiants-dechange\/temoignages\/abigail-a-participe-a-un-echange-aux-pays-bas\/\"},\"author\":{\"name\":\"syncreadwrite\",\"@id\":\"https:\/\/www.sts-education.com\/fr-ch\/#\/schema\/person\/8b82f3a2e45f020b8f296d7a85d9a97c\"},\"headline\":\"Abigail A Participe A Un Echange Aux Pays Bas\",\"datePublished\":\"2024-09-02T13:00:00+00:00\",\"dateModified\":\"2026-04-29T07:59:51+00:00\",\"mainEntityOfPage\":{\"@id\":\"https:\/\/www.sts-education.com\/fr-ch\/high-school\/nos-etudiants-dechange\/temoignages\/abigail-a-participe-a-un-echange-aux-pays-bas\/\"},\"wordCount\":268,\"commentCount\":0,\"image\":{\"@id\":\"https:\/\/www.sts-education.com\/fr-ch\/high-school\/nos-etudiants-dechange\/temoignages\/abigail-a-participe-a-un-echange-aux-pays-bas\/#primaryimage\"},\"thumbnailUrl\":\"https:\/\/powered-by.qbank.se\/educatius\/sts\/\/cfd6458914c4644c1203add909557aef_1-1-thumb.webp\",\"keywords\":[\"Pays-Bas\"],\"articleSection\":[\"Uncategorized @fr-ch\"],\"inLanguage\":\"fr-CH\",\"potentialAction\":[{\"@type\":\"CommentAction\",\"name\":\"Comment\",\"target\":[\"https:\/\/www.sts-education.com\/fr-ch\/high-school\/nos-etudiants-dechange\/temoignages\/abigail-a-participe-a-un-echange-aux-pays-bas\/#respond\"]}]},{\"@type\":\"WebPage\",\"@id\":\"https:\/\/www.sts-education.com\/fr-ch\/high-school\/nos-etudiants-dechange\/temoignages\/abigail-a-participe-a-un-echange-aux-pays-bas\/\",\"url\":\"https:\/\/www.sts-education.com\/fr-ch\/high-school\/nos-etudiants-dechange\/temoignages\/abigail-a-participe-a-un-echange-aux-pays-bas\/\",\"name\":\"Abigail, a particip\u00e9 \u00e0 un \u00e9change aux Pays-Bas\",\"isPartOf\":{\"@id\":\"https:\/\/www.sts-education.com\/fr-ch\/#website\"},\"primaryImageOfPage\":{\"@id\":\"https:\/\/www.sts-education.com\/fr-ch\/high-school\/nos-etudiants-dechange\/temoignages\/abigail-a-participe-a-un-echange-aux-pays-bas\/#primaryimage\"},\"image\":{\"@id\":\"https:\/\/www.sts-education.com\/fr-ch\/high-school\/nos-etudiants-dechange\/temoignages\/abigail-a-participe-a-un-echange-aux-pays-bas\/#primaryimage\"},\"thumbnailUrl\":\"https:\/\/powered-by.qbank.se\/educatius\/sts\/\/cfd6458914c4644c1203add909557aef_1-1-thumb.webp\",\"datePublished\":\"2024-09-02T13:00:00+00:00\",\"dateModified\":\"2026-04-29T07:59:51+00:00\",\"author\":{\"@id\":\"https:\/\/www.sts-education.com\/fr-ch\/#\/schema\/person\/8b82f3a2e45f020b8f296d7a85d9a97c\"},\"description\":\"Le lyc\u00e9e s\u2019est bien pass\u00e9, les \u00e9l\u00e8ves et les professeurs \u00e9taient vraiment gentils. Mon prof d\u2019anglais m\u2019a pr\u00e9sent\u00e9e \u00e0 d\u2019autres filles de ma classe, qui sont vite devenues mes meilleures amies.\",\"breadcrumb\":{\"@id\":\"https:\/\/www.sts-education.com\/fr-ch\/high-school\/nos-etudiants-dechange\/temoignages\/abigail-a-participe-a-un-echange-aux-pays-bas\/#breadcrumb\"},\"inLanguage\":\"fr-CH\",\"potentialAction\":[{\"@type\":\"ReadAction\",\"target\":[\"https:\/\/www.sts-education.com\/fr-ch\/high-school\/nos-etudiants-dechange\/temoignages\/abigail-a-participe-a-un-echange-aux-pays-bas\/\"]}]},{\"@type\":\"ImageObject\",\"inLanguage\":\"fr-CH\",\"@id\":\"https:\/\/www.sts-education.com\/fr-ch\/high-school\/nos-etudiants-dechange\/temoignages\/abigail-a-participe-a-un-echange-aux-pays-bas\/#primaryimage\",\"url\":\"https:\/\/powered-by.qbank.se\/educatius\/sts\/\/cfd6458914c4644c1203add909557aef_1-1-thumb.webp\",\"contentUrl\":\"https:\/\/powered-by.qbank.se\/educatius\/sts\/\/cfd6458914c4644c1203add909557aef_1-1-thumb.webp\",\"width\":150,\"height\":150},{\"@type\":\"BreadcrumbList\",\"@id\":\"https:\/\/www.sts-education.com\/fr-ch\/high-school\/nos-etudiants-dechange\/temoignages\/abigail-a-participe-a-un-echange-aux-pays-bas\/#breadcrumb\",\"itemListElement\":[{\"@type\":\"ListItem\",\"position\":1,\"name\":\"Home\",\"item\":\"https:\/\/www.sts-education.com\/fr-ch\/\"},{\"@type\":\"ListItem\",\"position\":2,\"name\":\"Abigail A Participe A Un Echange Aux Pays Bas\"}]},{\"@type\":\"WebSite\",\"@id\":\"https:\/\/www.sts-education.com\/fr-ch\/#website\",\"url\":\"https:\/\/www.sts-education.com\/fr-ch\/\",\"name\":\"STS Education\",\"description\":\"\",\"potentialAction\":[{\"@type\":\"SearchAction\",\"target\":{\"@type\":\"EntryPoint\",\"urlTemplate\":\"https:\/\/www.sts-education.com\/fr-ch\/?s={search_term_string}\"},\"query-input\":{\"@type\":\"PropertyValueSpecification\",\"valueRequired\":true,\"valueName\":\"search_term_string\"}}],\"inLanguage\":\"fr-CH\"},{\"@type\":\"Person\",\"@id\":\"https:\/\/www.sts-education.com\/fr-ch\/#\/schema\/person\/8b82f3a2e45f020b8f296d7a85d9a97c\",\"name\":\"syncreadwrite\",\"image\":{\"@type\":\"ImageObject\",\"inLanguage\":\"fr-CH\",\"@id\":\"https:\/\/secure.gravatar.com\/avatar\/6ed1007e4f6f43f22e3df41d9fce4365533cba47fef64bb359b8e629abbc2ea6?s=96&d=mm&r=g\",\"url\":\"https:\/\/secure.gravatar.com\/avatar\/6ed1007e4f6f43f22e3df41d9fce4365533cba47fef64bb359b8e629abbc2ea6?s=96&d=mm&r=g\",\"contentUrl\":\"https:\/\/secure.gravatar.com\/avatar\/6ed1007e4f6f43f22e3df41d9fce4365533cba47fef64bb359b8e629abbc2ea6?s=96&d=mm&r=g\",\"caption\":\"syncreadwrite\"},\"url\":\"https:\/\/www.sts-education.com\/fr-ch\/author\/syncreadwrite\/\"}]}<\/script>\n<!-- \/ Yoast SEO Premium plugin. -->","yoast_head_json":{"title":"Abigail, a particip\u00e9 \u00e0 un \u00e9change aux Pays-Bas","description":"Le lyc\u00e9e s\u2019est bien pass\u00e9, les \u00e9l\u00e8ves et les professeurs \u00e9taient vraiment gentils. Mon prof d\u2019anglais m\u2019a pr\u00e9sent\u00e9e \u00e0 d\u2019autres filles de ma classe, qui sont vite devenues mes meilleures amies.","robots":{"index":"index","follow":"follow","max-snippet":"max-snippet:-1","max-image-preview":"max-image-preview:large","max-video-preview":"max-video-preview:-1"},"canonical":"https:\/\/www.sts-education.com\/fr-ch\/high-school\/nos-etudiants-dechange\/temoignages\/abigail-a-participe-a-un-echange-aux-pays-bas\/","og_locale":"fr_FR","og_type":"article","og_title":"Abigail A Participe A Un Echange Aux Pays Bas","og_description":"Le lyc\u00e9e s\u2019est bien pass\u00e9, les \u00e9l\u00e8ves et les professeurs \u00e9taient vraiment gentils. Mon prof d\u2019anglais m\u2019a pr\u00e9sent\u00e9e \u00e0 d\u2019autres filles de ma classe, qui sont vite devenues mes meilleures amies.","og_url":"https:\/\/www.sts-education.com\/fr-ch\/high-school\/nos-etudiants-dechange\/temoignages\/abigail-a-participe-a-un-echange-aux-pays-bas\/","og_site_name":"STS Education","article_published_time":"2024-09-02T13:00:00+00:00","article_modified_time":"2026-04-29T07:59:51+00:00","og_image":[{"width":150,"height":150,"url":"https:\/\/powered-by.qbank.se\/educatius\/sts\/\/cfd6458914c4644c1203add909557aef_1-1-thumb.webp","type":"image\/jpeg"}],"author":"syncreadwrite","twitter_card":"summary_large_image","twitter_misc":{"Written by":"syncreadwrite","Est. reading time":"1 minute"},"schema":{"@context":"https:\/\/schema.org","@graph":[{"@type":"Article","@id":"https:\/\/www.sts-education.com\/fr-ch\/high-school\/nos-etudiants-dechange\/temoignages\/abigail-a-participe-a-un-echange-aux-pays-bas\/#article","isPartOf":{"@id":"https:\/\/www.sts-education.com\/fr-ch\/high-school\/nos-etudiants-dechange\/temoignages\/abigail-a-participe-a-un-echange-aux-pays-bas\/"},"author":{"name":"syncreadwrite","@id":"https:\/\/www.sts-education.com\/fr-ch\/#\/schema\/person\/8b82f3a2e45f020b8f296d7a85d9a97c"},"headline":"Abigail A Participe A Un Echange Aux Pays Bas","datePublished":"2024-09-02T13:00:00+00:00","dateModified":"2026-04-29T07:59:51+00:00","mainEntityOfPage":{"@id":"https:\/\/www.sts-education.com\/fr-ch\/high-school\/nos-etudiants-dechange\/temoignages\/abigail-a-participe-a-un-echange-aux-pays-bas\/"},"wordCount":268,"commentCount":0,"image":{"@id":"https:\/\/www.sts-education.com\/fr-ch\/high-school\/nos-etudiants-dechange\/temoignages\/abigail-a-participe-a-un-echange-aux-pays-bas\/#primaryimage"},"thumbnailUrl":"https:\/\/powered-by.qbank.se\/educatius\/sts\/\/cfd6458914c4644c1203add909557aef_1-1-thumb.webp","keywords":["Pays-Bas"],"articleSection":["Uncategorized @fr-ch"],"inLanguage":"fr-CH","potentialAction":[{"@type":"CommentAction","name":"Comment","target":["https:\/\/www.sts-education.com\/fr-ch\/high-school\/nos-etudiants-dechange\/temoignages\/abigail-a-participe-a-un-echange-aux-pays-bas\/#respond"]}]},{"@type":"WebPage","@id":"https:\/\/www.sts-education.com\/fr-ch\/high-school\/nos-etudiants-dechange\/temoignages\/abigail-a-participe-a-un-echange-aux-pays-bas\/","url":"https:\/\/www.sts-education.com\/fr-ch\/high-school\/nos-etudiants-dechange\/temoignages\/abigail-a-participe-a-un-echange-aux-pays-bas\/","name":"Abigail, a particip\u00e9 \u00e0 un \u00e9change aux Pays-Bas","isPartOf":{"@id":"https:\/\/www.sts-education.com\/fr-ch\/#website"},"primaryImageOfPage":{"@id":"https:\/\/www.sts-education.com\/fr-ch\/high-school\/nos-etudiants-dechange\/temoignages\/abigail-a-participe-a-un-echange-aux-pays-bas\/#primaryimage"},"image":{"@id":"https:\/\/www.sts-education.com\/fr-ch\/high-school\/nos-etudiants-dechange\/temoignages\/abigail-a-participe-a-un-echange-aux-pays-bas\/#primaryimage"},"thumbnailUrl":"https:\/\/powered-by.qbank.se\/educatius\/sts\/\/cfd6458914c4644c1203add909557aef_1-1-thumb.webp","datePublished":"2024-09-02T13:00:00+00:00","dateModified":"2026-04-29T07:59:51+00:00","author":{"@id":"https:\/\/www.sts-education.com\/fr-ch\/#\/schema\/person\/8b82f3a2e45f020b8f296d7a85d9a97c"},"description":"Le lyc\u00e9e s\u2019est bien pass\u00e9, les \u00e9l\u00e8ves et les professeurs \u00e9taient vraiment gentils. Mon prof d\u2019anglais m\u2019a pr\u00e9sent\u00e9e \u00e0 d\u2019autres filles de ma classe, qui sont vite devenues mes meilleures amies.","breadcrumb":{"@id":"https:\/\/www.sts-education.com\/fr-ch\/high-school\/nos-etudiants-dechange\/temoignages\/abigail-a-participe-a-un-echange-aux-pays-bas\/#breadcrumb"},"inLanguage":"fr-CH","potentialAction":[{"@type":"ReadAction","target":["https:\/\/www.sts-education.com\/fr-ch\/high-school\/nos-etudiants-dechange\/temoignages\/abigail-a-participe-a-un-echange-aux-pays-bas\/"]}]},{"@type":"ImageObject","inLanguage":"fr-CH","@id":"https:\/\/www.sts-education.com\/fr-ch\/high-school\/nos-etudiants-dechange\/temoignages\/abigail-a-participe-a-un-echange-aux-pays-bas\/#primaryimage","url":"https:\/\/powered-by.qbank.se\/educatius\/sts\/\/cfd6458914c4644c1203add909557aef_1-1-thumb.webp","contentUrl":"https:\/\/powered-by.qbank.se\/educatius\/sts\/\/cfd6458914c4644c1203add909557aef_1-1-thumb.webp","width":150,"height":150},{"@type":"BreadcrumbList","@id":"https:\/\/www.sts-education.com\/fr-ch\/high-school\/nos-etudiants-dechange\/temoignages\/abigail-a-participe-a-un-echange-aux-pays-bas\/#breadcrumb","itemListElement":[{"@type":"ListItem","position":1,"name":"Home","item":"https:\/\/www.sts-education.com\/fr-ch\/"},{"@type":"ListItem","position":2,"name":"Abigail A Participe A Un Echange Aux Pays Bas"}]},{"@type":"WebSite","@id":"https:\/\/www.sts-education.com\/fr-ch\/#website","url":"https:\/\/www.sts-education.com\/fr-ch\/","name":"STS Education","description":"","potentialAction":[{"@type":"SearchAction","target":{"@type":"EntryPoint","urlTemplate":"https:\/\/www.sts-education.com\/fr-ch\/?s={search_term_string}"},"query-input":{"@type":"PropertyValueSpecification","valueRequired":true,"valueName":"search_term_string"}}],"inLanguage":"fr-CH"},{"@type":"Person","@id":"https:\/\/www.sts-education.com\/fr-ch\/#\/schema\/person\/8b82f3a2e45f020b8f296d7a85d9a97c","name":"syncreadwrite","image":{"@type":"ImageObject","inLanguage":"fr-CH","@id":"https:\/\/secure.gravatar.com\/avatar\/6ed1007e4f6f43f22e3df41d9fce4365533cba47fef64bb359b8e629abbc2ea6?s=96&d=mm&r=g","url":"https:\/\/secure.gravatar.com\/avatar\/6ed1007e4f6f43f22e3df41d9fce4365533cba47fef64bb359b8e629abbc2ea6?s=96&d=mm&r=g","contentUrl":"https:\/\/secure.gravatar.com\/avatar\/6ed1007e4f6f43f22e3df41d9fce4365533cba47fef64bb359b8e629abbc2ea6?s=96&d=mm&r=g","caption":"syncreadwrite"},"url":"https:\/\/www.sts-education.com\/fr-ch\/author\/syncreadwrite\/"}]}},"_links":{"self":[{"href":"https:\/\/www.sts-education.com\/fr-ch\/wp-json\/wp\/v2\/posts\/12229","targetHints":{"allow":["GET"]}}],"collection":[{"href":"https:\/\/www.sts-education.com\/fr-ch\/wp-json\/wp\/v2\/posts"}],"about":[{"href":"https:\/\/www.sts-education.com\/fr-ch\/wp-json\/wp\/v2\/types\/post"}],"author":[{"embeddable":true,"href":"https:\/\/www.sts-education.com\/fr-ch\/wp-json\/wp\/v2\/users\/20"}],"replies":[{"embeddable":true,"href":"https:\/\/www.sts-education.com\/fr-ch\/wp-json\/wp\/v2\/comments?post=12229"}],"version-history":[{"count":5,"href":"https:\/\/www.sts-education.com\/fr-ch\/wp-json\/wp\/v2\/posts\/12229\/revisions"}],"predecessor-version":[{"id":43541,"href":"https:\/\/www.sts-education.com\/fr-ch\/wp-json\/wp\/v2\/posts\/12229\/revisions\/43541"}],"wp:featuredmedia":[{"embeddable":true,"href":"https:\/\/www.sts-education.com\/fr-ch\/wp-json\/wp\/v2\/media\/13535"}],"wp:attachment":[{"href":"https:\/\/www.sts-education.com\/fr-ch\/wp-json\/wp\/v2\/media?parent=12229"}],"wp:term":[{"taxonomy":"category","embeddable":true,"href":"https:\/\/www.sts-education.com\/fr-ch\/wp-json\/wp\/v2\/categories?post=12229"},{"taxonomy":"post_tag","embeddable":true,"href":"https:\/\/www.sts-education.com\/fr-ch\/wp-json\/wp\/v2\/tags?post=12229"},{"taxonomy":"wpw_post_folders","embeddable":true,"href":"https:\/\/www.sts-education.com\/fr-ch\/wp-json\/wp\/v2\/wpw_post_folders?post=12229"}],"curies":[{"name":"wp","href":"https:\/\/api.w.org\/{rel}","templated":true}]}}