{"id":12230,"date":"2024-08-27T15:00:00","date_gmt":"2024-08-27T13:00:00","guid":{"rendered":"https:\/\/preprod.sts-education.com\/blog\/2026\/03\/05\/rayn-est-parti-etudier-en-suede\/"},"modified":"2026-04-29T09:59:25","modified_gmt":"2026-04-29T07:59:25","slug":"rayn-est-parti-etudier-en-suede","status":"publish","type":"post","link":"https:\/\/www.sts-education.com\/fr-ch\/high-school\/nos-etudiants-dechange\/temoignages\/rayn-est-parti-etudier-en-suede\/","title":{"rendered":"Rayn Est Parti Etudier En Suede"},"content":{"rendered":"\n<div class=\"wp-block-sts-text sts-text-editor has-max-width-md\"><div class=\"sts-text-editor__content\"><div class=\"sts-text-editor__content-inner\">\n<h1 style=\"text-align:center\">Rayn est parti \u00e9tudier en Su\u00e8de<\/h1>\n<\/div><\/div><\/div>\n\n\n\n<figure class=\"wp-block-sts-image sts-block-image sts-block-image--count-1 has-max-width-lg\" data-count=\"1\"><div class=\"sts-block-image__grid\"><div class=\"sts-block-image__item\"><picture class=\"sts-responsive-image has-fit-cover has-pos-top is-skeleton\"><source media=\"(max-width: 834.98px)\" srcset=\"https:\/\/powered-by.qbank.se\/educatius\/sts\/77af69a8e2500351dc46c7daa33de5ca_1-1-thumb.webp 150w, https:\/\/powered-by.qbank.se\/educatius\/sts\/77af69a8e2500351dc46c7daa33de5ca_1-1-xsmall.webp 500w, https:\/\/powered-by.qbank.se\/educatius\/sts\/77af69a8e2500351dc46c7daa33de5ca_1-1-small.webp 800w, https:\/\/powered-by.qbank.se\/educatius\/sts\/77af69a8e2500351dc46c7daa33de5ca_1-1-medium.webp 1024w, https:\/\/powered-by.qbank.se\/educatius\/sts\/77af69a8e2500351dc46c7daa33de5ca_1-1-large.webp 1536w\" sizes=\"(max-width: 768px) 100vw, (max-width: 1200px) 100vw, 1200px\" type=\"image\/webp\"\/><source media=\"(min-width: 835px)\" srcset=\"https:\/\/powered-by.qbank.se\/educatius\/sts\/77af69a8e2500351dc46c7daa33de5ca_16-9-small.webp 800w, https:\/\/powered-by.qbank.se\/educatius\/sts\/77af69a8e2500351dc46c7daa33de5ca_16-9-medium.webp 1024w, https:\/\/powered-by.qbank.se\/educatius\/sts\/77af69a8e2500351dc46c7daa33de5ca_16-9-large.webp 1536w\" sizes=\"(max-width: 768px) 100vw, (max-width: 1200px) 100vw, 1200px\" type=\"image\/webp\"\/><img src=\"https:\/\/powered-by.qbank.se\/educatius\/sts\/77af69a8e2500351dc46c7daa33de5ca_1-1-thumb.webp\" alt=\"Rayn est parti \u00e9tudier en Su\u00e8de\" loading=\"lazy\" decoding=\"async\" fetchpriority=\"low\" style=\"object-position:top\"\/><\/picture><\/div><\/div><\/figure>\n\n\n\n<div class=\"wp-block-sts-text sts-text-editor has-max-width-md\"><div class=\"sts-text-editor__content\"><div class=\"sts-text-editor__content-inner\">\n<p><em>Salut, je m\u2019appelle Rayn. Je suis Allemand et j\u2019ai eu la chance de partir comme \u00e9l\u00e8ve d\u2019\u00e9change \u00e0 Link\u00f6ping, en Su\u00e8de, pendant un an.<\/em><\/p>\n<\/div><\/div><\/div>\n\n\n\n<div class=\"wp-block-sts-text sts-text-editor has-max-width-md\"><div class=\"sts-text-editor__content\"><div class=\"sts-text-editor__content-inner\">\n<h2>Pourquoi partir en Su\u00e8de<\/h2>\n<p>J\u2019ai toujours voulu exp\u00e9rimenter la vie, la culture et le syst\u00e8me scolaire d\u2019autres pays. Je voulais vivre autre chose, mais pas seulement en partant en vacances. Quand j\u2019ai appris qu\u2019il \u00e9tait possible de partir faire une ann\u00e9e ou un semestre, j\u2019ai imm\u00e9diatement pens\u00e9 \u00e0 la Su\u00e8de. Je n\u2019y \u00e9tais jamais all\u00e9, mais j\u2019ai toujours ador\u00e9 les villes et les paysages su\u00e9dois \u00e0 la TV.<\/p>\n<h2>Un nouvel \u00e9tablissement scolaire<\/h2>\n<p>L\u2019\u00e9tablissement qui m\u2019a accueilli \u00e9tait vraiment bien. C\u2019\u00e9tait un petit lyc\u00e9e avec seulement les 3 derni\u00e8res ann\u00e9es d\u2019\u00e9tudes. Les gens \u00e9taient vraiment gentils et les profs \u00e9taient incroyables ! J\u2019ai vraiment appris plein de choses. Il a bien s\u00fbr fallu que je m\u2019habitue \u00e0 plein de choses nouvelles, le rythme, et il a notamment fallu que je trouve la bonne classe \u00e0 chaque cours. Mais une fois ma routine en place, c\u2019\u00e9tait comme si j\u2019allais en cours chez moi. Et \u00e0 mon avis c\u2019\u00e9tait m\u00eame mieux.<\/p>\n<h2>Vivre en famille d\u2019accueil<\/h2>\n<p>Tout d\u2019abord, c\u2019est hyper int\u00e9ressant de voir comment s\u2019organise le quotidien d\u2019une autre famille. Vivre en famille d\u2019accueil est tellement diff\u00e9rent que de partir \u00e0 l\u2019\u00e9tranger pour \u00e9tudier par ses propres moyens. Ta famille d\u2019accueil peut t\u2019aider \u00e9norm\u00e9ment pour te rep\u00e9rer dans la ville, dans ton pays d\u2019accueil en g\u00e9n\u00e9ral, et quand tu as n\u2019importe quel probl\u00e8me tu peux en parler avec eux. Je me suis tr\u00e8s bien entendu avec ma famille d\u2019accueil, et on a fait plein de super activit\u00e9s ensemble ! De mon retour dans mon pays, je sais que j\u2019ai une seconde famille, avec qui je ne perdrai pas contact.<\/p>\n<h2>Se faire des amis<\/h2>\n<p>Le meilleur endroit pour se faire des amis, c\u2019est l\u2019\u00e9cole. Le premier jour, apr\u00e8s m\u2019avoir pr\u00e9sent\u00e9 \u00e0 la classe, le professeur a d\u00e9sign\u00e9 deux de mes camarades pour prendre soin de moi et m\u2019aider si j\u2019avais des questions. Je me suis vite fait un groupe d\u2019amis, avec qui je passais la plupart de mon temps. Je conseille vraiment de parler avec le plus de gens possible, m\u00eame aux plus introvertis, parce qu\u2019on peut vraiment se faire de bons amis !<\/p>\n<p>On rencontre souvent d\u2019autres \u00e9l\u00e8ves d\u2019\u00e9change, notamment lors du STS Welcome Camp et au cours des nombreuses activit\u00e9s organis\u00e9es par STS. Et puis dans votre \u00e9cole il y a parfois d\u2019autres \u00e9l\u00e8ves d\u2019autres organismes. C\u2019est comme \u00e7a que je me suis fait un v\u00e9ritable ami !<\/p>\n<p>Pendant ton temps libre tu as moyen de tisser de vrais liens. Peu importe que ce soit au sport, \u00e0 la musique ou juste lors de sorties avec d\u2019autres jeunes. Tu rencontreras certainement du monde en int\u00e9grant une \u00e9quipe sportive, un orchestre, un club, les scouts, etc.<\/p>\n<h2>Attentes<\/h2>\n<p>Essaye de partir sans trop attendre ou esp\u00e9rer quoi que ce soit de ton \u00e9change, par exemple concernant ta famille d\u2019accueil ou ton \u00e9tablissement scolaire. Cet \u00e9change sera une formidable exp\u00e9rience, m\u00eame s\u2019il n\u2019y a pas d\u2019enfants dans ta famille, et quelle que soit la taille de ton \u00e9tablissement scolaire. Je n\u2019attendais rien et j\u2019ai \u00e9t\u00e9 ravi de mon \u00e9change !<\/p>\n<p>Si tu rencontres des difficult\u00e9s pendant ton s\u00e9jour, tu peux toujours en parler \u00e0 tes parents d\u2019accueil, au coordinateur local et \u00e0 ton mentor\/tuteur au lyc\u00e9e.<\/p>\n<h2>Principaux apprentissages<\/h2>\n<p>Tout d\u2019abord, j\u2019ai \u00e9norm\u00e9ment accru ma confiance en moi en quelques mois. J\u2019ai appris \u00e0 me d\u00e9brouiller tout seul et dans un nouvel environnement. J\u2019ai bien s\u00fbr \u00e9galement appris et pratiqu\u00e9 une nouvelle langue, c\u2019\u00e9tait beaucoup plus amusant que de le faire \u00e0 l\u2019\u00e9cole chez moi. J\u2019ai aussi appris qu\u2019il \u00e9tait possible de demander de l\u2019aide et de se fixer des limites, par exemple de ne pas trop se stresser \u00e0 propos des cours ou de ses activit\u00e9s.<\/p>\n<h2>Impact de mon \u00e9change scolaire sur mon avenir<\/h2>\n<p>Mon \u00e9change scolaire a eu un impact majeur sur ma vie. Une fois rentr\u00e9 chez moi, j\u2019ai r\u00e9alis\u00e9 que je n\u2019avais plus peur du tout d\u2019\u00eatre dans un endroit ou dans une situation inconnus. Et puis maintenant j\u2019ai un but dans la vie : am\u00e9liorer mon su\u00e9dois et vivre un jour en Su\u00e8de, parce que je suis vraiment tomb\u00e9 amoureux de ce pays.<\/p>\n<h2>Si c\u2019\u00e9tait \u00e0 refaire<\/h2>\n<p>Si je pouvais, je choisirais de partir une ann\u00e9e enti\u00e8re au lieu d\u2019un semestre, parce que c\u2019\u00e9tait vraiment le plus beau moment de ma vie. Mais \u00e7a ne tient qu\u2019\u00e0 moi, d\u2019autres gens pr\u00e9f\u00e8reront peut-\u00eatre ne partir que 6 mois !<\/p>\n<h2>Mon exp\u00e9rience avec STS<\/h2>\n<p>STS est un super organisme et partir avec eux a \u00e9t\u00e9 une exp\u00e9rience formidable. Ils sont toujours l\u00e0 pour les \u00e9l\u00e8ves et les familles d\u2019\u00e9change. Avant de s\u2019inscrire, on peut voir de nombreuses vid\u00e9os et conf\u00e9rences, o\u00f9 STS t\u2019explique comment va se passer ton ann\u00e9e d\u2019\u00e9change, les diff\u00e9rents pays et la proc\u00e9dure pour t\u2019inscrire. Lors de ton inscription, le responsable de ton programme sera l\u00e0 pour r\u00e9pondre \u00e0 toutes tes questions. Chaque \u00e9l\u00e8ve d\u2019\u00e9change a un coordinateur local qui fera le point avec toi une fois par mois, et tu peux le contacter quand tu veux.<\/p>\n<p>Tu commenceras ton ann\u00e9e d\u2019\u00e9change par le Welcome Camp, qui te permettra de rencontrer d\u2019autres \u00e9l\u00e8ves d\u2019\u00e9change. Plus tard, STS organise des weekends d\u2019activit\u00e9s pour les \u00e9l\u00e8ves d\u2019\u00e9change de plusieurs pays. Ils ne sont pas inclus dans le prix de ton ann\u00e9e d\u2019\u00e9change, mais ils valent vraiment le coup !<\/p>\n<h2>Pourquoi \u00e9tudier \u00e0 l\u2019\u00e9tranger<\/h2>\n<p>Faire ses \u00e9tudes \u00e0 l\u2019\u00e9tranger est une exp\u00e9rience que je recommanderais \u00e0 n\u2019importe qui, au moins une fois dans sa vie. Le simple fait de vivre dans un autre pays pendant un certain temps te montre la vie sous un nouvel angle et dans de nouvelles circonstances, comme une autre culture, un autre climat, dans une autre maison et une autre \u00e9cole.<\/p>\n<p>Tu deviens tellement plus intelligent ! Cela te permet non seulement d\u2019apprendre une nouvelle langue et de la pratiquer en situation r\u00e9elle, mais aussi de beaucoup apprendre sur toi-m\u00eame et de devenir beaucoup plus ind\u00e9pendant.<\/p>\n<h2>Conseil \u00e0 tous les \u00e9l\u00e8ves d\u2019\u00e9change<\/h2>\n<ul><li>Ne te compare \u00e0 aucun autre \u00e9l\u00e8ve d\u2019\u00e9change. Chaque exp\u00e9rience est unique et pr\u00e9sente ses propres avantages et d\u00e9savantages.<\/li>\n<li>N\u2019aie pas peur de demander de l\u2019aide ! C\u2019est tout \u00e0 fait compr\u00e9hensible, vivre dans une nouvelle famille, aller dans un nouvel \u00e9tablissement scolaire et essayer de communiquer dans une langue qu\u2019on ne ma\u00eetrise pas, ce n\u2019est pas facile !<\/li>\n<li>Tu g\u00e8res ! Inutile de culpabiliser.<\/li>\n<li>N\u2019attends pas trop avant de faire ce que tu souhaites, comme parler aux gens ou tenter une nouvelle activit\u00e9. D\u00e9passe tes peurs, \u00e7a vaut vraiment le coup !<\/li>\n<li>Pour apprendre \u00e0 conna\u00eetre ta famille d\u2019accueil ou tes camarades, je te conseille de faire des jeux ou une activit\u00e9 en ville, comme un mini-golf ou un jeu de soci\u00e9t\u00e9 \ud83d\ude42<\/li>\n<li>Amuse-toi, c\u2019est la premi\u00e8re et la derni\u00e8re fois que tu seras \u00e9l\u00e8ve d\u2019\u00e9change !<\/li><\/ul>\n<h2>Pour en savoir plus<\/h2>\n<ul><li>Lis d&#x27;autres <a href=\"https:\/\/www.sts-education.com\/fr-ch\/high-school\/nos-etudiants-dechange\/temoignages\/?hashtag=Su%c3%a8de\">t\u00e9moignages d&#x27;\u00e9tudiants en Su\u00e8de<\/a><\/li>\n<li>En savoir plus sur un <a href=\"https:\/\/www.sts-education.com\/fr-ch\/high-school\/destinations\/europe\/suede\/\">\u00e9change scolaire en Su\u00e8de<\/a><\/li>\n<li>Voir <a href=\"\/fr-ch\/high-school\/tripfinder\/\">toutes nos destinations d&#x27;\u00e9change scolaire<\/a><\/li><\/ul>\n<\/div><\/div><\/div>\n","protected":false},"excerpt":{"rendered":"","protected":false},"author":20,"featured_media":13537,"comment_status":"open","ping_status":"open","sticky":false,"template":"","format":"standard","meta":{"_acf_changed":false,"_yoast_wpseo_title":"Rayn est parti \u00e9tudier en Su\u00e8de","_yoast_wpseo_metadesc":"J\u2019ai toujours voulu exp\u00e9rimenter la vie, la culture et le syst\u00e8me scolaire d\u2019autres pays. Je voulais vivre autre chose, mais pas seulement en partant en vacances.","footnotes":""},"categories":[297],"tags":[1066],"wpw_post_folders":[],"class_list":["post-12230","post","type-post","status-publish","format-standard","has-post-thumbnail","hentry","category-uncategorized-fr-ch","tag-suede"],"acf":[],"yoast_head":"<!-- This site is optimized with the Yoast SEO Premium plugin v27.2 (Yoast SEO v27.2) - https:\/\/yoast.com\/product\/yoast-seo-premium-wordpress\/ -->\n<title>Rayn est parti \u00e9tudier en Su\u00e8de<\/title>\n<meta name=\"description\" content=\"J\u2019ai toujours voulu exp\u00e9rimenter la vie, la culture et le syst\u00e8me scolaire d\u2019autres pays. Je voulais vivre autre chose, mais pas seulement en partant en vacances.\" \/>\n<meta name=\"robots\" content=\"index, follow, max-snippet:-1, max-image-preview:large, max-video-preview:-1\" \/>\n<link rel=\"canonical\" href=\"https:\/\/www.sts-education.com\/fr-ch\/high-school\/nos-etudiants-dechange\/temoignages\/rayn-est-parti-etudier-en-suede\/\" \/>\n<meta property=\"og:locale\" content=\"fr_FR\" \/>\n<meta property=\"og:type\" content=\"article\" \/>\n<meta property=\"og:title\" content=\"Rayn Est Parti Etudier En Suede\" \/>\n<meta property=\"og:description\" content=\"J\u2019ai toujours voulu exp\u00e9rimenter la vie, la culture et le syst\u00e8me scolaire d\u2019autres pays. Je voulais vivre autre chose, mais pas seulement en partant en vacances.\" \/>\n<meta property=\"og:url\" content=\"https:\/\/www.sts-education.com\/fr-ch\/high-school\/nos-etudiants-dechange\/temoignages\/rayn-est-parti-etudier-en-suede\/\" \/>\n<meta property=\"og:site_name\" content=\"STS Education\" \/>\n<meta property=\"article:published_time\" content=\"2024-08-27T13:00:00+00:00\" \/>\n<meta property=\"article:modified_time\" content=\"2026-04-29T07:59:25+00:00\" \/>\n<meta property=\"og:image\" content=\"https:\/\/powered-by.qbank.se\/educatius\/sts\/\/77af69a8e2500351dc46c7daa33de5ca_1-1-thumb.webp\" \/>\n\t<meta property=\"og:image:width\" content=\"150\" \/>\n\t<meta property=\"og:image:height\" content=\"150\" \/>\n\t<meta property=\"og:image:type\" content=\"image\/jpeg\" \/>\n<meta name=\"author\" content=\"syncreadwrite\" \/>\n<meta name=\"twitter:card\" content=\"summary_large_image\" \/>\n<meta name=\"twitter:label1\" content=\"Written by\" \/>\n\t<meta name=\"twitter:data1\" content=\"syncreadwrite\" \/>\n\t<meta name=\"twitter:label2\" content=\"Est. reading time\" \/>\n\t<meta name=\"twitter:data2\" content=\"7 minutes\" \/>\n<script type=\"application\/ld+json\" class=\"yoast-schema-graph\">{\"@context\":\"https:\/\/schema.org\",\"@graph\":[{\"@type\":\"Article\",\"@id\":\"https:\/\/www.sts-education.com\/fr-ch\/high-school\/nos-etudiants-dechange\/temoignages\/rayn-est-parti-etudier-en-suede\/#article\",\"isPartOf\":{\"@id\":\"https:\/\/www.sts-education.com\/fr-ch\/high-school\/nos-etudiants-dechange\/temoignages\/rayn-est-parti-etudier-en-suede\/\"},\"author\":{\"name\":\"syncreadwrite\",\"@id\":\"https:\/\/www.sts-education.com\/fr-ch\/#\/schema\/person\/8b82f3a2e45f020b8f296d7a85d9a97c\"},\"headline\":\"Rayn Est Parti Etudier En Suede\",\"datePublished\":\"2024-08-27T13:00:00+00:00\",\"dateModified\":\"2026-04-29T07:59:25+00:00\",\"mainEntityOfPage\":{\"@id\":\"https:\/\/www.sts-education.com\/fr-ch\/high-school\/nos-etudiants-dechange\/temoignages\/rayn-est-parti-etudier-en-suede\/\"},\"wordCount\":1336,\"commentCount\":0,\"image\":{\"@id\":\"https:\/\/www.sts-education.com\/fr-ch\/high-school\/nos-etudiants-dechange\/temoignages\/rayn-est-parti-etudier-en-suede\/#primaryimage\"},\"thumbnailUrl\":\"https:\/\/powered-by.qbank.se\/educatius\/sts\/\/77af69a8e2500351dc46c7daa33de5ca_1-1-thumb.webp\",\"keywords\":[\"Su\u00e8de\"],\"articleSection\":[\"Uncategorized @fr-ch\"],\"inLanguage\":\"fr-CH\",\"potentialAction\":[{\"@type\":\"CommentAction\",\"name\":\"Comment\",\"target\":[\"https:\/\/www.sts-education.com\/fr-ch\/high-school\/nos-etudiants-dechange\/temoignages\/rayn-est-parti-etudier-en-suede\/#respond\"]}]},{\"@type\":\"WebPage\",\"@id\":\"https:\/\/www.sts-education.com\/fr-ch\/high-school\/nos-etudiants-dechange\/temoignages\/rayn-est-parti-etudier-en-suede\/\",\"url\":\"https:\/\/www.sts-education.com\/fr-ch\/high-school\/nos-etudiants-dechange\/temoignages\/rayn-est-parti-etudier-en-suede\/\",\"name\":\"Rayn est parti \u00e9tudier en Su\u00e8de\",\"isPartOf\":{\"@id\":\"https:\/\/www.sts-education.com\/fr-ch\/#website\"},\"primaryImageOfPage\":{\"@id\":\"https:\/\/www.sts-education.com\/fr-ch\/high-school\/nos-etudiants-dechange\/temoignages\/rayn-est-parti-etudier-en-suede\/#primaryimage\"},\"image\":{\"@id\":\"https:\/\/www.sts-education.com\/fr-ch\/high-school\/nos-etudiants-dechange\/temoignages\/rayn-est-parti-etudier-en-suede\/#primaryimage\"},\"thumbnailUrl\":\"https:\/\/powered-by.qbank.se\/educatius\/sts\/\/77af69a8e2500351dc46c7daa33de5ca_1-1-thumb.webp\",\"datePublished\":\"2024-08-27T13:00:00+00:00\",\"dateModified\":\"2026-04-29T07:59:25+00:00\",\"author\":{\"@id\":\"https:\/\/www.sts-education.com\/fr-ch\/#\/schema\/person\/8b82f3a2e45f020b8f296d7a85d9a97c\"},\"description\":\"J\u2019ai toujours voulu exp\u00e9rimenter la vie, la culture et le syst\u00e8me scolaire d\u2019autres pays. Je voulais vivre autre chose, mais pas seulement en partant en vacances.\",\"breadcrumb\":{\"@id\":\"https:\/\/www.sts-education.com\/fr-ch\/high-school\/nos-etudiants-dechange\/temoignages\/rayn-est-parti-etudier-en-suede\/#breadcrumb\"},\"inLanguage\":\"fr-CH\",\"potentialAction\":[{\"@type\":\"ReadAction\",\"target\":[\"https:\/\/www.sts-education.com\/fr-ch\/high-school\/nos-etudiants-dechange\/temoignages\/rayn-est-parti-etudier-en-suede\/\"]}]},{\"@type\":\"ImageObject\",\"inLanguage\":\"fr-CH\",\"@id\":\"https:\/\/www.sts-education.com\/fr-ch\/high-school\/nos-etudiants-dechange\/temoignages\/rayn-est-parti-etudier-en-suede\/#primaryimage\",\"url\":\"https:\/\/powered-by.qbank.se\/educatius\/sts\/\/77af69a8e2500351dc46c7daa33de5ca_1-1-thumb.webp\",\"contentUrl\":\"https:\/\/powered-by.qbank.se\/educatius\/sts\/\/77af69a8e2500351dc46c7daa33de5ca_1-1-thumb.webp\",\"width\":150,\"height\":150},{\"@type\":\"BreadcrumbList\",\"@id\":\"https:\/\/www.sts-education.com\/fr-ch\/high-school\/nos-etudiants-dechange\/temoignages\/rayn-est-parti-etudier-en-suede\/#breadcrumb\",\"itemListElement\":[{\"@type\":\"ListItem\",\"position\":1,\"name\":\"Home\",\"item\":\"https:\/\/www.sts-education.com\/fr-ch\/\"},{\"@type\":\"ListItem\",\"position\":2,\"name\":\"Rayn Est Parti Etudier En Suede\"}]},{\"@type\":\"WebSite\",\"@id\":\"https:\/\/www.sts-education.com\/fr-ch\/#website\",\"url\":\"https:\/\/www.sts-education.com\/fr-ch\/\",\"name\":\"STS Education\",\"description\":\"\",\"potentialAction\":[{\"@type\":\"SearchAction\",\"target\":{\"@type\":\"EntryPoint\",\"urlTemplate\":\"https:\/\/www.sts-education.com\/fr-ch\/?s={search_term_string}\"},\"query-input\":{\"@type\":\"PropertyValueSpecification\",\"valueRequired\":true,\"valueName\":\"search_term_string\"}}],\"inLanguage\":\"fr-CH\"},{\"@type\":\"Person\",\"@id\":\"https:\/\/www.sts-education.com\/fr-ch\/#\/schema\/person\/8b82f3a2e45f020b8f296d7a85d9a97c\",\"name\":\"syncreadwrite\",\"image\":{\"@type\":\"ImageObject\",\"inLanguage\":\"fr-CH\",\"@id\":\"https:\/\/secure.gravatar.com\/avatar\/6ed1007e4f6f43f22e3df41d9fce4365533cba47fef64bb359b8e629abbc2ea6?s=96&d=mm&r=g\",\"url\":\"https:\/\/secure.gravatar.com\/avatar\/6ed1007e4f6f43f22e3df41d9fce4365533cba47fef64bb359b8e629abbc2ea6?s=96&d=mm&r=g\",\"contentUrl\":\"https:\/\/secure.gravatar.com\/avatar\/6ed1007e4f6f43f22e3df41d9fce4365533cba47fef64bb359b8e629abbc2ea6?s=96&d=mm&r=g\",\"caption\":\"syncreadwrite\"},\"url\":\"https:\/\/www.sts-education.com\/fr-ch\/author\/syncreadwrite\/\"}]}<\/script>\n<!-- \/ Yoast SEO Premium plugin. -->","yoast_head_json":{"title":"Rayn est parti \u00e9tudier en Su\u00e8de","description":"J\u2019ai toujours voulu exp\u00e9rimenter la vie, la culture et le syst\u00e8me scolaire d\u2019autres pays. Je voulais vivre autre chose, mais pas seulement en partant en vacances.","robots":{"index":"index","follow":"follow","max-snippet":"max-snippet:-1","max-image-preview":"max-image-preview:large","max-video-preview":"max-video-preview:-1"},"canonical":"https:\/\/www.sts-education.com\/fr-ch\/high-school\/nos-etudiants-dechange\/temoignages\/rayn-est-parti-etudier-en-suede\/","og_locale":"fr_FR","og_type":"article","og_title":"Rayn Est Parti Etudier En Suede","og_description":"J\u2019ai toujours voulu exp\u00e9rimenter la vie, la culture et le syst\u00e8me scolaire d\u2019autres pays. Je voulais vivre autre chose, mais pas seulement en partant en vacances.","og_url":"https:\/\/www.sts-education.com\/fr-ch\/high-school\/nos-etudiants-dechange\/temoignages\/rayn-est-parti-etudier-en-suede\/","og_site_name":"STS Education","article_published_time":"2024-08-27T13:00:00+00:00","article_modified_time":"2026-04-29T07:59:25+00:00","og_image":[{"width":150,"height":150,"url":"https:\/\/powered-by.qbank.se\/educatius\/sts\/\/77af69a8e2500351dc46c7daa33de5ca_1-1-thumb.webp","type":"image\/jpeg"}],"author":"syncreadwrite","twitter_card":"summary_large_image","twitter_misc":{"Written by":"syncreadwrite","Est. reading time":"7 minutes"},"schema":{"@context":"https:\/\/schema.org","@graph":[{"@type":"Article","@id":"https:\/\/www.sts-education.com\/fr-ch\/high-school\/nos-etudiants-dechange\/temoignages\/rayn-est-parti-etudier-en-suede\/#article","isPartOf":{"@id":"https:\/\/www.sts-education.com\/fr-ch\/high-school\/nos-etudiants-dechange\/temoignages\/rayn-est-parti-etudier-en-suede\/"},"author":{"name":"syncreadwrite","@id":"https:\/\/www.sts-education.com\/fr-ch\/#\/schema\/person\/8b82f3a2e45f020b8f296d7a85d9a97c"},"headline":"Rayn Est Parti Etudier En Suede","datePublished":"2024-08-27T13:00:00+00:00","dateModified":"2026-04-29T07:59:25+00:00","mainEntityOfPage":{"@id":"https:\/\/www.sts-education.com\/fr-ch\/high-school\/nos-etudiants-dechange\/temoignages\/rayn-est-parti-etudier-en-suede\/"},"wordCount":1336,"commentCount":0,"image":{"@id":"https:\/\/www.sts-education.com\/fr-ch\/high-school\/nos-etudiants-dechange\/temoignages\/rayn-est-parti-etudier-en-suede\/#primaryimage"},"thumbnailUrl":"https:\/\/powered-by.qbank.se\/educatius\/sts\/\/77af69a8e2500351dc46c7daa33de5ca_1-1-thumb.webp","keywords":["Su\u00e8de"],"articleSection":["Uncategorized @fr-ch"],"inLanguage":"fr-CH","potentialAction":[{"@type":"CommentAction","name":"Comment","target":["https:\/\/www.sts-education.com\/fr-ch\/high-school\/nos-etudiants-dechange\/temoignages\/rayn-est-parti-etudier-en-suede\/#respond"]}]},{"@type":"WebPage","@id":"https:\/\/www.sts-education.com\/fr-ch\/high-school\/nos-etudiants-dechange\/temoignages\/rayn-est-parti-etudier-en-suede\/","url":"https:\/\/www.sts-education.com\/fr-ch\/high-school\/nos-etudiants-dechange\/temoignages\/rayn-est-parti-etudier-en-suede\/","name":"Rayn est parti \u00e9tudier en Su\u00e8de","isPartOf":{"@id":"https:\/\/www.sts-education.com\/fr-ch\/#website"},"primaryImageOfPage":{"@id":"https:\/\/www.sts-education.com\/fr-ch\/high-school\/nos-etudiants-dechange\/temoignages\/rayn-est-parti-etudier-en-suede\/#primaryimage"},"image":{"@id":"https:\/\/www.sts-education.com\/fr-ch\/high-school\/nos-etudiants-dechange\/temoignages\/rayn-est-parti-etudier-en-suede\/#primaryimage"},"thumbnailUrl":"https:\/\/powered-by.qbank.se\/educatius\/sts\/\/77af69a8e2500351dc46c7daa33de5ca_1-1-thumb.webp","datePublished":"2024-08-27T13:00:00+00:00","dateModified":"2026-04-29T07:59:25+00:00","author":{"@id":"https:\/\/www.sts-education.com\/fr-ch\/#\/schema\/person\/8b82f3a2e45f020b8f296d7a85d9a97c"},"description":"J\u2019ai toujours voulu exp\u00e9rimenter la vie, la culture et le syst\u00e8me scolaire d\u2019autres pays. Je voulais vivre autre chose, mais pas seulement en partant en vacances.","breadcrumb":{"@id":"https:\/\/www.sts-education.com\/fr-ch\/high-school\/nos-etudiants-dechange\/temoignages\/rayn-est-parti-etudier-en-suede\/#breadcrumb"},"inLanguage":"fr-CH","potentialAction":[{"@type":"ReadAction","target":["https:\/\/www.sts-education.com\/fr-ch\/high-school\/nos-etudiants-dechange\/temoignages\/rayn-est-parti-etudier-en-suede\/"]}]},{"@type":"ImageObject","inLanguage":"fr-CH","@id":"https:\/\/www.sts-education.com\/fr-ch\/high-school\/nos-etudiants-dechange\/temoignages\/rayn-est-parti-etudier-en-suede\/#primaryimage","url":"https:\/\/powered-by.qbank.se\/educatius\/sts\/\/77af69a8e2500351dc46c7daa33de5ca_1-1-thumb.webp","contentUrl":"https:\/\/powered-by.qbank.se\/educatius\/sts\/\/77af69a8e2500351dc46c7daa33de5ca_1-1-thumb.webp","width":150,"height":150},{"@type":"BreadcrumbList","@id":"https:\/\/www.sts-education.com\/fr-ch\/high-school\/nos-etudiants-dechange\/temoignages\/rayn-est-parti-etudier-en-suede\/#breadcrumb","itemListElement":[{"@type":"ListItem","position":1,"name":"Home","item":"https:\/\/www.sts-education.com\/fr-ch\/"},{"@type":"ListItem","position":2,"name":"Rayn Est Parti Etudier En Suede"}]},{"@type":"WebSite","@id":"https:\/\/www.sts-education.com\/fr-ch\/#website","url":"https:\/\/www.sts-education.com\/fr-ch\/","name":"STS Education","description":"","potentialAction":[{"@type":"SearchAction","target":{"@type":"EntryPoint","urlTemplate":"https:\/\/www.sts-education.com\/fr-ch\/?s={search_term_string}"},"query-input":{"@type":"PropertyValueSpecification","valueRequired":true,"valueName":"search_term_string"}}],"inLanguage":"fr-CH"},{"@type":"Person","@id":"https:\/\/www.sts-education.com\/fr-ch\/#\/schema\/person\/8b82f3a2e45f020b8f296d7a85d9a97c","name":"syncreadwrite","image":{"@type":"ImageObject","inLanguage":"fr-CH","@id":"https:\/\/secure.gravatar.com\/avatar\/6ed1007e4f6f43f22e3df41d9fce4365533cba47fef64bb359b8e629abbc2ea6?s=96&d=mm&r=g","url":"https:\/\/secure.gravatar.com\/avatar\/6ed1007e4f6f43f22e3df41d9fce4365533cba47fef64bb359b8e629abbc2ea6?s=96&d=mm&r=g","contentUrl":"https:\/\/secure.gravatar.com\/avatar\/6ed1007e4f6f43f22e3df41d9fce4365533cba47fef64bb359b8e629abbc2ea6?s=96&d=mm&r=g","caption":"syncreadwrite"},"url":"https:\/\/www.sts-education.com\/fr-ch\/author\/syncreadwrite\/"}]}},"_links":{"self":[{"href":"https:\/\/www.sts-education.com\/fr-ch\/wp-json\/wp\/v2\/posts\/12230","targetHints":{"allow":["GET"]}}],"collection":[{"href":"https:\/\/www.sts-education.com\/fr-ch\/wp-json\/wp\/v2\/posts"}],"about":[{"href":"https:\/\/www.sts-education.com\/fr-ch\/wp-json\/wp\/v2\/types\/post"}],"author":[{"embeddable":true,"href":"https:\/\/www.sts-education.com\/fr-ch\/wp-json\/wp\/v2\/users\/20"}],"replies":[{"embeddable":true,"href":"https:\/\/www.sts-education.com\/fr-ch\/wp-json\/wp\/v2\/comments?post=12230"}],"version-history":[{"count":5,"href":"https:\/\/www.sts-education.com\/fr-ch\/wp-json\/wp\/v2\/posts\/12230\/revisions"}],"predecessor-version":[{"id":43529,"href":"https:\/\/www.sts-education.com\/fr-ch\/wp-json\/wp\/v2\/posts\/12230\/revisions\/43529"}],"wp:featuredmedia":[{"embeddable":true,"href":"https:\/\/www.sts-education.com\/fr-ch\/wp-json\/wp\/v2\/media\/13537"}],"wp:attachment":[{"href":"https:\/\/www.sts-education.com\/fr-ch\/wp-json\/wp\/v2\/media?parent=12230"}],"wp:term":[{"taxonomy":"category","embeddable":true,"href":"https:\/\/www.sts-education.com\/fr-ch\/wp-json\/wp\/v2\/categories?post=12230"},{"taxonomy":"post_tag","embeddable":true,"href":"https:\/\/www.sts-education.com\/fr-ch\/wp-json\/wp\/v2\/tags?post=12230"},{"taxonomy":"wpw_post_folders","embeddable":true,"href":"https:\/\/www.sts-education.com\/fr-ch\/wp-json\/wp\/v2\/wpw_post_folders?post=12230"}],"curies":[{"name":"wp","href":"https:\/\/api.w.org\/{rel}","templated":true}]}}