{"id":12231,"date":"2024-08-19T15:00:00","date_gmt":"2024-08-19T13:00:00","guid":{"rendered":"https:\/\/preprod.sts-education.com\/blog\/2026\/03\/05\/nele-est-partie-en-norvege\/"},"modified":"2026-04-29T10:00:17","modified_gmt":"2026-04-29T08:00:17","slug":"nele-est-partie-en-norvege","status":"publish","type":"post","link":"https:\/\/www.sts-education.com\/fr-ch\/high-school\/nos-etudiants-dechange\/temoignages\/nele-est-partie-en-norvege\/","title":{"rendered":"Nele Est Partie En Norvege"},"content":{"rendered":"\n<div class=\"wp-block-sts-text sts-text-editor has-max-width-md\"><div class=\"sts-text-editor__content\"><div class=\"sts-text-editor__content-inner\">\n<h1 style=\"text-align:center\">Nele est partie en Norv\u00e8ge<\/h1>\n<\/div><\/div><\/div>\n\n\n\n<figure class=\"wp-block-sts-image sts-block-image sts-block-image--count-1 has-max-width-lg\" data-count=\"1\"><div class=\"sts-block-image__grid\"><div class=\"sts-block-image__item\"><picture class=\"sts-responsive-image has-fit-cover has-pos-top is-skeleton\"><source media=\"(max-width: 834.98px)\" srcset=\"https:\/\/powered-by.qbank.se\/educatius\/sts\/cfea3b6ea2c1a82ef50e42e6a7c66ac5_1-1-thumb.webp 150w, https:\/\/powered-by.qbank.se\/educatius\/sts\/cfea3b6ea2c1a82ef50e42e6a7c66ac5_1-1-xsmall.webp 500w, https:\/\/powered-by.qbank.se\/educatius\/sts\/cfea3b6ea2c1a82ef50e42e6a7c66ac5_1-1-small.webp 800w, https:\/\/powered-by.qbank.se\/educatius\/sts\/cfea3b6ea2c1a82ef50e42e6a7c66ac5_1-1-medium.webp 1024w, https:\/\/powered-by.qbank.se\/educatius\/sts\/cfea3b6ea2c1a82ef50e42e6a7c66ac5_1-1-large.webp 1536w\" sizes=\"(max-width: 768px) 100vw, (max-width: 1200px) 100vw, 1200px\" type=\"image\/webp\"\/><source media=\"(min-width: 835px)\" srcset=\"https:\/\/powered-by.qbank.se\/educatius\/sts\/cfea3b6ea2c1a82ef50e42e6a7c66ac5_16-9-small.webp 800w, https:\/\/powered-by.qbank.se\/educatius\/sts\/cfea3b6ea2c1a82ef50e42e6a7c66ac5_16-9-medium.webp 1024w, https:\/\/powered-by.qbank.se\/educatius\/sts\/cfea3b6ea2c1a82ef50e42e6a7c66ac5_16-9-large.webp 1536w\" sizes=\"(max-width: 768px) 100vw, (max-width: 1200px) 100vw, 1200px\" type=\"image\/webp\"\/><img src=\"https:\/\/powered-by.qbank.se\/educatius\/sts\/cfea3b6ea2c1a82ef50e42e6a7c66ac5_1-1-thumb.webp\" alt=\"Nele est partie en Norv\u00e8ge\" loading=\"lazy\" decoding=\"async\" fetchpriority=\"low\" style=\"object-position:top\"\/><\/picture><\/div><\/div><\/figure>\n\n\n\n<div class=\"wp-block-sts-text sts-text-editor has-max-width-md\"><div class=\"sts-text-editor__content\"><div class=\"sts-text-editor__content-inner\">\n<p><em>Nele, Allemande, a particip\u00e9 \u00e0 un programme \u00e9change en Norv\u00e8ge.<\/em><\/p>\n<\/div><\/div><\/div>\n\n\n\n<div class=\"wp-block-sts-text sts-text-editor has-max-width-md\"><div class=\"sts-text-editor__content\"><div class=\"sts-text-editor__content-inner\">\n<h2>Quand es-tu partie et combien de temps ?<\/h2>\n<p>Je suis partie en Norv\u00e8ge, entre ao\u00fbt 2023 et juin 2024. J\u2019ai pass\u00e9 10 mois \u00e0 Oslo.<\/p>\n<h2>Comment as-tu trouv\u00e9 l\u2019\u00e9cole ?<\/h2>\n<p>Par rapport \u00e0 l\u2019Allemagne, les cours en Norv\u00e8ge sont plus faciles et d\u00e9tendus. Les t\u00e2ches \u00e9taient assez simples et on n\u2019avait presque pas de devoirs. Je n\u2019ai pas beaucoup travaill\u00e9, ce qui ne m\u2019a pas emp\u00each\u00e9e d\u2019avoir beaucoup de A et de B. Les professeurs \u00e9taient moins stricts et les relations \u00e9l\u00e8ves\/professeurs \u00e9tait plus famili\u00e8re et moins formelles qu\u2019en Allemagne. Avec les professeurs, nous avons souvent abord\u00e9 des sujets priv\u00e9s comme nos hobbies et nos animaux. Cela m\u2019a d\u2019abord fait bizarre, mais une fois que je m\u2019y suis faite, j\u2019ai ador\u00e9. Cela permet de poser plus facilement des questions et de participer en classe.<\/p>\n<h2>Comment as-tu fait face \u00e0 la langue (norv\u00e9gien) ?<\/h2>\n<p>Surtout au d\u00e9but, j\u2019\u00e9tais mal \u00e0 l\u2019aise pour parler. Mais tout le monde m\u2019encourageait vraiment et \u00e9tait tr\u00e8s patient avec moi. Cela m\u2019a permis de sortir de ma zone de confort et d\u2019essayer vraiment de parler norv\u00e9gien en public. A la fin, je parlais couramment.<\/p>\n<h2>Que faisais-tu pendant ton temps libre ? De nouvelles activit\u00e9s ?<\/h2>\n<p>Avant de partir \u00e0 l\u2019\u00e9tranger, je jouais au handball et je voulais continuer pendant mon ann\u00e9e d\u2019\u00e9change. Je me suis fait de tr\u00e8s bonnes amies dans mon \u00e9quipe. De mani\u00e8re g\u00e9n\u00e9rale, c\u2019\u00e9tait vraiment g\u00e9nial de pratiquer le hand dans un autre pays et de trouver l\u2019inspiration.<\/p>\n<p>Comme je n\u2019avais pas besoin de trop travailler pour l\u2019\u00e9cole, j\u2019avais beaucoup de temps libre. Du coup, j\u2019ai commenc\u00e9 la natation, le yoga et le tricot, et je suis souvent all\u00e9e me promener avec le chien de la famille. C\u2019\u00e9tait g\u00e9nial de ne pas avoir \u00e0 trop me concentrer sur les cours et de pouvoir essayer de nouvelles choses.<\/p>\n<h2>Des conseils pour les futurs \u00e9l\u00e8ves ?<\/h2>\n<p>Ne vous inqui\u00e9tez pas, vous vous ferez des amis ! La plupart des gens, dont moi, ont un peu peur de \u00e7a avant de partir. Personnellement, j\u2019ai pas mal lutt\u00e9, surtout les premi\u00e8res semaines, parce que je ne comprenais rien et mes camarades ne m\u2019int\u00e9graient pas beaucoup.<\/p>\n<p>En plus, \u00e7a me stressait de savoir que les autres \u00e9l\u00e8ves d\u2019\u00e9changes s\u2019\u00e9taient fait plein d\u2019amis pendant leur s\u00e9jour. Je sentais la pression. Mais une fois la barri\u00e8re de la langue surmont\u00e9e, je me suis fait de bons amis \u00e0 l\u2019\u00e9cole et au hand. Il a juste fallu un peu de temps. Donc ne vous mettez pas trop la pression les premi\u00e8res semaines. Il faut un peu de temps pour conna\u00eetre des gens et cr\u00e9er des liens.<\/p>\n<p>Je recommande vraiment de faire du sport pendant votre \u00e9change. C\u2019est plus facile de se rapprocher quand on a quelque chose en commun.<\/p>\n<h2>Pour en savoir plus<\/h2>\n<ul><li>Lis d&#x27;autres <a href=\"https:\/\/www.sts-education.com\/fr-ch\/high-school\/nos-etudiants-dechange\/temoignages\/?hashtag=Norv%c3%a8ge\">t\u00e9moignages d&#x27;\u00e9tudiants en Norv\u00e8ge<\/a><\/li>\n<li>En savoir plus sur un <a href=\"https:\/\/www.sts-education.com\/fr-ch\/high-school\/destinations\/europe\/norvege\/\">\u00e9change scolaire en Norv\u00e8ge<\/a><\/li>\n<li>Voir <a href=\"\/fr-ch\/high-school\/tripfinder\/\">toutes nos destinations d&#x27;\u00e9change scolaire<\/a><\/li><\/ul>\n<\/div><\/div><\/div>\n","protected":false},"excerpt":{"rendered":"","protected":false},"author":20,"featured_media":13539,"comment_status":"open","ping_status":"open","sticky":false,"template":"","format":"standard","meta":{"_acf_changed":false,"_yoast_wpseo_title":"Nele est partie en Norv\u00e8ge","_yoast_wpseo_metadesc":"Je suis partie en Norv\u00e8ge, entre ao\u00fbt 2023 et juin 2024. Par rapport \u00e0 l\u2019Allemagne, les cours en Norv\u00e8ge sont plus faciles et d\u00e9tendus.","footnotes":""},"categories":[297],"tags":[1064],"wpw_post_folders":[],"class_list":["post-12231","post","type-post","status-publish","format-standard","has-post-thumbnail","hentry","category-uncategorized-fr-ch","tag-norvege"],"acf":[],"yoast_head":"<!-- This site is optimized with the Yoast SEO Premium plugin v27.2 (Yoast SEO v27.2) - https:\/\/yoast.com\/product\/yoast-seo-premium-wordpress\/ -->\n<title>Nele est partie en Norv\u00e8ge<\/title>\n<meta name=\"description\" content=\"Je suis partie en Norv\u00e8ge, entre ao\u00fbt 2023 et juin 2024. Par rapport \u00e0 l\u2019Allemagne, les cours en Norv\u00e8ge sont plus faciles et d\u00e9tendus.\" \/>\n<meta name=\"robots\" content=\"index, follow, max-snippet:-1, max-image-preview:large, max-video-preview:-1\" \/>\n<link rel=\"canonical\" href=\"https:\/\/www.sts-education.com\/fr-ch\/high-school\/nos-etudiants-dechange\/temoignages\/nele-est-partie-en-norvege\/\" \/>\n<meta property=\"og:locale\" content=\"fr_FR\" \/>\n<meta property=\"og:type\" content=\"article\" \/>\n<meta property=\"og:title\" content=\"Nele Est Partie En Norvege\" \/>\n<meta property=\"og:description\" content=\"Je suis partie en Norv\u00e8ge, entre ao\u00fbt 2023 et juin 2024. Par rapport \u00e0 l\u2019Allemagne, les cours en Norv\u00e8ge sont plus faciles et d\u00e9tendus.\" \/>\n<meta property=\"og:url\" content=\"https:\/\/www.sts-education.com\/fr-ch\/high-school\/nos-etudiants-dechange\/temoignages\/nele-est-partie-en-norvege\/\" \/>\n<meta property=\"og:site_name\" content=\"STS Education\" \/>\n<meta property=\"article:published_time\" content=\"2024-08-19T13:00:00+00:00\" \/>\n<meta property=\"article:modified_time\" content=\"2026-04-29T08:00:17+00:00\" \/>\n<meta property=\"og:image\" content=\"https:\/\/powered-by.qbank.se\/educatius\/sts\/\/cfea3b6ea2c1a82ef50e42e6a7c66ac5_1-1-thumb.webp\" \/>\n\t<meta property=\"og:image:width\" content=\"150\" \/>\n\t<meta property=\"og:image:height\" content=\"150\" \/>\n\t<meta property=\"og:image:type\" content=\"image\/png\" \/>\n<meta name=\"author\" content=\"syncreadwrite\" \/>\n<meta name=\"twitter:card\" content=\"summary_large_image\" \/>\n<meta name=\"twitter:label1\" content=\"Written by\" \/>\n\t<meta name=\"twitter:data1\" content=\"syncreadwrite\" \/>\n\t<meta name=\"twitter:label2\" content=\"Est. reading time\" \/>\n\t<meta name=\"twitter:data2\" content=\"3 minutes\" \/>\n<script type=\"application\/ld+json\" class=\"yoast-schema-graph\">{\"@context\":\"https:\/\/schema.org\",\"@graph\":[{\"@type\":\"Article\",\"@id\":\"https:\/\/www.sts-education.com\/fr-ch\/high-school\/nos-etudiants-dechange\/temoignages\/nele-est-partie-en-norvege\/#article\",\"isPartOf\":{\"@id\":\"https:\/\/www.sts-education.com\/fr-ch\/high-school\/nos-etudiants-dechange\/temoignages\/nele-est-partie-en-norvege\/\"},\"author\":{\"name\":\"syncreadwrite\",\"@id\":\"https:\/\/www.sts-education.com\/fr-ch\/#\/schema\/person\/8b82f3a2e45f020b8f296d7a85d9a97c\"},\"headline\":\"Nele Est Partie En Norvege\",\"datePublished\":\"2024-08-19T13:00:00+00:00\",\"dateModified\":\"2026-04-29T08:00:17+00:00\",\"mainEntityOfPage\":{\"@id\":\"https:\/\/www.sts-education.com\/fr-ch\/high-school\/nos-etudiants-dechange\/temoignages\/nele-est-partie-en-norvege\/\"},\"wordCount\":564,\"commentCount\":0,\"image\":{\"@id\":\"https:\/\/www.sts-education.com\/fr-ch\/high-school\/nos-etudiants-dechange\/temoignages\/nele-est-partie-en-norvege\/#primaryimage\"},\"thumbnailUrl\":\"https:\/\/powered-by.qbank.se\/educatius\/sts\/\/cfea3b6ea2c1a82ef50e42e6a7c66ac5_1-1-thumb.webp\",\"keywords\":[\"Norv\u00e8ge\"],\"articleSection\":[\"Uncategorized @fr-ch\"],\"inLanguage\":\"fr-CH\",\"potentialAction\":[{\"@type\":\"CommentAction\",\"name\":\"Comment\",\"target\":[\"https:\/\/www.sts-education.com\/fr-ch\/high-school\/nos-etudiants-dechange\/temoignages\/nele-est-partie-en-norvege\/#respond\"]}]},{\"@type\":\"WebPage\",\"@id\":\"https:\/\/www.sts-education.com\/fr-ch\/high-school\/nos-etudiants-dechange\/temoignages\/nele-est-partie-en-norvege\/\",\"url\":\"https:\/\/www.sts-education.com\/fr-ch\/high-school\/nos-etudiants-dechange\/temoignages\/nele-est-partie-en-norvege\/\",\"name\":\"Nele est partie en Norv\u00e8ge\",\"isPartOf\":{\"@id\":\"https:\/\/www.sts-education.com\/fr-ch\/#website\"},\"primaryImageOfPage\":{\"@id\":\"https:\/\/www.sts-education.com\/fr-ch\/high-school\/nos-etudiants-dechange\/temoignages\/nele-est-partie-en-norvege\/#primaryimage\"},\"image\":{\"@id\":\"https:\/\/www.sts-education.com\/fr-ch\/high-school\/nos-etudiants-dechange\/temoignages\/nele-est-partie-en-norvege\/#primaryimage\"},\"thumbnailUrl\":\"https:\/\/powered-by.qbank.se\/educatius\/sts\/\/cfea3b6ea2c1a82ef50e42e6a7c66ac5_1-1-thumb.webp\",\"datePublished\":\"2024-08-19T13:00:00+00:00\",\"dateModified\":\"2026-04-29T08:00:17+00:00\",\"author\":{\"@id\":\"https:\/\/www.sts-education.com\/fr-ch\/#\/schema\/person\/8b82f3a2e45f020b8f296d7a85d9a97c\"},\"description\":\"Je suis partie en Norv\u00e8ge, entre ao\u00fbt 2023 et juin 2024. Par rapport \u00e0 l\u2019Allemagne, les cours en Norv\u00e8ge sont plus faciles et d\u00e9tendus.\",\"breadcrumb\":{\"@id\":\"https:\/\/www.sts-education.com\/fr-ch\/high-school\/nos-etudiants-dechange\/temoignages\/nele-est-partie-en-norvege\/#breadcrumb\"},\"inLanguage\":\"fr-CH\",\"potentialAction\":[{\"@type\":\"ReadAction\",\"target\":[\"https:\/\/www.sts-education.com\/fr-ch\/high-school\/nos-etudiants-dechange\/temoignages\/nele-est-partie-en-norvege\/\"]}]},{\"@type\":\"ImageObject\",\"inLanguage\":\"fr-CH\",\"@id\":\"https:\/\/www.sts-education.com\/fr-ch\/high-school\/nos-etudiants-dechange\/temoignages\/nele-est-partie-en-norvege\/#primaryimage\",\"url\":\"https:\/\/powered-by.qbank.se\/educatius\/sts\/\/cfea3b6ea2c1a82ef50e42e6a7c66ac5_1-1-thumb.webp\",\"contentUrl\":\"https:\/\/powered-by.qbank.se\/educatius\/sts\/\/cfea3b6ea2c1a82ef50e42e6a7c66ac5_1-1-thumb.webp\",\"width\":150,\"height\":150},{\"@type\":\"BreadcrumbList\",\"@id\":\"https:\/\/www.sts-education.com\/fr-ch\/high-school\/nos-etudiants-dechange\/temoignages\/nele-est-partie-en-norvege\/#breadcrumb\",\"itemListElement\":[{\"@type\":\"ListItem\",\"position\":1,\"name\":\"Home\",\"item\":\"https:\/\/www.sts-education.com\/fr-ch\/\"},{\"@type\":\"ListItem\",\"position\":2,\"name\":\"Nele Est Partie En Norvege\"}]},{\"@type\":\"WebSite\",\"@id\":\"https:\/\/www.sts-education.com\/fr-ch\/#website\",\"url\":\"https:\/\/www.sts-education.com\/fr-ch\/\",\"name\":\"STS Education\",\"description\":\"\",\"potentialAction\":[{\"@type\":\"SearchAction\",\"target\":{\"@type\":\"EntryPoint\",\"urlTemplate\":\"https:\/\/www.sts-education.com\/fr-ch\/?s={search_term_string}\"},\"query-input\":{\"@type\":\"PropertyValueSpecification\",\"valueRequired\":true,\"valueName\":\"search_term_string\"}}],\"inLanguage\":\"fr-CH\"},{\"@type\":\"Person\",\"@id\":\"https:\/\/www.sts-education.com\/fr-ch\/#\/schema\/person\/8b82f3a2e45f020b8f296d7a85d9a97c\",\"name\":\"syncreadwrite\",\"image\":{\"@type\":\"ImageObject\",\"inLanguage\":\"fr-CH\",\"@id\":\"https:\/\/secure.gravatar.com\/avatar\/6ed1007e4f6f43f22e3df41d9fce4365533cba47fef64bb359b8e629abbc2ea6?s=96&d=mm&r=g\",\"url\":\"https:\/\/secure.gravatar.com\/avatar\/6ed1007e4f6f43f22e3df41d9fce4365533cba47fef64bb359b8e629abbc2ea6?s=96&d=mm&r=g\",\"contentUrl\":\"https:\/\/secure.gravatar.com\/avatar\/6ed1007e4f6f43f22e3df41d9fce4365533cba47fef64bb359b8e629abbc2ea6?s=96&d=mm&r=g\",\"caption\":\"syncreadwrite\"},\"url\":\"https:\/\/www.sts-education.com\/fr-ch\/author\/syncreadwrite\/\"}]}<\/script>\n<!-- \/ Yoast SEO Premium plugin. -->","yoast_head_json":{"title":"Nele est partie en Norv\u00e8ge","description":"Je suis partie en Norv\u00e8ge, entre ao\u00fbt 2023 et juin 2024. Par rapport \u00e0 l\u2019Allemagne, les cours en Norv\u00e8ge sont plus faciles et d\u00e9tendus.","robots":{"index":"index","follow":"follow","max-snippet":"max-snippet:-1","max-image-preview":"max-image-preview:large","max-video-preview":"max-video-preview:-1"},"canonical":"https:\/\/www.sts-education.com\/fr-ch\/high-school\/nos-etudiants-dechange\/temoignages\/nele-est-partie-en-norvege\/","og_locale":"fr_FR","og_type":"article","og_title":"Nele Est Partie En Norvege","og_description":"Je suis partie en Norv\u00e8ge, entre ao\u00fbt 2023 et juin 2024. Par rapport \u00e0 l\u2019Allemagne, les cours en Norv\u00e8ge sont plus faciles et d\u00e9tendus.","og_url":"https:\/\/www.sts-education.com\/fr-ch\/high-school\/nos-etudiants-dechange\/temoignages\/nele-est-partie-en-norvege\/","og_site_name":"STS Education","article_published_time":"2024-08-19T13:00:00+00:00","article_modified_time":"2026-04-29T08:00:17+00:00","og_image":[{"width":150,"height":150,"url":"https:\/\/powered-by.qbank.se\/educatius\/sts\/\/cfea3b6ea2c1a82ef50e42e6a7c66ac5_1-1-thumb.webp","type":"image\/png"}],"author":"syncreadwrite","twitter_card":"summary_large_image","twitter_misc":{"Written by":"syncreadwrite","Est. reading time":"3 minutes"},"schema":{"@context":"https:\/\/schema.org","@graph":[{"@type":"Article","@id":"https:\/\/www.sts-education.com\/fr-ch\/high-school\/nos-etudiants-dechange\/temoignages\/nele-est-partie-en-norvege\/#article","isPartOf":{"@id":"https:\/\/www.sts-education.com\/fr-ch\/high-school\/nos-etudiants-dechange\/temoignages\/nele-est-partie-en-norvege\/"},"author":{"name":"syncreadwrite","@id":"https:\/\/www.sts-education.com\/fr-ch\/#\/schema\/person\/8b82f3a2e45f020b8f296d7a85d9a97c"},"headline":"Nele Est Partie En Norvege","datePublished":"2024-08-19T13:00:00+00:00","dateModified":"2026-04-29T08:00:17+00:00","mainEntityOfPage":{"@id":"https:\/\/www.sts-education.com\/fr-ch\/high-school\/nos-etudiants-dechange\/temoignages\/nele-est-partie-en-norvege\/"},"wordCount":564,"commentCount":0,"image":{"@id":"https:\/\/www.sts-education.com\/fr-ch\/high-school\/nos-etudiants-dechange\/temoignages\/nele-est-partie-en-norvege\/#primaryimage"},"thumbnailUrl":"https:\/\/powered-by.qbank.se\/educatius\/sts\/\/cfea3b6ea2c1a82ef50e42e6a7c66ac5_1-1-thumb.webp","keywords":["Norv\u00e8ge"],"articleSection":["Uncategorized @fr-ch"],"inLanguage":"fr-CH","potentialAction":[{"@type":"CommentAction","name":"Comment","target":["https:\/\/www.sts-education.com\/fr-ch\/high-school\/nos-etudiants-dechange\/temoignages\/nele-est-partie-en-norvege\/#respond"]}]},{"@type":"WebPage","@id":"https:\/\/www.sts-education.com\/fr-ch\/high-school\/nos-etudiants-dechange\/temoignages\/nele-est-partie-en-norvege\/","url":"https:\/\/www.sts-education.com\/fr-ch\/high-school\/nos-etudiants-dechange\/temoignages\/nele-est-partie-en-norvege\/","name":"Nele est partie en Norv\u00e8ge","isPartOf":{"@id":"https:\/\/www.sts-education.com\/fr-ch\/#website"},"primaryImageOfPage":{"@id":"https:\/\/www.sts-education.com\/fr-ch\/high-school\/nos-etudiants-dechange\/temoignages\/nele-est-partie-en-norvege\/#primaryimage"},"image":{"@id":"https:\/\/www.sts-education.com\/fr-ch\/high-school\/nos-etudiants-dechange\/temoignages\/nele-est-partie-en-norvege\/#primaryimage"},"thumbnailUrl":"https:\/\/powered-by.qbank.se\/educatius\/sts\/\/cfea3b6ea2c1a82ef50e42e6a7c66ac5_1-1-thumb.webp","datePublished":"2024-08-19T13:00:00+00:00","dateModified":"2026-04-29T08:00:17+00:00","author":{"@id":"https:\/\/www.sts-education.com\/fr-ch\/#\/schema\/person\/8b82f3a2e45f020b8f296d7a85d9a97c"},"description":"Je suis partie en Norv\u00e8ge, entre ao\u00fbt 2023 et juin 2024. Par rapport \u00e0 l\u2019Allemagne, les cours en Norv\u00e8ge sont plus faciles et d\u00e9tendus.","breadcrumb":{"@id":"https:\/\/www.sts-education.com\/fr-ch\/high-school\/nos-etudiants-dechange\/temoignages\/nele-est-partie-en-norvege\/#breadcrumb"},"inLanguage":"fr-CH","potentialAction":[{"@type":"ReadAction","target":["https:\/\/www.sts-education.com\/fr-ch\/high-school\/nos-etudiants-dechange\/temoignages\/nele-est-partie-en-norvege\/"]}]},{"@type":"ImageObject","inLanguage":"fr-CH","@id":"https:\/\/www.sts-education.com\/fr-ch\/high-school\/nos-etudiants-dechange\/temoignages\/nele-est-partie-en-norvege\/#primaryimage","url":"https:\/\/powered-by.qbank.se\/educatius\/sts\/\/cfea3b6ea2c1a82ef50e42e6a7c66ac5_1-1-thumb.webp","contentUrl":"https:\/\/powered-by.qbank.se\/educatius\/sts\/\/cfea3b6ea2c1a82ef50e42e6a7c66ac5_1-1-thumb.webp","width":150,"height":150},{"@type":"BreadcrumbList","@id":"https:\/\/www.sts-education.com\/fr-ch\/high-school\/nos-etudiants-dechange\/temoignages\/nele-est-partie-en-norvege\/#breadcrumb","itemListElement":[{"@type":"ListItem","position":1,"name":"Home","item":"https:\/\/www.sts-education.com\/fr-ch\/"},{"@type":"ListItem","position":2,"name":"Nele Est Partie En Norvege"}]},{"@type":"WebSite","@id":"https:\/\/www.sts-education.com\/fr-ch\/#website","url":"https:\/\/www.sts-education.com\/fr-ch\/","name":"STS Education","description":"","potentialAction":[{"@type":"SearchAction","target":{"@type":"EntryPoint","urlTemplate":"https:\/\/www.sts-education.com\/fr-ch\/?s={search_term_string}"},"query-input":{"@type":"PropertyValueSpecification","valueRequired":true,"valueName":"search_term_string"}}],"inLanguage":"fr-CH"},{"@type":"Person","@id":"https:\/\/www.sts-education.com\/fr-ch\/#\/schema\/person\/8b82f3a2e45f020b8f296d7a85d9a97c","name":"syncreadwrite","image":{"@type":"ImageObject","inLanguage":"fr-CH","@id":"https:\/\/secure.gravatar.com\/avatar\/6ed1007e4f6f43f22e3df41d9fce4365533cba47fef64bb359b8e629abbc2ea6?s=96&d=mm&r=g","url":"https:\/\/secure.gravatar.com\/avatar\/6ed1007e4f6f43f22e3df41d9fce4365533cba47fef64bb359b8e629abbc2ea6?s=96&d=mm&r=g","contentUrl":"https:\/\/secure.gravatar.com\/avatar\/6ed1007e4f6f43f22e3df41d9fce4365533cba47fef64bb359b8e629abbc2ea6?s=96&d=mm&r=g","caption":"syncreadwrite"},"url":"https:\/\/www.sts-education.com\/fr-ch\/author\/syncreadwrite\/"}]}},"_links":{"self":[{"href":"https:\/\/www.sts-education.com\/fr-ch\/wp-json\/wp\/v2\/posts\/12231","targetHints":{"allow":["GET"]}}],"collection":[{"href":"https:\/\/www.sts-education.com\/fr-ch\/wp-json\/wp\/v2\/posts"}],"about":[{"href":"https:\/\/www.sts-education.com\/fr-ch\/wp-json\/wp\/v2\/types\/post"}],"author":[{"embeddable":true,"href":"https:\/\/www.sts-education.com\/fr-ch\/wp-json\/wp\/v2\/users\/20"}],"replies":[{"embeddable":true,"href":"https:\/\/www.sts-education.com\/fr-ch\/wp-json\/wp\/v2\/comments?post=12231"}],"version-history":[{"count":5,"href":"https:\/\/www.sts-education.com\/fr-ch\/wp-json\/wp\/v2\/posts\/12231\/revisions"}],"predecessor-version":[{"id":43553,"href":"https:\/\/www.sts-education.com\/fr-ch\/wp-json\/wp\/v2\/posts\/12231\/revisions\/43553"}],"wp:featuredmedia":[{"embeddable":true,"href":"https:\/\/www.sts-education.com\/fr-ch\/wp-json\/wp\/v2\/media\/13539"}],"wp:attachment":[{"href":"https:\/\/www.sts-education.com\/fr-ch\/wp-json\/wp\/v2\/media?parent=12231"}],"wp:term":[{"taxonomy":"category","embeddable":true,"href":"https:\/\/www.sts-education.com\/fr-ch\/wp-json\/wp\/v2\/categories?post=12231"},{"taxonomy":"post_tag","embeddable":true,"href":"https:\/\/www.sts-education.com\/fr-ch\/wp-json\/wp\/v2\/tags?post=12231"},{"taxonomy":"wpw_post_folders","embeddable":true,"href":"https:\/\/www.sts-education.com\/fr-ch\/wp-json\/wp\/v2\/wpw_post_folders?post=12231"}],"curies":[{"name":"wp","href":"https:\/\/api.w.org\/{rel}","templated":true}]}}