{"id":12233,"date":"2024-08-05T16:00:00","date_gmt":"2024-08-05T14:00:00","guid":{"rendered":"https:\/\/preprod.sts-education.com\/blog\/2026\/03\/05\/mauricio-a-etudie-en-high-school-en-autriche\/"},"modified":"2026-04-29T10:02:40","modified_gmt":"2026-04-29T08:02:40","slug":"mauricio-a-etudie-en-high-school-en-autriche","status":"publish","type":"post","link":"https:\/\/www.sts-education.com\/fr-ch\/high-school\/nos-etudiants-dechange\/temoignages\/mauricio-a-etudie-en-high-school-en-autriche\/","title":{"rendered":"Mauricio A Etudie En High School En Autriche"},"content":{"rendered":"\n<div class=\"wp-block-sts-text sts-text-editor has-max-width-md\"><div class=\"sts-text-editor__content\"><div class=\"sts-text-editor__content-inner\">\n<h1 style=\"text-align:center\">Mauricio a \u00e9tudi\u00e9 en High School en Autriche<\/h1>\n<\/div><\/div><\/div>\n\n\n\n<figure class=\"wp-block-sts-image sts-block-image sts-block-image--count-1 has-max-width-lg\" data-count=\"1\"><div class=\"sts-block-image__grid\"><div class=\"sts-block-image__item\"><picture class=\"sts-responsive-image has-fit-cover has-pos-top is-skeleton\"><source media=\"(max-width: 834.98px)\" srcset=\"https:\/\/powered-by.qbank.se\/educatius\/sts\/86754fe3e63a20d8f832b9e46dd1519e_1-1-thumb.webp 150w, https:\/\/powered-by.qbank.se\/educatius\/sts\/86754fe3e63a20d8f832b9e46dd1519e_1-1-xsmall.webp 500w, https:\/\/powered-by.qbank.se\/educatius\/sts\/86754fe3e63a20d8f832b9e46dd1519e_1-1-small.webp 800w, https:\/\/powered-by.qbank.se\/educatius\/sts\/86754fe3e63a20d8f832b9e46dd1519e_1-1-medium.webp 1024w, https:\/\/powered-by.qbank.se\/educatius\/sts\/86754fe3e63a20d8f832b9e46dd1519e_1-1-large.webp 1536w\" sizes=\"(max-width: 768px) 100vw, (max-width: 1200px) 100vw, 1200px\" type=\"image\/webp\"\/><source media=\"(min-width: 835px)\" srcset=\"https:\/\/powered-by.qbank.se\/educatius\/sts\/86754fe3e63a20d8f832b9e46dd1519e_16-9-small.webp 800w, https:\/\/powered-by.qbank.se\/educatius\/sts\/86754fe3e63a20d8f832b9e46dd1519e_16-9-medium.webp 1024w, https:\/\/powered-by.qbank.se\/educatius\/sts\/86754fe3e63a20d8f832b9e46dd1519e_16-9-large.webp 1536w\" sizes=\"(max-width: 768px) 100vw, (max-width: 1200px) 100vw, 1200px\" type=\"image\/webp\"\/><img src=\"https:\/\/powered-by.qbank.se\/educatius\/sts\/86754fe3e63a20d8f832b9e46dd1519e_1-1-thumb.webp\" alt=\"Mauricio a \u00e9tudi\u00e9 en High School en Autriche\" loading=\"lazy\" decoding=\"async\" fetchpriority=\"low\" style=\"object-position:top\"\/><\/picture><\/div><\/div><\/figure>\n\n\n\n<div class=\"wp-block-sts-text sts-text-editor has-max-width-md\"><div class=\"sts-text-editor__content\"><div class=\"sts-text-editor__content-inner\">\n<p><em>Mauricio, Mexicain, a particip\u00e9 \u00e0 un programme d\u2019\u00e9change en Autriche.<\/em><\/p>\n<\/div><\/div><\/div>\n\n\n\n<div class=\"wp-block-sts-text sts-text-editor has-max-width-md\"><div class=\"sts-text-editor__content\"><div class=\"sts-text-editor__content-inner\">\n<h2>D\u00e9cider de participer \u00e0 un programme d\u2019\u00e9change avec STS<\/h2>\n<p>Cette ann\u00e9e, j\u2019ai eu la chance incroyable de partir un an en Autriche. Cette exp\u00e9rience inoubliable a dur\u00e9 une ann\u00e9e scolaire enti\u00e8re, de septembre \u00e0 juin. J\u2019ai choisi de partir \u00e0 l\u2019\u00e9tranger parce que je voulais vivre quelque chose de diff\u00e9rent avant de finir le lyc\u00e9e, une exp\u00e9rience qui me permettrait de me d\u00e9velopper \u00e0 la fois personnellement et intellectuellement. Mon fr\u00e8re, qui participait lui aussi \u00e0 un programme d\u2019\u00e9change, m\u2019a aussi pouss\u00e9 \u00e0 le faire.<\/p>\n<p>J\u2019ai choisi l\u2019Autriche pour plusieurs raisons : j\u2019ai toujours \u00e9t\u00e9 fascin\u00e9 par la culture, l\u2019histoire, et, \u00e9videmment, par ces incroyables paysages alpins. En plus, je voulais apprendre l\u2019allemand et me plonger dans une culture europ\u00e9enne, diff\u00e9rente de la mienne.<\/p>\n<p>J\u2019ai choisi STS parce qu\u2019ils avaient de bons avis et leur processus \u00e9tait bien organis\u00e9. Et mon fr\u00e8re avait particip\u00e9 \u00e0 un programme d\u2019\u00e9change 3 ans avant moi. J\u2019en suis tr\u00e8s content : ils ont bien facilit\u00e9 le process et ont pu r\u00e9pondre \u00e0 toutes les questions et probl\u00e8mes que j\u2019ai pu rencontrer.<\/p>\n<p>Gr\u00e2ce \u00e0 STS, l\u2019organisme d\u2019\u00e9change avec qui je suis parti, j\u2019ai par ailleurs trouv\u00e9 les cours assez faciles. Ils se sont charg\u00e9 de tout, de mon inscription jusqu\u2019\u00e0 ma famille d\u2019accueil.<\/p>\n<h2>Trouver de nouvelles activit\u00e9s<\/h2>\n<p>Pendant mon temps libre, j\u2019ai r\u00e9alis\u00e9 \u00e0 quel point j\u2019aimais faire du sport et prendre soin de mon corps, et j\u2019ai fait de nombreuses activit\u00e9s comme la course \u00e0 pied, l\u2019escalade et la randonn\u00e9e. J\u2019ai appris \u00e0 skier dans les Alpes, ce que je n\u2019avais jamais fait avant. J\u2019ai m\u00eame pris des cours de surf et j\u2019ai \u00e9norm\u00e9ment appris sur la culture et la cuisine.<\/p>\n<h2>Se faire de nouveaux amis<\/h2>\n<p>Se faire de nouveaux amis a \u00e9t\u00e9 \u00e0 la fois facile et difficile. Au d\u00e9but, la barri\u00e8re de la langue a compliqu\u00e9 les choses, mais avec le temps et beaucoup de pratique, mon allemand s\u2019est am\u00e9lior\u00e9 et j\u2019ai pu mieux communiquer. Mes camarades de classe \u00e9taient sympas et m\u2019ont beaucoup aid\u00e9. Je me suis aussi fait des amis mexicains qui sont devenus tr\u00e8s proches, \u00e0 tel point qu\u2019on a eu du mal \u00e0 se dire au revoir.<\/p>\n<h2>Diff\u00e9rences culturelles \u2013 Autriche vs Mexique<\/h2>\n<p>Les diff\u00e9rences entre l\u2019Autriche et le Mexique sont importantes : le rythme de vie, la nourriture, les habitudes et, bien s\u00fbr, la langue sont tr\u00e8s diff\u00e9rents. Mais ce sont pr\u00e9cis\u00e9ment ces diff\u00e9rences qui ont rendu l\u2019exp\u00e9rience aussi riche.<\/p>\n<h2>Attentes<\/h2>\n<p>Mon ann\u00e9e d\u2019\u00e9change ne s\u2019est pas d\u00e9roul\u00e9e exactement que je pensais, \u00e7a a \u00e9t\u00e9 bien mieux ! Il y a eu des moments compliqu\u00e9s, dus par exemple \u00e0 la langue et au climat, mais, \u00e0 force de patience et d\u2019efforts, je m\u2019y suis fait. J\u2019ai appris \u00e0 devenir plus ind\u00e9pendant et \u00e0 m\u2019adapter \u00e0 des situations nouvelles et peu famili\u00e8res.<\/p>\n<h2>Aspects positifs de participer \u00e0 un programme d\u2019\u00e9change<\/h2>\n<p>Ce que j\u2019ai pr\u00e9f\u00e9r\u00e9 lors de ce programme, ce sont les amiti\u00e9s que je me suis faites, les nouvelles comp\u00e9tences que j\u2019ai acquises, et les exp\u00e9riences uniques que j\u2019ai v\u00e9cues.<\/p>\n<p>Je recommande vraiment de partir en High School. Le fait d\u2019\u00e9tudier \u00e0 l\u2019\u00e9tranger vous ouvre l\u2019esprit, \u00e7a vous motive et cela vous permet de vous d\u00e9velopper personnellement, \u00e0 un point que vous n\u2019auriez jamais imagin\u00e9. Si j\u2019avais un seul conseil, pr\u00e9parez-vous \u00e0 vivre quelques moments difficiles, mais appr\u00e9ciez chaque instant. J\u2019aurais peut-\u00eatre d\u00fb apprendre un peu plus l\u2019allemand avant de partir, mais au final tout s\u2019est tr\u00e8s bien d\u00e9roul\u00e9.<\/p>\n<p>Je suis convaincu que cette exp\u00e9rience affectera positivement mon avenir. J\u2019ai gagn\u00e9 en confiance, j\u2019ai acquis des connaissances interculturelles, et une troisi\u00e8me langue qui me servira certainement d\u2019un point de vue professionnel et personnel.<\/p>\n<h2>Pour en savoir plus<\/h2>\n<ul><li>Lis d&#x27;autres <a href=\"https:\/\/www.sts-education.com\/fr-ch\/high-school\/nos-etudiants-dechange\/temoignages\/?hashtag=Autriche\">t\u00e9moignages d&#x27;\u00e9tudiants en Autriche<\/a><\/li>\n<li>En savoir plus sur un <a href=\"https:\/\/www.sts-education.com\/fr-ch\/high-school\/destinations\/europe\/autriche\/\">\u00e9change scolaire en Autriche<\/a><\/li>\n<li>Voir <a href=\"\/fr-ch\/high-school\/tripfinder\/\">toutes nos destinations d&#x27;\u00e9change scolaire<\/a><\/li><\/ul>\n<\/div><\/div><\/div>\n","protected":false},"excerpt":{"rendered":"","protected":false},"author":20,"featured_media":13543,"comment_status":"open","ping_status":"open","sticky":false,"template":"","format":"standard","meta":{"_acf_changed":false,"_yoast_wpseo_title":"Mauricio a \u00e9tudi\u00e9 en High School en Autriche","_yoast_wpseo_metadesc":"Cette ann\u00e9e, j\u2019ai eu la chance incroyable de partir un an en Autriche. Cette exp\u00e9rience inoubliable a dur\u00e9 une ann\u00e9e scolaire enti\u00e8re, de septembre \u00e0 juin.","footnotes":""},"categories":[297],"tags":[1051],"wpw_post_folders":[],"class_list":["post-12233","post","type-post","status-publish","format-standard","has-post-thumbnail","hentry","category-uncategorized-fr-ch","tag-autriche"],"acf":[],"yoast_head":"<!-- This site is optimized with the Yoast SEO Premium plugin v27.2 (Yoast SEO v27.2) - https:\/\/yoast.com\/product\/yoast-seo-premium-wordpress\/ -->\n<title>Mauricio a \u00e9tudi\u00e9 en High School en Autriche<\/title>\n<meta name=\"description\" content=\"Cette ann\u00e9e, j\u2019ai eu la chance incroyable de partir un an en Autriche. Cette exp\u00e9rience inoubliable a dur\u00e9 une ann\u00e9e scolaire enti\u00e8re, de septembre \u00e0 juin.\" \/>\n<meta name=\"robots\" content=\"index, follow, max-snippet:-1, max-image-preview:large, max-video-preview:-1\" \/>\n<link rel=\"canonical\" href=\"https:\/\/www.sts-education.com\/fr-ch\/high-school\/nos-etudiants-dechange\/temoignages\/mauricio-a-etudie-en-high-school-en-autriche\/\" \/>\n<meta property=\"og:locale\" content=\"fr_FR\" \/>\n<meta property=\"og:type\" content=\"article\" \/>\n<meta property=\"og:title\" content=\"Mauricio A Etudie En High School En Autriche\" \/>\n<meta property=\"og:description\" content=\"Cette ann\u00e9e, j\u2019ai eu la chance incroyable de partir un an en Autriche. Cette exp\u00e9rience inoubliable a dur\u00e9 une ann\u00e9e scolaire enti\u00e8re, de septembre \u00e0 juin.\" \/>\n<meta property=\"og:url\" content=\"https:\/\/www.sts-education.com\/fr-ch\/high-school\/nos-etudiants-dechange\/temoignages\/mauricio-a-etudie-en-high-school-en-autriche\/\" \/>\n<meta property=\"og:site_name\" content=\"STS Education\" \/>\n<meta property=\"article:published_time\" content=\"2024-08-05T14:00:00+00:00\" \/>\n<meta property=\"article:modified_time\" content=\"2026-04-29T08:02:40+00:00\" \/>\n<meta property=\"og:image\" content=\"https:\/\/powered-by.qbank.se\/educatius\/sts\/\/86754fe3e63a20d8f832b9e46dd1519e_1-1-thumb.webp\" \/>\n\t<meta property=\"og:image:width\" content=\"150\" \/>\n\t<meta property=\"og:image:height\" content=\"150\" \/>\n\t<meta property=\"og:image:type\" content=\"image\/png\" \/>\n<meta name=\"author\" content=\"syncreadwrite\" \/>\n<meta name=\"twitter:card\" content=\"summary_large_image\" \/>\n<meta name=\"twitter:label1\" content=\"Written by\" \/>\n\t<meta name=\"twitter:data1\" content=\"syncreadwrite\" \/>\n\t<meta name=\"twitter:label2\" content=\"Est. reading time\" \/>\n\t<meta name=\"twitter:data2\" content=\"4 minutes\" \/>\n<script type=\"application\/ld+json\" class=\"yoast-schema-graph\">{\"@context\":\"https:\/\/schema.org\",\"@graph\":[{\"@type\":\"Article\",\"@id\":\"https:\/\/www.sts-education.com\/fr-ch\/high-school\/nos-etudiants-dechange\/temoignages\/mauricio-a-etudie-en-high-school-en-autriche\/#article\",\"isPartOf\":{\"@id\":\"https:\/\/www.sts-education.com\/fr-ch\/high-school\/nos-etudiants-dechange\/temoignages\/mauricio-a-etudie-en-high-school-en-autriche\/\"},\"author\":{\"name\":\"syncreadwrite\",\"@id\":\"https:\/\/www.sts-education.com\/fr-ch\/#\/schema\/person\/8b82f3a2e45f020b8f296d7a85d9a97c\"},\"headline\":\"Mauricio A Etudie En High School En Autriche\",\"datePublished\":\"2024-08-05T14:00:00+00:00\",\"dateModified\":\"2026-04-29T08:02:40+00:00\",\"mainEntityOfPage\":{\"@id\":\"https:\/\/www.sts-education.com\/fr-ch\/high-school\/nos-etudiants-dechange\/temoignages\/mauricio-a-etudie-en-high-school-en-autriche\/\"},\"wordCount\":744,\"commentCount\":0,\"image\":{\"@id\":\"https:\/\/www.sts-education.com\/fr-ch\/high-school\/nos-etudiants-dechange\/temoignages\/mauricio-a-etudie-en-high-school-en-autriche\/#primaryimage\"},\"thumbnailUrl\":\"https:\/\/powered-by.qbank.se\/educatius\/sts\/\/86754fe3e63a20d8f832b9e46dd1519e_1-1-thumb.webp\",\"keywords\":[\"Autriche\"],\"articleSection\":[\"Uncategorized @fr-ch\"],\"inLanguage\":\"fr-CH\",\"potentialAction\":[{\"@type\":\"CommentAction\",\"name\":\"Comment\",\"target\":[\"https:\/\/www.sts-education.com\/fr-ch\/high-school\/nos-etudiants-dechange\/temoignages\/mauricio-a-etudie-en-high-school-en-autriche\/#respond\"]}]},{\"@type\":\"WebPage\",\"@id\":\"https:\/\/www.sts-education.com\/fr-ch\/high-school\/nos-etudiants-dechange\/temoignages\/mauricio-a-etudie-en-high-school-en-autriche\/\",\"url\":\"https:\/\/www.sts-education.com\/fr-ch\/high-school\/nos-etudiants-dechange\/temoignages\/mauricio-a-etudie-en-high-school-en-autriche\/\",\"name\":\"Mauricio a \u00e9tudi\u00e9 en High School en Autriche\",\"isPartOf\":{\"@id\":\"https:\/\/www.sts-education.com\/fr-ch\/#website\"},\"primaryImageOfPage\":{\"@id\":\"https:\/\/www.sts-education.com\/fr-ch\/high-school\/nos-etudiants-dechange\/temoignages\/mauricio-a-etudie-en-high-school-en-autriche\/#primaryimage\"},\"image\":{\"@id\":\"https:\/\/www.sts-education.com\/fr-ch\/high-school\/nos-etudiants-dechange\/temoignages\/mauricio-a-etudie-en-high-school-en-autriche\/#primaryimage\"},\"thumbnailUrl\":\"https:\/\/powered-by.qbank.se\/educatius\/sts\/\/86754fe3e63a20d8f832b9e46dd1519e_1-1-thumb.webp\",\"datePublished\":\"2024-08-05T14:00:00+00:00\",\"dateModified\":\"2026-04-29T08:02:40+00:00\",\"author\":{\"@id\":\"https:\/\/www.sts-education.com\/fr-ch\/#\/schema\/person\/8b82f3a2e45f020b8f296d7a85d9a97c\"},\"description\":\"Cette ann\u00e9e, j\u2019ai eu la chance incroyable de partir un an en Autriche. Cette exp\u00e9rience inoubliable a dur\u00e9 une ann\u00e9e scolaire enti\u00e8re, de septembre \u00e0 juin.\",\"breadcrumb\":{\"@id\":\"https:\/\/www.sts-education.com\/fr-ch\/high-school\/nos-etudiants-dechange\/temoignages\/mauricio-a-etudie-en-high-school-en-autriche\/#breadcrumb\"},\"inLanguage\":\"fr-CH\",\"potentialAction\":[{\"@type\":\"ReadAction\",\"target\":[\"https:\/\/www.sts-education.com\/fr-ch\/high-school\/nos-etudiants-dechange\/temoignages\/mauricio-a-etudie-en-high-school-en-autriche\/\"]}]},{\"@type\":\"ImageObject\",\"inLanguage\":\"fr-CH\",\"@id\":\"https:\/\/www.sts-education.com\/fr-ch\/high-school\/nos-etudiants-dechange\/temoignages\/mauricio-a-etudie-en-high-school-en-autriche\/#primaryimage\",\"url\":\"https:\/\/powered-by.qbank.se\/educatius\/sts\/\/86754fe3e63a20d8f832b9e46dd1519e_1-1-thumb.webp\",\"contentUrl\":\"https:\/\/powered-by.qbank.se\/educatius\/sts\/\/86754fe3e63a20d8f832b9e46dd1519e_1-1-thumb.webp\",\"width\":150,\"height\":150},{\"@type\":\"BreadcrumbList\",\"@id\":\"https:\/\/www.sts-education.com\/fr-ch\/high-school\/nos-etudiants-dechange\/temoignages\/mauricio-a-etudie-en-high-school-en-autriche\/#breadcrumb\",\"itemListElement\":[{\"@type\":\"ListItem\",\"position\":1,\"name\":\"Home\",\"item\":\"https:\/\/www.sts-education.com\/fr-ch\/\"},{\"@type\":\"ListItem\",\"position\":2,\"name\":\"Mauricio A Etudie En High School En Autriche\"}]},{\"@type\":\"WebSite\",\"@id\":\"https:\/\/www.sts-education.com\/fr-ch\/#website\",\"url\":\"https:\/\/www.sts-education.com\/fr-ch\/\",\"name\":\"STS Education\",\"description\":\"\",\"potentialAction\":[{\"@type\":\"SearchAction\",\"target\":{\"@type\":\"EntryPoint\",\"urlTemplate\":\"https:\/\/www.sts-education.com\/fr-ch\/?s={search_term_string}\"},\"query-input\":{\"@type\":\"PropertyValueSpecification\",\"valueRequired\":true,\"valueName\":\"search_term_string\"}}],\"inLanguage\":\"fr-CH\"},{\"@type\":\"Person\",\"@id\":\"https:\/\/www.sts-education.com\/fr-ch\/#\/schema\/person\/8b82f3a2e45f020b8f296d7a85d9a97c\",\"name\":\"syncreadwrite\",\"image\":{\"@type\":\"ImageObject\",\"inLanguage\":\"fr-CH\",\"@id\":\"https:\/\/secure.gravatar.com\/avatar\/6ed1007e4f6f43f22e3df41d9fce4365533cba47fef64bb359b8e629abbc2ea6?s=96&d=mm&r=g\",\"url\":\"https:\/\/secure.gravatar.com\/avatar\/6ed1007e4f6f43f22e3df41d9fce4365533cba47fef64bb359b8e629abbc2ea6?s=96&d=mm&r=g\",\"contentUrl\":\"https:\/\/secure.gravatar.com\/avatar\/6ed1007e4f6f43f22e3df41d9fce4365533cba47fef64bb359b8e629abbc2ea6?s=96&d=mm&r=g\",\"caption\":\"syncreadwrite\"},\"url\":\"https:\/\/www.sts-education.com\/fr-ch\/author\/syncreadwrite\/\"}]}<\/script>\n<!-- \/ Yoast SEO Premium plugin. -->","yoast_head_json":{"title":"Mauricio a \u00e9tudi\u00e9 en High School en Autriche","description":"Cette ann\u00e9e, j\u2019ai eu la chance incroyable de partir un an en Autriche. Cette exp\u00e9rience inoubliable a dur\u00e9 une ann\u00e9e scolaire enti\u00e8re, de septembre \u00e0 juin.","robots":{"index":"index","follow":"follow","max-snippet":"max-snippet:-1","max-image-preview":"max-image-preview:large","max-video-preview":"max-video-preview:-1"},"canonical":"https:\/\/www.sts-education.com\/fr-ch\/high-school\/nos-etudiants-dechange\/temoignages\/mauricio-a-etudie-en-high-school-en-autriche\/","og_locale":"fr_FR","og_type":"article","og_title":"Mauricio A Etudie En High School En Autriche","og_description":"Cette ann\u00e9e, j\u2019ai eu la chance incroyable de partir un an en Autriche. Cette exp\u00e9rience inoubliable a dur\u00e9 une ann\u00e9e scolaire enti\u00e8re, de septembre \u00e0 juin.","og_url":"https:\/\/www.sts-education.com\/fr-ch\/high-school\/nos-etudiants-dechange\/temoignages\/mauricio-a-etudie-en-high-school-en-autriche\/","og_site_name":"STS Education","article_published_time":"2024-08-05T14:00:00+00:00","article_modified_time":"2026-04-29T08:02:40+00:00","og_image":[{"width":150,"height":150,"url":"https:\/\/powered-by.qbank.se\/educatius\/sts\/\/86754fe3e63a20d8f832b9e46dd1519e_1-1-thumb.webp","type":"image\/png"}],"author":"syncreadwrite","twitter_card":"summary_large_image","twitter_misc":{"Written by":"syncreadwrite","Est. reading time":"4 minutes"},"schema":{"@context":"https:\/\/schema.org","@graph":[{"@type":"Article","@id":"https:\/\/www.sts-education.com\/fr-ch\/high-school\/nos-etudiants-dechange\/temoignages\/mauricio-a-etudie-en-high-school-en-autriche\/#article","isPartOf":{"@id":"https:\/\/www.sts-education.com\/fr-ch\/high-school\/nos-etudiants-dechange\/temoignages\/mauricio-a-etudie-en-high-school-en-autriche\/"},"author":{"name":"syncreadwrite","@id":"https:\/\/www.sts-education.com\/fr-ch\/#\/schema\/person\/8b82f3a2e45f020b8f296d7a85d9a97c"},"headline":"Mauricio A Etudie En High School En Autriche","datePublished":"2024-08-05T14:00:00+00:00","dateModified":"2026-04-29T08:02:40+00:00","mainEntityOfPage":{"@id":"https:\/\/www.sts-education.com\/fr-ch\/high-school\/nos-etudiants-dechange\/temoignages\/mauricio-a-etudie-en-high-school-en-autriche\/"},"wordCount":744,"commentCount":0,"image":{"@id":"https:\/\/www.sts-education.com\/fr-ch\/high-school\/nos-etudiants-dechange\/temoignages\/mauricio-a-etudie-en-high-school-en-autriche\/#primaryimage"},"thumbnailUrl":"https:\/\/powered-by.qbank.se\/educatius\/sts\/\/86754fe3e63a20d8f832b9e46dd1519e_1-1-thumb.webp","keywords":["Autriche"],"articleSection":["Uncategorized @fr-ch"],"inLanguage":"fr-CH","potentialAction":[{"@type":"CommentAction","name":"Comment","target":["https:\/\/www.sts-education.com\/fr-ch\/high-school\/nos-etudiants-dechange\/temoignages\/mauricio-a-etudie-en-high-school-en-autriche\/#respond"]}]},{"@type":"WebPage","@id":"https:\/\/www.sts-education.com\/fr-ch\/high-school\/nos-etudiants-dechange\/temoignages\/mauricio-a-etudie-en-high-school-en-autriche\/","url":"https:\/\/www.sts-education.com\/fr-ch\/high-school\/nos-etudiants-dechange\/temoignages\/mauricio-a-etudie-en-high-school-en-autriche\/","name":"Mauricio a \u00e9tudi\u00e9 en High School en Autriche","isPartOf":{"@id":"https:\/\/www.sts-education.com\/fr-ch\/#website"},"primaryImageOfPage":{"@id":"https:\/\/www.sts-education.com\/fr-ch\/high-school\/nos-etudiants-dechange\/temoignages\/mauricio-a-etudie-en-high-school-en-autriche\/#primaryimage"},"image":{"@id":"https:\/\/www.sts-education.com\/fr-ch\/high-school\/nos-etudiants-dechange\/temoignages\/mauricio-a-etudie-en-high-school-en-autriche\/#primaryimage"},"thumbnailUrl":"https:\/\/powered-by.qbank.se\/educatius\/sts\/\/86754fe3e63a20d8f832b9e46dd1519e_1-1-thumb.webp","datePublished":"2024-08-05T14:00:00+00:00","dateModified":"2026-04-29T08:02:40+00:00","author":{"@id":"https:\/\/www.sts-education.com\/fr-ch\/#\/schema\/person\/8b82f3a2e45f020b8f296d7a85d9a97c"},"description":"Cette ann\u00e9e, j\u2019ai eu la chance incroyable de partir un an en Autriche. Cette exp\u00e9rience inoubliable a dur\u00e9 une ann\u00e9e scolaire enti\u00e8re, de septembre \u00e0 juin.","breadcrumb":{"@id":"https:\/\/www.sts-education.com\/fr-ch\/high-school\/nos-etudiants-dechange\/temoignages\/mauricio-a-etudie-en-high-school-en-autriche\/#breadcrumb"},"inLanguage":"fr-CH","potentialAction":[{"@type":"ReadAction","target":["https:\/\/www.sts-education.com\/fr-ch\/high-school\/nos-etudiants-dechange\/temoignages\/mauricio-a-etudie-en-high-school-en-autriche\/"]}]},{"@type":"ImageObject","inLanguage":"fr-CH","@id":"https:\/\/www.sts-education.com\/fr-ch\/high-school\/nos-etudiants-dechange\/temoignages\/mauricio-a-etudie-en-high-school-en-autriche\/#primaryimage","url":"https:\/\/powered-by.qbank.se\/educatius\/sts\/\/86754fe3e63a20d8f832b9e46dd1519e_1-1-thumb.webp","contentUrl":"https:\/\/powered-by.qbank.se\/educatius\/sts\/\/86754fe3e63a20d8f832b9e46dd1519e_1-1-thumb.webp","width":150,"height":150},{"@type":"BreadcrumbList","@id":"https:\/\/www.sts-education.com\/fr-ch\/high-school\/nos-etudiants-dechange\/temoignages\/mauricio-a-etudie-en-high-school-en-autriche\/#breadcrumb","itemListElement":[{"@type":"ListItem","position":1,"name":"Home","item":"https:\/\/www.sts-education.com\/fr-ch\/"},{"@type":"ListItem","position":2,"name":"Mauricio A Etudie En High School En Autriche"}]},{"@type":"WebSite","@id":"https:\/\/www.sts-education.com\/fr-ch\/#website","url":"https:\/\/www.sts-education.com\/fr-ch\/","name":"STS Education","description":"","potentialAction":[{"@type":"SearchAction","target":{"@type":"EntryPoint","urlTemplate":"https:\/\/www.sts-education.com\/fr-ch\/?s={search_term_string}"},"query-input":{"@type":"PropertyValueSpecification","valueRequired":true,"valueName":"search_term_string"}}],"inLanguage":"fr-CH"},{"@type":"Person","@id":"https:\/\/www.sts-education.com\/fr-ch\/#\/schema\/person\/8b82f3a2e45f020b8f296d7a85d9a97c","name":"syncreadwrite","image":{"@type":"ImageObject","inLanguage":"fr-CH","@id":"https:\/\/secure.gravatar.com\/avatar\/6ed1007e4f6f43f22e3df41d9fce4365533cba47fef64bb359b8e629abbc2ea6?s=96&d=mm&r=g","url":"https:\/\/secure.gravatar.com\/avatar\/6ed1007e4f6f43f22e3df41d9fce4365533cba47fef64bb359b8e629abbc2ea6?s=96&d=mm&r=g","contentUrl":"https:\/\/secure.gravatar.com\/avatar\/6ed1007e4f6f43f22e3df41d9fce4365533cba47fef64bb359b8e629abbc2ea6?s=96&d=mm&r=g","caption":"syncreadwrite"},"url":"https:\/\/www.sts-education.com\/fr-ch\/author\/syncreadwrite\/"}]}},"_links":{"self":[{"href":"https:\/\/www.sts-education.com\/fr-ch\/wp-json\/wp\/v2\/posts\/12233","targetHints":{"allow":["GET"]}}],"collection":[{"href":"https:\/\/www.sts-education.com\/fr-ch\/wp-json\/wp\/v2\/posts"}],"about":[{"href":"https:\/\/www.sts-education.com\/fr-ch\/wp-json\/wp\/v2\/types\/post"}],"author":[{"embeddable":true,"href":"https:\/\/www.sts-education.com\/fr-ch\/wp-json\/wp\/v2\/users\/20"}],"replies":[{"embeddable":true,"href":"https:\/\/www.sts-education.com\/fr-ch\/wp-json\/wp\/v2\/comments?post=12233"}],"version-history":[{"count":5,"href":"https:\/\/www.sts-education.com\/fr-ch\/wp-json\/wp\/v2\/posts\/12233\/revisions"}],"predecessor-version":[{"id":43577,"href":"https:\/\/www.sts-education.com\/fr-ch\/wp-json\/wp\/v2\/posts\/12233\/revisions\/43577"}],"wp:featuredmedia":[{"embeddable":true,"href":"https:\/\/www.sts-education.com\/fr-ch\/wp-json\/wp\/v2\/media\/13543"}],"wp:attachment":[{"href":"https:\/\/www.sts-education.com\/fr-ch\/wp-json\/wp\/v2\/media?parent=12233"}],"wp:term":[{"taxonomy":"category","embeddable":true,"href":"https:\/\/www.sts-education.com\/fr-ch\/wp-json\/wp\/v2\/categories?post=12233"},{"taxonomy":"post_tag","embeddable":true,"href":"https:\/\/www.sts-education.com\/fr-ch\/wp-json\/wp\/v2\/tags?post=12233"},{"taxonomy":"wpw_post_folders","embeddable":true,"href":"https:\/\/www.sts-education.com\/fr-ch\/wp-json\/wp\/v2\/wpw_post_folders?post=12233"}],"curies":[{"name":"wp","href":"https:\/\/api.w.org\/{rel}","templated":true}]}}