{"id":12240,"date":"2024-05-13T09:00:00","date_gmt":"2024-05-13T09:00:00","guid":{"rendered":"https:\/\/preprod.sts-education.com\/blog\/2026\/03\/05\/petra-eleve-dechange-pendant-un-an-aux-usa\/"},"modified":"2026-04-14T10:27:47","modified_gmt":"2026-04-14T10:27:47","slug":"petra-eleve-dechange-pendant-un-an-aux-usa","status":"publish","type":"post","link":"https:\/\/www.sts-education.com\/fr-ch\/high-school\/nos-etudiants-dechange\/temoignages\/petra-eleve-dechange-pendant-un-an-aux-usa\/","title":{"rendered":"Petra Eleve Dechange Pendant Un An Aux Usa"},"content":{"rendered":"\n<div class=\"wp-block-sts-text sts-text-editor has-max-width-md\"><div class=\"sts-text-editor__content\"><div class=\"sts-text-editor__content-inner\">\n<h1 style=\"text-align:center\">Petra, \u00e9l\u00e8ve d\u2019\u00e9change pendant un an aux USA<\/h1>\n<\/div><\/div><\/div>\n\n\n\n<div class=\"wp-block-sts-text sts-text-editor has-max-width-md\"><div class=\"sts-text-editor__content\"><div class=\"sts-text-editor__content-inner\">\n<p><em>Petra, N\u00e9erlandaise de 41 ans, est une ancienne \u00e9l\u00e8ve d\u2019\u00e9change STS.<\/em><\/p>\n<p>Elle nous fait part de son exp\u00e9rience \u00e0 l\u2019\u00e9tranger :<\/p>\n<p>En 2000\u20132001, j\u2019avais 17 ans, j\u2019ai pass\u00e9 une ann\u00e9e en High School dans la petite ville am\u00e9ricaine de North Fond du Lac, dans le Wisconsin. Apr\u00e8s avoir fini le lyc\u00e9e aux Pays-Bas, je ne savais pas dans quelle universit\u00e9 aller. Et j\u2019ai d\u00e9couvert STS sur un salon. Je me suis inscrite et j\u2019ai \u00e9t\u00e9 accept\u00e9e pour aller passer un an en High School aux \u00c9tats-Unis.<\/p>\n<p>Nous \u00e9tions un groupe d\u2019environ 20 \u00e9l\u00e8ves, on a d\u00e9coll\u00e9 d\u2019Amsterdam le 18 ao\u00fbt 2000 pour les USA. Pour la derni\u00e8re partie du voyage, de Chicago \u00e0 Milwaukee, j\u2019\u00e9tais seule. Quand je suis arriv\u00e9e \u00e0 destination, ma famille d\u2019accueil m\u2019a accueillie avec un drapeau hollandais et un \u00e9criteau \u00ab Welcome Petra \u00bb ! C\u2019\u00e9tait adorable.<\/p>\n<p>Ma super famille d\u2019accueil \u00e9tait compos\u00e9e de la m\u00e8re et du p\u00e8re, d\u2019un fr\u00e8re de 21 ans et d\u2019une s\u0153ur de mon \u00e2ge. \u00c7a a match\u00e9 d\u00e8s le d\u00e9but et on s\u2019est tout de suite tr\u00e8s bien entendus. J\u2019ai particip\u00e9 \u00e0 leurs r\u00e9unions de famille et leurs repas, on est all\u00e9s faire du shopping, au cin\u00e9ma et \u00e0 plusieurs anniversaires.<\/p>\n<p>Et au lyc\u00e9e, je me suis bien entendue avec la plupart, si ce n\u2019est tous les \u00e9l\u00e8ves. Ils voulaient me conna\u00eetre et moi aussi je me suis int\u00e9ress\u00e9e \u00e0 eux. Je suis beaucoup sortie avec ma \u00ab s\u0153ur \u00bb et ses amis, \u00e0 l\u2019automne j\u2019ai jou\u00e9 au volley et au foot au printemps.<\/p>\n<p>Ma coordinatrice locale, Calla, \u00e9tait toujours disponible si certains \u00e9l\u00e8ves d\u2019\u00e9change avaient besoin d\u2019elle et essayait toujours de trouver la meilleure solution en cas de probl\u00e8me, pour peu qu\u2019on en ait. Je ne la voyais que pour les bonnes occasions, on s\u2019\u00e9clatait. Et puis Calla nous emmenait, les \u00e9l\u00e8ves d\u2019\u00e9change, faire de super voyages et nous apprenait plein de choses sur la culture am\u00e9ricaine.<\/p>\n<p>J\u2019ai ador\u00e9 chaque seconde de mon ann\u00e9e aux US, \u00e0 tel point que, le 15 juin 2001, \u00e7a n\u2019a pas \u00e9t\u00e9 facile de repartir. J\u2019avais construit ma vie dans le Wisconsin et j\u2019\u00e9tais vraiment triste de devoir quitter tout le monde, sans savoir si je les reverrai un jour.<\/p>\n<p>Mais ma s\u0153ur \u00ab adoptive \u00bb m\u2019a rendu visite cet \u00e9t\u00e9-l\u00e0 et j\u2019y suis retourn\u00e9e l\u2019\u00e9t\u00e9 2002. Aujourd\u2019hui encore, plus de 20 ans plus tard, on reste en contact et j\u2019y suis all\u00e9e plusieurs fois pour des r\u00e9unions de la High School (2006, 2011, 2016), et pour le mariage de ma s\u0153ur en 2008. Mes parents d\u2019accueil sont venus me voir aux Pays-Bas en 2006 et ma s\u0153ur et son mari sont revenus en 2019. J\u2019ai aussi des amis du lyc\u00e9e qui sont venus, je leur ai fait visiter les Pays-Bas, c\u2019\u00e9tait g\u00e9nial.<\/p>\n<p>Apr\u00e8s mon \u00e9change, j\u2019ai senti que je me connaissais mieux et que j\u2019\u00e9tais pr\u00eate \u00e0 affronter le monde. J\u2019ai continu\u00e9 \u00e0 voyager et j\u2019ai fait un stage en Espagne quand j\u2019\u00e9tais \u00e0 la fac. Gr\u00e2ce \u00e0 mon niveau d\u2019anglais, je me suis fait de bons amis en Angleterre, en Hongrie et en Espagne.<\/p>\n<p>Mon \u00e9change en High School est une exp\u00e9rience que je ch\u00e9ris tous les jours. Pendant mon s\u00e9jour aux USA je tenais un journal qu\u2019il m\u2019arrive de relire, et certaines histoires me font bien rire aujourd\u2019hui. C\u2019est dingue de r\u00e9aliser que \u00e7a fait si longtemps, j\u2019ai l\u2019impression que c\u2019\u00e9tait hier ! Toute cette exp\u00e9rience m\u2019a beaucoup appris. Je me suis fait une seconde famille et des amis pour la vie, et j\u2019ai v\u00e9cu une exp\u00e9rience inoubliable, une exp\u00e9rience qui m\u2019a \u00e9norm\u00e9ment servi depuis !<\/p>\n<p>Si tu as la possibilit\u00e9 d\u2019y aller, fonce !<\/p>\n<h2>Pour en savoir plus<\/h2>\n<ul><li>Lis d&#x27;autres <a href=\"https:\/\/www.sts-education.com\/fr-ch\/high-school\/nos-etudiants-dechange\/temoignages\/?hashtag=%c3%89tats-Unis\">t\u00e9moignages d&#x27;\u00e9tudiants aux \u00c9tats-Unis<\/a><\/li>\n<li>En savoir plus sur un <a href=\"https:\/\/www.sts-education.com\/fr-ch\/high-school\/destinations\/amerique-du-nord\/etats-unis\/\">\u00e9change scolaire aux \u00c9tats-Unis<\/a><\/li>\n<li>Voir <a href=\"\/fr-ch\/high-school\/tripfinder\/\">toutes nos destinations d&#x27;\u00e9change scolaire<\/a><\/li><\/ul>\n<\/div><\/div><\/div>\n","protected":false},"excerpt":{"rendered":"","protected":false},"author":20,"featured_media":13557,"comment_status":"open","ping_status":"open","sticky":false,"template":"","format":"standard","meta":{"_acf_changed":false,"_yoast_wpseo_title":"Petra, \u00e9l\u00e8ve d\u2019\u00e9change pendant un an aux USA","_yoast_wpseo_metadesc":"En 2000\u20132001, j\u2019avais 17 ans, j\u2019ai pass\u00e9 une ann\u00e9e en High School dans la petite ville am\u00e9ricaine de North Fond du Lac, dans le Wisconsin.","footnotes":""},"categories":[297],"tags":[1067],"wpw_post_folders":[],"class_list":["post-12240","post","type-post","status-publish","format-standard","has-post-thumbnail","hentry","category-uncategorized-fr-ch","tag-etats-unis"],"acf":[],"yoast_head":"<!-- This site is optimized with the Yoast SEO Premium plugin v27.2 (Yoast SEO v27.2) - https:\/\/yoast.com\/product\/yoast-seo-premium-wordpress\/ -->\n<title>Petra, \u00e9l\u00e8ve d\u2019\u00e9change pendant un an aux USA<\/title>\n<meta name=\"description\" content=\"En 2000\u20132001, j\u2019avais 17 ans, j\u2019ai pass\u00e9 une ann\u00e9e en High School dans la petite ville am\u00e9ricaine de North Fond du Lac, dans le Wisconsin.\" \/>\n<meta name=\"robots\" content=\"index, follow, max-snippet:-1, max-image-preview:large, max-video-preview:-1\" \/>\n<link rel=\"canonical\" href=\"https:\/\/www.sts-education.com\/fr-ch\/high-school\/nos-etudiants-dechange\/temoignages\/petra-eleve-dechange-pendant-un-an-aux-usa\/\" \/>\n<meta property=\"og:locale\" content=\"fr_FR\" \/>\n<meta property=\"og:type\" content=\"article\" \/>\n<meta property=\"og:title\" content=\"Petra Eleve Dechange Pendant Un An Aux Usa\" \/>\n<meta property=\"og:description\" content=\"En 2000\u20132001, j\u2019avais 17 ans, j\u2019ai pass\u00e9 une ann\u00e9e en High School dans la petite ville am\u00e9ricaine de North Fond du Lac, dans le Wisconsin.\" \/>\n<meta property=\"og:url\" content=\"https:\/\/www.sts-education.com\/fr-ch\/high-school\/nos-etudiants-dechange\/temoignages\/petra-eleve-dechange-pendant-un-an-aux-usa\/\" \/>\n<meta property=\"og:site_name\" content=\"STS Education\" \/>\n<meta property=\"article:published_time\" content=\"2024-05-13T09:00:00+00:00\" \/>\n<meta property=\"article:modified_time\" content=\"2026-04-14T10:27:47+00:00\" \/>\n<meta property=\"og:image\" content=\"https:\/\/powered-by.qbank.se\/educatius\/sts\/\/d641a61027e21d4a41dc2e2e8f16d0b7_1-1-thumb.webp\" \/>\n\t<meta property=\"og:image:width\" content=\"150\" \/>\n\t<meta property=\"og:image:height\" content=\"150\" \/>\n\t<meta property=\"og:image:type\" content=\"image\/jpeg\" \/>\n<meta name=\"author\" content=\"syncreadwrite\" \/>\n<meta name=\"twitter:card\" content=\"summary_large_image\" \/>\n<meta name=\"twitter:label1\" content=\"Written by\" \/>\n\t<meta name=\"twitter:data1\" content=\"syncreadwrite\" \/>\n\t<meta name=\"twitter:label2\" content=\"Est. reading time\" \/>\n\t<meta name=\"twitter:data2\" content=\"4 minutes\" \/>\n<script type=\"application\/ld+json\" class=\"yoast-schema-graph\">{\"@context\":\"https:\/\/schema.org\",\"@graph\":[{\"@type\":\"Article\",\"@id\":\"https:\/\/www.sts-education.com\/fr-ch\/high-school\/nos-etudiants-dechange\/temoignages\/petra-eleve-dechange-pendant-un-an-aux-usa\/#article\",\"isPartOf\":{\"@id\":\"https:\/\/www.sts-education.com\/fr-ch\/high-school\/nos-etudiants-dechange\/temoignages\/petra-eleve-dechange-pendant-un-an-aux-usa\/\"},\"author\":{\"name\":\"syncreadwrite\",\"@id\":\"https:\/\/www.sts-education.com\/fr-ch\/#\/schema\/person\/8b82f3a2e45f020b8f296d7a85d9a97c\"},\"headline\":\"Petra Eleve Dechange Pendant Un An Aux Usa\",\"datePublished\":\"2024-05-13T09:00:00+00:00\",\"dateModified\":\"2026-04-14T10:27:47+00:00\",\"mainEntityOfPage\":{\"@id\":\"https:\/\/www.sts-education.com\/fr-ch\/high-school\/nos-etudiants-dechange\/temoignages\/petra-eleve-dechange-pendant-un-an-aux-usa\/\"},\"wordCount\":726,\"commentCount\":0,\"image\":{\"@id\":\"https:\/\/www.sts-education.com\/fr-ch\/high-school\/nos-etudiants-dechange\/temoignages\/petra-eleve-dechange-pendant-un-an-aux-usa\/#primaryimage\"},\"thumbnailUrl\":\"https:\/\/powered-by.qbank.se\/educatius\/sts\/\/d641a61027e21d4a41dc2e2e8f16d0b7_1-1-thumb.webp\",\"keywords\":[\"\u00c9tats-Unis\"],\"articleSection\":[\"Uncategorized @fr-ch\"],\"inLanguage\":\"fr-CH\",\"potentialAction\":[{\"@type\":\"CommentAction\",\"name\":\"Comment\",\"target\":[\"https:\/\/www.sts-education.com\/fr-ch\/high-school\/nos-etudiants-dechange\/temoignages\/petra-eleve-dechange-pendant-un-an-aux-usa\/#respond\"]}]},{\"@type\":\"WebPage\",\"@id\":\"https:\/\/www.sts-education.com\/fr-ch\/high-school\/nos-etudiants-dechange\/temoignages\/petra-eleve-dechange-pendant-un-an-aux-usa\/\",\"url\":\"https:\/\/www.sts-education.com\/fr-ch\/high-school\/nos-etudiants-dechange\/temoignages\/petra-eleve-dechange-pendant-un-an-aux-usa\/\",\"name\":\"Petra, \u00e9l\u00e8ve d\u2019\u00e9change pendant un an aux USA\",\"isPartOf\":{\"@id\":\"https:\/\/www.sts-education.com\/fr-ch\/#website\"},\"primaryImageOfPage\":{\"@id\":\"https:\/\/www.sts-education.com\/fr-ch\/high-school\/nos-etudiants-dechange\/temoignages\/petra-eleve-dechange-pendant-un-an-aux-usa\/#primaryimage\"},\"image\":{\"@id\":\"https:\/\/www.sts-education.com\/fr-ch\/high-school\/nos-etudiants-dechange\/temoignages\/petra-eleve-dechange-pendant-un-an-aux-usa\/#primaryimage\"},\"thumbnailUrl\":\"https:\/\/powered-by.qbank.se\/educatius\/sts\/\/d641a61027e21d4a41dc2e2e8f16d0b7_1-1-thumb.webp\",\"datePublished\":\"2024-05-13T09:00:00+00:00\",\"dateModified\":\"2026-04-14T10:27:47+00:00\",\"author\":{\"@id\":\"https:\/\/www.sts-education.com\/fr-ch\/#\/schema\/person\/8b82f3a2e45f020b8f296d7a85d9a97c\"},\"description\":\"En 2000\u20132001, j\u2019avais 17 ans, j\u2019ai pass\u00e9 une ann\u00e9e en High School dans la petite ville am\u00e9ricaine de North Fond du Lac, dans le Wisconsin.\",\"breadcrumb\":{\"@id\":\"https:\/\/www.sts-education.com\/fr-ch\/high-school\/nos-etudiants-dechange\/temoignages\/petra-eleve-dechange-pendant-un-an-aux-usa\/#breadcrumb\"},\"inLanguage\":\"fr-CH\",\"potentialAction\":[{\"@type\":\"ReadAction\",\"target\":[\"https:\/\/www.sts-education.com\/fr-ch\/high-school\/nos-etudiants-dechange\/temoignages\/petra-eleve-dechange-pendant-un-an-aux-usa\/\"]}]},{\"@type\":\"ImageObject\",\"inLanguage\":\"fr-CH\",\"@id\":\"https:\/\/www.sts-education.com\/fr-ch\/high-school\/nos-etudiants-dechange\/temoignages\/petra-eleve-dechange-pendant-un-an-aux-usa\/#primaryimage\",\"url\":\"https:\/\/powered-by.qbank.se\/educatius\/sts\/\/d641a61027e21d4a41dc2e2e8f16d0b7_1-1-thumb.webp\",\"contentUrl\":\"https:\/\/powered-by.qbank.se\/educatius\/sts\/\/d641a61027e21d4a41dc2e2e8f16d0b7_1-1-thumb.webp\",\"width\":150,\"height\":150},{\"@type\":\"BreadcrumbList\",\"@id\":\"https:\/\/www.sts-education.com\/fr-ch\/high-school\/nos-etudiants-dechange\/temoignages\/petra-eleve-dechange-pendant-un-an-aux-usa\/#breadcrumb\",\"itemListElement\":[{\"@type\":\"ListItem\",\"position\":1,\"name\":\"Home\",\"item\":\"https:\/\/www.sts-education.com\/fr-ch\/\"},{\"@type\":\"ListItem\",\"position\":2,\"name\":\"Petra Eleve Dechange Pendant Un An Aux Usa\"}]},{\"@type\":\"WebSite\",\"@id\":\"https:\/\/www.sts-education.com\/fr-ch\/#website\",\"url\":\"https:\/\/www.sts-education.com\/fr-ch\/\",\"name\":\"STS Education\",\"description\":\"\",\"potentialAction\":[{\"@type\":\"SearchAction\",\"target\":{\"@type\":\"EntryPoint\",\"urlTemplate\":\"https:\/\/www.sts-education.com\/fr-ch\/?s={search_term_string}\"},\"query-input\":{\"@type\":\"PropertyValueSpecification\",\"valueRequired\":true,\"valueName\":\"search_term_string\"}}],\"inLanguage\":\"fr-CH\"},{\"@type\":\"Person\",\"@id\":\"https:\/\/www.sts-education.com\/fr-ch\/#\/schema\/person\/8b82f3a2e45f020b8f296d7a85d9a97c\",\"name\":\"syncreadwrite\",\"image\":{\"@type\":\"ImageObject\",\"inLanguage\":\"fr-CH\",\"@id\":\"https:\/\/secure.gravatar.com\/avatar\/6ed1007e4f6f43f22e3df41d9fce4365533cba47fef64bb359b8e629abbc2ea6?s=96&d=mm&r=g\",\"url\":\"https:\/\/secure.gravatar.com\/avatar\/6ed1007e4f6f43f22e3df41d9fce4365533cba47fef64bb359b8e629abbc2ea6?s=96&d=mm&r=g\",\"contentUrl\":\"https:\/\/secure.gravatar.com\/avatar\/6ed1007e4f6f43f22e3df41d9fce4365533cba47fef64bb359b8e629abbc2ea6?s=96&d=mm&r=g\",\"caption\":\"syncreadwrite\"},\"url\":\"https:\/\/www.sts-education.com\/fr-ch\/author\/syncreadwrite\/\"}]}<\/script>\n<!-- \/ Yoast SEO Premium plugin. -->","yoast_head_json":{"title":"Petra, \u00e9l\u00e8ve d\u2019\u00e9change pendant un an aux USA","description":"En 2000\u20132001, j\u2019avais 17 ans, j\u2019ai pass\u00e9 une ann\u00e9e en High School dans la petite ville am\u00e9ricaine de North Fond du Lac, dans le Wisconsin.","robots":{"index":"index","follow":"follow","max-snippet":"max-snippet:-1","max-image-preview":"max-image-preview:large","max-video-preview":"max-video-preview:-1"},"canonical":"https:\/\/www.sts-education.com\/fr-ch\/high-school\/nos-etudiants-dechange\/temoignages\/petra-eleve-dechange-pendant-un-an-aux-usa\/","og_locale":"fr_FR","og_type":"article","og_title":"Petra Eleve Dechange Pendant Un An Aux Usa","og_description":"En 2000\u20132001, j\u2019avais 17 ans, j\u2019ai pass\u00e9 une ann\u00e9e en High School dans la petite ville am\u00e9ricaine de North Fond du Lac, dans le Wisconsin.","og_url":"https:\/\/www.sts-education.com\/fr-ch\/high-school\/nos-etudiants-dechange\/temoignages\/petra-eleve-dechange-pendant-un-an-aux-usa\/","og_site_name":"STS Education","article_published_time":"2024-05-13T09:00:00+00:00","article_modified_time":"2026-04-14T10:27:47+00:00","og_image":[{"width":150,"height":150,"url":"https:\/\/powered-by.qbank.se\/educatius\/sts\/\/d641a61027e21d4a41dc2e2e8f16d0b7_1-1-thumb.webp","type":"image\/jpeg"}],"author":"syncreadwrite","twitter_card":"summary_large_image","twitter_misc":{"Written by":"syncreadwrite","Est. reading time":"4 minutes"},"schema":{"@context":"https:\/\/schema.org","@graph":[{"@type":"Article","@id":"https:\/\/www.sts-education.com\/fr-ch\/high-school\/nos-etudiants-dechange\/temoignages\/petra-eleve-dechange-pendant-un-an-aux-usa\/#article","isPartOf":{"@id":"https:\/\/www.sts-education.com\/fr-ch\/high-school\/nos-etudiants-dechange\/temoignages\/petra-eleve-dechange-pendant-un-an-aux-usa\/"},"author":{"name":"syncreadwrite","@id":"https:\/\/www.sts-education.com\/fr-ch\/#\/schema\/person\/8b82f3a2e45f020b8f296d7a85d9a97c"},"headline":"Petra Eleve Dechange Pendant Un An Aux Usa","datePublished":"2024-05-13T09:00:00+00:00","dateModified":"2026-04-14T10:27:47+00:00","mainEntityOfPage":{"@id":"https:\/\/www.sts-education.com\/fr-ch\/high-school\/nos-etudiants-dechange\/temoignages\/petra-eleve-dechange-pendant-un-an-aux-usa\/"},"wordCount":726,"commentCount":0,"image":{"@id":"https:\/\/www.sts-education.com\/fr-ch\/high-school\/nos-etudiants-dechange\/temoignages\/petra-eleve-dechange-pendant-un-an-aux-usa\/#primaryimage"},"thumbnailUrl":"https:\/\/powered-by.qbank.se\/educatius\/sts\/\/d641a61027e21d4a41dc2e2e8f16d0b7_1-1-thumb.webp","keywords":["\u00c9tats-Unis"],"articleSection":["Uncategorized @fr-ch"],"inLanguage":"fr-CH","potentialAction":[{"@type":"CommentAction","name":"Comment","target":["https:\/\/www.sts-education.com\/fr-ch\/high-school\/nos-etudiants-dechange\/temoignages\/petra-eleve-dechange-pendant-un-an-aux-usa\/#respond"]}]},{"@type":"WebPage","@id":"https:\/\/www.sts-education.com\/fr-ch\/high-school\/nos-etudiants-dechange\/temoignages\/petra-eleve-dechange-pendant-un-an-aux-usa\/","url":"https:\/\/www.sts-education.com\/fr-ch\/high-school\/nos-etudiants-dechange\/temoignages\/petra-eleve-dechange-pendant-un-an-aux-usa\/","name":"Petra, \u00e9l\u00e8ve d\u2019\u00e9change pendant un an aux USA","isPartOf":{"@id":"https:\/\/www.sts-education.com\/fr-ch\/#website"},"primaryImageOfPage":{"@id":"https:\/\/www.sts-education.com\/fr-ch\/high-school\/nos-etudiants-dechange\/temoignages\/petra-eleve-dechange-pendant-un-an-aux-usa\/#primaryimage"},"image":{"@id":"https:\/\/www.sts-education.com\/fr-ch\/high-school\/nos-etudiants-dechange\/temoignages\/petra-eleve-dechange-pendant-un-an-aux-usa\/#primaryimage"},"thumbnailUrl":"https:\/\/powered-by.qbank.se\/educatius\/sts\/\/d641a61027e21d4a41dc2e2e8f16d0b7_1-1-thumb.webp","datePublished":"2024-05-13T09:00:00+00:00","dateModified":"2026-04-14T10:27:47+00:00","author":{"@id":"https:\/\/www.sts-education.com\/fr-ch\/#\/schema\/person\/8b82f3a2e45f020b8f296d7a85d9a97c"},"description":"En 2000\u20132001, j\u2019avais 17 ans, j\u2019ai pass\u00e9 une ann\u00e9e en High School dans la petite ville am\u00e9ricaine de North Fond du Lac, dans le Wisconsin.","breadcrumb":{"@id":"https:\/\/www.sts-education.com\/fr-ch\/high-school\/nos-etudiants-dechange\/temoignages\/petra-eleve-dechange-pendant-un-an-aux-usa\/#breadcrumb"},"inLanguage":"fr-CH","potentialAction":[{"@type":"ReadAction","target":["https:\/\/www.sts-education.com\/fr-ch\/high-school\/nos-etudiants-dechange\/temoignages\/petra-eleve-dechange-pendant-un-an-aux-usa\/"]}]},{"@type":"ImageObject","inLanguage":"fr-CH","@id":"https:\/\/www.sts-education.com\/fr-ch\/high-school\/nos-etudiants-dechange\/temoignages\/petra-eleve-dechange-pendant-un-an-aux-usa\/#primaryimage","url":"https:\/\/powered-by.qbank.se\/educatius\/sts\/\/d641a61027e21d4a41dc2e2e8f16d0b7_1-1-thumb.webp","contentUrl":"https:\/\/powered-by.qbank.se\/educatius\/sts\/\/d641a61027e21d4a41dc2e2e8f16d0b7_1-1-thumb.webp","width":150,"height":150},{"@type":"BreadcrumbList","@id":"https:\/\/www.sts-education.com\/fr-ch\/high-school\/nos-etudiants-dechange\/temoignages\/petra-eleve-dechange-pendant-un-an-aux-usa\/#breadcrumb","itemListElement":[{"@type":"ListItem","position":1,"name":"Home","item":"https:\/\/www.sts-education.com\/fr-ch\/"},{"@type":"ListItem","position":2,"name":"Petra Eleve Dechange Pendant Un An Aux Usa"}]},{"@type":"WebSite","@id":"https:\/\/www.sts-education.com\/fr-ch\/#website","url":"https:\/\/www.sts-education.com\/fr-ch\/","name":"STS Education","description":"","potentialAction":[{"@type":"SearchAction","target":{"@type":"EntryPoint","urlTemplate":"https:\/\/www.sts-education.com\/fr-ch\/?s={search_term_string}"},"query-input":{"@type":"PropertyValueSpecification","valueRequired":true,"valueName":"search_term_string"}}],"inLanguage":"fr-CH"},{"@type":"Person","@id":"https:\/\/www.sts-education.com\/fr-ch\/#\/schema\/person\/8b82f3a2e45f020b8f296d7a85d9a97c","name":"syncreadwrite","image":{"@type":"ImageObject","inLanguage":"fr-CH","@id":"https:\/\/secure.gravatar.com\/avatar\/6ed1007e4f6f43f22e3df41d9fce4365533cba47fef64bb359b8e629abbc2ea6?s=96&d=mm&r=g","url":"https:\/\/secure.gravatar.com\/avatar\/6ed1007e4f6f43f22e3df41d9fce4365533cba47fef64bb359b8e629abbc2ea6?s=96&d=mm&r=g","contentUrl":"https:\/\/secure.gravatar.com\/avatar\/6ed1007e4f6f43f22e3df41d9fce4365533cba47fef64bb359b8e629abbc2ea6?s=96&d=mm&r=g","caption":"syncreadwrite"},"url":"https:\/\/www.sts-education.com\/fr-ch\/author\/syncreadwrite\/"}]}},"_links":{"self":[{"href":"https:\/\/www.sts-education.com\/fr-ch\/wp-json\/wp\/v2\/posts\/12240","targetHints":{"allow":["GET"]}}],"collection":[{"href":"https:\/\/www.sts-education.com\/fr-ch\/wp-json\/wp\/v2\/posts"}],"about":[{"href":"https:\/\/www.sts-education.com\/fr-ch\/wp-json\/wp\/v2\/types\/post"}],"author":[{"embeddable":true,"href":"https:\/\/www.sts-education.com\/fr-ch\/wp-json\/wp\/v2\/users\/20"}],"replies":[{"embeddable":true,"href":"https:\/\/www.sts-education.com\/fr-ch\/wp-json\/wp\/v2\/comments?post=12240"}],"version-history":[{"count":4,"href":"https:\/\/www.sts-education.com\/fr-ch\/wp-json\/wp\/v2\/posts\/12240\/revisions"}],"predecessor-version":[{"id":34597,"href":"https:\/\/www.sts-education.com\/fr-ch\/wp-json\/wp\/v2\/posts\/12240\/revisions\/34597"}],"wp:featuredmedia":[{"embeddable":true,"href":"https:\/\/www.sts-education.com\/fr-ch\/wp-json\/wp\/v2\/media\/13557"}],"wp:attachment":[{"href":"https:\/\/www.sts-education.com\/fr-ch\/wp-json\/wp\/v2\/media?parent=12240"}],"wp:term":[{"taxonomy":"category","embeddable":true,"href":"https:\/\/www.sts-education.com\/fr-ch\/wp-json\/wp\/v2\/categories?post=12240"},{"taxonomy":"post_tag","embeddable":true,"href":"https:\/\/www.sts-education.com\/fr-ch\/wp-json\/wp\/v2\/tags?post=12240"},{"taxonomy":"wpw_post_folders","embeddable":true,"href":"https:\/\/www.sts-education.com\/fr-ch\/wp-json\/wp\/v2\/wpw_post_folders?post=12240"}],"curies":[{"name":"wp","href":"https:\/\/api.w.org\/{rel}","templated":true}]}}