{"id":12243,"date":"2024-03-15T09:00:00","date_gmt":"2024-03-15T07:00:00","guid":{"rendered":"https:\/\/preprod.sts-education.com\/blog\/2026\/03\/05\/ada-a-fait-ses-etudes-dans-une-high-school-aux-etats-unis\/"},"modified":"2026-04-29T10:10:59","modified_gmt":"2026-04-29T08:10:59","slug":"ada-a-fait-ses-etudes-dans-une-high-school-aux-etats-unis","status":"publish","type":"post","link":"https:\/\/www.sts-education.com\/fr-ch\/high-school\/nos-etudiants-dechange\/temoignages\/ada-a-fait-ses-etudes-dans-une-high-school-aux-etats-unis\/","title":{"rendered":"Ada A Fait Ses Etudes Dans Une High School Aux Etats Unis"},"content":{"rendered":"\n<div class=\"wp-block-sts-text sts-text-editor has-max-width-md\"><div class=\"sts-text-editor__content\"><div class=\"sts-text-editor__content-inner\">\n<h1 style=\"text-align:center\">Ada a fait ses \u00e9tudes dans une high school aux \u00c9tats-Unis<\/h1>\n<\/div><\/div><\/div>\n\n\n\n<figure class=\"wp-block-sts-image sts-block-image sts-block-image--count-1 has-max-width-lg\" data-count=\"1\"><div class=\"sts-block-image__grid\"><div class=\"sts-block-image__item\"><picture class=\"sts-responsive-image has-fit-cover has-pos-top is-skeleton\"><source media=\"(max-width: 834.98px)\" srcset=\"https:\/\/powered-by.qbank.se\/educatius\/sts\/e6b0fea91389c78aeda5659015055106_1-1-thumb.webp 150w, https:\/\/powered-by.qbank.se\/educatius\/sts\/e6b0fea91389c78aeda5659015055106_1-1-xsmall.webp 500w, https:\/\/powered-by.qbank.se\/educatius\/sts\/e6b0fea91389c78aeda5659015055106_1-1-small.webp 800w, https:\/\/powered-by.qbank.se\/educatius\/sts\/e6b0fea91389c78aeda5659015055106_1-1-medium.webp 1024w, https:\/\/powered-by.qbank.se\/educatius\/sts\/e6b0fea91389c78aeda5659015055106_1-1-large.webp 1536w\" sizes=\"(max-width: 768px) 100vw, (max-width: 1200px) 100vw, 1200px\" type=\"image\/webp\"\/><source media=\"(min-width: 835px)\" srcset=\"https:\/\/powered-by.qbank.se\/educatius\/sts\/e6b0fea91389c78aeda5659015055106_16-9-small.webp 800w, https:\/\/powered-by.qbank.se\/educatius\/sts\/e6b0fea91389c78aeda5659015055106_16-9-medium.webp 1024w, https:\/\/powered-by.qbank.se\/educatius\/sts\/e6b0fea91389c78aeda5659015055106_16-9-large.webp 1536w\" sizes=\"(max-width: 768px) 100vw, (max-width: 1200px) 100vw, 1200px\" type=\"image\/webp\"\/><img src=\"https:\/\/powered-by.qbank.se\/educatius\/sts\/e6b0fea91389c78aeda5659015055106_1-1-thumb.webp\" alt=\"Ada a fait ses \u00e9tudes dans une high school aux \u00c9tats-Unis\" loading=\"lazy\" decoding=\"async\" fetchpriority=\"low\" style=\"object-position:top\"\/><\/picture><\/div><\/div><\/figure>\n\n\n\n<div class=\"wp-block-sts-text sts-text-editor has-max-width-md\"><div class=\"sts-text-editor__content\"><div class=\"sts-text-editor__content-inner\">\n<p><em>Ada, Finlandaise, passe son \u00e9change en Arizona, aux \u00c9tats-Unis.<\/em><\/p>\n<\/div><\/div><\/div>\n\n\n\n<div class=\"wp-block-sts-text sts-text-editor has-max-width-md\"><div class=\"sts-text-editor__content\"><div class=\"sts-text-editor__content-inner\">\n<h2>Bonjour ! Je vous salue depuis l&#x27;Arizona ensoleill\u00e9.<\/h2>\n<p>Cela faisait des ann\u00e9es que je r\u00eavais de participer \u00e0 un \u00e9change et il y a trois mois, mon r\u00eave s&#x27;est enfin r\u00e9alis\u00e9 apr\u00e8s une longue attente. J&#x27;ai d\u00e9m\u00e9nag\u00e9 en Arizona ! Il a fait tr\u00e8s chaud (plus de 38\u00b0C), mais maintenant il fait plus frais et j&#x27;adore le temps qu&#x27;il fait ici !<\/p>\n<p>Tout le monde dit que l&#x27;ann\u00e9e d&#x27;\u00e9change est une montagne russe et c&#x27;est tout \u00e0 fait vrai&#8230; Au cours des trois derniers mois, j&#x27;ai v\u00e9cu des choses que je n&#x27;aurais jamais imagin\u00e9es. J&#x27;ai rencontr\u00e9 tant de personnes extraordinaires venues du monde entier et j&#x27;ai d\u00e9couvert tant de cultures. M\u00eame si je vis mon r\u00eave, j&#x27;ai mes mauvais jours et c&#x27;est tout \u00e0 fait normal. Mais ce dont je voulais vraiment parler, c&#x27;est d&#x27;une chose avec laquelle j&#x27;ai vraiment lutt\u00e9 pendant les deux premiers mois : le mal du pays.<\/p>\n<p>Je n&#x27;avais jamais eu le mal du pays auparavant. J&#x27;ai beaucoup voyag\u00e9 sans mes parents et je me suis toujours adapt\u00e9e rapidement aux changements. Avant de venir ici, j&#x27;\u00e9tais tellement excit\u00e9e \u00e0 l&#x27;id\u00e9e de commencer enfin mon ann\u00e9e d&#x27;\u00e9change que le mal du pays \u00e9tait le cadet de mes soucis. Je n&#x27;ai jamais pens\u00e9 que j&#x27;aurais le mal du pays. J&#x27;ai commenc\u00e9 \u00e0 avoir le mal du pays d\u00e8s le deuxi\u00e8me jour. Vous vous rendez compte ? C&#x27;est cens\u00e9 \u00eatre la &quot;phase de lune de miel&quot; ; vous avez enfin commenc\u00e9 votre ann\u00e9e d&#x27;\u00e9change et tout est parfait. Je ne sais vraiment pas pourquoi j&#x27;ai eu le mal du pays d\u00e8s le deuxi\u00e8me jour. Je n&#x27;avais &quot;aucune raison&quot; d&#x27;avoir le mal du pays. En fait, les deux premiers mois de mon ann\u00e9e d&#x27;\u00e9change, j&#x27;ai eu le mal du pays presque tous les jours. C&#x27;\u00e9tait un sentiment \u00e9trange. Je voulais rentrer chez moi, mais je ne voulais pas abandonner et quitter l&#x27;Am\u00e9rique.<\/p>\n<p>J&#x27;ai d\u00e9cid\u00e9 de ne PAS abandonner et je partage avec vous quelques-uns de mes meilleurs conseils pour faire face au mal du pays :<\/p>\n<ol><li>Rejoignez des groupes de discussion d&#x27;\u00e9tudiants en \u00e9change. Vous pouvez trouver d&#x27;autres \u00e9tudiants en \u00e9change sur les m\u00e9dias sociaux. Envoyez-leur un message et cr\u00e9ez ou rejoignez un groupe o\u00f9 vous pourrez partager vos pens\u00e9es, vos inqui\u00e9tudes et vos joies avec d&#x27;autres \u00e9tudiants en \u00e9change. Croyez-moi, vous n&#x27;\u00eates pas le seul \u00e0 avoir le mal du pays (ou d&#x27;autres probl\u00e8mes).<\/li>\n<li>Cr\u00e9ez un album photo\/vid\u00e9o avec des images de votre pays d&#x27;origine. Lorsque j&#x27;avais le mal du pays, j&#x27;essayais d&#x27;\u00e9viter tout contact quotidien avec ma famille et mes amis rest\u00e9s au pays. Au lieu de leur parler, j&#x27;ai cr\u00e9\u00e9 un album photo rempli de vid\u00e9os et de photos prises \u00e0 la maison.<\/li>\n<li>Demandez \u00e0 votre famille et \u00e0 vos amis d&#x27;\u00e9crire des lettres pour vous. Mes amis et ma famille m&#x27;ont \u00e9crit des lettres que je lis toujours lorsque je passe une mauvaise journ\u00e9e. M\u00eame apr\u00e8s les avoir lues plusieurs fois, je me sens toujours mieux !<\/li>\n<li>Tu l&#x27;entends probablement souvent, mais c&#x27;est vrai : Occupez-vous ! !! Et quand je dis cela, je tiens \u00e0 pr\u00e9ciser qu&#x27;il est tout \u00e0 fait normal d&#x27;avoir envie d&#x27;\u00eatre seul quand on a le mal du pays ou qu&#x27;on passe une mauvaise journ\u00e9e. Mais ne reste pas trop dans ta chambre. Demandez \u00e0 vos parents d&#x27;accueil de vous accompagner \u00e0 l&#x27;\u00e9picerie, faites une promenade, essayez un nouveau sport, demandez \u00e0 quelqu&#x27;un de passer du temps avec vous, cuisinez quelque chose ou asseyez-vous simplement dans le salon.<\/li><\/ol>\n<p>Le mal du pays est un sentiment que presque tous les \u00e9tudiants en \u00e9change ressentent \u00e0 un moment ou \u00e0 un autre. Je dirais que c&#x27;est quelque chose qui fait partie de votre exp\u00e9rience. N&#x27;oubliez pas que vous n&#x27;\u00eates pas seul. Chaque fois que vous avez le mal du pays, vous en apprenez plus sur vous-m\u00eame et vous devenez une personne plus forte !<\/p>\n<h2>Pour en savoir plus<\/h2>\n<ul><li>Lis d&#x27;autres <a href=\"https:\/\/www.sts-education.com\/fr-ch\/high-school\/nos-etudiants-dechange\/temoignages\/?hashtag=%c3%89tats-Unis\">t\u00e9moignages d&#x27;\u00e9tudiants aux \u00c9tats-Unis<\/a><\/li>\n<li>En savoir plus sur un <a href=\"https:\/\/www.sts-education.com\/fr-ch\/high-school\/destinations\/amerique-du-nord\/etats-unis\/\">\u00e9change scolaire aux \u00c9tats-Unis<\/a><\/li>\n<li>Voir <a href=\"\/fr-ch\/high-school\/tripfinder\/\">toutes nos destinations d&#x27;\u00e9change scolaire<\/a><\/li><\/ul>\n<\/div><\/div><\/div>\n","protected":false},"excerpt":{"rendered":"","protected":false},"author":20,"featured_media":13563,"comment_status":"open","ping_status":"open","sticky":false,"template":"","format":"standard","meta":{"_acf_changed":false,"_yoast_wpseo_title":"Ada a fait ses \u00e9tudes dans une high school aux \u00c9tats-Unis","_yoast_wpseo_metadesc":"Cela faisait des ann\u00e9es que je r\u00eavais de participer \u00e0 un \u00e9change et il y a trois mois, mon r\u00eave s'est enfin r\u00e9alis\u00e9 apr\u00e8s une longue attente. J'ai d\u00e9m\u00e9nag\u00e9 en Arizona","footnotes":""},"categories":[297],"tags":[1067],"wpw_post_folders":[],"class_list":["post-12243","post","type-post","status-publish","format-standard","has-post-thumbnail","hentry","category-uncategorized-fr-ch","tag-etats-unis"],"acf":[],"yoast_head":"<!-- This site is optimized with the Yoast SEO Premium plugin v27.2 (Yoast SEO v27.2) - https:\/\/yoast.com\/product\/yoast-seo-premium-wordpress\/ -->\n<title>Ada a fait ses \u00e9tudes dans une high school aux \u00c9tats-Unis<\/title>\n<meta name=\"description\" content=\"Cela faisait des ann\u00e9es que je r\u00eavais de participer \u00e0 un \u00e9change et il y a trois mois, mon r\u00eave s&#039;est enfin r\u00e9alis\u00e9 apr\u00e8s une longue attente. J&#039;ai d\u00e9m\u00e9nag\u00e9 en Arizona\" \/>\n<meta name=\"robots\" content=\"index, follow, max-snippet:-1, max-image-preview:large, max-video-preview:-1\" \/>\n<link rel=\"canonical\" href=\"https:\/\/www.sts-education.com\/fr-ch\/high-school\/nos-etudiants-dechange\/temoignages\/ada-a-fait-ses-etudes-dans-une-high-school-aux-etats-unis\/\" \/>\n<meta property=\"og:locale\" content=\"fr_FR\" \/>\n<meta property=\"og:type\" content=\"article\" \/>\n<meta property=\"og:title\" content=\"Ada A Fait Ses Etudes Dans Une High School Aux Etats Unis\" \/>\n<meta property=\"og:description\" content=\"Cela faisait des ann\u00e9es que je r\u00eavais de participer \u00e0 un \u00e9change et il y a trois mois, mon r\u00eave s&#039;est enfin r\u00e9alis\u00e9 apr\u00e8s une longue attente. J&#039;ai d\u00e9m\u00e9nag\u00e9 en Arizona\" \/>\n<meta property=\"og:url\" content=\"https:\/\/www.sts-education.com\/fr-ch\/high-school\/nos-etudiants-dechange\/temoignages\/ada-a-fait-ses-etudes-dans-une-high-school-aux-etats-unis\/\" \/>\n<meta property=\"og:site_name\" content=\"STS Education\" \/>\n<meta property=\"article:published_time\" content=\"2024-03-15T07:00:00+00:00\" \/>\n<meta property=\"article:modified_time\" content=\"2026-04-29T08:10:59+00:00\" \/>\n<meta property=\"og:image\" content=\"https:\/\/powered-by.qbank.se\/educatius\/sts\/\/e6b0fea91389c78aeda5659015055106_1-1-thumb.webp\" \/>\n\t<meta property=\"og:image:width\" content=\"150\" \/>\n\t<meta property=\"og:image:height\" content=\"150\" \/>\n\t<meta property=\"og:image:type\" content=\"image\/jpeg\" \/>\n<meta name=\"author\" content=\"syncreadwrite\" \/>\n<meta name=\"twitter:card\" content=\"summary_large_image\" \/>\n<meta name=\"twitter:label1\" content=\"Written by\" \/>\n\t<meta name=\"twitter:data1\" content=\"syncreadwrite\" \/>\n\t<meta name=\"twitter:label2\" content=\"Est. reading time\" \/>\n\t<meta name=\"twitter:data2\" content=\"4 minutes\" \/>\n<script type=\"application\/ld+json\" class=\"yoast-schema-graph\">{\"@context\":\"https:\/\/schema.org\",\"@graph\":[{\"@type\":\"Article\",\"@id\":\"https:\/\/www.sts-education.com\/fr-ch\/high-school\/nos-etudiants-dechange\/temoignages\/ada-a-fait-ses-etudes-dans-une-high-school-aux-etats-unis\/#article\",\"isPartOf\":{\"@id\":\"https:\/\/www.sts-education.com\/fr-ch\/high-school\/nos-etudiants-dechange\/temoignages\/ada-a-fait-ses-etudes-dans-une-high-school-aux-etats-unis\/\"},\"author\":{\"name\":\"syncreadwrite\",\"@id\":\"https:\/\/www.sts-education.com\/fr-ch\/#\/schema\/person\/8b82f3a2e45f020b8f296d7a85d9a97c\"},\"headline\":\"Ada A Fait Ses Etudes Dans Une High School Aux Etats Unis\",\"datePublished\":\"2024-03-15T07:00:00+00:00\",\"dateModified\":\"2026-04-29T08:10:59+00:00\",\"mainEntityOfPage\":{\"@id\":\"https:\/\/www.sts-education.com\/fr-ch\/high-school\/nos-etudiants-dechange\/temoignages\/ada-a-fait-ses-etudes-dans-une-high-school-aux-etats-unis\/\"},\"wordCount\":842,\"commentCount\":0,\"image\":{\"@id\":\"https:\/\/www.sts-education.com\/fr-ch\/high-school\/nos-etudiants-dechange\/temoignages\/ada-a-fait-ses-etudes-dans-une-high-school-aux-etats-unis\/#primaryimage\"},\"thumbnailUrl\":\"https:\/\/powered-by.qbank.se\/educatius\/sts\/\/e6b0fea91389c78aeda5659015055106_1-1-thumb.webp\",\"keywords\":[\"\u00c9tats-Unis\"],\"articleSection\":[\"Uncategorized @fr-ch\"],\"inLanguage\":\"fr-CH\",\"potentialAction\":[{\"@type\":\"CommentAction\",\"name\":\"Comment\",\"target\":[\"https:\/\/www.sts-education.com\/fr-ch\/high-school\/nos-etudiants-dechange\/temoignages\/ada-a-fait-ses-etudes-dans-une-high-school-aux-etats-unis\/#respond\"]}]},{\"@type\":\"WebPage\",\"@id\":\"https:\/\/www.sts-education.com\/fr-ch\/high-school\/nos-etudiants-dechange\/temoignages\/ada-a-fait-ses-etudes-dans-une-high-school-aux-etats-unis\/\",\"url\":\"https:\/\/www.sts-education.com\/fr-ch\/high-school\/nos-etudiants-dechange\/temoignages\/ada-a-fait-ses-etudes-dans-une-high-school-aux-etats-unis\/\",\"name\":\"Ada a fait ses \u00e9tudes dans une high school aux \u00c9tats-Unis\",\"isPartOf\":{\"@id\":\"https:\/\/www.sts-education.com\/fr-ch\/#website\"},\"primaryImageOfPage\":{\"@id\":\"https:\/\/www.sts-education.com\/fr-ch\/high-school\/nos-etudiants-dechange\/temoignages\/ada-a-fait-ses-etudes-dans-une-high-school-aux-etats-unis\/#primaryimage\"},\"image\":{\"@id\":\"https:\/\/www.sts-education.com\/fr-ch\/high-school\/nos-etudiants-dechange\/temoignages\/ada-a-fait-ses-etudes-dans-une-high-school-aux-etats-unis\/#primaryimage\"},\"thumbnailUrl\":\"https:\/\/powered-by.qbank.se\/educatius\/sts\/\/e6b0fea91389c78aeda5659015055106_1-1-thumb.webp\",\"datePublished\":\"2024-03-15T07:00:00+00:00\",\"dateModified\":\"2026-04-29T08:10:59+00:00\",\"author\":{\"@id\":\"https:\/\/www.sts-education.com\/fr-ch\/#\/schema\/person\/8b82f3a2e45f020b8f296d7a85d9a97c\"},\"description\":\"Cela faisait des ann\u00e9es que je r\u00eavais de participer \u00e0 un \u00e9change et il y a trois mois, mon r\u00eave s'est enfin r\u00e9alis\u00e9 apr\u00e8s une longue attente. J'ai d\u00e9m\u00e9nag\u00e9 en Arizona\",\"breadcrumb\":{\"@id\":\"https:\/\/www.sts-education.com\/fr-ch\/high-school\/nos-etudiants-dechange\/temoignages\/ada-a-fait-ses-etudes-dans-une-high-school-aux-etats-unis\/#breadcrumb\"},\"inLanguage\":\"fr-CH\",\"potentialAction\":[{\"@type\":\"ReadAction\",\"target\":[\"https:\/\/www.sts-education.com\/fr-ch\/high-school\/nos-etudiants-dechange\/temoignages\/ada-a-fait-ses-etudes-dans-une-high-school-aux-etats-unis\/\"]}]},{\"@type\":\"ImageObject\",\"inLanguage\":\"fr-CH\",\"@id\":\"https:\/\/www.sts-education.com\/fr-ch\/high-school\/nos-etudiants-dechange\/temoignages\/ada-a-fait-ses-etudes-dans-une-high-school-aux-etats-unis\/#primaryimage\",\"url\":\"https:\/\/powered-by.qbank.se\/educatius\/sts\/\/e6b0fea91389c78aeda5659015055106_1-1-thumb.webp\",\"contentUrl\":\"https:\/\/powered-by.qbank.se\/educatius\/sts\/\/e6b0fea91389c78aeda5659015055106_1-1-thumb.webp\",\"width\":150,\"height\":150},{\"@type\":\"BreadcrumbList\",\"@id\":\"https:\/\/www.sts-education.com\/fr-ch\/high-school\/nos-etudiants-dechange\/temoignages\/ada-a-fait-ses-etudes-dans-une-high-school-aux-etats-unis\/#breadcrumb\",\"itemListElement\":[{\"@type\":\"ListItem\",\"position\":1,\"name\":\"Home\",\"item\":\"https:\/\/www.sts-education.com\/fr-ch\/\"},{\"@type\":\"ListItem\",\"position\":2,\"name\":\"Ada A Fait Ses Etudes Dans Une High School Aux Etats Unis\"}]},{\"@type\":\"WebSite\",\"@id\":\"https:\/\/www.sts-education.com\/fr-ch\/#website\",\"url\":\"https:\/\/www.sts-education.com\/fr-ch\/\",\"name\":\"STS Education\",\"description\":\"\",\"potentialAction\":[{\"@type\":\"SearchAction\",\"target\":{\"@type\":\"EntryPoint\",\"urlTemplate\":\"https:\/\/www.sts-education.com\/fr-ch\/?s={search_term_string}\"},\"query-input\":{\"@type\":\"PropertyValueSpecification\",\"valueRequired\":true,\"valueName\":\"search_term_string\"}}],\"inLanguage\":\"fr-CH\"},{\"@type\":\"Person\",\"@id\":\"https:\/\/www.sts-education.com\/fr-ch\/#\/schema\/person\/8b82f3a2e45f020b8f296d7a85d9a97c\",\"name\":\"syncreadwrite\",\"image\":{\"@type\":\"ImageObject\",\"inLanguage\":\"fr-CH\",\"@id\":\"https:\/\/secure.gravatar.com\/avatar\/6ed1007e4f6f43f22e3df41d9fce4365533cba47fef64bb359b8e629abbc2ea6?s=96&d=mm&r=g\",\"url\":\"https:\/\/secure.gravatar.com\/avatar\/6ed1007e4f6f43f22e3df41d9fce4365533cba47fef64bb359b8e629abbc2ea6?s=96&d=mm&r=g\",\"contentUrl\":\"https:\/\/secure.gravatar.com\/avatar\/6ed1007e4f6f43f22e3df41d9fce4365533cba47fef64bb359b8e629abbc2ea6?s=96&d=mm&r=g\",\"caption\":\"syncreadwrite\"},\"url\":\"https:\/\/www.sts-education.com\/fr-ch\/author\/syncreadwrite\/\"}]}<\/script>\n<!-- \/ Yoast SEO Premium plugin. -->","yoast_head_json":{"title":"Ada a fait ses \u00e9tudes dans une high school aux \u00c9tats-Unis","description":"Cela faisait des ann\u00e9es que je r\u00eavais de participer \u00e0 un \u00e9change et il y a trois mois, mon r\u00eave s'est enfin r\u00e9alis\u00e9 apr\u00e8s une longue attente. J'ai d\u00e9m\u00e9nag\u00e9 en Arizona","robots":{"index":"index","follow":"follow","max-snippet":"max-snippet:-1","max-image-preview":"max-image-preview:large","max-video-preview":"max-video-preview:-1"},"canonical":"https:\/\/www.sts-education.com\/fr-ch\/high-school\/nos-etudiants-dechange\/temoignages\/ada-a-fait-ses-etudes-dans-une-high-school-aux-etats-unis\/","og_locale":"fr_FR","og_type":"article","og_title":"Ada A Fait Ses Etudes Dans Une High School Aux Etats Unis","og_description":"Cela faisait des ann\u00e9es que je r\u00eavais de participer \u00e0 un \u00e9change et il y a trois mois, mon r\u00eave s'est enfin r\u00e9alis\u00e9 apr\u00e8s une longue attente. J'ai d\u00e9m\u00e9nag\u00e9 en Arizona","og_url":"https:\/\/www.sts-education.com\/fr-ch\/high-school\/nos-etudiants-dechange\/temoignages\/ada-a-fait-ses-etudes-dans-une-high-school-aux-etats-unis\/","og_site_name":"STS Education","article_published_time":"2024-03-15T07:00:00+00:00","article_modified_time":"2026-04-29T08:10:59+00:00","og_image":[{"width":150,"height":150,"url":"https:\/\/powered-by.qbank.se\/educatius\/sts\/\/e6b0fea91389c78aeda5659015055106_1-1-thumb.webp","type":"image\/jpeg"}],"author":"syncreadwrite","twitter_card":"summary_large_image","twitter_misc":{"Written by":"syncreadwrite","Est. reading time":"4 minutes"},"schema":{"@context":"https:\/\/schema.org","@graph":[{"@type":"Article","@id":"https:\/\/www.sts-education.com\/fr-ch\/high-school\/nos-etudiants-dechange\/temoignages\/ada-a-fait-ses-etudes-dans-une-high-school-aux-etats-unis\/#article","isPartOf":{"@id":"https:\/\/www.sts-education.com\/fr-ch\/high-school\/nos-etudiants-dechange\/temoignages\/ada-a-fait-ses-etudes-dans-une-high-school-aux-etats-unis\/"},"author":{"name":"syncreadwrite","@id":"https:\/\/www.sts-education.com\/fr-ch\/#\/schema\/person\/8b82f3a2e45f020b8f296d7a85d9a97c"},"headline":"Ada A Fait Ses Etudes Dans Une High School Aux Etats Unis","datePublished":"2024-03-15T07:00:00+00:00","dateModified":"2026-04-29T08:10:59+00:00","mainEntityOfPage":{"@id":"https:\/\/www.sts-education.com\/fr-ch\/high-school\/nos-etudiants-dechange\/temoignages\/ada-a-fait-ses-etudes-dans-une-high-school-aux-etats-unis\/"},"wordCount":842,"commentCount":0,"image":{"@id":"https:\/\/www.sts-education.com\/fr-ch\/high-school\/nos-etudiants-dechange\/temoignages\/ada-a-fait-ses-etudes-dans-une-high-school-aux-etats-unis\/#primaryimage"},"thumbnailUrl":"https:\/\/powered-by.qbank.se\/educatius\/sts\/\/e6b0fea91389c78aeda5659015055106_1-1-thumb.webp","keywords":["\u00c9tats-Unis"],"articleSection":["Uncategorized @fr-ch"],"inLanguage":"fr-CH","potentialAction":[{"@type":"CommentAction","name":"Comment","target":["https:\/\/www.sts-education.com\/fr-ch\/high-school\/nos-etudiants-dechange\/temoignages\/ada-a-fait-ses-etudes-dans-une-high-school-aux-etats-unis\/#respond"]}]},{"@type":"WebPage","@id":"https:\/\/www.sts-education.com\/fr-ch\/high-school\/nos-etudiants-dechange\/temoignages\/ada-a-fait-ses-etudes-dans-une-high-school-aux-etats-unis\/","url":"https:\/\/www.sts-education.com\/fr-ch\/high-school\/nos-etudiants-dechange\/temoignages\/ada-a-fait-ses-etudes-dans-une-high-school-aux-etats-unis\/","name":"Ada a fait ses \u00e9tudes dans une high school aux \u00c9tats-Unis","isPartOf":{"@id":"https:\/\/www.sts-education.com\/fr-ch\/#website"},"primaryImageOfPage":{"@id":"https:\/\/www.sts-education.com\/fr-ch\/high-school\/nos-etudiants-dechange\/temoignages\/ada-a-fait-ses-etudes-dans-une-high-school-aux-etats-unis\/#primaryimage"},"image":{"@id":"https:\/\/www.sts-education.com\/fr-ch\/high-school\/nos-etudiants-dechange\/temoignages\/ada-a-fait-ses-etudes-dans-une-high-school-aux-etats-unis\/#primaryimage"},"thumbnailUrl":"https:\/\/powered-by.qbank.se\/educatius\/sts\/\/e6b0fea91389c78aeda5659015055106_1-1-thumb.webp","datePublished":"2024-03-15T07:00:00+00:00","dateModified":"2026-04-29T08:10:59+00:00","author":{"@id":"https:\/\/www.sts-education.com\/fr-ch\/#\/schema\/person\/8b82f3a2e45f020b8f296d7a85d9a97c"},"description":"Cela faisait des ann\u00e9es que je r\u00eavais de participer \u00e0 un \u00e9change et il y a trois mois, mon r\u00eave s'est enfin r\u00e9alis\u00e9 apr\u00e8s une longue attente. J'ai d\u00e9m\u00e9nag\u00e9 en Arizona","breadcrumb":{"@id":"https:\/\/www.sts-education.com\/fr-ch\/high-school\/nos-etudiants-dechange\/temoignages\/ada-a-fait-ses-etudes-dans-une-high-school-aux-etats-unis\/#breadcrumb"},"inLanguage":"fr-CH","potentialAction":[{"@type":"ReadAction","target":["https:\/\/www.sts-education.com\/fr-ch\/high-school\/nos-etudiants-dechange\/temoignages\/ada-a-fait-ses-etudes-dans-une-high-school-aux-etats-unis\/"]}]},{"@type":"ImageObject","inLanguage":"fr-CH","@id":"https:\/\/www.sts-education.com\/fr-ch\/high-school\/nos-etudiants-dechange\/temoignages\/ada-a-fait-ses-etudes-dans-une-high-school-aux-etats-unis\/#primaryimage","url":"https:\/\/powered-by.qbank.se\/educatius\/sts\/\/e6b0fea91389c78aeda5659015055106_1-1-thumb.webp","contentUrl":"https:\/\/powered-by.qbank.se\/educatius\/sts\/\/e6b0fea91389c78aeda5659015055106_1-1-thumb.webp","width":150,"height":150},{"@type":"BreadcrumbList","@id":"https:\/\/www.sts-education.com\/fr-ch\/high-school\/nos-etudiants-dechange\/temoignages\/ada-a-fait-ses-etudes-dans-une-high-school-aux-etats-unis\/#breadcrumb","itemListElement":[{"@type":"ListItem","position":1,"name":"Home","item":"https:\/\/www.sts-education.com\/fr-ch\/"},{"@type":"ListItem","position":2,"name":"Ada A Fait Ses Etudes Dans Une High School Aux Etats Unis"}]},{"@type":"WebSite","@id":"https:\/\/www.sts-education.com\/fr-ch\/#website","url":"https:\/\/www.sts-education.com\/fr-ch\/","name":"STS Education","description":"","potentialAction":[{"@type":"SearchAction","target":{"@type":"EntryPoint","urlTemplate":"https:\/\/www.sts-education.com\/fr-ch\/?s={search_term_string}"},"query-input":{"@type":"PropertyValueSpecification","valueRequired":true,"valueName":"search_term_string"}}],"inLanguage":"fr-CH"},{"@type":"Person","@id":"https:\/\/www.sts-education.com\/fr-ch\/#\/schema\/person\/8b82f3a2e45f020b8f296d7a85d9a97c","name":"syncreadwrite","image":{"@type":"ImageObject","inLanguage":"fr-CH","@id":"https:\/\/secure.gravatar.com\/avatar\/6ed1007e4f6f43f22e3df41d9fce4365533cba47fef64bb359b8e629abbc2ea6?s=96&d=mm&r=g","url":"https:\/\/secure.gravatar.com\/avatar\/6ed1007e4f6f43f22e3df41d9fce4365533cba47fef64bb359b8e629abbc2ea6?s=96&d=mm&r=g","contentUrl":"https:\/\/secure.gravatar.com\/avatar\/6ed1007e4f6f43f22e3df41d9fce4365533cba47fef64bb359b8e629abbc2ea6?s=96&d=mm&r=g","caption":"syncreadwrite"},"url":"https:\/\/www.sts-education.com\/fr-ch\/author\/syncreadwrite\/"}]}},"_links":{"self":[{"href":"https:\/\/www.sts-education.com\/fr-ch\/wp-json\/wp\/v2\/posts\/12243","targetHints":{"allow":["GET"]}}],"collection":[{"href":"https:\/\/www.sts-education.com\/fr-ch\/wp-json\/wp\/v2\/posts"}],"about":[{"href":"https:\/\/www.sts-education.com\/fr-ch\/wp-json\/wp\/v2\/types\/post"}],"author":[{"embeddable":true,"href":"https:\/\/www.sts-education.com\/fr-ch\/wp-json\/wp\/v2\/users\/20"}],"replies":[{"embeddable":true,"href":"https:\/\/www.sts-education.com\/fr-ch\/wp-json\/wp\/v2\/comments?post=12243"}],"version-history":[{"count":5,"href":"https:\/\/www.sts-education.com\/fr-ch\/wp-json\/wp\/v2\/posts\/12243\/revisions"}],"predecessor-version":[{"id":43674,"href":"https:\/\/www.sts-education.com\/fr-ch\/wp-json\/wp\/v2\/posts\/12243\/revisions\/43674"}],"wp:featuredmedia":[{"embeddable":true,"href":"https:\/\/www.sts-education.com\/fr-ch\/wp-json\/wp\/v2\/media\/13563"}],"wp:attachment":[{"href":"https:\/\/www.sts-education.com\/fr-ch\/wp-json\/wp\/v2\/media?parent=12243"}],"wp:term":[{"taxonomy":"category","embeddable":true,"href":"https:\/\/www.sts-education.com\/fr-ch\/wp-json\/wp\/v2\/categories?post=12243"},{"taxonomy":"post_tag","embeddable":true,"href":"https:\/\/www.sts-education.com\/fr-ch\/wp-json\/wp\/v2\/tags?post=12243"},{"taxonomy":"wpw_post_folders","embeddable":true,"href":"https:\/\/www.sts-education.com\/fr-ch\/wp-json\/wp\/v2\/wpw_post_folders?post=12243"}],"curies":[{"name":"wp","href":"https:\/\/api.w.org\/{rel}","templated":true}]}}