{"id":12246,"date":"2024-03-05T09:00:00","date_gmt":"2024-03-05T07:00:00","guid":{"rendered":"https:\/\/preprod.sts-education.com\/blog\/2026\/03\/05\/valentina-a-participe-a-un-echange-au-danemark\/"},"modified":"2026-04-29T10:11:43","modified_gmt":"2026-04-29T08:11:43","slug":"valentina-a-participe-a-un-echange-au-danemark","status":"publish","type":"post","link":"https:\/\/www.sts-education.com\/fr-ch\/high-school\/nos-etudiants-dechange\/temoignages\/valentina-a-participe-a-un-echange-au-danemark\/","title":{"rendered":"Valentina A Participe A Un Echange Au Danemark"},"content":{"rendered":"\n<div class=\"wp-block-sts-text sts-text-editor has-max-width-md\"><div class=\"sts-text-editor__content\"><div class=\"sts-text-editor__content-inner\">\n<h1 style=\"text-align:center\">Valentina a particip\u00e9 \u00e0 un \u00e9change au Danemark<\/h1>\n<\/div><\/div><\/div>\n\n\n\n<figure class=\"wp-block-sts-image sts-block-image sts-block-image--count-1 has-max-width-lg\" data-count=\"1\"><div class=\"sts-block-image__grid\"><div class=\"sts-block-image__item\"><picture class=\"sts-responsive-image has-fit-cover has-pos-top is-skeleton\"><source media=\"(max-width: 834.98px)\" srcset=\"https:\/\/powered-by.qbank.se\/educatius\/sts\/10ec77fb512899574dd4287ae81171ca_1-1-thumb.webp 150w, https:\/\/powered-by.qbank.se\/educatius\/sts\/10ec77fb512899574dd4287ae81171ca_1-1-xsmall.webp 500w, https:\/\/powered-by.qbank.se\/educatius\/sts\/10ec77fb512899574dd4287ae81171ca_1-1-small.webp 800w, https:\/\/powered-by.qbank.se\/educatius\/sts\/10ec77fb512899574dd4287ae81171ca_1-1-medium.webp 1024w, https:\/\/powered-by.qbank.se\/educatius\/sts\/10ec77fb512899574dd4287ae81171ca_1-1-large.webp 1536w\" sizes=\"(max-width: 768px) 100vw, (max-width: 1200px) 100vw, 1200px\" type=\"image\/webp\"\/><source media=\"(min-width: 835px)\" srcset=\"https:\/\/powered-by.qbank.se\/educatius\/sts\/10ec77fb512899574dd4287ae81171ca_16-9-small.webp 800w, https:\/\/powered-by.qbank.se\/educatius\/sts\/10ec77fb512899574dd4287ae81171ca_16-9-medium.webp 1024w, https:\/\/powered-by.qbank.se\/educatius\/sts\/10ec77fb512899574dd4287ae81171ca_16-9-large.webp 1536w\" sizes=\"(max-width: 768px) 100vw, (max-width: 1200px) 100vw, 1200px\" type=\"image\/webp\"\/><img src=\"https:\/\/powered-by.qbank.se\/educatius\/sts\/10ec77fb512899574dd4287ae81171ca_1-1-thumb.webp\" alt=\"Valentina a particip\u00e9 \u00e0 un \u00e9change au Danemark\" loading=\"lazy\" decoding=\"async\" fetchpriority=\"low\" style=\"object-position:top\"\/><\/picture><\/div><\/div><\/figure>\n\n\n\n<div class=\"wp-block-sts-text sts-text-editor has-max-width-md\"><div class=\"sts-text-editor__content\"><div class=\"sts-text-editor__content-inner\">\n<p><em>Valentina, originaire de Suisse, a pass\u00e9 son \u00e9change au Danemark.<\/em><\/p>\n<\/div><\/div><\/div>\n\n\n\n<div class=\"wp-block-sts-text sts-text-editor has-max-width-md\"><div class=\"sts-text-editor__content\"><div class=\"sts-text-editor__content-inner\">\n<h2>Comment tout a commenc\u00e9<\/h2>\n<p>En avril 2018, ma m\u00e8re et moi avons fait un voyage \u00e0 Copenhague pendant les vacances de P\u00e2ques. J&#x27;\u00e9tais tomb\u00e9e amoureuse de ce pays et le dernier jour, j&#x27;ai enfin rassembl\u00e9 le courage de lui poser la grande question :<\/p>\n<p>&quot;Maman&#8230; et si je faisais un semestre d&#x27;\u00e9change ?&quot;.<\/p>\n<p>Elle n&#x27;a pas r\u00e9agi du tout, pendant ce qui m&#x27;a sembl\u00e9 \u00eatre une \u00e9ternit\u00e9 mais qui n&#x27;a dur\u00e9 qu&#x27;une minute, puis elle m&#x27;a regard\u00e9e et a r\u00e9pondu par sa propre question :<\/p>\n<p>&quot;O\u00f9 ?&quot;<\/p>\n<p>&quot;Ici ?&quot;<\/p>\n<h2>Comment \u00e7a s&#x27;est pass\u00e9<\/h2>\n<p>Et c&#x27;est ainsi que cela s&#x27;est pass\u00e9. Huit mois plus tard, j&#x27;\u00e9tais dans un avion pour le Danemark, en route vers ma famille d&#x27;accueil. Au lieu de me retrouver \u00e0 Copenhague, je me suis retrouv\u00e9e dans un minuscule village d&#x27;\u00e0 peine 500 habitants. \u00c9tonnamment, j&#x27;ai fini par l&#x27;appr\u00e9cier davantage. Cela m&#x27;a permis de nouer des liens avec ma famille d&#x27;accueil. J&#x27;ai m\u00eame commenc\u00e9 \u00e0 danser avec ma m\u00e8re d&#x27;accueil tous les lundis et j&#x27;allais parfois chercher mes fr\u00e8res et s\u0153urs d&#x27;accueil \u00e0 l&#x27;\u00e9cole et au jardin d&#x27;enfants. C&#x27;\u00e9tait vraiment une exp\u00e9rience unique, d&#x27;autant plus que je suis fille unique \u00e0 la maison. La pr\u00e9sence de fr\u00e8res et s\u0153urs plus jeunes \u00e9tait un monde totalement nouveau pour moi, mais j&#x27;ai appr\u00e9ci\u00e9. Le lien que j&#x27;ai tiss\u00e9 avec ma famille d&#x27;accueil \u00e9tait sp\u00e9cial, et je lui rends visite chaque ann\u00e9e.<\/p>\n<h2>Cet \u00e9change a chang\u00e9 ma vie et a marqu\u00e9 le d\u00e9but de quelque chose de nouveau<\/h2>\n<p>Cinq ans plus tard, cette exp\u00e9rience d&#x27;\u00e9change a chang\u00e9 ma vie. C&#x27;\u00e9tait le d\u00e9but de quelque chose de nouveau. Je dis toujours que je n&#x27;ai pas beaucoup chang\u00e9 pendant l&#x27;\u00e9change, mais plut\u00f4t dans la p\u00e9riode qui a suivi. J&#x27;ai chang\u00e9 d&#x27;\u00e9cole et j&#x27;ai commenc\u00e9 \u00e0 faire de plus en plus d&#x27;efforts pour r\u00e9aliser mon r\u00eave d&#x27;enfant : voyager dans le monde entier.<\/p>\n<p>Cela a port\u00e9 ses fruits. Au cours de l&#x27;hiver 2022, j&#x27;ai entrepris un voyage de six mois \u00e0 travers l&#x27;Asie du Sud-Est et, \u00e0 l&#x27;heure actuelle, je suis assise dans un caf\u00e9 au milieu de Rio de Janeiro, deux mois apr\u00e8s le d\u00e9but de ma prochaine aventure.<\/p>\n<p>Ce semestre d&#x27;\u00e9change n&#x27;a pas \u00e9t\u00e9 qu&#x27;une parenth\u00e8se dans ma vie ; il a ouvert la voie \u00e0 un tout nouveau chapitre rempli d&#x27;exploration et de d\u00e9couverte de soi.<\/p>\n<p><strong>Merci, STS !<\/strong><\/p>\n<h2>Pour en savoir plus<\/h2>\n<ul><li>Lis d&#x27;autres <a href=\"https:\/\/www.sts-education.com\/fr-ch\/high-school\/nos-etudiants-dechange\/temoignages\/?hashtag=Danemark\">t\u00e9moignages d&#x27;\u00e9tudiants au Danemark<\/a><\/li>\n<li>En savoir plus sur un <a href=\"https:\/\/www.sts-education.com\/fr-ch\/high-school\/destinations\/europe\/danemark\/\">\u00e9change scolaire au Danemark<\/a><\/li>\n<li>Voir <a href=\"\/fr-ch\/high-school\/tripfinder\/\">toutes nos destinations d&#x27;\u00e9change scolaire<\/a><\/li><\/ul>\n<\/div><\/div><\/div>\n","protected":false},"excerpt":{"rendered":"","protected":false},"author":20,"featured_media":13569,"comment_status":"open","ping_status":"open","sticky":false,"template":"","format":"standard","meta":{"_acf_changed":false,"_yoast_wpseo_title":"Valentina a particip\u00e9 \u00e0 un \u00e9change au Danemark","_yoast_wpseo_metadesc":"En avril 2018, ma m\u00e8re et moi avons fait un voyage \u00e0 Copenhague. Le dernier jour, j'ai enfin rassembl\u00e9 le courage de lui poser la grande question : \"Maman... et si je faisais un semestre d'\u00e9change ?\".","footnotes":""},"categories":[297],"tags":[1055],"wpw_post_folders":[],"class_list":["post-12246","post","type-post","status-publish","format-standard","has-post-thumbnail","hentry","category-uncategorized-fr-ch","tag-danemark"],"acf":[],"yoast_head":"<!-- This site is optimized with the Yoast SEO Premium plugin v27.2 (Yoast SEO v27.2) - https:\/\/yoast.com\/product\/yoast-seo-premium-wordpress\/ -->\n<title>Valentina a particip\u00e9 \u00e0 un \u00e9change au Danemark<\/title>\n<meta name=\"description\" content=\"En avril 2018, ma m\u00e8re et moi avons fait un voyage \u00e0 Copenhague. Le dernier jour, j&#039;ai enfin rassembl\u00e9 le courage de lui poser la grande question : &quot;Maman... et si je faisais un semestre d&#039;\u00e9change ?&quot;.\" \/>\n<meta name=\"robots\" content=\"index, follow, max-snippet:-1, max-image-preview:large, max-video-preview:-1\" \/>\n<link rel=\"canonical\" href=\"https:\/\/www.sts-education.com\/fr-ch\/high-school\/nos-etudiants-dechange\/temoignages\/valentina-a-participe-a-un-echange-au-danemark\/\" \/>\n<meta property=\"og:locale\" content=\"fr_FR\" \/>\n<meta property=\"og:type\" content=\"article\" \/>\n<meta property=\"og:title\" content=\"Valentina A Participe A Un Echange Au Danemark\" \/>\n<meta property=\"og:description\" content=\"En avril 2018, ma m\u00e8re et moi avons fait un voyage \u00e0 Copenhague. Le dernier jour, j&#039;ai enfin rassembl\u00e9 le courage de lui poser la grande question : &quot;Maman... et si je faisais un semestre d&#039;\u00e9change ?&quot;.\" \/>\n<meta property=\"og:url\" content=\"https:\/\/www.sts-education.com\/fr-ch\/high-school\/nos-etudiants-dechange\/temoignages\/valentina-a-participe-a-un-echange-au-danemark\/\" \/>\n<meta property=\"og:site_name\" content=\"STS Education\" \/>\n<meta property=\"article:published_time\" content=\"2024-03-05T07:00:00+00:00\" \/>\n<meta property=\"article:modified_time\" content=\"2026-04-29T08:11:43+00:00\" \/>\n<meta property=\"og:image\" content=\"https:\/\/powered-by.qbank.se\/educatius\/sts\/\/10ec77fb512899574dd4287ae81171ca_1-1-thumb.webp\" \/>\n\t<meta property=\"og:image:width\" content=\"150\" \/>\n\t<meta property=\"og:image:height\" content=\"150\" \/>\n\t<meta property=\"og:image:type\" content=\"image\/jpeg\" \/>\n<meta name=\"author\" content=\"syncreadwrite\" \/>\n<meta name=\"twitter:card\" content=\"summary_large_image\" \/>\n<meta name=\"twitter:label1\" content=\"Written by\" \/>\n\t<meta name=\"twitter:data1\" content=\"syncreadwrite\" \/>\n\t<meta name=\"twitter:label2\" content=\"Est. reading time\" \/>\n\t<meta name=\"twitter:data2\" content=\"3 minutes\" \/>\n<script type=\"application\/ld+json\" class=\"yoast-schema-graph\">{\"@context\":\"https:\/\/schema.org\",\"@graph\":[{\"@type\":\"Article\",\"@id\":\"https:\/\/www.sts-education.com\/fr-ch\/high-school\/nos-etudiants-dechange\/temoignages\/valentina-a-participe-a-un-echange-au-danemark\/#article\",\"isPartOf\":{\"@id\":\"https:\/\/www.sts-education.com\/fr-ch\/high-school\/nos-etudiants-dechange\/temoignages\/valentina-a-participe-a-un-echange-au-danemark\/\"},\"author\":{\"name\":\"syncreadwrite\",\"@id\":\"https:\/\/www.sts-education.com\/fr-ch\/#\/schema\/person\/8b82f3a2e45f020b8f296d7a85d9a97c\"},\"headline\":\"Valentina A Participe A Un Echange Au Danemark\",\"datePublished\":\"2024-03-05T07:00:00+00:00\",\"dateModified\":\"2026-04-29T08:11:43+00:00\",\"mainEntityOfPage\":{\"@id\":\"https:\/\/www.sts-education.com\/fr-ch\/high-school\/nos-etudiants-dechange\/temoignages\/valentina-a-participe-a-un-echange-au-danemark\/\"},\"wordCount\":552,\"commentCount\":0,\"image\":{\"@id\":\"https:\/\/www.sts-education.com\/fr-ch\/high-school\/nos-etudiants-dechange\/temoignages\/valentina-a-participe-a-un-echange-au-danemark\/#primaryimage\"},\"thumbnailUrl\":\"https:\/\/powered-by.qbank.se\/educatius\/sts\/\/10ec77fb512899574dd4287ae81171ca_1-1-thumb.webp\",\"keywords\":[\"Danemark\"],\"articleSection\":[\"Uncategorized @fr-ch\"],\"inLanguage\":\"fr-CH\",\"potentialAction\":[{\"@type\":\"CommentAction\",\"name\":\"Comment\",\"target\":[\"https:\/\/www.sts-education.com\/fr-ch\/high-school\/nos-etudiants-dechange\/temoignages\/valentina-a-participe-a-un-echange-au-danemark\/#respond\"]}]},{\"@type\":\"WebPage\",\"@id\":\"https:\/\/www.sts-education.com\/fr-ch\/high-school\/nos-etudiants-dechange\/temoignages\/valentina-a-participe-a-un-echange-au-danemark\/\",\"url\":\"https:\/\/www.sts-education.com\/fr-ch\/high-school\/nos-etudiants-dechange\/temoignages\/valentina-a-participe-a-un-echange-au-danemark\/\",\"name\":\"Valentina a particip\u00e9 \u00e0 un \u00e9change au Danemark\",\"isPartOf\":{\"@id\":\"https:\/\/www.sts-education.com\/fr-ch\/#website\"},\"primaryImageOfPage\":{\"@id\":\"https:\/\/www.sts-education.com\/fr-ch\/high-school\/nos-etudiants-dechange\/temoignages\/valentina-a-participe-a-un-echange-au-danemark\/#primaryimage\"},\"image\":{\"@id\":\"https:\/\/www.sts-education.com\/fr-ch\/high-school\/nos-etudiants-dechange\/temoignages\/valentina-a-participe-a-un-echange-au-danemark\/#primaryimage\"},\"thumbnailUrl\":\"https:\/\/powered-by.qbank.se\/educatius\/sts\/\/10ec77fb512899574dd4287ae81171ca_1-1-thumb.webp\",\"datePublished\":\"2024-03-05T07:00:00+00:00\",\"dateModified\":\"2026-04-29T08:11:43+00:00\",\"author\":{\"@id\":\"https:\/\/www.sts-education.com\/fr-ch\/#\/schema\/person\/8b82f3a2e45f020b8f296d7a85d9a97c\"},\"description\":\"En avril 2018, ma m\u00e8re et moi avons fait un voyage \u00e0 Copenhague. Le dernier jour, j'ai enfin rassembl\u00e9 le courage de lui poser la grande question : \\\"Maman... et si je faisais un semestre d'\u00e9change ?\\\".\",\"breadcrumb\":{\"@id\":\"https:\/\/www.sts-education.com\/fr-ch\/high-school\/nos-etudiants-dechange\/temoignages\/valentina-a-participe-a-un-echange-au-danemark\/#breadcrumb\"},\"inLanguage\":\"fr-CH\",\"potentialAction\":[{\"@type\":\"ReadAction\",\"target\":[\"https:\/\/www.sts-education.com\/fr-ch\/high-school\/nos-etudiants-dechange\/temoignages\/valentina-a-participe-a-un-echange-au-danemark\/\"]}]},{\"@type\":\"ImageObject\",\"inLanguage\":\"fr-CH\",\"@id\":\"https:\/\/www.sts-education.com\/fr-ch\/high-school\/nos-etudiants-dechange\/temoignages\/valentina-a-participe-a-un-echange-au-danemark\/#primaryimage\",\"url\":\"https:\/\/powered-by.qbank.se\/educatius\/sts\/\/10ec77fb512899574dd4287ae81171ca_1-1-thumb.webp\",\"contentUrl\":\"https:\/\/powered-by.qbank.se\/educatius\/sts\/\/10ec77fb512899574dd4287ae81171ca_1-1-thumb.webp\",\"width\":150,\"height\":150},{\"@type\":\"BreadcrumbList\",\"@id\":\"https:\/\/www.sts-education.com\/fr-ch\/high-school\/nos-etudiants-dechange\/temoignages\/valentina-a-participe-a-un-echange-au-danemark\/#breadcrumb\",\"itemListElement\":[{\"@type\":\"ListItem\",\"position\":1,\"name\":\"Home\",\"item\":\"https:\/\/www.sts-education.com\/fr-ch\/\"},{\"@type\":\"ListItem\",\"position\":2,\"name\":\"Valentina A Participe A Un Echange Au Danemark\"}]},{\"@type\":\"WebSite\",\"@id\":\"https:\/\/www.sts-education.com\/fr-ch\/#website\",\"url\":\"https:\/\/www.sts-education.com\/fr-ch\/\",\"name\":\"STS Education\",\"description\":\"\",\"potentialAction\":[{\"@type\":\"SearchAction\",\"target\":{\"@type\":\"EntryPoint\",\"urlTemplate\":\"https:\/\/www.sts-education.com\/fr-ch\/?s={search_term_string}\"},\"query-input\":{\"@type\":\"PropertyValueSpecification\",\"valueRequired\":true,\"valueName\":\"search_term_string\"}}],\"inLanguage\":\"fr-CH\"},{\"@type\":\"Person\",\"@id\":\"https:\/\/www.sts-education.com\/fr-ch\/#\/schema\/person\/8b82f3a2e45f020b8f296d7a85d9a97c\",\"name\":\"syncreadwrite\",\"image\":{\"@type\":\"ImageObject\",\"inLanguage\":\"fr-CH\",\"@id\":\"https:\/\/secure.gravatar.com\/avatar\/6ed1007e4f6f43f22e3df41d9fce4365533cba47fef64bb359b8e629abbc2ea6?s=96&d=mm&r=g\",\"url\":\"https:\/\/secure.gravatar.com\/avatar\/6ed1007e4f6f43f22e3df41d9fce4365533cba47fef64bb359b8e629abbc2ea6?s=96&d=mm&r=g\",\"contentUrl\":\"https:\/\/secure.gravatar.com\/avatar\/6ed1007e4f6f43f22e3df41d9fce4365533cba47fef64bb359b8e629abbc2ea6?s=96&d=mm&r=g\",\"caption\":\"syncreadwrite\"},\"url\":\"https:\/\/www.sts-education.com\/fr-ch\/author\/syncreadwrite\/\"}]}<\/script>\n<!-- \/ Yoast SEO Premium plugin. -->","yoast_head_json":{"title":"Valentina a particip\u00e9 \u00e0 un \u00e9change au Danemark","description":"En avril 2018, ma m\u00e8re et moi avons fait un voyage \u00e0 Copenhague. Le dernier jour, j'ai enfin rassembl\u00e9 le courage de lui poser la grande question : \"Maman... et si je faisais un semestre d'\u00e9change ?\".","robots":{"index":"index","follow":"follow","max-snippet":"max-snippet:-1","max-image-preview":"max-image-preview:large","max-video-preview":"max-video-preview:-1"},"canonical":"https:\/\/www.sts-education.com\/fr-ch\/high-school\/nos-etudiants-dechange\/temoignages\/valentina-a-participe-a-un-echange-au-danemark\/","og_locale":"fr_FR","og_type":"article","og_title":"Valentina A Participe A Un Echange Au Danemark","og_description":"En avril 2018, ma m\u00e8re et moi avons fait un voyage \u00e0 Copenhague. Le dernier jour, j'ai enfin rassembl\u00e9 le courage de lui poser la grande question : \"Maman... et si je faisais un semestre d'\u00e9change ?\".","og_url":"https:\/\/www.sts-education.com\/fr-ch\/high-school\/nos-etudiants-dechange\/temoignages\/valentina-a-participe-a-un-echange-au-danemark\/","og_site_name":"STS Education","article_published_time":"2024-03-05T07:00:00+00:00","article_modified_time":"2026-04-29T08:11:43+00:00","og_image":[{"width":150,"height":150,"url":"https:\/\/powered-by.qbank.se\/educatius\/sts\/\/10ec77fb512899574dd4287ae81171ca_1-1-thumb.webp","type":"image\/jpeg"}],"author":"syncreadwrite","twitter_card":"summary_large_image","twitter_misc":{"Written by":"syncreadwrite","Est. reading time":"3 minutes"},"schema":{"@context":"https:\/\/schema.org","@graph":[{"@type":"Article","@id":"https:\/\/www.sts-education.com\/fr-ch\/high-school\/nos-etudiants-dechange\/temoignages\/valentina-a-participe-a-un-echange-au-danemark\/#article","isPartOf":{"@id":"https:\/\/www.sts-education.com\/fr-ch\/high-school\/nos-etudiants-dechange\/temoignages\/valentina-a-participe-a-un-echange-au-danemark\/"},"author":{"name":"syncreadwrite","@id":"https:\/\/www.sts-education.com\/fr-ch\/#\/schema\/person\/8b82f3a2e45f020b8f296d7a85d9a97c"},"headline":"Valentina A Participe A Un Echange Au Danemark","datePublished":"2024-03-05T07:00:00+00:00","dateModified":"2026-04-29T08:11:43+00:00","mainEntityOfPage":{"@id":"https:\/\/www.sts-education.com\/fr-ch\/high-school\/nos-etudiants-dechange\/temoignages\/valentina-a-participe-a-un-echange-au-danemark\/"},"wordCount":552,"commentCount":0,"image":{"@id":"https:\/\/www.sts-education.com\/fr-ch\/high-school\/nos-etudiants-dechange\/temoignages\/valentina-a-participe-a-un-echange-au-danemark\/#primaryimage"},"thumbnailUrl":"https:\/\/powered-by.qbank.se\/educatius\/sts\/\/10ec77fb512899574dd4287ae81171ca_1-1-thumb.webp","keywords":["Danemark"],"articleSection":["Uncategorized @fr-ch"],"inLanguage":"fr-CH","potentialAction":[{"@type":"CommentAction","name":"Comment","target":["https:\/\/www.sts-education.com\/fr-ch\/high-school\/nos-etudiants-dechange\/temoignages\/valentina-a-participe-a-un-echange-au-danemark\/#respond"]}]},{"@type":"WebPage","@id":"https:\/\/www.sts-education.com\/fr-ch\/high-school\/nos-etudiants-dechange\/temoignages\/valentina-a-participe-a-un-echange-au-danemark\/","url":"https:\/\/www.sts-education.com\/fr-ch\/high-school\/nos-etudiants-dechange\/temoignages\/valentina-a-participe-a-un-echange-au-danemark\/","name":"Valentina a particip\u00e9 \u00e0 un \u00e9change au Danemark","isPartOf":{"@id":"https:\/\/www.sts-education.com\/fr-ch\/#website"},"primaryImageOfPage":{"@id":"https:\/\/www.sts-education.com\/fr-ch\/high-school\/nos-etudiants-dechange\/temoignages\/valentina-a-participe-a-un-echange-au-danemark\/#primaryimage"},"image":{"@id":"https:\/\/www.sts-education.com\/fr-ch\/high-school\/nos-etudiants-dechange\/temoignages\/valentina-a-participe-a-un-echange-au-danemark\/#primaryimage"},"thumbnailUrl":"https:\/\/powered-by.qbank.se\/educatius\/sts\/\/10ec77fb512899574dd4287ae81171ca_1-1-thumb.webp","datePublished":"2024-03-05T07:00:00+00:00","dateModified":"2026-04-29T08:11:43+00:00","author":{"@id":"https:\/\/www.sts-education.com\/fr-ch\/#\/schema\/person\/8b82f3a2e45f020b8f296d7a85d9a97c"},"description":"En avril 2018, ma m\u00e8re et moi avons fait un voyage \u00e0 Copenhague. Le dernier jour, j'ai enfin rassembl\u00e9 le courage de lui poser la grande question : \"Maman... et si je faisais un semestre d'\u00e9change ?\".","breadcrumb":{"@id":"https:\/\/www.sts-education.com\/fr-ch\/high-school\/nos-etudiants-dechange\/temoignages\/valentina-a-participe-a-un-echange-au-danemark\/#breadcrumb"},"inLanguage":"fr-CH","potentialAction":[{"@type":"ReadAction","target":["https:\/\/www.sts-education.com\/fr-ch\/high-school\/nos-etudiants-dechange\/temoignages\/valentina-a-participe-a-un-echange-au-danemark\/"]}]},{"@type":"ImageObject","inLanguage":"fr-CH","@id":"https:\/\/www.sts-education.com\/fr-ch\/high-school\/nos-etudiants-dechange\/temoignages\/valentina-a-participe-a-un-echange-au-danemark\/#primaryimage","url":"https:\/\/powered-by.qbank.se\/educatius\/sts\/\/10ec77fb512899574dd4287ae81171ca_1-1-thumb.webp","contentUrl":"https:\/\/powered-by.qbank.se\/educatius\/sts\/\/10ec77fb512899574dd4287ae81171ca_1-1-thumb.webp","width":150,"height":150},{"@type":"BreadcrumbList","@id":"https:\/\/www.sts-education.com\/fr-ch\/high-school\/nos-etudiants-dechange\/temoignages\/valentina-a-participe-a-un-echange-au-danemark\/#breadcrumb","itemListElement":[{"@type":"ListItem","position":1,"name":"Home","item":"https:\/\/www.sts-education.com\/fr-ch\/"},{"@type":"ListItem","position":2,"name":"Valentina A Participe A Un Echange Au Danemark"}]},{"@type":"WebSite","@id":"https:\/\/www.sts-education.com\/fr-ch\/#website","url":"https:\/\/www.sts-education.com\/fr-ch\/","name":"STS Education","description":"","potentialAction":[{"@type":"SearchAction","target":{"@type":"EntryPoint","urlTemplate":"https:\/\/www.sts-education.com\/fr-ch\/?s={search_term_string}"},"query-input":{"@type":"PropertyValueSpecification","valueRequired":true,"valueName":"search_term_string"}}],"inLanguage":"fr-CH"},{"@type":"Person","@id":"https:\/\/www.sts-education.com\/fr-ch\/#\/schema\/person\/8b82f3a2e45f020b8f296d7a85d9a97c","name":"syncreadwrite","image":{"@type":"ImageObject","inLanguage":"fr-CH","@id":"https:\/\/secure.gravatar.com\/avatar\/6ed1007e4f6f43f22e3df41d9fce4365533cba47fef64bb359b8e629abbc2ea6?s=96&d=mm&r=g","url":"https:\/\/secure.gravatar.com\/avatar\/6ed1007e4f6f43f22e3df41d9fce4365533cba47fef64bb359b8e629abbc2ea6?s=96&d=mm&r=g","contentUrl":"https:\/\/secure.gravatar.com\/avatar\/6ed1007e4f6f43f22e3df41d9fce4365533cba47fef64bb359b8e629abbc2ea6?s=96&d=mm&r=g","caption":"syncreadwrite"},"url":"https:\/\/www.sts-education.com\/fr-ch\/author\/syncreadwrite\/"}]}},"_links":{"self":[{"href":"https:\/\/www.sts-education.com\/fr-ch\/wp-json\/wp\/v2\/posts\/12246","targetHints":{"allow":["GET"]}}],"collection":[{"href":"https:\/\/www.sts-education.com\/fr-ch\/wp-json\/wp\/v2\/posts"}],"about":[{"href":"https:\/\/www.sts-education.com\/fr-ch\/wp-json\/wp\/v2\/types\/post"}],"author":[{"embeddable":true,"href":"https:\/\/www.sts-education.com\/fr-ch\/wp-json\/wp\/v2\/users\/20"}],"replies":[{"embeddable":true,"href":"https:\/\/www.sts-education.com\/fr-ch\/wp-json\/wp\/v2\/comments?post=12246"}],"version-history":[{"count":5,"href":"https:\/\/www.sts-education.com\/fr-ch\/wp-json\/wp\/v2\/posts\/12246\/revisions"}],"predecessor-version":[{"id":43698,"href":"https:\/\/www.sts-education.com\/fr-ch\/wp-json\/wp\/v2\/posts\/12246\/revisions\/43698"}],"wp:featuredmedia":[{"embeddable":true,"href":"https:\/\/www.sts-education.com\/fr-ch\/wp-json\/wp\/v2\/media\/13569"}],"wp:attachment":[{"href":"https:\/\/www.sts-education.com\/fr-ch\/wp-json\/wp\/v2\/media?parent=12246"}],"wp:term":[{"taxonomy":"category","embeddable":true,"href":"https:\/\/www.sts-education.com\/fr-ch\/wp-json\/wp\/v2\/categories?post=12246"},{"taxonomy":"post_tag","embeddable":true,"href":"https:\/\/www.sts-education.com\/fr-ch\/wp-json\/wp\/v2\/tags?post=12246"},{"taxonomy":"wpw_post_folders","embeddable":true,"href":"https:\/\/www.sts-education.com\/fr-ch\/wp-json\/wp\/v2\/wpw_post_folders?post=12246"}],"curies":[{"name":"wp","href":"https:\/\/api.w.org\/{rel}","templated":true}]}}