{"id":12254,"date":"2023-05-02T10:00:00","date_gmt":"2023-05-02T10:00:00","guid":{"rendered":"https:\/\/preprod.sts-education.com\/blog\/2026\/03\/05\/emilia-a-participe-a-un-echange-dune-annee-au-canada\/"},"modified":"2026-04-14T10:28:09","modified_gmt":"2026-04-14T10:28:09","slug":"emilia-a-participe-a-un-echange-dune-annee-au-canada","status":"publish","type":"post","link":"https:\/\/www.sts-education.com\/fr-ch\/high-school\/nos-etudiants-dechange\/temoignages\/emilia-a-participe-a-un-echange-dune-annee-au-canada\/","title":{"rendered":"Emilia A Participe A Un Echange Dune Annee Au Canada"},"content":{"rendered":"\n<div class=\"wp-block-sts-text sts-text-editor has-max-width-md\"><div class=\"sts-text-editor__content\"><div class=\"sts-text-editor__content-inner\">\n<h1 style=\"text-align:center\">Emilia a particip\u00e9 \u00e0 un \u00e9change d&#x27;une ann\u00e9e au Canada<\/h1>\n<\/div><\/div><\/div>\n\n\n\n<div class=\"wp-block-sts-text sts-text-editor has-max-width-md\"><div class=\"sts-text-editor__content\"><div class=\"sts-text-editor__content-inner\">\n<p><em>Emilia, originaire d&#x27;Autriche, a particip\u00e9 \u00e0 un \u00e9change \u00e0 Vancouver, au Canada.<\/em><\/p>\n<h2>Pourquoi le Canada et Vancouver ?<\/h2>\n<p>Parce que c&#x27;est la &quot;version agrandie de ma ville natale en Autriche&quot; &#8211; mer, lacs, montagnes et ville combin\u00e9s. Le nombre d&#x27;activit\u00e9s propos\u00e9es est incroyable : ski, natation, volley-ball de plage, randonn\u00e9e et d\u00e9couverte de divers endroits o\u00f9 l&#x27;on peut se restaurer et faire du shopping. C&#x27;\u00e9tait l&#x27;endroit id\u00e9al pour sortir de ma zone de confort et am\u00e9liorer mon anglais, m\u00eame si ce n&#x27;\u00e9tait pas ma plus grande motivation.<\/p>\n<h2>Comment s&#x27;est d\u00e9roul\u00e9e la vie en famille d&#x27;accueil ?<\/h2>\n<p>Au d\u00e9but, j&#x27;ai eu quelques probl\u00e8mes avec ma famille d&#x27;accueil, mais ils ont \u00e9t\u00e9 r\u00e9solus en quelques semaines. J&#x27;ai pu vivre avec une famille merveilleuse et attentionn\u00e9e. Au d\u00e9but, il semble difficile de s&#x27;int\u00e9grer dans un nouveau foyer, mais cela en vaut vraiment la peine. On y cr\u00e9e des liens qui durent toute la vie.<\/p>\n<h2>Qu&#x27;avez-vous fait pendant votre temps libre ? De nouveaux passe-temps ?<\/h2>\n<p>Apr\u00e8s l&#x27;\u00e9cole, je sortais toujours avec des amis et j&#x27;explorais diff\u00e9rents quartiers de Vancouver. J&#x27;ai \u00e9galement rejoint un club de volley-ball et j&#x27;ai pu participer \u00e0 de nombreux tournois \u00e0 l&#x27;ext\u00e9rieur de Vancouver. Rejoindre ce club et faire partie de cette \u00e9quipe formidable et motiv\u00e9e a \u00e9t\u00e9 l&#x27;une des meilleures opportunit\u00e9s que j&#x27;ai eues.<\/p>\n<h2>Quel a \u00e9t\u00e9 votre plus grand d\u00e9fi ? Comment l&#x27;avez-vous relev\u00e9 ?<\/h2>\n<p>Au d\u00e9but, il est assez difficile de nouer des relations sociales, mais cela se d\u00e9veloppe. Il suffit de prendre son temps et de faire confiance au processus. Mon plus grand d\u00e9fi a \u00e9t\u00e9 la famille d&#x27;accueil, mais comme je l&#x27;ai dit, il a \u00e9t\u00e9 r\u00e9solu avec l&#x27;aide de mon coordinateur local.<\/p>\n<h2>Quel est votre meilleur souvenir ?<\/h2>\n<p>Les meilleurs moments ont \u00e9t\u00e9 ceux o\u00f9 j&#x27;ai particip\u00e9 \u00e0 un voyage dans les montagnes Rocheuses avec plusieurs autres \u00e9tudiants internationaux. Nous avons pu explorer tous les beaux endroits touristiques et j&#x27;ai rencontr\u00e9 des gens qui sont devenus (en quatre jours !) aussi proches de moi que si je les connaissais depuis toujours.<\/p>\n<h2>Pouvez-vous recommander d&#x27;y aller ?<\/h2>\n<p>Ma vie a bascul\u00e9 pendant un moment. Je devais sortir de ma zone de confort. Mais si j&#x27;ai pu le faire, vous pouvez le faire aussi ! Si vous en avez l&#x27;occasion et que vos parents vous soutiennent, allez-y !<\/p>\n<p>Juste un conseil, si vous y allez, n&#x27;oubliez jamais de l&#x27;appr\u00e9cier \u00e0 sa juste valeur. C&#x27;est une exp\u00e9rience que peu de gens ont la chance de vivre.<\/p>\n<h2>Pouvez-vous recommander un \u00e9change au Canada ?<\/h2>\n<p>Oui ! Surtout si vous aimez la nature et le ski. Les gens disent que la nature canadienne est extraordinaire&#8230; ils n&#x27;ont pas tort. Et avec des for\u00eats et des montagnes \u00e0 perte de vue, le ski est l&#x27;une des activit\u00e9s les plus extraordinaires qui soient.<\/p>\n<h2>Votre meilleur conseil ?<\/h2>\n<p>Bien que l&#x27;on apprenne beaucoup sur de nouvelles personnes, un nouveau mode de vie et, \u00e9videmment, une nouvelle langue, il est essentiel de comprendre que l&#x27;apprentissage le plus important est la capacit\u00e9 \u00e0 s&#x27;adapter aux autres. Rien n&#x27;arrive tout seul ; c&#x27;est \u00e0 vous qu&#x27;il incombe de faire de l&#x27;\u00e9change un moment inoubliable de votre vie. Vous ne pouvez pas attendre des autres qu&#x27;ils en fassent autant. Ne laissez pas les mois passer, mais donnez-vous quand m\u00eame du temps, car il s&#x27;agit d&#x27;un d\u00e9fi immense.<\/p>\n<h2>Pourquoi avez-vous choisi STS ?<\/h2>\n<p>J&#x27;ai choisi STS parce que c&#x27;est une entreprise qui existe depuis des d\u00e9cennies et qui a donc beaucoup d&#x27;exp\u00e9rience. Ensuite, elle propose un grand nombre de pays diff\u00e9rents, ce qui est int\u00e9ressant au d\u00e9but si vous n&#x27;avez aucune id\u00e9e de l&#x27;endroit o\u00f9 aller. Du Costa Rica aux \u00c9tats-Unis en passant par l&#x27;Australie, on trouve de tout.<\/p>\n<h2>Avez-vous \u00e9t\u00e9 satisfait de STS ?<\/h2>\n<p>En ce qui concerne les STS, je peux dire avec plaisir que le choix de cette organisation valait totalement chaque euro. Des journ\u00e9es de pr\u00e9paration dans mon pays d&#x27;origine au camp d&#x27;accueil, en passant par le soutien local dans mon pays d&#x27;accueil, tout s&#x27;est toujours bien pass\u00e9.<\/p>\n<h2>Quels sont vos principaux enseignements ?<\/h2>\n<p>Bien que j&#x27;aie \u00e9t\u00e9 une personne plut\u00f4t extravertie avant de venir ici, je peux dire que cela m&#x27;a rendue encore plus extravertie et ouverte \u00e0 la nouveaut\u00e9. J&#x27;ai \u00e9galement \u00e9largi mon horizon en d\u00e9couvrant le mode de vie nord-am\u00e9ricain, qui diff\u00e8re \u00e9norm\u00e9ment du mode de vie europ\u00e9en.<\/p>\n<h2>Quel sera l&#x27;impact de votre \u00e9change sur votre avenir ?<\/h2>\n<p>Je reviendrai avec un esprit ouvert. Avec le sentiment que le reste du monde n&#x27;attend que moi pour \u00eatre explor\u00e9. Que ce n&#x27;\u00e9tait que le d\u00e9but, la grande ouverture.<\/p>\n<h2>Pour en savoir plus<\/h2>\n<ul><li>Lis d&#x27;autres <a href=\"https:\/\/www.sts-education.com\/fr-ch\/high-school\/nos-etudiants-dechange\/temoignages\/?hashtag=Canada\">t\u00e9moignages d&#x27;\u00e9tudiants au Canada<\/a><\/li>\n<li>En savoir plus sur un <a href=\"https:\/\/www.sts-education.com\/fr-ch\/high-school\/destinations\/amerique-du-nord\/canada\/\">\u00e9change scolaire au Canada<\/a><\/li>\n<li>Voir <a href=\"\/fr-ch\/high-school\/tripfinder\/\">toutes nos destinations d&#x27;\u00e9change scolaire<\/a><\/li><\/ul>\n<\/div><\/div><\/div>\n","protected":false},"excerpt":{"rendered":"","protected":false},"author":20,"featured_media":13585,"comment_status":"open","ping_status":"open","sticky":false,"template":"","format":"standard","meta":{"_acf_changed":false,"_yoast_wpseo_title":"Emilia a particip\u00e9 \u00e0 un \u00e9change d'une ann\u00e9e au Canada","_yoast_wpseo_metadesc":"Pourquoi le Canada et Vancouver ? Parce que c'est la \"version agrandie de ma ville natale en Autriche\" - mer, lacs, montagnes et ville combin\u00e9s.","footnotes":""},"categories":[297],"tags":[1052],"wpw_post_folders":[],"class_list":["post-12254","post","type-post","status-publish","format-standard","has-post-thumbnail","hentry","category-uncategorized-fr-ch","tag-canada"],"acf":[],"yoast_head":"<!-- This site is optimized with the Yoast SEO Premium plugin v27.2 (Yoast SEO v27.2) - https:\/\/yoast.com\/product\/yoast-seo-premium-wordpress\/ -->\n<title>Emilia a particip\u00e9 \u00e0 un \u00e9change d&#039;une ann\u00e9e au Canada<\/title>\n<meta name=\"description\" content=\"Pourquoi le Canada et Vancouver ? Parce que c&#039;est la &quot;version agrandie de ma ville natale en Autriche&quot; - mer, lacs, montagnes et ville combin\u00e9s.\" \/>\n<meta name=\"robots\" content=\"index, follow, max-snippet:-1, max-image-preview:large, max-video-preview:-1\" \/>\n<link rel=\"canonical\" href=\"https:\/\/www.sts-education.com\/fr-ch\/high-school\/nos-etudiants-dechange\/temoignages\/emilia-a-participe-a-un-echange-dune-annee-au-canada\/\" \/>\n<meta property=\"og:locale\" content=\"fr_FR\" \/>\n<meta property=\"og:type\" content=\"article\" \/>\n<meta property=\"og:title\" content=\"Emilia A Participe A Un Echange Dune Annee Au Canada\" \/>\n<meta property=\"og:description\" content=\"Pourquoi le Canada et Vancouver ? Parce que c&#039;est la &quot;version agrandie de ma ville natale en Autriche&quot; - mer, lacs, montagnes et ville combin\u00e9s.\" \/>\n<meta property=\"og:url\" content=\"https:\/\/www.sts-education.com\/fr-ch\/high-school\/nos-etudiants-dechange\/temoignages\/emilia-a-participe-a-un-echange-dune-annee-au-canada\/\" \/>\n<meta property=\"og:site_name\" content=\"STS Education\" \/>\n<meta property=\"article:published_time\" content=\"2023-05-02T10:00:00+00:00\" \/>\n<meta property=\"article:modified_time\" content=\"2026-04-14T10:28:09+00:00\" \/>\n<meta property=\"og:image\" content=\"https:\/\/powered-by.qbank.se\/educatius\/sts\/\/2daf64162521b454bbf048f88fecc0a5_1-1-thumb.webp\" \/>\n\t<meta property=\"og:image:width\" content=\"150\" \/>\n\t<meta property=\"og:image:height\" content=\"150\" \/>\n\t<meta property=\"og:image:type\" content=\"image\/jpeg\" \/>\n<meta name=\"author\" content=\"syncreadwrite\" \/>\n<meta name=\"twitter:card\" content=\"summary_large_image\" \/>\n<meta name=\"twitter:label1\" content=\"Written by\" \/>\n\t<meta name=\"twitter:data1\" content=\"syncreadwrite\" \/>\n\t<meta name=\"twitter:label2\" content=\"Est. reading time\" \/>\n\t<meta name=\"twitter:data2\" content=\"5 minutes\" \/>\n<script type=\"application\/ld+json\" class=\"yoast-schema-graph\">{\"@context\":\"https:\/\/schema.org\",\"@graph\":[{\"@type\":\"Article\",\"@id\":\"https:\/\/www.sts-education.com\/fr-ch\/high-school\/nos-etudiants-dechange\/temoignages\/emilia-a-participe-a-un-echange-dune-annee-au-canada\/#article\",\"isPartOf\":{\"@id\":\"https:\/\/www.sts-education.com\/fr-ch\/high-school\/nos-etudiants-dechange\/temoignages\/emilia-a-participe-a-un-echange-dune-annee-au-canada\/\"},\"author\":{\"name\":\"syncreadwrite\",\"@id\":\"https:\/\/www.sts-education.com\/fr-ch\/#\/schema\/person\/8b82f3a2e45f020b8f296d7a85d9a97c\"},\"headline\":\"Emilia A Participe A Un Echange Dune Annee Au Canada\",\"datePublished\":\"2023-05-02T10:00:00+00:00\",\"dateModified\":\"2026-04-14T10:28:09+00:00\",\"mainEntityOfPage\":{\"@id\":\"https:\/\/www.sts-education.com\/fr-ch\/high-school\/nos-etudiants-dechange\/temoignages\/emilia-a-participe-a-un-echange-dune-annee-au-canada\/\"},\"wordCount\":954,\"commentCount\":0,\"image\":{\"@id\":\"https:\/\/www.sts-education.com\/fr-ch\/high-school\/nos-etudiants-dechange\/temoignages\/emilia-a-participe-a-un-echange-dune-annee-au-canada\/#primaryimage\"},\"thumbnailUrl\":\"https:\/\/powered-by.qbank.se\/educatius\/sts\/\/2daf64162521b454bbf048f88fecc0a5_1-1-thumb.webp\",\"keywords\":[\"Canada\"],\"articleSection\":[\"Uncategorized @fr-ch\"],\"inLanguage\":\"fr-CH\",\"potentialAction\":[{\"@type\":\"CommentAction\",\"name\":\"Comment\",\"target\":[\"https:\/\/www.sts-education.com\/fr-ch\/high-school\/nos-etudiants-dechange\/temoignages\/emilia-a-participe-a-un-echange-dune-annee-au-canada\/#respond\"]}]},{\"@type\":\"WebPage\",\"@id\":\"https:\/\/www.sts-education.com\/fr-ch\/high-school\/nos-etudiants-dechange\/temoignages\/emilia-a-participe-a-un-echange-dune-annee-au-canada\/\",\"url\":\"https:\/\/www.sts-education.com\/fr-ch\/high-school\/nos-etudiants-dechange\/temoignages\/emilia-a-participe-a-un-echange-dune-annee-au-canada\/\",\"name\":\"Emilia a particip\u00e9 \u00e0 un \u00e9change d'une ann\u00e9e au Canada\",\"isPartOf\":{\"@id\":\"https:\/\/www.sts-education.com\/fr-ch\/#website\"},\"primaryImageOfPage\":{\"@id\":\"https:\/\/www.sts-education.com\/fr-ch\/high-school\/nos-etudiants-dechange\/temoignages\/emilia-a-participe-a-un-echange-dune-annee-au-canada\/#primaryimage\"},\"image\":{\"@id\":\"https:\/\/www.sts-education.com\/fr-ch\/high-school\/nos-etudiants-dechange\/temoignages\/emilia-a-participe-a-un-echange-dune-annee-au-canada\/#primaryimage\"},\"thumbnailUrl\":\"https:\/\/powered-by.qbank.se\/educatius\/sts\/\/2daf64162521b454bbf048f88fecc0a5_1-1-thumb.webp\",\"datePublished\":\"2023-05-02T10:00:00+00:00\",\"dateModified\":\"2026-04-14T10:28:09+00:00\",\"author\":{\"@id\":\"https:\/\/www.sts-education.com\/fr-ch\/#\/schema\/person\/8b82f3a2e45f020b8f296d7a85d9a97c\"},\"description\":\"Pourquoi le Canada et Vancouver ? Parce que c'est la \\\"version agrandie de ma ville natale en Autriche\\\" - mer, lacs, montagnes et ville combin\u00e9s.\",\"breadcrumb\":{\"@id\":\"https:\/\/www.sts-education.com\/fr-ch\/high-school\/nos-etudiants-dechange\/temoignages\/emilia-a-participe-a-un-echange-dune-annee-au-canada\/#breadcrumb\"},\"inLanguage\":\"fr-CH\",\"potentialAction\":[{\"@type\":\"ReadAction\",\"target\":[\"https:\/\/www.sts-education.com\/fr-ch\/high-school\/nos-etudiants-dechange\/temoignages\/emilia-a-participe-a-un-echange-dune-annee-au-canada\/\"]}]},{\"@type\":\"ImageObject\",\"inLanguage\":\"fr-CH\",\"@id\":\"https:\/\/www.sts-education.com\/fr-ch\/high-school\/nos-etudiants-dechange\/temoignages\/emilia-a-participe-a-un-echange-dune-annee-au-canada\/#primaryimage\",\"url\":\"https:\/\/powered-by.qbank.se\/educatius\/sts\/\/2daf64162521b454bbf048f88fecc0a5_1-1-thumb.webp\",\"contentUrl\":\"https:\/\/powered-by.qbank.se\/educatius\/sts\/\/2daf64162521b454bbf048f88fecc0a5_1-1-thumb.webp\",\"width\":150,\"height\":150},{\"@type\":\"BreadcrumbList\",\"@id\":\"https:\/\/www.sts-education.com\/fr-ch\/high-school\/nos-etudiants-dechange\/temoignages\/emilia-a-participe-a-un-echange-dune-annee-au-canada\/#breadcrumb\",\"itemListElement\":[{\"@type\":\"ListItem\",\"position\":1,\"name\":\"Home\",\"item\":\"https:\/\/www.sts-education.com\/fr-ch\/\"},{\"@type\":\"ListItem\",\"position\":2,\"name\":\"Emilia A Participe A Un Echange Dune Annee Au Canada\"}]},{\"@type\":\"WebSite\",\"@id\":\"https:\/\/www.sts-education.com\/fr-ch\/#website\",\"url\":\"https:\/\/www.sts-education.com\/fr-ch\/\",\"name\":\"STS Education\",\"description\":\"\",\"potentialAction\":[{\"@type\":\"SearchAction\",\"target\":{\"@type\":\"EntryPoint\",\"urlTemplate\":\"https:\/\/www.sts-education.com\/fr-ch\/?s={search_term_string}\"},\"query-input\":{\"@type\":\"PropertyValueSpecification\",\"valueRequired\":true,\"valueName\":\"search_term_string\"}}],\"inLanguage\":\"fr-CH\"},{\"@type\":\"Person\",\"@id\":\"https:\/\/www.sts-education.com\/fr-ch\/#\/schema\/person\/8b82f3a2e45f020b8f296d7a85d9a97c\",\"name\":\"syncreadwrite\",\"image\":{\"@type\":\"ImageObject\",\"inLanguage\":\"fr-CH\",\"@id\":\"https:\/\/secure.gravatar.com\/avatar\/6ed1007e4f6f43f22e3df41d9fce4365533cba47fef64bb359b8e629abbc2ea6?s=96&d=mm&r=g\",\"url\":\"https:\/\/secure.gravatar.com\/avatar\/6ed1007e4f6f43f22e3df41d9fce4365533cba47fef64bb359b8e629abbc2ea6?s=96&d=mm&r=g\",\"contentUrl\":\"https:\/\/secure.gravatar.com\/avatar\/6ed1007e4f6f43f22e3df41d9fce4365533cba47fef64bb359b8e629abbc2ea6?s=96&d=mm&r=g\",\"caption\":\"syncreadwrite\"},\"url\":\"https:\/\/www.sts-education.com\/fr-ch\/author\/syncreadwrite\/\"}]}<\/script>\n<!-- \/ Yoast SEO Premium plugin. -->","yoast_head_json":{"title":"Emilia a particip\u00e9 \u00e0 un \u00e9change d'une ann\u00e9e au Canada","description":"Pourquoi le Canada et Vancouver ? Parce que c'est la \"version agrandie de ma ville natale en Autriche\" - mer, lacs, montagnes et ville combin\u00e9s.","robots":{"index":"index","follow":"follow","max-snippet":"max-snippet:-1","max-image-preview":"max-image-preview:large","max-video-preview":"max-video-preview:-1"},"canonical":"https:\/\/www.sts-education.com\/fr-ch\/high-school\/nos-etudiants-dechange\/temoignages\/emilia-a-participe-a-un-echange-dune-annee-au-canada\/","og_locale":"fr_FR","og_type":"article","og_title":"Emilia A Participe A Un Echange Dune Annee Au Canada","og_description":"Pourquoi le Canada et Vancouver ? Parce que c'est la \"version agrandie de ma ville natale en Autriche\" - mer, lacs, montagnes et ville combin\u00e9s.","og_url":"https:\/\/www.sts-education.com\/fr-ch\/high-school\/nos-etudiants-dechange\/temoignages\/emilia-a-participe-a-un-echange-dune-annee-au-canada\/","og_site_name":"STS Education","article_published_time":"2023-05-02T10:00:00+00:00","article_modified_time":"2026-04-14T10:28:09+00:00","og_image":[{"width":150,"height":150,"url":"https:\/\/powered-by.qbank.se\/educatius\/sts\/\/2daf64162521b454bbf048f88fecc0a5_1-1-thumb.webp","type":"image\/jpeg"}],"author":"syncreadwrite","twitter_card":"summary_large_image","twitter_misc":{"Written by":"syncreadwrite","Est. reading time":"5 minutes"},"schema":{"@context":"https:\/\/schema.org","@graph":[{"@type":"Article","@id":"https:\/\/www.sts-education.com\/fr-ch\/high-school\/nos-etudiants-dechange\/temoignages\/emilia-a-participe-a-un-echange-dune-annee-au-canada\/#article","isPartOf":{"@id":"https:\/\/www.sts-education.com\/fr-ch\/high-school\/nos-etudiants-dechange\/temoignages\/emilia-a-participe-a-un-echange-dune-annee-au-canada\/"},"author":{"name":"syncreadwrite","@id":"https:\/\/www.sts-education.com\/fr-ch\/#\/schema\/person\/8b82f3a2e45f020b8f296d7a85d9a97c"},"headline":"Emilia A Participe A Un Echange Dune Annee Au Canada","datePublished":"2023-05-02T10:00:00+00:00","dateModified":"2026-04-14T10:28:09+00:00","mainEntityOfPage":{"@id":"https:\/\/www.sts-education.com\/fr-ch\/high-school\/nos-etudiants-dechange\/temoignages\/emilia-a-participe-a-un-echange-dune-annee-au-canada\/"},"wordCount":954,"commentCount":0,"image":{"@id":"https:\/\/www.sts-education.com\/fr-ch\/high-school\/nos-etudiants-dechange\/temoignages\/emilia-a-participe-a-un-echange-dune-annee-au-canada\/#primaryimage"},"thumbnailUrl":"https:\/\/powered-by.qbank.se\/educatius\/sts\/\/2daf64162521b454bbf048f88fecc0a5_1-1-thumb.webp","keywords":["Canada"],"articleSection":["Uncategorized @fr-ch"],"inLanguage":"fr-CH","potentialAction":[{"@type":"CommentAction","name":"Comment","target":["https:\/\/www.sts-education.com\/fr-ch\/high-school\/nos-etudiants-dechange\/temoignages\/emilia-a-participe-a-un-echange-dune-annee-au-canada\/#respond"]}]},{"@type":"WebPage","@id":"https:\/\/www.sts-education.com\/fr-ch\/high-school\/nos-etudiants-dechange\/temoignages\/emilia-a-participe-a-un-echange-dune-annee-au-canada\/","url":"https:\/\/www.sts-education.com\/fr-ch\/high-school\/nos-etudiants-dechange\/temoignages\/emilia-a-participe-a-un-echange-dune-annee-au-canada\/","name":"Emilia a particip\u00e9 \u00e0 un \u00e9change d'une ann\u00e9e au Canada","isPartOf":{"@id":"https:\/\/www.sts-education.com\/fr-ch\/#website"},"primaryImageOfPage":{"@id":"https:\/\/www.sts-education.com\/fr-ch\/high-school\/nos-etudiants-dechange\/temoignages\/emilia-a-participe-a-un-echange-dune-annee-au-canada\/#primaryimage"},"image":{"@id":"https:\/\/www.sts-education.com\/fr-ch\/high-school\/nos-etudiants-dechange\/temoignages\/emilia-a-participe-a-un-echange-dune-annee-au-canada\/#primaryimage"},"thumbnailUrl":"https:\/\/powered-by.qbank.se\/educatius\/sts\/\/2daf64162521b454bbf048f88fecc0a5_1-1-thumb.webp","datePublished":"2023-05-02T10:00:00+00:00","dateModified":"2026-04-14T10:28:09+00:00","author":{"@id":"https:\/\/www.sts-education.com\/fr-ch\/#\/schema\/person\/8b82f3a2e45f020b8f296d7a85d9a97c"},"description":"Pourquoi le Canada et Vancouver ? Parce que c'est la \"version agrandie de ma ville natale en Autriche\" - mer, lacs, montagnes et ville combin\u00e9s.","breadcrumb":{"@id":"https:\/\/www.sts-education.com\/fr-ch\/high-school\/nos-etudiants-dechange\/temoignages\/emilia-a-participe-a-un-echange-dune-annee-au-canada\/#breadcrumb"},"inLanguage":"fr-CH","potentialAction":[{"@type":"ReadAction","target":["https:\/\/www.sts-education.com\/fr-ch\/high-school\/nos-etudiants-dechange\/temoignages\/emilia-a-participe-a-un-echange-dune-annee-au-canada\/"]}]},{"@type":"ImageObject","inLanguage":"fr-CH","@id":"https:\/\/www.sts-education.com\/fr-ch\/high-school\/nos-etudiants-dechange\/temoignages\/emilia-a-participe-a-un-echange-dune-annee-au-canada\/#primaryimage","url":"https:\/\/powered-by.qbank.se\/educatius\/sts\/\/2daf64162521b454bbf048f88fecc0a5_1-1-thumb.webp","contentUrl":"https:\/\/powered-by.qbank.se\/educatius\/sts\/\/2daf64162521b454bbf048f88fecc0a5_1-1-thumb.webp","width":150,"height":150},{"@type":"BreadcrumbList","@id":"https:\/\/www.sts-education.com\/fr-ch\/high-school\/nos-etudiants-dechange\/temoignages\/emilia-a-participe-a-un-echange-dune-annee-au-canada\/#breadcrumb","itemListElement":[{"@type":"ListItem","position":1,"name":"Home","item":"https:\/\/www.sts-education.com\/fr-ch\/"},{"@type":"ListItem","position":2,"name":"Emilia A Participe A Un Echange Dune Annee Au Canada"}]},{"@type":"WebSite","@id":"https:\/\/www.sts-education.com\/fr-ch\/#website","url":"https:\/\/www.sts-education.com\/fr-ch\/","name":"STS Education","description":"","potentialAction":[{"@type":"SearchAction","target":{"@type":"EntryPoint","urlTemplate":"https:\/\/www.sts-education.com\/fr-ch\/?s={search_term_string}"},"query-input":{"@type":"PropertyValueSpecification","valueRequired":true,"valueName":"search_term_string"}}],"inLanguage":"fr-CH"},{"@type":"Person","@id":"https:\/\/www.sts-education.com\/fr-ch\/#\/schema\/person\/8b82f3a2e45f020b8f296d7a85d9a97c","name":"syncreadwrite","image":{"@type":"ImageObject","inLanguage":"fr-CH","@id":"https:\/\/secure.gravatar.com\/avatar\/6ed1007e4f6f43f22e3df41d9fce4365533cba47fef64bb359b8e629abbc2ea6?s=96&d=mm&r=g","url":"https:\/\/secure.gravatar.com\/avatar\/6ed1007e4f6f43f22e3df41d9fce4365533cba47fef64bb359b8e629abbc2ea6?s=96&d=mm&r=g","contentUrl":"https:\/\/secure.gravatar.com\/avatar\/6ed1007e4f6f43f22e3df41d9fce4365533cba47fef64bb359b8e629abbc2ea6?s=96&d=mm&r=g","caption":"syncreadwrite"},"url":"https:\/\/www.sts-education.com\/fr-ch\/author\/syncreadwrite\/"}]}},"_links":{"self":[{"href":"https:\/\/www.sts-education.com\/fr-ch\/wp-json\/wp\/v2\/posts\/12254","targetHints":{"allow":["GET"]}}],"collection":[{"href":"https:\/\/www.sts-education.com\/fr-ch\/wp-json\/wp\/v2\/posts"}],"about":[{"href":"https:\/\/www.sts-education.com\/fr-ch\/wp-json\/wp\/v2\/types\/post"}],"author":[{"embeddable":true,"href":"https:\/\/www.sts-education.com\/fr-ch\/wp-json\/wp\/v2\/users\/20"}],"replies":[{"embeddable":true,"href":"https:\/\/www.sts-education.com\/fr-ch\/wp-json\/wp\/v2\/comments?post=12254"}],"version-history":[{"count":4,"href":"https:\/\/www.sts-education.com\/fr-ch\/wp-json\/wp\/v2\/posts\/12254\/revisions"}],"predecessor-version":[{"id":34612,"href":"https:\/\/www.sts-education.com\/fr-ch\/wp-json\/wp\/v2\/posts\/12254\/revisions\/34612"}],"wp:featuredmedia":[{"embeddable":true,"href":"https:\/\/www.sts-education.com\/fr-ch\/wp-json\/wp\/v2\/media\/13585"}],"wp:attachment":[{"href":"https:\/\/www.sts-education.com\/fr-ch\/wp-json\/wp\/v2\/media?parent=12254"}],"wp:term":[{"taxonomy":"category","embeddable":true,"href":"https:\/\/www.sts-education.com\/fr-ch\/wp-json\/wp\/v2\/categories?post=12254"},{"taxonomy":"post_tag","embeddable":true,"href":"https:\/\/www.sts-education.com\/fr-ch\/wp-json\/wp\/v2\/tags?post=12254"},{"taxonomy":"wpw_post_folders","embeddable":true,"href":"https:\/\/www.sts-education.com\/fr-ch\/wp-json\/wp\/v2\/wpw_post_folders?post=12254"}],"curies":[{"name":"wp","href":"https:\/\/api.w.org\/{rel}","templated":true}]}}