{"id":12255,"date":"2023-05-02T10:00:00","date_gmt":"2023-05-02T10:00:00","guid":{"rendered":"https:\/\/preprod.sts-education.com\/blog\/2026\/03\/05\/vittoria-a-participe-a-un-echange-scolaire-en-allemagne\/"},"modified":"2026-04-14T10:28:07","modified_gmt":"2026-04-14T10:28:07","slug":"vittoria-a-participe-a-un-echange-scolaire-en-allemagne","status":"publish","type":"post","link":"https:\/\/www.sts-education.com\/fr-ch\/high-school\/nos-etudiants-dechange\/temoignages\/vittoria-a-participe-a-un-echange-scolaire-en-allemagne\/","title":{"rendered":"Vittoria A Participe A Un Echange Scolaire En Allemagne"},"content":{"rendered":"\n<div class=\"wp-block-sts-text sts-text-editor has-max-width-md\"><div class=\"sts-text-editor__content\"><div class=\"sts-text-editor__content-inner\">\n<h1 style=\"text-align:center\">Vittoria a particip\u00e9 \u00e0 un \u00e9change scolaire en Allemagne<\/h1>\n<\/div><\/div><\/div>\n\n\n\n<div class=\"wp-block-sts-text sts-text-editor has-max-width-md\"><div class=\"sts-text-editor__content\"><div class=\"sts-text-editor__content-inner\">\n<p><em>Vittoria, originaire d&#x27;Italie, a pass\u00e9 son \u00e9change en Allemagne.<\/em><\/p>\n<h2>O\u00f9 \u00eates-vous all\u00e9e ?<\/h2>\n<p>J&#x27;ai pass\u00e9 11 mois \u00e0 Starnberg, une petite ville situ\u00e9e \u00e0 30 minutes de Munich, en Bavi\u00e8re. Cette exp\u00e9rience a \u00e9t\u00e9 la meilleure de ma vie jusqu&#x27;\u00e0 pr\u00e9sent.<\/p>\n<h2>Pourquoi l&#x27;Allemagne ?<\/h2>\n<p>Je fr\u00e9quente un lyc\u00e9e linguistique et lorsque j&#x27;ai choisi l&#x27;Allemagne, j&#x27;\u00e9tudiais d\u00e9j\u00e0 l&#x27;allemand depuis trois ans. Je n&#x27;\u00e9tais pas tr\u00e8s dou\u00e9e en allemand, je n&#x27;aimais pas \u00e7a du tout. J&#x27;ai donc pens\u00e9 que la meilleure fa\u00e7on de surmonter cet obstacle \u00e9tait d&#x27;aller l\u00e0-bas et d&#x27;am\u00e9liorer la langue.<\/p>\n<h2>Comment s&#x27;est d\u00e9roul\u00e9e la vie en famille d&#x27;accueil ?<\/h2>\n<p>Mon exp\u00e9rience en famille d&#x27;accueil a \u00e9t\u00e9 particuli\u00e8re. En fait, j&#x27;ai eu deux familles d&#x27;accueil. Apr\u00e8s les trois premiers mois pass\u00e9s ensemble, ma premi\u00e8re famille d&#x27;accueil et moi-m\u00eame nous sommes rendu compte que nous n&#x27;\u00e9tions pas faits l&#x27;un pour l&#x27;autre. En l&#x27;espace de deux semaines, STS a r\u00e9ussi \u00e0 me trouver une deuxi\u00e8me famille d&#x27;accueil : la meilleure famille que j&#x27;aie jamais rencontr\u00e9e ! J&#x27;ai v\u00e9cu tellement de nouvelles exp\u00e9riences avec eux. J&#x27;ai fait du ski pour la premi\u00e8re fois de ma vie, ils m&#x27;ont fait visiter Munich et bien d&#x27;autres endroits en Allemagne. Vivre dans une famille qui n&#x27;est pas la sienne peut \u00eatre difficile au d\u00e9but, mais avec le temps, on apprend \u00e0 se conna\u00eetre et on \u00e9tablit une v\u00e9ritable relation de confiance et d&#x27;affection. Je suis maintenant en tr\u00e8s bons termes avec les deux familles et je suis m\u00eame all\u00e9e leur rendre visite apr\u00e8s mon ann\u00e9e \u00e0 l&#x27;\u00e9tranger.<\/p>\n<h2>A-t-il \u00e9t\u00e9 facile\/difficile de se faire des amis ?<\/h2>\n<p>Tout comme ma famille d&#x27;accueil, mes amis ont \u00e9t\u00e9 un \u00e9l\u00e9ment cl\u00e9 de cette ann\u00e9e \u00e0 l&#x27;\u00e9tranger. Je n&#x27;ai eu aucun probl\u00e8me particulier \u00e0 me faire des amis ; je suis une personne tr\u00e8s extravertie, toujours pr\u00eate \u00e0 nouer de nouvelles amiti\u00e9s. J&#x27;ai \u00e9galement eu de la chance car les personnes que j&#x27;ai rencontr\u00e9es ont \u00e9t\u00e9 tr\u00e8s amicales d\u00e8s le d\u00e9but. Ils m&#x27;ont aid\u00e9 \u00e0 m&#x27;int\u00e9grer \u00e0 l&#x27;\u00e9cole et surtout pendant les cours, ils m&#x27;ont vraiment encourag\u00e9 \u00e0 parler allemand et \u00e0 apprendre cette langue qui avait toujours \u00e9t\u00e9 terrible pour moi.<\/p>\n<h2>Comment \u00e9tait l&#x27;\u00e9cole ?<\/h2>\n<p>Le syst\u00e8me est tr\u00e8s diff\u00e9rent de celui auquel je suis habitu\u00e9e en Italie. C&#x27;\u00e9tait une \u00e9cole tr\u00e8s bien organis\u00e9e. J&#x27;ai eu l&#x27;occasion de faire beaucoup d&#x27;activit\u00e9s : diff\u00e9rents sports, des cours de langues, des ateliers pratiques de journalisme, de photographie, d&#x27;art, de math\u00e9matiques et de g\u00e9ographie, la possibilit\u00e9 de participer au concert de fin d&#x27;ann\u00e9e en prenant des cours de chant et de musique, et bien d&#x27;autres choses encore ! J&#x27;ai particip\u00e9 au cours de journalisme et au cours de photographie, ainsi qu&#x27;aux cours de volley-ball et de danse.<\/p>\n<h2>Quel est ton meilleur souvenir ?<\/h2>\n<p>Si je devais parler des meilleurs souvenirs de mon ann\u00e9e \u00e0 l&#x27;\u00e9tranger, la liste serait tr\u00e8s longue. Je pourrais parler du voyage scolaire \u00e0 Berlin avec ma classe, des vacances \u00e0 Berlin avec ma famille d&#x27;accueil, ou du camp STS \u00e0 Paris. L&#x27;un des moments qui est rest\u00e9 le plus grav\u00e9 dans mon c\u0153ur est celui de mon 18e anniversaire. J&#x27;\u00e9tais un peu triste parce qu&#x27;en Italie, c&#x27;est une f\u00eate tr\u00e8s importante, et mes amis et surtout ma famille me manquaient. Mais gr\u00e2ce \u00e0 mes amis et \u00e0 ma fantastique famille d&#x27;accueil, j&#x27;ai eu la f\u00eate d&#x27;anniversaire que j&#x27;avais toujours voulue avec les personnes qui m&#x27;\u00e9taient les plus ch\u00e8res.<\/p>\n<h2>Quel sera l&#x27;impact de votre \u00e9change sur votre avenir ?<\/h2>\n<p>Gr\u00e2ce \u00e0 cette ann\u00e9e \u00e0 l&#x27;\u00e9tranger, je me suis red\u00e9couverte et j&#x27;ai compris ce que je voulais faire dans mon avenir. A mon retour d&#x27;Allemagne, j&#x27;ai commenc\u00e9 ma derni\u00e8re ann\u00e9e de lyc\u00e9e, j&#x27;ai pass\u00e9 les certificats d&#x27;allemand B1 et B2 avec l&#x27;Institut Goethe, et dans moins de deux mois je serai dipl\u00f4m\u00e9e. En septembre, je retournerai en Allemagne, o\u00f9 je passerai un an en tant que fille au pair. Entre-temps, j&#x27;\u00e9tudierai pour obtenir le certificat d&#x27;allemand C1 qui m&#x27;aidera \u00e0 entrer dans l&#x27;universit\u00e9 que j&#x27;aimerais fr\u00e9quenter \u00e0 Munich. Je suis tr\u00e8s d\u00e9termin\u00e9e \u00e0 atteindre cet objectif et si j&#x27;en suis l\u00e0 aujourd&#x27;hui, c&#x27;est principalement gr\u00e2ce \u00e0 ma famille et \u00e0 toute l&#x27;\u00e9quipe de STS qui a fait de mon plus grand r\u00eave une r\u00e9alit\u00e9 et qui m&#x27;a toujours soutenue.<\/p>\n<h2>Votre meilleur conseil ?<\/h2>\n<ol><li>C&#x27;est une exp\u00e9rience unique dans une vie, alors faites-la ! N&#x27;ayez pas peur, prenez l&#x27;avion et poursuivez votre r\u00eave. Cela vous fera grandir ; vous deviendrez plus mature et responsable, vous apprendrez \u00e0 vivre et \u00e0 respecter des habitudes et des traditions diff\u00e9rentes des v\u00f4tres, vous aurez une deuxi\u00e8me famille et vous vous ferez beaucoup de nouveaux amis. Je suis maintenant amoureuse de l&#x27;Allemagne et elle me manque de plus en plus chaque jour depuis que je l&#x27;ai quitt\u00e9e.<\/li>\n<li>Je recommande vivement aux futurs \u00e9tudiants d&#x27;\u00e9change de participer activement aux activit\u00e9s scolaires, en particulier si les r\u00e9sultats scolaires ne sont pas tr\u00e8s bons en raison de difficult\u00e9s linguistiques. La participation et l&#x27;int\u00e9r\u00eat seront certainement appr\u00e9ci\u00e9s et r\u00e9compens\u00e9s !<\/li>\n<li>Ne voyez pas la fin de votre ann\u00e9e d&#x27;\u00e9change comme une chose triste, mais ch\u00e9rissez plut\u00f4t cette exp\u00e9rience qui vous ouvrira certainement de nombreuses opportunit\u00e9s \u00e0 l&#x27;avenir !<\/li><\/ol>\n<h2>Pour en savoir plus<\/h2>\n<ul><li>Lis d&#x27;autres <a href=\"https:\/\/www.sts-education.com\/fr-ch\/high-school\/nos-etudiants-dechange\/temoignages\/?hashtag=Allemagne\">t\u00e9moignages d&#x27;\u00e9tudiants en Allemagne<\/a><\/li>\n<li>En savoir plus sur un <a href=\"https:\/\/www.sts-education.com\/fr-ch\/high-school\/destinations\/europe\/allemagne\/\">\u00e9change scolaire en Allemagne<\/a><\/li>\n<li>Voir <a href=\"\/fr-ch\/high-school\/tripfinder\/\">toutes nos destinations d&#x27;\u00e9change scolaire<\/a><\/li><\/ul>\n<\/div><\/div><\/div>\n","protected":false},"excerpt":{"rendered":"","protected":false},"author":20,"featured_media":13587,"comment_status":"open","ping_status":"open","sticky":false,"template":"","format":"standard","meta":{"_acf_changed":false,"_yoast_wpseo_title":"Vittoria a particip\u00e9 \u00e0 un \u00e9change scolaire en Allemagne","_yoast_wpseo_metadesc":"J'ai pass\u00e9 11 mois \u00e0 Starnberg, une petite ville situ\u00e9e \u00e0 30 minutes de Munich, en Bavi\u00e8re. Cette exp\u00e9rience a \u00e9t\u00e9 la meilleure de ma vie jusqu'\u00e0 pr\u00e9sent.","footnotes":""},"categories":[297],"tags":[1058],"wpw_post_folders":[],"class_list":["post-12255","post","type-post","status-publish","format-standard","has-post-thumbnail","hentry","category-uncategorized-fr-ch","tag-allemagne"],"acf":[],"yoast_head":"<!-- This site is optimized with the Yoast SEO Premium plugin v27.2 (Yoast SEO v27.2) - https:\/\/yoast.com\/product\/yoast-seo-premium-wordpress\/ -->\n<title>Vittoria a particip\u00e9 \u00e0 un \u00e9change scolaire en Allemagne<\/title>\n<meta name=\"description\" content=\"J&#039;ai pass\u00e9 11 mois \u00e0 Starnberg, une petite ville situ\u00e9e \u00e0 30 minutes de Munich, en Bavi\u00e8re. Cette exp\u00e9rience a \u00e9t\u00e9 la meilleure de ma vie jusqu&#039;\u00e0 pr\u00e9sent.\" \/>\n<meta name=\"robots\" content=\"index, follow, max-snippet:-1, max-image-preview:large, max-video-preview:-1\" \/>\n<link rel=\"canonical\" href=\"https:\/\/www.sts-education.com\/fr-ch\/high-school\/nos-etudiants-dechange\/temoignages\/vittoria-a-participe-a-un-echange-scolaire-en-allemagne\/\" \/>\n<meta property=\"og:locale\" content=\"fr_FR\" \/>\n<meta property=\"og:type\" content=\"article\" \/>\n<meta property=\"og:title\" content=\"Vittoria A Participe A Un Echange Scolaire En Allemagne\" \/>\n<meta property=\"og:description\" content=\"J&#039;ai pass\u00e9 11 mois \u00e0 Starnberg, une petite ville situ\u00e9e \u00e0 30 minutes de Munich, en Bavi\u00e8re. Cette exp\u00e9rience a \u00e9t\u00e9 la meilleure de ma vie jusqu&#039;\u00e0 pr\u00e9sent.\" \/>\n<meta property=\"og:url\" content=\"https:\/\/www.sts-education.com\/fr-ch\/high-school\/nos-etudiants-dechange\/temoignages\/vittoria-a-participe-a-un-echange-scolaire-en-allemagne\/\" \/>\n<meta property=\"og:site_name\" content=\"STS Education\" \/>\n<meta property=\"article:published_time\" content=\"2023-05-02T10:00:00+00:00\" \/>\n<meta property=\"article:modified_time\" content=\"2026-04-14T10:28:07+00:00\" \/>\n<meta property=\"og:image\" content=\"https:\/\/powered-by.qbank.se\/educatius\/sts\/\/ca9fb1d01fb6c899ef4095abc2d3ea13_1-1-thumb.webp\" \/>\n\t<meta property=\"og:image:width\" content=\"150\" \/>\n\t<meta property=\"og:image:height\" content=\"150\" \/>\n\t<meta property=\"og:image:type\" content=\"image\/jpeg\" \/>\n<meta name=\"author\" content=\"syncreadwrite\" \/>\n<meta name=\"twitter:card\" content=\"summary_large_image\" \/>\n<meta name=\"twitter:label1\" content=\"Written by\" \/>\n\t<meta name=\"twitter:data1\" content=\"syncreadwrite\" \/>\n\t<meta name=\"twitter:label2\" content=\"Est. reading time\" \/>\n\t<meta name=\"twitter:data2\" content=\"6 minutes\" \/>\n<script type=\"application\/ld+json\" class=\"yoast-schema-graph\">{\"@context\":\"https:\/\/schema.org\",\"@graph\":[{\"@type\":\"Article\",\"@id\":\"https:\/\/www.sts-education.com\/fr-ch\/high-school\/nos-etudiants-dechange\/temoignages\/vittoria-a-participe-a-un-echange-scolaire-en-allemagne\/#article\",\"isPartOf\":{\"@id\":\"https:\/\/www.sts-education.com\/fr-ch\/high-school\/nos-etudiants-dechange\/temoignages\/vittoria-a-participe-a-un-echange-scolaire-en-allemagne\/\"},\"author\":{\"name\":\"syncreadwrite\",\"@id\":\"https:\/\/www.sts-education.com\/fr-ch\/#\/schema\/person\/8b82f3a2e45f020b8f296d7a85d9a97c\"},\"headline\":\"Vittoria A Participe A Un Echange Scolaire En Allemagne\",\"datePublished\":\"2023-05-02T10:00:00+00:00\",\"dateModified\":\"2026-04-14T10:28:07+00:00\",\"mainEntityOfPage\":{\"@id\":\"https:\/\/www.sts-education.com\/fr-ch\/high-school\/nos-etudiants-dechange\/temoignages\/vittoria-a-participe-a-un-echange-scolaire-en-allemagne\/\"},\"wordCount\":1130,\"commentCount\":0,\"image\":{\"@id\":\"https:\/\/www.sts-education.com\/fr-ch\/high-school\/nos-etudiants-dechange\/temoignages\/vittoria-a-participe-a-un-echange-scolaire-en-allemagne\/#primaryimage\"},\"thumbnailUrl\":\"https:\/\/powered-by.qbank.se\/educatius\/sts\/\/ca9fb1d01fb6c899ef4095abc2d3ea13_1-1-thumb.webp\",\"keywords\":[\"Allemagne\"],\"articleSection\":[\"Uncategorized @fr-ch\"],\"inLanguage\":\"fr-CH\",\"potentialAction\":[{\"@type\":\"CommentAction\",\"name\":\"Comment\",\"target\":[\"https:\/\/www.sts-education.com\/fr-ch\/high-school\/nos-etudiants-dechange\/temoignages\/vittoria-a-participe-a-un-echange-scolaire-en-allemagne\/#respond\"]}]},{\"@type\":\"WebPage\",\"@id\":\"https:\/\/www.sts-education.com\/fr-ch\/high-school\/nos-etudiants-dechange\/temoignages\/vittoria-a-participe-a-un-echange-scolaire-en-allemagne\/\",\"url\":\"https:\/\/www.sts-education.com\/fr-ch\/high-school\/nos-etudiants-dechange\/temoignages\/vittoria-a-participe-a-un-echange-scolaire-en-allemagne\/\",\"name\":\"Vittoria a particip\u00e9 \u00e0 un \u00e9change scolaire en Allemagne\",\"isPartOf\":{\"@id\":\"https:\/\/www.sts-education.com\/fr-ch\/#website\"},\"primaryImageOfPage\":{\"@id\":\"https:\/\/www.sts-education.com\/fr-ch\/high-school\/nos-etudiants-dechange\/temoignages\/vittoria-a-participe-a-un-echange-scolaire-en-allemagne\/#primaryimage\"},\"image\":{\"@id\":\"https:\/\/www.sts-education.com\/fr-ch\/high-school\/nos-etudiants-dechange\/temoignages\/vittoria-a-participe-a-un-echange-scolaire-en-allemagne\/#primaryimage\"},\"thumbnailUrl\":\"https:\/\/powered-by.qbank.se\/educatius\/sts\/\/ca9fb1d01fb6c899ef4095abc2d3ea13_1-1-thumb.webp\",\"datePublished\":\"2023-05-02T10:00:00+00:00\",\"dateModified\":\"2026-04-14T10:28:07+00:00\",\"author\":{\"@id\":\"https:\/\/www.sts-education.com\/fr-ch\/#\/schema\/person\/8b82f3a2e45f020b8f296d7a85d9a97c\"},\"description\":\"J'ai pass\u00e9 11 mois \u00e0 Starnberg, une petite ville situ\u00e9e \u00e0 30 minutes de Munich, en Bavi\u00e8re. Cette exp\u00e9rience a \u00e9t\u00e9 la meilleure de ma vie jusqu'\u00e0 pr\u00e9sent.\",\"breadcrumb\":{\"@id\":\"https:\/\/www.sts-education.com\/fr-ch\/high-school\/nos-etudiants-dechange\/temoignages\/vittoria-a-participe-a-un-echange-scolaire-en-allemagne\/#breadcrumb\"},\"inLanguage\":\"fr-CH\",\"potentialAction\":[{\"@type\":\"ReadAction\",\"target\":[\"https:\/\/www.sts-education.com\/fr-ch\/high-school\/nos-etudiants-dechange\/temoignages\/vittoria-a-participe-a-un-echange-scolaire-en-allemagne\/\"]}]},{\"@type\":\"ImageObject\",\"inLanguage\":\"fr-CH\",\"@id\":\"https:\/\/www.sts-education.com\/fr-ch\/high-school\/nos-etudiants-dechange\/temoignages\/vittoria-a-participe-a-un-echange-scolaire-en-allemagne\/#primaryimage\",\"url\":\"https:\/\/powered-by.qbank.se\/educatius\/sts\/\/ca9fb1d01fb6c899ef4095abc2d3ea13_1-1-thumb.webp\",\"contentUrl\":\"https:\/\/powered-by.qbank.se\/educatius\/sts\/\/ca9fb1d01fb6c899ef4095abc2d3ea13_1-1-thumb.webp\",\"width\":150,\"height\":150},{\"@type\":\"BreadcrumbList\",\"@id\":\"https:\/\/www.sts-education.com\/fr-ch\/high-school\/nos-etudiants-dechange\/temoignages\/vittoria-a-participe-a-un-echange-scolaire-en-allemagne\/#breadcrumb\",\"itemListElement\":[{\"@type\":\"ListItem\",\"position\":1,\"name\":\"Home\",\"item\":\"https:\/\/www.sts-education.com\/fr-ch\/\"},{\"@type\":\"ListItem\",\"position\":2,\"name\":\"Vittoria A Participe A Un Echange Scolaire En Allemagne\"}]},{\"@type\":\"WebSite\",\"@id\":\"https:\/\/www.sts-education.com\/fr-ch\/#website\",\"url\":\"https:\/\/www.sts-education.com\/fr-ch\/\",\"name\":\"STS Education\",\"description\":\"\",\"potentialAction\":[{\"@type\":\"SearchAction\",\"target\":{\"@type\":\"EntryPoint\",\"urlTemplate\":\"https:\/\/www.sts-education.com\/fr-ch\/?s={search_term_string}\"},\"query-input\":{\"@type\":\"PropertyValueSpecification\",\"valueRequired\":true,\"valueName\":\"search_term_string\"}}],\"inLanguage\":\"fr-CH\"},{\"@type\":\"Person\",\"@id\":\"https:\/\/www.sts-education.com\/fr-ch\/#\/schema\/person\/8b82f3a2e45f020b8f296d7a85d9a97c\",\"name\":\"syncreadwrite\",\"image\":{\"@type\":\"ImageObject\",\"inLanguage\":\"fr-CH\",\"@id\":\"https:\/\/secure.gravatar.com\/avatar\/6ed1007e4f6f43f22e3df41d9fce4365533cba47fef64bb359b8e629abbc2ea6?s=96&d=mm&r=g\",\"url\":\"https:\/\/secure.gravatar.com\/avatar\/6ed1007e4f6f43f22e3df41d9fce4365533cba47fef64bb359b8e629abbc2ea6?s=96&d=mm&r=g\",\"contentUrl\":\"https:\/\/secure.gravatar.com\/avatar\/6ed1007e4f6f43f22e3df41d9fce4365533cba47fef64bb359b8e629abbc2ea6?s=96&d=mm&r=g\",\"caption\":\"syncreadwrite\"},\"url\":\"https:\/\/www.sts-education.com\/fr-ch\/author\/syncreadwrite\/\"}]}<\/script>\n<!-- \/ Yoast SEO Premium plugin. -->","yoast_head_json":{"title":"Vittoria a particip\u00e9 \u00e0 un \u00e9change scolaire en Allemagne","description":"J'ai pass\u00e9 11 mois \u00e0 Starnberg, une petite ville situ\u00e9e \u00e0 30 minutes de Munich, en Bavi\u00e8re. Cette exp\u00e9rience a \u00e9t\u00e9 la meilleure de ma vie jusqu'\u00e0 pr\u00e9sent.","robots":{"index":"index","follow":"follow","max-snippet":"max-snippet:-1","max-image-preview":"max-image-preview:large","max-video-preview":"max-video-preview:-1"},"canonical":"https:\/\/www.sts-education.com\/fr-ch\/high-school\/nos-etudiants-dechange\/temoignages\/vittoria-a-participe-a-un-echange-scolaire-en-allemagne\/","og_locale":"fr_FR","og_type":"article","og_title":"Vittoria A Participe A Un Echange Scolaire En Allemagne","og_description":"J'ai pass\u00e9 11 mois \u00e0 Starnberg, une petite ville situ\u00e9e \u00e0 30 minutes de Munich, en Bavi\u00e8re. Cette exp\u00e9rience a \u00e9t\u00e9 la meilleure de ma vie jusqu'\u00e0 pr\u00e9sent.","og_url":"https:\/\/www.sts-education.com\/fr-ch\/high-school\/nos-etudiants-dechange\/temoignages\/vittoria-a-participe-a-un-echange-scolaire-en-allemagne\/","og_site_name":"STS Education","article_published_time":"2023-05-02T10:00:00+00:00","article_modified_time":"2026-04-14T10:28:07+00:00","og_image":[{"width":150,"height":150,"url":"https:\/\/powered-by.qbank.se\/educatius\/sts\/\/ca9fb1d01fb6c899ef4095abc2d3ea13_1-1-thumb.webp","type":"image\/jpeg"}],"author":"syncreadwrite","twitter_card":"summary_large_image","twitter_misc":{"Written by":"syncreadwrite","Est. reading time":"6 minutes"},"schema":{"@context":"https:\/\/schema.org","@graph":[{"@type":"Article","@id":"https:\/\/www.sts-education.com\/fr-ch\/high-school\/nos-etudiants-dechange\/temoignages\/vittoria-a-participe-a-un-echange-scolaire-en-allemagne\/#article","isPartOf":{"@id":"https:\/\/www.sts-education.com\/fr-ch\/high-school\/nos-etudiants-dechange\/temoignages\/vittoria-a-participe-a-un-echange-scolaire-en-allemagne\/"},"author":{"name":"syncreadwrite","@id":"https:\/\/www.sts-education.com\/fr-ch\/#\/schema\/person\/8b82f3a2e45f020b8f296d7a85d9a97c"},"headline":"Vittoria A Participe A Un Echange Scolaire En Allemagne","datePublished":"2023-05-02T10:00:00+00:00","dateModified":"2026-04-14T10:28:07+00:00","mainEntityOfPage":{"@id":"https:\/\/www.sts-education.com\/fr-ch\/high-school\/nos-etudiants-dechange\/temoignages\/vittoria-a-participe-a-un-echange-scolaire-en-allemagne\/"},"wordCount":1130,"commentCount":0,"image":{"@id":"https:\/\/www.sts-education.com\/fr-ch\/high-school\/nos-etudiants-dechange\/temoignages\/vittoria-a-participe-a-un-echange-scolaire-en-allemagne\/#primaryimage"},"thumbnailUrl":"https:\/\/powered-by.qbank.se\/educatius\/sts\/\/ca9fb1d01fb6c899ef4095abc2d3ea13_1-1-thumb.webp","keywords":["Allemagne"],"articleSection":["Uncategorized @fr-ch"],"inLanguage":"fr-CH","potentialAction":[{"@type":"CommentAction","name":"Comment","target":["https:\/\/www.sts-education.com\/fr-ch\/high-school\/nos-etudiants-dechange\/temoignages\/vittoria-a-participe-a-un-echange-scolaire-en-allemagne\/#respond"]}]},{"@type":"WebPage","@id":"https:\/\/www.sts-education.com\/fr-ch\/high-school\/nos-etudiants-dechange\/temoignages\/vittoria-a-participe-a-un-echange-scolaire-en-allemagne\/","url":"https:\/\/www.sts-education.com\/fr-ch\/high-school\/nos-etudiants-dechange\/temoignages\/vittoria-a-participe-a-un-echange-scolaire-en-allemagne\/","name":"Vittoria a particip\u00e9 \u00e0 un \u00e9change scolaire en Allemagne","isPartOf":{"@id":"https:\/\/www.sts-education.com\/fr-ch\/#website"},"primaryImageOfPage":{"@id":"https:\/\/www.sts-education.com\/fr-ch\/high-school\/nos-etudiants-dechange\/temoignages\/vittoria-a-participe-a-un-echange-scolaire-en-allemagne\/#primaryimage"},"image":{"@id":"https:\/\/www.sts-education.com\/fr-ch\/high-school\/nos-etudiants-dechange\/temoignages\/vittoria-a-participe-a-un-echange-scolaire-en-allemagne\/#primaryimage"},"thumbnailUrl":"https:\/\/powered-by.qbank.se\/educatius\/sts\/\/ca9fb1d01fb6c899ef4095abc2d3ea13_1-1-thumb.webp","datePublished":"2023-05-02T10:00:00+00:00","dateModified":"2026-04-14T10:28:07+00:00","author":{"@id":"https:\/\/www.sts-education.com\/fr-ch\/#\/schema\/person\/8b82f3a2e45f020b8f296d7a85d9a97c"},"description":"J'ai pass\u00e9 11 mois \u00e0 Starnberg, une petite ville situ\u00e9e \u00e0 30 minutes de Munich, en Bavi\u00e8re. Cette exp\u00e9rience a \u00e9t\u00e9 la meilleure de ma vie jusqu'\u00e0 pr\u00e9sent.","breadcrumb":{"@id":"https:\/\/www.sts-education.com\/fr-ch\/high-school\/nos-etudiants-dechange\/temoignages\/vittoria-a-participe-a-un-echange-scolaire-en-allemagne\/#breadcrumb"},"inLanguage":"fr-CH","potentialAction":[{"@type":"ReadAction","target":["https:\/\/www.sts-education.com\/fr-ch\/high-school\/nos-etudiants-dechange\/temoignages\/vittoria-a-participe-a-un-echange-scolaire-en-allemagne\/"]}]},{"@type":"ImageObject","inLanguage":"fr-CH","@id":"https:\/\/www.sts-education.com\/fr-ch\/high-school\/nos-etudiants-dechange\/temoignages\/vittoria-a-participe-a-un-echange-scolaire-en-allemagne\/#primaryimage","url":"https:\/\/powered-by.qbank.se\/educatius\/sts\/\/ca9fb1d01fb6c899ef4095abc2d3ea13_1-1-thumb.webp","contentUrl":"https:\/\/powered-by.qbank.se\/educatius\/sts\/\/ca9fb1d01fb6c899ef4095abc2d3ea13_1-1-thumb.webp","width":150,"height":150},{"@type":"BreadcrumbList","@id":"https:\/\/www.sts-education.com\/fr-ch\/high-school\/nos-etudiants-dechange\/temoignages\/vittoria-a-participe-a-un-echange-scolaire-en-allemagne\/#breadcrumb","itemListElement":[{"@type":"ListItem","position":1,"name":"Home","item":"https:\/\/www.sts-education.com\/fr-ch\/"},{"@type":"ListItem","position":2,"name":"Vittoria A Participe A Un Echange Scolaire En Allemagne"}]},{"@type":"WebSite","@id":"https:\/\/www.sts-education.com\/fr-ch\/#website","url":"https:\/\/www.sts-education.com\/fr-ch\/","name":"STS Education","description":"","potentialAction":[{"@type":"SearchAction","target":{"@type":"EntryPoint","urlTemplate":"https:\/\/www.sts-education.com\/fr-ch\/?s={search_term_string}"},"query-input":{"@type":"PropertyValueSpecification","valueRequired":true,"valueName":"search_term_string"}}],"inLanguage":"fr-CH"},{"@type":"Person","@id":"https:\/\/www.sts-education.com\/fr-ch\/#\/schema\/person\/8b82f3a2e45f020b8f296d7a85d9a97c","name":"syncreadwrite","image":{"@type":"ImageObject","inLanguage":"fr-CH","@id":"https:\/\/secure.gravatar.com\/avatar\/6ed1007e4f6f43f22e3df41d9fce4365533cba47fef64bb359b8e629abbc2ea6?s=96&d=mm&r=g","url":"https:\/\/secure.gravatar.com\/avatar\/6ed1007e4f6f43f22e3df41d9fce4365533cba47fef64bb359b8e629abbc2ea6?s=96&d=mm&r=g","contentUrl":"https:\/\/secure.gravatar.com\/avatar\/6ed1007e4f6f43f22e3df41d9fce4365533cba47fef64bb359b8e629abbc2ea6?s=96&d=mm&r=g","caption":"syncreadwrite"},"url":"https:\/\/www.sts-education.com\/fr-ch\/author\/syncreadwrite\/"}]}},"_links":{"self":[{"href":"https:\/\/www.sts-education.com\/fr-ch\/wp-json\/wp\/v2\/posts\/12255","targetHints":{"allow":["GET"]}}],"collection":[{"href":"https:\/\/www.sts-education.com\/fr-ch\/wp-json\/wp\/v2\/posts"}],"about":[{"href":"https:\/\/www.sts-education.com\/fr-ch\/wp-json\/wp\/v2\/types\/post"}],"author":[{"embeddable":true,"href":"https:\/\/www.sts-education.com\/fr-ch\/wp-json\/wp\/v2\/users\/20"}],"replies":[{"embeddable":true,"href":"https:\/\/www.sts-education.com\/fr-ch\/wp-json\/wp\/v2\/comments?post=12255"}],"version-history":[{"count":4,"href":"https:\/\/www.sts-education.com\/fr-ch\/wp-json\/wp\/v2\/posts\/12255\/revisions"}],"predecessor-version":[{"id":34611,"href":"https:\/\/www.sts-education.com\/fr-ch\/wp-json\/wp\/v2\/posts\/12255\/revisions\/34611"}],"wp:featuredmedia":[{"embeddable":true,"href":"https:\/\/www.sts-education.com\/fr-ch\/wp-json\/wp\/v2\/media\/13587"}],"wp:attachment":[{"href":"https:\/\/www.sts-education.com\/fr-ch\/wp-json\/wp\/v2\/media?parent=12255"}],"wp:term":[{"taxonomy":"category","embeddable":true,"href":"https:\/\/www.sts-education.com\/fr-ch\/wp-json\/wp\/v2\/categories?post=12255"},{"taxonomy":"post_tag","embeddable":true,"href":"https:\/\/www.sts-education.com\/fr-ch\/wp-json\/wp\/v2\/tags?post=12255"},{"taxonomy":"wpw_post_folders","embeddable":true,"href":"https:\/\/www.sts-education.com\/fr-ch\/wp-json\/wp\/v2\/wpw_post_folders?post=12255"}],"curies":[{"name":"wp","href":"https:\/\/api.w.org\/{rel}","templated":true}]}}