{"id":12256,"date":"2023-05-02T10:00:00","date_gmt":"2023-05-02T10:00:00","guid":{"rendered":"https:\/\/preprod.sts-education.com\/blog\/2026\/03\/05\/jenny-a-decide-de-faire-ses-etudes-au-costa-rica\/"},"modified":"2026-04-14T10:28:06","modified_gmt":"2026-04-14T10:28:06","slug":"jenny-a-decide-de-faire-ses-etudes-au-costa-rica","status":"publish","type":"post","link":"https:\/\/www.sts-education.com\/fr-ch\/high-school\/nos-etudiants-dechange\/temoignages\/jenny-a-decide-de-faire-ses-etudes-au-costa-rica\/","title":{"rendered":"Jenny A Decide De Faire Ses Etudes Au Costa Rica"},"content":{"rendered":"\n<div class=\"wp-block-sts-text sts-text-editor has-max-width-md\"><div class=\"sts-text-editor__content\"><div class=\"sts-text-editor__content-inner\">\n<h1 style=\"text-align:center\">Jenny a d\u00e9cid\u00e9 de faire ses \u00e9tudes au Costa Rica<\/h1>\n<\/div><\/div><\/div>\n\n\n\n<div class=\"wp-block-sts-text sts-text-editor has-max-width-md\"><div class=\"sts-text-editor__content\"><div class=\"sts-text-editor__content-inner\">\n<p><em>Jenny, originaire de Norv\u00e8ge, a particip\u00e9 \u00e0 un \u00e9change au Costa Rica. Nous l&#x27;avons interrog\u00e9e sur son exp\u00e9rience.<\/em><\/p>\n<h2>Pourquoi es-tu partie en \u00e9change ?<\/h2>\n<p>J&#x27;ai toujours voulu participer \u00e0 un \u00e9change, cela a commenc\u00e9 quand j&#x27;\u00e9tais petite. Mes s\u0153urs m&#x27;ont parl\u00e9 de leurs \u00e9changes et de leurs exp\u00e9riences \u00e0 travers le monde. Mon r\u00eave a toujours \u00e9t\u00e9 de voyager, et une ann\u00e9e d&#x27;\u00e9change est le moyen id\u00e9al de le faire. De plus, cela m&#x27;a permis de voir \u00e0 quoi ressemble le lyc\u00e9e dans un autre pays et \u00e0 quel point la vie des autres adolescents est diff\u00e9rente. Une ann\u00e9e d&#x27;\u00e9change m&#x27;a permis de d\u00e9couvrir le monde d&#x27;une autre mani\u00e8re qu&#x27;en restant assis sur le banc de l&#x27;\u00e9cole en Norv\u00e8ge.<\/p>\n<h2>O\u00f9 es-tu all\u00e9 et pourquoi ?<\/h2>\n<p>Je suis all\u00e9e au Costa Rica parce que je voulais apprendre l&#x27;espagnol, parce que la nature y est magnifique et parce que la culture y est tr\u00e8s diff\u00e9rente de celle de mon pays d&#x27;origine (la Norv\u00e8ge).<\/p>\n<h2>Comment s&#x27;est d\u00e9roul\u00e9e la vie en famille d&#x27;accueil ?<\/h2>\n<p>Ma famille d&#x27;accueil \u00e9tait tr\u00e8s nombreuse et m&#x27;a accueillie chaleureusement. Je suis toujours en contact avec eux et nous pr\u00e9voyons de leur rendre visite. Bien s\u00fbr, nous avons eu des d\u00e9saccords en raison des grandes diff\u00e9rences culturelles, mais dans l&#x27;ensemble, tout s&#x27;est bien pass\u00e9 et je suis tr\u00e8s reconnaissante d&#x27;avoir eu cette famille d&#x27;accueil.<\/p>\n<h2>Comment s&#x27;est pass\u00e9e l&#x27;\u00e9cole ?<\/h2>\n<p>L&#x27;\u00e9cole \u00e9tait tr\u00e8s amusante ! Il y avait beaucoup d&#x27;animaux dans mon \u00e9cole, des crocodiles aux ratons laveurs. J&#x27;ai \u00e9t\u00e9 plac\u00e9e dans la meilleure classe qui soit, et mes camarades de classe sont devenus mes meilleurs amis. Tout le monde \u00e9tait tr\u00e8s accueillant et ouvert, et j&#x27;ai beaucoup appris l&#x27;espagnol \u00e0 l&#x27;\u00e9cole. J&#x27;ai fr\u00e9quent\u00e9 l&#x27;\u00e9cole publique et le niveau d&#x27;\u00e9ducation n&#x27;\u00e9tait pas tr\u00e8s \u00e9lev\u00e9, mais j&#x27;ai appris beaucoup d&#x27;espagnol, beaucoup de choses sur le pays et sur les gens qui y vivent.<\/p>\n<h2>Qu&#x27;avez-vous fait pendant votre temps libre ? De nouveaux passe-temps ?<\/h2>\n<p>J&#x27;ai essay\u00e9 beaucoup d&#x27;activit\u00e9s pendant mon temps libre, comme la natation et le taekwondo. J&#x27;ai \u00e9galement aid\u00e9 mes parents d&#x27;accueil \u00e0 s&#x27;occuper des enfants et j&#x27;ai pass\u00e9 beaucoup de temps avec la famille. Parfois, je me rendais chez mon ami pour \u00e9tudier, car nous \u00e9tions presque voisins.<\/p>\n<h2>A-t-il \u00e9t\u00e9 facile\/difficile de se faire des amis ?<\/h2>\n<p>Pour moi, il a \u00e9t\u00e9 tr\u00e8s facile de me faire des amis. J&#x27;ai eu la chance d&#x27;int\u00e9grer une classe formidable et mes camarades de classe \u00e9taient tr\u00e8s ouverts. Il a \u00e9t\u00e9 un peu difficile de nouer des liens profonds en raison de la barri\u00e8re de la langue. Mais les choses se sont arrang\u00e9es au bout de quelques mois et je n&#x27;ai jamais eu de v\u00e9ritable probl\u00e8me pour me faire des amis.<\/p>\n<h2>Quel a \u00e9t\u00e9 votre plus grand d\u00e9fi ? Comment l&#x27;avez-vous relev\u00e9 ?<\/h2>\n<p>Le plus grand d\u00e9fi pour moi \u00e9tait la langue, mais petit \u00e0 petit, j&#x27;ai appris l&#x27;espagnol. Ma famille d&#x27;accueil et mes amis ne connaissaient pas l&#x27;anglais, ce qui m&#x27;a &quot;forc\u00e9&quot; \u00e0 apprendre la langue, car il n&#x27;y avait pas d&#x27;autre option. Je suis tr\u00e8s fi\u00e8re d&#x27;avoir appris la langue en 10 mois, et aujourd&#x27;hui mon espagnol est meilleur que mon anglais.<\/p>\n<h2>Quel a \u00e9t\u00e9 le meilleur aspect de votre ann\u00e9e d&#x27;\u00e9change ?<\/h2>\n<p>Le meilleur aspect de mon ann\u00e9e d&#x27;\u00e9change a \u00e9t\u00e9 de grandir en tant que personne et de d\u00e9couvrir le monde d&#x27;une nouvelle mani\u00e8re.<\/p>\n<h2>Quel est ton meilleur souvenir ?<\/h2>\n<p>Mon meilleur souvenir a \u00e9t\u00e9 mon premier voyage avec les autres \u00e9tudiants en \u00e9change. Nous sommes all\u00e9s \u00e0 Ostional dans le Guanacaste, l&#x27;une des plus belles r\u00e9gions du pays. Nous nous sommes r\u00e9veill\u00e9s \u00e0 4 heures du matin pour voir les b\u00e9b\u00e9s tortues s&#x27;enfoncer dans la mer. C&#x27;est le meilleur voyage que j&#x27;ai jamais fait.<\/p>\n<h2>Quels sont vos principaux apprentissages ?<\/h2>\n<p>J&#x27;ai surtout appris la langue et le fait que les gens sont diff\u00e9rents et que ce n&#x27;est pas grave. Il peut \u00eatre difficile de discuter avec les gens, en particulier avec la g\u00e9n\u00e9ration plus \u00e2g\u00e9e, qui a tendance \u00e0 \u00eatre plus traditionnelle et ne veut pas entendre d&#x27;autres opinions. J&#x27;ai appris qu&#x27;il n&#x27;est pas n\u00e9cessaire de discuter avec tout le monde, que tout le monde ne veut pas voir votre point de vue, et que ce n&#x27;est pas grave.<\/p>\n<h2>Pouvez-vous recommander d&#x27;y aller ?<\/h2>\n<p>Oui, sans aucun doute. Un \u00e9change est int\u00e9ressant pour presque tout le monde, mais je recommande le Costa Rica aux personnes qui sont patientes et prudentes. Le Costa Rica est un pays magnifique, mais il est extr\u00eamement important d&#x27;\u00eatre prudent et de respecter les consignes de s\u00e9curit\u00e9. En outre, les gens peuvent avoir des opinions tr\u00e8s diff\u00e9rentes des v\u00f4tres et les diff\u00e9rences culturelles peuvent \u00eatre tr\u00e8s importantes.<\/p>\n<h2>Pourquoi devrait-on participer \u00e0 un \u00e9change ?<\/h2>\n<p>Un \u00e9change vous permet de mieux comprendre le monde, de d\u00e9couvrir des endroits magnifiques et de rencontrer des gens formidables. Vous apprenez \u00e0 conna\u00eetre le monde et c&#x27;est une exp\u00e9rience unique.<\/p>\n<h2>Un conseil ?<\/h2>\n<p>\u00c9coutez votre famille d&#x27;accueil et ses conseils. Elle conna\u00eet le pays et sait ce qui est s\u00fbr et ce qui ne l&#x27;est pas.<\/p>\n<h2>Comment votre \u00e9change affectera-t-il votre avenir ?<\/h2>\n<p>Je viens de rentrer de mon \u00e9change Erasmus de deux mois en Espagne. Je ne pense pas que cela aurait \u00e9t\u00e9 possible sans mon s\u00e9jour au Costa Rica ! Je suis maintenant en Norv\u00e8ge pour trois mois afin de passer mes examens et d&#x27;obtenir mon dipl\u00f4me. Apr\u00e8s avoir obtenu mon dipl\u00f4me en juin, je retournerai au Costa Rica.<\/p>\n<p>Mon \u00e9change m&#x27;a fait m\u00fbrir en tant que personne et m&#x27;a permis d&#x27;entrer en contact avec tant de gens que j&#x27;ai h\u00e2te de rencontrer \u00e0 nouveau. Mon \u00e9change m&#x27;a \u00e9galement donn\u00e9 un sentiment d&#x27;ind\u00e9pendance et je me sens beaucoup plus confiante.<\/p>\n<h2>Pourquoi avez-vous choisi STS ?<\/h2>\n<p>J&#x27;ai choisi les STS parce qu&#x27;ils avaient le choix entre de nombreux pays, qu&#x27;ils ont \u00e9t\u00e9 tr\u00e8s gentils avec Covid-19 et qu&#x27;ils m&#x27;ont permis d&#x27;annuler et de me faire rembourser, ce que d&#x27;autres organisations ne m&#x27;ont pas permis de faire. J&#x27;ai \u00e9galement eu une tr\u00e8s bonne impression de STS lors de mon entretien. Ma s\u0153ur a \u00e9galement voyag\u00e9 avec STS et a eu une bonne exp\u00e9rience.<\/p>\n<h2>Avez-vous \u00e9t\u00e9 satisfait de STS ?<\/h2>\n<p>J&#x27;ai \u00e9t\u00e9 tr\u00e8s satisfaite de STS, \u00e0 tel point que nous accueillons maintenant un \u00e9tudiant mexicain dans le cadre d&#x27;un \u00e9change avec STS.<\/p>\n<h2>Pour en savoir plus<\/h2>\n<ul><li>Lis d&#x27;autres <a href=\"https:\/\/www.sts-education.com\/fr-ch\/high-school\/nos-etudiants-dechange\/temoignages\/?hashtag=Costa+Rica\">t\u00e9moignages d&#x27;\u00e9tudiants au Costa Rica<\/a><\/li>\n<li>En savoir plus sur un <a href=\"https:\/\/www.sts-education.com\/fr-ch\/high-school\/destinations\/amerique-du-sud\/costa-rica\/\">\u00e9change scolaire au Costa Rica<\/a><\/li>\n<li>Voir <a href=\"\/fr-ch\/high-school\/tripfinder\/\">toutes nos destinations d&#x27;\u00e9change scolaire<\/a><\/li><\/ul>\n<\/div><\/div><\/div>\n","protected":false},"excerpt":{"rendered":"","protected":false},"author":20,"featured_media":13589,"comment_status":"open","ping_status":"open","sticky":false,"template":"","format":"standard","meta":{"_acf_changed":false,"_yoast_wpseo_title":"Jenny a d\u00e9cid\u00e9 de faire ses \u00e9tudes au Costa Rica","_yoast_wpseo_metadesc":"J'ai toujours voulu participer \u00e0 un \u00e9change, cela a commenc\u00e9 quand j'\u00e9tais petite. Mes s\u0153urs m'ont parl\u00e9 de leurs \u00e9changes et de leurs exp\u00e9riences \u00e0 travers le monde.","footnotes":""},"categories":[297],"tags":[1054],"wpw_post_folders":[],"class_list":["post-12256","post","type-post","status-publish","format-standard","has-post-thumbnail","hentry","category-uncategorized-fr-ch","tag-costa-rica"],"acf":[],"yoast_head":"<!-- This site is optimized with the Yoast SEO Premium plugin v27.2 (Yoast SEO v27.2) - https:\/\/yoast.com\/product\/yoast-seo-premium-wordpress\/ -->\n<title>Jenny a d\u00e9cid\u00e9 de faire ses \u00e9tudes au Costa Rica<\/title>\n<meta name=\"description\" content=\"J&#039;ai toujours voulu participer \u00e0 un \u00e9change, cela a commenc\u00e9 quand j&#039;\u00e9tais petite. Mes s\u0153urs m&#039;ont parl\u00e9 de leurs \u00e9changes et de leurs exp\u00e9riences \u00e0 travers le monde.\" \/>\n<meta name=\"robots\" content=\"index, follow, max-snippet:-1, max-image-preview:large, max-video-preview:-1\" \/>\n<link rel=\"canonical\" href=\"https:\/\/www.sts-education.com\/fr-ch\/high-school\/nos-etudiants-dechange\/temoignages\/jenny-a-decide-de-faire-ses-etudes-au-costa-rica\/\" \/>\n<meta property=\"og:locale\" content=\"fr_FR\" \/>\n<meta property=\"og:type\" content=\"article\" \/>\n<meta property=\"og:title\" content=\"Jenny A Decide De Faire Ses Etudes Au Costa Rica\" \/>\n<meta property=\"og:description\" content=\"J&#039;ai toujours voulu participer \u00e0 un \u00e9change, cela a commenc\u00e9 quand j&#039;\u00e9tais petite. Mes s\u0153urs m&#039;ont parl\u00e9 de leurs \u00e9changes et de leurs exp\u00e9riences \u00e0 travers le monde.\" \/>\n<meta property=\"og:url\" content=\"https:\/\/www.sts-education.com\/fr-ch\/high-school\/nos-etudiants-dechange\/temoignages\/jenny-a-decide-de-faire-ses-etudes-au-costa-rica\/\" \/>\n<meta property=\"og:site_name\" content=\"STS Education\" \/>\n<meta property=\"article:published_time\" content=\"2023-05-02T10:00:00+00:00\" \/>\n<meta property=\"article:modified_time\" content=\"2026-04-14T10:28:06+00:00\" \/>\n<meta property=\"og:image\" content=\"https:\/\/powered-by.qbank.se\/educatius\/sts\/\/c05556c0b8b22d19da665af35946abf7_1-1-thumb.webp\" \/>\n\t<meta property=\"og:image:width\" content=\"150\" \/>\n\t<meta property=\"og:image:height\" content=\"150\" \/>\n\t<meta property=\"og:image:type\" content=\"image\/jpeg\" \/>\n<meta name=\"author\" content=\"syncreadwrite\" \/>\n<meta name=\"twitter:card\" content=\"summary_large_image\" \/>\n<meta name=\"twitter:label1\" content=\"Written by\" \/>\n\t<meta name=\"twitter:data1\" content=\"syncreadwrite\" \/>\n\t<meta name=\"twitter:label2\" content=\"Est. reading time\" \/>\n\t<meta name=\"twitter:data2\" content=\"7 minutes\" \/>\n<script type=\"application\/ld+json\" class=\"yoast-schema-graph\">{\"@context\":\"https:\/\/schema.org\",\"@graph\":[{\"@type\":\"Article\",\"@id\":\"https:\/\/www.sts-education.com\/fr-ch\/high-school\/nos-etudiants-dechange\/temoignages\/jenny-a-decide-de-faire-ses-etudes-au-costa-rica\/#article\",\"isPartOf\":{\"@id\":\"https:\/\/www.sts-education.com\/fr-ch\/high-school\/nos-etudiants-dechange\/temoignages\/jenny-a-decide-de-faire-ses-etudes-au-costa-rica\/\"},\"author\":{\"name\":\"syncreadwrite\",\"@id\":\"https:\/\/www.sts-education.com\/fr-ch\/#\/schema\/person\/8b82f3a2e45f020b8f296d7a85d9a97c\"},\"headline\":\"Jenny A Decide De Faire Ses Etudes Au Costa Rica\",\"datePublished\":\"2023-05-02T10:00:00+00:00\",\"dateModified\":\"2026-04-14T10:28:06+00:00\",\"mainEntityOfPage\":{\"@id\":\"https:\/\/www.sts-education.com\/fr-ch\/high-school\/nos-etudiants-dechange\/temoignages\/jenny-a-decide-de-faire-ses-etudes-au-costa-rica\/\"},\"wordCount\":1333,\"commentCount\":0,\"image\":{\"@id\":\"https:\/\/www.sts-education.com\/fr-ch\/high-school\/nos-etudiants-dechange\/temoignages\/jenny-a-decide-de-faire-ses-etudes-au-costa-rica\/#primaryimage\"},\"thumbnailUrl\":\"https:\/\/powered-by.qbank.se\/educatius\/sts\/\/c05556c0b8b22d19da665af35946abf7_1-1-thumb.webp\",\"keywords\":[\"Costa Rica\"],\"articleSection\":[\"Uncategorized @fr-ch\"],\"inLanguage\":\"fr-CH\",\"potentialAction\":[{\"@type\":\"CommentAction\",\"name\":\"Comment\",\"target\":[\"https:\/\/www.sts-education.com\/fr-ch\/high-school\/nos-etudiants-dechange\/temoignages\/jenny-a-decide-de-faire-ses-etudes-au-costa-rica\/#respond\"]}]},{\"@type\":\"WebPage\",\"@id\":\"https:\/\/www.sts-education.com\/fr-ch\/high-school\/nos-etudiants-dechange\/temoignages\/jenny-a-decide-de-faire-ses-etudes-au-costa-rica\/\",\"url\":\"https:\/\/www.sts-education.com\/fr-ch\/high-school\/nos-etudiants-dechange\/temoignages\/jenny-a-decide-de-faire-ses-etudes-au-costa-rica\/\",\"name\":\"Jenny a d\u00e9cid\u00e9 de faire ses \u00e9tudes au Costa Rica\",\"isPartOf\":{\"@id\":\"https:\/\/www.sts-education.com\/fr-ch\/#website\"},\"primaryImageOfPage\":{\"@id\":\"https:\/\/www.sts-education.com\/fr-ch\/high-school\/nos-etudiants-dechange\/temoignages\/jenny-a-decide-de-faire-ses-etudes-au-costa-rica\/#primaryimage\"},\"image\":{\"@id\":\"https:\/\/www.sts-education.com\/fr-ch\/high-school\/nos-etudiants-dechange\/temoignages\/jenny-a-decide-de-faire-ses-etudes-au-costa-rica\/#primaryimage\"},\"thumbnailUrl\":\"https:\/\/powered-by.qbank.se\/educatius\/sts\/\/c05556c0b8b22d19da665af35946abf7_1-1-thumb.webp\",\"datePublished\":\"2023-05-02T10:00:00+00:00\",\"dateModified\":\"2026-04-14T10:28:06+00:00\",\"author\":{\"@id\":\"https:\/\/www.sts-education.com\/fr-ch\/#\/schema\/person\/8b82f3a2e45f020b8f296d7a85d9a97c\"},\"description\":\"J'ai toujours voulu participer \u00e0 un \u00e9change, cela a commenc\u00e9 quand j'\u00e9tais petite. Mes s\u0153urs m'ont parl\u00e9 de leurs \u00e9changes et de leurs exp\u00e9riences \u00e0 travers le monde.\",\"breadcrumb\":{\"@id\":\"https:\/\/www.sts-education.com\/fr-ch\/high-school\/nos-etudiants-dechange\/temoignages\/jenny-a-decide-de-faire-ses-etudes-au-costa-rica\/#breadcrumb\"},\"inLanguage\":\"fr-CH\",\"potentialAction\":[{\"@type\":\"ReadAction\",\"target\":[\"https:\/\/www.sts-education.com\/fr-ch\/high-school\/nos-etudiants-dechange\/temoignages\/jenny-a-decide-de-faire-ses-etudes-au-costa-rica\/\"]}]},{\"@type\":\"ImageObject\",\"inLanguage\":\"fr-CH\",\"@id\":\"https:\/\/www.sts-education.com\/fr-ch\/high-school\/nos-etudiants-dechange\/temoignages\/jenny-a-decide-de-faire-ses-etudes-au-costa-rica\/#primaryimage\",\"url\":\"https:\/\/powered-by.qbank.se\/educatius\/sts\/\/c05556c0b8b22d19da665af35946abf7_1-1-thumb.webp\",\"contentUrl\":\"https:\/\/powered-by.qbank.se\/educatius\/sts\/\/c05556c0b8b22d19da665af35946abf7_1-1-thumb.webp\",\"width\":150,\"height\":150},{\"@type\":\"BreadcrumbList\",\"@id\":\"https:\/\/www.sts-education.com\/fr-ch\/high-school\/nos-etudiants-dechange\/temoignages\/jenny-a-decide-de-faire-ses-etudes-au-costa-rica\/#breadcrumb\",\"itemListElement\":[{\"@type\":\"ListItem\",\"position\":1,\"name\":\"Home\",\"item\":\"https:\/\/www.sts-education.com\/fr-ch\/\"},{\"@type\":\"ListItem\",\"position\":2,\"name\":\"Jenny A Decide De Faire Ses Etudes Au Costa Rica\"}]},{\"@type\":\"WebSite\",\"@id\":\"https:\/\/www.sts-education.com\/fr-ch\/#website\",\"url\":\"https:\/\/www.sts-education.com\/fr-ch\/\",\"name\":\"STS Education\",\"description\":\"\",\"potentialAction\":[{\"@type\":\"SearchAction\",\"target\":{\"@type\":\"EntryPoint\",\"urlTemplate\":\"https:\/\/www.sts-education.com\/fr-ch\/?s={search_term_string}\"},\"query-input\":{\"@type\":\"PropertyValueSpecification\",\"valueRequired\":true,\"valueName\":\"search_term_string\"}}],\"inLanguage\":\"fr-CH\"},{\"@type\":\"Person\",\"@id\":\"https:\/\/www.sts-education.com\/fr-ch\/#\/schema\/person\/8b82f3a2e45f020b8f296d7a85d9a97c\",\"name\":\"syncreadwrite\",\"image\":{\"@type\":\"ImageObject\",\"inLanguage\":\"fr-CH\",\"@id\":\"https:\/\/secure.gravatar.com\/avatar\/6ed1007e4f6f43f22e3df41d9fce4365533cba47fef64bb359b8e629abbc2ea6?s=96&d=mm&r=g\",\"url\":\"https:\/\/secure.gravatar.com\/avatar\/6ed1007e4f6f43f22e3df41d9fce4365533cba47fef64bb359b8e629abbc2ea6?s=96&d=mm&r=g\",\"contentUrl\":\"https:\/\/secure.gravatar.com\/avatar\/6ed1007e4f6f43f22e3df41d9fce4365533cba47fef64bb359b8e629abbc2ea6?s=96&d=mm&r=g\",\"caption\":\"syncreadwrite\"},\"url\":\"https:\/\/www.sts-education.com\/fr-ch\/author\/syncreadwrite\/\"}]}<\/script>\n<!-- \/ Yoast SEO Premium plugin. -->","yoast_head_json":{"title":"Jenny a d\u00e9cid\u00e9 de faire ses \u00e9tudes au Costa Rica","description":"J'ai toujours voulu participer \u00e0 un \u00e9change, cela a commenc\u00e9 quand j'\u00e9tais petite. Mes s\u0153urs m'ont parl\u00e9 de leurs \u00e9changes et de leurs exp\u00e9riences \u00e0 travers le monde.","robots":{"index":"index","follow":"follow","max-snippet":"max-snippet:-1","max-image-preview":"max-image-preview:large","max-video-preview":"max-video-preview:-1"},"canonical":"https:\/\/www.sts-education.com\/fr-ch\/high-school\/nos-etudiants-dechange\/temoignages\/jenny-a-decide-de-faire-ses-etudes-au-costa-rica\/","og_locale":"fr_FR","og_type":"article","og_title":"Jenny A Decide De Faire Ses Etudes Au Costa Rica","og_description":"J'ai toujours voulu participer \u00e0 un \u00e9change, cela a commenc\u00e9 quand j'\u00e9tais petite. Mes s\u0153urs m'ont parl\u00e9 de leurs \u00e9changes et de leurs exp\u00e9riences \u00e0 travers le monde.","og_url":"https:\/\/www.sts-education.com\/fr-ch\/high-school\/nos-etudiants-dechange\/temoignages\/jenny-a-decide-de-faire-ses-etudes-au-costa-rica\/","og_site_name":"STS Education","article_published_time":"2023-05-02T10:00:00+00:00","article_modified_time":"2026-04-14T10:28:06+00:00","og_image":[{"width":150,"height":150,"url":"https:\/\/powered-by.qbank.se\/educatius\/sts\/\/c05556c0b8b22d19da665af35946abf7_1-1-thumb.webp","type":"image\/jpeg"}],"author":"syncreadwrite","twitter_card":"summary_large_image","twitter_misc":{"Written by":"syncreadwrite","Est. reading time":"7 minutes"},"schema":{"@context":"https:\/\/schema.org","@graph":[{"@type":"Article","@id":"https:\/\/www.sts-education.com\/fr-ch\/high-school\/nos-etudiants-dechange\/temoignages\/jenny-a-decide-de-faire-ses-etudes-au-costa-rica\/#article","isPartOf":{"@id":"https:\/\/www.sts-education.com\/fr-ch\/high-school\/nos-etudiants-dechange\/temoignages\/jenny-a-decide-de-faire-ses-etudes-au-costa-rica\/"},"author":{"name":"syncreadwrite","@id":"https:\/\/www.sts-education.com\/fr-ch\/#\/schema\/person\/8b82f3a2e45f020b8f296d7a85d9a97c"},"headline":"Jenny A Decide De Faire Ses Etudes Au Costa Rica","datePublished":"2023-05-02T10:00:00+00:00","dateModified":"2026-04-14T10:28:06+00:00","mainEntityOfPage":{"@id":"https:\/\/www.sts-education.com\/fr-ch\/high-school\/nos-etudiants-dechange\/temoignages\/jenny-a-decide-de-faire-ses-etudes-au-costa-rica\/"},"wordCount":1333,"commentCount":0,"image":{"@id":"https:\/\/www.sts-education.com\/fr-ch\/high-school\/nos-etudiants-dechange\/temoignages\/jenny-a-decide-de-faire-ses-etudes-au-costa-rica\/#primaryimage"},"thumbnailUrl":"https:\/\/powered-by.qbank.se\/educatius\/sts\/\/c05556c0b8b22d19da665af35946abf7_1-1-thumb.webp","keywords":["Costa Rica"],"articleSection":["Uncategorized @fr-ch"],"inLanguage":"fr-CH","potentialAction":[{"@type":"CommentAction","name":"Comment","target":["https:\/\/www.sts-education.com\/fr-ch\/high-school\/nos-etudiants-dechange\/temoignages\/jenny-a-decide-de-faire-ses-etudes-au-costa-rica\/#respond"]}]},{"@type":"WebPage","@id":"https:\/\/www.sts-education.com\/fr-ch\/high-school\/nos-etudiants-dechange\/temoignages\/jenny-a-decide-de-faire-ses-etudes-au-costa-rica\/","url":"https:\/\/www.sts-education.com\/fr-ch\/high-school\/nos-etudiants-dechange\/temoignages\/jenny-a-decide-de-faire-ses-etudes-au-costa-rica\/","name":"Jenny a d\u00e9cid\u00e9 de faire ses \u00e9tudes au Costa Rica","isPartOf":{"@id":"https:\/\/www.sts-education.com\/fr-ch\/#website"},"primaryImageOfPage":{"@id":"https:\/\/www.sts-education.com\/fr-ch\/high-school\/nos-etudiants-dechange\/temoignages\/jenny-a-decide-de-faire-ses-etudes-au-costa-rica\/#primaryimage"},"image":{"@id":"https:\/\/www.sts-education.com\/fr-ch\/high-school\/nos-etudiants-dechange\/temoignages\/jenny-a-decide-de-faire-ses-etudes-au-costa-rica\/#primaryimage"},"thumbnailUrl":"https:\/\/powered-by.qbank.se\/educatius\/sts\/\/c05556c0b8b22d19da665af35946abf7_1-1-thumb.webp","datePublished":"2023-05-02T10:00:00+00:00","dateModified":"2026-04-14T10:28:06+00:00","author":{"@id":"https:\/\/www.sts-education.com\/fr-ch\/#\/schema\/person\/8b82f3a2e45f020b8f296d7a85d9a97c"},"description":"J'ai toujours voulu participer \u00e0 un \u00e9change, cela a commenc\u00e9 quand j'\u00e9tais petite. Mes s\u0153urs m'ont parl\u00e9 de leurs \u00e9changes et de leurs exp\u00e9riences \u00e0 travers le monde.","breadcrumb":{"@id":"https:\/\/www.sts-education.com\/fr-ch\/high-school\/nos-etudiants-dechange\/temoignages\/jenny-a-decide-de-faire-ses-etudes-au-costa-rica\/#breadcrumb"},"inLanguage":"fr-CH","potentialAction":[{"@type":"ReadAction","target":["https:\/\/www.sts-education.com\/fr-ch\/high-school\/nos-etudiants-dechange\/temoignages\/jenny-a-decide-de-faire-ses-etudes-au-costa-rica\/"]}]},{"@type":"ImageObject","inLanguage":"fr-CH","@id":"https:\/\/www.sts-education.com\/fr-ch\/high-school\/nos-etudiants-dechange\/temoignages\/jenny-a-decide-de-faire-ses-etudes-au-costa-rica\/#primaryimage","url":"https:\/\/powered-by.qbank.se\/educatius\/sts\/\/c05556c0b8b22d19da665af35946abf7_1-1-thumb.webp","contentUrl":"https:\/\/powered-by.qbank.se\/educatius\/sts\/\/c05556c0b8b22d19da665af35946abf7_1-1-thumb.webp","width":150,"height":150},{"@type":"BreadcrumbList","@id":"https:\/\/www.sts-education.com\/fr-ch\/high-school\/nos-etudiants-dechange\/temoignages\/jenny-a-decide-de-faire-ses-etudes-au-costa-rica\/#breadcrumb","itemListElement":[{"@type":"ListItem","position":1,"name":"Home","item":"https:\/\/www.sts-education.com\/fr-ch\/"},{"@type":"ListItem","position":2,"name":"Jenny A Decide De Faire Ses Etudes Au Costa Rica"}]},{"@type":"WebSite","@id":"https:\/\/www.sts-education.com\/fr-ch\/#website","url":"https:\/\/www.sts-education.com\/fr-ch\/","name":"STS Education","description":"","potentialAction":[{"@type":"SearchAction","target":{"@type":"EntryPoint","urlTemplate":"https:\/\/www.sts-education.com\/fr-ch\/?s={search_term_string}"},"query-input":{"@type":"PropertyValueSpecification","valueRequired":true,"valueName":"search_term_string"}}],"inLanguage":"fr-CH"},{"@type":"Person","@id":"https:\/\/www.sts-education.com\/fr-ch\/#\/schema\/person\/8b82f3a2e45f020b8f296d7a85d9a97c","name":"syncreadwrite","image":{"@type":"ImageObject","inLanguage":"fr-CH","@id":"https:\/\/secure.gravatar.com\/avatar\/6ed1007e4f6f43f22e3df41d9fce4365533cba47fef64bb359b8e629abbc2ea6?s=96&d=mm&r=g","url":"https:\/\/secure.gravatar.com\/avatar\/6ed1007e4f6f43f22e3df41d9fce4365533cba47fef64bb359b8e629abbc2ea6?s=96&d=mm&r=g","contentUrl":"https:\/\/secure.gravatar.com\/avatar\/6ed1007e4f6f43f22e3df41d9fce4365533cba47fef64bb359b8e629abbc2ea6?s=96&d=mm&r=g","caption":"syncreadwrite"},"url":"https:\/\/www.sts-education.com\/fr-ch\/author\/syncreadwrite\/"}]}},"_links":{"self":[{"href":"https:\/\/www.sts-education.com\/fr-ch\/wp-json\/wp\/v2\/posts\/12256","targetHints":{"allow":["GET"]}}],"collection":[{"href":"https:\/\/www.sts-education.com\/fr-ch\/wp-json\/wp\/v2\/posts"}],"about":[{"href":"https:\/\/www.sts-education.com\/fr-ch\/wp-json\/wp\/v2\/types\/post"}],"author":[{"embeddable":true,"href":"https:\/\/www.sts-education.com\/fr-ch\/wp-json\/wp\/v2\/users\/20"}],"replies":[{"embeddable":true,"href":"https:\/\/www.sts-education.com\/fr-ch\/wp-json\/wp\/v2\/comments?post=12256"}],"version-history":[{"count":4,"href":"https:\/\/www.sts-education.com\/fr-ch\/wp-json\/wp\/v2\/posts\/12256\/revisions"}],"predecessor-version":[{"id":34610,"href":"https:\/\/www.sts-education.com\/fr-ch\/wp-json\/wp\/v2\/posts\/12256\/revisions\/34610"}],"wp:featuredmedia":[{"embeddable":true,"href":"https:\/\/www.sts-education.com\/fr-ch\/wp-json\/wp\/v2\/media\/13589"}],"wp:attachment":[{"href":"https:\/\/www.sts-education.com\/fr-ch\/wp-json\/wp\/v2\/media?parent=12256"}],"wp:term":[{"taxonomy":"category","embeddable":true,"href":"https:\/\/www.sts-education.com\/fr-ch\/wp-json\/wp\/v2\/categories?post=12256"},{"taxonomy":"post_tag","embeddable":true,"href":"https:\/\/www.sts-education.com\/fr-ch\/wp-json\/wp\/v2\/tags?post=12256"},{"taxonomy":"wpw_post_folders","embeddable":true,"href":"https:\/\/www.sts-education.com\/fr-ch\/wp-json\/wp\/v2\/wpw_post_folders?post=12256"}],"curies":[{"name":"wp","href":"https:\/\/api.w.org\/{rel}","templated":true}]}}