{"id":12258,"date":"2023-04-26T10:00:00","date_gmt":"2023-04-26T10:00:00","guid":{"rendered":"https:\/\/preprod.sts-education.com\/blog\/2026\/03\/05\/eliza-a-participe-a-un-echange-en-suede\/"},"modified":"2026-04-14T10:28:12","modified_gmt":"2026-04-14T10:28:12","slug":"eliza-a-participe-a-un-echange-en-suede","status":"publish","type":"post","link":"https:\/\/www.sts-education.com\/fr-ch\/high-school\/nos-etudiants-dechange\/temoignages\/eliza-a-participe-a-un-echange-en-suede\/","title":{"rendered":"Eliza A Participe A Un Echange En Suede"},"content":{"rendered":"\n<div class=\"wp-block-sts-text sts-text-editor has-max-width-md\"><div class=\"sts-text-editor__content\"><div class=\"sts-text-editor__content-inner\">\n<h1 style=\"text-align:center\">Eliza a particip\u00e9 \u00e0 un \u00e9change en Su\u00e8de<\/h1>\n<\/div><\/div><\/div>\n\n\n\n<div class=\"wp-block-sts-text sts-text-editor has-max-width-md\"><div class=\"sts-text-editor__content\"><div class=\"sts-text-editor__content-inner\">\n<p><em>Eliza, des Pays-Bas, a particip\u00e9 \u00e0 un \u00e9change en Su\u00e8de.<\/em><\/p>\n<h2>Pourquoi \u00eates-vous partie en \u00e9change ?<\/h2>\n<p>Je voulais vivre une exp\u00e9rience personnelle, loin de tout ce que je consid\u00e9rais comme normal chez moi. Je voulais d\u00e9couvrir de nouvelles choses et de nouvelles cultures.<\/p>\n<h2>Comment \u00e9tait-ce de vivre dans une famille d&#x27;accueil ?<\/h2>\n<p>Ma famille d&#x27;accueil \u00e9tait formidable, nous nous sommes entendus d\u00e8s le d\u00e9but et elle m&#x27;a fait vivre tellement d&#x27;aventures.<\/p>\n<h2>A-t-il \u00e9t\u00e9 difficile ou facile de se faire de nouveaux amis ?<\/h2>\n<p>Il faut un peu plus de temps pour que les Su\u00e9dois s&#x27;ouvrent, mais une fois qu&#x27;ils le font, ce sont les personnes les plus gentilles que vous puissiez rencontrer.<\/p>\n<h2>Qu&#x27;avez-vous appris pendant votre s\u00e9jour \u00e0 l&#x27;\u00e9tranger ?<\/h2>\n<p>J&#x27;ai appris \u00e0 parler su\u00e9dois et j&#x27;ai d\u00e9couvert les cultures su\u00e9doise et sami. J&#x27;ai surtout appris \u00e0 devenir plus ind\u00e9pendant et \u00e0 avoir plus confiance en moi.<\/p>\n<h2>Qu&#x27;est-ce qui vous a le plus plu dans votre \u00e9change ?<\/h2>\n<p>Je dirais que ce qui m&#x27;a le plus plu dans mon ann\u00e9e d&#x27;\u00e9change, c&#x27;est d&#x27;avoir fait la connaissance de tant d&#x27;autres \u00e9tudiants pendant les activit\u00e9s du week-end organis\u00e9es par STS. J&#x27;ai rencontr\u00e9 des gens pendant deux jours et ils sont devenus mes meilleurs amis.<\/p>\n<h2>Votre meilleur souvenir ?<\/h2>\n<p>Mon meilleur souvenir est celui d&#x27;une ancienne \u00e9tudiante en \u00e9change que ma famille d&#x27;accueil a accueillie, et de sa famille qui est venue me rendre visite pendant les vacances de P\u00e2ques. Nous avons pass\u00e9 une nuit dans l&#x27;une des cabanes de ma famille d&#x27;accueil et nous avons fait un petit voyage en Norv\u00e8ge.<\/p>\n<h2>Pouvez-vous recommander de participer \u00e0 un \u00e9change ?<\/h2>\n<p>Oui ! C&#x27;est un excellent moyen de devenir plus ind\u00e9pendant, de d\u00e9couvrir des personnes et des cultures diff\u00e9rentes, d&#x27;apprendre une nouvelle langue et de voir le monde sous un angle diff\u00e9rent de celui auquel on est habitu\u00e9 chez soi.<\/p>\n<h2>Pouvez-vous recommander un s\u00e9jour en Su\u00e8de ?<\/h2>\n<p>Oui, je recommanderais \u00e0 tous ceux qui veulent apprendre une nouvelle langue et une nouvelle culture et qui aiment le froid d&#x27;y aller. Les longs hivers peuvent \u00eatre difficiles, mais toutes les activit\u00e9s de neige que nous avons pratiqu\u00e9es pendant les week-ends et les aurores bor\u00e9ales m&#x27;ont permis de rester motiv\u00e9e et heureuse.<\/p>\n<h2>Pourquoi avez-vous choisi de partir avec STS ?<\/h2>\n<p>J&#x27;ai choisi STS parce que j&#x27;ai eu un bon sentiment en discutant avec eux. Ils m&#x27;ont tr\u00e8s bien expliqu\u00e9 les choses, se sont montr\u00e9s tr\u00e8s ouverts pour m&#x27;informer sur l&#x27;ann\u00e9e d&#x27;\u00e9change et m&#x27;ont aid\u00e9e tout au long du processus de candidature. Ils ont toujours \u00e9t\u00e9 prompts \u00e0 r\u00e9soudre les probl\u00e8mes qui se pr\u00e9sentaient et ont fait en sorte que mon \u00e9change se passe tr\u00e8s bien. Je suis extr\u00eamement heureuse d&#x27;avoir choisi STS.<\/p>\n<h2>Quels sont vos projets pour l&#x27;avenir ?<\/h2>\n<p>J&#x27;envisage maintenant d&#x27;\u00e9tudier \u00e0 l&#x27;\u00e9tranger dans une universit\u00e9, peut-\u00eatre en Su\u00e8de. Mon ann\u00e9e d&#x27;\u00e9change a beaucoup influenc\u00e9 mon avenir. Avant mon \u00e9change, je n&#x27;aurais jamais envisag\u00e9 d&#x27;\u00e9tudier \u00e0 l&#x27;\u00e9tranger dans une universit\u00e9, mais mon ann\u00e9e d&#x27;\u00e9change m&#x27;a donn\u00e9 la confiance n\u00e9cessaire pour le faire.<\/p>\n<h2>Avez-vous des conseils \u00e0 donner aux futurs \u00e9tudiants en \u00e9change ?<\/h2>\n<ol><li>Commencez \u00e0 parler la langue d\u00e8s que possible. C&#x27;est tellement amusant et c&#x27;est beaucoup plus facile d&#x27;apprendre en parlant !<\/li>\n<li>Saisissez toutes les occasions d&#x27;essayer de nouvelles choses. Choisissez une mati\u00e8re \u00e0 l&#x27;\u00e9cole que vous ne pourriez pas choisir \u00e0 la maison, rejoignez un club, essayez de nouveaux sports et de nouvelles activit\u00e9s. Vous n&#x27;avez cette chance qu&#x27;une seule fois dans votre vie.<\/li>\n<li>Un conseil : mangez autant de &quot;k\u00f6ttbullar med lingonsylt&quot; (boulettes de viande \u00e0 la confiture) que possible !<\/li><\/ol>\n<h2>Pour en savoir plus<\/h2>\n<ul><li>Lis d&#x27;autres <a href=\"https:\/\/www.sts-education.com\/fr-ch\/high-school\/nos-etudiants-dechange\/temoignages\/?hashtag=Su%c3%a8de\">t\u00e9moignages d&#x27;\u00e9tudiants en Su\u00e8de<\/a><\/li>\n<li>En savoir plus sur un <a href=\"https:\/\/www.sts-education.com\/fr-ch\/high-school\/destinations\/europe\/suede\/\">\u00e9change scolaire en Su\u00e8de<\/a><\/li>\n<li>Voir <a href=\"\/fr-ch\/high-school\/tripfinder\/\">toutes nos destinations d&#x27;\u00e9change scolaire<\/a><\/li><\/ul>\n<\/div><\/div><\/div>\n","protected":false},"excerpt":{"rendered":"","protected":false},"author":20,"featured_media":13593,"comment_status":"open","ping_status":"open","sticky":false,"template":"","format":"standard","meta":{"_acf_changed":false,"_yoast_wpseo_title":"Eliza a particip\u00e9 \u00e0 un \u00e9change en Su\u00e8de","_yoast_wpseo_metadesc":"Je voulais vivre une exp\u00e9rience personnelle, loin de tout ce que je consid\u00e9rais comme normal chez moi. Je voulais d\u00e9couvrir de nouvelles choses et de nouvelles cultures.","footnotes":""},"categories":[297],"tags":[1066],"wpw_post_folders":[],"class_list":["post-12258","post","type-post","status-publish","format-standard","has-post-thumbnail","hentry","category-uncategorized-fr-ch","tag-suede"],"acf":[],"yoast_head":"<!-- This site is optimized with the Yoast SEO Premium plugin v27.2 (Yoast SEO v27.2) - https:\/\/yoast.com\/product\/yoast-seo-premium-wordpress\/ -->\n<title>Eliza a particip\u00e9 \u00e0 un \u00e9change en Su\u00e8de<\/title>\n<meta name=\"description\" content=\"Je voulais vivre une exp\u00e9rience personnelle, loin de tout ce que je consid\u00e9rais comme normal chez moi. Je voulais d\u00e9couvrir de nouvelles choses et de nouvelles cultures.\" \/>\n<meta name=\"robots\" content=\"index, follow, max-snippet:-1, max-image-preview:large, max-video-preview:-1\" \/>\n<link rel=\"canonical\" href=\"https:\/\/www.sts-education.com\/fr-ch\/high-school\/nos-etudiants-dechange\/temoignages\/eliza-a-participe-a-un-echange-en-suede\/\" \/>\n<meta property=\"og:locale\" content=\"fr_FR\" \/>\n<meta property=\"og:type\" content=\"article\" \/>\n<meta property=\"og:title\" content=\"Eliza A Participe A Un Echange En Suede\" \/>\n<meta property=\"og:description\" content=\"Je voulais vivre une exp\u00e9rience personnelle, loin de tout ce que je consid\u00e9rais comme normal chez moi. Je voulais d\u00e9couvrir de nouvelles choses et de nouvelles cultures.\" \/>\n<meta property=\"og:url\" content=\"https:\/\/www.sts-education.com\/fr-ch\/high-school\/nos-etudiants-dechange\/temoignages\/eliza-a-participe-a-un-echange-en-suede\/\" \/>\n<meta property=\"og:site_name\" content=\"STS Education\" \/>\n<meta property=\"article:published_time\" content=\"2023-04-26T10:00:00+00:00\" \/>\n<meta property=\"article:modified_time\" content=\"2026-04-14T10:28:12+00:00\" \/>\n<meta property=\"og:image\" content=\"https:\/\/powered-by.qbank.se\/educatius\/sts\/\/03f297d7a2bf59726aeee7116dff5ffd_1-1-thumb.webp\" \/>\n\t<meta property=\"og:image:width\" content=\"150\" \/>\n\t<meta property=\"og:image:height\" content=\"150\" \/>\n\t<meta property=\"og:image:type\" content=\"image\/jpeg\" \/>\n<meta name=\"author\" content=\"syncreadwrite\" \/>\n<meta name=\"twitter:card\" content=\"summary_large_image\" \/>\n<meta name=\"twitter:label1\" content=\"Written by\" \/>\n\t<meta name=\"twitter:data1\" content=\"syncreadwrite\" \/>\n\t<meta name=\"twitter:label2\" content=\"Est. reading time\" \/>\n\t<meta name=\"twitter:data2\" content=\"4 minutes\" \/>\n<script type=\"application\/ld+json\" class=\"yoast-schema-graph\">{\"@context\":\"https:\/\/schema.org\",\"@graph\":[{\"@type\":\"Article\",\"@id\":\"https:\/\/www.sts-education.com\/fr-ch\/high-school\/nos-etudiants-dechange\/temoignages\/eliza-a-participe-a-un-echange-en-suede\/#article\",\"isPartOf\":{\"@id\":\"https:\/\/www.sts-education.com\/fr-ch\/high-school\/nos-etudiants-dechange\/temoignages\/eliza-a-participe-a-un-echange-en-suede\/\"},\"author\":{\"name\":\"syncreadwrite\",\"@id\":\"https:\/\/www.sts-education.com\/fr-ch\/#\/schema\/person\/8b82f3a2e45f020b8f296d7a85d9a97c\"},\"headline\":\"Eliza A Participe A Un Echange En Suede\",\"datePublished\":\"2023-04-26T10:00:00+00:00\",\"dateModified\":\"2026-04-14T10:28:12+00:00\",\"mainEntityOfPage\":{\"@id\":\"https:\/\/www.sts-education.com\/fr-ch\/high-school\/nos-etudiants-dechange\/temoignages\/eliza-a-participe-a-un-echange-en-suede\/\"},\"wordCount\":759,\"commentCount\":0,\"image\":{\"@id\":\"https:\/\/www.sts-education.com\/fr-ch\/high-school\/nos-etudiants-dechange\/temoignages\/eliza-a-participe-a-un-echange-en-suede\/#primaryimage\"},\"thumbnailUrl\":\"https:\/\/powered-by.qbank.se\/educatius\/sts\/\/03f297d7a2bf59726aeee7116dff5ffd_1-1-thumb.webp\",\"keywords\":[\"Su\u00e8de\"],\"articleSection\":[\"Uncategorized @fr-ch\"],\"inLanguage\":\"fr-CH\",\"potentialAction\":[{\"@type\":\"CommentAction\",\"name\":\"Comment\",\"target\":[\"https:\/\/www.sts-education.com\/fr-ch\/high-school\/nos-etudiants-dechange\/temoignages\/eliza-a-participe-a-un-echange-en-suede\/#respond\"]}]},{\"@type\":\"WebPage\",\"@id\":\"https:\/\/www.sts-education.com\/fr-ch\/high-school\/nos-etudiants-dechange\/temoignages\/eliza-a-participe-a-un-echange-en-suede\/\",\"url\":\"https:\/\/www.sts-education.com\/fr-ch\/high-school\/nos-etudiants-dechange\/temoignages\/eliza-a-participe-a-un-echange-en-suede\/\",\"name\":\"Eliza a particip\u00e9 \u00e0 un \u00e9change en Su\u00e8de\",\"isPartOf\":{\"@id\":\"https:\/\/www.sts-education.com\/fr-ch\/#website\"},\"primaryImageOfPage\":{\"@id\":\"https:\/\/www.sts-education.com\/fr-ch\/high-school\/nos-etudiants-dechange\/temoignages\/eliza-a-participe-a-un-echange-en-suede\/#primaryimage\"},\"image\":{\"@id\":\"https:\/\/www.sts-education.com\/fr-ch\/high-school\/nos-etudiants-dechange\/temoignages\/eliza-a-participe-a-un-echange-en-suede\/#primaryimage\"},\"thumbnailUrl\":\"https:\/\/powered-by.qbank.se\/educatius\/sts\/\/03f297d7a2bf59726aeee7116dff5ffd_1-1-thumb.webp\",\"datePublished\":\"2023-04-26T10:00:00+00:00\",\"dateModified\":\"2026-04-14T10:28:12+00:00\",\"author\":{\"@id\":\"https:\/\/www.sts-education.com\/fr-ch\/#\/schema\/person\/8b82f3a2e45f020b8f296d7a85d9a97c\"},\"description\":\"Je voulais vivre une exp\u00e9rience personnelle, loin de tout ce que je consid\u00e9rais comme normal chez moi. Je voulais d\u00e9couvrir de nouvelles choses et de nouvelles cultures.\",\"breadcrumb\":{\"@id\":\"https:\/\/www.sts-education.com\/fr-ch\/high-school\/nos-etudiants-dechange\/temoignages\/eliza-a-participe-a-un-echange-en-suede\/#breadcrumb\"},\"inLanguage\":\"fr-CH\",\"potentialAction\":[{\"@type\":\"ReadAction\",\"target\":[\"https:\/\/www.sts-education.com\/fr-ch\/high-school\/nos-etudiants-dechange\/temoignages\/eliza-a-participe-a-un-echange-en-suede\/\"]}]},{\"@type\":\"ImageObject\",\"inLanguage\":\"fr-CH\",\"@id\":\"https:\/\/www.sts-education.com\/fr-ch\/high-school\/nos-etudiants-dechange\/temoignages\/eliza-a-participe-a-un-echange-en-suede\/#primaryimage\",\"url\":\"https:\/\/powered-by.qbank.se\/educatius\/sts\/\/03f297d7a2bf59726aeee7116dff5ffd_1-1-thumb.webp\",\"contentUrl\":\"https:\/\/powered-by.qbank.se\/educatius\/sts\/\/03f297d7a2bf59726aeee7116dff5ffd_1-1-thumb.webp\",\"width\":150,\"height\":150},{\"@type\":\"BreadcrumbList\",\"@id\":\"https:\/\/www.sts-education.com\/fr-ch\/high-school\/nos-etudiants-dechange\/temoignages\/eliza-a-participe-a-un-echange-en-suede\/#breadcrumb\",\"itemListElement\":[{\"@type\":\"ListItem\",\"position\":1,\"name\":\"Home\",\"item\":\"https:\/\/www.sts-education.com\/fr-ch\/\"},{\"@type\":\"ListItem\",\"position\":2,\"name\":\"Eliza A Participe A Un Echange En Suede\"}]},{\"@type\":\"WebSite\",\"@id\":\"https:\/\/www.sts-education.com\/fr-ch\/#website\",\"url\":\"https:\/\/www.sts-education.com\/fr-ch\/\",\"name\":\"STS Education\",\"description\":\"\",\"potentialAction\":[{\"@type\":\"SearchAction\",\"target\":{\"@type\":\"EntryPoint\",\"urlTemplate\":\"https:\/\/www.sts-education.com\/fr-ch\/?s={search_term_string}\"},\"query-input\":{\"@type\":\"PropertyValueSpecification\",\"valueRequired\":true,\"valueName\":\"search_term_string\"}}],\"inLanguage\":\"fr-CH\"},{\"@type\":\"Person\",\"@id\":\"https:\/\/www.sts-education.com\/fr-ch\/#\/schema\/person\/8b82f3a2e45f020b8f296d7a85d9a97c\",\"name\":\"syncreadwrite\",\"image\":{\"@type\":\"ImageObject\",\"inLanguage\":\"fr-CH\",\"@id\":\"https:\/\/secure.gravatar.com\/avatar\/6ed1007e4f6f43f22e3df41d9fce4365533cba47fef64bb359b8e629abbc2ea6?s=96&d=mm&r=g\",\"url\":\"https:\/\/secure.gravatar.com\/avatar\/6ed1007e4f6f43f22e3df41d9fce4365533cba47fef64bb359b8e629abbc2ea6?s=96&d=mm&r=g\",\"contentUrl\":\"https:\/\/secure.gravatar.com\/avatar\/6ed1007e4f6f43f22e3df41d9fce4365533cba47fef64bb359b8e629abbc2ea6?s=96&d=mm&r=g\",\"caption\":\"syncreadwrite\"},\"url\":\"https:\/\/www.sts-education.com\/fr-ch\/author\/syncreadwrite\/\"}]}<\/script>\n<!-- \/ Yoast SEO Premium plugin. -->","yoast_head_json":{"title":"Eliza a particip\u00e9 \u00e0 un \u00e9change en Su\u00e8de","description":"Je voulais vivre une exp\u00e9rience personnelle, loin de tout ce que je consid\u00e9rais comme normal chez moi. Je voulais d\u00e9couvrir de nouvelles choses et de nouvelles cultures.","robots":{"index":"index","follow":"follow","max-snippet":"max-snippet:-1","max-image-preview":"max-image-preview:large","max-video-preview":"max-video-preview:-1"},"canonical":"https:\/\/www.sts-education.com\/fr-ch\/high-school\/nos-etudiants-dechange\/temoignages\/eliza-a-participe-a-un-echange-en-suede\/","og_locale":"fr_FR","og_type":"article","og_title":"Eliza A Participe A Un Echange En Suede","og_description":"Je voulais vivre une exp\u00e9rience personnelle, loin de tout ce que je consid\u00e9rais comme normal chez moi. Je voulais d\u00e9couvrir de nouvelles choses et de nouvelles cultures.","og_url":"https:\/\/www.sts-education.com\/fr-ch\/high-school\/nos-etudiants-dechange\/temoignages\/eliza-a-participe-a-un-echange-en-suede\/","og_site_name":"STS Education","article_published_time":"2023-04-26T10:00:00+00:00","article_modified_time":"2026-04-14T10:28:12+00:00","og_image":[{"width":150,"height":150,"url":"https:\/\/powered-by.qbank.se\/educatius\/sts\/\/03f297d7a2bf59726aeee7116dff5ffd_1-1-thumb.webp","type":"image\/jpeg"}],"author":"syncreadwrite","twitter_card":"summary_large_image","twitter_misc":{"Written by":"syncreadwrite","Est. reading time":"4 minutes"},"schema":{"@context":"https:\/\/schema.org","@graph":[{"@type":"Article","@id":"https:\/\/www.sts-education.com\/fr-ch\/high-school\/nos-etudiants-dechange\/temoignages\/eliza-a-participe-a-un-echange-en-suede\/#article","isPartOf":{"@id":"https:\/\/www.sts-education.com\/fr-ch\/high-school\/nos-etudiants-dechange\/temoignages\/eliza-a-participe-a-un-echange-en-suede\/"},"author":{"name":"syncreadwrite","@id":"https:\/\/www.sts-education.com\/fr-ch\/#\/schema\/person\/8b82f3a2e45f020b8f296d7a85d9a97c"},"headline":"Eliza A Participe A Un Echange En Suede","datePublished":"2023-04-26T10:00:00+00:00","dateModified":"2026-04-14T10:28:12+00:00","mainEntityOfPage":{"@id":"https:\/\/www.sts-education.com\/fr-ch\/high-school\/nos-etudiants-dechange\/temoignages\/eliza-a-participe-a-un-echange-en-suede\/"},"wordCount":759,"commentCount":0,"image":{"@id":"https:\/\/www.sts-education.com\/fr-ch\/high-school\/nos-etudiants-dechange\/temoignages\/eliza-a-participe-a-un-echange-en-suede\/#primaryimage"},"thumbnailUrl":"https:\/\/powered-by.qbank.se\/educatius\/sts\/\/03f297d7a2bf59726aeee7116dff5ffd_1-1-thumb.webp","keywords":["Su\u00e8de"],"articleSection":["Uncategorized @fr-ch"],"inLanguage":"fr-CH","potentialAction":[{"@type":"CommentAction","name":"Comment","target":["https:\/\/www.sts-education.com\/fr-ch\/high-school\/nos-etudiants-dechange\/temoignages\/eliza-a-participe-a-un-echange-en-suede\/#respond"]}]},{"@type":"WebPage","@id":"https:\/\/www.sts-education.com\/fr-ch\/high-school\/nos-etudiants-dechange\/temoignages\/eliza-a-participe-a-un-echange-en-suede\/","url":"https:\/\/www.sts-education.com\/fr-ch\/high-school\/nos-etudiants-dechange\/temoignages\/eliza-a-participe-a-un-echange-en-suede\/","name":"Eliza a particip\u00e9 \u00e0 un \u00e9change en Su\u00e8de","isPartOf":{"@id":"https:\/\/www.sts-education.com\/fr-ch\/#website"},"primaryImageOfPage":{"@id":"https:\/\/www.sts-education.com\/fr-ch\/high-school\/nos-etudiants-dechange\/temoignages\/eliza-a-participe-a-un-echange-en-suede\/#primaryimage"},"image":{"@id":"https:\/\/www.sts-education.com\/fr-ch\/high-school\/nos-etudiants-dechange\/temoignages\/eliza-a-participe-a-un-echange-en-suede\/#primaryimage"},"thumbnailUrl":"https:\/\/powered-by.qbank.se\/educatius\/sts\/\/03f297d7a2bf59726aeee7116dff5ffd_1-1-thumb.webp","datePublished":"2023-04-26T10:00:00+00:00","dateModified":"2026-04-14T10:28:12+00:00","author":{"@id":"https:\/\/www.sts-education.com\/fr-ch\/#\/schema\/person\/8b82f3a2e45f020b8f296d7a85d9a97c"},"description":"Je voulais vivre une exp\u00e9rience personnelle, loin de tout ce que je consid\u00e9rais comme normal chez moi. Je voulais d\u00e9couvrir de nouvelles choses et de nouvelles cultures.","breadcrumb":{"@id":"https:\/\/www.sts-education.com\/fr-ch\/high-school\/nos-etudiants-dechange\/temoignages\/eliza-a-participe-a-un-echange-en-suede\/#breadcrumb"},"inLanguage":"fr-CH","potentialAction":[{"@type":"ReadAction","target":["https:\/\/www.sts-education.com\/fr-ch\/high-school\/nos-etudiants-dechange\/temoignages\/eliza-a-participe-a-un-echange-en-suede\/"]}]},{"@type":"ImageObject","inLanguage":"fr-CH","@id":"https:\/\/www.sts-education.com\/fr-ch\/high-school\/nos-etudiants-dechange\/temoignages\/eliza-a-participe-a-un-echange-en-suede\/#primaryimage","url":"https:\/\/powered-by.qbank.se\/educatius\/sts\/\/03f297d7a2bf59726aeee7116dff5ffd_1-1-thumb.webp","contentUrl":"https:\/\/powered-by.qbank.se\/educatius\/sts\/\/03f297d7a2bf59726aeee7116dff5ffd_1-1-thumb.webp","width":150,"height":150},{"@type":"BreadcrumbList","@id":"https:\/\/www.sts-education.com\/fr-ch\/high-school\/nos-etudiants-dechange\/temoignages\/eliza-a-participe-a-un-echange-en-suede\/#breadcrumb","itemListElement":[{"@type":"ListItem","position":1,"name":"Home","item":"https:\/\/www.sts-education.com\/fr-ch\/"},{"@type":"ListItem","position":2,"name":"Eliza A Participe A Un Echange En Suede"}]},{"@type":"WebSite","@id":"https:\/\/www.sts-education.com\/fr-ch\/#website","url":"https:\/\/www.sts-education.com\/fr-ch\/","name":"STS Education","description":"","potentialAction":[{"@type":"SearchAction","target":{"@type":"EntryPoint","urlTemplate":"https:\/\/www.sts-education.com\/fr-ch\/?s={search_term_string}"},"query-input":{"@type":"PropertyValueSpecification","valueRequired":true,"valueName":"search_term_string"}}],"inLanguage":"fr-CH"},{"@type":"Person","@id":"https:\/\/www.sts-education.com\/fr-ch\/#\/schema\/person\/8b82f3a2e45f020b8f296d7a85d9a97c","name":"syncreadwrite","image":{"@type":"ImageObject","inLanguage":"fr-CH","@id":"https:\/\/secure.gravatar.com\/avatar\/6ed1007e4f6f43f22e3df41d9fce4365533cba47fef64bb359b8e629abbc2ea6?s=96&d=mm&r=g","url":"https:\/\/secure.gravatar.com\/avatar\/6ed1007e4f6f43f22e3df41d9fce4365533cba47fef64bb359b8e629abbc2ea6?s=96&d=mm&r=g","contentUrl":"https:\/\/secure.gravatar.com\/avatar\/6ed1007e4f6f43f22e3df41d9fce4365533cba47fef64bb359b8e629abbc2ea6?s=96&d=mm&r=g","caption":"syncreadwrite"},"url":"https:\/\/www.sts-education.com\/fr-ch\/author\/syncreadwrite\/"}]}},"_links":{"self":[{"href":"https:\/\/www.sts-education.com\/fr-ch\/wp-json\/wp\/v2\/posts\/12258","targetHints":{"allow":["GET"]}}],"collection":[{"href":"https:\/\/www.sts-education.com\/fr-ch\/wp-json\/wp\/v2\/posts"}],"about":[{"href":"https:\/\/www.sts-education.com\/fr-ch\/wp-json\/wp\/v2\/types\/post"}],"author":[{"embeddable":true,"href":"https:\/\/www.sts-education.com\/fr-ch\/wp-json\/wp\/v2\/users\/20"}],"replies":[{"embeddable":true,"href":"https:\/\/www.sts-education.com\/fr-ch\/wp-json\/wp\/v2\/comments?post=12258"}],"version-history":[{"count":4,"href":"https:\/\/www.sts-education.com\/fr-ch\/wp-json\/wp\/v2\/posts\/12258\/revisions"}],"predecessor-version":[{"id":34614,"href":"https:\/\/www.sts-education.com\/fr-ch\/wp-json\/wp\/v2\/posts\/12258\/revisions\/34614"}],"wp:featuredmedia":[{"embeddable":true,"href":"https:\/\/www.sts-education.com\/fr-ch\/wp-json\/wp\/v2\/media\/13593"}],"wp:attachment":[{"href":"https:\/\/www.sts-education.com\/fr-ch\/wp-json\/wp\/v2\/media?parent=12258"}],"wp:term":[{"taxonomy":"category","embeddable":true,"href":"https:\/\/www.sts-education.com\/fr-ch\/wp-json\/wp\/v2\/categories?post=12258"},{"taxonomy":"post_tag","embeddable":true,"href":"https:\/\/www.sts-education.com\/fr-ch\/wp-json\/wp\/v2\/tags?post=12258"},{"taxonomy":"wpw_post_folders","embeddable":true,"href":"https:\/\/www.sts-education.com\/fr-ch\/wp-json\/wp\/v2\/wpw_post_folders?post=12258"}],"curies":[{"name":"wp","href":"https:\/\/api.w.org\/{rel}","templated":true}]}}