{"id":12259,"date":"2023-04-26T11:00:00","date_gmt":"2023-04-26T11:00:00","guid":{"rendered":"https:\/\/preprod.sts-education.com\/blog\/2026\/03\/05\/cedric-a-passe-une-annee-a-letranger-au-canada\/"},"modified":"2026-04-14T10:28:10","modified_gmt":"2026-04-14T10:28:10","slug":"cedric-a-passe-une-annee-a-letranger-au-canada","status":"publish","type":"post","link":"https:\/\/www.sts-education.com\/fr-ch\/high-school\/nos-etudiants-dechange\/temoignages\/cedric-a-passe-une-annee-a-letranger-au-canada\/","title":{"rendered":"Cedric A Passe Une Annee A Letranger Au Canada"},"content":{"rendered":"\n<div class=\"wp-block-sts-text sts-text-editor has-max-width-md\"><div class=\"sts-text-editor__content\"><div class=\"sts-text-editor__content-inner\">\n<h1 style=\"text-align:center\">Cedric a pass\u00e9 une ann\u00e9e \u00e0 l&#x27;\u00e9tranger au Canada<\/h1>\n<\/div><\/div><\/div>\n\n\n\n<div class=\"wp-block-sts-text sts-text-editor has-max-width-md\"><div class=\"sts-text-editor__content\"><div class=\"sts-text-editor__content-inner\">\n<p><em>C\u00e9dric, originaire de Suisse, a particip\u00e9 \u00e0 un \u00e9change au Canada.<\/em><\/p>\n<h2>O\u00f9 es-tu all\u00e9 et pourquoi ?<\/h2>\n<p>Je suis all\u00e9 au Canada, principalement parce que mes parents consid\u00e9raient que c&#x27;\u00e9tait une alternative plus s\u00fbre que les \u00c9tats-Unis, o\u00f9 je voulais aller \u00e0 l&#x27;origine. Je ne regrette pas d&#x27;\u00eatre all\u00e9e au Canada. C&#x27;est tr\u00e8s similaire aux \u00c9tats-Unis.<\/p>\n<h2>Pourquoi avez-vous particip\u00e9 \u00e0 un \u00e9change ?<\/h2>\n<p>Principalement parce que je voulais d\u00e9couvrir davantage ce que le monde a \u00e0 offrir pendant que je suis encore jeune, et aussi pour am\u00e9liorer mon anglais.<\/p>\n<h2>Comment s&#x27;est d\u00e9roul\u00e9e la vie dans une famille d&#x27;accueil ?<\/h2>\n<p>C&#x27;\u00e9tait une exp\u00e9rience plut\u00f4t cool ! Si vous \u00eates proche de votre famille d&#x27;accueil, c&#x27;est comme si vous viviez dans une maison avec vos meilleurs amis. Ma famille suisse m&#x27;a cependant manqu\u00e9.<\/p>\n<h2>Comment s&#x27;est pass\u00e9e l&#x27;\u00e9cole ?<\/h2>\n<p>L&#x27;\u00e9cole \u00e9tait tr\u00e8s int\u00e9ressante. C&#x27;est beaucoup plus facile qu&#x27;en Suisse, car on peut cr\u00e9er son propre horaire en fonction de ses int\u00e9r\u00eats. Les examens ne sont pas aussi difficiles et on a plus de temps libre, ce qui permet d&#x27;explorer le pays et sa culture.<\/p>\n<h2>Qu&#x27;avez-vous fait pendant votre temps libre ? De nouveaux passe-temps ?<\/h2>\n<p>Comme je vivais assez loin, j&#x27;ai commenc\u00e9 \u00e0 faire de la randonn\u00e9e. Je faisais des promenades d&#x27;une heure dans la nature. Avec des amis, je me rendais souvent en ville pour aller au centre commercial ou au restaurant.<\/p>\n<h2>A-t-il \u00e9t\u00e9 facile\/difficile de se faire des amis ?<\/h2>\n<p>Il m&#x27;a \u00e9t\u00e9 tr\u00e8s facile de trouver des amis, car je suis une personne extravertie. Les Canadiens sont de toute fa\u00e7on tr\u00e8s amicaux, donc le fait d&#x27;aborder les gens et d&#x27;entamer des conversations a souvent permis de nouer de nouvelles amiti\u00e9s.<\/p>\n<h2>Quel a \u00e9t\u00e9 votre plus grand d\u00e9fi ? Comment l&#x27;avez-vous relev\u00e9 ?<\/h2>\n<p>L&#x27;un des grands d\u00e9fis que j&#x27;ai d\u00fb relever a \u00e9t\u00e9 de vivre dans un endroit si \u00e9loign\u00e9. Rien n&#x27;\u00e9tait vraiment accessible \u00e0 pied. La ville n&#x27;\u00e9tait qu&#x27;\u00e0 30 minutes en voiture, mais comme il n&#x27;y avait pas de transports publics, je devais toujours me faire conduire par mes amis ou ma famille d&#x27;accueil. Comme tous mes amis \u00e9taient en 12e ann\u00e9e, cela ne posait pas de probl\u00e8me car ils conduisaient tous. Mais c&#x27;\u00e9tait un peu difficile quand je suis arriv\u00e9e et que je ne m&#x27;\u00e9tais pas encore fait beaucoup d&#x27;amis. Un autre d\u00e9fi \u00e9tait le temps extr\u00eamement froid. Parfois, le temps nous bloquait pendant des jours parce que les routes \u00e9taient si mauvaises qu&#x27;il fallait annuler l&#x27;\u00e9cole.<\/p>\n<h2>Quel a \u00e9t\u00e9 le meilleur aspect de votre \u00e9change ?<\/h2>\n<p>Ce que je retiens le plus de mon ann\u00e9e d&#x27;\u00e9change, ce sont tous les amis que je me suis faits. Je suis toujours en contact avec eux et je vais leur rendre visite cet \u00e9t\u00e9.<\/p>\n<h2>Quel est ton meilleur souvenir ?<\/h2>\n<p>Mon meilleur souvenir est la f\u00eate du Canada, le 1er juillet. C&#x27;\u00e9tait la derni\u00e8re nuit que j&#x27;ai pass\u00e9e au Canada, et j&#x27;\u00e9tais avec tous mes amis pour leur dire au revoir. C&#x27;\u00e9tait incroyablement triste, mais aussi tr\u00e8s beau, car il y avait des feux d&#x27;artifice et une atmosph\u00e8re formidable.<\/p>\n<h2>Quels sont vos principaux enseignements ?<\/h2>\n<p>Ne jamais dire non \u00e0 de nouvelles exp\u00e9riences, et les adieux ne durent pas \u00e9ternellement.<\/p>\n<h2>Pouvez-vous recommander d&#x27;y aller ?<\/h2>\n<p>Oui, absolument !<\/p>\n<h2>Pourquoi devrait-on partir en \u00e9change ?<\/h2>\n<p>Pour d\u00e9couvrir davantage ce que le monde a \u00e0 offrir et pour apprendre des langues \u00e9trang\u00e8res.<\/p>\n<h2>Votre meilleur conseil ?<\/h2>\n<ol><li>N&#x27;essayez pas d&#x27;avoir une petite amie, car ce sera fini d\u00e8s que vous partirez, ce qui est in\u00e9vitable.<\/li>\n<li>Passez le plus de temps possible avec vos amis et votre famille d&#x27;accueil.<\/li>\n<li>l\u00e2che ton t\u00e9l\u00e9phone.<\/li><\/ol>\n<h2>Pourquoi avez-vous choisi STS ?<\/h2>\n<p>Parce que mes amis m&#x27;ont recommand\u00e9 STS et qu&#x27;ils proposent des \u00e9changes scolaires au Canada.<\/p>\n<h2>Avez-vous \u00e9t\u00e9 satisfait de STS ?<\/h2>\n<p>Oui, tr\u00e8s satisfait. On a toujours r\u00e9pondu \u00e0 toutes mes questions et tout a \u00e9t\u00e9 g\u00e9r\u00e9 de mani\u00e8re professionnelle.<\/p>\n<h2>Que fais-tu maintenant ?<\/h2>\n<p>Je suis toujours \u00e0 l&#x27;\u00e9cole en Suisse et j&#x27;obtiendrai mon dipl\u00f4me \u00e0 l&#x27;\u00e9t\u00e9 2024.<\/p>\n<h2>Quel sera l&#x27;impact de votre \u00e9change sur votre avenir ?<\/h2>\n<p>De plusieurs mani\u00e8res. J&#x27;ai am\u00e9lior\u00e9 mon anglais, ce qui est tr\u00e8s important pour ce que j&#x27;aimerais faire \u00e0 l&#x27;avenir. Je me suis \u00e9galement fait des amis que je garderai probablement toute ma vie. J&#x27;ai \u00e9galement gagn\u00e9 en maturit\u00e9, car je n&#x27;ai pas mes parents \u00e0 mes c\u00f4t\u00e9s en permanence.<\/p>\n<h2>Pour en savoir plus<\/h2>\n<ul><li>Lis d&#x27;autres <a href=\"https:\/\/www.sts-education.com\/fr-ch\/high-school\/nos-etudiants-dechange\/temoignages\/?hashtag=Canada\">t\u00e9moignages d&#x27;\u00e9tudiants au Canada<\/a><\/li>\n<li>En savoir plus sur un <a href=\"https:\/\/www.sts-education.com\/fr-ch\/high-school\/destinations\/amerique-du-nord\/canada\/\">\u00e9change scolaire au Canada<\/a><\/li>\n<li>Voir <a href=\"\/fr-ch\/high-school\/tripfinder\/\">toutes nos destinations d&#x27;\u00e9change scolaire<\/a><\/li><\/ul>\n<\/div><\/div><\/div>\n","protected":false},"excerpt":{"rendered":"","protected":false},"author":20,"featured_media":13595,"comment_status":"open","ping_status":"open","sticky":false,"template":"","format":"standard","meta":{"_acf_changed":false,"_yoast_wpseo_title":"Cedric a pass\u00e9 une ann\u00e9e \u00e0 l'\u00e9tranger au Canada","_yoast_wpseo_metadesc":"Je suis all\u00e9 au Canada, principalement parce que mes parents consid\u00e9raient que c'\u00e9tait une alternative plus s\u00fbre que les \u00c9tats-Unis, o\u00f9 je voulais aller \u00e0 l'origine.","footnotes":""},"categories":[297],"tags":[1052],"wpw_post_folders":[],"class_list":["post-12259","post","type-post","status-publish","format-standard","has-post-thumbnail","hentry","category-uncategorized-fr-ch","tag-canada"],"acf":[],"yoast_head":"<!-- This site is optimized with the Yoast SEO Premium plugin v27.2 (Yoast SEO v27.2) - https:\/\/yoast.com\/product\/yoast-seo-premium-wordpress\/ -->\n<title>Cedric a pass\u00e9 une ann\u00e9e \u00e0 l&#039;\u00e9tranger au Canada<\/title>\n<meta name=\"description\" content=\"Je suis all\u00e9 au Canada, principalement parce que mes parents consid\u00e9raient que c&#039;\u00e9tait une alternative plus s\u00fbre que les \u00c9tats-Unis, o\u00f9 je voulais aller \u00e0 l&#039;origine.\" \/>\n<meta name=\"robots\" content=\"index, follow, max-snippet:-1, max-image-preview:large, max-video-preview:-1\" \/>\n<link rel=\"canonical\" href=\"https:\/\/www.sts-education.com\/fr-ch\/high-school\/nos-etudiants-dechange\/temoignages\/cedric-a-passe-une-annee-a-letranger-au-canada\/\" \/>\n<meta property=\"og:locale\" content=\"fr_FR\" \/>\n<meta property=\"og:type\" content=\"article\" \/>\n<meta property=\"og:title\" content=\"Cedric A Passe Une Annee A Letranger Au Canada\" \/>\n<meta property=\"og:description\" content=\"Je suis all\u00e9 au Canada, principalement parce que mes parents consid\u00e9raient que c&#039;\u00e9tait une alternative plus s\u00fbre que les \u00c9tats-Unis, o\u00f9 je voulais aller \u00e0 l&#039;origine.\" \/>\n<meta property=\"og:url\" content=\"https:\/\/www.sts-education.com\/fr-ch\/high-school\/nos-etudiants-dechange\/temoignages\/cedric-a-passe-une-annee-a-letranger-au-canada\/\" \/>\n<meta property=\"og:site_name\" content=\"STS Education\" \/>\n<meta property=\"article:published_time\" content=\"2023-04-26T11:00:00+00:00\" \/>\n<meta property=\"article:modified_time\" content=\"2026-04-14T10:28:10+00:00\" \/>\n<meta property=\"og:image\" content=\"https:\/\/powered-by.qbank.se\/educatius\/sts\/\/3d2c58b49ad56f76a00a991fdb283798_1-1-thumb.webp\" \/>\n\t<meta property=\"og:image:width\" content=\"150\" \/>\n\t<meta property=\"og:image:height\" content=\"150\" \/>\n\t<meta property=\"og:image:type\" content=\"image\/jpeg\" \/>\n<meta name=\"author\" content=\"syncreadwrite\" \/>\n<meta name=\"twitter:card\" content=\"summary_large_image\" \/>\n<meta name=\"twitter:label1\" content=\"Written by\" \/>\n\t<meta name=\"twitter:data1\" content=\"syncreadwrite\" \/>\n\t<meta name=\"twitter:label2\" content=\"Est. reading time\" \/>\n\t<meta name=\"twitter:data2\" content=\"4 minutes\" \/>\n<script type=\"application\/ld+json\" class=\"yoast-schema-graph\">{\"@context\":\"https:\/\/schema.org\",\"@graph\":[{\"@type\":\"Article\",\"@id\":\"https:\/\/www.sts-education.com\/fr-ch\/high-school\/nos-etudiants-dechange\/temoignages\/cedric-a-passe-une-annee-a-letranger-au-canada\/#article\",\"isPartOf\":{\"@id\":\"https:\/\/www.sts-education.com\/fr-ch\/high-school\/nos-etudiants-dechange\/temoignages\/cedric-a-passe-une-annee-a-letranger-au-canada\/\"},\"author\":{\"name\":\"syncreadwrite\",\"@id\":\"https:\/\/www.sts-education.com\/fr-ch\/#\/schema\/person\/8b82f3a2e45f020b8f296d7a85d9a97c\"},\"headline\":\"Cedric A Passe Une Annee A Letranger Au Canada\",\"datePublished\":\"2023-04-26T11:00:00+00:00\",\"dateModified\":\"2026-04-14T10:28:10+00:00\",\"mainEntityOfPage\":{\"@id\":\"https:\/\/www.sts-education.com\/fr-ch\/high-school\/nos-etudiants-dechange\/temoignages\/cedric-a-passe-une-annee-a-letranger-au-canada\/\"},\"wordCount\":901,\"commentCount\":0,\"image\":{\"@id\":\"https:\/\/www.sts-education.com\/fr-ch\/high-school\/nos-etudiants-dechange\/temoignages\/cedric-a-passe-une-annee-a-letranger-au-canada\/#primaryimage\"},\"thumbnailUrl\":\"https:\/\/powered-by.qbank.se\/educatius\/sts\/\/3d2c58b49ad56f76a00a991fdb283798_1-1-thumb.webp\",\"keywords\":[\"Canada\"],\"articleSection\":[\"Uncategorized @fr-ch\"],\"inLanguage\":\"fr-CH\",\"potentialAction\":[{\"@type\":\"CommentAction\",\"name\":\"Comment\",\"target\":[\"https:\/\/www.sts-education.com\/fr-ch\/high-school\/nos-etudiants-dechange\/temoignages\/cedric-a-passe-une-annee-a-letranger-au-canada\/#respond\"]}]},{\"@type\":\"WebPage\",\"@id\":\"https:\/\/www.sts-education.com\/fr-ch\/high-school\/nos-etudiants-dechange\/temoignages\/cedric-a-passe-une-annee-a-letranger-au-canada\/\",\"url\":\"https:\/\/www.sts-education.com\/fr-ch\/high-school\/nos-etudiants-dechange\/temoignages\/cedric-a-passe-une-annee-a-letranger-au-canada\/\",\"name\":\"Cedric a pass\u00e9 une ann\u00e9e \u00e0 l'\u00e9tranger au Canada\",\"isPartOf\":{\"@id\":\"https:\/\/www.sts-education.com\/fr-ch\/#website\"},\"primaryImageOfPage\":{\"@id\":\"https:\/\/www.sts-education.com\/fr-ch\/high-school\/nos-etudiants-dechange\/temoignages\/cedric-a-passe-une-annee-a-letranger-au-canada\/#primaryimage\"},\"image\":{\"@id\":\"https:\/\/www.sts-education.com\/fr-ch\/high-school\/nos-etudiants-dechange\/temoignages\/cedric-a-passe-une-annee-a-letranger-au-canada\/#primaryimage\"},\"thumbnailUrl\":\"https:\/\/powered-by.qbank.se\/educatius\/sts\/\/3d2c58b49ad56f76a00a991fdb283798_1-1-thumb.webp\",\"datePublished\":\"2023-04-26T11:00:00+00:00\",\"dateModified\":\"2026-04-14T10:28:10+00:00\",\"author\":{\"@id\":\"https:\/\/www.sts-education.com\/fr-ch\/#\/schema\/person\/8b82f3a2e45f020b8f296d7a85d9a97c\"},\"description\":\"Je suis all\u00e9 au Canada, principalement parce que mes parents consid\u00e9raient que c'\u00e9tait une alternative plus s\u00fbre que les \u00c9tats-Unis, o\u00f9 je voulais aller \u00e0 l'origine.\",\"breadcrumb\":{\"@id\":\"https:\/\/www.sts-education.com\/fr-ch\/high-school\/nos-etudiants-dechange\/temoignages\/cedric-a-passe-une-annee-a-letranger-au-canada\/#breadcrumb\"},\"inLanguage\":\"fr-CH\",\"potentialAction\":[{\"@type\":\"ReadAction\",\"target\":[\"https:\/\/www.sts-education.com\/fr-ch\/high-school\/nos-etudiants-dechange\/temoignages\/cedric-a-passe-une-annee-a-letranger-au-canada\/\"]}]},{\"@type\":\"ImageObject\",\"inLanguage\":\"fr-CH\",\"@id\":\"https:\/\/www.sts-education.com\/fr-ch\/high-school\/nos-etudiants-dechange\/temoignages\/cedric-a-passe-une-annee-a-letranger-au-canada\/#primaryimage\",\"url\":\"https:\/\/powered-by.qbank.se\/educatius\/sts\/\/3d2c58b49ad56f76a00a991fdb283798_1-1-thumb.webp\",\"contentUrl\":\"https:\/\/powered-by.qbank.se\/educatius\/sts\/\/3d2c58b49ad56f76a00a991fdb283798_1-1-thumb.webp\",\"width\":150,\"height\":150},{\"@type\":\"BreadcrumbList\",\"@id\":\"https:\/\/www.sts-education.com\/fr-ch\/high-school\/nos-etudiants-dechange\/temoignages\/cedric-a-passe-une-annee-a-letranger-au-canada\/#breadcrumb\",\"itemListElement\":[{\"@type\":\"ListItem\",\"position\":1,\"name\":\"Home\",\"item\":\"https:\/\/www.sts-education.com\/fr-ch\/\"},{\"@type\":\"ListItem\",\"position\":2,\"name\":\"Cedric A Passe Une Annee A Letranger Au Canada\"}]},{\"@type\":\"WebSite\",\"@id\":\"https:\/\/www.sts-education.com\/fr-ch\/#website\",\"url\":\"https:\/\/www.sts-education.com\/fr-ch\/\",\"name\":\"STS Education\",\"description\":\"\",\"potentialAction\":[{\"@type\":\"SearchAction\",\"target\":{\"@type\":\"EntryPoint\",\"urlTemplate\":\"https:\/\/www.sts-education.com\/fr-ch\/?s={search_term_string}\"},\"query-input\":{\"@type\":\"PropertyValueSpecification\",\"valueRequired\":true,\"valueName\":\"search_term_string\"}}],\"inLanguage\":\"fr-CH\"},{\"@type\":\"Person\",\"@id\":\"https:\/\/www.sts-education.com\/fr-ch\/#\/schema\/person\/8b82f3a2e45f020b8f296d7a85d9a97c\",\"name\":\"syncreadwrite\",\"image\":{\"@type\":\"ImageObject\",\"inLanguage\":\"fr-CH\",\"@id\":\"https:\/\/secure.gravatar.com\/avatar\/6ed1007e4f6f43f22e3df41d9fce4365533cba47fef64bb359b8e629abbc2ea6?s=96&d=mm&r=g\",\"url\":\"https:\/\/secure.gravatar.com\/avatar\/6ed1007e4f6f43f22e3df41d9fce4365533cba47fef64bb359b8e629abbc2ea6?s=96&d=mm&r=g\",\"contentUrl\":\"https:\/\/secure.gravatar.com\/avatar\/6ed1007e4f6f43f22e3df41d9fce4365533cba47fef64bb359b8e629abbc2ea6?s=96&d=mm&r=g\",\"caption\":\"syncreadwrite\"},\"url\":\"https:\/\/www.sts-education.com\/fr-ch\/author\/syncreadwrite\/\"}]}<\/script>\n<!-- \/ Yoast SEO Premium plugin. -->","yoast_head_json":{"title":"Cedric a pass\u00e9 une ann\u00e9e \u00e0 l'\u00e9tranger au Canada","description":"Je suis all\u00e9 au Canada, principalement parce que mes parents consid\u00e9raient que c'\u00e9tait une alternative plus s\u00fbre que les \u00c9tats-Unis, o\u00f9 je voulais aller \u00e0 l'origine.","robots":{"index":"index","follow":"follow","max-snippet":"max-snippet:-1","max-image-preview":"max-image-preview:large","max-video-preview":"max-video-preview:-1"},"canonical":"https:\/\/www.sts-education.com\/fr-ch\/high-school\/nos-etudiants-dechange\/temoignages\/cedric-a-passe-une-annee-a-letranger-au-canada\/","og_locale":"fr_FR","og_type":"article","og_title":"Cedric A Passe Une Annee A Letranger Au Canada","og_description":"Je suis all\u00e9 au Canada, principalement parce que mes parents consid\u00e9raient que c'\u00e9tait une alternative plus s\u00fbre que les \u00c9tats-Unis, o\u00f9 je voulais aller \u00e0 l'origine.","og_url":"https:\/\/www.sts-education.com\/fr-ch\/high-school\/nos-etudiants-dechange\/temoignages\/cedric-a-passe-une-annee-a-letranger-au-canada\/","og_site_name":"STS Education","article_published_time":"2023-04-26T11:00:00+00:00","article_modified_time":"2026-04-14T10:28:10+00:00","og_image":[{"width":150,"height":150,"url":"https:\/\/powered-by.qbank.se\/educatius\/sts\/\/3d2c58b49ad56f76a00a991fdb283798_1-1-thumb.webp","type":"image\/jpeg"}],"author":"syncreadwrite","twitter_card":"summary_large_image","twitter_misc":{"Written by":"syncreadwrite","Est. reading time":"4 minutes"},"schema":{"@context":"https:\/\/schema.org","@graph":[{"@type":"Article","@id":"https:\/\/www.sts-education.com\/fr-ch\/high-school\/nos-etudiants-dechange\/temoignages\/cedric-a-passe-une-annee-a-letranger-au-canada\/#article","isPartOf":{"@id":"https:\/\/www.sts-education.com\/fr-ch\/high-school\/nos-etudiants-dechange\/temoignages\/cedric-a-passe-une-annee-a-letranger-au-canada\/"},"author":{"name":"syncreadwrite","@id":"https:\/\/www.sts-education.com\/fr-ch\/#\/schema\/person\/8b82f3a2e45f020b8f296d7a85d9a97c"},"headline":"Cedric A Passe Une Annee A Letranger Au Canada","datePublished":"2023-04-26T11:00:00+00:00","dateModified":"2026-04-14T10:28:10+00:00","mainEntityOfPage":{"@id":"https:\/\/www.sts-education.com\/fr-ch\/high-school\/nos-etudiants-dechange\/temoignages\/cedric-a-passe-une-annee-a-letranger-au-canada\/"},"wordCount":901,"commentCount":0,"image":{"@id":"https:\/\/www.sts-education.com\/fr-ch\/high-school\/nos-etudiants-dechange\/temoignages\/cedric-a-passe-une-annee-a-letranger-au-canada\/#primaryimage"},"thumbnailUrl":"https:\/\/powered-by.qbank.se\/educatius\/sts\/\/3d2c58b49ad56f76a00a991fdb283798_1-1-thumb.webp","keywords":["Canada"],"articleSection":["Uncategorized @fr-ch"],"inLanguage":"fr-CH","potentialAction":[{"@type":"CommentAction","name":"Comment","target":["https:\/\/www.sts-education.com\/fr-ch\/high-school\/nos-etudiants-dechange\/temoignages\/cedric-a-passe-une-annee-a-letranger-au-canada\/#respond"]}]},{"@type":"WebPage","@id":"https:\/\/www.sts-education.com\/fr-ch\/high-school\/nos-etudiants-dechange\/temoignages\/cedric-a-passe-une-annee-a-letranger-au-canada\/","url":"https:\/\/www.sts-education.com\/fr-ch\/high-school\/nos-etudiants-dechange\/temoignages\/cedric-a-passe-une-annee-a-letranger-au-canada\/","name":"Cedric a pass\u00e9 une ann\u00e9e \u00e0 l'\u00e9tranger au Canada","isPartOf":{"@id":"https:\/\/www.sts-education.com\/fr-ch\/#website"},"primaryImageOfPage":{"@id":"https:\/\/www.sts-education.com\/fr-ch\/high-school\/nos-etudiants-dechange\/temoignages\/cedric-a-passe-une-annee-a-letranger-au-canada\/#primaryimage"},"image":{"@id":"https:\/\/www.sts-education.com\/fr-ch\/high-school\/nos-etudiants-dechange\/temoignages\/cedric-a-passe-une-annee-a-letranger-au-canada\/#primaryimage"},"thumbnailUrl":"https:\/\/powered-by.qbank.se\/educatius\/sts\/\/3d2c58b49ad56f76a00a991fdb283798_1-1-thumb.webp","datePublished":"2023-04-26T11:00:00+00:00","dateModified":"2026-04-14T10:28:10+00:00","author":{"@id":"https:\/\/www.sts-education.com\/fr-ch\/#\/schema\/person\/8b82f3a2e45f020b8f296d7a85d9a97c"},"description":"Je suis all\u00e9 au Canada, principalement parce que mes parents consid\u00e9raient que c'\u00e9tait une alternative plus s\u00fbre que les \u00c9tats-Unis, o\u00f9 je voulais aller \u00e0 l'origine.","breadcrumb":{"@id":"https:\/\/www.sts-education.com\/fr-ch\/high-school\/nos-etudiants-dechange\/temoignages\/cedric-a-passe-une-annee-a-letranger-au-canada\/#breadcrumb"},"inLanguage":"fr-CH","potentialAction":[{"@type":"ReadAction","target":["https:\/\/www.sts-education.com\/fr-ch\/high-school\/nos-etudiants-dechange\/temoignages\/cedric-a-passe-une-annee-a-letranger-au-canada\/"]}]},{"@type":"ImageObject","inLanguage":"fr-CH","@id":"https:\/\/www.sts-education.com\/fr-ch\/high-school\/nos-etudiants-dechange\/temoignages\/cedric-a-passe-une-annee-a-letranger-au-canada\/#primaryimage","url":"https:\/\/powered-by.qbank.se\/educatius\/sts\/\/3d2c58b49ad56f76a00a991fdb283798_1-1-thumb.webp","contentUrl":"https:\/\/powered-by.qbank.se\/educatius\/sts\/\/3d2c58b49ad56f76a00a991fdb283798_1-1-thumb.webp","width":150,"height":150},{"@type":"BreadcrumbList","@id":"https:\/\/www.sts-education.com\/fr-ch\/high-school\/nos-etudiants-dechange\/temoignages\/cedric-a-passe-une-annee-a-letranger-au-canada\/#breadcrumb","itemListElement":[{"@type":"ListItem","position":1,"name":"Home","item":"https:\/\/www.sts-education.com\/fr-ch\/"},{"@type":"ListItem","position":2,"name":"Cedric A Passe Une Annee A Letranger Au Canada"}]},{"@type":"WebSite","@id":"https:\/\/www.sts-education.com\/fr-ch\/#website","url":"https:\/\/www.sts-education.com\/fr-ch\/","name":"STS Education","description":"","potentialAction":[{"@type":"SearchAction","target":{"@type":"EntryPoint","urlTemplate":"https:\/\/www.sts-education.com\/fr-ch\/?s={search_term_string}"},"query-input":{"@type":"PropertyValueSpecification","valueRequired":true,"valueName":"search_term_string"}}],"inLanguage":"fr-CH"},{"@type":"Person","@id":"https:\/\/www.sts-education.com\/fr-ch\/#\/schema\/person\/8b82f3a2e45f020b8f296d7a85d9a97c","name":"syncreadwrite","image":{"@type":"ImageObject","inLanguage":"fr-CH","@id":"https:\/\/secure.gravatar.com\/avatar\/6ed1007e4f6f43f22e3df41d9fce4365533cba47fef64bb359b8e629abbc2ea6?s=96&d=mm&r=g","url":"https:\/\/secure.gravatar.com\/avatar\/6ed1007e4f6f43f22e3df41d9fce4365533cba47fef64bb359b8e629abbc2ea6?s=96&d=mm&r=g","contentUrl":"https:\/\/secure.gravatar.com\/avatar\/6ed1007e4f6f43f22e3df41d9fce4365533cba47fef64bb359b8e629abbc2ea6?s=96&d=mm&r=g","caption":"syncreadwrite"},"url":"https:\/\/www.sts-education.com\/fr-ch\/author\/syncreadwrite\/"}]}},"_links":{"self":[{"href":"https:\/\/www.sts-education.com\/fr-ch\/wp-json\/wp\/v2\/posts\/12259","targetHints":{"allow":["GET"]}}],"collection":[{"href":"https:\/\/www.sts-education.com\/fr-ch\/wp-json\/wp\/v2\/posts"}],"about":[{"href":"https:\/\/www.sts-education.com\/fr-ch\/wp-json\/wp\/v2\/types\/post"}],"author":[{"embeddable":true,"href":"https:\/\/www.sts-education.com\/fr-ch\/wp-json\/wp\/v2\/users\/20"}],"replies":[{"embeddable":true,"href":"https:\/\/www.sts-education.com\/fr-ch\/wp-json\/wp\/v2\/comments?post=12259"}],"version-history":[{"count":4,"href":"https:\/\/www.sts-education.com\/fr-ch\/wp-json\/wp\/v2\/posts\/12259\/revisions"}],"predecessor-version":[{"id":34613,"href":"https:\/\/www.sts-education.com\/fr-ch\/wp-json\/wp\/v2\/posts\/12259\/revisions\/34613"}],"wp:featuredmedia":[{"embeddable":true,"href":"https:\/\/www.sts-education.com\/fr-ch\/wp-json\/wp\/v2\/media\/13595"}],"wp:attachment":[{"href":"https:\/\/www.sts-education.com\/fr-ch\/wp-json\/wp\/v2\/media?parent=12259"}],"wp:term":[{"taxonomy":"category","embeddable":true,"href":"https:\/\/www.sts-education.com\/fr-ch\/wp-json\/wp\/v2\/categories?post=12259"},{"taxonomy":"post_tag","embeddable":true,"href":"https:\/\/www.sts-education.com\/fr-ch\/wp-json\/wp\/v2\/tags?post=12259"},{"taxonomy":"wpw_post_folders","embeddable":true,"href":"https:\/\/www.sts-education.com\/fr-ch\/wp-json\/wp\/v2\/wpw_post_folders?post=12259"}],"curies":[{"name":"wp","href":"https:\/\/api.w.org\/{rel}","templated":true}]}}