{"id":12262,"date":"2023-03-30T12:00:00","date_gmt":"2023-03-30T10:00:00","guid":{"rendered":"https:\/\/preprod.sts-education.com\/blog\/2026\/03\/05\/johan-est-parti-etudier-au-japon\/"},"modified":"2026-04-14T10:28:22","modified_gmt":"2026-04-14T10:28:22","slug":"johan-est-parti-etudier-au-japon","status":"publish","type":"post","link":"https:\/\/www.sts-education.com\/fr-ch\/high-school\/nos-etudiants-dechange\/temoignages\/johan-est-parti-etudier-au-japon\/","title":{"rendered":"Johan Est Parti Etudier Au Japon"},"content":{"rendered":"\n<div class=\"wp-block-sts-text sts-text-editor has-max-width-md\"><div class=\"sts-text-editor__content\"><div class=\"sts-text-editor__content-inner\">\n<h1 style=\"text-align:center\">Johan est parti \u00e9tudier au Japon<\/h1>\n<\/div><\/div><\/div>\n\n\n\n<div class=\"wp-block-sts-text sts-text-editor has-max-width-md\"><div class=\"sts-text-editor__content\"><div class=\"sts-text-editor__content-inner\">\n<p><em>Johan, norv\u00e9gien, participe \u00e0 un \u00e9change scolaire \u00e0 Tokyo, au Japon. Voici son histoire.<\/em><\/p>\n<h2>Je ne m\u2019attendais pas \u00e0 comprendre aussi bien<\/h2>\n<p>J\u2019ai quitt\u00e9 la Norv\u00e8ge avec une vague id\u00e9e de ce que j\u2019allais pouvoir apprendre et vivre. D\u2019autres \u00e9l\u00e8ves d\u2019\u00e9changes nous avaient dit qu\u2019on s\u2019\u00e9panouissait et qu\u2019on se faisait plein d\u2019amis, mais je ne pensais pas comprendre \u00e0 ce point la culture japonaise, les gens, et moi-m\u00eame. Je me suis d\u00e9velopp\u00e9 personnellement, j\u2019ai appris et v\u00e9cu plus de choses ces 6 derniers mois qu\u2019en 3 ans \u00e0 la maison. Jusqu\u2019\u00e0 cette \u00e9tape de mon s\u00e9jour, j\u2019ai partag\u00e9 des centaines de souvenirs incroyables, des bons, des mauvais, et d\u2019autres tristes, avec des gens que je n\u2019oublierai jamais. Je me suis fait des amis pour la vie, des gens que j\u2019estime aujourd\u2019hui faire partie de ma famille.<\/p>\n<h2>Les Japonais ont v\u00e9ritablement chang\u00e9 ma fa\u00e7on de penser<\/h2>\n<p>Quand je suis arriv\u00e9 au Japon, je me suis promis d\u2019essayer de sortir de ma zone de confort. Chaque jour, je sors pour visiter un restaurant nouveau et diff\u00e9rent ou un grand monument, pour rencontrer des gens ou faire de petits boulots comme prof d\u2019anglais, travailler chez un vigneron ou donner un coup de main pour un festival japonais. Les Japonais ont v\u00e9ritablement chang\u00e9 ma fa\u00e7on de penser \u00e0 plusieurs \u00e9gards : leur conception du bonheur, de l\u2019\u00e9cole, de la libert\u00e9 et de l\u2019interaction avec les autres, et j\u2019en passe, est absolument fascinante et m\u2019a totalement chang\u00e9. Bien s\u00fbr, ce n\u2019est pas toujours facile de vivre seul dans un pays \u00e9tranger, et j\u2019ai travers\u00e9 de nombreux moments difficiles. Mais \u00e0 force de patience et de soutien, j\u2019ai fait mon chemin et cela m\u2019a permis d\u2019avancer.<\/p>\n<p>Les gens d\u2019autres cultures ne pensent pas comme nous. Si je dois donner un conseil aux futurs \u00e9l\u00e8ves d\u2019\u00e9changes, ce serait \u00ab apprenez \u00e0 comprendre cette fa\u00e7on de penser, apprenez \u00e0 conna\u00eetre l\u2019autre, les humains, et vous grandirez \u00e9norm\u00e9ment \u00bb.<\/p>\n<h2>Je suis tellement content de participer \u00e0 cet \u00e9change<\/h2>\n<p>Si je pouvais remonter deux ans en arri\u00e8re et qu\u2019on me disait qu\u2019aujourd\u2019hui je serais en \u00e9change au Japon, vivant l\u2019aventure de ma vie, parlant japonais, ayant des amis incroyables, poursuivant un r\u00eave, que je fais de mon mieux pour r\u00e9ussir, avec une profonde gratitude et de l\u2019amour pour ma famille et mes amis, je n\u2019en croirais pas un mot. Je suis tellement content d\u2019avoir \u00e9t\u00e9 capable de participer \u00e0 cet \u00e9change. C\u2019est un endroit fascinant sur Terre, avec une culture, une fa\u00e7on de penser et une langue totalement diff\u00e9rentes de la mienne, qui a am\u00e9lior\u00e9 ma vie au mieux. Je suis tellement reconnaissant !<\/p>\n<h2>Pour en savoir plus<\/h2>\n<ul><li>Lis d&#x27;autres <a href=\"https:\/\/www.sts-education.com\/fr-ch\/high-school\/nos-etudiants-dechange\/temoignages\/?hashtag=Japon\">t\u00e9moignages d&#x27;\u00e9tudiants au Japon<\/a><\/li>\n<li>En savoir plus sur un <a href=\"https:\/\/www.sts-education.com\/fr-ch\/high-school\/destinations\/asie\/japon\/\">\u00e9change scolaire au Japon<\/a><\/li>\n<li>Voir <a href=\"\/fr-ch\/high-school\/tripfinder\/\">toutes nos destinations d&#x27;\u00e9change scolaire<\/a><\/li><\/ul>\n<\/div><\/div><\/div>\n","protected":false},"excerpt":{"rendered":"","protected":false},"author":20,"featured_media":13601,"comment_status":"open","ping_status":"open","sticky":false,"template":"","format":"standard","meta":{"_acf_changed":false,"_yoast_wpseo_title":"Johan est parti \u00e9tudier au Japon","_yoast_wpseo_metadesc":"D\u2019autres \u00e9l\u00e8ves d\u2019\u00e9changes nous avaient dit qu\u2019on s\u2019\u00e9panouissait et qu\u2019on se faisait plein d\u2019amis, mais je ne pensais pas comprendre \u00e0 ce point la culture japonaise, les gens, et moi-m\u00eame.","footnotes":""},"categories":[297],"tags":[1061],"wpw_post_folders":[],"class_list":["post-12262","post","type-post","status-publish","format-standard","has-post-thumbnail","hentry","category-uncategorized-fr-ch","tag-japon"],"acf":[],"yoast_head":"<!-- This site is optimized with the Yoast SEO Premium plugin v27.2 (Yoast SEO v27.2) - https:\/\/yoast.com\/product\/yoast-seo-premium-wordpress\/ -->\n<title>Johan est parti \u00e9tudier au Japon<\/title>\n<meta name=\"description\" content=\"D\u2019autres \u00e9l\u00e8ves d\u2019\u00e9changes nous avaient dit qu\u2019on s\u2019\u00e9panouissait et qu\u2019on se faisait plein d\u2019amis, mais je ne pensais pas comprendre \u00e0 ce point la culture japonaise, les gens, et moi-m\u00eame.\" \/>\n<meta name=\"robots\" content=\"index, follow, max-snippet:-1, max-image-preview:large, max-video-preview:-1\" \/>\n<link rel=\"canonical\" href=\"https:\/\/www.sts-education.com\/fr-ch\/high-school\/nos-etudiants-dechange\/temoignages\/johan-est-parti-etudier-au-japon\/\" \/>\n<meta property=\"og:locale\" content=\"fr_FR\" \/>\n<meta property=\"og:type\" content=\"article\" \/>\n<meta property=\"og:title\" content=\"Johan Est Parti Etudier Au Japon\" \/>\n<meta property=\"og:description\" content=\"D\u2019autres \u00e9l\u00e8ves d\u2019\u00e9changes nous avaient dit qu\u2019on s\u2019\u00e9panouissait et qu\u2019on se faisait plein d\u2019amis, mais je ne pensais pas comprendre \u00e0 ce point la culture japonaise, les gens, et moi-m\u00eame.\" \/>\n<meta property=\"og:url\" content=\"https:\/\/www.sts-education.com\/fr-ch\/high-school\/nos-etudiants-dechange\/temoignages\/johan-est-parti-etudier-au-japon\/\" \/>\n<meta property=\"og:site_name\" content=\"STS Education\" \/>\n<meta property=\"article:published_time\" content=\"2023-03-30T10:00:00+00:00\" \/>\n<meta property=\"article:modified_time\" content=\"2026-04-14T10:28:22+00:00\" \/>\n<meta property=\"og:image\" content=\"https:\/\/powered-by.qbank.se\/educatius\/sts\/\/d668b2ff5c6d1765a4a8eaa31e665e8d_1-1-thumb.webp\" \/>\n\t<meta property=\"og:image:width\" content=\"150\" \/>\n\t<meta property=\"og:image:height\" content=\"150\" \/>\n\t<meta property=\"og:image:type\" content=\"image\/jpeg\" \/>\n<meta name=\"author\" content=\"syncreadwrite\" \/>\n<meta name=\"twitter:card\" content=\"summary_large_image\" \/>\n<meta name=\"twitter:label1\" content=\"Written by\" \/>\n\t<meta name=\"twitter:data1\" content=\"syncreadwrite\" \/>\n\t<meta name=\"twitter:label2\" content=\"Est. reading time\" \/>\n\t<meta name=\"twitter:data2\" content=\"3 minutes\" \/>\n<script type=\"application\/ld+json\" class=\"yoast-schema-graph\">{\"@context\":\"https:\/\/schema.org\",\"@graph\":[{\"@type\":\"Article\",\"@id\":\"https:\/\/www.sts-education.com\/fr-ch\/high-school\/nos-etudiants-dechange\/temoignages\/johan-est-parti-etudier-au-japon\/#article\",\"isPartOf\":{\"@id\":\"https:\/\/www.sts-education.com\/fr-ch\/high-school\/nos-etudiants-dechange\/temoignages\/johan-est-parti-etudier-au-japon\/\"},\"author\":{\"name\":\"syncreadwrite\",\"@id\":\"https:\/\/www.sts-education.com\/fr-ch\/#\/schema\/person\/8b82f3a2e45f020b8f296d7a85d9a97c\"},\"headline\":\"Johan Est Parti Etudier Au Japon\",\"datePublished\":\"2023-03-30T10:00:00+00:00\",\"dateModified\":\"2026-04-14T10:28:22+00:00\",\"mainEntityOfPage\":{\"@id\":\"https:\/\/www.sts-education.com\/fr-ch\/high-school\/nos-etudiants-dechange\/temoignages\/johan-est-parti-etudier-au-japon\/\"},\"wordCount\":523,\"commentCount\":0,\"image\":{\"@id\":\"https:\/\/www.sts-education.com\/fr-ch\/high-school\/nos-etudiants-dechange\/temoignages\/johan-est-parti-etudier-au-japon\/#primaryimage\"},\"thumbnailUrl\":\"https:\/\/powered-by.qbank.se\/educatius\/sts\/\/d668b2ff5c6d1765a4a8eaa31e665e8d_1-1-thumb.webp\",\"keywords\":[\"Japon\"],\"articleSection\":[\"Uncategorized @fr-ch\"],\"inLanguage\":\"fr-CH\",\"potentialAction\":[{\"@type\":\"CommentAction\",\"name\":\"Comment\",\"target\":[\"https:\/\/www.sts-education.com\/fr-ch\/high-school\/nos-etudiants-dechange\/temoignages\/johan-est-parti-etudier-au-japon\/#respond\"]}]},{\"@type\":\"WebPage\",\"@id\":\"https:\/\/www.sts-education.com\/fr-ch\/high-school\/nos-etudiants-dechange\/temoignages\/johan-est-parti-etudier-au-japon\/\",\"url\":\"https:\/\/www.sts-education.com\/fr-ch\/high-school\/nos-etudiants-dechange\/temoignages\/johan-est-parti-etudier-au-japon\/\",\"name\":\"Johan est parti \u00e9tudier au Japon\",\"isPartOf\":{\"@id\":\"https:\/\/www.sts-education.com\/fr-ch\/#website\"},\"primaryImageOfPage\":{\"@id\":\"https:\/\/www.sts-education.com\/fr-ch\/high-school\/nos-etudiants-dechange\/temoignages\/johan-est-parti-etudier-au-japon\/#primaryimage\"},\"image\":{\"@id\":\"https:\/\/www.sts-education.com\/fr-ch\/high-school\/nos-etudiants-dechange\/temoignages\/johan-est-parti-etudier-au-japon\/#primaryimage\"},\"thumbnailUrl\":\"https:\/\/powered-by.qbank.se\/educatius\/sts\/\/d668b2ff5c6d1765a4a8eaa31e665e8d_1-1-thumb.webp\",\"datePublished\":\"2023-03-30T10:00:00+00:00\",\"dateModified\":\"2026-04-14T10:28:22+00:00\",\"author\":{\"@id\":\"https:\/\/www.sts-education.com\/fr-ch\/#\/schema\/person\/8b82f3a2e45f020b8f296d7a85d9a97c\"},\"description\":\"D\u2019autres \u00e9l\u00e8ves d\u2019\u00e9changes nous avaient dit qu\u2019on s\u2019\u00e9panouissait et qu\u2019on se faisait plein d\u2019amis, mais je ne pensais pas comprendre \u00e0 ce point la culture japonaise, les gens, et moi-m\u00eame.\",\"breadcrumb\":{\"@id\":\"https:\/\/www.sts-education.com\/fr-ch\/high-school\/nos-etudiants-dechange\/temoignages\/johan-est-parti-etudier-au-japon\/#breadcrumb\"},\"inLanguage\":\"fr-CH\",\"potentialAction\":[{\"@type\":\"ReadAction\",\"target\":[\"https:\/\/www.sts-education.com\/fr-ch\/high-school\/nos-etudiants-dechange\/temoignages\/johan-est-parti-etudier-au-japon\/\"]}]},{\"@type\":\"ImageObject\",\"inLanguage\":\"fr-CH\",\"@id\":\"https:\/\/www.sts-education.com\/fr-ch\/high-school\/nos-etudiants-dechange\/temoignages\/johan-est-parti-etudier-au-japon\/#primaryimage\",\"url\":\"https:\/\/powered-by.qbank.se\/educatius\/sts\/\/d668b2ff5c6d1765a4a8eaa31e665e8d_1-1-thumb.webp\",\"contentUrl\":\"https:\/\/powered-by.qbank.se\/educatius\/sts\/\/d668b2ff5c6d1765a4a8eaa31e665e8d_1-1-thumb.webp\",\"width\":150,\"height\":150},{\"@type\":\"BreadcrumbList\",\"@id\":\"https:\/\/www.sts-education.com\/fr-ch\/high-school\/nos-etudiants-dechange\/temoignages\/johan-est-parti-etudier-au-japon\/#breadcrumb\",\"itemListElement\":[{\"@type\":\"ListItem\",\"position\":1,\"name\":\"Home\",\"item\":\"https:\/\/www.sts-education.com\/fr-ch\/\"},{\"@type\":\"ListItem\",\"position\":2,\"name\":\"Johan Est Parti Etudier Au Japon\"}]},{\"@type\":\"WebSite\",\"@id\":\"https:\/\/www.sts-education.com\/fr-ch\/#website\",\"url\":\"https:\/\/www.sts-education.com\/fr-ch\/\",\"name\":\"STS Education\",\"description\":\"\",\"potentialAction\":[{\"@type\":\"SearchAction\",\"target\":{\"@type\":\"EntryPoint\",\"urlTemplate\":\"https:\/\/www.sts-education.com\/fr-ch\/?s={search_term_string}\"},\"query-input\":{\"@type\":\"PropertyValueSpecification\",\"valueRequired\":true,\"valueName\":\"search_term_string\"}}],\"inLanguage\":\"fr-CH\"},{\"@type\":\"Person\",\"@id\":\"https:\/\/www.sts-education.com\/fr-ch\/#\/schema\/person\/8b82f3a2e45f020b8f296d7a85d9a97c\",\"name\":\"syncreadwrite\",\"image\":{\"@type\":\"ImageObject\",\"inLanguage\":\"fr-CH\",\"@id\":\"https:\/\/secure.gravatar.com\/avatar\/6ed1007e4f6f43f22e3df41d9fce4365533cba47fef64bb359b8e629abbc2ea6?s=96&d=mm&r=g\",\"url\":\"https:\/\/secure.gravatar.com\/avatar\/6ed1007e4f6f43f22e3df41d9fce4365533cba47fef64bb359b8e629abbc2ea6?s=96&d=mm&r=g\",\"contentUrl\":\"https:\/\/secure.gravatar.com\/avatar\/6ed1007e4f6f43f22e3df41d9fce4365533cba47fef64bb359b8e629abbc2ea6?s=96&d=mm&r=g\",\"caption\":\"syncreadwrite\"},\"url\":\"https:\/\/www.sts-education.com\/fr-ch\/author\/syncreadwrite\/\"}]}<\/script>\n<!-- \/ Yoast SEO Premium plugin. -->","yoast_head_json":{"title":"Johan est parti \u00e9tudier au Japon","description":"D\u2019autres \u00e9l\u00e8ves d\u2019\u00e9changes nous avaient dit qu\u2019on s\u2019\u00e9panouissait et qu\u2019on se faisait plein d\u2019amis, mais je ne pensais pas comprendre \u00e0 ce point la culture japonaise, les gens, et moi-m\u00eame.","robots":{"index":"index","follow":"follow","max-snippet":"max-snippet:-1","max-image-preview":"max-image-preview:large","max-video-preview":"max-video-preview:-1"},"canonical":"https:\/\/www.sts-education.com\/fr-ch\/high-school\/nos-etudiants-dechange\/temoignages\/johan-est-parti-etudier-au-japon\/","og_locale":"fr_FR","og_type":"article","og_title":"Johan Est Parti Etudier Au Japon","og_description":"D\u2019autres \u00e9l\u00e8ves d\u2019\u00e9changes nous avaient dit qu\u2019on s\u2019\u00e9panouissait et qu\u2019on se faisait plein d\u2019amis, mais je ne pensais pas comprendre \u00e0 ce point la culture japonaise, les gens, et moi-m\u00eame.","og_url":"https:\/\/www.sts-education.com\/fr-ch\/high-school\/nos-etudiants-dechange\/temoignages\/johan-est-parti-etudier-au-japon\/","og_site_name":"STS Education","article_published_time":"2023-03-30T10:00:00+00:00","article_modified_time":"2026-04-14T10:28:22+00:00","og_image":[{"width":150,"height":150,"url":"https:\/\/powered-by.qbank.se\/educatius\/sts\/\/d668b2ff5c6d1765a4a8eaa31e665e8d_1-1-thumb.webp","type":"image\/jpeg"}],"author":"syncreadwrite","twitter_card":"summary_large_image","twitter_misc":{"Written by":"syncreadwrite","Est. reading time":"3 minutes"},"schema":{"@context":"https:\/\/schema.org","@graph":[{"@type":"Article","@id":"https:\/\/www.sts-education.com\/fr-ch\/high-school\/nos-etudiants-dechange\/temoignages\/johan-est-parti-etudier-au-japon\/#article","isPartOf":{"@id":"https:\/\/www.sts-education.com\/fr-ch\/high-school\/nos-etudiants-dechange\/temoignages\/johan-est-parti-etudier-au-japon\/"},"author":{"name":"syncreadwrite","@id":"https:\/\/www.sts-education.com\/fr-ch\/#\/schema\/person\/8b82f3a2e45f020b8f296d7a85d9a97c"},"headline":"Johan Est Parti Etudier Au Japon","datePublished":"2023-03-30T10:00:00+00:00","dateModified":"2026-04-14T10:28:22+00:00","mainEntityOfPage":{"@id":"https:\/\/www.sts-education.com\/fr-ch\/high-school\/nos-etudiants-dechange\/temoignages\/johan-est-parti-etudier-au-japon\/"},"wordCount":523,"commentCount":0,"image":{"@id":"https:\/\/www.sts-education.com\/fr-ch\/high-school\/nos-etudiants-dechange\/temoignages\/johan-est-parti-etudier-au-japon\/#primaryimage"},"thumbnailUrl":"https:\/\/powered-by.qbank.se\/educatius\/sts\/\/d668b2ff5c6d1765a4a8eaa31e665e8d_1-1-thumb.webp","keywords":["Japon"],"articleSection":["Uncategorized @fr-ch"],"inLanguage":"fr-CH","potentialAction":[{"@type":"CommentAction","name":"Comment","target":["https:\/\/www.sts-education.com\/fr-ch\/high-school\/nos-etudiants-dechange\/temoignages\/johan-est-parti-etudier-au-japon\/#respond"]}]},{"@type":"WebPage","@id":"https:\/\/www.sts-education.com\/fr-ch\/high-school\/nos-etudiants-dechange\/temoignages\/johan-est-parti-etudier-au-japon\/","url":"https:\/\/www.sts-education.com\/fr-ch\/high-school\/nos-etudiants-dechange\/temoignages\/johan-est-parti-etudier-au-japon\/","name":"Johan est parti \u00e9tudier au Japon","isPartOf":{"@id":"https:\/\/www.sts-education.com\/fr-ch\/#website"},"primaryImageOfPage":{"@id":"https:\/\/www.sts-education.com\/fr-ch\/high-school\/nos-etudiants-dechange\/temoignages\/johan-est-parti-etudier-au-japon\/#primaryimage"},"image":{"@id":"https:\/\/www.sts-education.com\/fr-ch\/high-school\/nos-etudiants-dechange\/temoignages\/johan-est-parti-etudier-au-japon\/#primaryimage"},"thumbnailUrl":"https:\/\/powered-by.qbank.se\/educatius\/sts\/\/d668b2ff5c6d1765a4a8eaa31e665e8d_1-1-thumb.webp","datePublished":"2023-03-30T10:00:00+00:00","dateModified":"2026-04-14T10:28:22+00:00","author":{"@id":"https:\/\/www.sts-education.com\/fr-ch\/#\/schema\/person\/8b82f3a2e45f020b8f296d7a85d9a97c"},"description":"D\u2019autres \u00e9l\u00e8ves d\u2019\u00e9changes nous avaient dit qu\u2019on s\u2019\u00e9panouissait et qu\u2019on se faisait plein d\u2019amis, mais je ne pensais pas comprendre \u00e0 ce point la culture japonaise, les gens, et moi-m\u00eame.","breadcrumb":{"@id":"https:\/\/www.sts-education.com\/fr-ch\/high-school\/nos-etudiants-dechange\/temoignages\/johan-est-parti-etudier-au-japon\/#breadcrumb"},"inLanguage":"fr-CH","potentialAction":[{"@type":"ReadAction","target":["https:\/\/www.sts-education.com\/fr-ch\/high-school\/nos-etudiants-dechange\/temoignages\/johan-est-parti-etudier-au-japon\/"]}]},{"@type":"ImageObject","inLanguage":"fr-CH","@id":"https:\/\/www.sts-education.com\/fr-ch\/high-school\/nos-etudiants-dechange\/temoignages\/johan-est-parti-etudier-au-japon\/#primaryimage","url":"https:\/\/powered-by.qbank.se\/educatius\/sts\/\/d668b2ff5c6d1765a4a8eaa31e665e8d_1-1-thumb.webp","contentUrl":"https:\/\/powered-by.qbank.se\/educatius\/sts\/\/d668b2ff5c6d1765a4a8eaa31e665e8d_1-1-thumb.webp","width":150,"height":150},{"@type":"BreadcrumbList","@id":"https:\/\/www.sts-education.com\/fr-ch\/high-school\/nos-etudiants-dechange\/temoignages\/johan-est-parti-etudier-au-japon\/#breadcrumb","itemListElement":[{"@type":"ListItem","position":1,"name":"Home","item":"https:\/\/www.sts-education.com\/fr-ch\/"},{"@type":"ListItem","position":2,"name":"Johan Est Parti Etudier Au Japon"}]},{"@type":"WebSite","@id":"https:\/\/www.sts-education.com\/fr-ch\/#website","url":"https:\/\/www.sts-education.com\/fr-ch\/","name":"STS Education","description":"","potentialAction":[{"@type":"SearchAction","target":{"@type":"EntryPoint","urlTemplate":"https:\/\/www.sts-education.com\/fr-ch\/?s={search_term_string}"},"query-input":{"@type":"PropertyValueSpecification","valueRequired":true,"valueName":"search_term_string"}}],"inLanguage":"fr-CH"},{"@type":"Person","@id":"https:\/\/www.sts-education.com\/fr-ch\/#\/schema\/person\/8b82f3a2e45f020b8f296d7a85d9a97c","name":"syncreadwrite","image":{"@type":"ImageObject","inLanguage":"fr-CH","@id":"https:\/\/secure.gravatar.com\/avatar\/6ed1007e4f6f43f22e3df41d9fce4365533cba47fef64bb359b8e629abbc2ea6?s=96&d=mm&r=g","url":"https:\/\/secure.gravatar.com\/avatar\/6ed1007e4f6f43f22e3df41d9fce4365533cba47fef64bb359b8e629abbc2ea6?s=96&d=mm&r=g","contentUrl":"https:\/\/secure.gravatar.com\/avatar\/6ed1007e4f6f43f22e3df41d9fce4365533cba47fef64bb359b8e629abbc2ea6?s=96&d=mm&r=g","caption":"syncreadwrite"},"url":"https:\/\/www.sts-education.com\/fr-ch\/author\/syncreadwrite\/"}]}},"_links":{"self":[{"href":"https:\/\/www.sts-education.com\/fr-ch\/wp-json\/wp\/v2\/posts\/12262","targetHints":{"allow":["GET"]}}],"collection":[{"href":"https:\/\/www.sts-education.com\/fr-ch\/wp-json\/wp\/v2\/posts"}],"about":[{"href":"https:\/\/www.sts-education.com\/fr-ch\/wp-json\/wp\/v2\/types\/post"}],"author":[{"embeddable":true,"href":"https:\/\/www.sts-education.com\/fr-ch\/wp-json\/wp\/v2\/users\/20"}],"replies":[{"embeddable":true,"href":"https:\/\/www.sts-education.com\/fr-ch\/wp-json\/wp\/v2\/comments?post=12262"}],"version-history":[{"count":4,"href":"https:\/\/www.sts-education.com\/fr-ch\/wp-json\/wp\/v2\/posts\/12262\/revisions"}],"predecessor-version":[{"id":34621,"href":"https:\/\/www.sts-education.com\/fr-ch\/wp-json\/wp\/v2\/posts\/12262\/revisions\/34621"}],"wp:featuredmedia":[{"embeddable":true,"href":"https:\/\/www.sts-education.com\/fr-ch\/wp-json\/wp\/v2\/media\/13601"}],"wp:attachment":[{"href":"https:\/\/www.sts-education.com\/fr-ch\/wp-json\/wp\/v2\/media?parent=12262"}],"wp:term":[{"taxonomy":"category","embeddable":true,"href":"https:\/\/www.sts-education.com\/fr-ch\/wp-json\/wp\/v2\/categories?post=12262"},{"taxonomy":"post_tag","embeddable":true,"href":"https:\/\/www.sts-education.com\/fr-ch\/wp-json\/wp\/v2\/tags?post=12262"},{"taxonomy":"wpw_post_folders","embeddable":true,"href":"https:\/\/www.sts-education.com\/fr-ch\/wp-json\/wp\/v2\/wpw_post_folders?post=12262"}],"curies":[{"name":"wp","href":"https:\/\/api.w.org\/{rel}","templated":true}]}}