{"id":11832,"date":"2024-09-20T09:00:00","date_gmt":"2024-09-20T07:00:00","guid":{"rendered":"https:\/\/preprod.sts-education.com\/about-us\/news\/perche-scegliere-la-germania-come-meta-del-tuo-anno-scolastico\/"},"modified":"2026-04-29T09:10:55","modified_gmt":"2026-04-29T07:10:55","slug":"perche-scegliere-la-germania-come-meta-del-tuo-anno-scolastico","status":"publish","type":"news","link":"https:\/\/www.sts-education.com\/it\/news\/perche-scegliere-la-germania-come-meta-del-tuo-anno-scolastico\/","title":{"rendered":"Perch\u00e9 scegliere la Germania come meta del tuo anno scolastico"},"content":{"rendered":"\n<div class=\"wp-block-sts-text sts-text-editor has-max-width-md\"><div class=\"sts-text-editor__content\"><div class=\"sts-text-editor__content-inner\">\n<h1 style=\"text-align:center\">Perch\u00e9 scegliere la Germania come meta del tuo anno scolastico<\/h1>\n<\/div><\/div><\/div>\n\n\n\n<figure class=\"wp-block-sts-image sts-block-image sts-block-image--count-1 has-max-width-md\" data-count=\"1\"><div class=\"sts-block-image__grid\"><div class=\"sts-block-image__item\"><picture class=\"sts-responsive-image has-fit-cover has-pos-top is-skeleton\"><source media=\"(max-width: 834.98px)\" srcset=\"https:\/\/powered-by.qbank.se\/educatius\/sts\/791f778c4571099a27b7cf27dfb2de07_1-1-thumb.webp 150w, https:\/\/powered-by.qbank.se\/educatius\/sts\/791f778c4571099a27b7cf27dfb2de07_1-1-xsmall.webp 500w, https:\/\/powered-by.qbank.se\/educatius\/sts\/791f778c4571099a27b7cf27dfb2de07_1-1-small.webp 800w, https:\/\/powered-by.qbank.se\/educatius\/sts\/791f778c4571099a27b7cf27dfb2de07_1-1-medium.webp 1024w, https:\/\/powered-by.qbank.se\/educatius\/sts\/791f778c4571099a27b7cf27dfb2de07_1-1-large.webp 1536w\" sizes=\"(max-width: 736px) 100vw, 736px\" type=\"image\/webp\" \/><source media=\"(min-width: 835px)\" srcset=\"https:\/\/powered-by.qbank.se\/educatius\/sts\/791f778c4571099a27b7cf27dfb2de07_1-1-thumb.webp 150w, https:\/\/powered-by.qbank.se\/educatius\/sts\/791f778c4571099a27b7cf27dfb2de07_1-1-xsmall.webp 500w, https:\/\/powered-by.qbank.se\/educatius\/sts\/791f778c4571099a27b7cf27dfb2de07_1-1-small.webp 800w, https:\/\/powered-by.qbank.se\/educatius\/sts\/791f778c4571099a27b7cf27dfb2de07_1-1-medium.webp 1024w, https:\/\/powered-by.qbank.se\/educatius\/sts\/791f778c4571099a27b7cf27dfb2de07_1-1-large.webp 1536w\" sizes=\"(max-width: 736px) 100vw, 736px\" type=\"image\/webp\" \/><img src=\"https:\/\/powered-by.qbank.se\/educatius\/sts\/791f778c4571099a27b7cf27dfb2de07_1-1-thumb.webp\" alt=\"Perch\u00e9 scegliere la Germania come meta del tuo anno scolastico\" loading=\"lazy\" decoding=\"async\" fetchpriority=\"low\" \/><\/picture><\/div><\/div><\/figure>\n\n\n\n<div class=\"wp-block-sts-text sts-text-editor has-max-width-md\"><div class=\"sts-text-editor__content\"><div class=\"sts-text-editor__content-inner\">\n<p>Circa 130 milioni di persone parlano il tedesco come prima o seconda lingua, e tu potrai essere uno di loro! La Germania ha un sistema accademico eccellente e attira persone da tutto il mondo con le sue offerte educative, i suoi festival culturali e i suoi paesaggi unici. La Germania \u00e8 un paese aperto, l\u2019interesse per le altre culture e le relazioni internazionali non manca! Sarai quindi il benvenuto!<\/p>\n<p>La Germania \u00e8 il pi\u00f9 grande paese dell&#x27;UE in termini di popolazione ed economia, e ha davvero tanto da offrire. Oltre al suo elevato standard di vita, troverai una grande variet\u00e0 di culture regionali e paesaggi contrastanti. Sapevi che la Germania si affaccia su due mari ed ha ben 77 isole? Possiede inoltre 45 catene montuose, tra cui le Alpi ed \u00e8 possibile fare escursioni sui vulcani e nuotare nei laghi craterici.<\/p>\n<\/div><\/div><\/div>\n\n\n\n<section class=\"wp-block-sts-video sts-block-video sts-block-video--landscape has-max-width-md\"><div class=\"sts-video sts-video--landscape\"><div class=\"sts-video__handler\"><button type=\"button\" class=\"sts-video__play-button\" aria-label=\"Play video\" aria-pressed=\"false\" data-playing=\"false\"><span class=\"sts-video__play-icon\"><img decoding=\"async\" class=\"play-icon\" src=\"data:image\/svg+xml,%3csvg%20width='32'%20height='32'%20viewBox='0%200%2032%2032'%20fill='none'%20xmlns='http:\/\/www.w3.org\/2000\/svg'%3e%3cmask%20id='mask0_2459_8201'%20style='mask-type:alpha'%20maskUnits='userSpaceOnUse'%20x='0'%20y='0'%20width='32'%20height='32'%3e%3crect%20width='32'%20height='32'%20fill='%23D9D9D9'\/%3e%3c\/mask%3e%3cg%20mask='url(%23mask0_2459_8201)'%3e%3cpath%20d='M10.667%2022.8999V9.09993C10.667%208.72216%2010.8003%208.40549%2011.067%208.14993C11.3337%207.89438%2011.6448%207.7666%2012.0003%207.7666C12.1114%207.7666%2012.2281%207.78327%2012.3503%207.8166C12.4725%207.84993%2012.5892%207.89993%2012.7003%207.9666L23.567%2014.8666C23.767%2014.9999%2023.917%2015.1666%2024.017%2015.3666C24.117%2015.5666%2024.167%2015.7777%2024.167%2015.9999C24.167%2016.2222%2024.117%2016.4333%2024.017%2016.6333C23.917%2016.8333%2023.767%2016.9999%2023.567%2017.1333L12.7003%2024.0333C12.5892%2024.0999%2012.4725%2024.1499%2012.3503%2024.1833C12.2281%2024.2166%2012.1114%2024.2333%2012.0003%2024.2333C11.6448%2024.2333%2011.3337%2024.1055%2011.067%2023.8499C10.8003%2023.5944%2010.667%2023.2777%2010.667%2022.8999Z'%20fill='black'\/%3e%3c\/g%3e%3c\/svg%3e\" alt=\"\" aria-hidden=\"true\"\/><img decoding=\"async\" class=\"pause-icon\" src=\"data:image\/svg+xml,%3csvg%20width='32'%20height='32'%20viewBox='0%200%2032%2032'%20fill='none'%20xmlns='http:\/\/www.w3.org\/2000\/svg'%3e%3cmask%20id='mask0_pause'%20style='mask-type:alpha'%20maskUnits='userSpaceOnUse'%20x='0'%20y='0'%20width='32'%20height='32'%3e%3crect%20width='32'%20height='32'%20fill='%23D9D9D9'\/%3e%3c\/mask%3e%3cg%20mask='url(%23mask0_pause)'%3e%3c!--%20Left%20bar%20--%3e%3crect%20x='10'%20y='8'%20width='4'%20height='16'%20rx='1'%20fill='black'\/%3e%3c!--%20Right%20bar%20--%3e%3crect%20x='18'%20y='8'%20width='4'%20height='16'%20rx='1'%20fill='black'\/%3e%3c\/g%3e%3c\/svg%3e\" alt=\"\" aria-hidden=\"true\"\/><\/span><\/button><strong class=\"sts-video__duration\" data-duration-prefix=\"Video duration:\" data-unit-second=\"second\" data-unit-seconds=\"seconds\" data-unit-minute=\"minute\" data-unit-minutes=\"minutes\" aria-label=\"Video duration: 40.0 seconds\">40.0 secs<\/strong><\/div><div class=\"sts-video__media\" data-video-source=\"youtube\" data-video-url=\"\"><div class=\"sts-video__external-shell\" data-embed-url=\"https:\/\/www.youtube.com\/embed\/hriwgOk0_bE?rel=0&amp;controls=1&amp;modestbranding=1&amp;playsinline=1&amp;enablejsapi=1&amp;autoplay=0&amp;origin=https%3A%2F%2Fwww.sts-education.com\"><iframe class=\"sts-video__iframe\" src=\"https:\/\/www.youtube.com\/embed\/hriwgOk0_bE?rel=0&amp;controls=1&amp;modestbranding=1&amp;playsinline=1&amp;enablejsapi=1&amp;autoplay=0&amp;origin=https%3A%2F%2Fwww.sts-education.com\" title=\"Video poster\nheading\" allow=\"autoplay; fullscreen\" allowfullscreen loading=\"lazy\" data-provider=\"youtube\" data-embed-url=\"https:\/\/www.youtube.com\/embed\/hriwgOk0_bE?rel=0&amp;controls=1&amp;modestbranding=1&amp;playsinline=1&amp;enablejsapi=1&amp;autoplay=0&amp;origin=https%3A%2F%2Fwww.sts-education.com\"><\/iframe><\/div><\/div><\/div><\/section>\n\n\n\n<div class=\"wp-block-sts-text sts-text-editor has-max-width-md\"><div class=\"sts-text-editor__content\"><div class=\"sts-text-editor__content-inner\">\n<p>Potrai esplorare una scena musicale di grande fascino che spazia dalla musica classica al Deutschrap, all&#x27;Indie e alla Techno. Durante l\u2019anno avrai la possibilit\u00e0 di partecipare a festival che ti faranno scoprire la cultura e le tradizioni tedesche; dal carnevale all\u2019Oktoberfest ai mercatini di Natale, questo paese ti sorprender\u00e0. Ma potrai anche scoprire di pi\u00f9 sulla scena cinematografica, teatrale, letteraria ed artistica internazionale. In Germania troverai villaggi accoglienti a due passi da grandi citt\u00e0 come Berlino, Amburgo, Monaco, Lipsia, Francoforte e Colonia. Questo grande paese cosmopolita \u00e8 anche un polo di tecnologia ed innovazione.<\/p>\n<p>La qualit\u00e0 del sistema scolastico tedesco \u00e8 rinomata e riconosciuta a livello mondiale. La scuola e l&#x27;universit\u00e0 sono gratuite e l&#x27;insegnamento \u00e8 interattivo. Le opinioni degli studenti sono importanti e le discussioni e i dibattiti sono una parte importante della giornata scolastica.<\/p>\n<p>Il tipo di scuola superiore tedesca pi\u00f9 comunemente frequentato dagli exchange students \u00e8 il Gymnasium. A seconda della tua et\u00e0, dei tuoi voti e della tua conoscenza della lingua tedesca, sarai probabilmente inserito nel 10\u00b0 o 11\u00b0 grado. Gli insegnanti apprezzano il fatto che gli studenti siano attivi in classe e che dimostrino interesse per quanto insegnato. Il nostro consiglio? Alza la mano, fai domande e partecipa ai dibattiti. In questo modo la tua conoscenza della lingua tedesca avr\u00e0 una marcia in pi\u00f9!<\/p>\n<\/div><\/div><\/div>\n\n\n\n<figure class=\"wp-block-sts-image sts-block-image sts-block-image--count-1 has-max-width-md\" data-count=\"1\"><div class=\"sts-block-image__grid\"><div class=\"sts-block-image__item\"><picture class=\"sts-responsive-image has-fit-cover has-pos-top is-skeleton\"><source media=\"(max-width: 834.98px)\" srcset=\"https:\/\/powered-by.qbank.se\/educatius\/sts\/d4b5ede962d87a4fd0c79272269209b0_1-1-thumb.webp 150w, https:\/\/powered-by.qbank.se\/educatius\/sts\/d4b5ede962d87a4fd0c79272269209b0_1-1-xsmall.webp 500w, https:\/\/powered-by.qbank.se\/educatius\/sts\/d4b5ede962d87a4fd0c79272269209b0_1-1-small.webp 800w, https:\/\/powered-by.qbank.se\/educatius\/sts\/d4b5ede962d87a4fd0c79272269209b0_1-1-medium.webp 1024w, https:\/\/powered-by.qbank.se\/educatius\/sts\/d4b5ede962d87a4fd0c79272269209b0_1-1-large.webp 1536w\" sizes=\"(max-width: 736px) 100vw, 736px\" type=\"image\/webp\" \/><source media=\"(min-width: 835px)\" srcset=\"https:\/\/powered-by.qbank.se\/educatius\/sts\/d4b5ede962d87a4fd0c79272269209b0_1-1-thumb.webp 150w, https:\/\/powered-by.qbank.se\/educatius\/sts\/d4b5ede962d87a4fd0c79272269209b0_1-1-xsmall.webp 500w, https:\/\/powered-by.qbank.se\/educatius\/sts\/d4b5ede962d87a4fd0c79272269209b0_1-1-small.webp 800w, https:\/\/powered-by.qbank.se\/educatius\/sts\/d4b5ede962d87a4fd0c79272269209b0_1-1-medium.webp 1024w, https:\/\/powered-by.qbank.se\/educatius\/sts\/d4b5ede962d87a4fd0c79272269209b0_1-1-large.webp 1536w\" sizes=\"(max-width: 736px) 100vw, 736px\" type=\"image\/webp\" \/><img src=\"https:\/\/powered-by.qbank.se\/educatius\/sts\/d4b5ede962d87a4fd0c79272269209b0_1-1-thumb.webp\" alt=\"Perch\u00e9 scegliere la Germania come meta del tuo anno scolastico\" loading=\"lazy\" decoding=\"async\" fetchpriority=\"low\" \/><\/picture><\/div><\/div><\/figure>\n\n\n\n<div class=\"wp-block-sts-text sts-text-editor has-max-width-md\"><div class=\"sts-text-editor__content\"><div class=\"sts-text-editor__content-inner\">\n<p>I tedeschi sono notoriamente un popolo attivo. Amano viaggiare ed esplorare nuovi paesi o citt\u00e0, godersi l&#x27;aria aperta con escursioni a piedi, in bicicletta o andare in campeggio. I teenager hanno in genere almeno un hobby, come lo sport o la musica, che coltivano dopo la scuola in uno dei tanti club, detti \u201cVerein\u201d, che sono presenti anche nelle citt\u00e0 pi\u00f9 piccole.<\/p>\n<p>Sta a te scegliere se preferisci praticare uno sport o trascorrere invece il tuo tempo libero in un bar prendendo un caff\u00e8 con un compagno di scuola, al cinema a vedere un film in lingua tedesca o a fare shopping in un centro commerciale con i tuoi nuovi amici. Il consiglio che noi diamo a tutti gli studenti in Germania \u00e8 di iscriversi ad un club. Non importa che sia di sport o di altro come fotografia, teatro,&#8230; partecipare ad un\u2019attivit\u00e0 organizzata \u00e8 il modo migliore per fare amicizia e conoscere persone nuove. Sei appassionato di arte, danza o musica? Chiedi alla tua famiglia ospitante di aiutarti a trovare il \u201cVerein\u201d pi\u00f9 adatto a te!<\/p>\n<\/div><\/div><\/div>\n","protected":false},"excerpt":{"rendered":"","protected":false},"author":20,"featured_media":14907,"comment_status":"closed","ping_status":"closed","template":"","categories":[],"tags":[963],"wpw_news_folders":[],"class_list":["post-11832","news","type-news","status-publish","has-post-thumbnail","hentry","tag-germania"],"acf":[],"yoast_head":"<!-- This site is optimized with the Yoast SEO Premium plugin v27.2 (Yoast SEO v27.2) - https:\/\/yoast.com\/product\/yoast-seo-premium-wordpress\/ -->\n<title>Why you should go on exchange to Germany<\/title>\n<meta name=\"description\" content=\"About 130 million people speak German as a first or second language, and you could be one of them!\" \/>\n<meta name=\"robots\" content=\"index, follow, max-snippet:-1, max-image-preview:large, max-video-preview:-1\" \/>\n<link rel=\"canonical\" href=\"https:\/\/www.sts-education.com\/it\/news\/perche-scegliere-la-germania-come-meta-del-tuo-anno-scolastico\/\" \/>\n<meta property=\"og:locale\" content=\"it_IT\" \/>\n<meta property=\"og:type\" content=\"article\" \/>\n<meta property=\"og:title\" content=\"Perch\u00e9 scegliere la Germania come meta del tuo anno scolastico\" \/>\n<meta property=\"og:description\" content=\"About 130 million people speak German as a first or second language, and you could be one of them!\" \/>\n<meta property=\"og:url\" content=\"https:\/\/www.sts-education.com\/it\/news\/perche-scegliere-la-germania-come-meta-del-tuo-anno-scolastico\/\" \/>\n<meta property=\"og:site_name\" content=\"STS Education\" \/>\n<meta property=\"article:modified_time\" content=\"2026-04-29T07:10:55+00:00\" \/>\n<meta property=\"og:image\" content=\"https:\/\/powered-by.qbank.se\/educatius\/sts\/\/791f778c4571099a27b7cf27dfb2de07_1-1-thumb.webp\" \/>\n\t<meta property=\"og:image:width\" content=\"150\" \/>\n\t<meta property=\"og:image:height\" content=\"150\" \/>\n\t<meta property=\"og:image:type\" content=\"image\/jpeg\" \/>\n<meta name=\"twitter:card\" content=\"summary_large_image\" \/>\n<meta name=\"twitter:label1\" content=\"Tempo di lettura stimato\" \/>\n\t<meta name=\"twitter:data1\" content=\"4 minuti\" \/>\n<script type=\"application\/ld+json\" class=\"yoast-schema-graph\">{\"@context\":\"https:\/\/schema.org\",\"@graph\":[{\"@type\":\"WebPage\",\"@id\":\"https:\/\/www.sts-education.com\/it\/news\/perche-scegliere-la-germania-come-meta-del-tuo-anno-scolastico\/\",\"url\":\"https:\/\/www.sts-education.com\/it\/news\/perche-scegliere-la-germania-come-meta-del-tuo-anno-scolastico\/\",\"name\":\"Why you should go on exchange to Germany\",\"isPartOf\":{\"@id\":\"https:\/\/www.sts-education.com\/it\/#website\"},\"primaryImageOfPage\":{\"@id\":\"https:\/\/www.sts-education.com\/it\/news\/perche-scegliere-la-germania-come-meta-del-tuo-anno-scolastico\/#primaryimage\"},\"image\":{\"@id\":\"https:\/\/www.sts-education.com\/it\/news\/perche-scegliere-la-germania-come-meta-del-tuo-anno-scolastico\/#primaryimage\"},\"thumbnailUrl\":\"https:\/\/powered-by.qbank.se\/educatius\/sts\/\/791f778c4571099a27b7cf27dfb2de07_1-1-thumb.webp\",\"datePublished\":\"2024-09-20T07:00:00+00:00\",\"dateModified\":\"2026-04-29T07:10:55+00:00\",\"description\":\"About 130 million people speak German as a first or second language, and you could be one of them!\",\"breadcrumb\":{\"@id\":\"https:\/\/www.sts-education.com\/it\/news\/perche-scegliere-la-germania-come-meta-del-tuo-anno-scolastico\/#breadcrumb\"},\"inLanguage\":\"it-IT\",\"potentialAction\":[{\"@type\":\"ReadAction\",\"target\":[\"https:\/\/www.sts-education.com\/it\/news\/perche-scegliere-la-germania-come-meta-del-tuo-anno-scolastico\/\"]}]},{\"@type\":\"ImageObject\",\"inLanguage\":\"it-IT\",\"@id\":\"https:\/\/www.sts-education.com\/it\/news\/perche-scegliere-la-germania-come-meta-del-tuo-anno-scolastico\/#primaryimage\",\"url\":\"https:\/\/powered-by.qbank.se\/educatius\/sts\/\/791f778c4571099a27b7cf27dfb2de07_1-1-thumb.webp\",\"contentUrl\":\"https:\/\/powered-by.qbank.se\/educatius\/sts\/\/791f778c4571099a27b7cf27dfb2de07_1-1-thumb.webp\",\"width\":150,\"height\":150},{\"@type\":\"BreadcrumbList\",\"@id\":\"https:\/\/www.sts-education.com\/it\/news\/perche-scegliere-la-germania-come-meta-del-tuo-anno-scolastico\/#breadcrumb\",\"itemListElement\":[{\"@type\":\"ListItem\",\"position\":1,\"name\":\"Home\",\"item\":\"https:\/\/www.sts-education.com\/it\/\"},{\"@type\":\"ListItem\",\"position\":2,\"name\":\"Perch\u00e9 scegliere la Germania come meta del tuo anno scolastico\"}]},{\"@type\":\"WebSite\",\"@id\":\"https:\/\/www.sts-education.com\/it\/#website\",\"url\":\"https:\/\/www.sts-education.com\/it\/\",\"name\":\"STS Education\",\"description\":\"\",\"potentialAction\":[{\"@type\":\"SearchAction\",\"target\":{\"@type\":\"EntryPoint\",\"urlTemplate\":\"https:\/\/www.sts-education.com\/it\/?s={search_term_string}\"},\"query-input\":{\"@type\":\"PropertyValueSpecification\",\"valueRequired\":true,\"valueName\":\"search_term_string\"}}],\"inLanguage\":\"it-IT\"}]}<\/script>\n<!-- \/ Yoast SEO Premium plugin. -->","yoast_head_json":{"title":"Why you should go on exchange to Germany","description":"About 130 million people speak German as a first or second language, and you could be one of them!","robots":{"index":"index","follow":"follow","max-snippet":"max-snippet:-1","max-image-preview":"max-image-preview:large","max-video-preview":"max-video-preview:-1"},"canonical":"https:\/\/www.sts-education.com\/it\/news\/perche-scegliere-la-germania-come-meta-del-tuo-anno-scolastico\/","og_locale":"it_IT","og_type":"article","og_title":"Perch\u00e9 scegliere la Germania come meta del tuo anno scolastico","og_description":"About 130 million people speak German as a first or second language, and you could be one of them!","og_url":"https:\/\/www.sts-education.com\/it\/news\/perche-scegliere-la-germania-come-meta-del-tuo-anno-scolastico\/","og_site_name":"STS Education","article_modified_time":"2026-04-29T07:10:55+00:00","og_image":[{"width":150,"height":150,"url":"https:\/\/powered-by.qbank.se\/educatius\/sts\/\/791f778c4571099a27b7cf27dfb2de07_1-1-thumb.webp","type":"image\/jpeg"}],"twitter_card":"summary_large_image","twitter_misc":{"Tempo di lettura stimato":"4 minuti"},"schema":{"@context":"https:\/\/schema.org","@graph":[{"@type":"WebPage","@id":"https:\/\/www.sts-education.com\/it\/news\/perche-scegliere-la-germania-come-meta-del-tuo-anno-scolastico\/","url":"https:\/\/www.sts-education.com\/it\/news\/perche-scegliere-la-germania-come-meta-del-tuo-anno-scolastico\/","name":"Why you should go on exchange to Germany","isPartOf":{"@id":"https:\/\/www.sts-education.com\/it\/#website"},"primaryImageOfPage":{"@id":"https:\/\/www.sts-education.com\/it\/news\/perche-scegliere-la-germania-come-meta-del-tuo-anno-scolastico\/#primaryimage"},"image":{"@id":"https:\/\/www.sts-education.com\/it\/news\/perche-scegliere-la-germania-come-meta-del-tuo-anno-scolastico\/#primaryimage"},"thumbnailUrl":"https:\/\/powered-by.qbank.se\/educatius\/sts\/\/791f778c4571099a27b7cf27dfb2de07_1-1-thumb.webp","datePublished":"2024-09-20T07:00:00+00:00","dateModified":"2026-04-29T07:10:55+00:00","description":"About 130 million people speak German as a first or second language, and you could be one of them!","breadcrumb":{"@id":"https:\/\/www.sts-education.com\/it\/news\/perche-scegliere-la-germania-come-meta-del-tuo-anno-scolastico\/#breadcrumb"},"inLanguage":"it-IT","potentialAction":[{"@type":"ReadAction","target":["https:\/\/www.sts-education.com\/it\/news\/perche-scegliere-la-germania-come-meta-del-tuo-anno-scolastico\/"]}]},{"@type":"ImageObject","inLanguage":"it-IT","@id":"https:\/\/www.sts-education.com\/it\/news\/perche-scegliere-la-germania-come-meta-del-tuo-anno-scolastico\/#primaryimage","url":"https:\/\/powered-by.qbank.se\/educatius\/sts\/\/791f778c4571099a27b7cf27dfb2de07_1-1-thumb.webp","contentUrl":"https:\/\/powered-by.qbank.se\/educatius\/sts\/\/791f778c4571099a27b7cf27dfb2de07_1-1-thumb.webp","width":150,"height":150},{"@type":"BreadcrumbList","@id":"https:\/\/www.sts-education.com\/it\/news\/perche-scegliere-la-germania-come-meta-del-tuo-anno-scolastico\/#breadcrumb","itemListElement":[{"@type":"ListItem","position":1,"name":"Home","item":"https:\/\/www.sts-education.com\/it\/"},{"@type":"ListItem","position":2,"name":"Perch\u00e9 scegliere la Germania come meta del tuo anno scolastico"}]},{"@type":"WebSite","@id":"https:\/\/www.sts-education.com\/it\/#website","url":"https:\/\/www.sts-education.com\/it\/","name":"STS Education","description":"","potentialAction":[{"@type":"SearchAction","target":{"@type":"EntryPoint","urlTemplate":"https:\/\/www.sts-education.com\/it\/?s={search_term_string}"},"query-input":{"@type":"PropertyValueSpecification","valueRequired":true,"valueName":"search_term_string"}}],"inLanguage":"it-IT"}]}},"_links":{"self":[{"href":"https:\/\/www.sts-education.com\/it\/wp-json\/wp\/v2\/news\/11832","targetHints":{"allow":["GET"]}}],"collection":[{"href":"https:\/\/www.sts-education.com\/it\/wp-json\/wp\/v2\/news"}],"about":[{"href":"https:\/\/www.sts-education.com\/it\/wp-json\/wp\/v2\/types\/news"}],"author":[{"embeddable":true,"href":"https:\/\/www.sts-education.com\/it\/wp-json\/wp\/v2\/users\/20"}],"replies":[{"embeddable":true,"href":"https:\/\/www.sts-education.com\/it\/wp-json\/wp\/v2\/comments?post=11832"}],"version-history":[{"count":6,"href":"https:\/\/www.sts-education.com\/it\/wp-json\/wp\/v2\/news\/11832\/revisions"}],"predecessor-version":[{"id":42779,"href":"https:\/\/www.sts-education.com\/it\/wp-json\/wp\/v2\/news\/11832\/revisions\/42779"}],"wp:featuredmedia":[{"embeddable":true,"href":"https:\/\/www.sts-education.com\/it\/wp-json\/wp\/v2\/media\/14907"}],"wp:attachment":[{"href":"https:\/\/www.sts-education.com\/it\/wp-json\/wp\/v2\/media?parent=11832"}],"wp:term":[{"taxonomy":"category","embeddable":true,"href":"https:\/\/www.sts-education.com\/it\/wp-json\/wp\/v2\/categories?post=11832"},{"taxonomy":"post_tag","embeddable":true,"href":"https:\/\/www.sts-education.com\/it\/wp-json\/wp\/v2\/tags?post=11832"},{"taxonomy":"wpw_news_folders","embeddable":true,"href":"https:\/\/www.sts-education.com\/it\/wp-json\/wp\/v2\/wpw_news_folders?post=11832"}],"curies":[{"name":"wp","href":"https:\/\/api.w.org\/{rel}","templated":true}]}}