{"id":11836,"date":"2024-03-05T12:48:12","date_gmt":"2024-03-05T12:48:12","guid":{"rendered":"https:\/\/preprod.sts-education.com\/about-us\/news\/lo-scambio-culturale-coltiva-lamicizia-tra-generazioni-per-tutta-la-vita\/"},"modified":"2026-04-01T01:43:55","modified_gmt":"2026-04-01T01:43:55","slug":"lo-scambio-culturale-coltiva-lamicizia-tra-generazioni-per-tutta-la-vita","status":"publish","type":"news","link":"https:\/\/www.sts-education.com\/it\/news\/lo-scambio-culturale-coltiva-lamicizia-tra-generazioni-per-tutta-la-vita\/","title":{"rendered":"Lo Scambio Culturale Coltiva Lamicizia Tra Generazioni Per Tutta La Vita"},"content":{"rendered":"\n<div class=\"wp-block-sts-text sts-text-editor has-max-width-md\"><div class=\"sts-text-editor__content\"><div class=\"sts-text-editor__content-inner\">\n<h1 style=\"text-align:center\">Lo scambio culturale coltiva l&#x27;amicizia tra generazioni per tutta la vita<\/h1>\n<\/div><\/div><\/div>\n\n\n\n<figure class=\"wp-block-sts-image sts-block-image sts-block-image--count-1 has-max-width-md\" data-count=\"1\"><div class=\"sts-block-image__grid\"><div class=\"sts-block-image__item\"><picture class=\"sts-responsive-image has-fit-cover has-pos-top is-skeleton\"><img src=\"https:\/\/cdn.sts-education.com\/12954_hero_lg_xl.jpg\" alt=\"Lo scambio culturale coltiva l&#x27;amicizia tra generazioni per tutta la vita\" loading=\"lazy\" decoding=\"async\" fetchpriority=\"low\" sizes=\"(max-width: 736px) 100vw, 736px\"\/><\/picture><\/div><\/div><\/figure>\n\n\n\n<div class=\"wp-block-sts-text sts-text-editor has-max-width-md\"><div class=\"sts-text-editor__content\"><div class=\"sts-text-editor__content-inner\">\n<p><strong>Nel 1985 Melinda Krause part\u00ec per un programma estivo in Germania, senza sapere che quell&#x27;esperienza avrebbe portato a generazioni di legami interculturali. Quasi 40 anni dopo, la figlia della sua sorella ospitante \u00e8 un\u2019exchange student a casa sua! Melinda e Claudia raccontano la loro esperienza e come il valore culturale di questo programma sia stato trasmesso ai loro figli.<\/strong><\/p>\n<p>\u201cEro una ragazza di 16 anni che viveva a Denver, in Colorado, quando, nell\u2019estate del 1985, mi imbarcai in un volo PanAm. Ricordo quanto fossi emozionata per la mia prima esperienza culturale estiva, e non avevo la minima idea di come la mia vita sarebbe per sempre cambiata. Quando atterrai in Germania la mia nuova famiglia ospitante era al gate pronta ad accogliermi. Ricordo con gioia il momento in cui ho conosciuto Oma e Opa (i nonni di Claudia, con cui lei viveva) e di aver pensato che fossero usciti direttamente da una favola tedesca.<\/p>\n<p>Nei due mesi che abbiamo trascorso insieme, io e Claudia abbiamo coltivato un forte legame, un\u2019amicizia. Abbiamo condiviso molte risate, parlato per ore la notte e abbiamo condiviso interessi ed hobby, come andare in piscina con gli amici, ascoltare musica e guardare film. Nonostante la provenienza da mondi diversi, abbiamo trovato molte passioni comuni e ci siamo divertite molto insieme. Abbiamo creato un forte legame in poco tempo e temevamo la fine dell&#x27;estate, quando avremo dovuto salutarci. Abbiamo deciso che questo periodo non poteva finire e Claudia doveva venire a vivere con me e la mia famiglia.<\/p>\n<p>Dopo la nostra straziante partenza, non c&#x27;erano e-mail, social media o messaggi che potevamo scambiarci, cos\u00ec ci scrivemmo molte lettere fino alla fine dell&#x27;estate del 1986, quando Claudia arriv\u00f2 a Denver per vivere con noi e frequentare il liceo con me. Andavamo a scuola insieme ogni giorno. Non frequentavamo le stesse classi, ma avevamo molti amici in comune e abbiamo organizzato un\u2019uscita a quattro per il ballo dell\u2019Homecoming. A volte le cose sono state difficili. Adattarsi a una nuova cultura, a nuove regole, a una nuova scuola, a una nuova lingua ed a una nuova vita familiare completamente diversa pu\u00f2 essere molto impegnativo. Nonostante queste sfide, i nostri cuori sapevano che la nostra amicizia era vera e reale. Mentre il nostro tempo insieme si stava concludendo, Claudia e io abbiamo fatto una piccola \u201cgita di fine anno\u201d in montagna. Questo tempo per noi due da sole ha consolidato ancora di pi\u00f9 la nostra amicizia.<\/p>\n<p>Un anno dopo, quando ho sposato mio marito Stuart, Claudia e Jurgen sono venuti al nostro matrimonio. Dal 2004 al 2007 le nostre famiglie hanno continuato a crescere, ognuno di noi condivideva la notizia di una gravidanza e della nascita dei propri figli. Nel 2004 abbiamo dato il benvenuto a nostro figlio Nathan. Nel 2005 Claudia e Jurgen hanno dato il benvenuto a due gemelle, Neele e Jette, e nel 2007 abbiamo accolto il nostro terzo figlio, Jacob. Nel 2009 siamo andati in visita in Germania e abbiamo conosciuto le due gemelle di Claudia e Jurgen, Neele e Jette, che all&#x27;epoca avevano 3 anni. Mio marito ha visto il piccolo villaggio di Hitzaker, dove io e Claudia ci siamo conosciute e abbiamo trascorso l&#x27;estate insieme.<\/p>\n<p>Ci siamo incontrati di nuovo a Maiorca nel 2012 per festeggiare il loro 10\u00b0 anniversario di matrimonio. Nel nostro cuore continuiamo ad essere sorelle, condividendo le nostre vite e ora le nostre famiglie.<\/p>\n<p>La nostra promessa reciproca che i nostri figli si sarebbero conosciuti un giorno \u00e8 sembrata davvero realizzarsi quando Neele ha deciso di venire negli Stati Uniti per stare con noi e scoprire la cultura americana, la scuola superiore e lo stile di vita. Eravamo felicissimi di accoglierla nella nostra casa. Quando \u00e8 arrivato il Covid, i nostri sogni si sono infranti e tutti i viaggi sono stati cancellati. Il nostro distretto scolastico non ha permesso lo scambio di studenti durante l&#x27;anno scolastico 2020-2021 e ha mantenuto la stessa decisione per l&#x27;anno scolastico 2021-2022. Sembrava davvero che il sogno di Neele e la nostra promessa di tanto tempo fa non si sarebbero realizzati. Nell&#x27;estate del 2022, Neele e suo padre vennero a visitarci. Jurgen si ferm\u00f2 per una visita molto breve e Neele rimase per tutta l&#x27;estate, proprio come nel mio periodo di scambio in Germania. Finalmente, le nostre famiglie erano di nuovo insieme. Nathan e Jacob si sono divertiti a presentare Neele ai loro amici e a farle visitare il liceo. L&#x27;hanno portata a Red Rocks e in un luogo amato da molte ragazze, un tipico centro commerciale americano. Ora, grazie ai social media, i nostri figli sono costantemente in contatto. Mantengono i \u201cfuochi su Snap\u201d, un qualcosa di cui una come me di vecchio stampo non ne capisce proprio nulla, io sono rimasta alle lettere scritte! Finalmente, nell&#x27;aprile del 2023, ricevemmo la notizia ufficiale che Neele avrebbe trascorso un anno con la nostra famiglia. L&#x27;8 agosto, quando l&#x27;aereo di Neele \u00e8 finalmente atterrato a Denver, \u00e8 sembrato tutto cos\u00ec surreale: quasi 40 anni dopo, io e mia sorella tedesca stavamo finalmente condividendo nuovamente le nostre famiglie. Il legame che abbiamo creato con il nostro scambio culturale si estende ora alla generazione successiva.<\/p>\n<\/div><\/div><\/div>\n\n\n\n<figure class=\"wp-block-sts-image sts-block-image sts-block-image--count-1 has-max-width-md\" data-count=\"1\"><div class=\"sts-block-image__grid\"><div class=\"sts-block-image__item\"><picture class=\"sts-responsive-image has-fit-cover has-pos-top is-skeleton\"><img src=\"https:\/\/cdn.sts-education.com\/12947_hero_md.jpg\" alt=\"Lo scambio culturale coltiva l&#x27;amicizia tra generazioni per tutta la vita\" loading=\"lazy\" decoding=\"async\" fetchpriority=\"low\" sizes=\"(max-width: 736px) 100vw, 736px\"\/><\/picture><\/div><\/div><\/figure>\n\n\n\n<div class=\"wp-block-sts-text sts-text-editor has-max-width-md\"><div class=\"sts-text-editor__content\"><div class=\"sts-text-editor__content-inner\">\n<p>Ricordo ancora di quando stavamo guidando nella loro Golf rossa mentre mangiavamo del pane e Claudia mi insegnava le mie prime parole in tedesco: \u201cIch bin Melinda\u201d. Durante questo viaggio, gli edifici risalenti a centinaia di anni fa, i diversi tipi di auto, le insegne delle strade e degli edifici che non riuscivo a leggere mi affascinarono completamente, dato che questa era la mia prima esperienza fuori dal mio stato natale. Quando sono arrivata a casa loro, in un piccolo villaggio chiamato Hitzaker, tutto ci\u00f2 che mi circondava era completamente diverso e totalmente estraneo, compresa la lingua. Io non parlavo tedesco, Oma e Opa non parlavano inglese e pochissime persone in paese parlavano inglese. Claudia era una delle pochissime persone con cui riuscivo a comunicare. Ero giovane e ingenua, ma sapevo che quell\u2019estate sarebbe stata un&#x27;avventura diversa da tutte quelle che avevo vissuto, quindi accolsi i cambiamenti e abbracciai le differenze che mi circondavano.<\/p>\n<\/div><\/div><\/div>\n\n\n\n<figure class=\"wp-block-sts-image sts-block-image sts-block-image--count-1 has-max-width-md\" data-count=\"1\"><div class=\"sts-block-image__grid\"><div class=\"sts-block-image__item\"><picture class=\"sts-responsive-image has-fit-cover has-pos-top is-skeleton\"><img src=\"https:\/\/cdn.sts-education.com\/12946_hero_md.jpg\" alt=\"Lo scambio culturale coltiva l&#x27;amicizia tra generazioni per tutta la vita\" loading=\"lazy\" decoding=\"async\" fetchpriority=\"low\" sizes=\"(max-width: 736px) 100vw, 736px\"\/><\/picture><\/div><\/div><\/figure>\n\n\n\n<div class=\"wp-block-sts-text sts-text-editor has-max-width-md\"><div class=\"sts-text-editor__content\"><div class=\"sts-text-editor__content-inner\">\n<p>Trascorrere del tempo in un paese diverso, conoscere le nostre diverse culture e le nostre diverse vite familiari ha creato tra di noi un legame che non abbiamo mai sperimentato con nessun\u2019altro. Le nostre esperienze comuni hanno creato una connessione unica e un rapporto di affetto che durer\u00e0 tutta la vita. Non ci siamo mai considerate semplici amiche, ci sentiamo davvero come due sorelle. Ci siamo sempre promesse di rimanere in contatto e che un giorno i nostri figli si sarebbero conosciuti, e siamo felicissime di aver potuto mantenere questa promessa!<\/p>\n<p>Quando siamo cresciute e abbiamo iniziato la nostra vita adulta, abbiamo continuato a rimanere in contatto attraverso le lettere. Non passava mai molto tempo senza che ci scrivessimo una lettera e ci tenessimo aggiornate sulle nostre vite. Scrivevamo delle nostre carriere, delle avventure divertenti che stavamo vivendo, delle persone che frequentavamo e dei dolori che avevamo subito. Nel 2002, da mamma single, Claudia invit\u00f2 me e mio figlio a partecipare al suo matrimonio con Jurgen e naturalmente ci andammo. Il mio cuore era pieno di gioia mentre guardavo mio figlio interagire con mia sorella tedesca e il suo nuovo marito. La nostra famiglia si stava allargando.\u201d<\/p>\n<p>\u201cQuando ero adolescente, a met\u00e0 degli anni &#x27;80, vivevo in un villaggio molto piccolo (Hitzacker) vicino ad Amburgo, in Germania. Sognavo l&#x27;America, una terra cos\u00ec lontana, cos\u00ec diversa. A quel tempo non c&#x27;erano n\u00e9 internet, n\u00e9 i social media, n\u00e9 i telefoni cellulari, ecc. e quindi era molto difficile avere l\u2019opportunit\u00e0 di partire.<\/p>\n<p>La mia insegnante nella nostra piccola scuola di Hitzacker mi parl\u00f2 dei programmi di scambio. Ho trovato l&#x27;indirizzo di un programma di scambio ad Amburgo nell&#x27;elenco telefonico e ho scritto loro una lettera. \u00c8 cos\u00ec che tutto \u00e8 iniziato.<\/p>\n<p>Nell&#x27;estate del 1985 abbiamo accolto Melinda nella nostra casa in Germania. Quell&#x27;esperienza mi convinse ad andare negli Stati Uniti un anno dopo e oggi devo dire che quell&#x27;anno di scambio ha cambiato la mia vita. Quando sono arrivata ero una ragazza di una piccola citt\u00e0, avevo 17 anni e non ero molto indipendente.<\/p>\n<\/div><\/div><\/div>\n\n\n\n<figure class=\"wp-block-sts-image sts-block-image sts-block-image--count-1 has-max-width-md\" data-count=\"1\"><div class=\"sts-block-image__grid\"><div class=\"sts-block-image__item\"><picture class=\"sts-responsive-image has-fit-cover has-pos-top is-skeleton\"><img src=\"https:\/\/cdn.sts-education.com\/12948_hero_md.jpg\" alt=\"Lo scambio culturale coltiva l&#x27;amicizia tra generazioni per tutta la vita\" loading=\"lazy\" decoding=\"async\" fetchpriority=\"low\" sizes=\"(max-width: 736px) 100vw, 736px\"\/><\/picture><\/div><\/div><\/figure>\n\n\n\n<div class=\"wp-block-sts-text sts-text-editor has-max-width-md\"><div class=\"sts-text-editor__content\"><div class=\"sts-text-editor__content-inner\">\n<p>Lasciare la mia casa, la mia famiglia e i miei amici in Germania mi ha aiutato molto a trovare la mia strada nel mondo. Non \u00e8 stato sempre facile stare in un Paese diverso con tante altre regole, ma mi ha reso molto pi\u00f9 forte. Ho imparato ad adattarmi e ad avere fiducia nelle mie capacit\u00e0 e questo ha portato ad un&#x27;amicizia che durer\u00e0 tutta la vita con la mia sorella americana Melinda. Sono molto grata per questo dono che ho ricevuto.<\/p>\n<p>Siamo sempre rimaste in contatto in tutti questi anni e ci siamo accompagnate in tutte le fasi della vita (l&#x27;inizio del lavoro, il matrimonio, i figli, ecc.) Oggi posso solo che spronare tutti i giovani affinch\u00e9 vadano all\u2019estero per fare un\u2019esperienza culturale. \u00c8 un viaggio meraviglioso che non si dimentica mai e che apre gli orizzonti per tutta la vita.<\/p>\n<p>Sono orgogliosa che mia figlia (Neele) sia una studentessa STS in questo momento e che stia con la meravigliosa famiglia di Melinda in Colorado.\u201d<\/p>\n<\/div><\/div><\/div>\n\n","protected":false},"excerpt":{"rendered":"","protected":false},"author":20,"featured_media":14915,"comment_status":"closed","ping_status":"closed","template":"","categories":[],"tags":[],"wpw_news_folders":[],"class_list":["post-11836","news","type-news","status-publish","has-post-thumbnail","hentry"],"acf":[],"yoast_head":"<!-- This site is optimized with the Yoast SEO Premium plugin v27.2 (Yoast SEO v27.2) - https:\/\/yoast.com\/product\/yoast-seo-premium-wordpress\/ -->\n<title>Lo scambio culturale coltiva l&#039;amicizia tra generazioni per tutta la vita<\/title>\n<meta name=\"robots\" content=\"index, follow, max-snippet:-1, max-image-preview:large, max-video-preview:-1\" \/>\n<link rel=\"canonical\" href=\"https:\/\/www.sts-education.com\/it\/news\/lo-scambio-culturale-coltiva-lamicizia-tra-generazioni-per-tutta-la-vita\/\" \/>\n<meta property=\"og:locale\" content=\"it_IT\" \/>\n<meta property=\"og:type\" content=\"article\" \/>\n<meta property=\"og:title\" content=\"Lo Scambio Culturale Coltiva Lamicizia Tra Generazioni Per Tutta La Vita\" \/>\n<meta property=\"og:url\" content=\"https:\/\/www.sts-education.com\/it\/news\/lo-scambio-culturale-coltiva-lamicizia-tra-generazioni-per-tutta-la-vita\/\" \/>\n<meta property=\"og:site_name\" content=\"STS Education\" \/>\n<meta property=\"article:modified_time\" content=\"2026-04-01T01:43:55+00:00\" \/>\n<meta property=\"og:image\" content=\"https:\/\/powered-by.qbank.se\/educatius\/sts\/\/5ae6765775a192cc87e85f993c9f2b05_1-1-thumb.webp\" \/>\n\t<meta property=\"og:image:width\" content=\"150\" \/>\n\t<meta property=\"og:image:height\" content=\"150\" \/>\n\t<meta property=\"og:image:type\" content=\"image\/jpeg\" \/>\n<meta name=\"twitter:card\" content=\"summary_large_image\" \/>\n<meta name=\"twitter:label1\" content=\"Tempo di lettura stimato\" \/>\n\t<meta name=\"twitter:data1\" content=\"8 minuti\" \/>\n<script type=\"application\/ld+json\" class=\"yoast-schema-graph\">{\"@context\":\"https:\/\/schema.org\",\"@graph\":[{\"@type\":\"WebPage\",\"@id\":\"https:\/\/www.sts-education.com\/it\/news\/lo-scambio-culturale-coltiva-lamicizia-tra-generazioni-per-tutta-la-vita\/\",\"url\":\"https:\/\/www.sts-education.com\/it\/news\/lo-scambio-culturale-coltiva-lamicizia-tra-generazioni-per-tutta-la-vita\/\",\"name\":\"Lo scambio culturale coltiva l'amicizia tra generazioni per tutta la vita\",\"isPartOf\":{\"@id\":\"https:\/\/www.sts-education.com\/it\/#website\"},\"primaryImageOfPage\":{\"@id\":\"https:\/\/www.sts-education.com\/it\/news\/lo-scambio-culturale-coltiva-lamicizia-tra-generazioni-per-tutta-la-vita\/#primaryimage\"},\"image\":{\"@id\":\"https:\/\/www.sts-education.com\/it\/news\/lo-scambio-culturale-coltiva-lamicizia-tra-generazioni-per-tutta-la-vita\/#primaryimage\"},\"thumbnailUrl\":\"https:\/\/powered-by.qbank.se\/educatius\/sts\/\/5ae6765775a192cc87e85f993c9f2b05_1-1-thumb.webp\",\"datePublished\":\"2024-03-05T12:48:12+00:00\",\"dateModified\":\"2026-04-01T01:43:55+00:00\",\"breadcrumb\":{\"@id\":\"https:\/\/www.sts-education.com\/it\/news\/lo-scambio-culturale-coltiva-lamicizia-tra-generazioni-per-tutta-la-vita\/#breadcrumb\"},\"inLanguage\":\"it-IT\",\"potentialAction\":[{\"@type\":\"ReadAction\",\"target\":[\"https:\/\/www.sts-education.com\/it\/news\/lo-scambio-culturale-coltiva-lamicizia-tra-generazioni-per-tutta-la-vita\/\"]}]},{\"@type\":\"ImageObject\",\"inLanguage\":\"it-IT\",\"@id\":\"https:\/\/www.sts-education.com\/it\/news\/lo-scambio-culturale-coltiva-lamicizia-tra-generazioni-per-tutta-la-vita\/#primaryimage\",\"url\":\"https:\/\/powered-by.qbank.se\/educatius\/sts\/\/5ae6765775a192cc87e85f993c9f2b05_1-1-thumb.webp\",\"contentUrl\":\"https:\/\/powered-by.qbank.se\/educatius\/sts\/\/5ae6765775a192cc87e85f993c9f2b05_1-1-thumb.webp\",\"width\":150,\"height\":150},{\"@type\":\"BreadcrumbList\",\"@id\":\"https:\/\/www.sts-education.com\/it\/news\/lo-scambio-culturale-coltiva-lamicizia-tra-generazioni-per-tutta-la-vita\/#breadcrumb\",\"itemListElement\":[{\"@type\":\"ListItem\",\"position\":1,\"name\":\"Home\",\"item\":\"https:\/\/www.sts-education.com\/it\/\"},{\"@type\":\"ListItem\",\"position\":2,\"name\":\"Lo Scambio Culturale Coltiva Lamicizia Tra Generazioni Per Tutta La Vita\"}]},{\"@type\":\"WebSite\",\"@id\":\"https:\/\/www.sts-education.com\/it\/#website\",\"url\":\"https:\/\/www.sts-education.com\/it\/\",\"name\":\"STS Education\",\"description\":\"\",\"potentialAction\":[{\"@type\":\"SearchAction\",\"target\":{\"@type\":\"EntryPoint\",\"urlTemplate\":\"https:\/\/www.sts-education.com\/it\/?s={search_term_string}\"},\"query-input\":{\"@type\":\"PropertyValueSpecification\",\"valueRequired\":true,\"valueName\":\"search_term_string\"}}],\"inLanguage\":\"it-IT\"}]}<\/script>\n<!-- \/ Yoast SEO Premium plugin. -->","yoast_head_json":{"title":"Lo scambio culturale coltiva l'amicizia tra generazioni per tutta la vita","robots":{"index":"index","follow":"follow","max-snippet":"max-snippet:-1","max-image-preview":"max-image-preview:large","max-video-preview":"max-video-preview:-1"},"canonical":"https:\/\/www.sts-education.com\/it\/news\/lo-scambio-culturale-coltiva-lamicizia-tra-generazioni-per-tutta-la-vita\/","og_locale":"it_IT","og_type":"article","og_title":"Lo Scambio Culturale Coltiva Lamicizia Tra Generazioni Per Tutta La Vita","og_url":"https:\/\/www.sts-education.com\/it\/news\/lo-scambio-culturale-coltiva-lamicizia-tra-generazioni-per-tutta-la-vita\/","og_site_name":"STS Education","article_modified_time":"2026-04-01T01:43:55+00:00","og_image":[{"width":150,"height":150,"url":"https:\/\/powered-by.qbank.se\/educatius\/sts\/\/5ae6765775a192cc87e85f993c9f2b05_1-1-thumb.webp","type":"image\/jpeg"}],"twitter_card":"summary_large_image","twitter_misc":{"Tempo di lettura stimato":"8 minuti"},"schema":{"@context":"https:\/\/schema.org","@graph":[{"@type":"WebPage","@id":"https:\/\/www.sts-education.com\/it\/news\/lo-scambio-culturale-coltiva-lamicizia-tra-generazioni-per-tutta-la-vita\/","url":"https:\/\/www.sts-education.com\/it\/news\/lo-scambio-culturale-coltiva-lamicizia-tra-generazioni-per-tutta-la-vita\/","name":"Lo scambio culturale coltiva l'amicizia tra generazioni per tutta la vita","isPartOf":{"@id":"https:\/\/www.sts-education.com\/it\/#website"},"primaryImageOfPage":{"@id":"https:\/\/www.sts-education.com\/it\/news\/lo-scambio-culturale-coltiva-lamicizia-tra-generazioni-per-tutta-la-vita\/#primaryimage"},"image":{"@id":"https:\/\/www.sts-education.com\/it\/news\/lo-scambio-culturale-coltiva-lamicizia-tra-generazioni-per-tutta-la-vita\/#primaryimage"},"thumbnailUrl":"https:\/\/powered-by.qbank.se\/educatius\/sts\/\/5ae6765775a192cc87e85f993c9f2b05_1-1-thumb.webp","datePublished":"2024-03-05T12:48:12+00:00","dateModified":"2026-04-01T01:43:55+00:00","breadcrumb":{"@id":"https:\/\/www.sts-education.com\/it\/news\/lo-scambio-culturale-coltiva-lamicizia-tra-generazioni-per-tutta-la-vita\/#breadcrumb"},"inLanguage":"it-IT","potentialAction":[{"@type":"ReadAction","target":["https:\/\/www.sts-education.com\/it\/news\/lo-scambio-culturale-coltiva-lamicizia-tra-generazioni-per-tutta-la-vita\/"]}]},{"@type":"ImageObject","inLanguage":"it-IT","@id":"https:\/\/www.sts-education.com\/it\/news\/lo-scambio-culturale-coltiva-lamicizia-tra-generazioni-per-tutta-la-vita\/#primaryimage","url":"https:\/\/powered-by.qbank.se\/educatius\/sts\/\/5ae6765775a192cc87e85f993c9f2b05_1-1-thumb.webp","contentUrl":"https:\/\/powered-by.qbank.se\/educatius\/sts\/\/5ae6765775a192cc87e85f993c9f2b05_1-1-thumb.webp","width":150,"height":150},{"@type":"BreadcrumbList","@id":"https:\/\/www.sts-education.com\/it\/news\/lo-scambio-culturale-coltiva-lamicizia-tra-generazioni-per-tutta-la-vita\/#breadcrumb","itemListElement":[{"@type":"ListItem","position":1,"name":"Home","item":"https:\/\/www.sts-education.com\/it\/"},{"@type":"ListItem","position":2,"name":"Lo Scambio Culturale Coltiva Lamicizia Tra Generazioni Per Tutta La Vita"}]},{"@type":"WebSite","@id":"https:\/\/www.sts-education.com\/it\/#website","url":"https:\/\/www.sts-education.com\/it\/","name":"STS Education","description":"","potentialAction":[{"@type":"SearchAction","target":{"@type":"EntryPoint","urlTemplate":"https:\/\/www.sts-education.com\/it\/?s={search_term_string}"},"query-input":{"@type":"PropertyValueSpecification","valueRequired":true,"valueName":"search_term_string"}}],"inLanguage":"it-IT"}]}},"_links":{"self":[{"href":"https:\/\/www.sts-education.com\/it\/wp-json\/wp\/v2\/news\/11836","targetHints":{"allow":["GET"]}}],"collection":[{"href":"https:\/\/www.sts-education.com\/it\/wp-json\/wp\/v2\/news"}],"about":[{"href":"https:\/\/www.sts-education.com\/it\/wp-json\/wp\/v2\/types\/news"}],"author":[{"embeddable":true,"href":"https:\/\/www.sts-education.com\/it\/wp-json\/wp\/v2\/users\/20"}],"replies":[{"embeddable":true,"href":"https:\/\/www.sts-education.com\/it\/wp-json\/wp\/v2\/comments?post=11836"}],"version-history":[{"count":2,"href":"https:\/\/www.sts-education.com\/it\/wp-json\/wp\/v2\/news\/11836\/revisions"}],"predecessor-version":[{"id":18131,"href":"https:\/\/www.sts-education.com\/it\/wp-json\/wp\/v2\/news\/11836\/revisions\/18131"}],"wp:featuredmedia":[{"embeddable":true,"href":"https:\/\/www.sts-education.com\/it\/wp-json\/wp\/v2\/media\/14915"}],"wp:attachment":[{"href":"https:\/\/www.sts-education.com\/it\/wp-json\/wp\/v2\/media?parent=11836"}],"wp:term":[{"taxonomy":"category","embeddable":true,"href":"https:\/\/www.sts-education.com\/it\/wp-json\/wp\/v2\/categories?post=11836"},{"taxonomy":"post_tag","embeddable":true,"href":"https:\/\/www.sts-education.com\/it\/wp-json\/wp\/v2\/tags?post=11836"},{"taxonomy":"wpw_news_folders","embeddable":true,"href":"https:\/\/www.sts-education.com\/it\/wp-json\/wp\/v2\/wpw_news_folders?post=11836"}],"curies":[{"name":"wp","href":"https:\/\/api.w.org\/{rel}","templated":true}]}}