{"id":11844,"date":"2022-11-28T14:00:00","date_gmt":"2022-11-28T14:00:00","guid":{"rendered":"https:\/\/preprod.sts-education.com\/about-us\/news\/il-fondatore-di-sts-compie-90-anni\/"},"modified":"2026-04-01T01:47:45","modified_gmt":"2026-04-01T01:47:45","slug":"il-fondatore-di-sts-compie-90-anni","status":"publish","type":"news","link":"https:\/\/www.sts-education.com\/it\/news\/il-fondatore-di-sts-compie-90-anni\/","title":{"rendered":"Il Fondatore Di Sts Compie 90 Anni"},"content":{"rendered":"\n<div class=\"wp-block-sts-text sts-text-editor has-max-width-md\"><div class=\"sts-text-editor__content\"><div class=\"sts-text-editor__content-inner\">\n<h1 style=\"text-align:center\">Il fondatore di STS compie 90 anni<\/h1>\n<\/div><\/div><\/div>\n\n\n\n<figure class=\"wp-block-sts-image sts-block-image sts-block-image--count-1 has-max-width-md\" data-count=\"1\"><div class=\"sts-block-image__grid\"><div class=\"sts-block-image__item\"><picture class=\"sts-responsive-image has-fit-cover has-pos-top is-skeleton\"><img src=\"https:\/\/cdn.sts-education.com\/12397_hero_lg_xl.jpg\" alt=\"Il fondatore di STS compie 90 anni\" loading=\"lazy\" decoding=\"async\" fetchpriority=\"low\" sizes=\"(max-width: 736px) 100vw, 736px\"\/><\/picture><\/div><\/div><\/figure>\n\n\n\n<div class=\"wp-block-sts-text sts-text-editor has-max-width-md\"><div class=\"sts-text-editor__content\"><div class=\"sts-text-editor__content-inner\">\n<p>Oggi, 28 novembre 2022, il fondatore di STS, Lars Magnusson, compie 90 anni.<\/p>\n<p>Dare ai giovani l&#x27;opportunit\u00e0 di imparare \u00e8 stata la passione di Lars per tutta la vita.<\/p>\n<p>Gi\u00e0 a vent&#x27;anni, Lars organizz\u00f2 corsi di lingue e matematica per coloro che avevano difficolt\u00e0 a scuola. Il piccolo appartamento di Ethel, la sua fidanzata e poi moglie, fu utilizzato come aula. Fu temporaneamente riarredato per ospitare la lavagna e gli studenti. In seguito, le lezioni furono spostate nelle aule delle scuole dopo gli orari regolari di scuola.<\/p>\n<\/div><\/div><\/div>\n\n\n\n<figure class=\"wp-block-sts-image sts-block-image sts-block-image--count-1 has-max-width-md\" data-count=\"1\"><div class=\"sts-block-image__grid\"><div class=\"sts-block-image__item\"><picture class=\"sts-responsive-image has-fit-cover has-pos-top is-skeleton\"><img src=\"https:\/\/cdn.sts-education.com\/12538_hero_md.jpg\" alt=\"Il fondatore di STS compie 90 anni\" loading=\"lazy\" decoding=\"async\" fetchpriority=\"low\" sizes=\"(max-width: 736px) 100vw, 736px\"\/><\/picture><\/div><\/div><\/figure>\n\n\n\n<div class=\"wp-block-sts-text sts-text-editor has-max-width-md\"><div class=\"sts-text-editor__content\"><div class=\"sts-text-editor__content-inner\">\n<p>\u201cAll&#x27;epoca era comune mandare gli studenti a lezioni private, ma ho imparato che laddove c\u2019\u00e8 un buon rapporto con l\u2019insegnante, anche dei piccoli gruppi studio offrono l\u2019atmosfera adatta ad imparare. In questo modo \u00e8 anche possibile imparare non solo dall\u2019insegnante, ma anche l\u2019uno dall\u2019altro. Noi, che eravamo pi\u00f9 grandi, abbiamo cominciato ad insegnare ai pi\u00f9 piccoli.\u201d<\/p>\n<p>Ma Lars voleva di pi\u00f9 di semplici lezioni tenute in aula e vedeva il potenziale dell&#x27;apprendimento delle lingue in un contesto internazionale. Si rese presto conto che una lingua si impara meglio dove viene parlata. Detto fatto, quasi 65 anni fa, nell&#x27;estate del 1958, Lars viaggi\u00f2 con i suoi primi studenti di viaggi linguistici in Austria per praticare il tedesco. Aveva creato il primo viaggio linguistico! Il successo fu immediato e l&#x27;anno successivo ben 600 studenti si recarono in Inghilterra per un viaggio d\u2019istruzione. Pochi anni dopo, oltre 2000 studenti partecipavano ai viaggi linguistici di Lars ogni estate. Lars fu un pioniere e divenne il primo organizzatore al mondo di viaggi linguistici di gruppo.<\/p>\n<p>\u201cHo avuto la fortuna di avere una buona idea imprenditoriale, potendo lavorare con ci\u00f2 che mi piace di pi\u00f9\u201d.<\/p>\n<p>Dopo aver lavorato per alcuni anni con i soggiorni linguistici, Lars ha continuato sulla stessa strada. Nel 1971 inizi\u00f2 a organizzare programmi di scambio tra scuole superiori, permettendo agli studenti di frequentare istituti scolastici negli Stati Uniti. Questa era una grande opportunit\u00e0 per i giovani di allora e lo \u00e8 ancora oggi. In seguito, Lars aggiunse al suo portafoglio prodotti i programmi per \u201cragazzi alla pari\u201d, corsi di lingua per adulti e programmi di studi accademici in tutto il mondo.<\/p>\n<p>Oltre all&#x27;attivit\u00e0 linguistica e formativa, Lars ha creato nuovi business fondando STS Alpresor nel 1976 e STS Solresor nel 1989. Nel 1997 ha fondato City Airline con voli diretti da G\u00f6teborg, la seconda citt\u00e0 pi\u00f9 grande della Svezia, verso una serie di destinazioni, per rendere la citt\u00e0 pi\u00f9 attraente e accessibile. Essendo nato e cresciuto a G\u00f6teborg, Lars ha sempre avuto la sua citt\u00e0 a cuore e ha lavorato con determinazione per sviluppare G\u00f6teborg e tutta la regione. Nel 1999 ha ricevuto un premio onorario per il suo lavoro, il distintivo di merito della citt\u00e0 di G\u00f6teborg.<\/p>\n<p>STS Education e STS Alpresor proseguono ora all&#x27;interno della famiglia. Lars ed Ethel, che hanno lavorato insieme per tutti gli anni, sono in pensione dal 2016. Ethel, che ha compiuto 92 anni, spazza le foglie davanti alla casa in cui vivono dal 1964 e poi scende dalla collina per andare a prendere la posta e i giornali. Lars legge ancora con attenzione i suoi giornali ogni giorno. Nuota regolarmente e ama ascoltare la musica. Suona sia il pianoforte che la fisarmonica. Ma non suona in base alle note: \u201cSuono a orecchio. Cos\u00ec posso suonare quello che voglio\u201d, dice Lars con un sorriso.<\/p>\n<\/div><\/div><\/div>\n\n","protected":false},"excerpt":{"rendered":"","protected":false},"author":20,"featured_media":14930,"comment_status":"closed","ping_status":"closed","template":"","categories":[],"tags":[],"wpw_news_folders":[],"class_list":["post-11844","news","type-news","status-publish","has-post-thumbnail","hentry"],"acf":[],"yoast_head":"<!-- This site is optimized with the Yoast SEO Premium plugin v27.2 (Yoast SEO v27.2) - https:\/\/yoast.com\/product\/yoast-seo-premium-wordpress\/ -->\n<title>Il fondatore di STS compie 90 anni<\/title>\n<meta name=\"description\" content=\"Oggi, 28 novembre 2022, il fondatore di STS, Lars Magnusson, compie 90 anni.\" \/>\n<meta name=\"robots\" content=\"index, follow, max-snippet:-1, max-image-preview:large, max-video-preview:-1\" \/>\n<link rel=\"canonical\" href=\"https:\/\/www.sts-education.com\/it\/news\/il-fondatore-di-sts-compie-90-anni\/\" \/>\n<meta property=\"og:locale\" content=\"it_IT\" \/>\n<meta property=\"og:type\" content=\"article\" \/>\n<meta property=\"og:title\" content=\"Il Fondatore Di Sts Compie 90 Anni\" \/>\n<meta property=\"og:description\" content=\"Oggi, 28 novembre 2022, il fondatore di STS, Lars Magnusson, compie 90 anni.\" \/>\n<meta property=\"og:url\" content=\"https:\/\/www.sts-education.com\/it\/news\/il-fondatore-di-sts-compie-90-anni\/\" \/>\n<meta property=\"og:site_name\" content=\"STS Education\" \/>\n<meta property=\"article:modified_time\" content=\"2026-04-01T01:47:45+00:00\" \/>\n<meta property=\"og:image\" content=\"https:\/\/powered-by.qbank.se\/educatius\/sts\/\/bbbd50c8e8f42092a9ad0e8842d3245b_1-1-thumb.webp\" \/>\n\t<meta property=\"og:image:width\" content=\"150\" \/>\n\t<meta property=\"og:image:height\" content=\"150\" \/>\n\t<meta property=\"og:image:type\" content=\"image\/jpeg\" \/>\n<meta name=\"twitter:card\" content=\"summary_large_image\" \/>\n<meta name=\"twitter:label1\" content=\"Tempo di lettura stimato\" \/>\n\t<meta name=\"twitter:data1\" content=\"3 minuti\" \/>\n<script type=\"application\/ld+json\" class=\"yoast-schema-graph\">{\"@context\":\"https:\/\/schema.org\",\"@graph\":[{\"@type\":\"WebPage\",\"@id\":\"https:\/\/www.sts-education.com\/it\/news\/il-fondatore-di-sts-compie-90-anni\/\",\"url\":\"https:\/\/www.sts-education.com\/it\/news\/il-fondatore-di-sts-compie-90-anni\/\",\"name\":\"Il fondatore di STS compie 90 anni\",\"isPartOf\":{\"@id\":\"https:\/\/www.sts-education.com\/it\/#website\"},\"primaryImageOfPage\":{\"@id\":\"https:\/\/www.sts-education.com\/it\/news\/il-fondatore-di-sts-compie-90-anni\/#primaryimage\"},\"image\":{\"@id\":\"https:\/\/www.sts-education.com\/it\/news\/il-fondatore-di-sts-compie-90-anni\/#primaryimage\"},\"thumbnailUrl\":\"https:\/\/powered-by.qbank.se\/educatius\/sts\/\/bbbd50c8e8f42092a9ad0e8842d3245b_1-1-thumb.webp\",\"datePublished\":\"2022-11-28T14:00:00+00:00\",\"dateModified\":\"2026-04-01T01:47:45+00:00\",\"description\":\"Oggi, 28 novembre 2022, il fondatore di STS, Lars Magnusson, compie 90 anni.\",\"breadcrumb\":{\"@id\":\"https:\/\/www.sts-education.com\/it\/news\/il-fondatore-di-sts-compie-90-anni\/#breadcrumb\"},\"inLanguage\":\"it-IT\",\"potentialAction\":[{\"@type\":\"ReadAction\",\"target\":[\"https:\/\/www.sts-education.com\/it\/news\/il-fondatore-di-sts-compie-90-anni\/\"]}]},{\"@type\":\"ImageObject\",\"inLanguage\":\"it-IT\",\"@id\":\"https:\/\/www.sts-education.com\/it\/news\/il-fondatore-di-sts-compie-90-anni\/#primaryimage\",\"url\":\"https:\/\/powered-by.qbank.se\/educatius\/sts\/\/bbbd50c8e8f42092a9ad0e8842d3245b_1-1-thumb.webp\",\"contentUrl\":\"https:\/\/powered-by.qbank.se\/educatius\/sts\/\/bbbd50c8e8f42092a9ad0e8842d3245b_1-1-thumb.webp\",\"width\":150,\"height\":150},{\"@type\":\"BreadcrumbList\",\"@id\":\"https:\/\/www.sts-education.com\/it\/news\/il-fondatore-di-sts-compie-90-anni\/#breadcrumb\",\"itemListElement\":[{\"@type\":\"ListItem\",\"position\":1,\"name\":\"Home\",\"item\":\"https:\/\/www.sts-education.com\/it\/\"},{\"@type\":\"ListItem\",\"position\":2,\"name\":\"Il Fondatore Di Sts Compie 90 Anni\"}]},{\"@type\":\"WebSite\",\"@id\":\"https:\/\/www.sts-education.com\/it\/#website\",\"url\":\"https:\/\/www.sts-education.com\/it\/\",\"name\":\"STS Education\",\"description\":\"\",\"potentialAction\":[{\"@type\":\"SearchAction\",\"target\":{\"@type\":\"EntryPoint\",\"urlTemplate\":\"https:\/\/www.sts-education.com\/it\/?s={search_term_string}\"},\"query-input\":{\"@type\":\"PropertyValueSpecification\",\"valueRequired\":true,\"valueName\":\"search_term_string\"}}],\"inLanguage\":\"it-IT\"}]}<\/script>\n<!-- \/ Yoast SEO Premium plugin. -->","yoast_head_json":{"title":"Il fondatore di STS compie 90 anni","description":"Oggi, 28 novembre 2022, il fondatore di STS, Lars Magnusson, compie 90 anni.","robots":{"index":"index","follow":"follow","max-snippet":"max-snippet:-1","max-image-preview":"max-image-preview:large","max-video-preview":"max-video-preview:-1"},"canonical":"https:\/\/www.sts-education.com\/it\/news\/il-fondatore-di-sts-compie-90-anni\/","og_locale":"it_IT","og_type":"article","og_title":"Il Fondatore Di Sts Compie 90 Anni","og_description":"Oggi, 28 novembre 2022, il fondatore di STS, Lars Magnusson, compie 90 anni.","og_url":"https:\/\/www.sts-education.com\/it\/news\/il-fondatore-di-sts-compie-90-anni\/","og_site_name":"STS Education","article_modified_time":"2026-04-01T01:47:45+00:00","og_image":[{"width":150,"height":150,"url":"https:\/\/powered-by.qbank.se\/educatius\/sts\/\/bbbd50c8e8f42092a9ad0e8842d3245b_1-1-thumb.webp","type":"image\/jpeg"}],"twitter_card":"summary_large_image","twitter_misc":{"Tempo di lettura stimato":"3 minuti"},"schema":{"@context":"https:\/\/schema.org","@graph":[{"@type":"WebPage","@id":"https:\/\/www.sts-education.com\/it\/news\/il-fondatore-di-sts-compie-90-anni\/","url":"https:\/\/www.sts-education.com\/it\/news\/il-fondatore-di-sts-compie-90-anni\/","name":"Il fondatore di STS compie 90 anni","isPartOf":{"@id":"https:\/\/www.sts-education.com\/it\/#website"},"primaryImageOfPage":{"@id":"https:\/\/www.sts-education.com\/it\/news\/il-fondatore-di-sts-compie-90-anni\/#primaryimage"},"image":{"@id":"https:\/\/www.sts-education.com\/it\/news\/il-fondatore-di-sts-compie-90-anni\/#primaryimage"},"thumbnailUrl":"https:\/\/powered-by.qbank.se\/educatius\/sts\/\/bbbd50c8e8f42092a9ad0e8842d3245b_1-1-thumb.webp","datePublished":"2022-11-28T14:00:00+00:00","dateModified":"2026-04-01T01:47:45+00:00","description":"Oggi, 28 novembre 2022, il fondatore di STS, Lars Magnusson, compie 90 anni.","breadcrumb":{"@id":"https:\/\/www.sts-education.com\/it\/news\/il-fondatore-di-sts-compie-90-anni\/#breadcrumb"},"inLanguage":"it-IT","potentialAction":[{"@type":"ReadAction","target":["https:\/\/www.sts-education.com\/it\/news\/il-fondatore-di-sts-compie-90-anni\/"]}]},{"@type":"ImageObject","inLanguage":"it-IT","@id":"https:\/\/www.sts-education.com\/it\/news\/il-fondatore-di-sts-compie-90-anni\/#primaryimage","url":"https:\/\/powered-by.qbank.se\/educatius\/sts\/\/bbbd50c8e8f42092a9ad0e8842d3245b_1-1-thumb.webp","contentUrl":"https:\/\/powered-by.qbank.se\/educatius\/sts\/\/bbbd50c8e8f42092a9ad0e8842d3245b_1-1-thumb.webp","width":150,"height":150},{"@type":"BreadcrumbList","@id":"https:\/\/www.sts-education.com\/it\/news\/il-fondatore-di-sts-compie-90-anni\/#breadcrumb","itemListElement":[{"@type":"ListItem","position":1,"name":"Home","item":"https:\/\/www.sts-education.com\/it\/"},{"@type":"ListItem","position":2,"name":"Il Fondatore Di Sts Compie 90 Anni"}]},{"@type":"WebSite","@id":"https:\/\/www.sts-education.com\/it\/#website","url":"https:\/\/www.sts-education.com\/it\/","name":"STS Education","description":"","potentialAction":[{"@type":"SearchAction","target":{"@type":"EntryPoint","urlTemplate":"https:\/\/www.sts-education.com\/it\/?s={search_term_string}"},"query-input":{"@type":"PropertyValueSpecification","valueRequired":true,"valueName":"search_term_string"}}],"inLanguage":"it-IT"}]}},"_links":{"self":[{"href":"https:\/\/www.sts-education.com\/it\/wp-json\/wp\/v2\/news\/11844","targetHints":{"allow":["GET"]}}],"collection":[{"href":"https:\/\/www.sts-education.com\/it\/wp-json\/wp\/v2\/news"}],"about":[{"href":"https:\/\/www.sts-education.com\/it\/wp-json\/wp\/v2\/types\/news"}],"author":[{"embeddable":true,"href":"https:\/\/www.sts-education.com\/it\/wp-json\/wp\/v2\/users\/20"}],"replies":[{"embeddable":true,"href":"https:\/\/www.sts-education.com\/it\/wp-json\/wp\/v2\/comments?post=11844"}],"version-history":[{"count":2,"href":"https:\/\/www.sts-education.com\/it\/wp-json\/wp\/v2\/news\/11844\/revisions"}],"predecessor-version":[{"id":18228,"href":"https:\/\/www.sts-education.com\/it\/wp-json\/wp\/v2\/news\/11844\/revisions\/18228"}],"wp:featuredmedia":[{"embeddable":true,"href":"https:\/\/www.sts-education.com\/it\/wp-json\/wp\/v2\/media\/14930"}],"wp:attachment":[{"href":"https:\/\/www.sts-education.com\/it\/wp-json\/wp\/v2\/media?parent=11844"}],"wp:term":[{"taxonomy":"category","embeddable":true,"href":"https:\/\/www.sts-education.com\/it\/wp-json\/wp\/v2\/categories?post=11844"},{"taxonomy":"post_tag","embeddable":true,"href":"https:\/\/www.sts-education.com\/it\/wp-json\/wp\/v2\/tags?post=11844"},{"taxonomy":"wpw_news_folders","embeddable":true,"href":"https:\/\/www.sts-education.com\/it\/wp-json\/wp\/v2\/wpw_news_folders?post=11844"}],"curies":[{"name":"wp","href":"https:\/\/api.w.org\/{rel}","templated":true}]}}