{"id":11768,"date":"2024-10-21T14:00:00","date_gmt":"2024-10-21T14:00:00","guid":{"rendered":"https:\/\/preprod.sts-education.com\/blog\/2026\/03\/05\/matteo-e-stato-un-exchange-student-in-germania\/"},"modified":"2026-04-14T10:16:47","modified_gmt":"2026-04-14T10:16:47","slug":"matteo-e-stato-un-exchange-student-in-germania","status":"publish","type":"post","link":"https:\/\/www.sts-education.com\/it\/high-school\/foto-e-video-dei-nostri-studenti-exchange\/gli-studenti-sts-raccontano\/matteo-e-stato-un-exchange-student-in-germania\/","title":{"rendered":"Matteo E Stato Un Exchange Student In Germania"},"content":{"rendered":"\n<div class=\"wp-block-sts-text sts-text-editor has-max-width-md\"><div class=\"sts-text-editor__content\"><div class=\"sts-text-editor__content-inner\">\n<h1 style=\"text-align:center\">Matteo \u00e8 stato un exchange student in Germania<\/h1>\n<\/div><\/div><\/div>\n\n\n\n<figure class=\"wp-block-sts-image sts-block-image sts-block-image--count-1 has-max-width-md\" data-count=\"1\"><div class=\"sts-block-image__grid\"><div class=\"sts-block-image__item\"><picture class=\"sts-responsive-image has-fit-cover has-pos-top is-skeleton\"><img src=\"https:\/\/cdn.sts-education.com\/13343_hero_md.jpg\" alt=\"Matteo \u00e8 stato un exchange student in Germania\" loading=\"lazy\" decoding=\"async\" fetchpriority=\"low\" sizes=\"(max-width: 736px) 100vw, 736px\"\/><\/picture><\/div><\/div><\/figure>\n\n\n\n<div class=\"wp-block-sts-text sts-text-editor has-max-width-md\"><div class=\"sts-text-editor__content\"><div class=\"sts-text-editor__content-inner\">\n<p><em>Ciao, sono Matteo, vengo dall\u2019Italia e ho 19 anni. Nell&#x27;agosto del 2022 ho iniziato la mia esperienza all\u2019estero in Germania. Sono rimasto l\u00ec fino a giugno 2023, quindi per un intero anno scolastico.<\/em><\/p>\n<\/div><\/div><\/div>\n\n\n\n<div class=\"wp-block-sts-text sts-text-editor has-max-width-md\"><div class=\"sts-text-editor__content\"><div class=\"sts-text-editor__content-inner\">\n<p>Ho scelto la Germania perch\u00e9 a scuola in Italia studiavo gi\u00e0 il tedesco come lingua straniera ed un anno l\u00ec era la migliore opportunit\u00e0 per migliorare le mie conoscenze linguistiche e la mia indipendenza.<\/p>\n<p>La scuola che ho frequentato \u00e8 stata molto accogliente e mi sono subito sentito parte di essa, anche se non \u00e8 stato facile fare amicizia all\u2019inizio.<\/p>\n<p>La cosa migliore del mio anno di scambio \u00e8 stata senza dubbio la mia famiglia ospitante. Ci siamo divertiti molto insieme e abbiamo visitato nuovi luoghi e citt\u00e0, come Amburgo e Brema. Uno dei pi\u00f9 bei ricordi che custodisco \u00e8 stato il mio 18\u00b0 compleanno. La mia famiglia ospitante ha organizzato per me una festa, mi hanno fatto sentire davvero molto speciale!<\/p>\n<p>All&#x27;inizio \u00e8 stato molto difficile adattarsi allo stile di vita tedesco, non mi aspettavo di subire uno shock culturale cos\u00ec grande. Grazie alle esperienze che ho fatto per\u00f2, \u00e8 stato gradualmente pi\u00f9 facile inserirmi nella nuova routine.<\/p>\n<p>Alla fine del mio anno all\u2019estero mi sono sentito completo, e mi sono presto reso conto di essere migliorato moltissimo a livello personale. Non ho dubbi sul consigliare o meno quest\u2019esperienza, \u00e8 davvero un\u2019occasione incredibile, ti dona una nuova prospettiva sulla vita e ti permette di maturare esponenzialmente come persona.<\/p>\n<p>Sar\u00f2 sempre grato a STS per avermi permesso di vivere tutto questo. Sono sempre stati pronti a soddisfare le mie richieste e a farmi sentire a casa. Il Welcome Camp \u00e8 stato quello che ci voleva per ambientarsi in fretta e conoscere gi\u00e0 moltissimi altri exchange students.<\/p>\n<p>Alle persone che stanno leggendo, voglio solo dire di non avere paura di provare qualcosa di nuovo e di partire per il vostro anno all\u2019estero! Fate pi\u00f9 esperienze possibili, perch\u00e9 contribuiranno alla vostra crescita personale e vi aiuteranno a capire cosa volete davvero per voi stessi ed il vostro futuro.<\/p>\n<p>Quindi forza, che il vostro anno all\u2019estero possa realizzarsi!<\/p>\n<h2>Per saperne di pi\u00f9<\/h2>\n<ul><li>Leggi altre storie di <a href=\"https:\/\/www.sts-education.com\/it\/high-school\/foto-e-video-dei-nostri-studenti-exchange\/gli-studenti-sts-raccontano\/?hashtag=Germania\">studenti dalla Germania<\/a><\/li>\n<li>Leggi di pi\u00f9 su un <a href=\"https:\/\/www.sts-education.com\/it\/high-school\/destinazioni\/europa\/germania\/\">anno all&#x27;estero in Germania<\/a><\/li>\n<li><span>Guarda tutte le nostre <a href=\"\/it\/high-school\/tripfinder\/\">destinazioni per il tuo anno all&#x27;estero<\/a><\/span><\/li><\/ul>\n<\/div><\/div><\/div>\n","protected":false},"excerpt":{"rendered":"","protected":false},"author":20,"featured_media":13686,"comment_status":"open","ping_status":"open","sticky":false,"template":"","format":"standard","meta":{"_acf_changed":false,"_yoast_wpseo_title":"Matteo \u00e8 stato un exchange student in Germania","_yoast_wpseo_metadesc":"La cosa migliore del mio anno di scambio \u00e8 stata senza dubbio la mia famiglia ospitante. Ci siamo divertiti molto insieme e abbiamo visitato nuovi luoghi e citt\u00e0, come Amburgo e Brema.","footnotes":""},"categories":[274],"tags":[963],"wpw_post_folders":[],"class_list":["post-11768","post","type-post","status-publish","format-standard","has-post-thumbnail","hentry","category-senza-categoria","tag-germania"],"acf":[],"yoast_head":"<!-- This site is optimized with the Yoast SEO Premium plugin v27.2 (Yoast SEO v27.2) - https:\/\/yoast.com\/product\/yoast-seo-premium-wordpress\/ -->\n<title>Matteo \u00e8 stato un exchange student in Germania<\/title>\n<meta name=\"description\" content=\"La cosa migliore del mio anno di scambio \u00e8 stata senza dubbio la mia famiglia ospitante. Ci siamo divertiti molto insieme e abbiamo visitato nuovi luoghi e citt\u00e0, come Amburgo e Brema.\" \/>\n<meta name=\"robots\" content=\"index, follow, max-snippet:-1, max-image-preview:large, max-video-preview:-1\" \/>\n<link rel=\"canonical\" href=\"https:\/\/www.sts-education.com\/it\/high-school\/foto-e-video-dei-nostri-studenti-exchange\/gli-studenti-sts-raccontano\/matteo-e-stato-un-exchange-student-in-germania\/\" \/>\n<meta property=\"og:locale\" content=\"it_IT\" \/>\n<meta property=\"og:type\" content=\"article\" \/>\n<meta property=\"og:title\" content=\"Matteo E Stato Un Exchange Student In Germania\" \/>\n<meta property=\"og:description\" content=\"La cosa migliore del mio anno di scambio \u00e8 stata senza dubbio la mia famiglia ospitante. Ci siamo divertiti molto insieme e abbiamo visitato nuovi luoghi e citt\u00e0, come Amburgo e Brema.\" \/>\n<meta property=\"og:url\" content=\"https:\/\/www.sts-education.com\/it\/high-school\/foto-e-video-dei-nostri-studenti-exchange\/gli-studenti-sts-raccontano\/matteo-e-stato-un-exchange-student-in-germania\/\" \/>\n<meta property=\"og:site_name\" content=\"STS Education\" \/>\n<meta property=\"article:published_time\" content=\"2024-10-21T14:00:00+00:00\" \/>\n<meta property=\"article:modified_time\" content=\"2026-04-14T10:16:47+00:00\" \/>\n<meta property=\"og:image\" content=\"https:\/\/powered-by.qbank.se\/educatius\/sts\/\/3ee9103dcaab55d5ff8d5a1bcc25b8d8_1-1-thumb.webp\" \/>\n\t<meta property=\"og:image:width\" content=\"150\" \/>\n\t<meta property=\"og:image:height\" content=\"150\" \/>\n\t<meta property=\"og:image:type\" content=\"image\/png\" \/>\n<meta name=\"author\" content=\"syncreadwrite\" \/>\n<meta name=\"twitter:card\" content=\"summary_large_image\" \/>\n<meta name=\"twitter:label1\" content=\"Scritto da\" \/>\n\t<meta name=\"twitter:data1\" content=\"syncreadwrite\" \/>\n\t<meta name=\"twitter:label2\" content=\"Tempo di lettura stimato\" \/>\n\t<meta name=\"twitter:data2\" content=\"2 minuti\" \/>\n<script type=\"application\/ld+json\" class=\"yoast-schema-graph\">{\"@context\":\"https:\/\/schema.org\",\"@graph\":[{\"@type\":\"Article\",\"@id\":\"https:\/\/www.sts-education.com\/it\/high-school\/foto-e-video-dei-nostri-studenti-exchange\/gli-studenti-sts-raccontano\/matteo-e-stato-un-exchange-student-in-germania\/#article\",\"isPartOf\":{\"@id\":\"https:\/\/www.sts-education.com\/it\/high-school\/foto-e-video-dei-nostri-studenti-exchange\/gli-studenti-sts-raccontano\/matteo-e-stato-un-exchange-student-in-germania\/\"},\"author\":{\"name\":\"syncreadwrite\",\"@id\":\"https:\/\/www.sts-education.com\/it\/#\/schema\/person\/8b82f3a2e45f020b8f296d7a85d9a97c\"},\"headline\":\"Matteo E Stato Un Exchange Student In Germania\",\"datePublished\":\"2024-10-21T14:00:00+00:00\",\"dateModified\":\"2026-04-14T10:16:47+00:00\",\"mainEntityOfPage\":{\"@id\":\"https:\/\/www.sts-education.com\/it\/high-school\/foto-e-video-dei-nostri-studenti-exchange\/gli-studenti-sts-raccontano\/matteo-e-stato-un-exchange-student-in-germania\/\"},\"wordCount\":397,\"commentCount\":0,\"image\":{\"@id\":\"https:\/\/www.sts-education.com\/it\/high-school\/foto-e-video-dei-nostri-studenti-exchange\/gli-studenti-sts-raccontano\/matteo-e-stato-un-exchange-student-in-germania\/#primaryimage\"},\"thumbnailUrl\":\"https:\/\/powered-by.qbank.se\/educatius\/sts\/\/3ee9103dcaab55d5ff8d5a1bcc25b8d8_1-1-thumb.webp\",\"keywords\":[\"Germania\"],\"inLanguage\":\"it-IT\",\"potentialAction\":[{\"@type\":\"CommentAction\",\"name\":\"Comment\",\"target\":[\"https:\/\/www.sts-education.com\/it\/high-school\/foto-e-video-dei-nostri-studenti-exchange\/gli-studenti-sts-raccontano\/matteo-e-stato-un-exchange-student-in-germania\/#respond\"]}]},{\"@type\":\"WebPage\",\"@id\":\"https:\/\/www.sts-education.com\/it\/high-school\/foto-e-video-dei-nostri-studenti-exchange\/gli-studenti-sts-raccontano\/matteo-e-stato-un-exchange-student-in-germania\/\",\"url\":\"https:\/\/www.sts-education.com\/it\/high-school\/foto-e-video-dei-nostri-studenti-exchange\/gli-studenti-sts-raccontano\/matteo-e-stato-un-exchange-student-in-germania\/\",\"name\":\"Matteo \u00e8 stato un exchange student in Germania\",\"isPartOf\":{\"@id\":\"https:\/\/www.sts-education.com\/it\/#website\"},\"primaryImageOfPage\":{\"@id\":\"https:\/\/www.sts-education.com\/it\/high-school\/foto-e-video-dei-nostri-studenti-exchange\/gli-studenti-sts-raccontano\/matteo-e-stato-un-exchange-student-in-germania\/#primaryimage\"},\"image\":{\"@id\":\"https:\/\/www.sts-education.com\/it\/high-school\/foto-e-video-dei-nostri-studenti-exchange\/gli-studenti-sts-raccontano\/matteo-e-stato-un-exchange-student-in-germania\/#primaryimage\"},\"thumbnailUrl\":\"https:\/\/powered-by.qbank.se\/educatius\/sts\/\/3ee9103dcaab55d5ff8d5a1bcc25b8d8_1-1-thumb.webp\",\"datePublished\":\"2024-10-21T14:00:00+00:00\",\"dateModified\":\"2026-04-14T10:16:47+00:00\",\"author\":{\"@id\":\"https:\/\/www.sts-education.com\/it\/#\/schema\/person\/8b82f3a2e45f020b8f296d7a85d9a97c\"},\"description\":\"La cosa migliore del mio anno di scambio \u00e8 stata senza dubbio la mia famiglia ospitante. Ci siamo divertiti molto insieme e abbiamo visitato nuovi luoghi e citt\u00e0, come Amburgo e Brema.\",\"breadcrumb\":{\"@id\":\"https:\/\/www.sts-education.com\/it\/high-school\/foto-e-video-dei-nostri-studenti-exchange\/gli-studenti-sts-raccontano\/matteo-e-stato-un-exchange-student-in-germania\/#breadcrumb\"},\"inLanguage\":\"it-IT\",\"potentialAction\":[{\"@type\":\"ReadAction\",\"target\":[\"https:\/\/www.sts-education.com\/it\/high-school\/foto-e-video-dei-nostri-studenti-exchange\/gli-studenti-sts-raccontano\/matteo-e-stato-un-exchange-student-in-germania\/\"]}]},{\"@type\":\"ImageObject\",\"inLanguage\":\"it-IT\",\"@id\":\"https:\/\/www.sts-education.com\/it\/high-school\/foto-e-video-dei-nostri-studenti-exchange\/gli-studenti-sts-raccontano\/matteo-e-stato-un-exchange-student-in-germania\/#primaryimage\",\"url\":\"https:\/\/powered-by.qbank.se\/educatius\/sts\/\/3ee9103dcaab55d5ff8d5a1bcc25b8d8_1-1-thumb.webp\",\"contentUrl\":\"https:\/\/powered-by.qbank.se\/educatius\/sts\/\/3ee9103dcaab55d5ff8d5a1bcc25b8d8_1-1-thumb.webp\",\"width\":150,\"height\":150},{\"@type\":\"BreadcrumbList\",\"@id\":\"https:\/\/www.sts-education.com\/it\/high-school\/foto-e-video-dei-nostri-studenti-exchange\/gli-studenti-sts-raccontano\/matteo-e-stato-un-exchange-student-in-germania\/#breadcrumb\",\"itemListElement\":[{\"@type\":\"ListItem\",\"position\":1,\"name\":\"Home\",\"item\":\"https:\/\/www.sts-education.com\/it\/\"},{\"@type\":\"ListItem\",\"position\":2,\"name\":\"Matteo E Stato Un Exchange Student In Germania\"}]},{\"@type\":\"WebSite\",\"@id\":\"https:\/\/www.sts-education.com\/it\/#website\",\"url\":\"https:\/\/www.sts-education.com\/it\/\",\"name\":\"STS Education\",\"description\":\"\",\"potentialAction\":[{\"@type\":\"SearchAction\",\"target\":{\"@type\":\"EntryPoint\",\"urlTemplate\":\"https:\/\/www.sts-education.com\/it\/?s={search_term_string}\"},\"query-input\":{\"@type\":\"PropertyValueSpecification\",\"valueRequired\":true,\"valueName\":\"search_term_string\"}}],\"inLanguage\":\"it-IT\"},{\"@type\":\"Person\",\"@id\":\"https:\/\/www.sts-education.com\/it\/#\/schema\/person\/8b82f3a2e45f020b8f296d7a85d9a97c\",\"name\":\"syncreadwrite\",\"image\":{\"@type\":\"ImageObject\",\"inLanguage\":\"it-IT\",\"@id\":\"https:\/\/secure.gravatar.com\/avatar\/6ed1007e4f6f43f22e3df41d9fce4365533cba47fef64bb359b8e629abbc2ea6?s=96&d=mm&r=g\",\"url\":\"https:\/\/secure.gravatar.com\/avatar\/6ed1007e4f6f43f22e3df41d9fce4365533cba47fef64bb359b8e629abbc2ea6?s=96&d=mm&r=g\",\"contentUrl\":\"https:\/\/secure.gravatar.com\/avatar\/6ed1007e4f6f43f22e3df41d9fce4365533cba47fef64bb359b8e629abbc2ea6?s=96&d=mm&r=g\",\"caption\":\"syncreadwrite\"},\"url\":\"https:\/\/www.sts-education.com\/it\/author\/syncreadwrite\/\"}]}<\/script>\n<!-- \/ Yoast SEO Premium plugin. -->","yoast_head_json":{"title":"Matteo \u00e8 stato un exchange student in Germania","description":"La cosa migliore del mio anno di scambio \u00e8 stata senza dubbio la mia famiglia ospitante. Ci siamo divertiti molto insieme e abbiamo visitato nuovi luoghi e citt\u00e0, come Amburgo e Brema.","robots":{"index":"index","follow":"follow","max-snippet":"max-snippet:-1","max-image-preview":"max-image-preview:large","max-video-preview":"max-video-preview:-1"},"canonical":"https:\/\/www.sts-education.com\/it\/high-school\/foto-e-video-dei-nostri-studenti-exchange\/gli-studenti-sts-raccontano\/matteo-e-stato-un-exchange-student-in-germania\/","og_locale":"it_IT","og_type":"article","og_title":"Matteo E Stato Un Exchange Student In Germania","og_description":"La cosa migliore del mio anno di scambio \u00e8 stata senza dubbio la mia famiglia ospitante. Ci siamo divertiti molto insieme e abbiamo visitato nuovi luoghi e citt\u00e0, come Amburgo e Brema.","og_url":"https:\/\/www.sts-education.com\/it\/high-school\/foto-e-video-dei-nostri-studenti-exchange\/gli-studenti-sts-raccontano\/matteo-e-stato-un-exchange-student-in-germania\/","og_site_name":"STS Education","article_published_time":"2024-10-21T14:00:00+00:00","article_modified_time":"2026-04-14T10:16:47+00:00","og_image":[{"width":150,"height":150,"url":"https:\/\/powered-by.qbank.se\/educatius\/sts\/\/3ee9103dcaab55d5ff8d5a1bcc25b8d8_1-1-thumb.webp","type":"image\/png"}],"author":"syncreadwrite","twitter_card":"summary_large_image","twitter_misc":{"Scritto da":"syncreadwrite","Tempo di lettura stimato":"2 minuti"},"schema":{"@context":"https:\/\/schema.org","@graph":[{"@type":"Article","@id":"https:\/\/www.sts-education.com\/it\/high-school\/foto-e-video-dei-nostri-studenti-exchange\/gli-studenti-sts-raccontano\/matteo-e-stato-un-exchange-student-in-germania\/#article","isPartOf":{"@id":"https:\/\/www.sts-education.com\/it\/high-school\/foto-e-video-dei-nostri-studenti-exchange\/gli-studenti-sts-raccontano\/matteo-e-stato-un-exchange-student-in-germania\/"},"author":{"name":"syncreadwrite","@id":"https:\/\/www.sts-education.com\/it\/#\/schema\/person\/8b82f3a2e45f020b8f296d7a85d9a97c"},"headline":"Matteo E Stato Un Exchange Student In Germania","datePublished":"2024-10-21T14:00:00+00:00","dateModified":"2026-04-14T10:16:47+00:00","mainEntityOfPage":{"@id":"https:\/\/www.sts-education.com\/it\/high-school\/foto-e-video-dei-nostri-studenti-exchange\/gli-studenti-sts-raccontano\/matteo-e-stato-un-exchange-student-in-germania\/"},"wordCount":397,"commentCount":0,"image":{"@id":"https:\/\/www.sts-education.com\/it\/high-school\/foto-e-video-dei-nostri-studenti-exchange\/gli-studenti-sts-raccontano\/matteo-e-stato-un-exchange-student-in-germania\/#primaryimage"},"thumbnailUrl":"https:\/\/powered-by.qbank.se\/educatius\/sts\/\/3ee9103dcaab55d5ff8d5a1bcc25b8d8_1-1-thumb.webp","keywords":["Germania"],"inLanguage":"it-IT","potentialAction":[{"@type":"CommentAction","name":"Comment","target":["https:\/\/www.sts-education.com\/it\/high-school\/foto-e-video-dei-nostri-studenti-exchange\/gli-studenti-sts-raccontano\/matteo-e-stato-un-exchange-student-in-germania\/#respond"]}]},{"@type":"WebPage","@id":"https:\/\/www.sts-education.com\/it\/high-school\/foto-e-video-dei-nostri-studenti-exchange\/gli-studenti-sts-raccontano\/matteo-e-stato-un-exchange-student-in-germania\/","url":"https:\/\/www.sts-education.com\/it\/high-school\/foto-e-video-dei-nostri-studenti-exchange\/gli-studenti-sts-raccontano\/matteo-e-stato-un-exchange-student-in-germania\/","name":"Matteo \u00e8 stato un exchange student in Germania","isPartOf":{"@id":"https:\/\/www.sts-education.com\/it\/#website"},"primaryImageOfPage":{"@id":"https:\/\/www.sts-education.com\/it\/high-school\/foto-e-video-dei-nostri-studenti-exchange\/gli-studenti-sts-raccontano\/matteo-e-stato-un-exchange-student-in-germania\/#primaryimage"},"image":{"@id":"https:\/\/www.sts-education.com\/it\/high-school\/foto-e-video-dei-nostri-studenti-exchange\/gli-studenti-sts-raccontano\/matteo-e-stato-un-exchange-student-in-germania\/#primaryimage"},"thumbnailUrl":"https:\/\/powered-by.qbank.se\/educatius\/sts\/\/3ee9103dcaab55d5ff8d5a1bcc25b8d8_1-1-thumb.webp","datePublished":"2024-10-21T14:00:00+00:00","dateModified":"2026-04-14T10:16:47+00:00","author":{"@id":"https:\/\/www.sts-education.com\/it\/#\/schema\/person\/8b82f3a2e45f020b8f296d7a85d9a97c"},"description":"La cosa migliore del mio anno di scambio \u00e8 stata senza dubbio la mia famiglia ospitante. Ci siamo divertiti molto insieme e abbiamo visitato nuovi luoghi e citt\u00e0, come Amburgo e Brema.","breadcrumb":{"@id":"https:\/\/www.sts-education.com\/it\/high-school\/foto-e-video-dei-nostri-studenti-exchange\/gli-studenti-sts-raccontano\/matteo-e-stato-un-exchange-student-in-germania\/#breadcrumb"},"inLanguage":"it-IT","potentialAction":[{"@type":"ReadAction","target":["https:\/\/www.sts-education.com\/it\/high-school\/foto-e-video-dei-nostri-studenti-exchange\/gli-studenti-sts-raccontano\/matteo-e-stato-un-exchange-student-in-germania\/"]}]},{"@type":"ImageObject","inLanguage":"it-IT","@id":"https:\/\/www.sts-education.com\/it\/high-school\/foto-e-video-dei-nostri-studenti-exchange\/gli-studenti-sts-raccontano\/matteo-e-stato-un-exchange-student-in-germania\/#primaryimage","url":"https:\/\/powered-by.qbank.se\/educatius\/sts\/\/3ee9103dcaab55d5ff8d5a1bcc25b8d8_1-1-thumb.webp","contentUrl":"https:\/\/powered-by.qbank.se\/educatius\/sts\/\/3ee9103dcaab55d5ff8d5a1bcc25b8d8_1-1-thumb.webp","width":150,"height":150},{"@type":"BreadcrumbList","@id":"https:\/\/www.sts-education.com\/it\/high-school\/foto-e-video-dei-nostri-studenti-exchange\/gli-studenti-sts-raccontano\/matteo-e-stato-un-exchange-student-in-germania\/#breadcrumb","itemListElement":[{"@type":"ListItem","position":1,"name":"Home","item":"https:\/\/www.sts-education.com\/it\/"},{"@type":"ListItem","position":2,"name":"Matteo E Stato Un Exchange Student In Germania"}]},{"@type":"WebSite","@id":"https:\/\/www.sts-education.com\/it\/#website","url":"https:\/\/www.sts-education.com\/it\/","name":"STS Education","description":"","potentialAction":[{"@type":"SearchAction","target":{"@type":"EntryPoint","urlTemplate":"https:\/\/www.sts-education.com\/it\/?s={search_term_string}"},"query-input":{"@type":"PropertyValueSpecification","valueRequired":true,"valueName":"search_term_string"}}],"inLanguage":"it-IT"},{"@type":"Person","@id":"https:\/\/www.sts-education.com\/it\/#\/schema\/person\/8b82f3a2e45f020b8f296d7a85d9a97c","name":"syncreadwrite","image":{"@type":"ImageObject","inLanguage":"it-IT","@id":"https:\/\/secure.gravatar.com\/avatar\/6ed1007e4f6f43f22e3df41d9fce4365533cba47fef64bb359b8e629abbc2ea6?s=96&d=mm&r=g","url":"https:\/\/secure.gravatar.com\/avatar\/6ed1007e4f6f43f22e3df41d9fce4365533cba47fef64bb359b8e629abbc2ea6?s=96&d=mm&r=g","contentUrl":"https:\/\/secure.gravatar.com\/avatar\/6ed1007e4f6f43f22e3df41d9fce4365533cba47fef64bb359b8e629abbc2ea6?s=96&d=mm&r=g","caption":"syncreadwrite"},"url":"https:\/\/www.sts-education.com\/it\/author\/syncreadwrite\/"}]}},"_links":{"self":[{"href":"https:\/\/www.sts-education.com\/it\/wp-json\/wp\/v2\/posts\/11768","targetHints":{"allow":["GET"]}}],"collection":[{"href":"https:\/\/www.sts-education.com\/it\/wp-json\/wp\/v2\/posts"}],"about":[{"href":"https:\/\/www.sts-education.com\/it\/wp-json\/wp\/v2\/types\/post"}],"author":[{"embeddable":true,"href":"https:\/\/www.sts-education.com\/it\/wp-json\/wp\/v2\/users\/20"}],"replies":[{"embeddable":true,"href":"https:\/\/www.sts-education.com\/it\/wp-json\/wp\/v2\/comments?post=11768"}],"version-history":[{"count":4,"href":"https:\/\/www.sts-education.com\/it\/wp-json\/wp\/v2\/posts\/11768\/revisions"}],"predecessor-version":[{"id":34142,"href":"https:\/\/www.sts-education.com\/it\/wp-json\/wp\/v2\/posts\/11768\/revisions\/34142"}],"wp:featuredmedia":[{"embeddable":true,"href":"https:\/\/www.sts-education.com\/it\/wp-json\/wp\/v2\/media\/13686"}],"wp:attachment":[{"href":"https:\/\/www.sts-education.com\/it\/wp-json\/wp\/v2\/media?parent=11768"}],"wp:term":[{"taxonomy":"category","embeddable":true,"href":"https:\/\/www.sts-education.com\/it\/wp-json\/wp\/v2\/categories?post=11768"},{"taxonomy":"post_tag","embeddable":true,"href":"https:\/\/www.sts-education.com\/it\/wp-json\/wp\/v2\/tags?post=11768"},{"taxonomy":"wpw_post_folders","embeddable":true,"href":"https:\/\/www.sts-education.com\/it\/wp-json\/wp\/v2\/wpw_post_folders?post=11768"}],"curies":[{"name":"wp","href":"https:\/\/api.w.org\/{rel}","templated":true}]}}