{"id":11769,"date":"2024-10-08T14:00:00","date_gmt":"2024-10-08T12:00:00","guid":{"rendered":"https:\/\/preprod.sts-education.com\/blog\/2026\/03\/05\/paula-ha-scelto-di-studiare-in-italia\/"},"modified":"2026-04-29T09:51:29","modified_gmt":"2026-04-29T07:51:29","slug":"paula-ha-scelto-di-studiare-in-italia","status":"publish","type":"post","link":"https:\/\/www.sts-education.com\/it\/high-school\/foto-e-video-dei-nostri-studenti-exchange\/gli-studenti-sts-raccontano\/paula-ha-scelto-di-studiare-in-italia\/","title":{"rendered":"Paula Ha Scelto Di Studiare In Italia"},"content":{"rendered":"\n<div class=\"wp-block-sts-text sts-text-editor has-max-width-md\"><div class=\"sts-text-editor__content\"><div class=\"sts-text-editor__content-inner\">\n<h1 style=\"text-align:center\">Paula ha scelto di studiare in Italia<\/h1>\n<\/div><\/div><\/div>\n\n\n\n<figure class=\"wp-block-sts-image sts-block-image sts-block-image--count-1 has-max-width-lg\" data-count=\"1\"><div class=\"sts-block-image__grid\"><div class=\"sts-block-image__item\"><picture class=\"sts-responsive-image has-fit-cover has-pos-top is-skeleton\"><source media=\"(max-width: 834.98px)\" srcset=\"https:\/\/powered-by.qbank.se\/educatius\/sts\/b59afec3c8a23ac3fe9ad100261fa291_1-1-thumb.webp 150w, https:\/\/powered-by.qbank.se\/educatius\/sts\/b59afec3c8a23ac3fe9ad100261fa291_1-1-xsmall.webp 500w, https:\/\/powered-by.qbank.se\/educatius\/sts\/b59afec3c8a23ac3fe9ad100261fa291_1-1-small.webp 800w, https:\/\/powered-by.qbank.se\/educatius\/sts\/b59afec3c8a23ac3fe9ad100261fa291_1-1-medium.webp 1024w, https:\/\/powered-by.qbank.se\/educatius\/sts\/b59afec3c8a23ac3fe9ad100261fa291_1-1-large.webp 1536w\" sizes=\"(max-width: 768px) 100vw, (max-width: 1200px) 100vw, 1200px\" type=\"image\/webp\"\/><source media=\"(min-width: 835px)\" srcset=\"https:\/\/powered-by.qbank.se\/educatius\/sts\/b59afec3c8a23ac3fe9ad100261fa291_16-9-small.webp 800w, https:\/\/powered-by.qbank.se\/educatius\/sts\/b59afec3c8a23ac3fe9ad100261fa291_16-9-medium.webp 1024w, https:\/\/powered-by.qbank.se\/educatius\/sts\/b59afec3c8a23ac3fe9ad100261fa291_16-9-large.webp 1536w\" sizes=\"(max-width: 768px) 100vw, (max-width: 1200px) 100vw, 1200px\" type=\"image\/webp\"\/><img src=\"https:\/\/powered-by.qbank.se\/educatius\/sts\/b59afec3c8a23ac3fe9ad100261fa291_1-1-thumb.webp\" alt=\"Paula ha scelto di studiare in Italia\" loading=\"lazy\" decoding=\"async\" fetchpriority=\"low\" style=\"object-position:top\"\/><\/picture><\/div><\/div><\/figure>\n\n\n\n<div class=\"wp-block-sts-text sts-text-editor has-max-width-md\"><div class=\"sts-text-editor__content\"><div class=\"sts-text-editor__content-inner\">\n<p><em>Paula Binder, austriaca, ha fatto un anno scolastico all\u2019estero in Italia 5 anni fa.<\/em><\/p>\n<\/div><\/div><\/div>\n\n\n\n<div class=\"wp-block-sts-text sts-text-editor has-max-width-md\"><div class=\"sts-text-editor__content\"><div class=\"sts-text-editor__content-inner\">\n<p>Cinque anni fa ho deciso di fare un semestre a Trento, in Italia. \u00c8 stata una decisione importante per me, dato che sono molto attaccata alla mia famiglia e di solito sento la nostalgia dopo pochi giorni. Un intero semestre mi sembrava un\u2019eternit\u00e0 all\u2019inizio.<\/p>\n<p>Contrariamente alle mie paure iniziali, si \u00e8 rivelata la decisione migliore che potessi prendere! Mi sono divertita come non mai, in un paese che gi\u00e0 amavo tanto. Studiare la lingua pi\u00f9 bella del mondo ed incontrare cos\u00ec tante persone fantastiche, sperimentando l&#x27;essenza de \u201cla dolce vita\u201d, \u00e8 stato davvero incredibile. Trento avr\u00e0 per sempre un posto speciale nel mio cuore e sar\u00e0 per sempre la mia \u201ccasa lontana da casa\u201d.<\/p>\n<p>Imparare una nuova lingua \u00e8 una delle cose pi\u00f9 arricchenti che si possano fare. Certo, all&#x27;inizio pu\u00f2 essere molto difficile. Tuttavia, i miglioramenti sono a vista d\u2019occhio e ci si rende conto in poche settimane o mesi di quanto gi\u00e0 si stia migliorando!<\/p>\n<p>Oltre a migliorare il mio italiano, grazie alla mia esperienza all&#x27;estero sono diventata pi\u00f9 sicura di me e pi\u00f9 indipendente.<\/p>\n<p>Scegliere STS \u00e8 stata la decisione migliore. Grazie, STS!<\/p>\n<h2>Per saperne di pi\u00f9<\/h2>\n<ul><li>Leggi altre storie di <a href=\"https:\/\/www.sts-education.com\/it\/high-school\/foto-e-video-dei-nostri-studenti-exchange\/gli-studenti-sts-raccontano\/?hashtag=Italia\">studenti dall&#x27;Italia<\/a><\/li>\n<li><span>Guarda tutte le nostre <a href=\"\/it\/high-school\/tripfinder\/\">destinazioni per il tuo anno all&#x27;estero<\/a><\/span><\/li><\/ul>\n<\/div><\/div><\/div>\n","protected":false},"excerpt":{"rendered":"","protected":false},"author":20,"featured_media":40553,"comment_status":"open","ping_status":"open","sticky":false,"template":"","format":"standard","meta":{"_acf_changed":false,"_yoast_wpseo_title":"Paula ha scelto di studiare in Italia","_yoast_wpseo_metadesc":"Studiare la lingua pi\u00f9 bella del mondo ed incontrare cos\u00ec tante persone fantastiche, sperimentando l'essenza de \u201cla dolce vita\u201d, \u00e8 stato davvero incredibile.","footnotes":""},"categories":[274],"tags":[965],"wpw_post_folders":[],"class_list":["post-11769","post","type-post","status-publish","format-standard","has-post-thumbnail","hentry","category-senza-categoria","tag-italia"],"acf":[],"yoast_head":"<!-- This site is optimized with the Yoast SEO Premium plugin v27.2 (Yoast SEO v27.2) - https:\/\/yoast.com\/product\/yoast-seo-premium-wordpress\/ -->\n<title>Paula ha scelto di studiare in Italia<\/title>\n<meta name=\"description\" content=\"Studiare la lingua pi\u00f9 bella del mondo ed incontrare cos\u00ec tante persone fantastiche, sperimentando l&#039;essenza de \u201cla dolce vita\u201d, \u00e8 stato davvero incredibile.\" \/>\n<meta name=\"robots\" content=\"index, follow, max-snippet:-1, max-image-preview:large, max-video-preview:-1\" \/>\n<link rel=\"canonical\" href=\"https:\/\/www.sts-education.com\/it\/high-school\/foto-e-video-dei-nostri-studenti-exchange\/gli-studenti-sts-raccontano\/paula-ha-scelto-di-studiare-in-italia\/\" \/>\n<meta property=\"og:locale\" content=\"it_IT\" \/>\n<meta property=\"og:type\" content=\"article\" \/>\n<meta property=\"og:title\" content=\"Paula Ha Scelto Di Studiare In Italia\" \/>\n<meta property=\"og:description\" content=\"Studiare la lingua pi\u00f9 bella del mondo ed incontrare cos\u00ec tante persone fantastiche, sperimentando l&#039;essenza de \u201cla dolce vita\u201d, \u00e8 stato davvero incredibile.\" \/>\n<meta property=\"og:url\" content=\"https:\/\/www.sts-education.com\/it\/high-school\/foto-e-video-dei-nostri-studenti-exchange\/gli-studenti-sts-raccontano\/paula-ha-scelto-di-studiare-in-italia\/\" \/>\n<meta property=\"og:site_name\" content=\"STS Education\" \/>\n<meta property=\"article:published_time\" content=\"2024-10-08T12:00:00+00:00\" \/>\n<meta property=\"article:modified_time\" content=\"2026-04-29T07:51:29+00:00\" \/>\n<meta property=\"og:image\" content=\"https:\/\/powered-by.qbank.se\/educatius\/sts\/\/b59afec3c8a23ac3fe9ad100261fa291_1-1-thumb.webp\" \/>\n\t<meta property=\"og:image:width\" content=\"150\" \/>\n\t<meta property=\"og:image:height\" content=\"150\" \/>\n\t<meta property=\"og:image:type\" content=\"image\/png\" \/>\n<meta name=\"author\" content=\"syncreadwrite\" \/>\n<meta name=\"twitter:card\" content=\"summary_large_image\" \/>\n<meta name=\"twitter:label1\" content=\"Scritto da\" \/>\n\t<meta name=\"twitter:data1\" content=\"syncreadwrite\" \/>\n\t<meta name=\"twitter:label2\" content=\"Tempo di lettura stimato\" \/>\n\t<meta name=\"twitter:data2\" content=\"1 minuto\" \/>\n<script type=\"application\/ld+json\" class=\"yoast-schema-graph\">{\"@context\":\"https:\/\/schema.org\",\"@graph\":[{\"@type\":\"Article\",\"@id\":\"https:\/\/www.sts-education.com\/it\/high-school\/foto-e-video-dei-nostri-studenti-exchange\/gli-studenti-sts-raccontano\/paula-ha-scelto-di-studiare-in-italia\/#article\",\"isPartOf\":{\"@id\":\"https:\/\/www.sts-education.com\/it\/high-school\/foto-e-video-dei-nostri-studenti-exchange\/gli-studenti-sts-raccontano\/paula-ha-scelto-di-studiare-in-italia\/\"},\"author\":{\"name\":\"syncreadwrite\",\"@id\":\"https:\/\/www.sts-education.com\/it\/#\/schema\/person\/8b82f3a2e45f020b8f296d7a85d9a97c\"},\"headline\":\"Paula Ha Scelto Di Studiare In Italia\",\"datePublished\":\"2024-10-08T12:00:00+00:00\",\"dateModified\":\"2026-04-29T07:51:29+00:00\",\"mainEntityOfPage\":{\"@id\":\"https:\/\/www.sts-education.com\/it\/high-school\/foto-e-video-dei-nostri-studenti-exchange\/gli-studenti-sts-raccontano\/paula-ha-scelto-di-studiare-in-italia\/\"},\"wordCount\":242,\"commentCount\":0,\"image\":{\"@id\":\"https:\/\/www.sts-education.com\/it\/high-school\/foto-e-video-dei-nostri-studenti-exchange\/gli-studenti-sts-raccontano\/paula-ha-scelto-di-studiare-in-italia\/#primaryimage\"},\"thumbnailUrl\":\"https:\/\/powered-by.qbank.se\/educatius\/sts\/\/b59afec3c8a23ac3fe9ad100261fa291_1-1-thumb.webp\",\"keywords\":[\"Italia\"],\"inLanguage\":\"it-IT\",\"potentialAction\":[{\"@type\":\"CommentAction\",\"name\":\"Comment\",\"target\":[\"https:\/\/www.sts-education.com\/it\/high-school\/foto-e-video-dei-nostri-studenti-exchange\/gli-studenti-sts-raccontano\/paula-ha-scelto-di-studiare-in-italia\/#respond\"]}]},{\"@type\":\"WebPage\",\"@id\":\"https:\/\/www.sts-education.com\/it\/high-school\/foto-e-video-dei-nostri-studenti-exchange\/gli-studenti-sts-raccontano\/paula-ha-scelto-di-studiare-in-italia\/\",\"url\":\"https:\/\/www.sts-education.com\/it\/high-school\/foto-e-video-dei-nostri-studenti-exchange\/gli-studenti-sts-raccontano\/paula-ha-scelto-di-studiare-in-italia\/\",\"name\":\"Paula ha scelto di studiare in Italia\",\"isPartOf\":{\"@id\":\"https:\/\/www.sts-education.com\/it\/#website\"},\"primaryImageOfPage\":{\"@id\":\"https:\/\/www.sts-education.com\/it\/high-school\/foto-e-video-dei-nostri-studenti-exchange\/gli-studenti-sts-raccontano\/paula-ha-scelto-di-studiare-in-italia\/#primaryimage\"},\"image\":{\"@id\":\"https:\/\/www.sts-education.com\/it\/high-school\/foto-e-video-dei-nostri-studenti-exchange\/gli-studenti-sts-raccontano\/paula-ha-scelto-di-studiare-in-italia\/#primaryimage\"},\"thumbnailUrl\":\"https:\/\/powered-by.qbank.se\/educatius\/sts\/\/b59afec3c8a23ac3fe9ad100261fa291_1-1-thumb.webp\",\"datePublished\":\"2024-10-08T12:00:00+00:00\",\"dateModified\":\"2026-04-29T07:51:29+00:00\",\"author\":{\"@id\":\"https:\/\/www.sts-education.com\/it\/#\/schema\/person\/8b82f3a2e45f020b8f296d7a85d9a97c\"},\"description\":\"Studiare la lingua pi\u00f9 bella del mondo ed incontrare cos\u00ec tante persone fantastiche, sperimentando l'essenza de \u201cla dolce vita\u201d, \u00e8 stato davvero incredibile.\",\"breadcrumb\":{\"@id\":\"https:\/\/www.sts-education.com\/it\/high-school\/foto-e-video-dei-nostri-studenti-exchange\/gli-studenti-sts-raccontano\/paula-ha-scelto-di-studiare-in-italia\/#breadcrumb\"},\"inLanguage\":\"it-IT\",\"potentialAction\":[{\"@type\":\"ReadAction\",\"target\":[\"https:\/\/www.sts-education.com\/it\/high-school\/foto-e-video-dei-nostri-studenti-exchange\/gli-studenti-sts-raccontano\/paula-ha-scelto-di-studiare-in-italia\/\"]}]},{\"@type\":\"ImageObject\",\"inLanguage\":\"it-IT\",\"@id\":\"https:\/\/www.sts-education.com\/it\/high-school\/foto-e-video-dei-nostri-studenti-exchange\/gli-studenti-sts-raccontano\/paula-ha-scelto-di-studiare-in-italia\/#primaryimage\",\"url\":\"https:\/\/powered-by.qbank.se\/educatius\/sts\/\/b59afec3c8a23ac3fe9ad100261fa291_1-1-thumb.webp\",\"contentUrl\":\"https:\/\/powered-by.qbank.se\/educatius\/sts\/\/b59afec3c8a23ac3fe9ad100261fa291_1-1-thumb.webp\",\"width\":150,\"height\":150},{\"@type\":\"BreadcrumbList\",\"@id\":\"https:\/\/www.sts-education.com\/it\/high-school\/foto-e-video-dei-nostri-studenti-exchange\/gli-studenti-sts-raccontano\/paula-ha-scelto-di-studiare-in-italia\/#breadcrumb\",\"itemListElement\":[{\"@type\":\"ListItem\",\"position\":1,\"name\":\"Home\",\"item\":\"https:\/\/www.sts-education.com\/it\/\"},{\"@type\":\"ListItem\",\"position\":2,\"name\":\"Paula Ha Scelto Di Studiare In Italia\"}]},{\"@type\":\"WebSite\",\"@id\":\"https:\/\/www.sts-education.com\/it\/#website\",\"url\":\"https:\/\/www.sts-education.com\/it\/\",\"name\":\"STS Education\",\"description\":\"\",\"potentialAction\":[{\"@type\":\"SearchAction\",\"target\":{\"@type\":\"EntryPoint\",\"urlTemplate\":\"https:\/\/www.sts-education.com\/it\/?s={search_term_string}\"},\"query-input\":{\"@type\":\"PropertyValueSpecification\",\"valueRequired\":true,\"valueName\":\"search_term_string\"}}],\"inLanguage\":\"it-IT\"},{\"@type\":\"Person\",\"@id\":\"https:\/\/www.sts-education.com\/it\/#\/schema\/person\/8b82f3a2e45f020b8f296d7a85d9a97c\",\"name\":\"syncreadwrite\",\"image\":{\"@type\":\"ImageObject\",\"inLanguage\":\"it-IT\",\"@id\":\"https:\/\/secure.gravatar.com\/avatar\/6ed1007e4f6f43f22e3df41d9fce4365533cba47fef64bb359b8e629abbc2ea6?s=96&d=mm&r=g\",\"url\":\"https:\/\/secure.gravatar.com\/avatar\/6ed1007e4f6f43f22e3df41d9fce4365533cba47fef64bb359b8e629abbc2ea6?s=96&d=mm&r=g\",\"contentUrl\":\"https:\/\/secure.gravatar.com\/avatar\/6ed1007e4f6f43f22e3df41d9fce4365533cba47fef64bb359b8e629abbc2ea6?s=96&d=mm&r=g\",\"caption\":\"syncreadwrite\"},\"url\":\"https:\/\/www.sts-education.com\/it\/author\/syncreadwrite\/\"}]}<\/script>\n<!-- \/ Yoast SEO Premium plugin. -->","yoast_head_json":{"title":"Paula ha scelto di studiare in Italia","description":"Studiare la lingua pi\u00f9 bella del mondo ed incontrare cos\u00ec tante persone fantastiche, sperimentando l'essenza de \u201cla dolce vita\u201d, \u00e8 stato davvero incredibile.","robots":{"index":"index","follow":"follow","max-snippet":"max-snippet:-1","max-image-preview":"max-image-preview:large","max-video-preview":"max-video-preview:-1"},"canonical":"https:\/\/www.sts-education.com\/it\/high-school\/foto-e-video-dei-nostri-studenti-exchange\/gli-studenti-sts-raccontano\/paula-ha-scelto-di-studiare-in-italia\/","og_locale":"it_IT","og_type":"article","og_title":"Paula Ha Scelto Di Studiare In Italia","og_description":"Studiare la lingua pi\u00f9 bella del mondo ed incontrare cos\u00ec tante persone fantastiche, sperimentando l'essenza de \u201cla dolce vita\u201d, \u00e8 stato davvero incredibile.","og_url":"https:\/\/www.sts-education.com\/it\/high-school\/foto-e-video-dei-nostri-studenti-exchange\/gli-studenti-sts-raccontano\/paula-ha-scelto-di-studiare-in-italia\/","og_site_name":"STS Education","article_published_time":"2024-10-08T12:00:00+00:00","article_modified_time":"2026-04-29T07:51:29+00:00","og_image":[{"width":150,"height":150,"url":"https:\/\/powered-by.qbank.se\/educatius\/sts\/\/b59afec3c8a23ac3fe9ad100261fa291_1-1-thumb.webp","type":"image\/png"}],"author":"syncreadwrite","twitter_card":"summary_large_image","twitter_misc":{"Scritto da":"syncreadwrite","Tempo di lettura stimato":"1 minuto"},"schema":{"@context":"https:\/\/schema.org","@graph":[{"@type":"Article","@id":"https:\/\/www.sts-education.com\/it\/high-school\/foto-e-video-dei-nostri-studenti-exchange\/gli-studenti-sts-raccontano\/paula-ha-scelto-di-studiare-in-italia\/#article","isPartOf":{"@id":"https:\/\/www.sts-education.com\/it\/high-school\/foto-e-video-dei-nostri-studenti-exchange\/gli-studenti-sts-raccontano\/paula-ha-scelto-di-studiare-in-italia\/"},"author":{"name":"syncreadwrite","@id":"https:\/\/www.sts-education.com\/it\/#\/schema\/person\/8b82f3a2e45f020b8f296d7a85d9a97c"},"headline":"Paula Ha Scelto Di Studiare In Italia","datePublished":"2024-10-08T12:00:00+00:00","dateModified":"2026-04-29T07:51:29+00:00","mainEntityOfPage":{"@id":"https:\/\/www.sts-education.com\/it\/high-school\/foto-e-video-dei-nostri-studenti-exchange\/gli-studenti-sts-raccontano\/paula-ha-scelto-di-studiare-in-italia\/"},"wordCount":242,"commentCount":0,"image":{"@id":"https:\/\/www.sts-education.com\/it\/high-school\/foto-e-video-dei-nostri-studenti-exchange\/gli-studenti-sts-raccontano\/paula-ha-scelto-di-studiare-in-italia\/#primaryimage"},"thumbnailUrl":"https:\/\/powered-by.qbank.se\/educatius\/sts\/\/b59afec3c8a23ac3fe9ad100261fa291_1-1-thumb.webp","keywords":["Italia"],"inLanguage":"it-IT","potentialAction":[{"@type":"CommentAction","name":"Comment","target":["https:\/\/www.sts-education.com\/it\/high-school\/foto-e-video-dei-nostri-studenti-exchange\/gli-studenti-sts-raccontano\/paula-ha-scelto-di-studiare-in-italia\/#respond"]}]},{"@type":"WebPage","@id":"https:\/\/www.sts-education.com\/it\/high-school\/foto-e-video-dei-nostri-studenti-exchange\/gli-studenti-sts-raccontano\/paula-ha-scelto-di-studiare-in-italia\/","url":"https:\/\/www.sts-education.com\/it\/high-school\/foto-e-video-dei-nostri-studenti-exchange\/gli-studenti-sts-raccontano\/paula-ha-scelto-di-studiare-in-italia\/","name":"Paula ha scelto di studiare in Italia","isPartOf":{"@id":"https:\/\/www.sts-education.com\/it\/#website"},"primaryImageOfPage":{"@id":"https:\/\/www.sts-education.com\/it\/high-school\/foto-e-video-dei-nostri-studenti-exchange\/gli-studenti-sts-raccontano\/paula-ha-scelto-di-studiare-in-italia\/#primaryimage"},"image":{"@id":"https:\/\/www.sts-education.com\/it\/high-school\/foto-e-video-dei-nostri-studenti-exchange\/gli-studenti-sts-raccontano\/paula-ha-scelto-di-studiare-in-italia\/#primaryimage"},"thumbnailUrl":"https:\/\/powered-by.qbank.se\/educatius\/sts\/\/b59afec3c8a23ac3fe9ad100261fa291_1-1-thumb.webp","datePublished":"2024-10-08T12:00:00+00:00","dateModified":"2026-04-29T07:51:29+00:00","author":{"@id":"https:\/\/www.sts-education.com\/it\/#\/schema\/person\/8b82f3a2e45f020b8f296d7a85d9a97c"},"description":"Studiare la lingua pi\u00f9 bella del mondo ed incontrare cos\u00ec tante persone fantastiche, sperimentando l'essenza de \u201cla dolce vita\u201d, \u00e8 stato davvero incredibile.","breadcrumb":{"@id":"https:\/\/www.sts-education.com\/it\/high-school\/foto-e-video-dei-nostri-studenti-exchange\/gli-studenti-sts-raccontano\/paula-ha-scelto-di-studiare-in-italia\/#breadcrumb"},"inLanguage":"it-IT","potentialAction":[{"@type":"ReadAction","target":["https:\/\/www.sts-education.com\/it\/high-school\/foto-e-video-dei-nostri-studenti-exchange\/gli-studenti-sts-raccontano\/paula-ha-scelto-di-studiare-in-italia\/"]}]},{"@type":"ImageObject","inLanguage":"it-IT","@id":"https:\/\/www.sts-education.com\/it\/high-school\/foto-e-video-dei-nostri-studenti-exchange\/gli-studenti-sts-raccontano\/paula-ha-scelto-di-studiare-in-italia\/#primaryimage","url":"https:\/\/powered-by.qbank.se\/educatius\/sts\/\/b59afec3c8a23ac3fe9ad100261fa291_1-1-thumb.webp","contentUrl":"https:\/\/powered-by.qbank.se\/educatius\/sts\/\/b59afec3c8a23ac3fe9ad100261fa291_1-1-thumb.webp","width":150,"height":150},{"@type":"BreadcrumbList","@id":"https:\/\/www.sts-education.com\/it\/high-school\/foto-e-video-dei-nostri-studenti-exchange\/gli-studenti-sts-raccontano\/paula-ha-scelto-di-studiare-in-italia\/#breadcrumb","itemListElement":[{"@type":"ListItem","position":1,"name":"Home","item":"https:\/\/www.sts-education.com\/it\/"},{"@type":"ListItem","position":2,"name":"Paula Ha Scelto Di Studiare In Italia"}]},{"@type":"WebSite","@id":"https:\/\/www.sts-education.com\/it\/#website","url":"https:\/\/www.sts-education.com\/it\/","name":"STS Education","description":"","potentialAction":[{"@type":"SearchAction","target":{"@type":"EntryPoint","urlTemplate":"https:\/\/www.sts-education.com\/it\/?s={search_term_string}"},"query-input":{"@type":"PropertyValueSpecification","valueRequired":true,"valueName":"search_term_string"}}],"inLanguage":"it-IT"},{"@type":"Person","@id":"https:\/\/www.sts-education.com\/it\/#\/schema\/person\/8b82f3a2e45f020b8f296d7a85d9a97c","name":"syncreadwrite","image":{"@type":"ImageObject","inLanguage":"it-IT","@id":"https:\/\/secure.gravatar.com\/avatar\/6ed1007e4f6f43f22e3df41d9fce4365533cba47fef64bb359b8e629abbc2ea6?s=96&d=mm&r=g","url":"https:\/\/secure.gravatar.com\/avatar\/6ed1007e4f6f43f22e3df41d9fce4365533cba47fef64bb359b8e629abbc2ea6?s=96&d=mm&r=g","contentUrl":"https:\/\/secure.gravatar.com\/avatar\/6ed1007e4f6f43f22e3df41d9fce4365533cba47fef64bb359b8e629abbc2ea6?s=96&d=mm&r=g","caption":"syncreadwrite"},"url":"https:\/\/www.sts-education.com\/it\/author\/syncreadwrite\/"}]}},"_links":{"self":[{"href":"https:\/\/www.sts-education.com\/it\/wp-json\/wp\/v2\/posts\/11769","targetHints":{"allow":["GET"]}}],"collection":[{"href":"https:\/\/www.sts-education.com\/it\/wp-json\/wp\/v2\/posts"}],"about":[{"href":"https:\/\/www.sts-education.com\/it\/wp-json\/wp\/v2\/types\/post"}],"author":[{"embeddable":true,"href":"https:\/\/www.sts-education.com\/it\/wp-json\/wp\/v2\/users\/20"}],"replies":[{"embeddable":true,"href":"https:\/\/www.sts-education.com\/it\/wp-json\/wp\/v2\/comments?post=11769"}],"version-history":[{"count":5,"href":"https:\/\/www.sts-education.com\/it\/wp-json\/wp\/v2\/posts\/11769\/revisions"}],"predecessor-version":[{"id":43411,"href":"https:\/\/www.sts-education.com\/it\/wp-json\/wp\/v2\/posts\/11769\/revisions\/43411"}],"wp:featuredmedia":[{"embeddable":true,"href":"https:\/\/www.sts-education.com\/it\/wp-json\/wp\/v2\/media\/40553"}],"wp:attachment":[{"href":"https:\/\/www.sts-education.com\/it\/wp-json\/wp\/v2\/media?parent=11769"}],"wp:term":[{"taxonomy":"category","embeddable":true,"href":"https:\/\/www.sts-education.com\/it\/wp-json\/wp\/v2\/categories?post=11769"},{"taxonomy":"post_tag","embeddable":true,"href":"https:\/\/www.sts-education.com\/it\/wp-json\/wp\/v2\/tags?post=11769"},{"taxonomy":"wpw_post_folders","embeddable":true,"href":"https:\/\/www.sts-education.com\/it\/wp-json\/wp\/v2\/wpw_post_folders?post=11769"}],"curies":[{"name":"wp","href":"https:\/\/api.w.org\/{rel}","templated":true}]}}