{"id":11774,"date":"2024-09-16T15:00:00","date_gmt":"2024-09-16T15:00:00","guid":{"rendered":"https:\/\/preprod.sts-education.com\/blog\/2026\/03\/05\/celina-e-partita-per-un-anno-allestero-in-germania\/"},"modified":"2026-04-14T10:16:54","modified_gmt":"2026-04-14T10:16:54","slug":"celina-e-partita-per-un-anno-allestero-in-germania","status":"publish","type":"post","link":"https:\/\/www.sts-education.com\/it\/high-school\/foto-e-video-dei-nostri-studenti-exchange\/gli-studenti-sts-raccontano\/celina-e-partita-per-un-anno-allestero-in-germania\/","title":{"rendered":"Celina E Partita Per Un Anno Allestero In Germania"},"content":{"rendered":"\n<div class=\"wp-block-sts-text sts-text-editor has-max-width-md\"><div class=\"sts-text-editor__content\"><div class=\"sts-text-editor__content-inner\">\n<h1 style=\"text-align:center\">Celina \u00e8 partita per un anno all\u2019estero in Germania<\/h1>\n<\/div><\/div><\/div>\n\n\n\n<figure class=\"wp-block-sts-image sts-block-image sts-block-image--count-1 has-max-width-md\" data-count=\"1\"><div class=\"sts-block-image__grid\"><div class=\"sts-block-image__item\"><picture class=\"sts-responsive-image has-fit-cover has-pos-top is-skeleton\"><img src=\"https:\/\/cdn.sts-education.com\/13178_hero_md.jpg\" alt=\"Celina \u00e8 partita per un anno all\u2019estero in Germania\" loading=\"lazy\" decoding=\"async\" fetchpriority=\"low\" sizes=\"(max-width: 736px) 100vw, 736px\"\/><\/picture><\/div><\/div><\/figure>\n\n\n\n<div class=\"wp-block-sts-text sts-text-editor has-max-width-md\"><div class=\"sts-text-editor__content\"><div class=\"sts-text-editor__content-inner\">\n<p><em>Celina, ragazza brasiliana, ha trascorso un anno scolastico in Germania.<\/em><\/p>\n<\/div><\/div><\/div>\n\n\n\n<div class=\"wp-block-sts-text sts-text-editor has-max-width-md\"><div class=\"sts-text-editor__content\"><div class=\"sts-text-editor__content-inner\">\n<p>Ho deciso di partire per la Germania per un intero anno scolastico, ossia dieci mesi. Ho scelto la Germania perch\u00e9 \u00e8 una cultura molto diversa da quella brasiliana e mi ha sempre affascinata.<\/p>\n<h2>La scuola e gli amici<\/h2>\n<p>La mia scuola tedesca \u00e8 stata molto accogliente con me. \u00c8 stato abbastanza facile farsi nuovi amici in Germania, anche se all&#x27;inizio erano un po&#x27; riservati. Con il tempo siamo riusciti ad entrare in sintonia.<\/p>\n<h2>La mia famiglia ospitante<\/h2>\n<p>Io e la mia famiglia ospitante abbiamo costruito un bel rapporto, quest&#x27;anno sono persino venuti in Brasile per trovarmi. Mi hanno sempre fatta sentire parte della famiglia. I miei genitori ospitanti sono stati molto pazienti e lo stesso vale per i miei due fratelli ospitanti. Anche loro avevano partecipato negli anni precedenti ad esperienze di scambio, per cui \u00e8 stato facile per noi instaurare un rapporto e diventare amici.<\/p>\n<h2>Gli insegnamenti<\/h2>\n<p>In quanto brasiliana, il mio principale insegnamento \u00e8 stato quello di essere puntuale e di organizzare in maniera efficace la mia routine. La differenza tra Brasile e Germania che mi ha colpito di pi\u00f9 e con cui ho avuto pi\u00f9 problemi \u00e8 stato il clima. Mi ero preparata mentalmente al freddo, ma i venti sono stati brutali!<\/p>\n<h2>Le mie aspettative sono state superate<\/h2>\n<p>Avevo grandi aspettative per il mio anno di scambio e sono state tutte raggiunte e superate. Ho sempre sentito la vicinanza da parte del team di STS, loro si sono sempre preoccupati per me ed hanno fatto del loro meglio per farmi trascorrere un anno indimenticabile!<\/p>\n<p>Nel complesso, il mio anno \u00e8 stato fantastico e ho conosciuto persone provenienti da tutto il mondo. Ho anche creato un sacco di ricordi fantastici. Uno di quelli che mi \u00e8 rimasto pi\u00f9 impresso \u00e8 stato dipingere le uova di Pasqua insieme alla mia famiglia ospitante. Non sono venute molto belle, ma mi sono divertita molto!<\/p>\n<h2>Consigli<\/h2>\n<p>Consiglio a tutti di fare questa esperienza, cambia la visione del mondo e apre molte porte in futuro. Un consiglio per chi deve partire \u00e8 di provare tutto le nuove esperienze che vi vengono proposte e di non avere paura delle cose nuove. Immergetevi nella nuova cultura, imparerete pi\u00f9 di quanto possiate credere!<\/p>\n<h2>Per saperne di pi\u00f9<\/h2>\n<ul><li>Leggi altre storie di <a href=\"https:\/\/www.sts-education.com\/it\/high-school\/foto-e-video-dei-nostri-studenti-exchange\/gli-studenti-sts-raccontano\/?hashtag=Germania\">studenti dalla Germania<\/a><\/li>\n<li>Leggi di pi\u00f9 su un <a href=\"https:\/\/www.sts-education.com\/it\/high-school\/destinazioni\/europa\/germania\/\">anno all&#x27;estero in Germania<\/a><\/li>\n<li><span>Guarda tutte le nostre <a href=\"\/it\/high-school\/tripfinder\/\">destinazioni per il tuo anno all&#x27;estero<\/a><\/span><\/li><\/ul>\n<\/div><\/div><\/div>\n","protected":false},"excerpt":{"rendered":"","protected":false},"author":20,"featured_media":13698,"comment_status":"open","ping_status":"open","sticky":false,"template":"","format":"standard","meta":{"_acf_changed":false,"_yoast_wpseo_title":"Celina \u00e8 partita per un anno all\u2019estero in Germania","_yoast_wpseo_metadesc":"La mia scuola tedesca \u00e8 stata molto accogliente con me. \u00c8 stato abbastanza facile farsi nuovi amici in Germania, anche se all'inizio erano un po' riservati. Con il tempo siamo riusciti ad entrare in sintonia.","footnotes":""},"categories":[274],"tags":[963],"wpw_post_folders":[],"class_list":["post-11774","post","type-post","status-publish","format-standard","has-post-thumbnail","hentry","category-senza-categoria","tag-germania"],"acf":[],"yoast_head":"<!-- This site is optimized with the Yoast SEO Premium plugin v27.2 (Yoast SEO v27.2) - https:\/\/yoast.com\/product\/yoast-seo-premium-wordpress\/ -->\n<title>Celina \u00e8 partita per un anno all\u2019estero in Germania<\/title>\n<meta name=\"description\" content=\"La mia scuola tedesca \u00e8 stata molto accogliente con me. \u00c8 stato abbastanza facile farsi nuovi amici in Germania, anche se all&#039;inizio erano un po&#039; riservati. Con il tempo siamo riusciti ad entrare in sintonia.\" \/>\n<meta name=\"robots\" content=\"index, follow, max-snippet:-1, max-image-preview:large, max-video-preview:-1\" \/>\n<link rel=\"canonical\" href=\"https:\/\/www.sts-education.com\/it\/high-school\/foto-e-video-dei-nostri-studenti-exchange\/gli-studenti-sts-raccontano\/celina-e-partita-per-un-anno-allestero-in-germania\/\" \/>\n<meta property=\"og:locale\" content=\"it_IT\" \/>\n<meta property=\"og:type\" content=\"article\" \/>\n<meta property=\"og:title\" content=\"Celina E Partita Per Un Anno Allestero In Germania\" \/>\n<meta property=\"og:description\" content=\"La mia scuola tedesca \u00e8 stata molto accogliente con me. \u00c8 stato abbastanza facile farsi nuovi amici in Germania, anche se all&#039;inizio erano un po&#039; riservati. Con il tempo siamo riusciti ad entrare in sintonia.\" \/>\n<meta property=\"og:url\" content=\"https:\/\/www.sts-education.com\/it\/high-school\/foto-e-video-dei-nostri-studenti-exchange\/gli-studenti-sts-raccontano\/celina-e-partita-per-un-anno-allestero-in-germania\/\" \/>\n<meta property=\"og:site_name\" content=\"STS Education\" \/>\n<meta property=\"article:published_time\" content=\"2024-09-16T15:00:00+00:00\" \/>\n<meta property=\"article:modified_time\" content=\"2026-04-14T10:16:54+00:00\" \/>\n<meta property=\"og:image\" content=\"https:\/\/powered-by.qbank.se\/educatius\/sts\/\/28bde6c83b6239dbd65137fe015fbf21_1-1-thumb.webp\" \/>\n\t<meta property=\"og:image:width\" content=\"150\" \/>\n\t<meta property=\"og:image:height\" content=\"150\" \/>\n\t<meta property=\"og:image:type\" content=\"image\/jpeg\" \/>\n<meta name=\"author\" content=\"syncreadwrite\" \/>\n<meta name=\"twitter:card\" content=\"summary_large_image\" \/>\n<meta name=\"twitter:label1\" content=\"Scritto da\" \/>\n\t<meta name=\"twitter:data1\" content=\"syncreadwrite\" \/>\n\t<meta name=\"twitter:label2\" content=\"Tempo di lettura stimato\" \/>\n\t<meta name=\"twitter:data2\" content=\"2 minuti\" \/>\n<script type=\"application\/ld+json\" class=\"yoast-schema-graph\">{\"@context\":\"https:\/\/schema.org\",\"@graph\":[{\"@type\":\"Article\",\"@id\":\"https:\/\/www.sts-education.com\/it\/high-school\/foto-e-video-dei-nostri-studenti-exchange\/gli-studenti-sts-raccontano\/celina-e-partita-per-un-anno-allestero-in-germania\/#article\",\"isPartOf\":{\"@id\":\"https:\/\/www.sts-education.com\/it\/high-school\/foto-e-video-dei-nostri-studenti-exchange\/gli-studenti-sts-raccontano\/celina-e-partita-per-un-anno-allestero-in-germania\/\"},\"author\":{\"name\":\"syncreadwrite\",\"@id\":\"https:\/\/www.sts-education.com\/it\/#\/schema\/person\/8b82f3a2e45f020b8f296d7a85d9a97c\"},\"headline\":\"Celina E Partita Per Un Anno Allestero In Germania\",\"datePublished\":\"2024-09-16T15:00:00+00:00\",\"dateModified\":\"2026-04-14T10:16:54+00:00\",\"mainEntityOfPage\":{\"@id\":\"https:\/\/www.sts-education.com\/it\/high-school\/foto-e-video-dei-nostri-studenti-exchange\/gli-studenti-sts-raccontano\/celina-e-partita-per-un-anno-allestero-in-germania\/\"},\"wordCount\":424,\"commentCount\":0,\"image\":{\"@id\":\"https:\/\/www.sts-education.com\/it\/high-school\/foto-e-video-dei-nostri-studenti-exchange\/gli-studenti-sts-raccontano\/celina-e-partita-per-un-anno-allestero-in-germania\/#primaryimage\"},\"thumbnailUrl\":\"https:\/\/powered-by.qbank.se\/educatius\/sts\/\/28bde6c83b6239dbd65137fe015fbf21_1-1-thumb.webp\",\"keywords\":[\"Germania\"],\"inLanguage\":\"it-IT\",\"potentialAction\":[{\"@type\":\"CommentAction\",\"name\":\"Comment\",\"target\":[\"https:\/\/www.sts-education.com\/it\/high-school\/foto-e-video-dei-nostri-studenti-exchange\/gli-studenti-sts-raccontano\/celina-e-partita-per-un-anno-allestero-in-germania\/#respond\"]}]},{\"@type\":\"WebPage\",\"@id\":\"https:\/\/www.sts-education.com\/it\/high-school\/foto-e-video-dei-nostri-studenti-exchange\/gli-studenti-sts-raccontano\/celina-e-partita-per-un-anno-allestero-in-germania\/\",\"url\":\"https:\/\/www.sts-education.com\/it\/high-school\/foto-e-video-dei-nostri-studenti-exchange\/gli-studenti-sts-raccontano\/celina-e-partita-per-un-anno-allestero-in-germania\/\",\"name\":\"Celina \u00e8 partita per un anno all\u2019estero in Germania\",\"isPartOf\":{\"@id\":\"https:\/\/www.sts-education.com\/it\/#website\"},\"primaryImageOfPage\":{\"@id\":\"https:\/\/www.sts-education.com\/it\/high-school\/foto-e-video-dei-nostri-studenti-exchange\/gli-studenti-sts-raccontano\/celina-e-partita-per-un-anno-allestero-in-germania\/#primaryimage\"},\"image\":{\"@id\":\"https:\/\/www.sts-education.com\/it\/high-school\/foto-e-video-dei-nostri-studenti-exchange\/gli-studenti-sts-raccontano\/celina-e-partita-per-un-anno-allestero-in-germania\/#primaryimage\"},\"thumbnailUrl\":\"https:\/\/powered-by.qbank.se\/educatius\/sts\/\/28bde6c83b6239dbd65137fe015fbf21_1-1-thumb.webp\",\"datePublished\":\"2024-09-16T15:00:00+00:00\",\"dateModified\":\"2026-04-14T10:16:54+00:00\",\"author\":{\"@id\":\"https:\/\/www.sts-education.com\/it\/#\/schema\/person\/8b82f3a2e45f020b8f296d7a85d9a97c\"},\"description\":\"La mia scuola tedesca \u00e8 stata molto accogliente con me. \u00c8 stato abbastanza facile farsi nuovi amici in Germania, anche se all'inizio erano un po' riservati. Con il tempo siamo riusciti ad entrare in sintonia.\",\"breadcrumb\":{\"@id\":\"https:\/\/www.sts-education.com\/it\/high-school\/foto-e-video-dei-nostri-studenti-exchange\/gli-studenti-sts-raccontano\/celina-e-partita-per-un-anno-allestero-in-germania\/#breadcrumb\"},\"inLanguage\":\"it-IT\",\"potentialAction\":[{\"@type\":\"ReadAction\",\"target\":[\"https:\/\/www.sts-education.com\/it\/high-school\/foto-e-video-dei-nostri-studenti-exchange\/gli-studenti-sts-raccontano\/celina-e-partita-per-un-anno-allestero-in-germania\/\"]}]},{\"@type\":\"ImageObject\",\"inLanguage\":\"it-IT\",\"@id\":\"https:\/\/www.sts-education.com\/it\/high-school\/foto-e-video-dei-nostri-studenti-exchange\/gli-studenti-sts-raccontano\/celina-e-partita-per-un-anno-allestero-in-germania\/#primaryimage\",\"url\":\"https:\/\/powered-by.qbank.se\/educatius\/sts\/\/28bde6c83b6239dbd65137fe015fbf21_1-1-thumb.webp\",\"contentUrl\":\"https:\/\/powered-by.qbank.se\/educatius\/sts\/\/28bde6c83b6239dbd65137fe015fbf21_1-1-thumb.webp\",\"width\":150,\"height\":150},{\"@type\":\"BreadcrumbList\",\"@id\":\"https:\/\/www.sts-education.com\/it\/high-school\/foto-e-video-dei-nostri-studenti-exchange\/gli-studenti-sts-raccontano\/celina-e-partita-per-un-anno-allestero-in-germania\/#breadcrumb\",\"itemListElement\":[{\"@type\":\"ListItem\",\"position\":1,\"name\":\"Home\",\"item\":\"https:\/\/www.sts-education.com\/it\/\"},{\"@type\":\"ListItem\",\"position\":2,\"name\":\"Celina E Partita Per Un Anno Allestero In Germania\"}]},{\"@type\":\"WebSite\",\"@id\":\"https:\/\/www.sts-education.com\/it\/#website\",\"url\":\"https:\/\/www.sts-education.com\/it\/\",\"name\":\"STS Education\",\"description\":\"\",\"potentialAction\":[{\"@type\":\"SearchAction\",\"target\":{\"@type\":\"EntryPoint\",\"urlTemplate\":\"https:\/\/www.sts-education.com\/it\/?s={search_term_string}\"},\"query-input\":{\"@type\":\"PropertyValueSpecification\",\"valueRequired\":true,\"valueName\":\"search_term_string\"}}],\"inLanguage\":\"it-IT\"},{\"@type\":\"Person\",\"@id\":\"https:\/\/www.sts-education.com\/it\/#\/schema\/person\/8b82f3a2e45f020b8f296d7a85d9a97c\",\"name\":\"syncreadwrite\",\"image\":{\"@type\":\"ImageObject\",\"inLanguage\":\"it-IT\",\"@id\":\"https:\/\/secure.gravatar.com\/avatar\/6ed1007e4f6f43f22e3df41d9fce4365533cba47fef64bb359b8e629abbc2ea6?s=96&d=mm&r=g\",\"url\":\"https:\/\/secure.gravatar.com\/avatar\/6ed1007e4f6f43f22e3df41d9fce4365533cba47fef64bb359b8e629abbc2ea6?s=96&d=mm&r=g\",\"contentUrl\":\"https:\/\/secure.gravatar.com\/avatar\/6ed1007e4f6f43f22e3df41d9fce4365533cba47fef64bb359b8e629abbc2ea6?s=96&d=mm&r=g\",\"caption\":\"syncreadwrite\"},\"url\":\"https:\/\/www.sts-education.com\/it\/author\/syncreadwrite\/\"}]}<\/script>\n<!-- \/ Yoast SEO Premium plugin. -->","yoast_head_json":{"title":"Celina \u00e8 partita per un anno all\u2019estero in Germania","description":"La mia scuola tedesca \u00e8 stata molto accogliente con me. \u00c8 stato abbastanza facile farsi nuovi amici in Germania, anche se all'inizio erano un po' riservati. Con il tempo siamo riusciti ad entrare in sintonia.","robots":{"index":"index","follow":"follow","max-snippet":"max-snippet:-1","max-image-preview":"max-image-preview:large","max-video-preview":"max-video-preview:-1"},"canonical":"https:\/\/www.sts-education.com\/it\/high-school\/foto-e-video-dei-nostri-studenti-exchange\/gli-studenti-sts-raccontano\/celina-e-partita-per-un-anno-allestero-in-germania\/","og_locale":"it_IT","og_type":"article","og_title":"Celina E Partita Per Un Anno Allestero In Germania","og_description":"La mia scuola tedesca \u00e8 stata molto accogliente con me. \u00c8 stato abbastanza facile farsi nuovi amici in Germania, anche se all'inizio erano un po' riservati. Con il tempo siamo riusciti ad entrare in sintonia.","og_url":"https:\/\/www.sts-education.com\/it\/high-school\/foto-e-video-dei-nostri-studenti-exchange\/gli-studenti-sts-raccontano\/celina-e-partita-per-un-anno-allestero-in-germania\/","og_site_name":"STS Education","article_published_time":"2024-09-16T15:00:00+00:00","article_modified_time":"2026-04-14T10:16:54+00:00","og_image":[{"width":150,"height":150,"url":"https:\/\/powered-by.qbank.se\/educatius\/sts\/\/28bde6c83b6239dbd65137fe015fbf21_1-1-thumb.webp","type":"image\/jpeg"}],"author":"syncreadwrite","twitter_card":"summary_large_image","twitter_misc":{"Scritto da":"syncreadwrite","Tempo di lettura stimato":"2 minuti"},"schema":{"@context":"https:\/\/schema.org","@graph":[{"@type":"Article","@id":"https:\/\/www.sts-education.com\/it\/high-school\/foto-e-video-dei-nostri-studenti-exchange\/gli-studenti-sts-raccontano\/celina-e-partita-per-un-anno-allestero-in-germania\/#article","isPartOf":{"@id":"https:\/\/www.sts-education.com\/it\/high-school\/foto-e-video-dei-nostri-studenti-exchange\/gli-studenti-sts-raccontano\/celina-e-partita-per-un-anno-allestero-in-germania\/"},"author":{"name":"syncreadwrite","@id":"https:\/\/www.sts-education.com\/it\/#\/schema\/person\/8b82f3a2e45f020b8f296d7a85d9a97c"},"headline":"Celina E Partita Per Un Anno Allestero In Germania","datePublished":"2024-09-16T15:00:00+00:00","dateModified":"2026-04-14T10:16:54+00:00","mainEntityOfPage":{"@id":"https:\/\/www.sts-education.com\/it\/high-school\/foto-e-video-dei-nostri-studenti-exchange\/gli-studenti-sts-raccontano\/celina-e-partita-per-un-anno-allestero-in-germania\/"},"wordCount":424,"commentCount":0,"image":{"@id":"https:\/\/www.sts-education.com\/it\/high-school\/foto-e-video-dei-nostri-studenti-exchange\/gli-studenti-sts-raccontano\/celina-e-partita-per-un-anno-allestero-in-germania\/#primaryimage"},"thumbnailUrl":"https:\/\/powered-by.qbank.se\/educatius\/sts\/\/28bde6c83b6239dbd65137fe015fbf21_1-1-thumb.webp","keywords":["Germania"],"inLanguage":"it-IT","potentialAction":[{"@type":"CommentAction","name":"Comment","target":["https:\/\/www.sts-education.com\/it\/high-school\/foto-e-video-dei-nostri-studenti-exchange\/gli-studenti-sts-raccontano\/celina-e-partita-per-un-anno-allestero-in-germania\/#respond"]}]},{"@type":"WebPage","@id":"https:\/\/www.sts-education.com\/it\/high-school\/foto-e-video-dei-nostri-studenti-exchange\/gli-studenti-sts-raccontano\/celina-e-partita-per-un-anno-allestero-in-germania\/","url":"https:\/\/www.sts-education.com\/it\/high-school\/foto-e-video-dei-nostri-studenti-exchange\/gli-studenti-sts-raccontano\/celina-e-partita-per-un-anno-allestero-in-germania\/","name":"Celina \u00e8 partita per un anno all\u2019estero in Germania","isPartOf":{"@id":"https:\/\/www.sts-education.com\/it\/#website"},"primaryImageOfPage":{"@id":"https:\/\/www.sts-education.com\/it\/high-school\/foto-e-video-dei-nostri-studenti-exchange\/gli-studenti-sts-raccontano\/celina-e-partita-per-un-anno-allestero-in-germania\/#primaryimage"},"image":{"@id":"https:\/\/www.sts-education.com\/it\/high-school\/foto-e-video-dei-nostri-studenti-exchange\/gli-studenti-sts-raccontano\/celina-e-partita-per-un-anno-allestero-in-germania\/#primaryimage"},"thumbnailUrl":"https:\/\/powered-by.qbank.se\/educatius\/sts\/\/28bde6c83b6239dbd65137fe015fbf21_1-1-thumb.webp","datePublished":"2024-09-16T15:00:00+00:00","dateModified":"2026-04-14T10:16:54+00:00","author":{"@id":"https:\/\/www.sts-education.com\/it\/#\/schema\/person\/8b82f3a2e45f020b8f296d7a85d9a97c"},"description":"La mia scuola tedesca \u00e8 stata molto accogliente con me. \u00c8 stato abbastanza facile farsi nuovi amici in Germania, anche se all'inizio erano un po' riservati. Con il tempo siamo riusciti ad entrare in sintonia.","breadcrumb":{"@id":"https:\/\/www.sts-education.com\/it\/high-school\/foto-e-video-dei-nostri-studenti-exchange\/gli-studenti-sts-raccontano\/celina-e-partita-per-un-anno-allestero-in-germania\/#breadcrumb"},"inLanguage":"it-IT","potentialAction":[{"@type":"ReadAction","target":["https:\/\/www.sts-education.com\/it\/high-school\/foto-e-video-dei-nostri-studenti-exchange\/gli-studenti-sts-raccontano\/celina-e-partita-per-un-anno-allestero-in-germania\/"]}]},{"@type":"ImageObject","inLanguage":"it-IT","@id":"https:\/\/www.sts-education.com\/it\/high-school\/foto-e-video-dei-nostri-studenti-exchange\/gli-studenti-sts-raccontano\/celina-e-partita-per-un-anno-allestero-in-germania\/#primaryimage","url":"https:\/\/powered-by.qbank.se\/educatius\/sts\/\/28bde6c83b6239dbd65137fe015fbf21_1-1-thumb.webp","contentUrl":"https:\/\/powered-by.qbank.se\/educatius\/sts\/\/28bde6c83b6239dbd65137fe015fbf21_1-1-thumb.webp","width":150,"height":150},{"@type":"BreadcrumbList","@id":"https:\/\/www.sts-education.com\/it\/high-school\/foto-e-video-dei-nostri-studenti-exchange\/gli-studenti-sts-raccontano\/celina-e-partita-per-un-anno-allestero-in-germania\/#breadcrumb","itemListElement":[{"@type":"ListItem","position":1,"name":"Home","item":"https:\/\/www.sts-education.com\/it\/"},{"@type":"ListItem","position":2,"name":"Celina E Partita Per Un Anno Allestero In Germania"}]},{"@type":"WebSite","@id":"https:\/\/www.sts-education.com\/it\/#website","url":"https:\/\/www.sts-education.com\/it\/","name":"STS Education","description":"","potentialAction":[{"@type":"SearchAction","target":{"@type":"EntryPoint","urlTemplate":"https:\/\/www.sts-education.com\/it\/?s={search_term_string}"},"query-input":{"@type":"PropertyValueSpecification","valueRequired":true,"valueName":"search_term_string"}}],"inLanguage":"it-IT"},{"@type":"Person","@id":"https:\/\/www.sts-education.com\/it\/#\/schema\/person\/8b82f3a2e45f020b8f296d7a85d9a97c","name":"syncreadwrite","image":{"@type":"ImageObject","inLanguage":"it-IT","@id":"https:\/\/secure.gravatar.com\/avatar\/6ed1007e4f6f43f22e3df41d9fce4365533cba47fef64bb359b8e629abbc2ea6?s=96&d=mm&r=g","url":"https:\/\/secure.gravatar.com\/avatar\/6ed1007e4f6f43f22e3df41d9fce4365533cba47fef64bb359b8e629abbc2ea6?s=96&d=mm&r=g","contentUrl":"https:\/\/secure.gravatar.com\/avatar\/6ed1007e4f6f43f22e3df41d9fce4365533cba47fef64bb359b8e629abbc2ea6?s=96&d=mm&r=g","caption":"syncreadwrite"},"url":"https:\/\/www.sts-education.com\/it\/author\/syncreadwrite\/"}]}},"_links":{"self":[{"href":"https:\/\/www.sts-education.com\/it\/wp-json\/wp\/v2\/posts\/11774","targetHints":{"allow":["GET"]}}],"collection":[{"href":"https:\/\/www.sts-education.com\/it\/wp-json\/wp\/v2\/posts"}],"about":[{"href":"https:\/\/www.sts-education.com\/it\/wp-json\/wp\/v2\/types\/post"}],"author":[{"embeddable":true,"href":"https:\/\/www.sts-education.com\/it\/wp-json\/wp\/v2\/users\/20"}],"replies":[{"embeddable":true,"href":"https:\/\/www.sts-education.com\/it\/wp-json\/wp\/v2\/comments?post=11774"}],"version-history":[{"count":4,"href":"https:\/\/www.sts-education.com\/it\/wp-json\/wp\/v2\/posts\/11774\/revisions"}],"predecessor-version":[{"id":34147,"href":"https:\/\/www.sts-education.com\/it\/wp-json\/wp\/v2\/posts\/11774\/revisions\/34147"}],"wp:featuredmedia":[{"embeddable":true,"href":"https:\/\/www.sts-education.com\/it\/wp-json\/wp\/v2\/media\/13698"}],"wp:attachment":[{"href":"https:\/\/www.sts-education.com\/it\/wp-json\/wp\/v2\/media?parent=11774"}],"wp:term":[{"taxonomy":"category","embeddable":true,"href":"https:\/\/www.sts-education.com\/it\/wp-json\/wp\/v2\/categories?post=11774"},{"taxonomy":"post_tag","embeddable":true,"href":"https:\/\/www.sts-education.com\/it\/wp-json\/wp\/v2\/tags?post=11774"},{"taxonomy":"wpw_post_folders","embeddable":true,"href":"https:\/\/www.sts-education.com\/it\/wp-json\/wp\/v2\/wpw_post_folders?post=11774"}],"curies":[{"name":"wp","href":"https:\/\/api.w.org\/{rel}","templated":true}]}}