{"id":11777,"date":"2024-09-09T15:00:00","date_gmt":"2024-09-09T13:00:00","guid":{"rendered":"https:\/\/preprod.sts-education.com\/blog\/2026\/03\/05\/grace-ha-studiato-allestero-nei-paesi-bassi\/"},"modified":"2026-04-29T09:56:50","modified_gmt":"2026-04-29T07:56:50","slug":"grace-ha-studiato-allestero-nei-paesi-bassi","status":"publish","type":"post","link":"https:\/\/www.sts-education.com\/it\/high-school\/foto-e-video-dei-nostri-studenti-exchange\/gli-studenti-sts-raccontano\/grace-ha-studiato-allestero-nei-paesi-bassi\/","title":{"rendered":"Grace Ha Studiato Allestero Nei Paesi Bassi"},"content":{"rendered":"\n<div class=\"wp-block-sts-text sts-text-editor has-max-width-md\"><div class=\"sts-text-editor__content\"><div class=\"sts-text-editor__content-inner\">\n<h1 style=\"text-align:center\">Grace ha studiato all&#x27;estero nei Paesi Bassi<\/h1>\n<\/div><\/div><\/div>\n\n\n\n<figure class=\"wp-block-sts-image sts-block-image sts-block-image--count-1 has-max-width-lg\" data-count=\"1\"><div class=\"sts-block-image__grid\"><div class=\"sts-block-image__item\"><picture class=\"sts-responsive-image has-fit-cover has-pos-top is-skeleton\"><source media=\"(max-width: 834.98px)\" srcset=\"https:\/\/powered-by.qbank.se\/educatius\/sts\/92fb1a68b412d1f8a31b1dd8c8e2ef16_1-1-thumb.webp 150w, https:\/\/powered-by.qbank.se\/educatius\/sts\/92fb1a68b412d1f8a31b1dd8c8e2ef16_1-1-xsmall.webp 500w, https:\/\/powered-by.qbank.se\/educatius\/sts\/92fb1a68b412d1f8a31b1dd8c8e2ef16_1-1-small.webp 800w, https:\/\/powered-by.qbank.se\/educatius\/sts\/92fb1a68b412d1f8a31b1dd8c8e2ef16_1-1-medium.webp 1024w, https:\/\/powered-by.qbank.se\/educatius\/sts\/92fb1a68b412d1f8a31b1dd8c8e2ef16_1-1-large.webp 1536w\" sizes=\"(max-width: 768px) 100vw, (max-width: 1200px) 100vw, 1200px\" type=\"image\/webp\"\/><source media=\"(min-width: 835px)\" srcset=\"https:\/\/powered-by.qbank.se\/educatius\/sts\/92fb1a68b412d1f8a31b1dd8c8e2ef16_16-9-small.webp 800w, https:\/\/powered-by.qbank.se\/educatius\/sts\/92fb1a68b412d1f8a31b1dd8c8e2ef16_16-9-medium.webp 1024w, https:\/\/powered-by.qbank.se\/educatius\/sts\/92fb1a68b412d1f8a31b1dd8c8e2ef16_16-9-large.webp 1536w\" sizes=\"(max-width: 768px) 100vw, (max-width: 1200px) 100vw, 1200px\" type=\"image\/webp\"\/><img src=\"https:\/\/powered-by.qbank.se\/educatius\/sts\/92fb1a68b412d1f8a31b1dd8c8e2ef16_1-1-thumb.webp\" alt=\"Grace ha studiato all&#x27;estero nei Paesi Bassi\" loading=\"lazy\" decoding=\"async\" fetchpriority=\"low\" style=\"object-position:top\"\/><\/picture><\/div><\/div><\/figure>\n\n\n\n<div class=\"wp-block-sts-text sts-text-editor has-max-width-md\"><div class=\"sts-text-editor__content\"><div class=\"sts-text-editor__content-inner\">\n<p><em>Grace, ragazza neozelandese, ha scelto i Paesi Bassi come meta del suo anno all\u2019estero.<\/em><\/p>\n<\/div><\/div><\/div>\n\n\n\n<div class=\"wp-block-sts-text sts-text-editor has-max-width-md\"><div class=\"sts-text-editor__content\"><div class=\"sts-text-editor__content-inner\">\n<p>Ho scelto di andare nei Paesi Bassi perch\u00e9 la mia famiglia \u00e8 originaria di questo paese. Ho pensato che sarebbe stato bello imparare la lingua, conoscere la storia e la cultura dei miei avi. Adoro il cibo tipico di questo paese! Non posso pi\u00f9 fare a meno delle bitterballen, il pindakaas ed i oliebollen.<\/p>\n<p>La gente \u00e8 stata da subito molto accogliente. La scuola \u00e8 molto pi\u00f9 grande rispetto a quella che frequento in Nuova Zelanda. Gli insegnanti sono tutti gentili ed il clima \u00e8 meno formale, gli studenti sono desiderosi di imparare e fortunatamente tutti parlano molto bene l&#x27;inglese. Come materie io frequento inglese, storia, olandese, matematica, educazione fisica, religione e arte. \u00c8 interessante per me vedere le dinamiche della classe. Ho notato che i compagni di classe qui tendono a essere molto pi\u00f9 uniti che in Nuova Zelanda.<\/p>\n<p>La mia famiglia ospitante \u00e8 fantastica. Sono particolarmente legata alla mia sorella ospitante; abbiamo interessi simili e facciamo molte cose insieme. I miei genitori ospitanti amano viaggiare per il paese e mostrarmi citt\u00e0 che non ho mai visto prima, cosa che apprezzo molto. Una tradizione che amo della mia famiglia \u00e8 la \u201cserata giochi\u201d. Ogni settimana viene scelta una sera in cui tutta la famiglia si riunisce per giocare a giochi da tavola insieme; \u00e8 la mia serata preferita! L\u2019esperienza di vita che ho condiviso con loro \u00e8 stata perfetta in ogni dettaglio e sono sicura che rimarremo in contatto e spero di poterli rivedere presto una volta tornata in Nuova Zelanda.<\/p>\n<p>Se potessi dare un consiglio alle future famiglie ospitanti, sarebbe il seguente: incoraggiate il vostro exchange student a provare di tutto. Forse non ameranno ogni nuovo cibo o attivit\u00e0 che proveranno, ma alla fine saranno grati di per qualsiasi nuova esperienza!<\/p>\n<h2>Per saperne di pi\u00f9<\/h2>\n<ul><li>Leggi altre storie di <a href=\"https:\/\/www.sts-education.com\/it\/high-school\/foto-e-video-dei-nostri-studenti-exchange\/gli-studenti-sts-raccontano\/?hashtag=Paesi+Bassi\">studenti dai Paesi Bassi<\/a><\/li>\n<li>Leggi di pi\u00f9 su un <a href=\"https:\/\/www.sts-education.com\/it\/high-school\/destinazioni\/europa\/paesi-bassi\/\">anno all&#x27;estero nei Paesi Bassi<\/a><\/li>\n<li><span>Guarda tutte le nostre <a href=\"\/it\/high-school\/tripfinder\/\">destinazioni per il tuo anno all&#x27;estero<\/a><\/span><\/li><\/ul>\n<\/div><\/div><\/div>\n","protected":false},"excerpt":{"rendered":"","protected":false},"author":20,"featured_media":13704,"comment_status":"open","ping_status":"open","sticky":false,"template":"","format":"standard","meta":{"_acf_changed":false,"_yoast_wpseo_title":"Grace ha studiato all'estero nei Paesi Bassi","_yoast_wpseo_metadesc":"La gente \u00e8 stata da subito molto accogliente. La scuola \u00e8 molto pi\u00f9 grande rispetto a quella che frequento in Nuova Zelanda. Gli insegnanti sono tutti gentili ed il clima \u00e8 meno formale, gli studenti sono desiderosi di imparare e fortunatamente tutti parlano molto bene l'inglese.","footnotes":""},"categories":[274],"tags":[967],"wpw_post_folders":[],"class_list":["post-11777","post","type-post","status-publish","format-standard","has-post-thumbnail","hentry","category-senza-categoria","tag-paesi-bassi"],"acf":[],"yoast_head":"<!-- This site is optimized with the Yoast SEO Premium plugin v27.2 (Yoast SEO v27.2) - https:\/\/yoast.com\/product\/yoast-seo-premium-wordpress\/ -->\n<title>Grace ha studiato all&#039;estero nei Paesi Bassi<\/title>\n<meta name=\"description\" content=\"La gente \u00e8 stata da subito molto accogliente. La scuola \u00e8 molto pi\u00f9 grande rispetto a quella che frequento in Nuova Zelanda. Gli insegnanti sono tutti gentili ed il clima \u00e8 meno formale, gli studenti sono desiderosi di imparare e fortunatamente tutti parlano molto bene l&#039;inglese.\" \/>\n<meta name=\"robots\" content=\"index, follow, max-snippet:-1, max-image-preview:large, max-video-preview:-1\" \/>\n<link rel=\"canonical\" href=\"https:\/\/www.sts-education.com\/it\/high-school\/foto-e-video-dei-nostri-studenti-exchange\/gli-studenti-sts-raccontano\/grace-ha-studiato-allestero-nei-paesi-bassi\/\" \/>\n<meta property=\"og:locale\" content=\"it_IT\" \/>\n<meta property=\"og:type\" content=\"article\" \/>\n<meta property=\"og:title\" content=\"Grace Ha Studiato Allestero Nei Paesi Bassi\" \/>\n<meta property=\"og:description\" content=\"La gente \u00e8 stata da subito molto accogliente. La scuola \u00e8 molto pi\u00f9 grande rispetto a quella che frequento in Nuova Zelanda. Gli insegnanti sono tutti gentili ed il clima \u00e8 meno formale, gli studenti sono desiderosi di imparare e fortunatamente tutti parlano molto bene l&#039;inglese.\" \/>\n<meta property=\"og:url\" content=\"https:\/\/www.sts-education.com\/it\/high-school\/foto-e-video-dei-nostri-studenti-exchange\/gli-studenti-sts-raccontano\/grace-ha-studiato-allestero-nei-paesi-bassi\/\" \/>\n<meta property=\"og:site_name\" content=\"STS Education\" \/>\n<meta property=\"article:published_time\" content=\"2024-09-09T13:00:00+00:00\" \/>\n<meta property=\"article:modified_time\" content=\"2026-04-29T07:56:50+00:00\" \/>\n<meta property=\"og:image\" content=\"https:\/\/powered-by.qbank.se\/educatius\/sts\/\/92fb1a68b412d1f8a31b1dd8c8e2ef16_1-1-thumb.webp\" \/>\n\t<meta property=\"og:image:width\" content=\"150\" \/>\n\t<meta property=\"og:image:height\" content=\"150\" \/>\n\t<meta property=\"og:image:type\" content=\"image\/jpeg\" \/>\n<meta name=\"author\" content=\"syncreadwrite\" \/>\n<meta name=\"twitter:card\" content=\"summary_large_image\" \/>\n<meta name=\"twitter:label1\" content=\"Scritto da\" \/>\n\t<meta name=\"twitter:data1\" content=\"syncreadwrite\" \/>\n\t<meta name=\"twitter:label2\" content=\"Tempo di lettura stimato\" \/>\n\t<meta name=\"twitter:data2\" content=\"2 minuti\" \/>\n<script type=\"application\/ld+json\" class=\"yoast-schema-graph\">{\"@context\":\"https:\/\/schema.org\",\"@graph\":[{\"@type\":\"Article\",\"@id\":\"https:\/\/www.sts-education.com\/it\/high-school\/foto-e-video-dei-nostri-studenti-exchange\/gli-studenti-sts-raccontano\/grace-ha-studiato-allestero-nei-paesi-bassi\/#article\",\"isPartOf\":{\"@id\":\"https:\/\/www.sts-education.com\/it\/high-school\/foto-e-video-dei-nostri-studenti-exchange\/gli-studenti-sts-raccontano\/grace-ha-studiato-allestero-nei-paesi-bassi\/\"},\"author\":{\"name\":\"syncreadwrite\",\"@id\":\"https:\/\/www.sts-education.com\/it\/#\/schema\/person\/8b82f3a2e45f020b8f296d7a85d9a97c\"},\"headline\":\"Grace Ha Studiato Allestero Nei Paesi Bassi\",\"datePublished\":\"2024-09-09T13:00:00+00:00\",\"dateModified\":\"2026-04-29T07:56:50+00:00\",\"mainEntityOfPage\":{\"@id\":\"https:\/\/www.sts-education.com\/it\/high-school\/foto-e-video-dei-nostri-studenti-exchange\/gli-studenti-sts-raccontano\/grace-ha-studiato-allestero-nei-paesi-bassi\/\"},\"wordCount\":354,\"commentCount\":0,\"image\":{\"@id\":\"https:\/\/www.sts-education.com\/it\/high-school\/foto-e-video-dei-nostri-studenti-exchange\/gli-studenti-sts-raccontano\/grace-ha-studiato-allestero-nei-paesi-bassi\/#primaryimage\"},\"thumbnailUrl\":\"https:\/\/powered-by.qbank.se\/educatius\/sts\/\/92fb1a68b412d1f8a31b1dd8c8e2ef16_1-1-thumb.webp\",\"keywords\":[\"Paesi Bassi\"],\"inLanguage\":\"it-IT\",\"potentialAction\":[{\"@type\":\"CommentAction\",\"name\":\"Comment\",\"target\":[\"https:\/\/www.sts-education.com\/it\/high-school\/foto-e-video-dei-nostri-studenti-exchange\/gli-studenti-sts-raccontano\/grace-ha-studiato-allestero-nei-paesi-bassi\/#respond\"]}]},{\"@type\":\"WebPage\",\"@id\":\"https:\/\/www.sts-education.com\/it\/high-school\/foto-e-video-dei-nostri-studenti-exchange\/gli-studenti-sts-raccontano\/grace-ha-studiato-allestero-nei-paesi-bassi\/\",\"url\":\"https:\/\/www.sts-education.com\/it\/high-school\/foto-e-video-dei-nostri-studenti-exchange\/gli-studenti-sts-raccontano\/grace-ha-studiato-allestero-nei-paesi-bassi\/\",\"name\":\"Grace ha studiato all'estero nei Paesi Bassi\",\"isPartOf\":{\"@id\":\"https:\/\/www.sts-education.com\/it\/#website\"},\"primaryImageOfPage\":{\"@id\":\"https:\/\/www.sts-education.com\/it\/high-school\/foto-e-video-dei-nostri-studenti-exchange\/gli-studenti-sts-raccontano\/grace-ha-studiato-allestero-nei-paesi-bassi\/#primaryimage\"},\"image\":{\"@id\":\"https:\/\/www.sts-education.com\/it\/high-school\/foto-e-video-dei-nostri-studenti-exchange\/gli-studenti-sts-raccontano\/grace-ha-studiato-allestero-nei-paesi-bassi\/#primaryimage\"},\"thumbnailUrl\":\"https:\/\/powered-by.qbank.se\/educatius\/sts\/\/92fb1a68b412d1f8a31b1dd8c8e2ef16_1-1-thumb.webp\",\"datePublished\":\"2024-09-09T13:00:00+00:00\",\"dateModified\":\"2026-04-29T07:56:50+00:00\",\"author\":{\"@id\":\"https:\/\/www.sts-education.com\/it\/#\/schema\/person\/8b82f3a2e45f020b8f296d7a85d9a97c\"},\"description\":\"La gente \u00e8 stata da subito molto accogliente. La scuola \u00e8 molto pi\u00f9 grande rispetto a quella che frequento in Nuova Zelanda. Gli insegnanti sono tutti gentili ed il clima \u00e8 meno formale, gli studenti sono desiderosi di imparare e fortunatamente tutti parlano molto bene l'inglese.\",\"breadcrumb\":{\"@id\":\"https:\/\/www.sts-education.com\/it\/high-school\/foto-e-video-dei-nostri-studenti-exchange\/gli-studenti-sts-raccontano\/grace-ha-studiato-allestero-nei-paesi-bassi\/#breadcrumb\"},\"inLanguage\":\"it-IT\",\"potentialAction\":[{\"@type\":\"ReadAction\",\"target\":[\"https:\/\/www.sts-education.com\/it\/high-school\/foto-e-video-dei-nostri-studenti-exchange\/gli-studenti-sts-raccontano\/grace-ha-studiato-allestero-nei-paesi-bassi\/\"]}]},{\"@type\":\"ImageObject\",\"inLanguage\":\"it-IT\",\"@id\":\"https:\/\/www.sts-education.com\/it\/high-school\/foto-e-video-dei-nostri-studenti-exchange\/gli-studenti-sts-raccontano\/grace-ha-studiato-allestero-nei-paesi-bassi\/#primaryimage\",\"url\":\"https:\/\/powered-by.qbank.se\/educatius\/sts\/\/92fb1a68b412d1f8a31b1dd8c8e2ef16_1-1-thumb.webp\",\"contentUrl\":\"https:\/\/powered-by.qbank.se\/educatius\/sts\/\/92fb1a68b412d1f8a31b1dd8c8e2ef16_1-1-thumb.webp\",\"width\":150,\"height\":150},{\"@type\":\"BreadcrumbList\",\"@id\":\"https:\/\/www.sts-education.com\/it\/high-school\/foto-e-video-dei-nostri-studenti-exchange\/gli-studenti-sts-raccontano\/grace-ha-studiato-allestero-nei-paesi-bassi\/#breadcrumb\",\"itemListElement\":[{\"@type\":\"ListItem\",\"position\":1,\"name\":\"Home\",\"item\":\"https:\/\/www.sts-education.com\/it\/\"},{\"@type\":\"ListItem\",\"position\":2,\"name\":\"Grace Ha Studiato Allestero Nei Paesi Bassi\"}]},{\"@type\":\"WebSite\",\"@id\":\"https:\/\/www.sts-education.com\/it\/#website\",\"url\":\"https:\/\/www.sts-education.com\/it\/\",\"name\":\"STS Education\",\"description\":\"\",\"potentialAction\":[{\"@type\":\"SearchAction\",\"target\":{\"@type\":\"EntryPoint\",\"urlTemplate\":\"https:\/\/www.sts-education.com\/it\/?s={search_term_string}\"},\"query-input\":{\"@type\":\"PropertyValueSpecification\",\"valueRequired\":true,\"valueName\":\"search_term_string\"}}],\"inLanguage\":\"it-IT\"},{\"@type\":\"Person\",\"@id\":\"https:\/\/www.sts-education.com\/it\/#\/schema\/person\/8b82f3a2e45f020b8f296d7a85d9a97c\",\"name\":\"syncreadwrite\",\"image\":{\"@type\":\"ImageObject\",\"inLanguage\":\"it-IT\",\"@id\":\"https:\/\/secure.gravatar.com\/avatar\/6ed1007e4f6f43f22e3df41d9fce4365533cba47fef64bb359b8e629abbc2ea6?s=96&d=mm&r=g\",\"url\":\"https:\/\/secure.gravatar.com\/avatar\/6ed1007e4f6f43f22e3df41d9fce4365533cba47fef64bb359b8e629abbc2ea6?s=96&d=mm&r=g\",\"contentUrl\":\"https:\/\/secure.gravatar.com\/avatar\/6ed1007e4f6f43f22e3df41d9fce4365533cba47fef64bb359b8e629abbc2ea6?s=96&d=mm&r=g\",\"caption\":\"syncreadwrite\"},\"url\":\"https:\/\/www.sts-education.com\/it\/author\/syncreadwrite\/\"}]}<\/script>\n<!-- \/ Yoast SEO Premium plugin. -->","yoast_head_json":{"title":"Grace ha studiato all'estero nei Paesi Bassi","description":"La gente \u00e8 stata da subito molto accogliente. La scuola \u00e8 molto pi\u00f9 grande rispetto a quella che frequento in Nuova Zelanda. Gli insegnanti sono tutti gentili ed il clima \u00e8 meno formale, gli studenti sono desiderosi di imparare e fortunatamente tutti parlano molto bene l'inglese.","robots":{"index":"index","follow":"follow","max-snippet":"max-snippet:-1","max-image-preview":"max-image-preview:large","max-video-preview":"max-video-preview:-1"},"canonical":"https:\/\/www.sts-education.com\/it\/high-school\/foto-e-video-dei-nostri-studenti-exchange\/gli-studenti-sts-raccontano\/grace-ha-studiato-allestero-nei-paesi-bassi\/","og_locale":"it_IT","og_type":"article","og_title":"Grace Ha Studiato Allestero Nei Paesi Bassi","og_description":"La gente \u00e8 stata da subito molto accogliente. La scuola \u00e8 molto pi\u00f9 grande rispetto a quella che frequento in Nuova Zelanda. Gli insegnanti sono tutti gentili ed il clima \u00e8 meno formale, gli studenti sono desiderosi di imparare e fortunatamente tutti parlano molto bene l'inglese.","og_url":"https:\/\/www.sts-education.com\/it\/high-school\/foto-e-video-dei-nostri-studenti-exchange\/gli-studenti-sts-raccontano\/grace-ha-studiato-allestero-nei-paesi-bassi\/","og_site_name":"STS Education","article_published_time":"2024-09-09T13:00:00+00:00","article_modified_time":"2026-04-29T07:56:50+00:00","og_image":[{"width":150,"height":150,"url":"https:\/\/powered-by.qbank.se\/educatius\/sts\/\/92fb1a68b412d1f8a31b1dd8c8e2ef16_1-1-thumb.webp","type":"image\/jpeg"}],"author":"syncreadwrite","twitter_card":"summary_large_image","twitter_misc":{"Scritto da":"syncreadwrite","Tempo di lettura stimato":"2 minuti"},"schema":{"@context":"https:\/\/schema.org","@graph":[{"@type":"Article","@id":"https:\/\/www.sts-education.com\/it\/high-school\/foto-e-video-dei-nostri-studenti-exchange\/gli-studenti-sts-raccontano\/grace-ha-studiato-allestero-nei-paesi-bassi\/#article","isPartOf":{"@id":"https:\/\/www.sts-education.com\/it\/high-school\/foto-e-video-dei-nostri-studenti-exchange\/gli-studenti-sts-raccontano\/grace-ha-studiato-allestero-nei-paesi-bassi\/"},"author":{"name":"syncreadwrite","@id":"https:\/\/www.sts-education.com\/it\/#\/schema\/person\/8b82f3a2e45f020b8f296d7a85d9a97c"},"headline":"Grace Ha Studiato Allestero Nei Paesi Bassi","datePublished":"2024-09-09T13:00:00+00:00","dateModified":"2026-04-29T07:56:50+00:00","mainEntityOfPage":{"@id":"https:\/\/www.sts-education.com\/it\/high-school\/foto-e-video-dei-nostri-studenti-exchange\/gli-studenti-sts-raccontano\/grace-ha-studiato-allestero-nei-paesi-bassi\/"},"wordCount":354,"commentCount":0,"image":{"@id":"https:\/\/www.sts-education.com\/it\/high-school\/foto-e-video-dei-nostri-studenti-exchange\/gli-studenti-sts-raccontano\/grace-ha-studiato-allestero-nei-paesi-bassi\/#primaryimage"},"thumbnailUrl":"https:\/\/powered-by.qbank.se\/educatius\/sts\/\/92fb1a68b412d1f8a31b1dd8c8e2ef16_1-1-thumb.webp","keywords":["Paesi Bassi"],"inLanguage":"it-IT","potentialAction":[{"@type":"CommentAction","name":"Comment","target":["https:\/\/www.sts-education.com\/it\/high-school\/foto-e-video-dei-nostri-studenti-exchange\/gli-studenti-sts-raccontano\/grace-ha-studiato-allestero-nei-paesi-bassi\/#respond"]}]},{"@type":"WebPage","@id":"https:\/\/www.sts-education.com\/it\/high-school\/foto-e-video-dei-nostri-studenti-exchange\/gli-studenti-sts-raccontano\/grace-ha-studiato-allestero-nei-paesi-bassi\/","url":"https:\/\/www.sts-education.com\/it\/high-school\/foto-e-video-dei-nostri-studenti-exchange\/gli-studenti-sts-raccontano\/grace-ha-studiato-allestero-nei-paesi-bassi\/","name":"Grace ha studiato all'estero nei Paesi Bassi","isPartOf":{"@id":"https:\/\/www.sts-education.com\/it\/#website"},"primaryImageOfPage":{"@id":"https:\/\/www.sts-education.com\/it\/high-school\/foto-e-video-dei-nostri-studenti-exchange\/gli-studenti-sts-raccontano\/grace-ha-studiato-allestero-nei-paesi-bassi\/#primaryimage"},"image":{"@id":"https:\/\/www.sts-education.com\/it\/high-school\/foto-e-video-dei-nostri-studenti-exchange\/gli-studenti-sts-raccontano\/grace-ha-studiato-allestero-nei-paesi-bassi\/#primaryimage"},"thumbnailUrl":"https:\/\/powered-by.qbank.se\/educatius\/sts\/\/92fb1a68b412d1f8a31b1dd8c8e2ef16_1-1-thumb.webp","datePublished":"2024-09-09T13:00:00+00:00","dateModified":"2026-04-29T07:56:50+00:00","author":{"@id":"https:\/\/www.sts-education.com\/it\/#\/schema\/person\/8b82f3a2e45f020b8f296d7a85d9a97c"},"description":"La gente \u00e8 stata da subito molto accogliente. La scuola \u00e8 molto pi\u00f9 grande rispetto a quella che frequento in Nuova Zelanda. Gli insegnanti sono tutti gentili ed il clima \u00e8 meno formale, gli studenti sono desiderosi di imparare e fortunatamente tutti parlano molto bene l'inglese.","breadcrumb":{"@id":"https:\/\/www.sts-education.com\/it\/high-school\/foto-e-video-dei-nostri-studenti-exchange\/gli-studenti-sts-raccontano\/grace-ha-studiato-allestero-nei-paesi-bassi\/#breadcrumb"},"inLanguage":"it-IT","potentialAction":[{"@type":"ReadAction","target":["https:\/\/www.sts-education.com\/it\/high-school\/foto-e-video-dei-nostri-studenti-exchange\/gli-studenti-sts-raccontano\/grace-ha-studiato-allestero-nei-paesi-bassi\/"]}]},{"@type":"ImageObject","inLanguage":"it-IT","@id":"https:\/\/www.sts-education.com\/it\/high-school\/foto-e-video-dei-nostri-studenti-exchange\/gli-studenti-sts-raccontano\/grace-ha-studiato-allestero-nei-paesi-bassi\/#primaryimage","url":"https:\/\/powered-by.qbank.se\/educatius\/sts\/\/92fb1a68b412d1f8a31b1dd8c8e2ef16_1-1-thumb.webp","contentUrl":"https:\/\/powered-by.qbank.se\/educatius\/sts\/\/92fb1a68b412d1f8a31b1dd8c8e2ef16_1-1-thumb.webp","width":150,"height":150},{"@type":"BreadcrumbList","@id":"https:\/\/www.sts-education.com\/it\/high-school\/foto-e-video-dei-nostri-studenti-exchange\/gli-studenti-sts-raccontano\/grace-ha-studiato-allestero-nei-paesi-bassi\/#breadcrumb","itemListElement":[{"@type":"ListItem","position":1,"name":"Home","item":"https:\/\/www.sts-education.com\/it\/"},{"@type":"ListItem","position":2,"name":"Grace Ha Studiato Allestero Nei Paesi Bassi"}]},{"@type":"WebSite","@id":"https:\/\/www.sts-education.com\/it\/#website","url":"https:\/\/www.sts-education.com\/it\/","name":"STS Education","description":"","potentialAction":[{"@type":"SearchAction","target":{"@type":"EntryPoint","urlTemplate":"https:\/\/www.sts-education.com\/it\/?s={search_term_string}"},"query-input":{"@type":"PropertyValueSpecification","valueRequired":true,"valueName":"search_term_string"}}],"inLanguage":"it-IT"},{"@type":"Person","@id":"https:\/\/www.sts-education.com\/it\/#\/schema\/person\/8b82f3a2e45f020b8f296d7a85d9a97c","name":"syncreadwrite","image":{"@type":"ImageObject","inLanguage":"it-IT","@id":"https:\/\/secure.gravatar.com\/avatar\/6ed1007e4f6f43f22e3df41d9fce4365533cba47fef64bb359b8e629abbc2ea6?s=96&d=mm&r=g","url":"https:\/\/secure.gravatar.com\/avatar\/6ed1007e4f6f43f22e3df41d9fce4365533cba47fef64bb359b8e629abbc2ea6?s=96&d=mm&r=g","contentUrl":"https:\/\/secure.gravatar.com\/avatar\/6ed1007e4f6f43f22e3df41d9fce4365533cba47fef64bb359b8e629abbc2ea6?s=96&d=mm&r=g","caption":"syncreadwrite"},"url":"https:\/\/www.sts-education.com\/it\/author\/syncreadwrite\/"}]}},"_links":{"self":[{"href":"https:\/\/www.sts-education.com\/it\/wp-json\/wp\/v2\/posts\/11777","targetHints":{"allow":["GET"]}}],"collection":[{"href":"https:\/\/www.sts-education.com\/it\/wp-json\/wp\/v2\/posts"}],"about":[{"href":"https:\/\/www.sts-education.com\/it\/wp-json\/wp\/v2\/types\/post"}],"author":[{"embeddable":true,"href":"https:\/\/www.sts-education.com\/it\/wp-json\/wp\/v2\/users\/20"}],"replies":[{"embeddable":true,"href":"https:\/\/www.sts-education.com\/it\/wp-json\/wp\/v2\/comments?post=11777"}],"version-history":[{"count":5,"href":"https:\/\/www.sts-education.com\/it\/wp-json\/wp\/v2\/posts\/11777\/revisions"}],"predecessor-version":[{"id":43506,"href":"https:\/\/www.sts-education.com\/it\/wp-json\/wp\/v2\/posts\/11777\/revisions\/43506"}],"wp:featuredmedia":[{"embeddable":true,"href":"https:\/\/www.sts-education.com\/it\/wp-json\/wp\/v2\/media\/13704"}],"wp:attachment":[{"href":"https:\/\/www.sts-education.com\/it\/wp-json\/wp\/v2\/media?parent=11777"}],"wp:term":[{"taxonomy":"category","embeddable":true,"href":"https:\/\/www.sts-education.com\/it\/wp-json\/wp\/v2\/categories?post=11777"},{"taxonomy":"post_tag","embeddable":true,"href":"https:\/\/www.sts-education.com\/it\/wp-json\/wp\/v2\/tags?post=11777"},{"taxonomy":"wpw_post_folders","embeddable":true,"href":"https:\/\/www.sts-education.com\/it\/wp-json\/wp\/v2\/wpw_post_folders?post=11777"}],"curies":[{"name":"wp","href":"https:\/\/api.w.org\/{rel}","templated":true}]}}