{"id":11783,"date":"2024-08-05T16:00:00","date_gmt":"2024-08-05T14:00:00","guid":{"rendered":"https:\/\/preprod.sts-education.com\/blog\/2026\/03\/05\/mauricio-ha-studiato-in-austria\/"},"modified":"2026-04-29T10:02:43","modified_gmt":"2026-04-29T08:02:43","slug":"mauricio-ha-studiato-in-austria","status":"publish","type":"post","link":"https:\/\/www.sts-education.com\/it\/high-school\/foto-e-video-dei-nostri-studenti-exchange\/gli-studenti-sts-raccontano\/mauricio-ha-studiato-in-austria\/","title":{"rendered":"Mauricio Ha Studiato In Austria"},"content":{"rendered":"\n<div class=\"wp-block-sts-text sts-text-editor has-max-width-md\"><div class=\"sts-text-editor__content\"><div class=\"sts-text-editor__content-inner\">\n<h1 style=\"text-align:center\">Mauricio ha studiato in Austria<\/h1>\n<\/div><\/div><\/div>\n\n\n\n<figure class=\"wp-block-sts-image sts-block-image sts-block-image--count-1 has-max-width-lg\" data-count=\"1\"><div class=\"sts-block-image__grid\"><div class=\"sts-block-image__item\"><picture class=\"sts-responsive-image has-fit-cover has-pos-top is-skeleton\"><source media=\"(max-width: 834.98px)\" srcset=\"https:\/\/powered-by.qbank.se\/educatius\/sts\/86754fe3e63a20d8f832b9e46dd1519e_1-1-thumb.webp 150w, https:\/\/powered-by.qbank.se\/educatius\/sts\/86754fe3e63a20d8f832b9e46dd1519e_1-1-xsmall.webp 500w, https:\/\/powered-by.qbank.se\/educatius\/sts\/86754fe3e63a20d8f832b9e46dd1519e_1-1-small.webp 800w, https:\/\/powered-by.qbank.se\/educatius\/sts\/86754fe3e63a20d8f832b9e46dd1519e_1-1-medium.webp 1024w, https:\/\/powered-by.qbank.se\/educatius\/sts\/86754fe3e63a20d8f832b9e46dd1519e_1-1-large.webp 1536w\" sizes=\"(max-width: 768px) 100vw, (max-width: 1200px) 100vw, 1200px\" type=\"image\/webp\"\/><source media=\"(min-width: 835px)\" srcset=\"https:\/\/powered-by.qbank.se\/educatius\/sts\/86754fe3e63a20d8f832b9e46dd1519e_16-9-small.webp 800w, https:\/\/powered-by.qbank.se\/educatius\/sts\/86754fe3e63a20d8f832b9e46dd1519e_16-9-medium.webp 1024w, https:\/\/powered-by.qbank.se\/educatius\/sts\/86754fe3e63a20d8f832b9e46dd1519e_16-9-large.webp 1536w\" sizes=\"(max-width: 768px) 100vw, (max-width: 1200px) 100vw, 1200px\" type=\"image\/webp\"\/><img src=\"https:\/\/powered-by.qbank.se\/educatius\/sts\/86754fe3e63a20d8f832b9e46dd1519e_1-1-thumb.webp\" alt=\"Mauricio ha studiato in Austria\" loading=\"lazy\" decoding=\"async\" fetchpriority=\"low\" style=\"object-position:top\"\/><\/picture><\/div><\/div><\/figure>\n\n\n\n<div class=\"wp-block-sts-text sts-text-editor has-max-width-md\"><div class=\"sts-text-editor__content\"><div class=\"sts-text-editor__content-inner\">\n<p><em>Mauricio, messicano, \u00e8 andato in scambio in Austria.<\/em><\/p>\n<\/div><\/div><\/div>\n\n\n\n<div class=\"wp-block-sts-text sts-text-editor has-max-width-md\"><div class=\"sts-text-editor__content\"><div class=\"sts-text-editor__content-inner\">\n<h2>Decidere di fare uno scambio con STS<\/h2>\n<p>Quest&#x27;anno ho avuto l&#x27;incredibile opportunit\u00e0 di trascorrere un anno di scambio in Austria. \u00c8 stata un&#x27;esperienza indimenticabile, durata un intero anno scolastico, da settembre a giugno. Ho scelto di fare questo scambio perch\u00e9 volevo fare un&#x27;esperienza diversa prima di finire la scuola superiore, qualcosa che mi permettesse di crescere sia a livello personale che accademico. Anche mio fratello ha influenzato la mia decisione sull&#x27;anno di scambio, dal momento che anche lui ha partecipato a uno scambio.<\/p>\n<p>Ho scelto l&#x27;Austria per diversi motivi. Sono sempre stato affascinato dalla cultura, dalla storia e, naturalmente, dagli splendidi paesaggi alpini. Inoltre, volevo imparare il tedesco e immergermi in una cultura europea diversa dalla mia.<\/p>\n<p>Ho scelto la STS perch\u00e9 aveva buone raccomandazioni e un processo ben organizzato. Inoltre, mio fratello ha partecipato a uno scambio tre anni prima di me. Sono molto soddisfatto di loro; hanno creato l&#x27;intera esperienza senza intoppi e sono stati disponibili per qualsiasi domanda o problema.<\/p>\n<p>Ho trovato la scuola abbastanza facilmente anche grazie all&#x27;aiuto di STS. Si sono occupati di tutto, dall&#x27;iscrizione alla ricerca di una famiglia ospitante.<\/p>\n<h2>Trovare nuovi hobby<\/h2>\n<p>Nel tempo libero ho scoperto che mi piace fare esercizio fisico e prendermi cura del mio corpo e ho praticato molte attivit\u00e0 come la corsa, l&#x27;arrampicata e l&#x27;escursionismo. Ho imparato a sciare sulle Alpi, cosa che non avevo mai fatto prima. Ho anche preso lezioni di surf e ho imparato molto sulla cultura e sui cibi.<\/p>\n<h2>Creare nuove amicizie<\/h2>\n<p>Fare amicizia \u00e8 stato un misto di facile e difficile. All&#x27;inizio la barriera linguistica \u00e8 stata una sfida, ma con il tempo e la pratica il mio tedesco \u00e8 migliorato e sono riuscito a comunicare meglio. I miei compagni di classe sono stati molto amichevoli e mi hanno aiutato molto. Ho anche incontrato altri amici del mio paese che mi sono diventati molto cari, al punto che \u00e8 stato difficile salutarli.<\/p>\n<h2>Differenze culturali &#8211; Austria vs Messico<\/h2>\n<p>Le differenze tra Austria e Messico sono significative. Il ritmo di vita, il cibo, i costumi e, naturalmente, la lingua erano molto diversi. Tuttavia, sono state proprio queste differenze a rendere l&#x27;esperienza cos\u00ec arricchente.<\/p>\n<h2>Aspettative<\/h2>\n<p>Il mio anno di scambio non \u00e8 stato esattamente come me lo aspettavo; \u00e8 stato molto meglio. Ci sono state sfide, come l&#x27;adattamento alla lingua e al clima, ma le ho superate con pazienza e impegno. Ho imparato a essere pi\u00f9 indipendente e ad adattarmi a situazioni nuove e sconosciute.<\/p>\n<h2>Gli aspetti positivi dello scambio<\/h2>\n<p>Le cose migliori dello scambio sono state le amicizie che ho fatto, le nuove competenze che ho acquisito e le esperienze uniche che ho vissuto.<\/p>\n<p>Consiglio assolutamente di partecipare a uno scambio scolastico. Studiare all&#x27;estero ti apre la mente, ti mette alla prova e ti permette di crescere in modi che non avresti mai immaginato. Se qualcuno mi chiedesse un consiglio, gli direi di prepararsi alle sfide ma di godersi ogni momento. Avrei potuto studiare di pi\u00f9 il tedesco prima di partire, ma sono contento di com\u2019\u00e8 andata.<\/p>\n<p>Sono sicuro che il mio scambio influenzer\u00e0 positivamente il mio futuro. Ho acquisito fiducia in me stesso, competenze interculturali e una terza lingua che mi sar\u00e0 sicuramente utile nella mia vita professionale e personale.<\/p>\n<p>In sintesi, il mio anno all\u2019estero in Austria con STS \u00e8 stata un&#x27;esperienza trasformativa e altamente raccomandabile. Se ne avete la possibilit\u00e0, non esitate e osate vivere un&#x27;avventura simile!<\/p>\n<h2>Per saperne di pi\u00f9<\/h2>\n<ul><li>Leggi altre storie di <a href=\"https:\/\/www.sts-education.com\/it\/high-school\/foto-e-video-dei-nostri-studenti-exchange\/gli-studenti-sts-raccontano\/?hashtag=Austria\">studenti dall&#x27;Austria<\/a><\/li>\n<li>Leggi di pi\u00f9 su un <a href=\"https:\/\/www.sts-education.com\/it\/high-school\/destinazioni\/europa\/austria\/\">anno all&#x27;estero in Austria<\/a><\/li>\n<li><span>Guarda tutte le nostre <a href=\"\/it\/high-school\/tripfinder\/\">destinazioni per il tuo anno all&#x27;estero<\/a><\/span><\/li><\/ul>\n<\/div><\/div><\/div>\n","protected":false},"excerpt":{"rendered":"","protected":false},"author":20,"featured_media":13716,"comment_status":"open","ping_status":"open","sticky":false,"template":"","format":"standard","meta":{"_acf_changed":false,"_yoast_wpseo_title":"Mauricio ha studiato in Austria","_yoast_wpseo_metadesc":"Quest'anno ho avuto l'incredibile opportunit\u00e0 di trascorrere un anno di scambio in Austria. \u00c8 stata un'esperienza indimenticabile, durata un intero anno scolastico, da settembre a giugno.","footnotes":""},"categories":[274],"tags":[956],"wpw_post_folders":[],"class_list":["post-11783","post","type-post","status-publish","format-standard","has-post-thumbnail","hentry","category-senza-categoria","tag-austria"],"acf":[],"yoast_head":"<!-- This site is optimized with the Yoast SEO Premium plugin v27.2 (Yoast SEO v27.2) - https:\/\/yoast.com\/product\/yoast-seo-premium-wordpress\/ -->\n<title>Mauricio ha studiato in Austria<\/title>\n<meta name=\"description\" content=\"Quest&#039;anno ho avuto l&#039;incredibile opportunit\u00e0 di trascorrere un anno di scambio in Austria. \u00c8 stata un&#039;esperienza indimenticabile, durata un intero anno scolastico, da settembre a giugno.\" \/>\n<meta name=\"robots\" content=\"index, follow, max-snippet:-1, max-image-preview:large, max-video-preview:-1\" \/>\n<link rel=\"canonical\" href=\"https:\/\/www.sts-education.com\/it\/high-school\/foto-e-video-dei-nostri-studenti-exchange\/gli-studenti-sts-raccontano\/mauricio-ha-studiato-in-austria\/\" \/>\n<meta property=\"og:locale\" content=\"it_IT\" \/>\n<meta property=\"og:type\" content=\"article\" \/>\n<meta property=\"og:title\" content=\"Mauricio Ha Studiato In Austria\" \/>\n<meta property=\"og:description\" content=\"Quest&#039;anno ho avuto l&#039;incredibile opportunit\u00e0 di trascorrere un anno di scambio in Austria. \u00c8 stata un&#039;esperienza indimenticabile, durata un intero anno scolastico, da settembre a giugno.\" \/>\n<meta property=\"og:url\" content=\"https:\/\/www.sts-education.com\/it\/high-school\/foto-e-video-dei-nostri-studenti-exchange\/gli-studenti-sts-raccontano\/mauricio-ha-studiato-in-austria\/\" \/>\n<meta property=\"og:site_name\" content=\"STS Education\" \/>\n<meta property=\"article:published_time\" content=\"2024-08-05T14:00:00+00:00\" \/>\n<meta property=\"article:modified_time\" content=\"2026-04-29T08:02:43+00:00\" \/>\n<meta property=\"og:image\" content=\"https:\/\/powered-by.qbank.se\/educatius\/sts\/\/86754fe3e63a20d8f832b9e46dd1519e_1-1-thumb.webp\" \/>\n\t<meta property=\"og:image:width\" content=\"150\" \/>\n\t<meta property=\"og:image:height\" content=\"150\" \/>\n\t<meta property=\"og:image:type\" content=\"image\/png\" \/>\n<meta name=\"author\" content=\"syncreadwrite\" \/>\n<meta name=\"twitter:card\" content=\"summary_large_image\" \/>\n<meta name=\"twitter:label1\" content=\"Scritto da\" \/>\n\t<meta name=\"twitter:data1\" content=\"syncreadwrite\" \/>\n\t<meta name=\"twitter:label2\" content=\"Tempo di lettura stimato\" \/>\n\t<meta name=\"twitter:data2\" content=\"3 minuti\" \/>\n<script type=\"application\/ld+json\" class=\"yoast-schema-graph\">{\"@context\":\"https:\/\/schema.org\",\"@graph\":[{\"@type\":\"Article\",\"@id\":\"https:\/\/www.sts-education.com\/it\/high-school\/foto-e-video-dei-nostri-studenti-exchange\/gli-studenti-sts-raccontano\/mauricio-ha-studiato-in-austria\/#article\",\"isPartOf\":{\"@id\":\"https:\/\/www.sts-education.com\/it\/high-school\/foto-e-video-dei-nostri-studenti-exchange\/gli-studenti-sts-raccontano\/mauricio-ha-studiato-in-austria\/\"},\"author\":{\"name\":\"syncreadwrite\",\"@id\":\"https:\/\/www.sts-education.com\/it\/#\/schema\/person\/8b82f3a2e45f020b8f296d7a85d9a97c\"},\"headline\":\"Mauricio Ha Studiato In Austria\",\"datePublished\":\"2024-08-05T14:00:00+00:00\",\"dateModified\":\"2026-04-29T08:02:43+00:00\",\"mainEntityOfPage\":{\"@id\":\"https:\/\/www.sts-education.com\/it\/high-school\/foto-e-video-dei-nostri-studenti-exchange\/gli-studenti-sts-raccontano\/mauricio-ha-studiato-in-austria\/\"},\"wordCount\":645,\"commentCount\":0,\"image\":{\"@id\":\"https:\/\/www.sts-education.com\/it\/high-school\/foto-e-video-dei-nostri-studenti-exchange\/gli-studenti-sts-raccontano\/mauricio-ha-studiato-in-austria\/#primaryimage\"},\"thumbnailUrl\":\"https:\/\/powered-by.qbank.se\/educatius\/sts\/\/86754fe3e63a20d8f832b9e46dd1519e_1-1-thumb.webp\",\"keywords\":[\"Austria\"],\"inLanguage\":\"it-IT\",\"potentialAction\":[{\"@type\":\"CommentAction\",\"name\":\"Comment\",\"target\":[\"https:\/\/www.sts-education.com\/it\/high-school\/foto-e-video-dei-nostri-studenti-exchange\/gli-studenti-sts-raccontano\/mauricio-ha-studiato-in-austria\/#respond\"]}]},{\"@type\":\"WebPage\",\"@id\":\"https:\/\/www.sts-education.com\/it\/high-school\/foto-e-video-dei-nostri-studenti-exchange\/gli-studenti-sts-raccontano\/mauricio-ha-studiato-in-austria\/\",\"url\":\"https:\/\/www.sts-education.com\/it\/high-school\/foto-e-video-dei-nostri-studenti-exchange\/gli-studenti-sts-raccontano\/mauricio-ha-studiato-in-austria\/\",\"name\":\"Mauricio ha studiato in Austria\",\"isPartOf\":{\"@id\":\"https:\/\/www.sts-education.com\/it\/#website\"},\"primaryImageOfPage\":{\"@id\":\"https:\/\/www.sts-education.com\/it\/high-school\/foto-e-video-dei-nostri-studenti-exchange\/gli-studenti-sts-raccontano\/mauricio-ha-studiato-in-austria\/#primaryimage\"},\"image\":{\"@id\":\"https:\/\/www.sts-education.com\/it\/high-school\/foto-e-video-dei-nostri-studenti-exchange\/gli-studenti-sts-raccontano\/mauricio-ha-studiato-in-austria\/#primaryimage\"},\"thumbnailUrl\":\"https:\/\/powered-by.qbank.se\/educatius\/sts\/\/86754fe3e63a20d8f832b9e46dd1519e_1-1-thumb.webp\",\"datePublished\":\"2024-08-05T14:00:00+00:00\",\"dateModified\":\"2026-04-29T08:02:43+00:00\",\"author\":{\"@id\":\"https:\/\/www.sts-education.com\/it\/#\/schema\/person\/8b82f3a2e45f020b8f296d7a85d9a97c\"},\"description\":\"Quest'anno ho avuto l'incredibile opportunit\u00e0 di trascorrere un anno di scambio in Austria. \u00c8 stata un'esperienza indimenticabile, durata un intero anno scolastico, da settembre a giugno.\",\"breadcrumb\":{\"@id\":\"https:\/\/www.sts-education.com\/it\/high-school\/foto-e-video-dei-nostri-studenti-exchange\/gli-studenti-sts-raccontano\/mauricio-ha-studiato-in-austria\/#breadcrumb\"},\"inLanguage\":\"it-IT\",\"potentialAction\":[{\"@type\":\"ReadAction\",\"target\":[\"https:\/\/www.sts-education.com\/it\/high-school\/foto-e-video-dei-nostri-studenti-exchange\/gli-studenti-sts-raccontano\/mauricio-ha-studiato-in-austria\/\"]}]},{\"@type\":\"ImageObject\",\"inLanguage\":\"it-IT\",\"@id\":\"https:\/\/www.sts-education.com\/it\/high-school\/foto-e-video-dei-nostri-studenti-exchange\/gli-studenti-sts-raccontano\/mauricio-ha-studiato-in-austria\/#primaryimage\",\"url\":\"https:\/\/powered-by.qbank.se\/educatius\/sts\/\/86754fe3e63a20d8f832b9e46dd1519e_1-1-thumb.webp\",\"contentUrl\":\"https:\/\/powered-by.qbank.se\/educatius\/sts\/\/86754fe3e63a20d8f832b9e46dd1519e_1-1-thumb.webp\",\"width\":150,\"height\":150},{\"@type\":\"BreadcrumbList\",\"@id\":\"https:\/\/www.sts-education.com\/it\/high-school\/foto-e-video-dei-nostri-studenti-exchange\/gli-studenti-sts-raccontano\/mauricio-ha-studiato-in-austria\/#breadcrumb\",\"itemListElement\":[{\"@type\":\"ListItem\",\"position\":1,\"name\":\"Home\",\"item\":\"https:\/\/www.sts-education.com\/it\/\"},{\"@type\":\"ListItem\",\"position\":2,\"name\":\"Mauricio Ha Studiato In Austria\"}]},{\"@type\":\"WebSite\",\"@id\":\"https:\/\/www.sts-education.com\/it\/#website\",\"url\":\"https:\/\/www.sts-education.com\/it\/\",\"name\":\"STS Education\",\"description\":\"\",\"potentialAction\":[{\"@type\":\"SearchAction\",\"target\":{\"@type\":\"EntryPoint\",\"urlTemplate\":\"https:\/\/www.sts-education.com\/it\/?s={search_term_string}\"},\"query-input\":{\"@type\":\"PropertyValueSpecification\",\"valueRequired\":true,\"valueName\":\"search_term_string\"}}],\"inLanguage\":\"it-IT\"},{\"@type\":\"Person\",\"@id\":\"https:\/\/www.sts-education.com\/it\/#\/schema\/person\/8b82f3a2e45f020b8f296d7a85d9a97c\",\"name\":\"syncreadwrite\",\"image\":{\"@type\":\"ImageObject\",\"inLanguage\":\"it-IT\",\"@id\":\"https:\/\/secure.gravatar.com\/avatar\/6ed1007e4f6f43f22e3df41d9fce4365533cba47fef64bb359b8e629abbc2ea6?s=96&d=mm&r=g\",\"url\":\"https:\/\/secure.gravatar.com\/avatar\/6ed1007e4f6f43f22e3df41d9fce4365533cba47fef64bb359b8e629abbc2ea6?s=96&d=mm&r=g\",\"contentUrl\":\"https:\/\/secure.gravatar.com\/avatar\/6ed1007e4f6f43f22e3df41d9fce4365533cba47fef64bb359b8e629abbc2ea6?s=96&d=mm&r=g\",\"caption\":\"syncreadwrite\"},\"url\":\"https:\/\/www.sts-education.com\/it\/author\/syncreadwrite\/\"}]}<\/script>\n<!-- \/ Yoast SEO Premium plugin. -->","yoast_head_json":{"title":"Mauricio ha studiato in Austria","description":"Quest'anno ho avuto l'incredibile opportunit\u00e0 di trascorrere un anno di scambio in Austria. \u00c8 stata un'esperienza indimenticabile, durata un intero anno scolastico, da settembre a giugno.","robots":{"index":"index","follow":"follow","max-snippet":"max-snippet:-1","max-image-preview":"max-image-preview:large","max-video-preview":"max-video-preview:-1"},"canonical":"https:\/\/www.sts-education.com\/it\/high-school\/foto-e-video-dei-nostri-studenti-exchange\/gli-studenti-sts-raccontano\/mauricio-ha-studiato-in-austria\/","og_locale":"it_IT","og_type":"article","og_title":"Mauricio Ha Studiato In Austria","og_description":"Quest'anno ho avuto l'incredibile opportunit\u00e0 di trascorrere un anno di scambio in Austria. \u00c8 stata un'esperienza indimenticabile, durata un intero anno scolastico, da settembre a giugno.","og_url":"https:\/\/www.sts-education.com\/it\/high-school\/foto-e-video-dei-nostri-studenti-exchange\/gli-studenti-sts-raccontano\/mauricio-ha-studiato-in-austria\/","og_site_name":"STS Education","article_published_time":"2024-08-05T14:00:00+00:00","article_modified_time":"2026-04-29T08:02:43+00:00","og_image":[{"width":150,"height":150,"url":"https:\/\/powered-by.qbank.se\/educatius\/sts\/\/86754fe3e63a20d8f832b9e46dd1519e_1-1-thumb.webp","type":"image\/png"}],"author":"syncreadwrite","twitter_card":"summary_large_image","twitter_misc":{"Scritto da":"syncreadwrite","Tempo di lettura stimato":"3 minuti"},"schema":{"@context":"https:\/\/schema.org","@graph":[{"@type":"Article","@id":"https:\/\/www.sts-education.com\/it\/high-school\/foto-e-video-dei-nostri-studenti-exchange\/gli-studenti-sts-raccontano\/mauricio-ha-studiato-in-austria\/#article","isPartOf":{"@id":"https:\/\/www.sts-education.com\/it\/high-school\/foto-e-video-dei-nostri-studenti-exchange\/gli-studenti-sts-raccontano\/mauricio-ha-studiato-in-austria\/"},"author":{"name":"syncreadwrite","@id":"https:\/\/www.sts-education.com\/it\/#\/schema\/person\/8b82f3a2e45f020b8f296d7a85d9a97c"},"headline":"Mauricio Ha Studiato In Austria","datePublished":"2024-08-05T14:00:00+00:00","dateModified":"2026-04-29T08:02:43+00:00","mainEntityOfPage":{"@id":"https:\/\/www.sts-education.com\/it\/high-school\/foto-e-video-dei-nostri-studenti-exchange\/gli-studenti-sts-raccontano\/mauricio-ha-studiato-in-austria\/"},"wordCount":645,"commentCount":0,"image":{"@id":"https:\/\/www.sts-education.com\/it\/high-school\/foto-e-video-dei-nostri-studenti-exchange\/gli-studenti-sts-raccontano\/mauricio-ha-studiato-in-austria\/#primaryimage"},"thumbnailUrl":"https:\/\/powered-by.qbank.se\/educatius\/sts\/\/86754fe3e63a20d8f832b9e46dd1519e_1-1-thumb.webp","keywords":["Austria"],"inLanguage":"it-IT","potentialAction":[{"@type":"CommentAction","name":"Comment","target":["https:\/\/www.sts-education.com\/it\/high-school\/foto-e-video-dei-nostri-studenti-exchange\/gli-studenti-sts-raccontano\/mauricio-ha-studiato-in-austria\/#respond"]}]},{"@type":"WebPage","@id":"https:\/\/www.sts-education.com\/it\/high-school\/foto-e-video-dei-nostri-studenti-exchange\/gli-studenti-sts-raccontano\/mauricio-ha-studiato-in-austria\/","url":"https:\/\/www.sts-education.com\/it\/high-school\/foto-e-video-dei-nostri-studenti-exchange\/gli-studenti-sts-raccontano\/mauricio-ha-studiato-in-austria\/","name":"Mauricio ha studiato in Austria","isPartOf":{"@id":"https:\/\/www.sts-education.com\/it\/#website"},"primaryImageOfPage":{"@id":"https:\/\/www.sts-education.com\/it\/high-school\/foto-e-video-dei-nostri-studenti-exchange\/gli-studenti-sts-raccontano\/mauricio-ha-studiato-in-austria\/#primaryimage"},"image":{"@id":"https:\/\/www.sts-education.com\/it\/high-school\/foto-e-video-dei-nostri-studenti-exchange\/gli-studenti-sts-raccontano\/mauricio-ha-studiato-in-austria\/#primaryimage"},"thumbnailUrl":"https:\/\/powered-by.qbank.se\/educatius\/sts\/\/86754fe3e63a20d8f832b9e46dd1519e_1-1-thumb.webp","datePublished":"2024-08-05T14:00:00+00:00","dateModified":"2026-04-29T08:02:43+00:00","author":{"@id":"https:\/\/www.sts-education.com\/it\/#\/schema\/person\/8b82f3a2e45f020b8f296d7a85d9a97c"},"description":"Quest'anno ho avuto l'incredibile opportunit\u00e0 di trascorrere un anno di scambio in Austria. \u00c8 stata un'esperienza indimenticabile, durata un intero anno scolastico, da settembre a giugno.","breadcrumb":{"@id":"https:\/\/www.sts-education.com\/it\/high-school\/foto-e-video-dei-nostri-studenti-exchange\/gli-studenti-sts-raccontano\/mauricio-ha-studiato-in-austria\/#breadcrumb"},"inLanguage":"it-IT","potentialAction":[{"@type":"ReadAction","target":["https:\/\/www.sts-education.com\/it\/high-school\/foto-e-video-dei-nostri-studenti-exchange\/gli-studenti-sts-raccontano\/mauricio-ha-studiato-in-austria\/"]}]},{"@type":"ImageObject","inLanguage":"it-IT","@id":"https:\/\/www.sts-education.com\/it\/high-school\/foto-e-video-dei-nostri-studenti-exchange\/gli-studenti-sts-raccontano\/mauricio-ha-studiato-in-austria\/#primaryimage","url":"https:\/\/powered-by.qbank.se\/educatius\/sts\/\/86754fe3e63a20d8f832b9e46dd1519e_1-1-thumb.webp","contentUrl":"https:\/\/powered-by.qbank.se\/educatius\/sts\/\/86754fe3e63a20d8f832b9e46dd1519e_1-1-thumb.webp","width":150,"height":150},{"@type":"BreadcrumbList","@id":"https:\/\/www.sts-education.com\/it\/high-school\/foto-e-video-dei-nostri-studenti-exchange\/gli-studenti-sts-raccontano\/mauricio-ha-studiato-in-austria\/#breadcrumb","itemListElement":[{"@type":"ListItem","position":1,"name":"Home","item":"https:\/\/www.sts-education.com\/it\/"},{"@type":"ListItem","position":2,"name":"Mauricio Ha Studiato In Austria"}]},{"@type":"WebSite","@id":"https:\/\/www.sts-education.com\/it\/#website","url":"https:\/\/www.sts-education.com\/it\/","name":"STS Education","description":"","potentialAction":[{"@type":"SearchAction","target":{"@type":"EntryPoint","urlTemplate":"https:\/\/www.sts-education.com\/it\/?s={search_term_string}"},"query-input":{"@type":"PropertyValueSpecification","valueRequired":true,"valueName":"search_term_string"}}],"inLanguage":"it-IT"},{"@type":"Person","@id":"https:\/\/www.sts-education.com\/it\/#\/schema\/person\/8b82f3a2e45f020b8f296d7a85d9a97c","name":"syncreadwrite","image":{"@type":"ImageObject","inLanguage":"it-IT","@id":"https:\/\/secure.gravatar.com\/avatar\/6ed1007e4f6f43f22e3df41d9fce4365533cba47fef64bb359b8e629abbc2ea6?s=96&d=mm&r=g","url":"https:\/\/secure.gravatar.com\/avatar\/6ed1007e4f6f43f22e3df41d9fce4365533cba47fef64bb359b8e629abbc2ea6?s=96&d=mm&r=g","contentUrl":"https:\/\/secure.gravatar.com\/avatar\/6ed1007e4f6f43f22e3df41d9fce4365533cba47fef64bb359b8e629abbc2ea6?s=96&d=mm&r=g","caption":"syncreadwrite"},"url":"https:\/\/www.sts-education.com\/it\/author\/syncreadwrite\/"}]}},"_links":{"self":[{"href":"https:\/\/www.sts-education.com\/it\/wp-json\/wp\/v2\/posts\/11783","targetHints":{"allow":["GET"]}}],"collection":[{"href":"https:\/\/www.sts-education.com\/it\/wp-json\/wp\/v2\/posts"}],"about":[{"href":"https:\/\/www.sts-education.com\/it\/wp-json\/wp\/v2\/types\/post"}],"author":[{"embeddable":true,"href":"https:\/\/www.sts-education.com\/it\/wp-json\/wp\/v2\/users\/20"}],"replies":[{"embeddable":true,"href":"https:\/\/www.sts-education.com\/it\/wp-json\/wp\/v2\/comments?post=11783"}],"version-history":[{"count":5,"href":"https:\/\/www.sts-education.com\/it\/wp-json\/wp\/v2\/posts\/11783\/revisions"}],"predecessor-version":[{"id":43578,"href":"https:\/\/www.sts-education.com\/it\/wp-json\/wp\/v2\/posts\/11783\/revisions\/43578"}],"wp:featuredmedia":[{"embeddable":true,"href":"https:\/\/www.sts-education.com\/it\/wp-json\/wp\/v2\/media\/13716"}],"wp:attachment":[{"href":"https:\/\/www.sts-education.com\/it\/wp-json\/wp\/v2\/media?parent=11783"}],"wp:term":[{"taxonomy":"category","embeddable":true,"href":"https:\/\/www.sts-education.com\/it\/wp-json\/wp\/v2\/categories?post=11783"},{"taxonomy":"post_tag","embeddable":true,"href":"https:\/\/www.sts-education.com\/it\/wp-json\/wp\/v2\/tags?post=11783"},{"taxonomy":"wpw_post_folders","embeddable":true,"href":"https:\/\/www.sts-education.com\/it\/wp-json\/wp\/v2\/wpw_post_folders?post=11783"}],"curies":[{"name":"wp","href":"https:\/\/api.w.org\/{rel}","templated":true}]}}