{"id":11786,"date":"2024-07-26T08:00:00","date_gmt":"2024-07-26T06:00:00","guid":{"rendered":"https:\/\/preprod.sts-education.com\/blog\/2026\/03\/05\/eline-ha-trascorso-un-semestre-in-austria\/"},"modified":"2026-04-29T10:05:36","modified_gmt":"2026-04-29T08:05:36","slug":"eline-ha-trascorso-un-semestre-in-austria","status":"publish","type":"post","link":"https:\/\/www.sts-education.com\/it\/high-school\/foto-e-video-dei-nostri-studenti-exchange\/gli-studenti-sts-raccontano\/eline-ha-trascorso-un-semestre-in-austria\/","title":{"rendered":"Eline Ha Trascorso Un Semestre In Austria"},"content":{"rendered":"\n<div class=\"wp-block-sts-text sts-text-editor has-max-width-md\"><div class=\"sts-text-editor__content\"><div class=\"sts-text-editor__content-inner\">\n<h1 style=\"text-align:center\">Eline ha trascorso un semestre in Austria<\/h1>\n<\/div><\/div><\/div>\n\n\n\n<figure class=\"wp-block-sts-image sts-block-image sts-block-image--count-1 has-max-width-lg\" data-count=\"1\"><div class=\"sts-block-image__grid\"><div class=\"sts-block-image__item\"><picture class=\"sts-responsive-image has-fit-cover has-pos-top is-skeleton\"><source media=\"(max-width: 834.98px)\" srcset=\"https:\/\/powered-by.qbank.se\/educatius\/sts\/a52123d1a17710351a6a1c66dde6b8ee_1-1-thumb.webp 150w, https:\/\/powered-by.qbank.se\/educatius\/sts\/a52123d1a17710351a6a1c66dde6b8ee_1-1-xsmall.webp 500w, https:\/\/powered-by.qbank.se\/educatius\/sts\/a52123d1a17710351a6a1c66dde6b8ee_1-1-small.webp 800w, https:\/\/powered-by.qbank.se\/educatius\/sts\/a52123d1a17710351a6a1c66dde6b8ee_1-1-medium.webp 1024w, https:\/\/powered-by.qbank.se\/educatius\/sts\/a52123d1a17710351a6a1c66dde6b8ee_1-1-large.webp 1536w\" sizes=\"(max-width: 768px) 100vw, (max-width: 1200px) 100vw, 1200px\" type=\"image\/webp\"\/><source media=\"(min-width: 835px)\" srcset=\"https:\/\/powered-by.qbank.se\/educatius\/sts\/a52123d1a17710351a6a1c66dde6b8ee_16-9-small.webp 800w, https:\/\/powered-by.qbank.se\/educatius\/sts\/a52123d1a17710351a6a1c66dde6b8ee_16-9-medium.webp 1024w, https:\/\/powered-by.qbank.se\/educatius\/sts\/a52123d1a17710351a6a1c66dde6b8ee_16-9-large.webp 1536w\" sizes=\"(max-width: 768px) 100vw, (max-width: 1200px) 100vw, 1200px\" type=\"image\/webp\"\/><img src=\"https:\/\/powered-by.qbank.se\/educatius\/sts\/a52123d1a17710351a6a1c66dde6b8ee_1-1-thumb.webp\" alt=\"Eline ha trascorso un semestre in Austria\" loading=\"lazy\" decoding=\"async\" fetchpriority=\"low\" style=\"object-position:top\"\/><\/picture><\/div><\/div><\/figure>\n\n\n\n<div class=\"wp-block-sts-text sts-text-editor has-max-width-md\"><div class=\"sts-text-editor__content\"><div class=\"sts-text-editor__content-inner\">\n<p><em>Eline, dai Paesi Bassi, ha trascorso un semestre di scambio in Austria.<\/em><\/p>\n<p>Ho trascorso il mio semestre di scambio in Austria. Sono andata in Austria perch\u00e9 volevo imparare il tedesco. Ho iniziato a studiare il tedesco a scuola e mi piaceva molto la lingua, ma non mi piaceva molto studiarla sui libri. Volevo imparare una lingua usandola ed \u00e8 esattamente quello che \u00e8 successo durante il mio anno da exchange.<\/p>\n<\/div><\/div><\/div>\n\n\n\n<div class=\"wp-block-sts-text sts-text-editor has-max-width-md\"><div class=\"sts-text-editor__content\"><div class=\"sts-text-editor__content-inner\">\n<h2>Ambientamento nella vita scolastica<\/h2>\n<p>La scuola mi \u00e8 piaciuta molto. I miei compagni di classe sono stati molto accoglienti e comprensivi e non hanno mai esitato ad aiutarmi quando ne avevo bisogno. Anche i miei insegnanti erano gentili. A volte la scuola era difficile perch\u00e9 era tutta in tedesco, ma \u00e8 diventato pi\u00f9 facile quando il mio tedesco \u00e8 migliorato.<\/p>\n<h2>Vivere con una famiglia ospitante<\/h2>\n<p>I miei genitori ospitanti mi sono piaciuti molto: erano gentili e disponibili. Hanno un po&#x27; di accento, come \u00e8 normale che sia in Austria. A volte \u00e8 stata una sfida, ma ha anche reso il tutto pi\u00f9 divertente perch\u00e9 alcune parole sono diverse nel tedesco austriaco.<\/p>\n<p>Differenze culturali<\/p>\n<p>Ho avuto alcuni shock culturali, ma sono stati minori perch\u00e9 ero gi\u00e0 stata in Austria pi\u00f9 volte e l&#x27;Austria \u00e8 un po&#x27; come i Paesi Bassi. Una cosa a cui ho dovuto abituarmi \u00e8 la mancanza di biciclette!<\/p>\n<h2>I ricordi pi\u00f9 belli dell&#x27;anno<\/h2>\n<p>Uno dei miei ricordi pi\u00f9 belli \u00e8 quando sono andato al cinema con i miei amici. Eravamo gli unici e potevamo scherzare e parlare del film senza disturbare nessuno. Era un film tedesco ed era bello poter chiedere ai miei amici quando non capivo.<\/p>\n<p>Sono andata a Vienna abbastanza spesso. Sono andata con STS, con la mia mamma ospitante e con gli amici che ho conosciuto grazie a STS. Ho anche visitato i mercatini di Natale e ho pattinato sul ghiaccio nella Rathausplatz, il che \u00e8 stato divertente. Il mio consiglio: dovete assolutamente fare tappa ai mercatini di Natale!<\/p>\n<h2>Consigli per i futuri exchange students<\/h2>\n<p>Se vi state chiedendo se fare uno scambio, fatelo! \u00c8 stata una delle cose migliori che abbia mai fatto. \u00c8 un&#x27;esperienza che ti cambia la vita e che cambier\u00e0 il tuo futuro. Si impara tantissimo! E soprattutto si impara un&#x27;altra lingua in modo super divertente.<\/p>\n<h2>Per saperne di pi\u00f9<\/h2>\n<ul><li>Leggi altre storie di <a href=\"https:\/\/www.sts-education.com\/it\/high-school\/foto-e-video-dei-nostri-studenti-exchange\/gli-studenti-sts-raccontano\/?hashtag=Austria\">studenti dall&#x27;Austria<\/a><\/li>\n<li>Leggi di pi\u00f9 su un <a href=\"https:\/\/www.sts-education.com\/it\/high-school\/destinazioni\/europa\/austria\/\">anno all&#x27;estero in Austria<\/a><\/li>\n<li><span>Guarda tutte le nostre <a href=\"\/it\/high-school\/tripfinder\/\">destinazioni per il tuo anno all&#x27;estero<\/a><\/span><\/li><\/ul>\n<\/div><\/div><\/div>\n","protected":false},"excerpt":{"rendered":"","protected":false},"author":20,"featured_media":13722,"comment_status":"open","ping_status":"open","sticky":false,"template":"","format":"standard","meta":{"_acf_changed":false,"_yoast_wpseo_title":"Eline ha trascorso un semestre in Austria","_yoast_wpseo_metadesc":"Ho trascorso il mio semestre di scambio in Austria. Sono andata in Austria perch\u00e9 volevo imparare il tedesco.","footnotes":""},"categories":[274],"tags":[956],"wpw_post_folders":[],"class_list":["post-11786","post","type-post","status-publish","format-standard","has-post-thumbnail","hentry","category-senza-categoria","tag-austria"],"acf":[],"yoast_head":"<!-- This site is optimized with the Yoast SEO Premium plugin v27.2 (Yoast SEO v27.2) - https:\/\/yoast.com\/product\/yoast-seo-premium-wordpress\/ -->\n<title>Eline ha trascorso un semestre in Austria<\/title>\n<meta name=\"description\" content=\"Ho trascorso il mio semestre di scambio in Austria. Sono andata in Austria perch\u00e9 volevo imparare il tedesco.\" \/>\n<meta name=\"robots\" content=\"index, follow, max-snippet:-1, max-image-preview:large, max-video-preview:-1\" \/>\n<link rel=\"canonical\" href=\"https:\/\/www.sts-education.com\/it\/high-school\/foto-e-video-dei-nostri-studenti-exchange\/gli-studenti-sts-raccontano\/eline-ha-trascorso-un-semestre-in-austria\/\" \/>\n<meta property=\"og:locale\" content=\"it_IT\" \/>\n<meta property=\"og:type\" content=\"article\" \/>\n<meta property=\"og:title\" content=\"Eline Ha Trascorso Un Semestre In Austria\" \/>\n<meta property=\"og:description\" content=\"Ho trascorso il mio semestre di scambio in Austria. Sono andata in Austria perch\u00e9 volevo imparare il tedesco.\" \/>\n<meta property=\"og:url\" content=\"https:\/\/www.sts-education.com\/it\/high-school\/foto-e-video-dei-nostri-studenti-exchange\/gli-studenti-sts-raccontano\/eline-ha-trascorso-un-semestre-in-austria\/\" \/>\n<meta property=\"og:site_name\" content=\"STS Education\" \/>\n<meta property=\"article:published_time\" content=\"2024-07-26T06:00:00+00:00\" \/>\n<meta property=\"article:modified_time\" content=\"2026-04-29T08:05:36+00:00\" \/>\n<meta property=\"og:image\" content=\"https:\/\/powered-by.qbank.se\/educatius\/sts\/\/a52123d1a17710351a6a1c66dde6b8ee_1-1-thumb.webp\" \/>\n\t<meta property=\"og:image:width\" content=\"150\" \/>\n\t<meta property=\"og:image:height\" content=\"150\" \/>\n\t<meta property=\"og:image:type\" content=\"image\/png\" \/>\n<meta name=\"author\" content=\"syncreadwrite\" \/>\n<meta name=\"twitter:card\" content=\"summary_large_image\" \/>\n<meta name=\"twitter:label1\" content=\"Scritto da\" \/>\n\t<meta name=\"twitter:data1\" content=\"syncreadwrite\" \/>\n\t<meta name=\"twitter:label2\" content=\"Tempo di lettura stimato\" \/>\n\t<meta name=\"twitter:data2\" content=\"2 minuti\" \/>\n<script type=\"application\/ld+json\" class=\"yoast-schema-graph\">{\"@context\":\"https:\/\/schema.org\",\"@graph\":[{\"@type\":\"Article\",\"@id\":\"https:\/\/www.sts-education.com\/it\/high-school\/foto-e-video-dei-nostri-studenti-exchange\/gli-studenti-sts-raccontano\/eline-ha-trascorso-un-semestre-in-austria\/#article\",\"isPartOf\":{\"@id\":\"https:\/\/www.sts-education.com\/it\/high-school\/foto-e-video-dei-nostri-studenti-exchange\/gli-studenti-sts-raccontano\/eline-ha-trascorso-un-semestre-in-austria\/\"},\"author\":{\"name\":\"syncreadwrite\",\"@id\":\"https:\/\/www.sts-education.com\/it\/#\/schema\/person\/8b82f3a2e45f020b8f296d7a85d9a97c\"},\"headline\":\"Eline Ha Trascorso Un Semestre In Austria\",\"datePublished\":\"2024-07-26T06:00:00+00:00\",\"dateModified\":\"2026-04-29T08:05:36+00:00\",\"mainEntityOfPage\":{\"@id\":\"https:\/\/www.sts-education.com\/it\/high-school\/foto-e-video-dei-nostri-studenti-exchange\/gli-studenti-sts-raccontano\/eline-ha-trascorso-un-semestre-in-austria\/\"},\"wordCount\":422,\"commentCount\":0,\"image\":{\"@id\":\"https:\/\/www.sts-education.com\/it\/high-school\/foto-e-video-dei-nostri-studenti-exchange\/gli-studenti-sts-raccontano\/eline-ha-trascorso-un-semestre-in-austria\/#primaryimage\"},\"thumbnailUrl\":\"https:\/\/powered-by.qbank.se\/educatius\/sts\/\/a52123d1a17710351a6a1c66dde6b8ee_1-1-thumb.webp\",\"keywords\":[\"Austria\"],\"inLanguage\":\"it-IT\",\"potentialAction\":[{\"@type\":\"CommentAction\",\"name\":\"Comment\",\"target\":[\"https:\/\/www.sts-education.com\/it\/high-school\/foto-e-video-dei-nostri-studenti-exchange\/gli-studenti-sts-raccontano\/eline-ha-trascorso-un-semestre-in-austria\/#respond\"]}]},{\"@type\":\"WebPage\",\"@id\":\"https:\/\/www.sts-education.com\/it\/high-school\/foto-e-video-dei-nostri-studenti-exchange\/gli-studenti-sts-raccontano\/eline-ha-trascorso-un-semestre-in-austria\/\",\"url\":\"https:\/\/www.sts-education.com\/it\/high-school\/foto-e-video-dei-nostri-studenti-exchange\/gli-studenti-sts-raccontano\/eline-ha-trascorso-un-semestre-in-austria\/\",\"name\":\"Eline ha trascorso un semestre in Austria\",\"isPartOf\":{\"@id\":\"https:\/\/www.sts-education.com\/it\/#website\"},\"primaryImageOfPage\":{\"@id\":\"https:\/\/www.sts-education.com\/it\/high-school\/foto-e-video-dei-nostri-studenti-exchange\/gli-studenti-sts-raccontano\/eline-ha-trascorso-un-semestre-in-austria\/#primaryimage\"},\"image\":{\"@id\":\"https:\/\/www.sts-education.com\/it\/high-school\/foto-e-video-dei-nostri-studenti-exchange\/gli-studenti-sts-raccontano\/eline-ha-trascorso-un-semestre-in-austria\/#primaryimage\"},\"thumbnailUrl\":\"https:\/\/powered-by.qbank.se\/educatius\/sts\/\/a52123d1a17710351a6a1c66dde6b8ee_1-1-thumb.webp\",\"datePublished\":\"2024-07-26T06:00:00+00:00\",\"dateModified\":\"2026-04-29T08:05:36+00:00\",\"author\":{\"@id\":\"https:\/\/www.sts-education.com\/it\/#\/schema\/person\/8b82f3a2e45f020b8f296d7a85d9a97c\"},\"description\":\"Ho trascorso il mio semestre di scambio in Austria. Sono andata in Austria perch\u00e9 volevo imparare il tedesco.\",\"breadcrumb\":{\"@id\":\"https:\/\/www.sts-education.com\/it\/high-school\/foto-e-video-dei-nostri-studenti-exchange\/gli-studenti-sts-raccontano\/eline-ha-trascorso-un-semestre-in-austria\/#breadcrumb\"},\"inLanguage\":\"it-IT\",\"potentialAction\":[{\"@type\":\"ReadAction\",\"target\":[\"https:\/\/www.sts-education.com\/it\/high-school\/foto-e-video-dei-nostri-studenti-exchange\/gli-studenti-sts-raccontano\/eline-ha-trascorso-un-semestre-in-austria\/\"]}]},{\"@type\":\"ImageObject\",\"inLanguage\":\"it-IT\",\"@id\":\"https:\/\/www.sts-education.com\/it\/high-school\/foto-e-video-dei-nostri-studenti-exchange\/gli-studenti-sts-raccontano\/eline-ha-trascorso-un-semestre-in-austria\/#primaryimage\",\"url\":\"https:\/\/powered-by.qbank.se\/educatius\/sts\/\/a52123d1a17710351a6a1c66dde6b8ee_1-1-thumb.webp\",\"contentUrl\":\"https:\/\/powered-by.qbank.se\/educatius\/sts\/\/a52123d1a17710351a6a1c66dde6b8ee_1-1-thumb.webp\",\"width\":150,\"height\":150},{\"@type\":\"BreadcrumbList\",\"@id\":\"https:\/\/www.sts-education.com\/it\/high-school\/foto-e-video-dei-nostri-studenti-exchange\/gli-studenti-sts-raccontano\/eline-ha-trascorso-un-semestre-in-austria\/#breadcrumb\",\"itemListElement\":[{\"@type\":\"ListItem\",\"position\":1,\"name\":\"Home\",\"item\":\"https:\/\/www.sts-education.com\/it\/\"},{\"@type\":\"ListItem\",\"position\":2,\"name\":\"Eline Ha Trascorso Un Semestre In Austria\"}]},{\"@type\":\"WebSite\",\"@id\":\"https:\/\/www.sts-education.com\/it\/#website\",\"url\":\"https:\/\/www.sts-education.com\/it\/\",\"name\":\"STS Education\",\"description\":\"\",\"potentialAction\":[{\"@type\":\"SearchAction\",\"target\":{\"@type\":\"EntryPoint\",\"urlTemplate\":\"https:\/\/www.sts-education.com\/it\/?s={search_term_string}\"},\"query-input\":{\"@type\":\"PropertyValueSpecification\",\"valueRequired\":true,\"valueName\":\"search_term_string\"}}],\"inLanguage\":\"it-IT\"},{\"@type\":\"Person\",\"@id\":\"https:\/\/www.sts-education.com\/it\/#\/schema\/person\/8b82f3a2e45f020b8f296d7a85d9a97c\",\"name\":\"syncreadwrite\",\"image\":{\"@type\":\"ImageObject\",\"inLanguage\":\"it-IT\",\"@id\":\"https:\/\/secure.gravatar.com\/avatar\/6ed1007e4f6f43f22e3df41d9fce4365533cba47fef64bb359b8e629abbc2ea6?s=96&d=mm&r=g\",\"url\":\"https:\/\/secure.gravatar.com\/avatar\/6ed1007e4f6f43f22e3df41d9fce4365533cba47fef64bb359b8e629abbc2ea6?s=96&d=mm&r=g\",\"contentUrl\":\"https:\/\/secure.gravatar.com\/avatar\/6ed1007e4f6f43f22e3df41d9fce4365533cba47fef64bb359b8e629abbc2ea6?s=96&d=mm&r=g\",\"caption\":\"syncreadwrite\"},\"url\":\"https:\/\/www.sts-education.com\/it\/author\/syncreadwrite\/\"}]}<\/script>\n<!-- \/ Yoast SEO Premium plugin. -->","yoast_head_json":{"title":"Eline ha trascorso un semestre in Austria","description":"Ho trascorso il mio semestre di scambio in Austria. Sono andata in Austria perch\u00e9 volevo imparare il tedesco.","robots":{"index":"index","follow":"follow","max-snippet":"max-snippet:-1","max-image-preview":"max-image-preview:large","max-video-preview":"max-video-preview:-1"},"canonical":"https:\/\/www.sts-education.com\/it\/high-school\/foto-e-video-dei-nostri-studenti-exchange\/gli-studenti-sts-raccontano\/eline-ha-trascorso-un-semestre-in-austria\/","og_locale":"it_IT","og_type":"article","og_title":"Eline Ha Trascorso Un Semestre In Austria","og_description":"Ho trascorso il mio semestre di scambio in Austria. Sono andata in Austria perch\u00e9 volevo imparare il tedesco.","og_url":"https:\/\/www.sts-education.com\/it\/high-school\/foto-e-video-dei-nostri-studenti-exchange\/gli-studenti-sts-raccontano\/eline-ha-trascorso-un-semestre-in-austria\/","og_site_name":"STS Education","article_published_time":"2024-07-26T06:00:00+00:00","article_modified_time":"2026-04-29T08:05:36+00:00","og_image":[{"width":150,"height":150,"url":"https:\/\/powered-by.qbank.se\/educatius\/sts\/\/a52123d1a17710351a6a1c66dde6b8ee_1-1-thumb.webp","type":"image\/png"}],"author":"syncreadwrite","twitter_card":"summary_large_image","twitter_misc":{"Scritto da":"syncreadwrite","Tempo di lettura stimato":"2 minuti"},"schema":{"@context":"https:\/\/schema.org","@graph":[{"@type":"Article","@id":"https:\/\/www.sts-education.com\/it\/high-school\/foto-e-video-dei-nostri-studenti-exchange\/gli-studenti-sts-raccontano\/eline-ha-trascorso-un-semestre-in-austria\/#article","isPartOf":{"@id":"https:\/\/www.sts-education.com\/it\/high-school\/foto-e-video-dei-nostri-studenti-exchange\/gli-studenti-sts-raccontano\/eline-ha-trascorso-un-semestre-in-austria\/"},"author":{"name":"syncreadwrite","@id":"https:\/\/www.sts-education.com\/it\/#\/schema\/person\/8b82f3a2e45f020b8f296d7a85d9a97c"},"headline":"Eline Ha Trascorso Un Semestre In Austria","datePublished":"2024-07-26T06:00:00+00:00","dateModified":"2026-04-29T08:05:36+00:00","mainEntityOfPage":{"@id":"https:\/\/www.sts-education.com\/it\/high-school\/foto-e-video-dei-nostri-studenti-exchange\/gli-studenti-sts-raccontano\/eline-ha-trascorso-un-semestre-in-austria\/"},"wordCount":422,"commentCount":0,"image":{"@id":"https:\/\/www.sts-education.com\/it\/high-school\/foto-e-video-dei-nostri-studenti-exchange\/gli-studenti-sts-raccontano\/eline-ha-trascorso-un-semestre-in-austria\/#primaryimage"},"thumbnailUrl":"https:\/\/powered-by.qbank.se\/educatius\/sts\/\/a52123d1a17710351a6a1c66dde6b8ee_1-1-thumb.webp","keywords":["Austria"],"inLanguage":"it-IT","potentialAction":[{"@type":"CommentAction","name":"Comment","target":["https:\/\/www.sts-education.com\/it\/high-school\/foto-e-video-dei-nostri-studenti-exchange\/gli-studenti-sts-raccontano\/eline-ha-trascorso-un-semestre-in-austria\/#respond"]}]},{"@type":"WebPage","@id":"https:\/\/www.sts-education.com\/it\/high-school\/foto-e-video-dei-nostri-studenti-exchange\/gli-studenti-sts-raccontano\/eline-ha-trascorso-un-semestre-in-austria\/","url":"https:\/\/www.sts-education.com\/it\/high-school\/foto-e-video-dei-nostri-studenti-exchange\/gli-studenti-sts-raccontano\/eline-ha-trascorso-un-semestre-in-austria\/","name":"Eline ha trascorso un semestre in Austria","isPartOf":{"@id":"https:\/\/www.sts-education.com\/it\/#website"},"primaryImageOfPage":{"@id":"https:\/\/www.sts-education.com\/it\/high-school\/foto-e-video-dei-nostri-studenti-exchange\/gli-studenti-sts-raccontano\/eline-ha-trascorso-un-semestre-in-austria\/#primaryimage"},"image":{"@id":"https:\/\/www.sts-education.com\/it\/high-school\/foto-e-video-dei-nostri-studenti-exchange\/gli-studenti-sts-raccontano\/eline-ha-trascorso-un-semestre-in-austria\/#primaryimage"},"thumbnailUrl":"https:\/\/powered-by.qbank.se\/educatius\/sts\/\/a52123d1a17710351a6a1c66dde6b8ee_1-1-thumb.webp","datePublished":"2024-07-26T06:00:00+00:00","dateModified":"2026-04-29T08:05:36+00:00","author":{"@id":"https:\/\/www.sts-education.com\/it\/#\/schema\/person\/8b82f3a2e45f020b8f296d7a85d9a97c"},"description":"Ho trascorso il mio semestre di scambio in Austria. Sono andata in Austria perch\u00e9 volevo imparare il tedesco.","breadcrumb":{"@id":"https:\/\/www.sts-education.com\/it\/high-school\/foto-e-video-dei-nostri-studenti-exchange\/gli-studenti-sts-raccontano\/eline-ha-trascorso-un-semestre-in-austria\/#breadcrumb"},"inLanguage":"it-IT","potentialAction":[{"@type":"ReadAction","target":["https:\/\/www.sts-education.com\/it\/high-school\/foto-e-video-dei-nostri-studenti-exchange\/gli-studenti-sts-raccontano\/eline-ha-trascorso-un-semestre-in-austria\/"]}]},{"@type":"ImageObject","inLanguage":"it-IT","@id":"https:\/\/www.sts-education.com\/it\/high-school\/foto-e-video-dei-nostri-studenti-exchange\/gli-studenti-sts-raccontano\/eline-ha-trascorso-un-semestre-in-austria\/#primaryimage","url":"https:\/\/powered-by.qbank.se\/educatius\/sts\/\/a52123d1a17710351a6a1c66dde6b8ee_1-1-thumb.webp","contentUrl":"https:\/\/powered-by.qbank.se\/educatius\/sts\/\/a52123d1a17710351a6a1c66dde6b8ee_1-1-thumb.webp","width":150,"height":150},{"@type":"BreadcrumbList","@id":"https:\/\/www.sts-education.com\/it\/high-school\/foto-e-video-dei-nostri-studenti-exchange\/gli-studenti-sts-raccontano\/eline-ha-trascorso-un-semestre-in-austria\/#breadcrumb","itemListElement":[{"@type":"ListItem","position":1,"name":"Home","item":"https:\/\/www.sts-education.com\/it\/"},{"@type":"ListItem","position":2,"name":"Eline Ha Trascorso Un Semestre In Austria"}]},{"@type":"WebSite","@id":"https:\/\/www.sts-education.com\/it\/#website","url":"https:\/\/www.sts-education.com\/it\/","name":"STS Education","description":"","potentialAction":[{"@type":"SearchAction","target":{"@type":"EntryPoint","urlTemplate":"https:\/\/www.sts-education.com\/it\/?s={search_term_string}"},"query-input":{"@type":"PropertyValueSpecification","valueRequired":true,"valueName":"search_term_string"}}],"inLanguage":"it-IT"},{"@type":"Person","@id":"https:\/\/www.sts-education.com\/it\/#\/schema\/person\/8b82f3a2e45f020b8f296d7a85d9a97c","name":"syncreadwrite","image":{"@type":"ImageObject","inLanguage":"it-IT","@id":"https:\/\/secure.gravatar.com\/avatar\/6ed1007e4f6f43f22e3df41d9fce4365533cba47fef64bb359b8e629abbc2ea6?s=96&d=mm&r=g","url":"https:\/\/secure.gravatar.com\/avatar\/6ed1007e4f6f43f22e3df41d9fce4365533cba47fef64bb359b8e629abbc2ea6?s=96&d=mm&r=g","contentUrl":"https:\/\/secure.gravatar.com\/avatar\/6ed1007e4f6f43f22e3df41d9fce4365533cba47fef64bb359b8e629abbc2ea6?s=96&d=mm&r=g","caption":"syncreadwrite"},"url":"https:\/\/www.sts-education.com\/it\/author\/syncreadwrite\/"}]}},"_links":{"self":[{"href":"https:\/\/www.sts-education.com\/it\/wp-json\/wp\/v2\/posts\/11786","targetHints":{"allow":["GET"]}}],"collection":[{"href":"https:\/\/www.sts-education.com\/it\/wp-json\/wp\/v2\/posts"}],"about":[{"href":"https:\/\/www.sts-education.com\/it\/wp-json\/wp\/v2\/types\/post"}],"author":[{"embeddable":true,"href":"https:\/\/www.sts-education.com\/it\/wp-json\/wp\/v2\/users\/20"}],"replies":[{"embeddable":true,"href":"https:\/\/www.sts-education.com\/it\/wp-json\/wp\/v2\/comments?post=11786"}],"version-history":[{"count":5,"href":"https:\/\/www.sts-education.com\/it\/wp-json\/wp\/v2\/posts\/11786\/revisions"}],"predecessor-version":[{"id":43614,"href":"https:\/\/www.sts-education.com\/it\/wp-json\/wp\/v2\/posts\/11786\/revisions\/43614"}],"wp:featuredmedia":[{"embeddable":true,"href":"https:\/\/www.sts-education.com\/it\/wp-json\/wp\/v2\/media\/13722"}],"wp:attachment":[{"href":"https:\/\/www.sts-education.com\/it\/wp-json\/wp\/v2\/media?parent=11786"}],"wp:term":[{"taxonomy":"category","embeddable":true,"href":"https:\/\/www.sts-education.com\/it\/wp-json\/wp\/v2\/categories?post=11786"},{"taxonomy":"post_tag","embeddable":true,"href":"https:\/\/www.sts-education.com\/it\/wp-json\/wp\/v2\/tags?post=11786"},{"taxonomy":"wpw_post_folders","embeddable":true,"href":"https:\/\/www.sts-education.com\/it\/wp-json\/wp\/v2\/wpw_post_folders?post=11786"}],"curies":[{"name":"wp","href":"https:\/\/api.w.org\/{rel}","templated":true}]}}