{"id":11787,"date":"2024-07-26T08:00:00","date_gmt":"2024-07-26T06:00:00","guid":{"rendered":"https:\/\/preprod.sts-education.com\/blog\/2026\/03\/05\/jaqueline-ha-svolto-un-anno-allestero-in-austria\/"},"modified":"2026-04-29T10:05:59","modified_gmt":"2026-04-29T08:05:59","slug":"jaqueline-ha-svolto-un-anno-allestero-in-austria","status":"publish","type":"post","link":"https:\/\/www.sts-education.com\/it\/high-school\/foto-e-video-dei-nostri-studenti-exchange\/gli-studenti-sts-raccontano\/jaqueline-ha-svolto-un-anno-allestero-in-austria\/","title":{"rendered":"Jaqueline Ha Svolto Un Anno Allestero In Austria"},"content":{"rendered":"\n<div class=\"wp-block-sts-text sts-text-editor has-max-width-md\"><div class=\"sts-text-editor__content\"><div class=\"sts-text-editor__content-inner\">\n<h1 style=\"text-align:center\">Jaqueline ha svolto un anno all\u2019estero in Austria<\/h1>\n<\/div><\/div><\/div>\n\n\n\n<figure class=\"wp-block-sts-image sts-block-image sts-block-image--count-1 has-max-width-lg\" data-count=\"1\"><div class=\"sts-block-image__grid\"><div class=\"sts-block-image__item\"><picture class=\"sts-responsive-image has-fit-cover has-pos-top is-skeleton\"><source media=\"(max-width: 834.98px)\" srcset=\"https:\/\/powered-by.qbank.se\/educatius\/sts\/fe085328875680ff4f8791c4b2e8b45b_1-1-thumb.webp 150w, https:\/\/powered-by.qbank.se\/educatius\/sts\/fe085328875680ff4f8791c4b2e8b45b_1-1-xsmall.webp 500w, https:\/\/powered-by.qbank.se\/educatius\/sts\/fe085328875680ff4f8791c4b2e8b45b_1-1-small.webp 800w, https:\/\/powered-by.qbank.se\/educatius\/sts\/fe085328875680ff4f8791c4b2e8b45b_1-1-medium.webp 1024w, https:\/\/powered-by.qbank.se\/educatius\/sts\/fe085328875680ff4f8791c4b2e8b45b_1-1-large.webp 1536w\" sizes=\"(max-width: 768px) 100vw, (max-width: 1200px) 100vw, 1200px\" type=\"image\/webp\"\/><source media=\"(min-width: 835px)\" srcset=\"https:\/\/powered-by.qbank.se\/educatius\/sts\/fe085328875680ff4f8791c4b2e8b45b_16-9-small.webp 800w, https:\/\/powered-by.qbank.se\/educatius\/sts\/fe085328875680ff4f8791c4b2e8b45b_16-9-medium.webp 1024w, https:\/\/powered-by.qbank.se\/educatius\/sts\/fe085328875680ff4f8791c4b2e8b45b_16-9-large.webp 1536w\" sizes=\"(max-width: 768px) 100vw, (max-width: 1200px) 100vw, 1200px\" type=\"image\/webp\"\/><img src=\"https:\/\/powered-by.qbank.se\/educatius\/sts\/fe085328875680ff4f8791c4b2e8b45b_1-1-thumb.webp\" alt=\"Jaqueline ha svolto un anno all\u2019estero in Austria\" loading=\"lazy\" decoding=\"async\" fetchpriority=\"low\" style=\"object-position:top\"\/><\/picture><\/div><\/div><\/figure>\n\n\n\n<div class=\"wp-block-sts-text sts-text-editor has-max-width-md\"><div class=\"sts-text-editor__content\"><div class=\"sts-text-editor__content-inner\">\n<p><em>Jaqueline, messicana, ha fatto un anno di scambio in Austria.<\/em><\/p>\n<p>Spero che questa storia possa ispirare qualcuno a fare un anno all\u2019estero e a vivere un&#x27;esperienza straordinaria come quella che ho vissuto io. Sono stata in Austria come exchange student per 11 mesi.<\/p>\n<\/div><\/div><\/div>\n\n\n\n<div class=\"wp-block-sts-text sts-text-editor has-max-width-md\"><div class=\"sts-text-editor__content\"><div class=\"sts-text-editor__content-inner\">\n<h2>Perch\u00e9 ha deciso di partecipare a uno scambio scolastico?<\/h2>\n<p>L&#x27;ho fatto perch\u00e9 ho sempre voluto imparare il tedesco e vivere in un altro Paese, e i miei genitori mi hanno sempre appoggiato. All&#x27;inizio pu\u00f2 far paura, ma vale la pena correre il rischio di farlo.<\/p>\n<h2>La vita all&#x27;estero<\/h2>\n<p>Vivere in un altro Paese pu\u00f2 sembrare difficile, perch\u00e9 non si parla la tua lingua, non conosci nessuno e tutto \u00e8 diverso. Ma tutti sono cos\u00ec gentili! Tutti capiscono che non parli la loro lingua e va benissimo cos\u00ec. Farete presto amicizia e vi abituerete al posto. E non c&#x27;\u00e8 niente di male a commettere errori: all&#x27;inizio ho perso due treni e preso tre autobus sbagliati, ma sono sopravvissuta lo stesso, fa parte del processo di adattamento.<\/p>\n<h2>Ricordi preferiti<\/h2>\n<p>Se c&#x27;\u00e8 qualcosa che mi \u00e8 piaciuto in particolare, \u00e8 stato scoprire nuove cose da sola. \u00c8 stato bello riuscire a fare piccole cose, come girare per la citt\u00e0 da sola o capire qualcuno nella lingua che stavo imparando. Per questo sono molto grata ai miei amici. Sono sempre stati pazienti con me e mi hanno sempre ispirato a continuare a imparare. Oggi riesco a comunicare perfettamente e fluentemente nella loro lingua, cosa che all&#x27;inizio non riuscivo a fare. \u00c8 stato anche bello distrarmi con delle attivit\u00e0. Mi piaceva andare a correre, o anche solo a passeggiare per la citt\u00e0, e ci sono infinite opzioni di attivit\u00e0 o modi per passare il tempo. Ad esempio, mi piaceva prendere un libro e leggerlo in un parco o pranzare con gli amici.<\/p>\n<h2>Lontananza dalla famiglia<\/h2>\n<p>Sar\u00e0 sempre difficile stare lontano dalla famiglia, ma con le persone giuste ci si sentir\u00e0 sempre a casa. \u00c8 per questo che arrivare verso la fine \u00e8 una delle cose pi\u00f9 difficili. Ci sono molti sentimenti contrastanti, l&#x27;emozione di rivedere la propria famiglia, ma la consapevolezza di doversi lasciare tutto alle spalle. E lasciare le persone che ho il privilegio di chiamare famiglia \u00e8 la cosa pi\u00f9 difficile in assoluto, dopo tutto l\u2019amore ed il sostegno che mi hanno dato. Ma sono felice di averlo vissuto e di essermelo goduto finch\u00e9 ho potuto.<\/p>\n<p>Quindi, se questo pu\u00f2 aiutare qualcuno a decidere se fare un anno di scambio o meno, spero che lo faccia. Perch\u00e9 \u00e8 un periodo pieno di cose nuove che non vivrete mai pi\u00f9 nella vostra vita. Incontrerete persone che vi porteranno sempre nel cuore. \u00c8 un periodo in cui si pu\u00f2 sperimentare tutto, il bello, il brutto, il divertente e lo spaventoso, e tutto questo fa parte di esso. Quindi s\u00ec, consiglio a tutti coloro che ne hanno l&#x27;opportunit\u00e0 di fare un anno di scambio e di creare quanti pi\u00f9 ricordi possibili.<\/p>\n<h2>Per saperne di pi\u00f9<\/h2>\n<ul><li>Leggi altre storie di <a href=\"https:\/\/www.sts-education.com\/it\/high-school\/foto-e-video-dei-nostri-studenti-exchange\/gli-studenti-sts-raccontano\/?hashtag=Austria\">studenti dall&#x27;Austria<\/a><\/li>\n<li>Leggi di pi\u00f9 su un <a href=\"https:\/\/www.sts-education.com\/it\/high-school\/destinazioni\/europa\/austria\/\">anno all&#x27;estero in Austria<\/a><\/li>\n<li><span>Guarda tutte le nostre <a href=\"\/it\/high-school\/tripfinder\/\">destinazioni per il tuo anno all&#x27;estero<\/a><\/span><\/li><\/ul>\n<\/div><\/div><\/div>\n","protected":false},"excerpt":{"rendered":"","protected":false},"author":20,"featured_media":13724,"comment_status":"open","ping_status":"open","sticky":false,"template":"","format":"standard","meta":{"_acf_changed":false,"_yoast_wpseo_title":"Jaqueline ha svolto un anno all\u2019estero in Austria","_yoast_wpseo_metadesc":"Spero che questa storia possa ispirare qualcuno a fare un anno all\u2019estero e a vivere un'esperienza straordinaria come quella che ho vissuto io.","footnotes":""},"categories":[274],"tags":[956],"wpw_post_folders":[],"class_list":["post-11787","post","type-post","status-publish","format-standard","has-post-thumbnail","hentry","category-senza-categoria","tag-austria"],"acf":[],"yoast_head":"<!-- This site is optimized with the Yoast SEO Premium plugin v27.2 (Yoast SEO v27.2) - https:\/\/yoast.com\/product\/yoast-seo-premium-wordpress\/ -->\n<title>Jaqueline ha svolto un anno all\u2019estero in Austria<\/title>\n<meta name=\"description\" content=\"Spero che questa storia possa ispirare qualcuno a fare un anno all\u2019estero e a vivere un&#039;esperienza straordinaria come quella che ho vissuto io.\" \/>\n<meta name=\"robots\" content=\"index, follow, max-snippet:-1, max-image-preview:large, max-video-preview:-1\" \/>\n<link rel=\"canonical\" href=\"https:\/\/www.sts-education.com\/it\/high-school\/foto-e-video-dei-nostri-studenti-exchange\/gli-studenti-sts-raccontano\/jaqueline-ha-svolto-un-anno-allestero-in-austria\/\" \/>\n<meta property=\"og:locale\" content=\"it_IT\" \/>\n<meta property=\"og:type\" content=\"article\" \/>\n<meta property=\"og:title\" content=\"Jaqueline Ha Svolto Un Anno Allestero In Austria\" \/>\n<meta property=\"og:description\" content=\"Spero che questa storia possa ispirare qualcuno a fare un anno all\u2019estero e a vivere un&#039;esperienza straordinaria come quella che ho vissuto io.\" \/>\n<meta property=\"og:url\" content=\"https:\/\/www.sts-education.com\/it\/high-school\/foto-e-video-dei-nostri-studenti-exchange\/gli-studenti-sts-raccontano\/jaqueline-ha-svolto-un-anno-allestero-in-austria\/\" \/>\n<meta property=\"og:site_name\" content=\"STS Education\" \/>\n<meta property=\"article:published_time\" content=\"2024-07-26T06:00:00+00:00\" \/>\n<meta property=\"article:modified_time\" content=\"2026-04-29T08:05:59+00:00\" \/>\n<meta property=\"og:image\" content=\"https:\/\/powered-by.qbank.se\/educatius\/sts\/\/fe085328875680ff4f8791c4b2e8b45b_1-1-thumb.webp\" \/>\n\t<meta property=\"og:image:width\" content=\"150\" \/>\n\t<meta property=\"og:image:height\" content=\"150\" \/>\n\t<meta property=\"og:image:type\" content=\"image\/png\" \/>\n<meta name=\"author\" content=\"syncreadwrite\" \/>\n<meta name=\"twitter:card\" content=\"summary_large_image\" \/>\n<meta name=\"twitter:label1\" content=\"Scritto da\" \/>\n\t<meta name=\"twitter:data1\" content=\"syncreadwrite\" \/>\n\t<meta name=\"twitter:label2\" content=\"Tempo di lettura stimato\" \/>\n\t<meta name=\"twitter:data2\" content=\"3 minuti\" \/>\n<script type=\"application\/ld+json\" class=\"yoast-schema-graph\">{\"@context\":\"https:\/\/schema.org\",\"@graph\":[{\"@type\":\"Article\",\"@id\":\"https:\/\/www.sts-education.com\/it\/high-school\/foto-e-video-dei-nostri-studenti-exchange\/gli-studenti-sts-raccontano\/jaqueline-ha-svolto-un-anno-allestero-in-austria\/#article\",\"isPartOf\":{\"@id\":\"https:\/\/www.sts-education.com\/it\/high-school\/foto-e-video-dei-nostri-studenti-exchange\/gli-studenti-sts-raccontano\/jaqueline-ha-svolto-un-anno-allestero-in-austria\/\"},\"author\":{\"name\":\"syncreadwrite\",\"@id\":\"https:\/\/www.sts-education.com\/it\/#\/schema\/person\/8b82f3a2e45f020b8f296d7a85d9a97c\"},\"headline\":\"Jaqueline Ha Svolto Un Anno Allestero In Austria\",\"datePublished\":\"2024-07-26T06:00:00+00:00\",\"dateModified\":\"2026-04-29T08:05:59+00:00\",\"mainEntityOfPage\":{\"@id\":\"https:\/\/www.sts-education.com\/it\/high-school\/foto-e-video-dei-nostri-studenti-exchange\/gli-studenti-sts-raccontano\/jaqueline-ha-svolto-un-anno-allestero-in-austria\/\"},\"wordCount\":549,\"commentCount\":0,\"image\":{\"@id\":\"https:\/\/www.sts-education.com\/it\/high-school\/foto-e-video-dei-nostri-studenti-exchange\/gli-studenti-sts-raccontano\/jaqueline-ha-svolto-un-anno-allestero-in-austria\/#primaryimage\"},\"thumbnailUrl\":\"https:\/\/powered-by.qbank.se\/educatius\/sts\/\/fe085328875680ff4f8791c4b2e8b45b_1-1-thumb.webp\",\"keywords\":[\"Austria\"],\"inLanguage\":\"it-IT\",\"potentialAction\":[{\"@type\":\"CommentAction\",\"name\":\"Comment\",\"target\":[\"https:\/\/www.sts-education.com\/it\/high-school\/foto-e-video-dei-nostri-studenti-exchange\/gli-studenti-sts-raccontano\/jaqueline-ha-svolto-un-anno-allestero-in-austria\/#respond\"]}]},{\"@type\":\"WebPage\",\"@id\":\"https:\/\/www.sts-education.com\/it\/high-school\/foto-e-video-dei-nostri-studenti-exchange\/gli-studenti-sts-raccontano\/jaqueline-ha-svolto-un-anno-allestero-in-austria\/\",\"url\":\"https:\/\/www.sts-education.com\/it\/high-school\/foto-e-video-dei-nostri-studenti-exchange\/gli-studenti-sts-raccontano\/jaqueline-ha-svolto-un-anno-allestero-in-austria\/\",\"name\":\"Jaqueline ha svolto un anno all\u2019estero in Austria\",\"isPartOf\":{\"@id\":\"https:\/\/www.sts-education.com\/it\/#website\"},\"primaryImageOfPage\":{\"@id\":\"https:\/\/www.sts-education.com\/it\/high-school\/foto-e-video-dei-nostri-studenti-exchange\/gli-studenti-sts-raccontano\/jaqueline-ha-svolto-un-anno-allestero-in-austria\/#primaryimage\"},\"image\":{\"@id\":\"https:\/\/www.sts-education.com\/it\/high-school\/foto-e-video-dei-nostri-studenti-exchange\/gli-studenti-sts-raccontano\/jaqueline-ha-svolto-un-anno-allestero-in-austria\/#primaryimage\"},\"thumbnailUrl\":\"https:\/\/powered-by.qbank.se\/educatius\/sts\/\/fe085328875680ff4f8791c4b2e8b45b_1-1-thumb.webp\",\"datePublished\":\"2024-07-26T06:00:00+00:00\",\"dateModified\":\"2026-04-29T08:05:59+00:00\",\"author\":{\"@id\":\"https:\/\/www.sts-education.com\/it\/#\/schema\/person\/8b82f3a2e45f020b8f296d7a85d9a97c\"},\"description\":\"Spero che questa storia possa ispirare qualcuno a fare un anno all\u2019estero e a vivere un'esperienza straordinaria come quella che ho vissuto io.\",\"breadcrumb\":{\"@id\":\"https:\/\/www.sts-education.com\/it\/high-school\/foto-e-video-dei-nostri-studenti-exchange\/gli-studenti-sts-raccontano\/jaqueline-ha-svolto-un-anno-allestero-in-austria\/#breadcrumb\"},\"inLanguage\":\"it-IT\",\"potentialAction\":[{\"@type\":\"ReadAction\",\"target\":[\"https:\/\/www.sts-education.com\/it\/high-school\/foto-e-video-dei-nostri-studenti-exchange\/gli-studenti-sts-raccontano\/jaqueline-ha-svolto-un-anno-allestero-in-austria\/\"]}]},{\"@type\":\"ImageObject\",\"inLanguage\":\"it-IT\",\"@id\":\"https:\/\/www.sts-education.com\/it\/high-school\/foto-e-video-dei-nostri-studenti-exchange\/gli-studenti-sts-raccontano\/jaqueline-ha-svolto-un-anno-allestero-in-austria\/#primaryimage\",\"url\":\"https:\/\/powered-by.qbank.se\/educatius\/sts\/\/fe085328875680ff4f8791c4b2e8b45b_1-1-thumb.webp\",\"contentUrl\":\"https:\/\/powered-by.qbank.se\/educatius\/sts\/\/fe085328875680ff4f8791c4b2e8b45b_1-1-thumb.webp\",\"width\":150,\"height\":150},{\"@type\":\"BreadcrumbList\",\"@id\":\"https:\/\/www.sts-education.com\/it\/high-school\/foto-e-video-dei-nostri-studenti-exchange\/gli-studenti-sts-raccontano\/jaqueline-ha-svolto-un-anno-allestero-in-austria\/#breadcrumb\",\"itemListElement\":[{\"@type\":\"ListItem\",\"position\":1,\"name\":\"Home\",\"item\":\"https:\/\/www.sts-education.com\/it\/\"},{\"@type\":\"ListItem\",\"position\":2,\"name\":\"Jaqueline Ha Svolto Un Anno Allestero In Austria\"}]},{\"@type\":\"WebSite\",\"@id\":\"https:\/\/www.sts-education.com\/it\/#website\",\"url\":\"https:\/\/www.sts-education.com\/it\/\",\"name\":\"STS Education\",\"description\":\"\",\"potentialAction\":[{\"@type\":\"SearchAction\",\"target\":{\"@type\":\"EntryPoint\",\"urlTemplate\":\"https:\/\/www.sts-education.com\/it\/?s={search_term_string}\"},\"query-input\":{\"@type\":\"PropertyValueSpecification\",\"valueRequired\":true,\"valueName\":\"search_term_string\"}}],\"inLanguage\":\"it-IT\"},{\"@type\":\"Person\",\"@id\":\"https:\/\/www.sts-education.com\/it\/#\/schema\/person\/8b82f3a2e45f020b8f296d7a85d9a97c\",\"name\":\"syncreadwrite\",\"image\":{\"@type\":\"ImageObject\",\"inLanguage\":\"it-IT\",\"@id\":\"https:\/\/secure.gravatar.com\/avatar\/6ed1007e4f6f43f22e3df41d9fce4365533cba47fef64bb359b8e629abbc2ea6?s=96&d=mm&r=g\",\"url\":\"https:\/\/secure.gravatar.com\/avatar\/6ed1007e4f6f43f22e3df41d9fce4365533cba47fef64bb359b8e629abbc2ea6?s=96&d=mm&r=g\",\"contentUrl\":\"https:\/\/secure.gravatar.com\/avatar\/6ed1007e4f6f43f22e3df41d9fce4365533cba47fef64bb359b8e629abbc2ea6?s=96&d=mm&r=g\",\"caption\":\"syncreadwrite\"},\"url\":\"https:\/\/www.sts-education.com\/it\/author\/syncreadwrite\/\"}]}<\/script>\n<!-- \/ Yoast SEO Premium plugin. -->","yoast_head_json":{"title":"Jaqueline ha svolto un anno all\u2019estero in Austria","description":"Spero che questa storia possa ispirare qualcuno a fare un anno all\u2019estero e a vivere un'esperienza straordinaria come quella che ho vissuto io.","robots":{"index":"index","follow":"follow","max-snippet":"max-snippet:-1","max-image-preview":"max-image-preview:large","max-video-preview":"max-video-preview:-1"},"canonical":"https:\/\/www.sts-education.com\/it\/high-school\/foto-e-video-dei-nostri-studenti-exchange\/gli-studenti-sts-raccontano\/jaqueline-ha-svolto-un-anno-allestero-in-austria\/","og_locale":"it_IT","og_type":"article","og_title":"Jaqueline Ha Svolto Un Anno Allestero In Austria","og_description":"Spero che questa storia possa ispirare qualcuno a fare un anno all\u2019estero e a vivere un'esperienza straordinaria come quella che ho vissuto io.","og_url":"https:\/\/www.sts-education.com\/it\/high-school\/foto-e-video-dei-nostri-studenti-exchange\/gli-studenti-sts-raccontano\/jaqueline-ha-svolto-un-anno-allestero-in-austria\/","og_site_name":"STS Education","article_published_time":"2024-07-26T06:00:00+00:00","article_modified_time":"2026-04-29T08:05:59+00:00","og_image":[{"width":150,"height":150,"url":"https:\/\/powered-by.qbank.se\/educatius\/sts\/\/fe085328875680ff4f8791c4b2e8b45b_1-1-thumb.webp","type":"image\/png"}],"author":"syncreadwrite","twitter_card":"summary_large_image","twitter_misc":{"Scritto da":"syncreadwrite","Tempo di lettura stimato":"3 minuti"},"schema":{"@context":"https:\/\/schema.org","@graph":[{"@type":"Article","@id":"https:\/\/www.sts-education.com\/it\/high-school\/foto-e-video-dei-nostri-studenti-exchange\/gli-studenti-sts-raccontano\/jaqueline-ha-svolto-un-anno-allestero-in-austria\/#article","isPartOf":{"@id":"https:\/\/www.sts-education.com\/it\/high-school\/foto-e-video-dei-nostri-studenti-exchange\/gli-studenti-sts-raccontano\/jaqueline-ha-svolto-un-anno-allestero-in-austria\/"},"author":{"name":"syncreadwrite","@id":"https:\/\/www.sts-education.com\/it\/#\/schema\/person\/8b82f3a2e45f020b8f296d7a85d9a97c"},"headline":"Jaqueline Ha Svolto Un Anno Allestero In Austria","datePublished":"2024-07-26T06:00:00+00:00","dateModified":"2026-04-29T08:05:59+00:00","mainEntityOfPage":{"@id":"https:\/\/www.sts-education.com\/it\/high-school\/foto-e-video-dei-nostri-studenti-exchange\/gli-studenti-sts-raccontano\/jaqueline-ha-svolto-un-anno-allestero-in-austria\/"},"wordCount":549,"commentCount":0,"image":{"@id":"https:\/\/www.sts-education.com\/it\/high-school\/foto-e-video-dei-nostri-studenti-exchange\/gli-studenti-sts-raccontano\/jaqueline-ha-svolto-un-anno-allestero-in-austria\/#primaryimage"},"thumbnailUrl":"https:\/\/powered-by.qbank.se\/educatius\/sts\/\/fe085328875680ff4f8791c4b2e8b45b_1-1-thumb.webp","keywords":["Austria"],"inLanguage":"it-IT","potentialAction":[{"@type":"CommentAction","name":"Comment","target":["https:\/\/www.sts-education.com\/it\/high-school\/foto-e-video-dei-nostri-studenti-exchange\/gli-studenti-sts-raccontano\/jaqueline-ha-svolto-un-anno-allestero-in-austria\/#respond"]}]},{"@type":"WebPage","@id":"https:\/\/www.sts-education.com\/it\/high-school\/foto-e-video-dei-nostri-studenti-exchange\/gli-studenti-sts-raccontano\/jaqueline-ha-svolto-un-anno-allestero-in-austria\/","url":"https:\/\/www.sts-education.com\/it\/high-school\/foto-e-video-dei-nostri-studenti-exchange\/gli-studenti-sts-raccontano\/jaqueline-ha-svolto-un-anno-allestero-in-austria\/","name":"Jaqueline ha svolto un anno all\u2019estero in Austria","isPartOf":{"@id":"https:\/\/www.sts-education.com\/it\/#website"},"primaryImageOfPage":{"@id":"https:\/\/www.sts-education.com\/it\/high-school\/foto-e-video-dei-nostri-studenti-exchange\/gli-studenti-sts-raccontano\/jaqueline-ha-svolto-un-anno-allestero-in-austria\/#primaryimage"},"image":{"@id":"https:\/\/www.sts-education.com\/it\/high-school\/foto-e-video-dei-nostri-studenti-exchange\/gli-studenti-sts-raccontano\/jaqueline-ha-svolto-un-anno-allestero-in-austria\/#primaryimage"},"thumbnailUrl":"https:\/\/powered-by.qbank.se\/educatius\/sts\/\/fe085328875680ff4f8791c4b2e8b45b_1-1-thumb.webp","datePublished":"2024-07-26T06:00:00+00:00","dateModified":"2026-04-29T08:05:59+00:00","author":{"@id":"https:\/\/www.sts-education.com\/it\/#\/schema\/person\/8b82f3a2e45f020b8f296d7a85d9a97c"},"description":"Spero che questa storia possa ispirare qualcuno a fare un anno all\u2019estero e a vivere un'esperienza straordinaria come quella che ho vissuto io.","breadcrumb":{"@id":"https:\/\/www.sts-education.com\/it\/high-school\/foto-e-video-dei-nostri-studenti-exchange\/gli-studenti-sts-raccontano\/jaqueline-ha-svolto-un-anno-allestero-in-austria\/#breadcrumb"},"inLanguage":"it-IT","potentialAction":[{"@type":"ReadAction","target":["https:\/\/www.sts-education.com\/it\/high-school\/foto-e-video-dei-nostri-studenti-exchange\/gli-studenti-sts-raccontano\/jaqueline-ha-svolto-un-anno-allestero-in-austria\/"]}]},{"@type":"ImageObject","inLanguage":"it-IT","@id":"https:\/\/www.sts-education.com\/it\/high-school\/foto-e-video-dei-nostri-studenti-exchange\/gli-studenti-sts-raccontano\/jaqueline-ha-svolto-un-anno-allestero-in-austria\/#primaryimage","url":"https:\/\/powered-by.qbank.se\/educatius\/sts\/\/fe085328875680ff4f8791c4b2e8b45b_1-1-thumb.webp","contentUrl":"https:\/\/powered-by.qbank.se\/educatius\/sts\/\/fe085328875680ff4f8791c4b2e8b45b_1-1-thumb.webp","width":150,"height":150},{"@type":"BreadcrumbList","@id":"https:\/\/www.sts-education.com\/it\/high-school\/foto-e-video-dei-nostri-studenti-exchange\/gli-studenti-sts-raccontano\/jaqueline-ha-svolto-un-anno-allestero-in-austria\/#breadcrumb","itemListElement":[{"@type":"ListItem","position":1,"name":"Home","item":"https:\/\/www.sts-education.com\/it\/"},{"@type":"ListItem","position":2,"name":"Jaqueline Ha Svolto Un Anno Allestero In Austria"}]},{"@type":"WebSite","@id":"https:\/\/www.sts-education.com\/it\/#website","url":"https:\/\/www.sts-education.com\/it\/","name":"STS Education","description":"","potentialAction":[{"@type":"SearchAction","target":{"@type":"EntryPoint","urlTemplate":"https:\/\/www.sts-education.com\/it\/?s={search_term_string}"},"query-input":{"@type":"PropertyValueSpecification","valueRequired":true,"valueName":"search_term_string"}}],"inLanguage":"it-IT"},{"@type":"Person","@id":"https:\/\/www.sts-education.com\/it\/#\/schema\/person\/8b82f3a2e45f020b8f296d7a85d9a97c","name":"syncreadwrite","image":{"@type":"ImageObject","inLanguage":"it-IT","@id":"https:\/\/secure.gravatar.com\/avatar\/6ed1007e4f6f43f22e3df41d9fce4365533cba47fef64bb359b8e629abbc2ea6?s=96&d=mm&r=g","url":"https:\/\/secure.gravatar.com\/avatar\/6ed1007e4f6f43f22e3df41d9fce4365533cba47fef64bb359b8e629abbc2ea6?s=96&d=mm&r=g","contentUrl":"https:\/\/secure.gravatar.com\/avatar\/6ed1007e4f6f43f22e3df41d9fce4365533cba47fef64bb359b8e629abbc2ea6?s=96&d=mm&r=g","caption":"syncreadwrite"},"url":"https:\/\/www.sts-education.com\/it\/author\/syncreadwrite\/"}]}},"_links":{"self":[{"href":"https:\/\/www.sts-education.com\/it\/wp-json\/wp\/v2\/posts\/11787","targetHints":{"allow":["GET"]}}],"collection":[{"href":"https:\/\/www.sts-education.com\/it\/wp-json\/wp\/v2\/posts"}],"about":[{"href":"https:\/\/www.sts-education.com\/it\/wp-json\/wp\/v2\/types\/post"}],"author":[{"embeddable":true,"href":"https:\/\/www.sts-education.com\/it\/wp-json\/wp\/v2\/users\/20"}],"replies":[{"embeddable":true,"href":"https:\/\/www.sts-education.com\/it\/wp-json\/wp\/v2\/comments?post=11787"}],"version-history":[{"count":5,"href":"https:\/\/www.sts-education.com\/it\/wp-json\/wp\/v2\/posts\/11787\/revisions"}],"predecessor-version":[{"id":43626,"href":"https:\/\/www.sts-education.com\/it\/wp-json\/wp\/v2\/posts\/11787\/revisions\/43626"}],"wp:featuredmedia":[{"embeddable":true,"href":"https:\/\/www.sts-education.com\/it\/wp-json\/wp\/v2\/media\/13724"}],"wp:attachment":[{"href":"https:\/\/www.sts-education.com\/it\/wp-json\/wp\/v2\/media?parent=11787"}],"wp:term":[{"taxonomy":"category","embeddable":true,"href":"https:\/\/www.sts-education.com\/it\/wp-json\/wp\/v2\/categories?post=11787"},{"taxonomy":"post_tag","embeddable":true,"href":"https:\/\/www.sts-education.com\/it\/wp-json\/wp\/v2\/tags?post=11787"},{"taxonomy":"wpw_post_folders","embeddable":true,"href":"https:\/\/www.sts-education.com\/it\/wp-json\/wp\/v2\/wpw_post_folders?post=11787"}],"curies":[{"name":"wp","href":"https:\/\/api.w.org\/{rel}","templated":true}]}}