{"id":11796,"date":"2024-03-05T09:00:00","date_gmt":"2024-03-05T07:00:00","guid":{"rendered":"https:\/\/preprod.sts-education.com\/blog\/2026\/03\/05\/valentina-e-andata-in-scambio-in-danimarca\/"},"modified":"2026-04-29T10:11:45","modified_gmt":"2026-04-29T08:11:45","slug":"valentina-e-andata-in-scambio-in-danimarca","status":"publish","type":"post","link":"https:\/\/www.sts-education.com\/it\/high-school\/foto-e-video-dei-nostri-studenti-exchange\/gli-studenti-sts-raccontano\/valentina-e-andata-in-scambio-in-danimarca\/","title":{"rendered":"Valentina E Andata In Scambio In Danimarca"},"content":{"rendered":"\n<div class=\"wp-block-sts-text sts-text-editor has-max-width-md\"><div class=\"sts-text-editor__content\"><div class=\"sts-text-editor__content-inner\">\n<h1 style=\"text-align:center\">Valentina \u00e8 andata in scambio in Danimarca<\/h1>\n<\/div><\/div><\/div>\n\n\n\n<figure class=\"wp-block-sts-image sts-block-image sts-block-image--count-1 has-max-width-lg\" data-count=\"1\"><div class=\"sts-block-image__grid\"><div class=\"sts-block-image__item\"><picture class=\"sts-responsive-image has-fit-cover has-pos-top is-skeleton\"><source media=\"(max-width: 834.98px)\" srcset=\"https:\/\/powered-by.qbank.se\/educatius\/sts\/10ec77fb512899574dd4287ae81171ca_1-1-thumb.webp 150w, https:\/\/powered-by.qbank.se\/educatius\/sts\/10ec77fb512899574dd4287ae81171ca_1-1-xsmall.webp 500w, https:\/\/powered-by.qbank.se\/educatius\/sts\/10ec77fb512899574dd4287ae81171ca_1-1-small.webp 800w, https:\/\/powered-by.qbank.se\/educatius\/sts\/10ec77fb512899574dd4287ae81171ca_1-1-medium.webp 1024w, https:\/\/powered-by.qbank.se\/educatius\/sts\/10ec77fb512899574dd4287ae81171ca_1-1-large.webp 1536w\" sizes=\"(max-width: 768px) 100vw, (max-width: 1200px) 100vw, 1200px\" type=\"image\/webp\"\/><source media=\"(min-width: 835px)\" srcset=\"https:\/\/powered-by.qbank.se\/educatius\/sts\/10ec77fb512899574dd4287ae81171ca_16-9-small.webp 800w, https:\/\/powered-by.qbank.se\/educatius\/sts\/10ec77fb512899574dd4287ae81171ca_16-9-medium.webp 1024w, https:\/\/powered-by.qbank.se\/educatius\/sts\/10ec77fb512899574dd4287ae81171ca_16-9-large.webp 1536w\" sizes=\"(max-width: 768px) 100vw, (max-width: 1200px) 100vw, 1200px\" type=\"image\/webp\"\/><img src=\"https:\/\/powered-by.qbank.se\/educatius\/sts\/10ec77fb512899574dd4287ae81171ca_1-1-thumb.webp\" alt=\"Valentina \u00e8 andata in scambio in Danimarca\" loading=\"lazy\" decoding=\"async\" fetchpriority=\"low\" style=\"object-position:top\"\/><\/picture><\/div><\/div><\/figure>\n\n\n\n<div class=\"wp-block-sts-text sts-text-editor has-max-width-md\"><div class=\"sts-text-editor__content\"><div class=\"sts-text-editor__content-inner\">\n<p><em>Valentina, dalla Svizzera, ha trascorso il suo anno all\u2019estero in Danimarca.<\/em><\/p>\n<\/div><\/div><\/div>\n\n\n\n<div class=\"wp-block-sts-text sts-text-editor has-max-width-md\"><div class=\"sts-text-editor__content\"><div class=\"sts-text-editor__content-inner\">\n<h2>Come tutto \u00e8 iniziato<\/h2>\n<p>Nell&#x27;aprile 2018, io e mia madre abbiamo fatto un viaggio a Copenaghen durante le vacanze di Pasqua. Mi sono subito innamorata di questo paese e l&#x27;ultimo giorno di quella vacanza ho finalmente trovato il coraggio di farle la grande domanda:<\/p>\n<p>&quot;Mamma&#8230; e se facessi un semestre di scambio?&quot;.<\/p>\n<p>Lei non reag\u00ec affatto, per quella che mi sembr\u00f2 un&#x27;eternit\u00e0 ma che in realt\u00e0 era solo un minuto, poi mi guard\u00f2 e rispose a sua volta con una domanda:<\/p>\n<p>&quot;Dove?&quot;<\/p>\n<p>&quot;Qui?&quot;<\/p>\n<h2>Come \u00e8 andata<\/h2>\n<p>Ed \u00e8 cos\u00ec che \u00e8 andata. Otto mesi dopo ero su un volo per la Danimarca, diretta alla mia famiglia ospitante. Invece di finire a Copenaghen, mi sono ritrovata in un minuscolo villaggio di appena 500 persone. Sorprendentemente, alla fine mi \u00e8 piaciuto di pi\u00f9. Mi ha dato pi\u00f9 possibilit\u00e0 di instaurare un legame profondo con la mia famiglia ospitante. Ho persino iniziato un corso di danza con la mia mamma ospitante ogni luned\u00ec e di tanto in tanto andavo a prendere i miei fratelli a scuola e all&#x27;asilo. \u00c8 stata sicuramente un&#x27;esperienza nuova, soprattutto perch\u00e9 a casa sono figlia unica. Avere fratelli e sorelle pi\u00f9 piccoli \u00e8 stato un mondo completamente nuovo per me, ma mi \u00e8 piaciuto. Il legame che ho coltivato con la mia famiglia ospitante \u00e8 speciale ed ora li visito ogni anno.<\/p>\n<h2>Lo scambio ha cambiato la mia vita ed \u00e8 stato l&#x27;inizio di qualcosa di nuovo<\/h2>\n<p>Cinque anni dopo, quell&#x27;esperienza di scambio ha cambiato la mia vita. \u00c8 stato l&#x27;inizio di qualcosa di nuovo. Dico sempre che non sono cambiata molto durante l\u2019anno all\u2019estero in s\u00e9, ma di pi\u00f9 nel periodo successivo. Ho cambiato scuola e ho iniziato a impegnarmi sempre di pi\u00f9 per realizzare il mio sogno di sempre: viaggiare per il mondo.<\/p>\n<p>E questo ha dato i suoi frutti. Nell&#x27;inverno del 2022 ho intrapreso un viaggio di sei mesi attraverso il sud-est asiatico e, in questo momento, sono seduta in un caff\u00e8 nel centro di Rio de Janeiro, a due mesi dalla mia prossima avventura.<\/p>\n<p>Quel semestre di scambio non \u00e8 stato solo una parentesi nella mia vita, ma ha gettato le basi per un nuovo capitolo pieno di esplorazioni e scoperte.<\/p>\n<p><strong>Grazie, STS!<\/strong><\/p>\n<h2>Per saperne di pi\u00f9<\/h2>\n<ul><li>Leggi altre storie di <a href=\"https:\/\/www.sts-education.com\/it\/high-school\/foto-e-video-dei-nostri-studenti-exchange\/gli-studenti-sts-raccontano\/?hashtag=Danimarca\">studenti dalla Danimarca<\/a><\/li>\n<li>Leggi di pi\u00f9 su un <a href=\"https:\/\/www.sts-education.com\/it\/high-school\/destinazioni\/europa\/danimarca\/\">anno all&#x27;estero in Danimarca<\/a><\/li>\n<li><span>Guarda tutte le nostre <a href=\"\/it\/high-school\/tripfinder\/\">destinazioni per il tuo anno all&#x27;estero<\/a><\/span><\/li><\/ul>\n<\/div><\/div><\/div>\n","protected":false},"excerpt":{"rendered":"","protected":false},"author":20,"featured_media":13742,"comment_status":"open","ping_status":"open","sticky":false,"template":"","format":"standard","meta":{"_acf_changed":false,"_yoast_wpseo_title":"Valentina \u00e8 andata in scambio in Danimarca","_yoast_wpseo_metadesc":"Nell'aprile 2018, io e mia madre abbiamo fatto un viaggio a Copenaghen. L'ultimo giorno ho finalmente trovato il coraggio di farle la grande domanda: \"Mamma... e se facessi un semestre di scambio?\".","footnotes":""},"categories":[274],"tags":[960],"wpw_post_folders":[],"class_list":["post-11796","post","type-post","status-publish","format-standard","has-post-thumbnail","hentry","category-senza-categoria","tag-danimarca"],"acf":[],"yoast_head":"<!-- This site is optimized with the Yoast SEO Premium plugin v27.2 (Yoast SEO v27.2) - https:\/\/yoast.com\/product\/yoast-seo-premium-wordpress\/ -->\n<title>Valentina \u00e8 andata in scambio in Danimarca<\/title>\n<meta name=\"description\" content=\"Nell&#039;aprile 2018, io e mia madre abbiamo fatto un viaggio a Copenaghen. L&#039;ultimo giorno ho finalmente trovato il coraggio di farle la grande domanda: &quot;Mamma... e se facessi un semestre di scambio?&quot;.\" \/>\n<meta name=\"robots\" content=\"index, follow, max-snippet:-1, max-image-preview:large, max-video-preview:-1\" \/>\n<link rel=\"canonical\" href=\"https:\/\/www.sts-education.com\/it\/high-school\/foto-e-video-dei-nostri-studenti-exchange\/gli-studenti-sts-raccontano\/valentina-e-andata-in-scambio-in-danimarca\/\" \/>\n<meta property=\"og:locale\" content=\"it_IT\" \/>\n<meta property=\"og:type\" content=\"article\" \/>\n<meta property=\"og:title\" content=\"Valentina E Andata In Scambio In Danimarca\" \/>\n<meta property=\"og:description\" content=\"Nell&#039;aprile 2018, io e mia madre abbiamo fatto un viaggio a Copenaghen. L&#039;ultimo giorno ho finalmente trovato il coraggio di farle la grande domanda: &quot;Mamma... e se facessi un semestre di scambio?&quot;.\" \/>\n<meta property=\"og:url\" content=\"https:\/\/www.sts-education.com\/it\/high-school\/foto-e-video-dei-nostri-studenti-exchange\/gli-studenti-sts-raccontano\/valentina-e-andata-in-scambio-in-danimarca\/\" \/>\n<meta property=\"og:site_name\" content=\"STS Education\" \/>\n<meta property=\"article:published_time\" content=\"2024-03-05T07:00:00+00:00\" \/>\n<meta property=\"article:modified_time\" content=\"2026-04-29T08:11:45+00:00\" \/>\n<meta property=\"og:image\" content=\"https:\/\/powered-by.qbank.se\/educatius\/sts\/\/10ec77fb512899574dd4287ae81171ca_1-1-thumb.webp\" \/>\n\t<meta property=\"og:image:width\" content=\"150\" \/>\n\t<meta property=\"og:image:height\" content=\"150\" \/>\n\t<meta property=\"og:image:type\" content=\"image\/jpeg\" \/>\n<meta name=\"author\" content=\"syncreadwrite\" \/>\n<meta name=\"twitter:card\" content=\"summary_large_image\" \/>\n<meta name=\"twitter:label1\" content=\"Scritto da\" \/>\n\t<meta name=\"twitter:data1\" content=\"syncreadwrite\" \/>\n\t<meta name=\"twitter:label2\" content=\"Tempo di lettura stimato\" \/>\n\t<meta name=\"twitter:data2\" content=\"2 minuti\" \/>\n<script type=\"application\/ld+json\" class=\"yoast-schema-graph\">{\"@context\":\"https:\/\/schema.org\",\"@graph\":[{\"@type\":\"Article\",\"@id\":\"https:\/\/www.sts-education.com\/it\/high-school\/foto-e-video-dei-nostri-studenti-exchange\/gli-studenti-sts-raccontano\/valentina-e-andata-in-scambio-in-danimarca\/#article\",\"isPartOf\":{\"@id\":\"https:\/\/www.sts-education.com\/it\/high-school\/foto-e-video-dei-nostri-studenti-exchange\/gli-studenti-sts-raccontano\/valentina-e-andata-in-scambio-in-danimarca\/\"},\"author\":{\"name\":\"syncreadwrite\",\"@id\":\"https:\/\/www.sts-education.com\/it\/#\/schema\/person\/8b82f3a2e45f020b8f296d7a85d9a97c\"},\"headline\":\"Valentina E Andata In Scambio In Danimarca\",\"datePublished\":\"2024-03-05T07:00:00+00:00\",\"dateModified\":\"2026-04-29T08:11:45+00:00\",\"mainEntityOfPage\":{\"@id\":\"https:\/\/www.sts-education.com\/it\/high-school\/foto-e-video-dei-nostri-studenti-exchange\/gli-studenti-sts-raccontano\/valentina-e-andata-in-scambio-in-danimarca\/\"},\"wordCount\":438,\"commentCount\":0,\"image\":{\"@id\":\"https:\/\/www.sts-education.com\/it\/high-school\/foto-e-video-dei-nostri-studenti-exchange\/gli-studenti-sts-raccontano\/valentina-e-andata-in-scambio-in-danimarca\/#primaryimage\"},\"thumbnailUrl\":\"https:\/\/powered-by.qbank.se\/educatius\/sts\/\/10ec77fb512899574dd4287ae81171ca_1-1-thumb.webp\",\"keywords\":[\"Danimarca\"],\"inLanguage\":\"it-IT\",\"potentialAction\":[{\"@type\":\"CommentAction\",\"name\":\"Comment\",\"target\":[\"https:\/\/www.sts-education.com\/it\/high-school\/foto-e-video-dei-nostri-studenti-exchange\/gli-studenti-sts-raccontano\/valentina-e-andata-in-scambio-in-danimarca\/#respond\"]}]},{\"@type\":\"WebPage\",\"@id\":\"https:\/\/www.sts-education.com\/it\/high-school\/foto-e-video-dei-nostri-studenti-exchange\/gli-studenti-sts-raccontano\/valentina-e-andata-in-scambio-in-danimarca\/\",\"url\":\"https:\/\/www.sts-education.com\/it\/high-school\/foto-e-video-dei-nostri-studenti-exchange\/gli-studenti-sts-raccontano\/valentina-e-andata-in-scambio-in-danimarca\/\",\"name\":\"Valentina \u00e8 andata in scambio in Danimarca\",\"isPartOf\":{\"@id\":\"https:\/\/www.sts-education.com\/it\/#website\"},\"primaryImageOfPage\":{\"@id\":\"https:\/\/www.sts-education.com\/it\/high-school\/foto-e-video-dei-nostri-studenti-exchange\/gli-studenti-sts-raccontano\/valentina-e-andata-in-scambio-in-danimarca\/#primaryimage\"},\"image\":{\"@id\":\"https:\/\/www.sts-education.com\/it\/high-school\/foto-e-video-dei-nostri-studenti-exchange\/gli-studenti-sts-raccontano\/valentina-e-andata-in-scambio-in-danimarca\/#primaryimage\"},\"thumbnailUrl\":\"https:\/\/powered-by.qbank.se\/educatius\/sts\/\/10ec77fb512899574dd4287ae81171ca_1-1-thumb.webp\",\"datePublished\":\"2024-03-05T07:00:00+00:00\",\"dateModified\":\"2026-04-29T08:11:45+00:00\",\"author\":{\"@id\":\"https:\/\/www.sts-education.com\/it\/#\/schema\/person\/8b82f3a2e45f020b8f296d7a85d9a97c\"},\"description\":\"Nell'aprile 2018, io e mia madre abbiamo fatto un viaggio a Copenaghen. L'ultimo giorno ho finalmente trovato il coraggio di farle la grande domanda: \\\"Mamma... e se facessi un semestre di scambio?\\\".\",\"breadcrumb\":{\"@id\":\"https:\/\/www.sts-education.com\/it\/high-school\/foto-e-video-dei-nostri-studenti-exchange\/gli-studenti-sts-raccontano\/valentina-e-andata-in-scambio-in-danimarca\/#breadcrumb\"},\"inLanguage\":\"it-IT\",\"potentialAction\":[{\"@type\":\"ReadAction\",\"target\":[\"https:\/\/www.sts-education.com\/it\/high-school\/foto-e-video-dei-nostri-studenti-exchange\/gli-studenti-sts-raccontano\/valentina-e-andata-in-scambio-in-danimarca\/\"]}]},{\"@type\":\"ImageObject\",\"inLanguage\":\"it-IT\",\"@id\":\"https:\/\/www.sts-education.com\/it\/high-school\/foto-e-video-dei-nostri-studenti-exchange\/gli-studenti-sts-raccontano\/valentina-e-andata-in-scambio-in-danimarca\/#primaryimage\",\"url\":\"https:\/\/powered-by.qbank.se\/educatius\/sts\/\/10ec77fb512899574dd4287ae81171ca_1-1-thumb.webp\",\"contentUrl\":\"https:\/\/powered-by.qbank.se\/educatius\/sts\/\/10ec77fb512899574dd4287ae81171ca_1-1-thumb.webp\",\"width\":150,\"height\":150},{\"@type\":\"BreadcrumbList\",\"@id\":\"https:\/\/www.sts-education.com\/it\/high-school\/foto-e-video-dei-nostri-studenti-exchange\/gli-studenti-sts-raccontano\/valentina-e-andata-in-scambio-in-danimarca\/#breadcrumb\",\"itemListElement\":[{\"@type\":\"ListItem\",\"position\":1,\"name\":\"Home\",\"item\":\"https:\/\/www.sts-education.com\/it\/\"},{\"@type\":\"ListItem\",\"position\":2,\"name\":\"Valentina E Andata In Scambio In Danimarca\"}]},{\"@type\":\"WebSite\",\"@id\":\"https:\/\/www.sts-education.com\/it\/#website\",\"url\":\"https:\/\/www.sts-education.com\/it\/\",\"name\":\"STS Education\",\"description\":\"\",\"potentialAction\":[{\"@type\":\"SearchAction\",\"target\":{\"@type\":\"EntryPoint\",\"urlTemplate\":\"https:\/\/www.sts-education.com\/it\/?s={search_term_string}\"},\"query-input\":{\"@type\":\"PropertyValueSpecification\",\"valueRequired\":true,\"valueName\":\"search_term_string\"}}],\"inLanguage\":\"it-IT\"},{\"@type\":\"Person\",\"@id\":\"https:\/\/www.sts-education.com\/it\/#\/schema\/person\/8b82f3a2e45f020b8f296d7a85d9a97c\",\"name\":\"syncreadwrite\",\"image\":{\"@type\":\"ImageObject\",\"inLanguage\":\"it-IT\",\"@id\":\"https:\/\/secure.gravatar.com\/avatar\/6ed1007e4f6f43f22e3df41d9fce4365533cba47fef64bb359b8e629abbc2ea6?s=96&d=mm&r=g\",\"url\":\"https:\/\/secure.gravatar.com\/avatar\/6ed1007e4f6f43f22e3df41d9fce4365533cba47fef64bb359b8e629abbc2ea6?s=96&d=mm&r=g\",\"contentUrl\":\"https:\/\/secure.gravatar.com\/avatar\/6ed1007e4f6f43f22e3df41d9fce4365533cba47fef64bb359b8e629abbc2ea6?s=96&d=mm&r=g\",\"caption\":\"syncreadwrite\"},\"url\":\"https:\/\/www.sts-education.com\/it\/author\/syncreadwrite\/\"}]}<\/script>\n<!-- \/ Yoast SEO Premium plugin. -->","yoast_head_json":{"title":"Valentina \u00e8 andata in scambio in Danimarca","description":"Nell'aprile 2018, io e mia madre abbiamo fatto un viaggio a Copenaghen. L'ultimo giorno ho finalmente trovato il coraggio di farle la grande domanda: \"Mamma... e se facessi un semestre di scambio?\".","robots":{"index":"index","follow":"follow","max-snippet":"max-snippet:-1","max-image-preview":"max-image-preview:large","max-video-preview":"max-video-preview:-1"},"canonical":"https:\/\/www.sts-education.com\/it\/high-school\/foto-e-video-dei-nostri-studenti-exchange\/gli-studenti-sts-raccontano\/valentina-e-andata-in-scambio-in-danimarca\/","og_locale":"it_IT","og_type":"article","og_title":"Valentina E Andata In Scambio In Danimarca","og_description":"Nell'aprile 2018, io e mia madre abbiamo fatto un viaggio a Copenaghen. L'ultimo giorno ho finalmente trovato il coraggio di farle la grande domanda: \"Mamma... e se facessi un semestre di scambio?\".","og_url":"https:\/\/www.sts-education.com\/it\/high-school\/foto-e-video-dei-nostri-studenti-exchange\/gli-studenti-sts-raccontano\/valentina-e-andata-in-scambio-in-danimarca\/","og_site_name":"STS Education","article_published_time":"2024-03-05T07:00:00+00:00","article_modified_time":"2026-04-29T08:11:45+00:00","og_image":[{"width":150,"height":150,"url":"https:\/\/powered-by.qbank.se\/educatius\/sts\/\/10ec77fb512899574dd4287ae81171ca_1-1-thumb.webp","type":"image\/jpeg"}],"author":"syncreadwrite","twitter_card":"summary_large_image","twitter_misc":{"Scritto da":"syncreadwrite","Tempo di lettura stimato":"2 minuti"},"schema":{"@context":"https:\/\/schema.org","@graph":[{"@type":"Article","@id":"https:\/\/www.sts-education.com\/it\/high-school\/foto-e-video-dei-nostri-studenti-exchange\/gli-studenti-sts-raccontano\/valentina-e-andata-in-scambio-in-danimarca\/#article","isPartOf":{"@id":"https:\/\/www.sts-education.com\/it\/high-school\/foto-e-video-dei-nostri-studenti-exchange\/gli-studenti-sts-raccontano\/valentina-e-andata-in-scambio-in-danimarca\/"},"author":{"name":"syncreadwrite","@id":"https:\/\/www.sts-education.com\/it\/#\/schema\/person\/8b82f3a2e45f020b8f296d7a85d9a97c"},"headline":"Valentina E Andata In Scambio In Danimarca","datePublished":"2024-03-05T07:00:00+00:00","dateModified":"2026-04-29T08:11:45+00:00","mainEntityOfPage":{"@id":"https:\/\/www.sts-education.com\/it\/high-school\/foto-e-video-dei-nostri-studenti-exchange\/gli-studenti-sts-raccontano\/valentina-e-andata-in-scambio-in-danimarca\/"},"wordCount":438,"commentCount":0,"image":{"@id":"https:\/\/www.sts-education.com\/it\/high-school\/foto-e-video-dei-nostri-studenti-exchange\/gli-studenti-sts-raccontano\/valentina-e-andata-in-scambio-in-danimarca\/#primaryimage"},"thumbnailUrl":"https:\/\/powered-by.qbank.se\/educatius\/sts\/\/10ec77fb512899574dd4287ae81171ca_1-1-thumb.webp","keywords":["Danimarca"],"inLanguage":"it-IT","potentialAction":[{"@type":"CommentAction","name":"Comment","target":["https:\/\/www.sts-education.com\/it\/high-school\/foto-e-video-dei-nostri-studenti-exchange\/gli-studenti-sts-raccontano\/valentina-e-andata-in-scambio-in-danimarca\/#respond"]}]},{"@type":"WebPage","@id":"https:\/\/www.sts-education.com\/it\/high-school\/foto-e-video-dei-nostri-studenti-exchange\/gli-studenti-sts-raccontano\/valentina-e-andata-in-scambio-in-danimarca\/","url":"https:\/\/www.sts-education.com\/it\/high-school\/foto-e-video-dei-nostri-studenti-exchange\/gli-studenti-sts-raccontano\/valentina-e-andata-in-scambio-in-danimarca\/","name":"Valentina \u00e8 andata in scambio in Danimarca","isPartOf":{"@id":"https:\/\/www.sts-education.com\/it\/#website"},"primaryImageOfPage":{"@id":"https:\/\/www.sts-education.com\/it\/high-school\/foto-e-video-dei-nostri-studenti-exchange\/gli-studenti-sts-raccontano\/valentina-e-andata-in-scambio-in-danimarca\/#primaryimage"},"image":{"@id":"https:\/\/www.sts-education.com\/it\/high-school\/foto-e-video-dei-nostri-studenti-exchange\/gli-studenti-sts-raccontano\/valentina-e-andata-in-scambio-in-danimarca\/#primaryimage"},"thumbnailUrl":"https:\/\/powered-by.qbank.se\/educatius\/sts\/\/10ec77fb512899574dd4287ae81171ca_1-1-thumb.webp","datePublished":"2024-03-05T07:00:00+00:00","dateModified":"2026-04-29T08:11:45+00:00","author":{"@id":"https:\/\/www.sts-education.com\/it\/#\/schema\/person\/8b82f3a2e45f020b8f296d7a85d9a97c"},"description":"Nell'aprile 2018, io e mia madre abbiamo fatto un viaggio a Copenaghen. L'ultimo giorno ho finalmente trovato il coraggio di farle la grande domanda: \"Mamma... e se facessi un semestre di scambio?\".","breadcrumb":{"@id":"https:\/\/www.sts-education.com\/it\/high-school\/foto-e-video-dei-nostri-studenti-exchange\/gli-studenti-sts-raccontano\/valentina-e-andata-in-scambio-in-danimarca\/#breadcrumb"},"inLanguage":"it-IT","potentialAction":[{"@type":"ReadAction","target":["https:\/\/www.sts-education.com\/it\/high-school\/foto-e-video-dei-nostri-studenti-exchange\/gli-studenti-sts-raccontano\/valentina-e-andata-in-scambio-in-danimarca\/"]}]},{"@type":"ImageObject","inLanguage":"it-IT","@id":"https:\/\/www.sts-education.com\/it\/high-school\/foto-e-video-dei-nostri-studenti-exchange\/gli-studenti-sts-raccontano\/valentina-e-andata-in-scambio-in-danimarca\/#primaryimage","url":"https:\/\/powered-by.qbank.se\/educatius\/sts\/\/10ec77fb512899574dd4287ae81171ca_1-1-thumb.webp","contentUrl":"https:\/\/powered-by.qbank.se\/educatius\/sts\/\/10ec77fb512899574dd4287ae81171ca_1-1-thumb.webp","width":150,"height":150},{"@type":"BreadcrumbList","@id":"https:\/\/www.sts-education.com\/it\/high-school\/foto-e-video-dei-nostri-studenti-exchange\/gli-studenti-sts-raccontano\/valentina-e-andata-in-scambio-in-danimarca\/#breadcrumb","itemListElement":[{"@type":"ListItem","position":1,"name":"Home","item":"https:\/\/www.sts-education.com\/it\/"},{"@type":"ListItem","position":2,"name":"Valentina E Andata In Scambio In Danimarca"}]},{"@type":"WebSite","@id":"https:\/\/www.sts-education.com\/it\/#website","url":"https:\/\/www.sts-education.com\/it\/","name":"STS Education","description":"","potentialAction":[{"@type":"SearchAction","target":{"@type":"EntryPoint","urlTemplate":"https:\/\/www.sts-education.com\/it\/?s={search_term_string}"},"query-input":{"@type":"PropertyValueSpecification","valueRequired":true,"valueName":"search_term_string"}}],"inLanguage":"it-IT"},{"@type":"Person","@id":"https:\/\/www.sts-education.com\/it\/#\/schema\/person\/8b82f3a2e45f020b8f296d7a85d9a97c","name":"syncreadwrite","image":{"@type":"ImageObject","inLanguage":"it-IT","@id":"https:\/\/secure.gravatar.com\/avatar\/6ed1007e4f6f43f22e3df41d9fce4365533cba47fef64bb359b8e629abbc2ea6?s=96&d=mm&r=g","url":"https:\/\/secure.gravatar.com\/avatar\/6ed1007e4f6f43f22e3df41d9fce4365533cba47fef64bb359b8e629abbc2ea6?s=96&d=mm&r=g","contentUrl":"https:\/\/secure.gravatar.com\/avatar\/6ed1007e4f6f43f22e3df41d9fce4365533cba47fef64bb359b8e629abbc2ea6?s=96&d=mm&r=g","caption":"syncreadwrite"},"url":"https:\/\/www.sts-education.com\/it\/author\/syncreadwrite\/"}]}},"_links":{"self":[{"href":"https:\/\/www.sts-education.com\/it\/wp-json\/wp\/v2\/posts\/11796","targetHints":{"allow":["GET"]}}],"collection":[{"href":"https:\/\/www.sts-education.com\/it\/wp-json\/wp\/v2\/posts"}],"about":[{"href":"https:\/\/www.sts-education.com\/it\/wp-json\/wp\/v2\/types\/post"}],"author":[{"embeddable":true,"href":"https:\/\/www.sts-education.com\/it\/wp-json\/wp\/v2\/users\/20"}],"replies":[{"embeddable":true,"href":"https:\/\/www.sts-education.com\/it\/wp-json\/wp\/v2\/comments?post=11796"}],"version-history":[{"count":5,"href":"https:\/\/www.sts-education.com\/it\/wp-json\/wp\/v2\/posts\/11796\/revisions"}],"predecessor-version":[{"id":43699,"href":"https:\/\/www.sts-education.com\/it\/wp-json\/wp\/v2\/posts\/11796\/revisions\/43699"}],"wp:featuredmedia":[{"embeddable":true,"href":"https:\/\/www.sts-education.com\/it\/wp-json\/wp\/v2\/media\/13742"}],"wp:attachment":[{"href":"https:\/\/www.sts-education.com\/it\/wp-json\/wp\/v2\/media?parent=11796"}],"wp:term":[{"taxonomy":"category","embeddable":true,"href":"https:\/\/www.sts-education.com\/it\/wp-json\/wp\/v2\/categories?post=11796"},{"taxonomy":"post_tag","embeddable":true,"href":"https:\/\/www.sts-education.com\/it\/wp-json\/wp\/v2\/tags?post=11796"},{"taxonomy":"wpw_post_folders","embeddable":true,"href":"https:\/\/www.sts-education.com\/it\/wp-json\/wp\/v2\/wpw_post_folders?post=11796"}],"curies":[{"name":"wp","href":"https:\/\/api.w.org\/{rel}","templated":true}]}}