{"id":11799,"date":"2024-09-02T09:00:00","date_gmt":"2024-09-02T09:00:00","guid":{"rendered":"https:\/\/preprod.sts-education.com\/blog\/2026\/03\/05\/mirja-ha-trascorso-un-anno-allestero-in-germania\/"},"modified":"2026-04-14T10:17:04","modified_gmt":"2026-04-14T10:17:04","slug":"mirja-ha-trascorso-un-anno-allestero-in-germania","status":"publish","type":"post","link":"https:\/\/www.sts-education.com\/it\/high-school\/foto-e-video-dei-nostri-studenti-exchange\/gli-studenti-sts-raccontano\/mirja-ha-trascorso-un-anno-allestero-in-germania\/","title":{"rendered":"Mirja Ha Trascorso Un Anno Allestero In Germania"},"content":{"rendered":"\n<div class=\"wp-block-sts-text sts-text-editor has-max-width-md\"><div class=\"sts-text-editor__content\"><div class=\"sts-text-editor__content-inner\">\n<h1 style=\"text-align:center\">Mirja ha trascorso un anno all&#x27;estero in Germania<\/h1>\n<\/div><\/div><\/div>\n\n\n\n<div class=\"wp-block-sts-text sts-text-editor has-max-width-md\"><div class=\"sts-text-editor__content\"><div class=\"sts-text-editor__content-inner\">\n<p><em>Mirja, dal Montenegro, ha trascorso un anno di scambio ad Amburgo, in Germania.<\/em><\/p>\n<p>Era il mio grande sogno vivere in Germania. Si dice che il tedesco sia una delle lingue pi\u00f9 difficili da imparare ed \u00e8 per questo che non molte persone lo parlano. Quindi, conoscere questa lingua \u00e8 un grande vantaggio. Ho imparato il tedesco nella mia scuola di provenienza prima di partire per lo scambio, ma non ero molto brava. Il mio desiderio era quello di diventare davvero fluente e a mio agio nel parlare tedesco. Quando si vive in campagna e si \u00e8 a contatto con i tedeschi e la loro lingua ogni giorno, \u00e8 molto pi\u00f9 facile!<\/p>\n<p>All&#x27;inizio la lingua era una sfida. Ero un po&#x27; timida a parlare tedesco. Inoltre, quando si vive in famiglia \u00e8 normale che non tutti i giorni siano perfetti. Con la mia famiglia a casa, abbiamo spesso dei piccoli litigi. L&#x27;importante \u00e8 parlarne ed essere aperti e perdonarsi l&#x27;uno con l&#x27;altro.<\/p>\n<p>Il mio consiglio per i futuri studenti di scambio \u00e8: parlate con la vostra famiglia ospitante di tutto ci\u00f2 che accade, delle cose belle, brutte o ordinarie, non importa. Parlate di tutto. \u00c8 la vostra famiglia per quasi un anno. Parlate di quello che avete fatto a scuola, della vostra famiglia a casa, di quello che sta succedendo nel vostro Paese. Le vostre idee e i vostri progetti, dove volete andare, cosa vorreste sperimentare. La chiave \u00e8 una buona comunicazione, l&#x27;apertura e l&#x27;interesse per la vita l\u2019uno dell&#x27;altro.<\/p>\n<p>Il mio soggiorno in Germania \u00e8 stato davvero molto bello. Non avrei potuto sognare di meglio. Credo di essere una persona migliore e pi\u00f9 aperta di prima. Della mia famiglia ospitante posso solo dire le cose migliori. Hanno un grande amore. I ritrovi familiari in Germania sono completamente diversi da quelli dell&#x27;Europa sudorientale. Ci piaceva molto giocare insieme a giochi da tavolo e a carte e facevamo molti barbecue in giardino.<\/p>\n<p>Poich\u00e9 quest&#x27;anno \u00e8 stato cos\u00ec bello, voglio andare di nuovo all&#x27;estero, per studiare e per l&#x27;universit\u00e0. So che non voglio rimanere nel mio Paese, anche se ovviamente torner\u00f2 sempre in visita.<\/p>\n<p>Ora sono emozionata di poter accogliere la mia famiglia ospitante in Montenegro!<\/p>\n<h2>Per saperne di pi\u00f9<\/h2>\n<ul><li>Leggi altre storie di <a href=\"https:\/\/www.sts-education.com\/it\/high-school\/foto-e-video-dei-nostri-studenti-exchange\/gli-studenti-sts-raccontano\/?hashtag=Germania\">studenti dalla\u00a0Germania<\/a><\/li>\n<li>Leggi di pi\u00f9 su un <a href=\"https:\/\/www.sts-education.com\/it\/high-school\/destinazioni\/europa\/germania\/\">anno all&#x27;estero in Germania<\/a><\/li>\n<li><span>Guarda tutte le nostre <a href=\"\/it\/high-school\/tripfinder\/\">destinazioni per il tuo anno all&#x27;estero<\/a><\/span><\/li><\/ul>\n<\/div><\/div><\/div>\n","protected":false},"excerpt":{"rendered":"","protected":false},"author":20,"featured_media":13748,"comment_status":"open","ping_status":"open","sticky":false,"template":"","format":"standard","meta":{"_acf_changed":false,"_yoast_wpseo_title":"Mirja ha trascorso un anno all'estero in Germania","_yoast_wpseo_metadesc":"Era il mio grande sogno vivere in Germania. Si dice che il tedesco sia una delle lingue pi\u00f9 difficili da imparare ed \u00e8 per questo che non molte persone lo parlano.","footnotes":""},"categories":[274],"tags":[963],"wpw_post_folders":[],"class_list":["post-11799","post","type-post","status-publish","format-standard","has-post-thumbnail","hentry","category-senza-categoria","tag-germania"],"acf":[],"yoast_head":"<!-- This site is optimized with the Yoast SEO Premium plugin v27.2 (Yoast SEO v27.2) - https:\/\/yoast.com\/product\/yoast-seo-premium-wordpress\/ -->\n<title>Mirja ha trascorso un anno all&#039;estero in Germania<\/title>\n<meta name=\"description\" content=\"Era il mio grande sogno vivere in Germania. Si dice che il tedesco sia una delle lingue pi\u00f9 difficili da imparare ed \u00e8 per questo che non molte persone lo parlano.\" \/>\n<meta name=\"robots\" content=\"index, follow, max-snippet:-1, max-image-preview:large, max-video-preview:-1\" \/>\n<link rel=\"canonical\" href=\"https:\/\/www.sts-education.com\/it\/high-school\/foto-e-video-dei-nostri-studenti-exchange\/gli-studenti-sts-raccontano\/mirja-ha-trascorso-un-anno-allestero-in-germania\/\" \/>\n<meta property=\"og:locale\" content=\"it_IT\" \/>\n<meta property=\"og:type\" content=\"article\" \/>\n<meta property=\"og:title\" content=\"Mirja Ha Trascorso Un Anno Allestero In Germania\" \/>\n<meta property=\"og:description\" content=\"Era il mio grande sogno vivere in Germania. Si dice che il tedesco sia una delle lingue pi\u00f9 difficili da imparare ed \u00e8 per questo che non molte persone lo parlano.\" \/>\n<meta property=\"og:url\" content=\"https:\/\/www.sts-education.com\/it\/high-school\/foto-e-video-dei-nostri-studenti-exchange\/gli-studenti-sts-raccontano\/mirja-ha-trascorso-un-anno-allestero-in-germania\/\" \/>\n<meta property=\"og:site_name\" content=\"STS Education\" \/>\n<meta property=\"article:published_time\" content=\"2024-09-02T09:00:00+00:00\" \/>\n<meta property=\"article:modified_time\" content=\"2026-04-14T10:17:04+00:00\" \/>\n<meta property=\"og:image\" content=\"https:\/\/powered-by.qbank.se\/educatius\/sts\/\/1344f704baffe0712e9cd1d2131fe26b_1-1-thumb.webp\" \/>\n\t<meta property=\"og:image:width\" content=\"150\" \/>\n\t<meta property=\"og:image:height\" content=\"150\" \/>\n\t<meta property=\"og:image:type\" content=\"image\/jpeg\" \/>\n<meta name=\"author\" content=\"syncreadwrite\" \/>\n<meta name=\"twitter:card\" content=\"summary_large_image\" \/>\n<meta name=\"twitter:label1\" content=\"Scritto da\" \/>\n\t<meta name=\"twitter:data1\" content=\"syncreadwrite\" \/>\n\t<meta name=\"twitter:label2\" content=\"Tempo di lettura stimato\" \/>\n\t<meta name=\"twitter:data2\" content=\"2 minuti\" \/>\n<script type=\"application\/ld+json\" class=\"yoast-schema-graph\">{\"@context\":\"https:\/\/schema.org\",\"@graph\":[{\"@type\":\"Article\",\"@id\":\"https:\/\/www.sts-education.com\/it\/high-school\/foto-e-video-dei-nostri-studenti-exchange\/gli-studenti-sts-raccontano\/mirja-ha-trascorso-un-anno-allestero-in-germania\/#article\",\"isPartOf\":{\"@id\":\"https:\/\/www.sts-education.com\/it\/high-school\/foto-e-video-dei-nostri-studenti-exchange\/gli-studenti-sts-raccontano\/mirja-ha-trascorso-un-anno-allestero-in-germania\/\"},\"author\":{\"name\":\"syncreadwrite\",\"@id\":\"https:\/\/www.sts-education.com\/it\/#\/schema\/person\/8b82f3a2e45f020b8f296d7a85d9a97c\"},\"headline\":\"Mirja Ha Trascorso Un Anno Allestero In Germania\",\"datePublished\":\"2024-09-02T09:00:00+00:00\",\"dateModified\":\"2026-04-14T10:17:04+00:00\",\"mainEntityOfPage\":{\"@id\":\"https:\/\/www.sts-education.com\/it\/high-school\/foto-e-video-dei-nostri-studenti-exchange\/gli-studenti-sts-raccontano\/mirja-ha-trascorso-un-anno-allestero-in-germania\/\"},\"wordCount\":428,\"commentCount\":0,\"image\":{\"@id\":\"https:\/\/www.sts-education.com\/it\/high-school\/foto-e-video-dei-nostri-studenti-exchange\/gli-studenti-sts-raccontano\/mirja-ha-trascorso-un-anno-allestero-in-germania\/#primaryimage\"},\"thumbnailUrl\":\"https:\/\/powered-by.qbank.se\/educatius\/sts\/\/1344f704baffe0712e9cd1d2131fe26b_1-1-thumb.webp\",\"keywords\":[\"Germania\"],\"inLanguage\":\"it-IT\",\"potentialAction\":[{\"@type\":\"CommentAction\",\"name\":\"Comment\",\"target\":[\"https:\/\/www.sts-education.com\/it\/high-school\/foto-e-video-dei-nostri-studenti-exchange\/gli-studenti-sts-raccontano\/mirja-ha-trascorso-un-anno-allestero-in-germania\/#respond\"]}]},{\"@type\":\"WebPage\",\"@id\":\"https:\/\/www.sts-education.com\/it\/high-school\/foto-e-video-dei-nostri-studenti-exchange\/gli-studenti-sts-raccontano\/mirja-ha-trascorso-un-anno-allestero-in-germania\/\",\"url\":\"https:\/\/www.sts-education.com\/it\/high-school\/foto-e-video-dei-nostri-studenti-exchange\/gli-studenti-sts-raccontano\/mirja-ha-trascorso-un-anno-allestero-in-germania\/\",\"name\":\"Mirja ha trascorso un anno all'estero in Germania\",\"isPartOf\":{\"@id\":\"https:\/\/www.sts-education.com\/it\/#website\"},\"primaryImageOfPage\":{\"@id\":\"https:\/\/www.sts-education.com\/it\/high-school\/foto-e-video-dei-nostri-studenti-exchange\/gli-studenti-sts-raccontano\/mirja-ha-trascorso-un-anno-allestero-in-germania\/#primaryimage\"},\"image\":{\"@id\":\"https:\/\/www.sts-education.com\/it\/high-school\/foto-e-video-dei-nostri-studenti-exchange\/gli-studenti-sts-raccontano\/mirja-ha-trascorso-un-anno-allestero-in-germania\/#primaryimage\"},\"thumbnailUrl\":\"https:\/\/powered-by.qbank.se\/educatius\/sts\/\/1344f704baffe0712e9cd1d2131fe26b_1-1-thumb.webp\",\"datePublished\":\"2024-09-02T09:00:00+00:00\",\"dateModified\":\"2026-04-14T10:17:04+00:00\",\"author\":{\"@id\":\"https:\/\/www.sts-education.com\/it\/#\/schema\/person\/8b82f3a2e45f020b8f296d7a85d9a97c\"},\"description\":\"Era il mio grande sogno vivere in Germania. Si dice che il tedesco sia una delle lingue pi\u00f9 difficili da imparare ed \u00e8 per questo che non molte persone lo parlano.\",\"breadcrumb\":{\"@id\":\"https:\/\/www.sts-education.com\/it\/high-school\/foto-e-video-dei-nostri-studenti-exchange\/gli-studenti-sts-raccontano\/mirja-ha-trascorso-un-anno-allestero-in-germania\/#breadcrumb\"},\"inLanguage\":\"it-IT\",\"potentialAction\":[{\"@type\":\"ReadAction\",\"target\":[\"https:\/\/www.sts-education.com\/it\/high-school\/foto-e-video-dei-nostri-studenti-exchange\/gli-studenti-sts-raccontano\/mirja-ha-trascorso-un-anno-allestero-in-germania\/\"]}]},{\"@type\":\"ImageObject\",\"inLanguage\":\"it-IT\",\"@id\":\"https:\/\/www.sts-education.com\/it\/high-school\/foto-e-video-dei-nostri-studenti-exchange\/gli-studenti-sts-raccontano\/mirja-ha-trascorso-un-anno-allestero-in-germania\/#primaryimage\",\"url\":\"https:\/\/powered-by.qbank.se\/educatius\/sts\/\/1344f704baffe0712e9cd1d2131fe26b_1-1-thumb.webp\",\"contentUrl\":\"https:\/\/powered-by.qbank.se\/educatius\/sts\/\/1344f704baffe0712e9cd1d2131fe26b_1-1-thumb.webp\",\"width\":150,\"height\":150},{\"@type\":\"BreadcrumbList\",\"@id\":\"https:\/\/www.sts-education.com\/it\/high-school\/foto-e-video-dei-nostri-studenti-exchange\/gli-studenti-sts-raccontano\/mirja-ha-trascorso-un-anno-allestero-in-germania\/#breadcrumb\",\"itemListElement\":[{\"@type\":\"ListItem\",\"position\":1,\"name\":\"Home\",\"item\":\"https:\/\/www.sts-education.com\/it\/\"},{\"@type\":\"ListItem\",\"position\":2,\"name\":\"Mirja Ha Trascorso Un Anno Allestero In Germania\"}]},{\"@type\":\"WebSite\",\"@id\":\"https:\/\/www.sts-education.com\/it\/#website\",\"url\":\"https:\/\/www.sts-education.com\/it\/\",\"name\":\"STS Education\",\"description\":\"\",\"potentialAction\":[{\"@type\":\"SearchAction\",\"target\":{\"@type\":\"EntryPoint\",\"urlTemplate\":\"https:\/\/www.sts-education.com\/it\/?s={search_term_string}\"},\"query-input\":{\"@type\":\"PropertyValueSpecification\",\"valueRequired\":true,\"valueName\":\"search_term_string\"}}],\"inLanguage\":\"it-IT\"},{\"@type\":\"Person\",\"@id\":\"https:\/\/www.sts-education.com\/it\/#\/schema\/person\/8b82f3a2e45f020b8f296d7a85d9a97c\",\"name\":\"syncreadwrite\",\"image\":{\"@type\":\"ImageObject\",\"inLanguage\":\"it-IT\",\"@id\":\"https:\/\/secure.gravatar.com\/avatar\/6ed1007e4f6f43f22e3df41d9fce4365533cba47fef64bb359b8e629abbc2ea6?s=96&d=mm&r=g\",\"url\":\"https:\/\/secure.gravatar.com\/avatar\/6ed1007e4f6f43f22e3df41d9fce4365533cba47fef64bb359b8e629abbc2ea6?s=96&d=mm&r=g\",\"contentUrl\":\"https:\/\/secure.gravatar.com\/avatar\/6ed1007e4f6f43f22e3df41d9fce4365533cba47fef64bb359b8e629abbc2ea6?s=96&d=mm&r=g\",\"caption\":\"syncreadwrite\"},\"url\":\"https:\/\/www.sts-education.com\/it\/author\/syncreadwrite\/\"}]}<\/script>\n<!-- \/ Yoast SEO Premium plugin. -->","yoast_head_json":{"title":"Mirja ha trascorso un anno all'estero in Germania","description":"Era il mio grande sogno vivere in Germania. Si dice che il tedesco sia una delle lingue pi\u00f9 difficili da imparare ed \u00e8 per questo che non molte persone lo parlano.","robots":{"index":"index","follow":"follow","max-snippet":"max-snippet:-1","max-image-preview":"max-image-preview:large","max-video-preview":"max-video-preview:-1"},"canonical":"https:\/\/www.sts-education.com\/it\/high-school\/foto-e-video-dei-nostri-studenti-exchange\/gli-studenti-sts-raccontano\/mirja-ha-trascorso-un-anno-allestero-in-germania\/","og_locale":"it_IT","og_type":"article","og_title":"Mirja Ha Trascorso Un Anno Allestero In Germania","og_description":"Era il mio grande sogno vivere in Germania. Si dice che il tedesco sia una delle lingue pi\u00f9 difficili da imparare ed \u00e8 per questo che non molte persone lo parlano.","og_url":"https:\/\/www.sts-education.com\/it\/high-school\/foto-e-video-dei-nostri-studenti-exchange\/gli-studenti-sts-raccontano\/mirja-ha-trascorso-un-anno-allestero-in-germania\/","og_site_name":"STS Education","article_published_time":"2024-09-02T09:00:00+00:00","article_modified_time":"2026-04-14T10:17:04+00:00","og_image":[{"width":150,"height":150,"url":"https:\/\/powered-by.qbank.se\/educatius\/sts\/\/1344f704baffe0712e9cd1d2131fe26b_1-1-thumb.webp","type":"image\/jpeg"}],"author":"syncreadwrite","twitter_card":"summary_large_image","twitter_misc":{"Scritto da":"syncreadwrite","Tempo di lettura stimato":"2 minuti"},"schema":{"@context":"https:\/\/schema.org","@graph":[{"@type":"Article","@id":"https:\/\/www.sts-education.com\/it\/high-school\/foto-e-video-dei-nostri-studenti-exchange\/gli-studenti-sts-raccontano\/mirja-ha-trascorso-un-anno-allestero-in-germania\/#article","isPartOf":{"@id":"https:\/\/www.sts-education.com\/it\/high-school\/foto-e-video-dei-nostri-studenti-exchange\/gli-studenti-sts-raccontano\/mirja-ha-trascorso-un-anno-allestero-in-germania\/"},"author":{"name":"syncreadwrite","@id":"https:\/\/www.sts-education.com\/it\/#\/schema\/person\/8b82f3a2e45f020b8f296d7a85d9a97c"},"headline":"Mirja Ha Trascorso Un Anno Allestero In Germania","datePublished":"2024-09-02T09:00:00+00:00","dateModified":"2026-04-14T10:17:04+00:00","mainEntityOfPage":{"@id":"https:\/\/www.sts-education.com\/it\/high-school\/foto-e-video-dei-nostri-studenti-exchange\/gli-studenti-sts-raccontano\/mirja-ha-trascorso-un-anno-allestero-in-germania\/"},"wordCount":428,"commentCount":0,"image":{"@id":"https:\/\/www.sts-education.com\/it\/high-school\/foto-e-video-dei-nostri-studenti-exchange\/gli-studenti-sts-raccontano\/mirja-ha-trascorso-un-anno-allestero-in-germania\/#primaryimage"},"thumbnailUrl":"https:\/\/powered-by.qbank.se\/educatius\/sts\/\/1344f704baffe0712e9cd1d2131fe26b_1-1-thumb.webp","keywords":["Germania"],"inLanguage":"it-IT","potentialAction":[{"@type":"CommentAction","name":"Comment","target":["https:\/\/www.sts-education.com\/it\/high-school\/foto-e-video-dei-nostri-studenti-exchange\/gli-studenti-sts-raccontano\/mirja-ha-trascorso-un-anno-allestero-in-germania\/#respond"]}]},{"@type":"WebPage","@id":"https:\/\/www.sts-education.com\/it\/high-school\/foto-e-video-dei-nostri-studenti-exchange\/gli-studenti-sts-raccontano\/mirja-ha-trascorso-un-anno-allestero-in-germania\/","url":"https:\/\/www.sts-education.com\/it\/high-school\/foto-e-video-dei-nostri-studenti-exchange\/gli-studenti-sts-raccontano\/mirja-ha-trascorso-un-anno-allestero-in-germania\/","name":"Mirja ha trascorso un anno all'estero in Germania","isPartOf":{"@id":"https:\/\/www.sts-education.com\/it\/#website"},"primaryImageOfPage":{"@id":"https:\/\/www.sts-education.com\/it\/high-school\/foto-e-video-dei-nostri-studenti-exchange\/gli-studenti-sts-raccontano\/mirja-ha-trascorso-un-anno-allestero-in-germania\/#primaryimage"},"image":{"@id":"https:\/\/www.sts-education.com\/it\/high-school\/foto-e-video-dei-nostri-studenti-exchange\/gli-studenti-sts-raccontano\/mirja-ha-trascorso-un-anno-allestero-in-germania\/#primaryimage"},"thumbnailUrl":"https:\/\/powered-by.qbank.se\/educatius\/sts\/\/1344f704baffe0712e9cd1d2131fe26b_1-1-thumb.webp","datePublished":"2024-09-02T09:00:00+00:00","dateModified":"2026-04-14T10:17:04+00:00","author":{"@id":"https:\/\/www.sts-education.com\/it\/#\/schema\/person\/8b82f3a2e45f020b8f296d7a85d9a97c"},"description":"Era il mio grande sogno vivere in Germania. Si dice che il tedesco sia una delle lingue pi\u00f9 difficili da imparare ed \u00e8 per questo che non molte persone lo parlano.","breadcrumb":{"@id":"https:\/\/www.sts-education.com\/it\/high-school\/foto-e-video-dei-nostri-studenti-exchange\/gli-studenti-sts-raccontano\/mirja-ha-trascorso-un-anno-allestero-in-germania\/#breadcrumb"},"inLanguage":"it-IT","potentialAction":[{"@type":"ReadAction","target":["https:\/\/www.sts-education.com\/it\/high-school\/foto-e-video-dei-nostri-studenti-exchange\/gli-studenti-sts-raccontano\/mirja-ha-trascorso-un-anno-allestero-in-germania\/"]}]},{"@type":"ImageObject","inLanguage":"it-IT","@id":"https:\/\/www.sts-education.com\/it\/high-school\/foto-e-video-dei-nostri-studenti-exchange\/gli-studenti-sts-raccontano\/mirja-ha-trascorso-un-anno-allestero-in-germania\/#primaryimage","url":"https:\/\/powered-by.qbank.se\/educatius\/sts\/\/1344f704baffe0712e9cd1d2131fe26b_1-1-thumb.webp","contentUrl":"https:\/\/powered-by.qbank.se\/educatius\/sts\/\/1344f704baffe0712e9cd1d2131fe26b_1-1-thumb.webp","width":150,"height":150},{"@type":"BreadcrumbList","@id":"https:\/\/www.sts-education.com\/it\/high-school\/foto-e-video-dei-nostri-studenti-exchange\/gli-studenti-sts-raccontano\/mirja-ha-trascorso-un-anno-allestero-in-germania\/#breadcrumb","itemListElement":[{"@type":"ListItem","position":1,"name":"Home","item":"https:\/\/www.sts-education.com\/it\/"},{"@type":"ListItem","position":2,"name":"Mirja Ha Trascorso Un Anno Allestero In Germania"}]},{"@type":"WebSite","@id":"https:\/\/www.sts-education.com\/it\/#website","url":"https:\/\/www.sts-education.com\/it\/","name":"STS Education","description":"","potentialAction":[{"@type":"SearchAction","target":{"@type":"EntryPoint","urlTemplate":"https:\/\/www.sts-education.com\/it\/?s={search_term_string}"},"query-input":{"@type":"PropertyValueSpecification","valueRequired":true,"valueName":"search_term_string"}}],"inLanguage":"it-IT"},{"@type":"Person","@id":"https:\/\/www.sts-education.com\/it\/#\/schema\/person\/8b82f3a2e45f020b8f296d7a85d9a97c","name":"syncreadwrite","image":{"@type":"ImageObject","inLanguage":"it-IT","@id":"https:\/\/secure.gravatar.com\/avatar\/6ed1007e4f6f43f22e3df41d9fce4365533cba47fef64bb359b8e629abbc2ea6?s=96&d=mm&r=g","url":"https:\/\/secure.gravatar.com\/avatar\/6ed1007e4f6f43f22e3df41d9fce4365533cba47fef64bb359b8e629abbc2ea6?s=96&d=mm&r=g","contentUrl":"https:\/\/secure.gravatar.com\/avatar\/6ed1007e4f6f43f22e3df41d9fce4365533cba47fef64bb359b8e629abbc2ea6?s=96&d=mm&r=g","caption":"syncreadwrite"},"url":"https:\/\/www.sts-education.com\/it\/author\/syncreadwrite\/"}]}},"_links":{"self":[{"href":"https:\/\/www.sts-education.com\/it\/wp-json\/wp\/v2\/posts\/11799","targetHints":{"allow":["GET"]}}],"collection":[{"href":"https:\/\/www.sts-education.com\/it\/wp-json\/wp\/v2\/posts"}],"about":[{"href":"https:\/\/www.sts-education.com\/it\/wp-json\/wp\/v2\/types\/post"}],"author":[{"embeddable":true,"href":"https:\/\/www.sts-education.com\/it\/wp-json\/wp\/v2\/users\/20"}],"replies":[{"embeddable":true,"href":"https:\/\/www.sts-education.com\/it\/wp-json\/wp\/v2\/comments?post=11799"}],"version-history":[{"count":4,"href":"https:\/\/www.sts-education.com\/it\/wp-json\/wp\/v2\/posts\/11799\/revisions"}],"predecessor-version":[{"id":34154,"href":"https:\/\/www.sts-education.com\/it\/wp-json\/wp\/v2\/posts\/11799\/revisions\/34154"}],"wp:featuredmedia":[{"embeddable":true,"href":"https:\/\/www.sts-education.com\/it\/wp-json\/wp\/v2\/media\/13748"}],"wp:attachment":[{"href":"https:\/\/www.sts-education.com\/it\/wp-json\/wp\/v2\/media?parent=11799"}],"wp:term":[{"taxonomy":"category","embeddable":true,"href":"https:\/\/www.sts-education.com\/it\/wp-json\/wp\/v2\/categories?post=11799"},{"taxonomy":"post_tag","embeddable":true,"href":"https:\/\/www.sts-education.com\/it\/wp-json\/wp\/v2\/tags?post=11799"},{"taxonomy":"wpw_post_folders","embeddable":true,"href":"https:\/\/www.sts-education.com\/it\/wp-json\/wp\/v2\/wpw_post_folders?post=11799"}],"curies":[{"name":"wp","href":"https:\/\/api.w.org\/{rel}","templated":true}]}}