{"id":11804,"date":"2023-05-02T10:00:00","date_gmt":"2023-05-02T10:00:00","guid":{"rendered":"https:\/\/preprod.sts-education.com\/blog\/2026\/03\/05\/emilia-ha-partecipato-a-un-anno-di-scambio-in-canada\/"},"modified":"2026-04-14T10:17:41","modified_gmt":"2026-04-14T10:17:41","slug":"emilia-ha-partecipato-a-un-anno-di-scambio-in-canada","status":"publish","type":"post","link":"https:\/\/www.sts-education.com\/it\/high-school\/foto-e-video-dei-nostri-studenti-exchange\/gli-studenti-sts-raccontano\/emilia-ha-partecipato-a-un-anno-di-scambio-in-canada\/","title":{"rendered":"Emilia Ha Partecipato A Un Anno Di Scambio In Canada"},"content":{"rendered":"\n<div class=\"wp-block-sts-text sts-text-editor has-max-width-md\"><div class=\"sts-text-editor__content\"><div class=\"sts-text-editor__content-inner\">\n<h1 style=\"text-align:center\">Emilia ha partecipato a un anno di scambio in Canada<\/h1>\n<\/div><\/div><\/div>\n\n\n\n<div class=\"wp-block-sts-text sts-text-editor has-max-width-md\"><div class=\"sts-text-editor__content\"><div class=\"sts-text-editor__content-inner\">\n<p><em>Emilia, austriaca, \u00e8 andata in scambio a Vancouver, in Canada.<\/em><\/p>\n<h2>Perch\u00e9 il Canada e Vancouver?<\/h2>\n<p>Perch\u00e9 \u00e8 la &quot;versione pi\u00f9 grande della mia citt\u00e0 natale in Austria&quot;: mare, laghi, montagne e citt\u00e0 insieme. Il numero di attivit\u00e0 che offre \u00e8 incredibile: sciare, nuotare, giocare a beach volley, fare escursioni ed esplorare vari punti di ristoro e di shopping. \u00c8 stato il luogo ideale per uscire dalla mia zona di comfort e migliorare il mio inglese, anche se questa non era certo la motivazione principale.<\/p>\n<h2>Com&#x27;\u00e8 stato vivere con una famiglia ospitante?<\/h2>\n<p>All&#x27;inizio ho avuto qualche problema con la mia famiglia ospitante, ma si \u00e8 risolto nel giro di poche settimane. Ho avuto modo di vivere con una famiglia meravigliosa e premurosa. All&#x27;inizio sembra difficile integrarsi in una nuova famiglia, ma ne vale la pena. Si creano legami che durano tutta la vita.<\/p>\n<h2>Cosa facevi nel tempo libero? Qualche nuovo hobby?<\/h2>\n<p>Dopo la scuola, uscivo sempre con gli amici ed esploravo i diversi quartieri di Vancouver. Mi sono anche iscritta a un club di pallavolo e ho partecipato a molti tornei fuori Vancouver. Entrare in questo club e far parte di una squadra fantastica e motivata \u00e8 stata una delle migliori opportunit\u00e0 che ho avuto.<\/p>\n<h2>Qual \u00e8 stata una grande sfida per lei? Come l&#x27;ha vinta?<\/h2>\n<p>All&#x27;inizio \u00e8 un po&#x27; difficile costruire relazioni sociali, ma poi si sviluppano. Bisogna solo prendersi il tempo necessario e &quot;fidarsi del processo&quot;. La mia sfida pi\u00f9 grande \u00e8 stata la famiglia ospitante, ma come detto, \u00e8 stata risolta con l&#x27;aiuto del mio coordinatore locale.<\/p>\n<h2>Qual \u00e8 il suo ricordo pi\u00f9 bello?<\/h2>\n<p>I momenti pi\u00f9 belli sono stati quando ho partecipato a un viaggio sulle Montagne Rocciose con molti altri internazionali. Abbiamo esplorato tutti i luoghi turistici pi\u00f9 belli e l\u00ec ho conosciuto persone che mi sono diventate vicine (in quattro giorni!) come se le conoscessi da una vita.<\/p>\n<h2>Puoi consigliare di andarci?<\/h2>\n<p>La mia vita si \u00e8 capovolta per un momento. \u00c8 stato necessario uscire dalla mia zona di comfort. Ma se ci sono riuscita io, potete farlo anche voi! Se avete l&#x27;opportunit\u00e0 e il sostegno dei vostri genitori, andate!<\/p>\n<p>Un consiglio: se ci andate, non dimenticate mai di apprezzarlo. \u00c8 un&#x27;esperienza che non molti hanno la possibilit\u00e0 di fare.<\/p>\n<h2>Pu\u00f2 consigliare uno scambio in Canada?<\/h2>\n<p>S\u00ec! Soprattutto se vi piacciono la natura e lo sci. La gente dice che la natura del Canada \u00e8 incredibile&#8230; non potrebbe avere pi\u00f9 ragione. E con le sue foreste e montagne infinite, lo sci \u00e8 una delle attivit\u00e0 pi\u00f9 belle.<\/p>\n<h2>Il suo consiglio pi\u00f9 importante?<\/h2>\n<p>Anche se si impara molto su nuove persone, su un nuovo stile di vita e ovviamente su una nuova lingua, \u00e8 fondamentale capire che l&#x27;apprendimento pi\u00f9 significativo \u00e8 la capacit\u00e0 di adattarsi agli altri. Nulla accade da solo; \u00e8 vostra responsabilit\u00e0 rendere lo scambio una parte indimenticabile della vostra vita. Non potete aspettarvi che siano gli altri a renderla tale. Non lasciate che i mesi passino, ma comunque darsi del tempo \u00e8 importante, perch\u00e9 si tratta di una sfida immensa.<\/p>\n<h2>Perch\u00e9 ha scelto la STS?<\/h2>\n<p>Ho scelto STS perch\u00e9 \u00e8 un&#x27;azienda che esiste da decenni e ha quindi molta esperienza. Inoltre, offre molti Paesi diversi, il che \u00e8 positivo all&#x27;inizio, se non si ha ancora idea di dove andare. Dalla Costa Rica agli Stati Uniti e all&#x27;Australia si pu\u00f2 trovare di tutto.<\/p>\n<h2>\u00c8 rimasto soddisfatto di STS?<\/h2>\n<p>Per quanto riguarda STS, posso dire con piacere che la scelta di questa organizzazione \u00e8 valsa ogni euro. Dai giorni di preparazione nel mio Paese d&#x27;origine al campo di accoglienza e al supporto locale nel Paese ospitante, tutto ha sempre funzionato bene.<\/p>\n<h2>Quali sono i tuoi principali insegnamenti?<\/h2>\n<p>Sebbene fossi una persona abbastanza estroversa prima di venire qui, posso dire che questo mi ha reso ancora pi\u00f9 estroverso e aperto alle novit\u00e0. Tuttavia, ha anche ampliato i miei orizzonti, poich\u00e9 ho sperimentato lo stile di vita nordamericano, che \u00e8 molto diverso da quello europeo.<\/p>\n<h2>Come influir\u00e0 il tuo scambio sul tuo futuro?<\/h2>\n<p>Torner\u00f2 con la mente aperta. Con la sensazione che il resto del mondo mi stia aspettando per essere esplorato. Che questo \u00e8 solo l&#x27;inizio, la grande apertura.<\/p>\n<h2>Per saperne di pi\u00f9<\/h2>\n<ul><li>Leggi altre storie di <a href=\"https:\/\/www.sts-education.com\/it\/high-school\/foto-e-video-dei-nostri-studenti-exchange\/gli-studenti-sts-raccontano\/?hashtag=Canada\">studenti dalla Canada<\/a><\/li>\n<li>Leggi di pi\u00f9 su un <a href=\"https:\/\/www.sts-education.com\/it\/high-school\/destinazioni\/nord-america\/canada\/\">anno all&#x27;estero in Canada<\/a><\/li>\n<li><span>Guarda tutte le nostre <a href=\"\/it\/high-school\/tripfinder\/\">destinazioni per il tuo anno all&#x27;estero<\/a><\/span><\/li><\/ul>\n<\/div><\/div><\/div>\n","protected":false},"excerpt":{"rendered":"","protected":false},"author":20,"featured_media":13758,"comment_status":"open","ping_status":"open","sticky":false,"template":"","format":"standard","meta":{"_acf_changed":false,"_yoast_wpseo_title":"Emilia ha partecipato a un anno di scambio in Canada","_yoast_wpseo_metadesc":"Perch\u00e9 il Canada e Vancouver? Perch\u00e9 \u00e8 la \"versione pi\u00f9 grande della mia citt\u00e0 natale in Austria\": mare, laghi, montagne e citt\u00e0 insieme.","footnotes":""},"categories":[274],"tags":[957],"wpw_post_folders":[],"class_list":["post-11804","post","type-post","status-publish","format-standard","has-post-thumbnail","hentry","category-senza-categoria","tag-canada"],"acf":[],"yoast_head":"<!-- This site is optimized with the Yoast SEO Premium plugin v27.2 (Yoast SEO v27.2) - https:\/\/yoast.com\/product\/yoast-seo-premium-wordpress\/ -->\n<title>Emilia ha partecipato a un anno di scambio in Canada<\/title>\n<meta name=\"description\" content=\"Perch\u00e9 il Canada e Vancouver? Perch\u00e9 \u00e8 la &quot;versione pi\u00f9 grande della mia citt\u00e0 natale in Austria&quot;: mare, laghi, montagne e citt\u00e0 insieme.\" \/>\n<meta name=\"robots\" content=\"index, follow, max-snippet:-1, max-image-preview:large, max-video-preview:-1\" \/>\n<link rel=\"canonical\" href=\"https:\/\/www.sts-education.com\/it\/high-school\/foto-e-video-dei-nostri-studenti-exchange\/gli-studenti-sts-raccontano\/emilia-ha-partecipato-a-un-anno-di-scambio-in-canada\/\" \/>\n<meta property=\"og:locale\" content=\"it_IT\" \/>\n<meta property=\"og:type\" content=\"article\" \/>\n<meta property=\"og:title\" content=\"Emilia Ha Partecipato A Un Anno Di Scambio In Canada\" \/>\n<meta property=\"og:description\" content=\"Perch\u00e9 il Canada e Vancouver? Perch\u00e9 \u00e8 la &quot;versione pi\u00f9 grande della mia citt\u00e0 natale in Austria&quot;: mare, laghi, montagne e citt\u00e0 insieme.\" \/>\n<meta property=\"og:url\" content=\"https:\/\/www.sts-education.com\/it\/high-school\/foto-e-video-dei-nostri-studenti-exchange\/gli-studenti-sts-raccontano\/emilia-ha-partecipato-a-un-anno-di-scambio-in-canada\/\" \/>\n<meta property=\"og:site_name\" content=\"STS Education\" \/>\n<meta property=\"article:published_time\" content=\"2023-05-02T10:00:00+00:00\" \/>\n<meta property=\"article:modified_time\" content=\"2026-04-14T10:17:41+00:00\" \/>\n<meta property=\"og:image\" content=\"https:\/\/powered-by.qbank.se\/educatius\/sts\/\/2daf64162521b454bbf048f88fecc0a5_1-1-thumb.webp\" \/>\n\t<meta property=\"og:image:width\" content=\"150\" \/>\n\t<meta property=\"og:image:height\" content=\"150\" \/>\n\t<meta property=\"og:image:type\" content=\"image\/jpeg\" \/>\n<meta name=\"author\" content=\"syncreadwrite\" \/>\n<meta name=\"twitter:card\" content=\"summary_large_image\" \/>\n<meta name=\"twitter:label1\" content=\"Scritto da\" \/>\n\t<meta name=\"twitter:data1\" content=\"syncreadwrite\" \/>\n\t<meta name=\"twitter:label2\" content=\"Tempo di lettura stimato\" \/>\n\t<meta name=\"twitter:data2\" content=\"4 minuti\" \/>\n<script type=\"application\/ld+json\" class=\"yoast-schema-graph\">{\"@context\":\"https:\/\/schema.org\",\"@graph\":[{\"@type\":\"Article\",\"@id\":\"https:\/\/www.sts-education.com\/it\/high-school\/foto-e-video-dei-nostri-studenti-exchange\/gli-studenti-sts-raccontano\/emilia-ha-partecipato-a-un-anno-di-scambio-in-canada\/#article\",\"isPartOf\":{\"@id\":\"https:\/\/www.sts-education.com\/it\/high-school\/foto-e-video-dei-nostri-studenti-exchange\/gli-studenti-sts-raccontano\/emilia-ha-partecipato-a-un-anno-di-scambio-in-canada\/\"},\"author\":{\"name\":\"syncreadwrite\",\"@id\":\"https:\/\/www.sts-education.com\/it\/#\/schema\/person\/8b82f3a2e45f020b8f296d7a85d9a97c\"},\"headline\":\"Emilia Ha Partecipato A Un Anno Di Scambio In Canada\",\"datePublished\":\"2023-05-02T10:00:00+00:00\",\"dateModified\":\"2026-04-14T10:17:41+00:00\",\"mainEntityOfPage\":{\"@id\":\"https:\/\/www.sts-education.com\/it\/high-school\/foto-e-video-dei-nostri-studenti-exchange\/gli-studenti-sts-raccontano\/emilia-ha-partecipato-a-un-anno-di-scambio-in-canada\/\"},\"wordCount\":753,\"commentCount\":0,\"image\":{\"@id\":\"https:\/\/www.sts-education.com\/it\/high-school\/foto-e-video-dei-nostri-studenti-exchange\/gli-studenti-sts-raccontano\/emilia-ha-partecipato-a-un-anno-di-scambio-in-canada\/#primaryimage\"},\"thumbnailUrl\":\"https:\/\/powered-by.qbank.se\/educatius\/sts\/\/2daf64162521b454bbf048f88fecc0a5_1-1-thumb.webp\",\"keywords\":[\"Canada\"],\"inLanguage\":\"it-IT\",\"potentialAction\":[{\"@type\":\"CommentAction\",\"name\":\"Comment\",\"target\":[\"https:\/\/www.sts-education.com\/it\/high-school\/foto-e-video-dei-nostri-studenti-exchange\/gli-studenti-sts-raccontano\/emilia-ha-partecipato-a-un-anno-di-scambio-in-canada\/#respond\"]}]},{\"@type\":\"WebPage\",\"@id\":\"https:\/\/www.sts-education.com\/it\/high-school\/foto-e-video-dei-nostri-studenti-exchange\/gli-studenti-sts-raccontano\/emilia-ha-partecipato-a-un-anno-di-scambio-in-canada\/\",\"url\":\"https:\/\/www.sts-education.com\/it\/high-school\/foto-e-video-dei-nostri-studenti-exchange\/gli-studenti-sts-raccontano\/emilia-ha-partecipato-a-un-anno-di-scambio-in-canada\/\",\"name\":\"Emilia ha partecipato a un anno di scambio in Canada\",\"isPartOf\":{\"@id\":\"https:\/\/www.sts-education.com\/it\/#website\"},\"primaryImageOfPage\":{\"@id\":\"https:\/\/www.sts-education.com\/it\/high-school\/foto-e-video-dei-nostri-studenti-exchange\/gli-studenti-sts-raccontano\/emilia-ha-partecipato-a-un-anno-di-scambio-in-canada\/#primaryimage\"},\"image\":{\"@id\":\"https:\/\/www.sts-education.com\/it\/high-school\/foto-e-video-dei-nostri-studenti-exchange\/gli-studenti-sts-raccontano\/emilia-ha-partecipato-a-un-anno-di-scambio-in-canada\/#primaryimage\"},\"thumbnailUrl\":\"https:\/\/powered-by.qbank.se\/educatius\/sts\/\/2daf64162521b454bbf048f88fecc0a5_1-1-thumb.webp\",\"datePublished\":\"2023-05-02T10:00:00+00:00\",\"dateModified\":\"2026-04-14T10:17:41+00:00\",\"author\":{\"@id\":\"https:\/\/www.sts-education.com\/it\/#\/schema\/person\/8b82f3a2e45f020b8f296d7a85d9a97c\"},\"description\":\"Perch\u00e9 il Canada e Vancouver? Perch\u00e9 \u00e8 la \\\"versione pi\u00f9 grande della mia citt\u00e0 natale in Austria\\\": mare, laghi, montagne e citt\u00e0 insieme.\",\"breadcrumb\":{\"@id\":\"https:\/\/www.sts-education.com\/it\/high-school\/foto-e-video-dei-nostri-studenti-exchange\/gli-studenti-sts-raccontano\/emilia-ha-partecipato-a-un-anno-di-scambio-in-canada\/#breadcrumb\"},\"inLanguage\":\"it-IT\",\"potentialAction\":[{\"@type\":\"ReadAction\",\"target\":[\"https:\/\/www.sts-education.com\/it\/high-school\/foto-e-video-dei-nostri-studenti-exchange\/gli-studenti-sts-raccontano\/emilia-ha-partecipato-a-un-anno-di-scambio-in-canada\/\"]}]},{\"@type\":\"ImageObject\",\"inLanguage\":\"it-IT\",\"@id\":\"https:\/\/www.sts-education.com\/it\/high-school\/foto-e-video-dei-nostri-studenti-exchange\/gli-studenti-sts-raccontano\/emilia-ha-partecipato-a-un-anno-di-scambio-in-canada\/#primaryimage\",\"url\":\"https:\/\/powered-by.qbank.se\/educatius\/sts\/\/2daf64162521b454bbf048f88fecc0a5_1-1-thumb.webp\",\"contentUrl\":\"https:\/\/powered-by.qbank.se\/educatius\/sts\/\/2daf64162521b454bbf048f88fecc0a5_1-1-thumb.webp\",\"width\":150,\"height\":150},{\"@type\":\"BreadcrumbList\",\"@id\":\"https:\/\/www.sts-education.com\/it\/high-school\/foto-e-video-dei-nostri-studenti-exchange\/gli-studenti-sts-raccontano\/emilia-ha-partecipato-a-un-anno-di-scambio-in-canada\/#breadcrumb\",\"itemListElement\":[{\"@type\":\"ListItem\",\"position\":1,\"name\":\"Home\",\"item\":\"https:\/\/www.sts-education.com\/it\/\"},{\"@type\":\"ListItem\",\"position\":2,\"name\":\"Emilia Ha Partecipato A Un Anno Di Scambio In Canada\"}]},{\"@type\":\"WebSite\",\"@id\":\"https:\/\/www.sts-education.com\/it\/#website\",\"url\":\"https:\/\/www.sts-education.com\/it\/\",\"name\":\"STS Education\",\"description\":\"\",\"potentialAction\":[{\"@type\":\"SearchAction\",\"target\":{\"@type\":\"EntryPoint\",\"urlTemplate\":\"https:\/\/www.sts-education.com\/it\/?s={search_term_string}\"},\"query-input\":{\"@type\":\"PropertyValueSpecification\",\"valueRequired\":true,\"valueName\":\"search_term_string\"}}],\"inLanguage\":\"it-IT\"},{\"@type\":\"Person\",\"@id\":\"https:\/\/www.sts-education.com\/it\/#\/schema\/person\/8b82f3a2e45f020b8f296d7a85d9a97c\",\"name\":\"syncreadwrite\",\"image\":{\"@type\":\"ImageObject\",\"inLanguage\":\"it-IT\",\"@id\":\"https:\/\/secure.gravatar.com\/avatar\/6ed1007e4f6f43f22e3df41d9fce4365533cba47fef64bb359b8e629abbc2ea6?s=96&d=mm&r=g\",\"url\":\"https:\/\/secure.gravatar.com\/avatar\/6ed1007e4f6f43f22e3df41d9fce4365533cba47fef64bb359b8e629abbc2ea6?s=96&d=mm&r=g\",\"contentUrl\":\"https:\/\/secure.gravatar.com\/avatar\/6ed1007e4f6f43f22e3df41d9fce4365533cba47fef64bb359b8e629abbc2ea6?s=96&d=mm&r=g\",\"caption\":\"syncreadwrite\"},\"url\":\"https:\/\/www.sts-education.com\/it\/author\/syncreadwrite\/\"}]}<\/script>\n<!-- \/ Yoast SEO Premium plugin. -->","yoast_head_json":{"title":"Emilia ha partecipato a un anno di scambio in Canada","description":"Perch\u00e9 il Canada e Vancouver? Perch\u00e9 \u00e8 la \"versione pi\u00f9 grande della mia citt\u00e0 natale in Austria\": mare, laghi, montagne e citt\u00e0 insieme.","robots":{"index":"index","follow":"follow","max-snippet":"max-snippet:-1","max-image-preview":"max-image-preview:large","max-video-preview":"max-video-preview:-1"},"canonical":"https:\/\/www.sts-education.com\/it\/high-school\/foto-e-video-dei-nostri-studenti-exchange\/gli-studenti-sts-raccontano\/emilia-ha-partecipato-a-un-anno-di-scambio-in-canada\/","og_locale":"it_IT","og_type":"article","og_title":"Emilia Ha Partecipato A Un Anno Di Scambio In Canada","og_description":"Perch\u00e9 il Canada e Vancouver? Perch\u00e9 \u00e8 la \"versione pi\u00f9 grande della mia citt\u00e0 natale in Austria\": mare, laghi, montagne e citt\u00e0 insieme.","og_url":"https:\/\/www.sts-education.com\/it\/high-school\/foto-e-video-dei-nostri-studenti-exchange\/gli-studenti-sts-raccontano\/emilia-ha-partecipato-a-un-anno-di-scambio-in-canada\/","og_site_name":"STS Education","article_published_time":"2023-05-02T10:00:00+00:00","article_modified_time":"2026-04-14T10:17:41+00:00","og_image":[{"width":150,"height":150,"url":"https:\/\/powered-by.qbank.se\/educatius\/sts\/\/2daf64162521b454bbf048f88fecc0a5_1-1-thumb.webp","type":"image\/jpeg"}],"author":"syncreadwrite","twitter_card":"summary_large_image","twitter_misc":{"Scritto da":"syncreadwrite","Tempo di lettura stimato":"4 minuti"},"schema":{"@context":"https:\/\/schema.org","@graph":[{"@type":"Article","@id":"https:\/\/www.sts-education.com\/it\/high-school\/foto-e-video-dei-nostri-studenti-exchange\/gli-studenti-sts-raccontano\/emilia-ha-partecipato-a-un-anno-di-scambio-in-canada\/#article","isPartOf":{"@id":"https:\/\/www.sts-education.com\/it\/high-school\/foto-e-video-dei-nostri-studenti-exchange\/gli-studenti-sts-raccontano\/emilia-ha-partecipato-a-un-anno-di-scambio-in-canada\/"},"author":{"name":"syncreadwrite","@id":"https:\/\/www.sts-education.com\/it\/#\/schema\/person\/8b82f3a2e45f020b8f296d7a85d9a97c"},"headline":"Emilia Ha Partecipato A Un Anno Di Scambio In Canada","datePublished":"2023-05-02T10:00:00+00:00","dateModified":"2026-04-14T10:17:41+00:00","mainEntityOfPage":{"@id":"https:\/\/www.sts-education.com\/it\/high-school\/foto-e-video-dei-nostri-studenti-exchange\/gli-studenti-sts-raccontano\/emilia-ha-partecipato-a-un-anno-di-scambio-in-canada\/"},"wordCount":753,"commentCount":0,"image":{"@id":"https:\/\/www.sts-education.com\/it\/high-school\/foto-e-video-dei-nostri-studenti-exchange\/gli-studenti-sts-raccontano\/emilia-ha-partecipato-a-un-anno-di-scambio-in-canada\/#primaryimage"},"thumbnailUrl":"https:\/\/powered-by.qbank.se\/educatius\/sts\/\/2daf64162521b454bbf048f88fecc0a5_1-1-thumb.webp","keywords":["Canada"],"inLanguage":"it-IT","potentialAction":[{"@type":"CommentAction","name":"Comment","target":["https:\/\/www.sts-education.com\/it\/high-school\/foto-e-video-dei-nostri-studenti-exchange\/gli-studenti-sts-raccontano\/emilia-ha-partecipato-a-un-anno-di-scambio-in-canada\/#respond"]}]},{"@type":"WebPage","@id":"https:\/\/www.sts-education.com\/it\/high-school\/foto-e-video-dei-nostri-studenti-exchange\/gli-studenti-sts-raccontano\/emilia-ha-partecipato-a-un-anno-di-scambio-in-canada\/","url":"https:\/\/www.sts-education.com\/it\/high-school\/foto-e-video-dei-nostri-studenti-exchange\/gli-studenti-sts-raccontano\/emilia-ha-partecipato-a-un-anno-di-scambio-in-canada\/","name":"Emilia ha partecipato a un anno di scambio in Canada","isPartOf":{"@id":"https:\/\/www.sts-education.com\/it\/#website"},"primaryImageOfPage":{"@id":"https:\/\/www.sts-education.com\/it\/high-school\/foto-e-video-dei-nostri-studenti-exchange\/gli-studenti-sts-raccontano\/emilia-ha-partecipato-a-un-anno-di-scambio-in-canada\/#primaryimage"},"image":{"@id":"https:\/\/www.sts-education.com\/it\/high-school\/foto-e-video-dei-nostri-studenti-exchange\/gli-studenti-sts-raccontano\/emilia-ha-partecipato-a-un-anno-di-scambio-in-canada\/#primaryimage"},"thumbnailUrl":"https:\/\/powered-by.qbank.se\/educatius\/sts\/\/2daf64162521b454bbf048f88fecc0a5_1-1-thumb.webp","datePublished":"2023-05-02T10:00:00+00:00","dateModified":"2026-04-14T10:17:41+00:00","author":{"@id":"https:\/\/www.sts-education.com\/it\/#\/schema\/person\/8b82f3a2e45f020b8f296d7a85d9a97c"},"description":"Perch\u00e9 il Canada e Vancouver? Perch\u00e9 \u00e8 la \"versione pi\u00f9 grande della mia citt\u00e0 natale in Austria\": mare, laghi, montagne e citt\u00e0 insieme.","breadcrumb":{"@id":"https:\/\/www.sts-education.com\/it\/high-school\/foto-e-video-dei-nostri-studenti-exchange\/gli-studenti-sts-raccontano\/emilia-ha-partecipato-a-un-anno-di-scambio-in-canada\/#breadcrumb"},"inLanguage":"it-IT","potentialAction":[{"@type":"ReadAction","target":["https:\/\/www.sts-education.com\/it\/high-school\/foto-e-video-dei-nostri-studenti-exchange\/gli-studenti-sts-raccontano\/emilia-ha-partecipato-a-un-anno-di-scambio-in-canada\/"]}]},{"@type":"ImageObject","inLanguage":"it-IT","@id":"https:\/\/www.sts-education.com\/it\/high-school\/foto-e-video-dei-nostri-studenti-exchange\/gli-studenti-sts-raccontano\/emilia-ha-partecipato-a-un-anno-di-scambio-in-canada\/#primaryimage","url":"https:\/\/powered-by.qbank.se\/educatius\/sts\/\/2daf64162521b454bbf048f88fecc0a5_1-1-thumb.webp","contentUrl":"https:\/\/powered-by.qbank.se\/educatius\/sts\/\/2daf64162521b454bbf048f88fecc0a5_1-1-thumb.webp","width":150,"height":150},{"@type":"BreadcrumbList","@id":"https:\/\/www.sts-education.com\/it\/high-school\/foto-e-video-dei-nostri-studenti-exchange\/gli-studenti-sts-raccontano\/emilia-ha-partecipato-a-un-anno-di-scambio-in-canada\/#breadcrumb","itemListElement":[{"@type":"ListItem","position":1,"name":"Home","item":"https:\/\/www.sts-education.com\/it\/"},{"@type":"ListItem","position":2,"name":"Emilia Ha Partecipato A Un Anno Di Scambio In Canada"}]},{"@type":"WebSite","@id":"https:\/\/www.sts-education.com\/it\/#website","url":"https:\/\/www.sts-education.com\/it\/","name":"STS Education","description":"","potentialAction":[{"@type":"SearchAction","target":{"@type":"EntryPoint","urlTemplate":"https:\/\/www.sts-education.com\/it\/?s={search_term_string}"},"query-input":{"@type":"PropertyValueSpecification","valueRequired":true,"valueName":"search_term_string"}}],"inLanguage":"it-IT"},{"@type":"Person","@id":"https:\/\/www.sts-education.com\/it\/#\/schema\/person\/8b82f3a2e45f020b8f296d7a85d9a97c","name":"syncreadwrite","image":{"@type":"ImageObject","inLanguage":"it-IT","@id":"https:\/\/secure.gravatar.com\/avatar\/6ed1007e4f6f43f22e3df41d9fce4365533cba47fef64bb359b8e629abbc2ea6?s=96&d=mm&r=g","url":"https:\/\/secure.gravatar.com\/avatar\/6ed1007e4f6f43f22e3df41d9fce4365533cba47fef64bb359b8e629abbc2ea6?s=96&d=mm&r=g","contentUrl":"https:\/\/secure.gravatar.com\/avatar\/6ed1007e4f6f43f22e3df41d9fce4365533cba47fef64bb359b8e629abbc2ea6?s=96&d=mm&r=g","caption":"syncreadwrite"},"url":"https:\/\/www.sts-education.com\/it\/author\/syncreadwrite\/"}]}},"_links":{"self":[{"href":"https:\/\/www.sts-education.com\/it\/wp-json\/wp\/v2\/posts\/11804","targetHints":{"allow":["GET"]}}],"collection":[{"href":"https:\/\/www.sts-education.com\/it\/wp-json\/wp\/v2\/posts"}],"about":[{"href":"https:\/\/www.sts-education.com\/it\/wp-json\/wp\/v2\/types\/post"}],"author":[{"embeddable":true,"href":"https:\/\/www.sts-education.com\/it\/wp-json\/wp\/v2\/users\/20"}],"replies":[{"embeddable":true,"href":"https:\/\/www.sts-education.com\/it\/wp-json\/wp\/v2\/comments?post=11804"}],"version-history":[{"count":4,"href":"https:\/\/www.sts-education.com\/it\/wp-json\/wp\/v2\/posts\/11804\/revisions"}],"predecessor-version":[{"id":34180,"href":"https:\/\/www.sts-education.com\/it\/wp-json\/wp\/v2\/posts\/11804\/revisions\/34180"}],"wp:featuredmedia":[{"embeddable":true,"href":"https:\/\/www.sts-education.com\/it\/wp-json\/wp\/v2\/media\/13758"}],"wp:attachment":[{"href":"https:\/\/www.sts-education.com\/it\/wp-json\/wp\/v2\/media?parent=11804"}],"wp:term":[{"taxonomy":"category","embeddable":true,"href":"https:\/\/www.sts-education.com\/it\/wp-json\/wp\/v2\/categories?post=11804"},{"taxonomy":"post_tag","embeddable":true,"href":"https:\/\/www.sts-education.com\/it\/wp-json\/wp\/v2\/tags?post=11804"},{"taxonomy":"wpw_post_folders","embeddable":true,"href":"https:\/\/www.sts-education.com\/it\/wp-json\/wp\/v2\/wpw_post_folders?post=11804"}],"curies":[{"name":"wp","href":"https:\/\/api.w.org\/{rel}","templated":true}]}}