{"id":11805,"date":"2023-05-02T10:00:00","date_gmt":"2023-05-02T10:00:00","guid":{"rendered":"https:\/\/preprod.sts-education.com\/blog\/2026\/03\/05\/vittoria-era-in-scambio-scolastico-in-germania\/"},"modified":"2026-04-14T10:17:40","modified_gmt":"2026-04-14T10:17:40","slug":"vittoria-era-in-scambio-scolastico-in-germania","status":"publish","type":"post","link":"https:\/\/www.sts-education.com\/it\/high-school\/foto-e-video-dei-nostri-studenti-exchange\/gli-studenti-sts-raccontano\/vittoria-era-in-scambio-scolastico-in-germania\/","title":{"rendered":"Vittoria Era In Scambio Scolastico In Germania"},"content":{"rendered":"\n<div class=\"wp-block-sts-text sts-text-editor has-max-width-md\"><div class=\"sts-text-editor__content\"><div class=\"sts-text-editor__content-inner\">\n<h1 style=\"text-align:center\">Vittoria era in scambio scolastico in Germania<\/h1>\n<\/div><\/div><\/div>\n\n\n\n<div class=\"wp-block-sts-text sts-text-editor has-max-width-md\"><div class=\"sts-text-editor__content\"><div class=\"sts-text-editor__content-inner\">\n<p><em>Vittoria, dall&#x27;Italia, ha trascorso il suo scambio in Germania.<\/em><\/p>\n<h2>Dove sei stata?<\/h2>\n<p>Ho trascorso 11 mesi a Starnberg, una piccola citt\u00e0 a 30 minuti da Monaco, in Baviera. Questa esperienza \u00e8 stata la migliore della mia vita finora.<\/p>\n<h2>Perch\u00e9 la Germania?<\/h2>\n<p>Frequento un liceo linguistico e quando ho scelto la Germania, studiavo gi\u00e0 il tedesco da tre anni. Non ero molto brava in tedesco, non mi piaceva affatto. Quindi, ho pensato che il modo migliore per superare questo ostacolo fosse andare l\u00ec e migliorare la lingua.<\/p>\n<h2>Com&#x27;\u00e8 stato vivere con una famiglia ospitante?<\/h2>\n<p>La mia esperienza con la famiglia ospitante \u00e8 stata speciale. In effetti, ho avuto due famiglie ospitanti. Dopo i primi tre mesi insieme, io e la mia prima famiglia ospitante ci siamo resi conto che non era il giusto abbinamento. Nel giro di due settimane STS \u00e8 riuscita a trovarmi una seconda famiglia ospitante: la migliore che abbia mai incontrato! Con loro ho fatto tante nuove esperienze. Ho sciato per la prima volta in vita mia, mi hanno fatto visitare Monaco e molti altri posti in Germania. Vivere in una famiglia diversa dalla propria pu\u00f2 essere difficile all&#x27;inizio, ma con il tempo ci si conosce e si instaura un vero rapporto di fiducia e affetto. Ora sono in ottimi rapporti con entrambe le famiglie e sono anche andata a trovarle dopo il mio anno all&#x27;estero.<\/p>\n<h2>\u00c8 stato facile o difficile trovare amici?<\/h2>\n<p>Come la mia famiglia ospitante, anche i miei amici sono stati una parte fondamentale di questo anno all&#x27;estero. Non ho avuto particolari problemi a fare amicizia; sono una persona molto estroversa e sempre aperta a nuove amicizie. Sono stata anche fortunata perch\u00e9 le persone che ho incontrato sono state molto amichevoli fin dall&#x27;inizio. Mi hanno aiutato a integrarmi a scuola e soprattutto durante le lezioni, mi hanno davvero incoraggiato a parlare tedesco e a imparare questa lingua che per me \u00e8 sempre stata terribile.<\/p>\n<h2>Com&#x27;era la scuola?<\/h2>\n<p>Il sistema \u00e8 molto diverso da quello a cui sono abituata in Italia. Era una scuola super organizzata. Mi ha dato la possibilit\u00e0 di fare tante attivit\u00e0: diversi sport, corsi di lingua, laboratori pratici di giornalismo, fotografia, arte, matematica e geografia, la possibilit\u00e0 di esibirmi al concerto di fine anno partecipando a lezioni di canto e di musica, e tanto altro ancora! Ho partecipato al corso di giornalismo e al corso di fotografia, e ho preso parte anche a lezioni di pallavolo e di danza.<\/p>\n<h2>Qual \u00e8 il tuo ricordo pi\u00f9 bello?<\/h2>\n<p>Se dovessi parlare dei ricordi pi\u00f9 belli del mio anno all&#x27;estero, dovrei fare una lista molto lunga. Potrei parlare della gita scolastica a Berlino con la mia classe, della vacanza a Berlino con la mia famiglia ospitante o del campo STS a Parigi. Uno dei momenti che mi \u00e8 rimasto pi\u00f9 nel cuore \u00e8 stato il mio 18\u00b0 compleanno. Ero un po&#x27; triste perch\u00e9 in Italia \u00e8 una festa molto importante e mi mancavano i miei amici e soprattutto la mia famiglia. Ma grazie ai miei amici e alla mia fantastica famiglia ospitante, ho avuto la festa di compleanno che avevo sempre desiderato con le persone a cui tenevo di pi\u00f9.<\/p>\n<h2>Che impatto avr\u00e0 il tuo scambio sul tuo futuro?<\/h2>\n<p>Grazie a questo anno all&#x27;estero, ho riscoperto me stessa e ho capito cosa voglio fare nel mio futuro. Quando sono tornata dalla Germania, ho iniziato l&#x27;ultimo anno di liceo, ho preso i certificati di lingua tedesca B1 e B2 con il Goethe Institute e tra meno di due mesi mi diplomer\u00f2. A settembre torner\u00f2 in Germania, dove trascorrer\u00f2 un anno come ragazza alla pari. Nel frattempo, studier\u00f2 per ottenere il certificato di tedesco C1, che mi aiuter\u00e0 a entrare nell&#x27;universit\u00e0 che vorrei frequentare a Monaco. Sono molto determinata a raggiungere questo obiettivo e se sono arrivata a questo punto \u00e8 soprattutto grazie alla mia famiglia e a tutto il personale di STS che ha realizzato il mio sogno pi\u00f9 grande e mi ha sempre sostenuto.<\/p>\n<h2>Il suo consiglio pi\u00f9 importante?<\/h2>\n<ol><li>\u00c8 un&#x27;esperienza che capita una volta nella vita, quindi fatela! Non abbiate paura, prendete quell&#x27;aereo e inseguite il vostro sogno. Vi far\u00e0 crescere, diventerete pi\u00f9 maturi e responsabili, imparerete a vivere e rispettare abitudini e tradizioni diverse dalle vostre, avrete una seconda famiglia e vi farete tanti nuovi amici. Ora sono innamorata della Germania e mi manca ogni giorno di pi\u00f9 da quando sono partita.<\/li>\n<li>Consiglio vivamente ai futuri studenti di scambio di partecipare attivamente alle attivit\u00e0 scolastiche, soprattutto se il rendimento scolastico non pu\u00f2 essere elevato a causa delle difficolt\u00e0 linguistiche. La partecipazione e l&#x27;interesse saranno sicuramente apprezzati e premiati!<\/li>\n<li>Non vedete la fine del vostro anno di scambio come una cosa triste, ma piuttosto fate tesoro di questa esperienza che vi aprir\u00e0 sicuramente molte opportunit\u00e0 in futuro!<\/li><\/ol>\n<h2>Per saperne di pi\u00f9<\/h2>\n<ul><li>Leggi altre storie di <a href=\"https:\/\/www.sts-education.com\/it\/high-school\/foto-e-video-dei-nostri-studenti-exchange\/gli-studenti-sts-raccontano\/?hashtag=Germania\">studenti dalla Germania<\/a><\/li>\n<li>Leggi di pi\u00f9 su un <a href=\"https:\/\/www.sts-education.com\/it\/high-school\/destinazioni\/europa\/germania\/\">anno all&#x27;estero in Germania<\/a><\/li>\n<li><span>Guarda tutte le nostre <a href=\"\/it\/high-school\/tripfinder\/\">destinazioni per il tuo anno all&#x27;estero<\/a><\/span><\/li><\/ul>\n<\/div><\/div><\/div>\n","protected":false},"excerpt":{"rendered":"","protected":false},"author":20,"featured_media":13760,"comment_status":"open","ping_status":"open","sticky":false,"template":"","format":"standard","meta":{"_acf_changed":false,"_yoast_wpseo_title":"Vittoria era in scambio scolastico in Germania","_yoast_wpseo_metadesc":"Ho trascorso 11 mesi a Starnberg, una piccola citt\u00e0 a 30 minuti da Monaco, in Baviera. Questa esperienza \u00e8 stata la migliore della mia vita finora.","footnotes":""},"categories":[274],"tags":[963],"wpw_post_folders":[],"class_list":["post-11805","post","type-post","status-publish","format-standard","has-post-thumbnail","hentry","category-senza-categoria","tag-germania"],"acf":[],"yoast_head":"<!-- This site is optimized with the Yoast SEO Premium plugin v27.2 (Yoast SEO v27.2) - https:\/\/yoast.com\/product\/yoast-seo-premium-wordpress\/ -->\n<title>Vittoria era in scambio scolastico in Germania<\/title>\n<meta name=\"description\" content=\"Ho trascorso 11 mesi a Starnberg, una piccola citt\u00e0 a 30 minuti da Monaco, in Baviera. Questa esperienza \u00e8 stata la migliore della mia vita finora.\" \/>\n<meta name=\"robots\" content=\"index, follow, max-snippet:-1, max-image-preview:large, max-video-preview:-1\" \/>\n<link rel=\"canonical\" href=\"https:\/\/www.sts-education.com\/it\/high-school\/foto-e-video-dei-nostri-studenti-exchange\/gli-studenti-sts-raccontano\/vittoria-era-in-scambio-scolastico-in-germania\/\" \/>\n<meta property=\"og:locale\" content=\"it_IT\" \/>\n<meta property=\"og:type\" content=\"article\" \/>\n<meta property=\"og:title\" content=\"Vittoria Era In Scambio Scolastico In Germania\" \/>\n<meta property=\"og:description\" content=\"Ho trascorso 11 mesi a Starnberg, una piccola citt\u00e0 a 30 minuti da Monaco, in Baviera. Questa esperienza \u00e8 stata la migliore della mia vita finora.\" \/>\n<meta property=\"og:url\" content=\"https:\/\/www.sts-education.com\/it\/high-school\/foto-e-video-dei-nostri-studenti-exchange\/gli-studenti-sts-raccontano\/vittoria-era-in-scambio-scolastico-in-germania\/\" \/>\n<meta property=\"og:site_name\" content=\"STS Education\" \/>\n<meta property=\"article:published_time\" content=\"2023-05-02T10:00:00+00:00\" \/>\n<meta property=\"article:modified_time\" content=\"2026-04-14T10:17:40+00:00\" \/>\n<meta property=\"og:image\" content=\"https:\/\/powered-by.qbank.se\/educatius\/sts\/\/ca9fb1d01fb6c899ef4095abc2d3ea13_1-1-thumb.webp\" \/>\n\t<meta property=\"og:image:width\" content=\"150\" \/>\n\t<meta property=\"og:image:height\" content=\"150\" \/>\n\t<meta property=\"og:image:type\" content=\"image\/jpeg\" \/>\n<meta name=\"author\" content=\"syncreadwrite\" \/>\n<meta name=\"twitter:card\" content=\"summary_large_image\" \/>\n<meta name=\"twitter:label1\" content=\"Scritto da\" \/>\n\t<meta name=\"twitter:data1\" content=\"syncreadwrite\" \/>\n\t<meta name=\"twitter:label2\" content=\"Tempo di lettura stimato\" \/>\n\t<meta name=\"twitter:data2\" content=\"4 minuti\" \/>\n<script type=\"application\/ld+json\" class=\"yoast-schema-graph\">{\"@context\":\"https:\/\/schema.org\",\"@graph\":[{\"@type\":\"Article\",\"@id\":\"https:\/\/www.sts-education.com\/it\/high-school\/foto-e-video-dei-nostri-studenti-exchange\/gli-studenti-sts-raccontano\/vittoria-era-in-scambio-scolastico-in-germania\/#article\",\"isPartOf\":{\"@id\":\"https:\/\/www.sts-education.com\/it\/high-school\/foto-e-video-dei-nostri-studenti-exchange\/gli-studenti-sts-raccontano\/vittoria-era-in-scambio-scolastico-in-germania\/\"},\"author\":{\"name\":\"syncreadwrite\",\"@id\":\"https:\/\/www.sts-education.com\/it\/#\/schema\/person\/8b82f3a2e45f020b8f296d7a85d9a97c\"},\"headline\":\"Vittoria Era In Scambio Scolastico In Germania\",\"datePublished\":\"2023-05-02T10:00:00+00:00\",\"dateModified\":\"2026-04-14T10:17:40+00:00\",\"mainEntityOfPage\":{\"@id\":\"https:\/\/www.sts-education.com\/it\/high-school\/foto-e-video-dei-nostri-studenti-exchange\/gli-studenti-sts-raccontano\/vittoria-era-in-scambio-scolastico-in-germania\/\"},\"wordCount\":854,\"commentCount\":0,\"image\":{\"@id\":\"https:\/\/www.sts-education.com\/it\/high-school\/foto-e-video-dei-nostri-studenti-exchange\/gli-studenti-sts-raccontano\/vittoria-era-in-scambio-scolastico-in-germania\/#primaryimage\"},\"thumbnailUrl\":\"https:\/\/powered-by.qbank.se\/educatius\/sts\/\/ca9fb1d01fb6c899ef4095abc2d3ea13_1-1-thumb.webp\",\"keywords\":[\"Germania\"],\"inLanguage\":\"it-IT\",\"potentialAction\":[{\"@type\":\"CommentAction\",\"name\":\"Comment\",\"target\":[\"https:\/\/www.sts-education.com\/it\/high-school\/foto-e-video-dei-nostri-studenti-exchange\/gli-studenti-sts-raccontano\/vittoria-era-in-scambio-scolastico-in-germania\/#respond\"]}]},{\"@type\":\"WebPage\",\"@id\":\"https:\/\/www.sts-education.com\/it\/high-school\/foto-e-video-dei-nostri-studenti-exchange\/gli-studenti-sts-raccontano\/vittoria-era-in-scambio-scolastico-in-germania\/\",\"url\":\"https:\/\/www.sts-education.com\/it\/high-school\/foto-e-video-dei-nostri-studenti-exchange\/gli-studenti-sts-raccontano\/vittoria-era-in-scambio-scolastico-in-germania\/\",\"name\":\"Vittoria era in scambio scolastico in Germania\",\"isPartOf\":{\"@id\":\"https:\/\/www.sts-education.com\/it\/#website\"},\"primaryImageOfPage\":{\"@id\":\"https:\/\/www.sts-education.com\/it\/high-school\/foto-e-video-dei-nostri-studenti-exchange\/gli-studenti-sts-raccontano\/vittoria-era-in-scambio-scolastico-in-germania\/#primaryimage\"},\"image\":{\"@id\":\"https:\/\/www.sts-education.com\/it\/high-school\/foto-e-video-dei-nostri-studenti-exchange\/gli-studenti-sts-raccontano\/vittoria-era-in-scambio-scolastico-in-germania\/#primaryimage\"},\"thumbnailUrl\":\"https:\/\/powered-by.qbank.se\/educatius\/sts\/\/ca9fb1d01fb6c899ef4095abc2d3ea13_1-1-thumb.webp\",\"datePublished\":\"2023-05-02T10:00:00+00:00\",\"dateModified\":\"2026-04-14T10:17:40+00:00\",\"author\":{\"@id\":\"https:\/\/www.sts-education.com\/it\/#\/schema\/person\/8b82f3a2e45f020b8f296d7a85d9a97c\"},\"description\":\"Ho trascorso 11 mesi a Starnberg, una piccola citt\u00e0 a 30 minuti da Monaco, in Baviera. Questa esperienza \u00e8 stata la migliore della mia vita finora.\",\"breadcrumb\":{\"@id\":\"https:\/\/www.sts-education.com\/it\/high-school\/foto-e-video-dei-nostri-studenti-exchange\/gli-studenti-sts-raccontano\/vittoria-era-in-scambio-scolastico-in-germania\/#breadcrumb\"},\"inLanguage\":\"it-IT\",\"potentialAction\":[{\"@type\":\"ReadAction\",\"target\":[\"https:\/\/www.sts-education.com\/it\/high-school\/foto-e-video-dei-nostri-studenti-exchange\/gli-studenti-sts-raccontano\/vittoria-era-in-scambio-scolastico-in-germania\/\"]}]},{\"@type\":\"ImageObject\",\"inLanguage\":\"it-IT\",\"@id\":\"https:\/\/www.sts-education.com\/it\/high-school\/foto-e-video-dei-nostri-studenti-exchange\/gli-studenti-sts-raccontano\/vittoria-era-in-scambio-scolastico-in-germania\/#primaryimage\",\"url\":\"https:\/\/powered-by.qbank.se\/educatius\/sts\/\/ca9fb1d01fb6c899ef4095abc2d3ea13_1-1-thumb.webp\",\"contentUrl\":\"https:\/\/powered-by.qbank.se\/educatius\/sts\/\/ca9fb1d01fb6c899ef4095abc2d3ea13_1-1-thumb.webp\",\"width\":150,\"height\":150},{\"@type\":\"BreadcrumbList\",\"@id\":\"https:\/\/www.sts-education.com\/it\/high-school\/foto-e-video-dei-nostri-studenti-exchange\/gli-studenti-sts-raccontano\/vittoria-era-in-scambio-scolastico-in-germania\/#breadcrumb\",\"itemListElement\":[{\"@type\":\"ListItem\",\"position\":1,\"name\":\"Home\",\"item\":\"https:\/\/www.sts-education.com\/it\/\"},{\"@type\":\"ListItem\",\"position\":2,\"name\":\"Vittoria Era In Scambio Scolastico In Germania\"}]},{\"@type\":\"WebSite\",\"@id\":\"https:\/\/www.sts-education.com\/it\/#website\",\"url\":\"https:\/\/www.sts-education.com\/it\/\",\"name\":\"STS Education\",\"description\":\"\",\"potentialAction\":[{\"@type\":\"SearchAction\",\"target\":{\"@type\":\"EntryPoint\",\"urlTemplate\":\"https:\/\/www.sts-education.com\/it\/?s={search_term_string}\"},\"query-input\":{\"@type\":\"PropertyValueSpecification\",\"valueRequired\":true,\"valueName\":\"search_term_string\"}}],\"inLanguage\":\"it-IT\"},{\"@type\":\"Person\",\"@id\":\"https:\/\/www.sts-education.com\/it\/#\/schema\/person\/8b82f3a2e45f020b8f296d7a85d9a97c\",\"name\":\"syncreadwrite\",\"image\":{\"@type\":\"ImageObject\",\"inLanguage\":\"it-IT\",\"@id\":\"https:\/\/secure.gravatar.com\/avatar\/6ed1007e4f6f43f22e3df41d9fce4365533cba47fef64bb359b8e629abbc2ea6?s=96&d=mm&r=g\",\"url\":\"https:\/\/secure.gravatar.com\/avatar\/6ed1007e4f6f43f22e3df41d9fce4365533cba47fef64bb359b8e629abbc2ea6?s=96&d=mm&r=g\",\"contentUrl\":\"https:\/\/secure.gravatar.com\/avatar\/6ed1007e4f6f43f22e3df41d9fce4365533cba47fef64bb359b8e629abbc2ea6?s=96&d=mm&r=g\",\"caption\":\"syncreadwrite\"},\"url\":\"https:\/\/www.sts-education.com\/it\/author\/syncreadwrite\/\"}]}<\/script>\n<!-- \/ Yoast SEO Premium plugin. -->","yoast_head_json":{"title":"Vittoria era in scambio scolastico in Germania","description":"Ho trascorso 11 mesi a Starnberg, una piccola citt\u00e0 a 30 minuti da Monaco, in Baviera. Questa esperienza \u00e8 stata la migliore della mia vita finora.","robots":{"index":"index","follow":"follow","max-snippet":"max-snippet:-1","max-image-preview":"max-image-preview:large","max-video-preview":"max-video-preview:-1"},"canonical":"https:\/\/www.sts-education.com\/it\/high-school\/foto-e-video-dei-nostri-studenti-exchange\/gli-studenti-sts-raccontano\/vittoria-era-in-scambio-scolastico-in-germania\/","og_locale":"it_IT","og_type":"article","og_title":"Vittoria Era In Scambio Scolastico In Germania","og_description":"Ho trascorso 11 mesi a Starnberg, una piccola citt\u00e0 a 30 minuti da Monaco, in Baviera. Questa esperienza \u00e8 stata la migliore della mia vita finora.","og_url":"https:\/\/www.sts-education.com\/it\/high-school\/foto-e-video-dei-nostri-studenti-exchange\/gli-studenti-sts-raccontano\/vittoria-era-in-scambio-scolastico-in-germania\/","og_site_name":"STS Education","article_published_time":"2023-05-02T10:00:00+00:00","article_modified_time":"2026-04-14T10:17:40+00:00","og_image":[{"width":150,"height":150,"url":"https:\/\/powered-by.qbank.se\/educatius\/sts\/\/ca9fb1d01fb6c899ef4095abc2d3ea13_1-1-thumb.webp","type":"image\/jpeg"}],"author":"syncreadwrite","twitter_card":"summary_large_image","twitter_misc":{"Scritto da":"syncreadwrite","Tempo di lettura stimato":"4 minuti"},"schema":{"@context":"https:\/\/schema.org","@graph":[{"@type":"Article","@id":"https:\/\/www.sts-education.com\/it\/high-school\/foto-e-video-dei-nostri-studenti-exchange\/gli-studenti-sts-raccontano\/vittoria-era-in-scambio-scolastico-in-germania\/#article","isPartOf":{"@id":"https:\/\/www.sts-education.com\/it\/high-school\/foto-e-video-dei-nostri-studenti-exchange\/gli-studenti-sts-raccontano\/vittoria-era-in-scambio-scolastico-in-germania\/"},"author":{"name":"syncreadwrite","@id":"https:\/\/www.sts-education.com\/it\/#\/schema\/person\/8b82f3a2e45f020b8f296d7a85d9a97c"},"headline":"Vittoria Era In Scambio Scolastico In Germania","datePublished":"2023-05-02T10:00:00+00:00","dateModified":"2026-04-14T10:17:40+00:00","mainEntityOfPage":{"@id":"https:\/\/www.sts-education.com\/it\/high-school\/foto-e-video-dei-nostri-studenti-exchange\/gli-studenti-sts-raccontano\/vittoria-era-in-scambio-scolastico-in-germania\/"},"wordCount":854,"commentCount":0,"image":{"@id":"https:\/\/www.sts-education.com\/it\/high-school\/foto-e-video-dei-nostri-studenti-exchange\/gli-studenti-sts-raccontano\/vittoria-era-in-scambio-scolastico-in-germania\/#primaryimage"},"thumbnailUrl":"https:\/\/powered-by.qbank.se\/educatius\/sts\/\/ca9fb1d01fb6c899ef4095abc2d3ea13_1-1-thumb.webp","keywords":["Germania"],"inLanguage":"it-IT","potentialAction":[{"@type":"CommentAction","name":"Comment","target":["https:\/\/www.sts-education.com\/it\/high-school\/foto-e-video-dei-nostri-studenti-exchange\/gli-studenti-sts-raccontano\/vittoria-era-in-scambio-scolastico-in-germania\/#respond"]}]},{"@type":"WebPage","@id":"https:\/\/www.sts-education.com\/it\/high-school\/foto-e-video-dei-nostri-studenti-exchange\/gli-studenti-sts-raccontano\/vittoria-era-in-scambio-scolastico-in-germania\/","url":"https:\/\/www.sts-education.com\/it\/high-school\/foto-e-video-dei-nostri-studenti-exchange\/gli-studenti-sts-raccontano\/vittoria-era-in-scambio-scolastico-in-germania\/","name":"Vittoria era in scambio scolastico in Germania","isPartOf":{"@id":"https:\/\/www.sts-education.com\/it\/#website"},"primaryImageOfPage":{"@id":"https:\/\/www.sts-education.com\/it\/high-school\/foto-e-video-dei-nostri-studenti-exchange\/gli-studenti-sts-raccontano\/vittoria-era-in-scambio-scolastico-in-germania\/#primaryimage"},"image":{"@id":"https:\/\/www.sts-education.com\/it\/high-school\/foto-e-video-dei-nostri-studenti-exchange\/gli-studenti-sts-raccontano\/vittoria-era-in-scambio-scolastico-in-germania\/#primaryimage"},"thumbnailUrl":"https:\/\/powered-by.qbank.se\/educatius\/sts\/\/ca9fb1d01fb6c899ef4095abc2d3ea13_1-1-thumb.webp","datePublished":"2023-05-02T10:00:00+00:00","dateModified":"2026-04-14T10:17:40+00:00","author":{"@id":"https:\/\/www.sts-education.com\/it\/#\/schema\/person\/8b82f3a2e45f020b8f296d7a85d9a97c"},"description":"Ho trascorso 11 mesi a Starnberg, una piccola citt\u00e0 a 30 minuti da Monaco, in Baviera. Questa esperienza \u00e8 stata la migliore della mia vita finora.","breadcrumb":{"@id":"https:\/\/www.sts-education.com\/it\/high-school\/foto-e-video-dei-nostri-studenti-exchange\/gli-studenti-sts-raccontano\/vittoria-era-in-scambio-scolastico-in-germania\/#breadcrumb"},"inLanguage":"it-IT","potentialAction":[{"@type":"ReadAction","target":["https:\/\/www.sts-education.com\/it\/high-school\/foto-e-video-dei-nostri-studenti-exchange\/gli-studenti-sts-raccontano\/vittoria-era-in-scambio-scolastico-in-germania\/"]}]},{"@type":"ImageObject","inLanguage":"it-IT","@id":"https:\/\/www.sts-education.com\/it\/high-school\/foto-e-video-dei-nostri-studenti-exchange\/gli-studenti-sts-raccontano\/vittoria-era-in-scambio-scolastico-in-germania\/#primaryimage","url":"https:\/\/powered-by.qbank.se\/educatius\/sts\/\/ca9fb1d01fb6c899ef4095abc2d3ea13_1-1-thumb.webp","contentUrl":"https:\/\/powered-by.qbank.se\/educatius\/sts\/\/ca9fb1d01fb6c899ef4095abc2d3ea13_1-1-thumb.webp","width":150,"height":150},{"@type":"BreadcrumbList","@id":"https:\/\/www.sts-education.com\/it\/high-school\/foto-e-video-dei-nostri-studenti-exchange\/gli-studenti-sts-raccontano\/vittoria-era-in-scambio-scolastico-in-germania\/#breadcrumb","itemListElement":[{"@type":"ListItem","position":1,"name":"Home","item":"https:\/\/www.sts-education.com\/it\/"},{"@type":"ListItem","position":2,"name":"Vittoria Era In Scambio Scolastico In Germania"}]},{"@type":"WebSite","@id":"https:\/\/www.sts-education.com\/it\/#website","url":"https:\/\/www.sts-education.com\/it\/","name":"STS Education","description":"","potentialAction":[{"@type":"SearchAction","target":{"@type":"EntryPoint","urlTemplate":"https:\/\/www.sts-education.com\/it\/?s={search_term_string}"},"query-input":{"@type":"PropertyValueSpecification","valueRequired":true,"valueName":"search_term_string"}}],"inLanguage":"it-IT"},{"@type":"Person","@id":"https:\/\/www.sts-education.com\/it\/#\/schema\/person\/8b82f3a2e45f020b8f296d7a85d9a97c","name":"syncreadwrite","image":{"@type":"ImageObject","inLanguage":"it-IT","@id":"https:\/\/secure.gravatar.com\/avatar\/6ed1007e4f6f43f22e3df41d9fce4365533cba47fef64bb359b8e629abbc2ea6?s=96&d=mm&r=g","url":"https:\/\/secure.gravatar.com\/avatar\/6ed1007e4f6f43f22e3df41d9fce4365533cba47fef64bb359b8e629abbc2ea6?s=96&d=mm&r=g","contentUrl":"https:\/\/secure.gravatar.com\/avatar\/6ed1007e4f6f43f22e3df41d9fce4365533cba47fef64bb359b8e629abbc2ea6?s=96&d=mm&r=g","caption":"syncreadwrite"},"url":"https:\/\/www.sts-education.com\/it\/author\/syncreadwrite\/"}]}},"_links":{"self":[{"href":"https:\/\/www.sts-education.com\/it\/wp-json\/wp\/v2\/posts\/11805","targetHints":{"allow":["GET"]}}],"collection":[{"href":"https:\/\/www.sts-education.com\/it\/wp-json\/wp\/v2\/posts"}],"about":[{"href":"https:\/\/www.sts-education.com\/it\/wp-json\/wp\/v2\/types\/post"}],"author":[{"embeddable":true,"href":"https:\/\/www.sts-education.com\/it\/wp-json\/wp\/v2\/users\/20"}],"replies":[{"embeddable":true,"href":"https:\/\/www.sts-education.com\/it\/wp-json\/wp\/v2\/comments?post=11805"}],"version-history":[{"count":4,"href":"https:\/\/www.sts-education.com\/it\/wp-json\/wp\/v2\/posts\/11805\/revisions"}],"predecessor-version":[{"id":34179,"href":"https:\/\/www.sts-education.com\/it\/wp-json\/wp\/v2\/posts\/11805\/revisions\/34179"}],"wp:featuredmedia":[{"embeddable":true,"href":"https:\/\/www.sts-education.com\/it\/wp-json\/wp\/v2\/media\/13760"}],"wp:attachment":[{"href":"https:\/\/www.sts-education.com\/it\/wp-json\/wp\/v2\/media?parent=11805"}],"wp:term":[{"taxonomy":"category","embeddable":true,"href":"https:\/\/www.sts-education.com\/it\/wp-json\/wp\/v2\/categories?post=11805"},{"taxonomy":"post_tag","embeddable":true,"href":"https:\/\/www.sts-education.com\/it\/wp-json\/wp\/v2\/tags?post=11805"},{"taxonomy":"wpw_post_folders","embeddable":true,"href":"https:\/\/www.sts-education.com\/it\/wp-json\/wp\/v2\/wpw_post_folders?post=11805"}],"curies":[{"name":"wp","href":"https:\/\/api.w.org\/{rel}","templated":true}]}}