{"id":11808,"date":"2023-04-26T10:00:00","date_gmt":"2023-04-26T10:00:00","guid":{"rendered":"https:\/\/preprod.sts-education.com\/blog\/2026\/03\/05\/eliza-e-andata-in-scambio-in-svezia\/"},"modified":"2026-04-14T10:17:44","modified_gmt":"2026-04-14T10:17:44","slug":"eliza-e-andata-in-scambio-in-svezia","status":"publish","type":"post","link":"https:\/\/www.sts-education.com\/it\/high-school\/foto-e-video-dei-nostri-studenti-exchange\/gli-studenti-sts-raccontano\/eliza-e-andata-in-scambio-in-svezia\/","title":{"rendered":"Eliza E Andata In Scambio In Svezia"},"content":{"rendered":"\n<div class=\"wp-block-sts-text sts-text-editor has-max-width-md\"><div class=\"sts-text-editor__content\"><div class=\"sts-text-editor__content-inner\">\n<h1 style=\"text-align:center\">Eliza \u00e8 andata in scambio in Svezia<\/h1>\n<\/div><\/div><\/div>\n\n\n\n<div class=\"wp-block-sts-text sts-text-editor has-max-width-md\"><div class=\"sts-text-editor__content\"><div class=\"sts-text-editor__content-inner\">\n<p><em>Eliza, olandese, \u00e8 stata in scambio in Svezia.<\/em><\/p>\n<h2>Perch\u00e9 sei andata in scambio?<\/h2>\n<p>Volevo fare un&#x27;esperienza tutta mia, lontana da tutto ci\u00f2 che consideravo normale. Volevo conoscere cose e culture nuove.<\/p>\n<h2>Com&#x27;\u00e8 stato vivere con una famiglia ospitante?<\/h2>\n<p>La mia famiglia ospitante \u00e8 stata fantastica, siamo entrati in sintonia fin dall&#x27;inizio e mi hanno fatto vivere tante avventure.<\/p>\n<h2>\u00c8 stato difficile o facile fare nuove amicizie?<\/h2>\n<p>Fare amicizia \u00e8 stato facile, ci vuole un po&#x27; pi\u00f9 di tempo per far s\u00ec che gli svedesi si aprano, ma una volta che lo fanno, sono le persone pi\u00f9 gentili che si possano incontrare.<\/p>\n<h2>Cosa hai imparato durante il tuo soggiorno all&#x27;estero?<\/h2>\n<p>Ho imparato a parlare svedese e a conoscere le culture svedese e sami. Le cose principali che ho imparato sono state come diventare pi\u00f9 indipendente e sicura di s\u00e9.<\/p>\n<h2>Qual \u00e8 stata la cosa migliore del tuo scambio?<\/h2>\n<p>Direi che la cosa migliore del mio anno di scambio \u00e8 stata conoscere tanti altri studenti durante le attivit\u00e0 del fine settimana organizzate da STS. Ho incontrato persone per due giorni e mi sono sembrate i miei migliori amici.<\/p>\n<h2>Il tuo ricordo pi\u00f9 bello?<\/h2>\n<p>Il mio ricordo pi\u00f9 bello \u00e8 quando una ex studentessa di scambio ospitata dalla mia famiglia ospitante e la sua famiglia sono venute a trovarmi durante le vacanze di Pasqua. Abbiamo trascorso una notte in una delle cabine della mia famiglia ospitante e abbiamo fatto un piccolo viaggio in Norvegia.<\/p>\n<h2>Puoi consigliare di partecipare a uno scambio?<\/h2>\n<p>S\u00ec! \u00c8 un ottimo modo per diventare pi\u00f9 indipendenti, conoscere persone e culture diverse, imparare una nuova lingua e vedere il mondo sotto una luce diversa da quella a cui si \u00e8 abituati a casa.<\/p>\n<h2>Puoi consigliare di andare in Svezia?<\/h2>\n<p>S\u00ec. Consiglio a chiunque voglia imparare una nuova lingua e cultura e ami il freddo di andarci. I lunghi inverni possono essere piuttosto impegnativi, ma tutte le attivit\u00e0 sulla neve che facevamo durante i fine settimana e l&#x27;aurora boreale mi hanno mantenuto motivato e felice.<\/p>\n<h2>Perch\u00e9 hai scelto di partire con STS?<\/h2>\n<p>Ho scelto STS perch\u00e9 ho avuto una buona sensazione quando ho parlato con loro. Mi hanno spiegato molto bene le cose, sono stati molto disponibili a informarmi sull&#x27;anno di scambio e mi hanno aiutato nel processo di candidatura. Sono sempre stati veloci nel risolvere qualsiasi problema e hanno fatto s\u00ec che il mio scambio si svolgesse senza problemi. Sono estremamente felice di aver scelto la STS.<\/p>\n<h2>Quali sono i tuoi progetti per il futuro?<\/h2>\n<p>Sto pensando di studiare all&#x27;estero in un&#x27;universit\u00e0, magari in Svezia. Il mio anno di scambio ha influenzato molto il mio futuro, prima del mio scambio non avrei mai preso in considerazione l&#x27;idea di studiare all&#x27;estero in un&#x27;universit\u00e0, ma il mio anno di scambio mi ha dato la fiducia necessaria per farlo.<\/p>\n<h2>Qualche consiglio per i futuri studenti di scambio?<\/h2>\n<ol><li>Iniziate a parlare la lingua il prima possibile. \u00c8 molto divertente ed \u00e8 molto pi\u00f9 facile imparare parlando!<\/li>\n<li>Cogliete ogni occasione per provare cose nuove. Scegliete una materia a scuola che non potreste scegliere a casa, iscrivetevi a un club, provate nuovi sport e attivit\u00e0. Avete questa possibilit\u00e0 solo una volta nella vita.<\/li>\n<li>Un consiglio alimentare: mangiate pi\u00f9 &quot;k\u00f6ttbullar med lingonsylt&quot; (polpette con marmellata) che potete!<\/li><\/ol>\n<h2>Per saperne di pi\u00f9<\/h2>\n<ul><li>Leggi altre storie di <a href=\"https:\/\/www.sts-education.com\/it\/high-school\/foto-e-video-dei-nostri-studenti-exchange\/gli-studenti-sts-raccontano\/?hashtag=Svezia\">studenti dalla Svezia<\/a><\/li>\n<li>Leggi di pi\u00f9 su un <a href=\"https:\/\/www.sts-education.com\/it\/high-school\/destinazioni\/europa\/svezia\/\">anno all&#x27;estero in Svezia<\/a><\/li>\n<li><span>Guarda tutte le nostre <a href=\"\/it\/high-school\/tripfinder\/\">destinazioni per il tuo anno all&#x27;estero<\/a><\/span><\/li><\/ul>\n<\/div><\/div><\/div>\n","protected":false},"excerpt":{"rendered":"","protected":false},"author":20,"featured_media":13766,"comment_status":"open","ping_status":"open","sticky":false,"template":"","format":"standard","meta":{"_acf_changed":false,"_yoast_wpseo_title":"Eliza \u00e8 andata in scambio in Svezia","_yoast_wpseo_metadesc":"Volevo fare un'esperienza tutta mia, lontana da tutto ci\u00f2 che consideravo normale. Volevo conoscere cose e culture nuove.","footnotes":""},"categories":[274],"tags":[971],"wpw_post_folders":[],"class_list":["post-11808","post","type-post","status-publish","format-standard","has-post-thumbnail","hentry","category-senza-categoria","tag-svezia"],"acf":[],"yoast_head":"<!-- This site is optimized with the Yoast SEO Premium plugin v27.2 (Yoast SEO v27.2) - https:\/\/yoast.com\/product\/yoast-seo-premium-wordpress\/ -->\n<title>Eliza \u00e8 andata in scambio in Svezia<\/title>\n<meta name=\"description\" content=\"Volevo fare un&#039;esperienza tutta mia, lontana da tutto ci\u00f2 che consideravo normale. Volevo conoscere cose e culture nuove.\" \/>\n<meta name=\"robots\" content=\"index, follow, max-snippet:-1, max-image-preview:large, max-video-preview:-1\" \/>\n<link rel=\"canonical\" href=\"https:\/\/www.sts-education.com\/it\/high-school\/foto-e-video-dei-nostri-studenti-exchange\/gli-studenti-sts-raccontano\/eliza-e-andata-in-scambio-in-svezia\/\" \/>\n<meta property=\"og:locale\" content=\"it_IT\" \/>\n<meta property=\"og:type\" content=\"article\" \/>\n<meta property=\"og:title\" content=\"Eliza E Andata In Scambio In Svezia\" \/>\n<meta property=\"og:description\" content=\"Volevo fare un&#039;esperienza tutta mia, lontana da tutto ci\u00f2 che consideravo normale. Volevo conoscere cose e culture nuove.\" \/>\n<meta property=\"og:url\" content=\"https:\/\/www.sts-education.com\/it\/high-school\/foto-e-video-dei-nostri-studenti-exchange\/gli-studenti-sts-raccontano\/eliza-e-andata-in-scambio-in-svezia\/\" \/>\n<meta property=\"og:site_name\" content=\"STS Education\" \/>\n<meta property=\"article:published_time\" content=\"2023-04-26T10:00:00+00:00\" \/>\n<meta property=\"article:modified_time\" content=\"2026-04-14T10:17:44+00:00\" \/>\n<meta property=\"og:image\" content=\"https:\/\/powered-by.qbank.se\/educatius\/sts\/\/03f297d7a2bf59726aeee7116dff5ffd_1-1-thumb.webp\" \/>\n\t<meta property=\"og:image:width\" content=\"150\" \/>\n\t<meta property=\"og:image:height\" content=\"150\" \/>\n\t<meta property=\"og:image:type\" content=\"image\/jpeg\" \/>\n<meta name=\"author\" content=\"syncreadwrite\" \/>\n<meta name=\"twitter:card\" content=\"summary_large_image\" \/>\n<meta name=\"twitter:label1\" content=\"Scritto da\" \/>\n\t<meta name=\"twitter:data1\" content=\"syncreadwrite\" \/>\n\t<meta name=\"twitter:label2\" content=\"Tempo di lettura stimato\" \/>\n\t<meta name=\"twitter:data2\" content=\"3 minuti\" \/>\n<script type=\"application\/ld+json\" class=\"yoast-schema-graph\">{\"@context\":\"https:\/\/schema.org\",\"@graph\":[{\"@type\":\"Article\",\"@id\":\"https:\/\/www.sts-education.com\/it\/high-school\/foto-e-video-dei-nostri-studenti-exchange\/gli-studenti-sts-raccontano\/eliza-e-andata-in-scambio-in-svezia\/#article\",\"isPartOf\":{\"@id\":\"https:\/\/www.sts-education.com\/it\/high-school\/foto-e-video-dei-nostri-studenti-exchange\/gli-studenti-sts-raccontano\/eliza-e-andata-in-scambio-in-svezia\/\"},\"author\":{\"name\":\"syncreadwrite\",\"@id\":\"https:\/\/www.sts-education.com\/it\/#\/schema\/person\/8b82f3a2e45f020b8f296d7a85d9a97c\"},\"headline\":\"Eliza E Andata In Scambio In Svezia\",\"datePublished\":\"2023-04-26T10:00:00+00:00\",\"dateModified\":\"2026-04-14T10:17:44+00:00\",\"mainEntityOfPage\":{\"@id\":\"https:\/\/www.sts-education.com\/it\/high-school\/foto-e-video-dei-nostri-studenti-exchange\/gli-studenti-sts-raccontano\/eliza-e-andata-in-scambio-in-svezia\/\"},\"wordCount\":601,\"commentCount\":0,\"image\":{\"@id\":\"https:\/\/www.sts-education.com\/it\/high-school\/foto-e-video-dei-nostri-studenti-exchange\/gli-studenti-sts-raccontano\/eliza-e-andata-in-scambio-in-svezia\/#primaryimage\"},\"thumbnailUrl\":\"https:\/\/powered-by.qbank.se\/educatius\/sts\/\/03f297d7a2bf59726aeee7116dff5ffd_1-1-thumb.webp\",\"keywords\":[\"Svezia\"],\"inLanguage\":\"it-IT\",\"potentialAction\":[{\"@type\":\"CommentAction\",\"name\":\"Comment\",\"target\":[\"https:\/\/www.sts-education.com\/it\/high-school\/foto-e-video-dei-nostri-studenti-exchange\/gli-studenti-sts-raccontano\/eliza-e-andata-in-scambio-in-svezia\/#respond\"]}]},{\"@type\":\"WebPage\",\"@id\":\"https:\/\/www.sts-education.com\/it\/high-school\/foto-e-video-dei-nostri-studenti-exchange\/gli-studenti-sts-raccontano\/eliza-e-andata-in-scambio-in-svezia\/\",\"url\":\"https:\/\/www.sts-education.com\/it\/high-school\/foto-e-video-dei-nostri-studenti-exchange\/gli-studenti-sts-raccontano\/eliza-e-andata-in-scambio-in-svezia\/\",\"name\":\"Eliza \u00e8 andata in scambio in Svezia\",\"isPartOf\":{\"@id\":\"https:\/\/www.sts-education.com\/it\/#website\"},\"primaryImageOfPage\":{\"@id\":\"https:\/\/www.sts-education.com\/it\/high-school\/foto-e-video-dei-nostri-studenti-exchange\/gli-studenti-sts-raccontano\/eliza-e-andata-in-scambio-in-svezia\/#primaryimage\"},\"image\":{\"@id\":\"https:\/\/www.sts-education.com\/it\/high-school\/foto-e-video-dei-nostri-studenti-exchange\/gli-studenti-sts-raccontano\/eliza-e-andata-in-scambio-in-svezia\/#primaryimage\"},\"thumbnailUrl\":\"https:\/\/powered-by.qbank.se\/educatius\/sts\/\/03f297d7a2bf59726aeee7116dff5ffd_1-1-thumb.webp\",\"datePublished\":\"2023-04-26T10:00:00+00:00\",\"dateModified\":\"2026-04-14T10:17:44+00:00\",\"author\":{\"@id\":\"https:\/\/www.sts-education.com\/it\/#\/schema\/person\/8b82f3a2e45f020b8f296d7a85d9a97c\"},\"description\":\"Volevo fare un'esperienza tutta mia, lontana da tutto ci\u00f2 che consideravo normale. Volevo conoscere cose e culture nuove.\",\"breadcrumb\":{\"@id\":\"https:\/\/www.sts-education.com\/it\/high-school\/foto-e-video-dei-nostri-studenti-exchange\/gli-studenti-sts-raccontano\/eliza-e-andata-in-scambio-in-svezia\/#breadcrumb\"},\"inLanguage\":\"it-IT\",\"potentialAction\":[{\"@type\":\"ReadAction\",\"target\":[\"https:\/\/www.sts-education.com\/it\/high-school\/foto-e-video-dei-nostri-studenti-exchange\/gli-studenti-sts-raccontano\/eliza-e-andata-in-scambio-in-svezia\/\"]}]},{\"@type\":\"ImageObject\",\"inLanguage\":\"it-IT\",\"@id\":\"https:\/\/www.sts-education.com\/it\/high-school\/foto-e-video-dei-nostri-studenti-exchange\/gli-studenti-sts-raccontano\/eliza-e-andata-in-scambio-in-svezia\/#primaryimage\",\"url\":\"https:\/\/powered-by.qbank.se\/educatius\/sts\/\/03f297d7a2bf59726aeee7116dff5ffd_1-1-thumb.webp\",\"contentUrl\":\"https:\/\/powered-by.qbank.se\/educatius\/sts\/\/03f297d7a2bf59726aeee7116dff5ffd_1-1-thumb.webp\",\"width\":150,\"height\":150},{\"@type\":\"BreadcrumbList\",\"@id\":\"https:\/\/www.sts-education.com\/it\/high-school\/foto-e-video-dei-nostri-studenti-exchange\/gli-studenti-sts-raccontano\/eliza-e-andata-in-scambio-in-svezia\/#breadcrumb\",\"itemListElement\":[{\"@type\":\"ListItem\",\"position\":1,\"name\":\"Home\",\"item\":\"https:\/\/www.sts-education.com\/it\/\"},{\"@type\":\"ListItem\",\"position\":2,\"name\":\"Eliza E Andata In Scambio In Svezia\"}]},{\"@type\":\"WebSite\",\"@id\":\"https:\/\/www.sts-education.com\/it\/#website\",\"url\":\"https:\/\/www.sts-education.com\/it\/\",\"name\":\"STS Education\",\"description\":\"\",\"potentialAction\":[{\"@type\":\"SearchAction\",\"target\":{\"@type\":\"EntryPoint\",\"urlTemplate\":\"https:\/\/www.sts-education.com\/it\/?s={search_term_string}\"},\"query-input\":{\"@type\":\"PropertyValueSpecification\",\"valueRequired\":true,\"valueName\":\"search_term_string\"}}],\"inLanguage\":\"it-IT\"},{\"@type\":\"Person\",\"@id\":\"https:\/\/www.sts-education.com\/it\/#\/schema\/person\/8b82f3a2e45f020b8f296d7a85d9a97c\",\"name\":\"syncreadwrite\",\"image\":{\"@type\":\"ImageObject\",\"inLanguage\":\"it-IT\",\"@id\":\"https:\/\/secure.gravatar.com\/avatar\/6ed1007e4f6f43f22e3df41d9fce4365533cba47fef64bb359b8e629abbc2ea6?s=96&d=mm&r=g\",\"url\":\"https:\/\/secure.gravatar.com\/avatar\/6ed1007e4f6f43f22e3df41d9fce4365533cba47fef64bb359b8e629abbc2ea6?s=96&d=mm&r=g\",\"contentUrl\":\"https:\/\/secure.gravatar.com\/avatar\/6ed1007e4f6f43f22e3df41d9fce4365533cba47fef64bb359b8e629abbc2ea6?s=96&d=mm&r=g\",\"caption\":\"syncreadwrite\"},\"url\":\"https:\/\/www.sts-education.com\/it\/author\/syncreadwrite\/\"}]}<\/script>\n<!-- \/ Yoast SEO Premium plugin. -->","yoast_head_json":{"title":"Eliza \u00e8 andata in scambio in Svezia","description":"Volevo fare un'esperienza tutta mia, lontana da tutto ci\u00f2 che consideravo normale. Volevo conoscere cose e culture nuove.","robots":{"index":"index","follow":"follow","max-snippet":"max-snippet:-1","max-image-preview":"max-image-preview:large","max-video-preview":"max-video-preview:-1"},"canonical":"https:\/\/www.sts-education.com\/it\/high-school\/foto-e-video-dei-nostri-studenti-exchange\/gli-studenti-sts-raccontano\/eliza-e-andata-in-scambio-in-svezia\/","og_locale":"it_IT","og_type":"article","og_title":"Eliza E Andata In Scambio In Svezia","og_description":"Volevo fare un'esperienza tutta mia, lontana da tutto ci\u00f2 che consideravo normale. Volevo conoscere cose e culture nuove.","og_url":"https:\/\/www.sts-education.com\/it\/high-school\/foto-e-video-dei-nostri-studenti-exchange\/gli-studenti-sts-raccontano\/eliza-e-andata-in-scambio-in-svezia\/","og_site_name":"STS Education","article_published_time":"2023-04-26T10:00:00+00:00","article_modified_time":"2026-04-14T10:17:44+00:00","og_image":[{"width":150,"height":150,"url":"https:\/\/powered-by.qbank.se\/educatius\/sts\/\/03f297d7a2bf59726aeee7116dff5ffd_1-1-thumb.webp","type":"image\/jpeg"}],"author":"syncreadwrite","twitter_card":"summary_large_image","twitter_misc":{"Scritto da":"syncreadwrite","Tempo di lettura stimato":"3 minuti"},"schema":{"@context":"https:\/\/schema.org","@graph":[{"@type":"Article","@id":"https:\/\/www.sts-education.com\/it\/high-school\/foto-e-video-dei-nostri-studenti-exchange\/gli-studenti-sts-raccontano\/eliza-e-andata-in-scambio-in-svezia\/#article","isPartOf":{"@id":"https:\/\/www.sts-education.com\/it\/high-school\/foto-e-video-dei-nostri-studenti-exchange\/gli-studenti-sts-raccontano\/eliza-e-andata-in-scambio-in-svezia\/"},"author":{"name":"syncreadwrite","@id":"https:\/\/www.sts-education.com\/it\/#\/schema\/person\/8b82f3a2e45f020b8f296d7a85d9a97c"},"headline":"Eliza E Andata In Scambio In Svezia","datePublished":"2023-04-26T10:00:00+00:00","dateModified":"2026-04-14T10:17:44+00:00","mainEntityOfPage":{"@id":"https:\/\/www.sts-education.com\/it\/high-school\/foto-e-video-dei-nostri-studenti-exchange\/gli-studenti-sts-raccontano\/eliza-e-andata-in-scambio-in-svezia\/"},"wordCount":601,"commentCount":0,"image":{"@id":"https:\/\/www.sts-education.com\/it\/high-school\/foto-e-video-dei-nostri-studenti-exchange\/gli-studenti-sts-raccontano\/eliza-e-andata-in-scambio-in-svezia\/#primaryimage"},"thumbnailUrl":"https:\/\/powered-by.qbank.se\/educatius\/sts\/\/03f297d7a2bf59726aeee7116dff5ffd_1-1-thumb.webp","keywords":["Svezia"],"inLanguage":"it-IT","potentialAction":[{"@type":"CommentAction","name":"Comment","target":["https:\/\/www.sts-education.com\/it\/high-school\/foto-e-video-dei-nostri-studenti-exchange\/gli-studenti-sts-raccontano\/eliza-e-andata-in-scambio-in-svezia\/#respond"]}]},{"@type":"WebPage","@id":"https:\/\/www.sts-education.com\/it\/high-school\/foto-e-video-dei-nostri-studenti-exchange\/gli-studenti-sts-raccontano\/eliza-e-andata-in-scambio-in-svezia\/","url":"https:\/\/www.sts-education.com\/it\/high-school\/foto-e-video-dei-nostri-studenti-exchange\/gli-studenti-sts-raccontano\/eliza-e-andata-in-scambio-in-svezia\/","name":"Eliza \u00e8 andata in scambio in Svezia","isPartOf":{"@id":"https:\/\/www.sts-education.com\/it\/#website"},"primaryImageOfPage":{"@id":"https:\/\/www.sts-education.com\/it\/high-school\/foto-e-video-dei-nostri-studenti-exchange\/gli-studenti-sts-raccontano\/eliza-e-andata-in-scambio-in-svezia\/#primaryimage"},"image":{"@id":"https:\/\/www.sts-education.com\/it\/high-school\/foto-e-video-dei-nostri-studenti-exchange\/gli-studenti-sts-raccontano\/eliza-e-andata-in-scambio-in-svezia\/#primaryimage"},"thumbnailUrl":"https:\/\/powered-by.qbank.se\/educatius\/sts\/\/03f297d7a2bf59726aeee7116dff5ffd_1-1-thumb.webp","datePublished":"2023-04-26T10:00:00+00:00","dateModified":"2026-04-14T10:17:44+00:00","author":{"@id":"https:\/\/www.sts-education.com\/it\/#\/schema\/person\/8b82f3a2e45f020b8f296d7a85d9a97c"},"description":"Volevo fare un'esperienza tutta mia, lontana da tutto ci\u00f2 che consideravo normale. Volevo conoscere cose e culture nuove.","breadcrumb":{"@id":"https:\/\/www.sts-education.com\/it\/high-school\/foto-e-video-dei-nostri-studenti-exchange\/gli-studenti-sts-raccontano\/eliza-e-andata-in-scambio-in-svezia\/#breadcrumb"},"inLanguage":"it-IT","potentialAction":[{"@type":"ReadAction","target":["https:\/\/www.sts-education.com\/it\/high-school\/foto-e-video-dei-nostri-studenti-exchange\/gli-studenti-sts-raccontano\/eliza-e-andata-in-scambio-in-svezia\/"]}]},{"@type":"ImageObject","inLanguage":"it-IT","@id":"https:\/\/www.sts-education.com\/it\/high-school\/foto-e-video-dei-nostri-studenti-exchange\/gli-studenti-sts-raccontano\/eliza-e-andata-in-scambio-in-svezia\/#primaryimage","url":"https:\/\/powered-by.qbank.se\/educatius\/sts\/\/03f297d7a2bf59726aeee7116dff5ffd_1-1-thumb.webp","contentUrl":"https:\/\/powered-by.qbank.se\/educatius\/sts\/\/03f297d7a2bf59726aeee7116dff5ffd_1-1-thumb.webp","width":150,"height":150},{"@type":"BreadcrumbList","@id":"https:\/\/www.sts-education.com\/it\/high-school\/foto-e-video-dei-nostri-studenti-exchange\/gli-studenti-sts-raccontano\/eliza-e-andata-in-scambio-in-svezia\/#breadcrumb","itemListElement":[{"@type":"ListItem","position":1,"name":"Home","item":"https:\/\/www.sts-education.com\/it\/"},{"@type":"ListItem","position":2,"name":"Eliza E Andata In Scambio In Svezia"}]},{"@type":"WebSite","@id":"https:\/\/www.sts-education.com\/it\/#website","url":"https:\/\/www.sts-education.com\/it\/","name":"STS Education","description":"","potentialAction":[{"@type":"SearchAction","target":{"@type":"EntryPoint","urlTemplate":"https:\/\/www.sts-education.com\/it\/?s={search_term_string}"},"query-input":{"@type":"PropertyValueSpecification","valueRequired":true,"valueName":"search_term_string"}}],"inLanguage":"it-IT"},{"@type":"Person","@id":"https:\/\/www.sts-education.com\/it\/#\/schema\/person\/8b82f3a2e45f020b8f296d7a85d9a97c","name":"syncreadwrite","image":{"@type":"ImageObject","inLanguage":"it-IT","@id":"https:\/\/secure.gravatar.com\/avatar\/6ed1007e4f6f43f22e3df41d9fce4365533cba47fef64bb359b8e629abbc2ea6?s=96&d=mm&r=g","url":"https:\/\/secure.gravatar.com\/avatar\/6ed1007e4f6f43f22e3df41d9fce4365533cba47fef64bb359b8e629abbc2ea6?s=96&d=mm&r=g","contentUrl":"https:\/\/secure.gravatar.com\/avatar\/6ed1007e4f6f43f22e3df41d9fce4365533cba47fef64bb359b8e629abbc2ea6?s=96&d=mm&r=g","caption":"syncreadwrite"},"url":"https:\/\/www.sts-education.com\/it\/author\/syncreadwrite\/"}]}},"_links":{"self":[{"href":"https:\/\/www.sts-education.com\/it\/wp-json\/wp\/v2\/posts\/11808","targetHints":{"allow":["GET"]}}],"collection":[{"href":"https:\/\/www.sts-education.com\/it\/wp-json\/wp\/v2\/posts"}],"about":[{"href":"https:\/\/www.sts-education.com\/it\/wp-json\/wp\/v2\/types\/post"}],"author":[{"embeddable":true,"href":"https:\/\/www.sts-education.com\/it\/wp-json\/wp\/v2\/users\/20"}],"replies":[{"embeddable":true,"href":"https:\/\/www.sts-education.com\/it\/wp-json\/wp\/v2\/comments?post=11808"}],"version-history":[{"count":4,"href":"https:\/\/www.sts-education.com\/it\/wp-json\/wp\/v2\/posts\/11808\/revisions"}],"predecessor-version":[{"id":34182,"href":"https:\/\/www.sts-education.com\/it\/wp-json\/wp\/v2\/posts\/11808\/revisions\/34182"}],"wp:featuredmedia":[{"embeddable":true,"href":"https:\/\/www.sts-education.com\/it\/wp-json\/wp\/v2\/media\/13766"}],"wp:attachment":[{"href":"https:\/\/www.sts-education.com\/it\/wp-json\/wp\/v2\/media?parent=11808"}],"wp:term":[{"taxonomy":"category","embeddable":true,"href":"https:\/\/www.sts-education.com\/it\/wp-json\/wp\/v2\/categories?post=11808"},{"taxonomy":"post_tag","embeddable":true,"href":"https:\/\/www.sts-education.com\/it\/wp-json\/wp\/v2\/tags?post=11808"},{"taxonomy":"wpw_post_folders","embeddable":true,"href":"https:\/\/www.sts-education.com\/it\/wp-json\/wp\/v2\/wpw_post_folders?post=11808"}],"curies":[{"name":"wp","href":"https:\/\/api.w.org\/{rel}","templated":true}]}}