{"id":11814,"date":"2023-03-30T12:00:00","date_gmt":"2023-03-30T10:00:00","guid":{"rendered":"https:\/\/preprod.sts-education.com\/blog\/2026\/03\/05\/barbara-ha-trascorso-un-anno-di-scambio-in-costa-rica\/"},"modified":"2026-04-14T10:17:51","modified_gmt":"2026-04-14T10:17:51","slug":"barbara-ha-trascorso-un-anno-di-scambio-in-costa-rica","status":"publish","type":"post","link":"https:\/\/www.sts-education.com\/it\/high-school\/foto-e-video-dei-nostri-studenti-exchange\/gli-studenti-sts-raccontano\/barbara-ha-trascorso-un-anno-di-scambio-in-costa-rica\/","title":{"rendered":"Barbara Ha Trascorso Un Anno Di Scambio In Costa Rica"},"content":{"rendered":"\n<div class=\"wp-block-sts-text sts-text-editor has-max-width-md\"><div class=\"sts-text-editor__content\"><div class=\"sts-text-editor__content-inner\">\n<h1 style=\"text-align:center\">Barbara ha trascorso un anno di scambio in Costa Rica<\/h1>\n<\/div><\/div><\/div>\n\n\n\n<div class=\"wp-block-sts-text sts-text-editor has-max-width-md\"><div class=\"sts-text-editor__content\"><div class=\"sts-text-editor__content-inner\">\n<p><em>Barbara dall&#x27;Italia \u00e8 andata in scambio in Costa Rica.<\/em><\/p>\n<h2>Perch\u00e9 sei andata in scambio?<\/h2>\n<p>Ho deciso di fare un anno di scambio perch\u00e9 volevo mettermi alla prova e ho scelto la Costa Rica per conoscere una parte diversa del mondo.<\/p>\n<h2>Com&#x27;\u00e8 stato vivere con una famiglia ospitante?<\/h2>\n<p>Ho avuto la possibilit\u00e0 di vivere con una famiglia ospitante fantastica, composta da tre sorelle (una di loro \u00e8 un&#x27;altra studentessa di scambio svedese) e andiamo d&#x27;accordo come vere sorelle. Non avrei potuto desiderare una famiglia migliore. Si prendono cura di me e sono sempre pronti ad aiutarmi.<\/p>\n<h2>Com&#x27;era la scuola?<\/h2>\n<p>La scuola \u00e8 il luogo in cui si fanno le amicizie. Sono tutti molto gentili. A volte la scuola pu\u00f2 anche essere piuttosto impegnativa, a causa della barriera linguistica. Ma con la pratica quotidiana, diventa pi\u00f9 facile e si fanno rapidi progressi. Questo \u00e8 l&#x27;aspetto sorprendente di un anno di scambio: si viene messi alla prova ogni giorno. Si fanno cose che ci fanno uscire dalla nostra zona di comfort e si cresce come persona. Si sperimentano cose completamente diverse rispetto al proprio Paese,<\/p>\n<h2>Un ricordo particolare?<\/h2>\n<p>Il giorno dell&#x27;Indipendenza, il 15 settembre, tutte le scuole si uniscono per una grande parata. Ogni scuola esegue un ballo con la banda scolastica. Mi sono unita ai ballerini e ho imparato la danza. \u00c8 una cosa che non avrei mai pensato di fare, non sono una ballerina. Ma sono cos\u00ec felice di averlo fatto. Il modo in cui la mia famiglia ospitante era cos\u00ec orgogliosa di me e il fatto che mi chiamassero figlia mi ha fatto sciogliere il cuore.<\/p>\n<h2>Pu\u00f2 consigliare di partecipare allo scambio?<\/h2>\n<p>S\u00ec, cambier\u00e0 davvero il vostro modo di pensare e vi far\u00e0 apprezzare la vita al massimo e godere di ogni momento. Potreste avere dei dubbi se fare uno scambio \u00e8 la scelta giusta per voi. Posso solo dire: Sfidate voi stessi, partite per un anno di scambio e preparatevi a vivere il periodo pi\u00f9 bello della vostra vita. Non ve ne pentirete e vi aiuter\u00e0 anche ad avere una visione pi\u00f9 chiara di ci\u00f2 che volete realizzare nel vostro futuro.<\/p>\n<h2>Puoi raccomandare STS?<\/h2>\n<p>S\u00ec. Non ho mai avuto problemi con nulla e ti danno la possibilit\u00e0 di fare esperienze incredibili. Avrete sempre qualcuno con cui parlare e da cui ricevere consigli.<\/p>\n<h2>Per saperne di pi\u00f9<\/h2>\n<ul><li>Leggi altre storie di <a href=\"https:\/\/www.sts-education.com\/it\/high-school\/foto-e-video-dei-nostri-studenti-exchange\/gli-studenti-sts-raccontano\/?hashtag=Costa+Rica\">studenti dalla\u00a0Costa Rica<\/a><\/li>\n<li>Leggi di pi\u00f9 su un <a href=\"https:\/\/www.sts-education.com\/it\/high-school\/destinazioni\/america-del-sud\/costa-rica\/\">anno all&#x27;estero in Costa Rica<\/a><\/li>\n<li><span>Guarda tutte le nostre <a href=\"\/it\/high-school\/tripfinder\/\">destinazioni per il tuo anno all&#x27;estero<\/a><\/span><\/li><\/ul>\n<\/div><\/div><\/div>\n","protected":false},"excerpt":{"rendered":"","protected":false},"author":20,"featured_media":13778,"comment_status":"open","ping_status":"open","sticky":false,"template":"","format":"standard","meta":{"_acf_changed":false,"_yoast_wpseo_title":"Barbara ha trascorso un anno di scambio in Costa Rica","_yoast_wpseo_metadesc":"Ho deciso di fare un anno di scambio perch\u00e9 volevo mettermi alla prova e ho scelto la Costa Rica per conoscere una parte diversa del mondo.","footnotes":""},"categories":[274],"tags":[959],"wpw_post_folders":[],"class_list":["post-11814","post","type-post","status-publish","format-standard","has-post-thumbnail","hentry","category-senza-categoria","tag-costa-rica"],"acf":[],"yoast_head":"<!-- This site is optimized with the Yoast SEO Premium plugin v27.2 (Yoast SEO v27.2) - https:\/\/yoast.com\/product\/yoast-seo-premium-wordpress\/ -->\n<title>Barbara ha trascorso un anno di scambio in Costa Rica<\/title>\n<meta name=\"description\" content=\"Ho deciso di fare un anno di scambio perch\u00e9 volevo mettermi alla prova e ho scelto la Costa Rica per conoscere una parte diversa del mondo.\" \/>\n<meta name=\"robots\" content=\"index, follow, max-snippet:-1, max-image-preview:large, max-video-preview:-1\" \/>\n<link rel=\"canonical\" href=\"https:\/\/www.sts-education.com\/it\/high-school\/foto-e-video-dei-nostri-studenti-exchange\/gli-studenti-sts-raccontano\/barbara-ha-trascorso-un-anno-di-scambio-in-costa-rica\/\" \/>\n<meta property=\"og:locale\" content=\"it_IT\" \/>\n<meta property=\"og:type\" content=\"article\" \/>\n<meta property=\"og:title\" content=\"Barbara Ha Trascorso Un Anno Di Scambio In Costa Rica\" \/>\n<meta property=\"og:description\" content=\"Ho deciso di fare un anno di scambio perch\u00e9 volevo mettermi alla prova e ho scelto la Costa Rica per conoscere una parte diversa del mondo.\" \/>\n<meta property=\"og:url\" content=\"https:\/\/www.sts-education.com\/it\/high-school\/foto-e-video-dei-nostri-studenti-exchange\/gli-studenti-sts-raccontano\/barbara-ha-trascorso-un-anno-di-scambio-in-costa-rica\/\" \/>\n<meta property=\"og:site_name\" content=\"STS Education\" \/>\n<meta property=\"article:published_time\" content=\"2023-03-30T10:00:00+00:00\" \/>\n<meta property=\"article:modified_time\" content=\"2026-04-14T10:17:51+00:00\" \/>\n<meta property=\"og:image\" content=\"https:\/\/powered-by.qbank.se\/educatius\/sts\/\/2d8d607eebaed8ebe7ab545194237fae_1-1-thumb.webp\" \/>\n\t<meta property=\"og:image:width\" content=\"150\" \/>\n\t<meta property=\"og:image:height\" content=\"150\" \/>\n\t<meta property=\"og:image:type\" content=\"image\/jpeg\" \/>\n<meta name=\"author\" content=\"syncreadwrite\" \/>\n<meta name=\"twitter:card\" content=\"summary_large_image\" \/>\n<meta name=\"twitter:label1\" content=\"Scritto da\" \/>\n\t<meta name=\"twitter:data1\" content=\"syncreadwrite\" \/>\n\t<meta name=\"twitter:label2\" content=\"Tempo di lettura stimato\" \/>\n\t<meta name=\"twitter:data2\" content=\"2 minuti\" \/>\n<script type=\"application\/ld+json\" class=\"yoast-schema-graph\">{\"@context\":\"https:\/\/schema.org\",\"@graph\":[{\"@type\":\"Article\",\"@id\":\"https:\/\/www.sts-education.com\/it\/high-school\/foto-e-video-dei-nostri-studenti-exchange\/gli-studenti-sts-raccontano\/barbara-ha-trascorso-un-anno-di-scambio-in-costa-rica\/#article\",\"isPartOf\":{\"@id\":\"https:\/\/www.sts-education.com\/it\/high-school\/foto-e-video-dei-nostri-studenti-exchange\/gli-studenti-sts-raccontano\/barbara-ha-trascorso-un-anno-di-scambio-in-costa-rica\/\"},\"author\":{\"name\":\"syncreadwrite\",\"@id\":\"https:\/\/www.sts-education.com\/it\/#\/schema\/person\/8b82f3a2e45f020b8f296d7a85d9a97c\"},\"headline\":\"Barbara Ha Trascorso Un Anno Di Scambio In Costa Rica\",\"datePublished\":\"2023-03-30T10:00:00+00:00\",\"dateModified\":\"2026-04-14T10:17:51+00:00\",\"mainEntityOfPage\":{\"@id\":\"https:\/\/www.sts-education.com\/it\/high-school\/foto-e-video-dei-nostri-studenti-exchange\/gli-studenti-sts-raccontano\/barbara-ha-trascorso-un-anno-di-scambio-in-costa-rica\/\"},\"wordCount\":445,\"commentCount\":0,\"image\":{\"@id\":\"https:\/\/www.sts-education.com\/it\/high-school\/foto-e-video-dei-nostri-studenti-exchange\/gli-studenti-sts-raccontano\/barbara-ha-trascorso-un-anno-di-scambio-in-costa-rica\/#primaryimage\"},\"thumbnailUrl\":\"https:\/\/powered-by.qbank.se\/educatius\/sts\/\/2d8d607eebaed8ebe7ab545194237fae_1-1-thumb.webp\",\"keywords\":[\"Costa Rica\"],\"inLanguage\":\"it-IT\",\"potentialAction\":[{\"@type\":\"CommentAction\",\"name\":\"Comment\",\"target\":[\"https:\/\/www.sts-education.com\/it\/high-school\/foto-e-video-dei-nostri-studenti-exchange\/gli-studenti-sts-raccontano\/barbara-ha-trascorso-un-anno-di-scambio-in-costa-rica\/#respond\"]}]},{\"@type\":\"WebPage\",\"@id\":\"https:\/\/www.sts-education.com\/it\/high-school\/foto-e-video-dei-nostri-studenti-exchange\/gli-studenti-sts-raccontano\/barbara-ha-trascorso-un-anno-di-scambio-in-costa-rica\/\",\"url\":\"https:\/\/www.sts-education.com\/it\/high-school\/foto-e-video-dei-nostri-studenti-exchange\/gli-studenti-sts-raccontano\/barbara-ha-trascorso-un-anno-di-scambio-in-costa-rica\/\",\"name\":\"Barbara ha trascorso un anno di scambio in Costa Rica\",\"isPartOf\":{\"@id\":\"https:\/\/www.sts-education.com\/it\/#website\"},\"primaryImageOfPage\":{\"@id\":\"https:\/\/www.sts-education.com\/it\/high-school\/foto-e-video-dei-nostri-studenti-exchange\/gli-studenti-sts-raccontano\/barbara-ha-trascorso-un-anno-di-scambio-in-costa-rica\/#primaryimage\"},\"image\":{\"@id\":\"https:\/\/www.sts-education.com\/it\/high-school\/foto-e-video-dei-nostri-studenti-exchange\/gli-studenti-sts-raccontano\/barbara-ha-trascorso-un-anno-di-scambio-in-costa-rica\/#primaryimage\"},\"thumbnailUrl\":\"https:\/\/powered-by.qbank.se\/educatius\/sts\/\/2d8d607eebaed8ebe7ab545194237fae_1-1-thumb.webp\",\"datePublished\":\"2023-03-30T10:00:00+00:00\",\"dateModified\":\"2026-04-14T10:17:51+00:00\",\"author\":{\"@id\":\"https:\/\/www.sts-education.com\/it\/#\/schema\/person\/8b82f3a2e45f020b8f296d7a85d9a97c\"},\"description\":\"Ho deciso di fare un anno di scambio perch\u00e9 volevo mettermi alla prova e ho scelto la Costa Rica per conoscere una parte diversa del mondo.\",\"breadcrumb\":{\"@id\":\"https:\/\/www.sts-education.com\/it\/high-school\/foto-e-video-dei-nostri-studenti-exchange\/gli-studenti-sts-raccontano\/barbara-ha-trascorso-un-anno-di-scambio-in-costa-rica\/#breadcrumb\"},\"inLanguage\":\"it-IT\",\"potentialAction\":[{\"@type\":\"ReadAction\",\"target\":[\"https:\/\/www.sts-education.com\/it\/high-school\/foto-e-video-dei-nostri-studenti-exchange\/gli-studenti-sts-raccontano\/barbara-ha-trascorso-un-anno-di-scambio-in-costa-rica\/\"]}]},{\"@type\":\"ImageObject\",\"inLanguage\":\"it-IT\",\"@id\":\"https:\/\/www.sts-education.com\/it\/high-school\/foto-e-video-dei-nostri-studenti-exchange\/gli-studenti-sts-raccontano\/barbara-ha-trascorso-un-anno-di-scambio-in-costa-rica\/#primaryimage\",\"url\":\"https:\/\/powered-by.qbank.se\/educatius\/sts\/\/2d8d607eebaed8ebe7ab545194237fae_1-1-thumb.webp\",\"contentUrl\":\"https:\/\/powered-by.qbank.se\/educatius\/sts\/\/2d8d607eebaed8ebe7ab545194237fae_1-1-thumb.webp\",\"width\":150,\"height\":150},{\"@type\":\"BreadcrumbList\",\"@id\":\"https:\/\/www.sts-education.com\/it\/high-school\/foto-e-video-dei-nostri-studenti-exchange\/gli-studenti-sts-raccontano\/barbara-ha-trascorso-un-anno-di-scambio-in-costa-rica\/#breadcrumb\",\"itemListElement\":[{\"@type\":\"ListItem\",\"position\":1,\"name\":\"Home\",\"item\":\"https:\/\/www.sts-education.com\/it\/\"},{\"@type\":\"ListItem\",\"position\":2,\"name\":\"Barbara Ha Trascorso Un Anno Di Scambio In Costa Rica\"}]},{\"@type\":\"WebSite\",\"@id\":\"https:\/\/www.sts-education.com\/it\/#website\",\"url\":\"https:\/\/www.sts-education.com\/it\/\",\"name\":\"STS Education\",\"description\":\"\",\"potentialAction\":[{\"@type\":\"SearchAction\",\"target\":{\"@type\":\"EntryPoint\",\"urlTemplate\":\"https:\/\/www.sts-education.com\/it\/?s={search_term_string}\"},\"query-input\":{\"@type\":\"PropertyValueSpecification\",\"valueRequired\":true,\"valueName\":\"search_term_string\"}}],\"inLanguage\":\"it-IT\"},{\"@type\":\"Person\",\"@id\":\"https:\/\/www.sts-education.com\/it\/#\/schema\/person\/8b82f3a2e45f020b8f296d7a85d9a97c\",\"name\":\"syncreadwrite\",\"image\":{\"@type\":\"ImageObject\",\"inLanguage\":\"it-IT\",\"@id\":\"https:\/\/secure.gravatar.com\/avatar\/6ed1007e4f6f43f22e3df41d9fce4365533cba47fef64bb359b8e629abbc2ea6?s=96&d=mm&r=g\",\"url\":\"https:\/\/secure.gravatar.com\/avatar\/6ed1007e4f6f43f22e3df41d9fce4365533cba47fef64bb359b8e629abbc2ea6?s=96&d=mm&r=g\",\"contentUrl\":\"https:\/\/secure.gravatar.com\/avatar\/6ed1007e4f6f43f22e3df41d9fce4365533cba47fef64bb359b8e629abbc2ea6?s=96&d=mm&r=g\",\"caption\":\"syncreadwrite\"},\"url\":\"https:\/\/www.sts-education.com\/it\/author\/syncreadwrite\/\"}]}<\/script>\n<!-- \/ Yoast SEO Premium plugin. -->","yoast_head_json":{"title":"Barbara ha trascorso un anno di scambio in Costa Rica","description":"Ho deciso di fare un anno di scambio perch\u00e9 volevo mettermi alla prova e ho scelto la Costa Rica per conoscere una parte diversa del mondo.","robots":{"index":"index","follow":"follow","max-snippet":"max-snippet:-1","max-image-preview":"max-image-preview:large","max-video-preview":"max-video-preview:-1"},"canonical":"https:\/\/www.sts-education.com\/it\/high-school\/foto-e-video-dei-nostri-studenti-exchange\/gli-studenti-sts-raccontano\/barbara-ha-trascorso-un-anno-di-scambio-in-costa-rica\/","og_locale":"it_IT","og_type":"article","og_title":"Barbara Ha Trascorso Un Anno Di Scambio In Costa Rica","og_description":"Ho deciso di fare un anno di scambio perch\u00e9 volevo mettermi alla prova e ho scelto la Costa Rica per conoscere una parte diversa del mondo.","og_url":"https:\/\/www.sts-education.com\/it\/high-school\/foto-e-video-dei-nostri-studenti-exchange\/gli-studenti-sts-raccontano\/barbara-ha-trascorso-un-anno-di-scambio-in-costa-rica\/","og_site_name":"STS Education","article_published_time":"2023-03-30T10:00:00+00:00","article_modified_time":"2026-04-14T10:17:51+00:00","og_image":[{"width":150,"height":150,"url":"https:\/\/powered-by.qbank.se\/educatius\/sts\/\/2d8d607eebaed8ebe7ab545194237fae_1-1-thumb.webp","type":"image\/jpeg"}],"author":"syncreadwrite","twitter_card":"summary_large_image","twitter_misc":{"Scritto da":"syncreadwrite","Tempo di lettura stimato":"2 minuti"},"schema":{"@context":"https:\/\/schema.org","@graph":[{"@type":"Article","@id":"https:\/\/www.sts-education.com\/it\/high-school\/foto-e-video-dei-nostri-studenti-exchange\/gli-studenti-sts-raccontano\/barbara-ha-trascorso-un-anno-di-scambio-in-costa-rica\/#article","isPartOf":{"@id":"https:\/\/www.sts-education.com\/it\/high-school\/foto-e-video-dei-nostri-studenti-exchange\/gli-studenti-sts-raccontano\/barbara-ha-trascorso-un-anno-di-scambio-in-costa-rica\/"},"author":{"name":"syncreadwrite","@id":"https:\/\/www.sts-education.com\/it\/#\/schema\/person\/8b82f3a2e45f020b8f296d7a85d9a97c"},"headline":"Barbara Ha Trascorso Un Anno Di Scambio In Costa Rica","datePublished":"2023-03-30T10:00:00+00:00","dateModified":"2026-04-14T10:17:51+00:00","mainEntityOfPage":{"@id":"https:\/\/www.sts-education.com\/it\/high-school\/foto-e-video-dei-nostri-studenti-exchange\/gli-studenti-sts-raccontano\/barbara-ha-trascorso-un-anno-di-scambio-in-costa-rica\/"},"wordCount":445,"commentCount":0,"image":{"@id":"https:\/\/www.sts-education.com\/it\/high-school\/foto-e-video-dei-nostri-studenti-exchange\/gli-studenti-sts-raccontano\/barbara-ha-trascorso-un-anno-di-scambio-in-costa-rica\/#primaryimage"},"thumbnailUrl":"https:\/\/powered-by.qbank.se\/educatius\/sts\/\/2d8d607eebaed8ebe7ab545194237fae_1-1-thumb.webp","keywords":["Costa Rica"],"inLanguage":"it-IT","potentialAction":[{"@type":"CommentAction","name":"Comment","target":["https:\/\/www.sts-education.com\/it\/high-school\/foto-e-video-dei-nostri-studenti-exchange\/gli-studenti-sts-raccontano\/barbara-ha-trascorso-un-anno-di-scambio-in-costa-rica\/#respond"]}]},{"@type":"WebPage","@id":"https:\/\/www.sts-education.com\/it\/high-school\/foto-e-video-dei-nostri-studenti-exchange\/gli-studenti-sts-raccontano\/barbara-ha-trascorso-un-anno-di-scambio-in-costa-rica\/","url":"https:\/\/www.sts-education.com\/it\/high-school\/foto-e-video-dei-nostri-studenti-exchange\/gli-studenti-sts-raccontano\/barbara-ha-trascorso-un-anno-di-scambio-in-costa-rica\/","name":"Barbara ha trascorso un anno di scambio in Costa Rica","isPartOf":{"@id":"https:\/\/www.sts-education.com\/it\/#website"},"primaryImageOfPage":{"@id":"https:\/\/www.sts-education.com\/it\/high-school\/foto-e-video-dei-nostri-studenti-exchange\/gli-studenti-sts-raccontano\/barbara-ha-trascorso-un-anno-di-scambio-in-costa-rica\/#primaryimage"},"image":{"@id":"https:\/\/www.sts-education.com\/it\/high-school\/foto-e-video-dei-nostri-studenti-exchange\/gli-studenti-sts-raccontano\/barbara-ha-trascorso-un-anno-di-scambio-in-costa-rica\/#primaryimage"},"thumbnailUrl":"https:\/\/powered-by.qbank.se\/educatius\/sts\/\/2d8d607eebaed8ebe7ab545194237fae_1-1-thumb.webp","datePublished":"2023-03-30T10:00:00+00:00","dateModified":"2026-04-14T10:17:51+00:00","author":{"@id":"https:\/\/www.sts-education.com\/it\/#\/schema\/person\/8b82f3a2e45f020b8f296d7a85d9a97c"},"description":"Ho deciso di fare un anno di scambio perch\u00e9 volevo mettermi alla prova e ho scelto la Costa Rica per conoscere una parte diversa del mondo.","breadcrumb":{"@id":"https:\/\/www.sts-education.com\/it\/high-school\/foto-e-video-dei-nostri-studenti-exchange\/gli-studenti-sts-raccontano\/barbara-ha-trascorso-un-anno-di-scambio-in-costa-rica\/#breadcrumb"},"inLanguage":"it-IT","potentialAction":[{"@type":"ReadAction","target":["https:\/\/www.sts-education.com\/it\/high-school\/foto-e-video-dei-nostri-studenti-exchange\/gli-studenti-sts-raccontano\/barbara-ha-trascorso-un-anno-di-scambio-in-costa-rica\/"]}]},{"@type":"ImageObject","inLanguage":"it-IT","@id":"https:\/\/www.sts-education.com\/it\/high-school\/foto-e-video-dei-nostri-studenti-exchange\/gli-studenti-sts-raccontano\/barbara-ha-trascorso-un-anno-di-scambio-in-costa-rica\/#primaryimage","url":"https:\/\/powered-by.qbank.se\/educatius\/sts\/\/2d8d607eebaed8ebe7ab545194237fae_1-1-thumb.webp","contentUrl":"https:\/\/powered-by.qbank.se\/educatius\/sts\/\/2d8d607eebaed8ebe7ab545194237fae_1-1-thumb.webp","width":150,"height":150},{"@type":"BreadcrumbList","@id":"https:\/\/www.sts-education.com\/it\/high-school\/foto-e-video-dei-nostri-studenti-exchange\/gli-studenti-sts-raccontano\/barbara-ha-trascorso-un-anno-di-scambio-in-costa-rica\/#breadcrumb","itemListElement":[{"@type":"ListItem","position":1,"name":"Home","item":"https:\/\/www.sts-education.com\/it\/"},{"@type":"ListItem","position":2,"name":"Barbara Ha Trascorso Un Anno Di Scambio In Costa Rica"}]},{"@type":"WebSite","@id":"https:\/\/www.sts-education.com\/it\/#website","url":"https:\/\/www.sts-education.com\/it\/","name":"STS Education","description":"","potentialAction":[{"@type":"SearchAction","target":{"@type":"EntryPoint","urlTemplate":"https:\/\/www.sts-education.com\/it\/?s={search_term_string}"},"query-input":{"@type":"PropertyValueSpecification","valueRequired":true,"valueName":"search_term_string"}}],"inLanguage":"it-IT"},{"@type":"Person","@id":"https:\/\/www.sts-education.com\/it\/#\/schema\/person\/8b82f3a2e45f020b8f296d7a85d9a97c","name":"syncreadwrite","image":{"@type":"ImageObject","inLanguage":"it-IT","@id":"https:\/\/secure.gravatar.com\/avatar\/6ed1007e4f6f43f22e3df41d9fce4365533cba47fef64bb359b8e629abbc2ea6?s=96&d=mm&r=g","url":"https:\/\/secure.gravatar.com\/avatar\/6ed1007e4f6f43f22e3df41d9fce4365533cba47fef64bb359b8e629abbc2ea6?s=96&d=mm&r=g","contentUrl":"https:\/\/secure.gravatar.com\/avatar\/6ed1007e4f6f43f22e3df41d9fce4365533cba47fef64bb359b8e629abbc2ea6?s=96&d=mm&r=g","caption":"syncreadwrite"},"url":"https:\/\/www.sts-education.com\/it\/author\/syncreadwrite\/"}]}},"_links":{"self":[{"href":"https:\/\/www.sts-education.com\/it\/wp-json\/wp\/v2\/posts\/11814","targetHints":{"allow":["GET"]}}],"collection":[{"href":"https:\/\/www.sts-education.com\/it\/wp-json\/wp\/v2\/posts"}],"about":[{"href":"https:\/\/www.sts-education.com\/it\/wp-json\/wp\/v2\/types\/post"}],"author":[{"embeddable":true,"href":"https:\/\/www.sts-education.com\/it\/wp-json\/wp\/v2\/users\/20"}],"replies":[{"embeddable":true,"href":"https:\/\/www.sts-education.com\/it\/wp-json\/wp\/v2\/comments?post=11814"}],"version-history":[{"count":4,"href":"https:\/\/www.sts-education.com\/it\/wp-json\/wp\/v2\/posts\/11814\/revisions"}],"predecessor-version":[{"id":34187,"href":"https:\/\/www.sts-education.com\/it\/wp-json\/wp\/v2\/posts\/11814\/revisions\/34187"}],"wp:featuredmedia":[{"embeddable":true,"href":"https:\/\/www.sts-education.com\/it\/wp-json\/wp\/v2\/media\/13778"}],"wp:attachment":[{"href":"https:\/\/www.sts-education.com\/it\/wp-json\/wp\/v2\/media?parent=11814"}],"wp:term":[{"taxonomy":"category","embeddable":true,"href":"https:\/\/www.sts-education.com\/it\/wp-json\/wp\/v2\/categories?post=11814"},{"taxonomy":"post_tag","embeddable":true,"href":"https:\/\/www.sts-education.com\/it\/wp-json\/wp\/v2\/tags?post=11814"},{"taxonomy":"wpw_post_folders","embeddable":true,"href":"https:\/\/www.sts-education.com\/it\/wp-json\/wp\/v2\/wpw_post_folders?post=11814"}],"curies":[{"name":"wp","href":"https:\/\/api.w.org\/{rel}","templated":true}]}}