{"id":12074,"date":"2025-12-11T10:00:00","date_gmt":"2025-12-11T08:00:00","guid":{"rendered":"https:\/\/preprod.sts-education.com\/blog\/2026\/03\/05\/vera-dro-pa-utveksling-pa-high-school-til-costa-rica\/"},"modified":"2026-04-29T09:20:14","modified_gmt":"2026-04-29T07:20:14","slug":"vera-dro-pa-utveksling-pa-high-school-til-costa-rica","status":"publish","type":"post","link":"https:\/\/www.sts-education.com\/no\/high-school\/student-stories\/studenthistorier\/vera-dro-pa-utveksling-pa-high-school-til-costa-rica\/","title":{"rendered":"Vera dro p\u00e5 utveksling p\u00e5 high school til Costa Rica"},"content":{"rendered":"\n<div class=\"wp-block-sts-text sts-text-editor has-max-width-md\"><div class=\"sts-text-editor__content\"><div class=\"sts-text-editor__content-inner\">\n<h1 style=\"text-align:center\">Vera dro p\u00e5 utveksling p\u00e5 high school til Costa Rica<\/h1>\n<\/div><\/div><\/div>\n\n\n\n<figure class=\"wp-block-sts-image sts-block-image sts-block-image--count-1 has-max-width-lg\" data-count=\"1\"><div class=\"sts-block-image__grid\"><div class=\"sts-block-image__item\"><picture class=\"sts-responsive-image has-fit-cover has-pos-top is-skeleton\"><source media=\"(max-width: 834.98px)\" srcset=\"https:\/\/powered-by.qbank.se\/educatius\/sts\/1d86f9bc16adda5618ee040cbb860951_1-1-thumb.webp 150w, https:\/\/powered-by.qbank.se\/educatius\/sts\/1d86f9bc16adda5618ee040cbb860951_1-1-xsmall.webp 500w, https:\/\/powered-by.qbank.se\/educatius\/sts\/1d86f9bc16adda5618ee040cbb860951_1-1-small.webp 800w, https:\/\/powered-by.qbank.se\/educatius\/sts\/1d86f9bc16adda5618ee040cbb860951_1-1-medium.webp 1024w, https:\/\/powered-by.qbank.se\/educatius\/sts\/1d86f9bc16adda5618ee040cbb860951_1-1-large.webp 1536w\" sizes=\"(max-width: 768px) 100vw, (max-width: 1200px) 100vw, 1200px\" type=\"image\/webp\"\/><source media=\"(min-width: 835px)\" srcset=\"https:\/\/powered-by.qbank.se\/educatius\/sts\/1d86f9bc16adda5618ee040cbb860951_16-9-small.webp 800w, https:\/\/powered-by.qbank.se\/educatius\/sts\/1d86f9bc16adda5618ee040cbb860951_16-9-medium.webp 1024w, https:\/\/powered-by.qbank.se\/educatius\/sts\/1d86f9bc16adda5618ee040cbb860951_16-9-large.webp 1536w\" sizes=\"(max-width: 768px) 100vw, (max-width: 1200px) 100vw, 1200px\" type=\"image\/webp\"\/><img src=\"https:\/\/powered-by.qbank.se\/educatius\/sts\/1d86f9bc16adda5618ee040cbb860951_1-1-thumb.webp\" alt=\"Vera dro p\u00e5 utveksling p\u00e5 high school til Costa Rica\" loading=\"lazy\" decoding=\"async\" fetchpriority=\"low\" style=\"object-position:top\"\/><\/picture><\/div><\/div><\/figure>\n\n\n\n<div class=\"wp-block-sts-text sts-text-editor has-max-width-md\"><div class=\"sts-text-editor__content\"><div class=\"sts-text-editor__content-inner\">\n<p><em>Vera fra Sverige tilbrakte high school-utvekslingen sin i Costa Rica.<\/em><\/p>\n<\/div><\/div><\/div>\n\n\n\n<div class=\"wp-block-sts-text sts-text-editor has-max-width-md\"><div class=\"sts-text-editor__content\"><div class=\"sts-text-editor__content-inner\">\n<p>Jeg kan ikke anbefale Costa Rica nok som utvekslingsdestinasjon for high school! Hvis du er ute etter noe helt annerledes og et stort eventyr&#8230; s\u00e5 er dette stedet for deg!!!<\/p>\n<h2>\u00c5 bo hos en costaricansk vertsfamilie<\/h2>\n<p>\u00c5 bo hos en vertsfamilie kan f\u00f8les skremmende, spesielt i et land som er s\u00e5 kulturelt forskjellig fra ditt eget og hvor kommunikasjonen kan v\u00e6re vanskeligere. Men ikke bekymre deg, costaricanere er de hyggeligste menneskene jeg noensinne har m\u00f8tt, og du vil bli tatt imot som en del av familien med en gang. De har ofte store familier, og du vil finne deg selv i mange store sammenkomster med hele deres utvidede familie, og alle vil f\u00e5 deg til \u00e5 f\u00f8le deg som hjemme.<\/p>\n<h2>Skole i Costa Rica<\/h2>\n<p>Skolen var ikke i det hele tatt som det jeg var vant til hjemme i Sverige. Det gjorde det s\u00e5 mye morsommere. Skoledagene i Costa Rica er ganske lange, men det gir deg bare mer tid til \u00e5 bli kjent med klassekameratene dine. Som sagt, costaricanere er utrolig hyggelige og de vil \u00f8nske deg velkommen med en gang. Klassekameratene mine hjalp meg alltid hvis jeg gikk meg vill, og de var veldig t\u00e5lmodige n\u00e5r de \u00f8vde spansk med meg.<\/p>\n<h2>Mine beste minner<\/h2>\n<p>Noen av de beste minnene fra Costa Rica er fra de mange turene som STS-partnerorganisasjonen arrangerte. De var alle en flott mulighet til \u00e5 se mer av Costa Rica, og jeg fikk v\u00e6re sammen med de andre utvekslingsstudentene.<\/p>\n<h2>Venner<\/h2>\n<p>Du blir lett gode venner med de andre utvekslingsstudentene. Du vil innse at de er de eneste som virkelig kan forst\u00e5 hva du g\u00e5r gjennom under utvekslingen. Jeg holder fortsatt kontakt med mange av utvekslingsstudentene jeg m\u00f8tte i Costa Rica.<\/p>\n<h2>Hvordan utvekslingen p\u00e5virket meg<\/h2>\n<p>Jeg tror virkelig at utvekslingen p\u00e5 videreg\u00e5ende skole spilte en stor rolle i hvem jeg er i dag. P\u00e5 den beste m\u00e5ten. Jeg kom hjem mer moden, selvsikker og med nye perspektiver p\u00e5 livet.<\/p>\n<h2>Finn ut mer<\/h2>\n<ul>\n<li>Les flere <a href=\"https:\/\/www.sts-education.com\/no\/high-school\/student-stories\/studenthistorier\/?hashtag=Costa+Rica\">studenthistorier fra Costa Rica<\/a><\/li>\n<li>Les mer om <a href=\"https:\/\/www.sts-education.com\/no\/high-school\/destinasjoner\/sor-amerika\/costa-rica\/\">utveksling p\u00e5 high school i Costa Rica<\/a><\/li>\n<li>Se alle v\u00e5re <a href=\"\/no\/high-school\/tripfinder\/\">utvekslingsdestinasjoner for high school<\/a><\/li>\n<\/ul>\n<\/div><\/div><\/div>\n","protected":false},"excerpt":{"rendered":"","protected":false},"author":20,"featured_media":40339,"comment_status":"open","ping_status":"open","sticky":false,"template":"","format":"standard","meta":{"_acf_changed":false,"_yoast_wpseo_title":"Vera dro p\u00e5 utveksling p\u00e5 high school til Costa Rica","_yoast_wpseo_metadesc":"Jeg kan ikke anbefale Costa Rica nok som utvekslingsdestinasjon for high school! Hvis du er ute etter noe helt annet og et stort eventyr... s\u00e5 er dette stedet for deg!!!","footnotes":""},"categories":[275],"tags":[997],"wpw_post_folders":[],"class_list":["post-12074","post","type-post","status-publish","format-standard","has-post-thumbnail","hentry","category-uncategorized-no","tag-costa-rica"],"acf":[],"yoast_head":"<!-- This site is optimized with the Yoast SEO Premium plugin v27.2 (Yoast SEO v27.2) - https:\/\/yoast.com\/product\/yoast-seo-premium-wordpress\/ -->\n<title>Vera dro p\u00e5 utveksling p\u00e5 high school til Costa Rica<\/title>\n<meta name=\"description\" content=\"Jeg kan ikke anbefale Costa Rica nok som utvekslingsdestinasjon for high school! Hvis du er ute etter noe helt annet og et stort eventyr... s\u00e5 er dette stedet for deg!!!\" \/>\n<meta name=\"robots\" content=\"index, follow, max-snippet:-1, max-image-preview:large, max-video-preview:-1\" \/>\n<link rel=\"canonical\" href=\"https:\/\/www.sts-education.com\/no\/high-school\/student-stories\/studenthistorier\/vera-dro-pa-utveksling-pa-high-school-til-costa-rica\/\" \/>\n<meta property=\"og:locale\" content=\"nb_NO\" \/>\n<meta property=\"og:type\" content=\"article\" \/>\n<meta property=\"og:title\" content=\"Vera dro p\u00e5 utveksling p\u00e5 high school til Costa Rica\" \/>\n<meta property=\"og:description\" content=\"Jeg kan ikke anbefale Costa Rica nok som utvekslingsdestinasjon for high school! Hvis du er ute etter noe helt annet og et stort eventyr... s\u00e5 er dette stedet for deg!!!\" \/>\n<meta property=\"og:url\" content=\"https:\/\/www.sts-education.com\/no\/high-school\/student-stories\/studenthistorier\/vera-dro-pa-utveksling-pa-high-school-til-costa-rica\/\" \/>\n<meta property=\"og:site_name\" content=\"STS Education\" \/>\n<meta property=\"article:published_time\" content=\"2025-12-11T08:00:00+00:00\" \/>\n<meta property=\"article:modified_time\" content=\"2026-04-29T07:20:14+00:00\" \/>\n<meta property=\"og:image\" content=\"https:\/\/powered-by.qbank.se\/educatius\/sts\/\/1d86f9bc16adda5618ee040cbb860951_1-1-thumb.webp\" \/>\n\t<meta property=\"og:image:width\" content=\"150\" \/>\n\t<meta property=\"og:image:height\" content=\"150\" \/>\n\t<meta property=\"og:image:type\" content=\"image\/jpeg\" \/>\n<meta name=\"author\" content=\"syncreadwrite\" \/>\n<meta name=\"twitter:card\" content=\"summary_large_image\" \/>\n<meta name=\"twitter:label1\" content=\"Skrevet av\" \/>\n\t<meta name=\"twitter:data1\" content=\"syncreadwrite\" \/>\n\t<meta name=\"twitter:label2\" content=\"Ansl. lesetid\" \/>\n\t<meta name=\"twitter:data2\" content=\"2 minutter\" \/>\n<script type=\"application\/ld+json\" class=\"yoast-schema-graph\">{\"@context\":\"https:\/\/schema.org\",\"@graph\":[{\"@type\":\"Article\",\"@id\":\"https:\/\/www.sts-education.com\/no\/high-school\/student-stories\/studenthistorier\/vera-dro-pa-utveksling-pa-high-school-til-costa-rica\/#article\",\"isPartOf\":{\"@id\":\"https:\/\/www.sts-education.com\/no\/high-school\/student-stories\/studenthistorier\/vera-dro-pa-utveksling-pa-high-school-til-costa-rica\/\"},\"author\":{\"name\":\"syncreadwrite\",\"@id\":\"https:\/\/www.sts-education.com\/no\/#\/schema\/person\/8b82f3a2e45f020b8f296d7a85d9a97c\"},\"headline\":\"Vera dro p\u00e5 utveksling p\u00e5 high school til Costa Rica\",\"datePublished\":\"2025-12-11T08:00:00+00:00\",\"dateModified\":\"2026-04-29T07:20:14+00:00\",\"mainEntityOfPage\":{\"@id\":\"https:\/\/www.sts-education.com\/no\/high-school\/student-stories\/studenthistorier\/vera-dro-pa-utveksling-pa-high-school-til-costa-rica\/\"},\"wordCount\":387,\"commentCount\":0,\"image\":{\"@id\":\"https:\/\/www.sts-education.com\/no\/high-school\/student-stories\/studenthistorier\/vera-dro-pa-utveksling-pa-high-school-til-costa-rica\/#primaryimage\"},\"thumbnailUrl\":\"https:\/\/powered-by.qbank.se\/educatius\/sts\/\/1d86f9bc16adda5618ee040cbb860951_1-1-thumb.webp\",\"keywords\":[\"Costa Rica\"],\"articleSection\":[\"Uncategorized @no\"],\"inLanguage\":\"nb-NO\",\"potentialAction\":[{\"@type\":\"CommentAction\",\"name\":\"Comment\",\"target\":[\"https:\/\/www.sts-education.com\/no\/high-school\/student-stories\/studenthistorier\/vera-dro-pa-utveksling-pa-high-school-til-costa-rica\/#respond\"]}]},{\"@type\":\"WebPage\",\"@id\":\"https:\/\/www.sts-education.com\/no\/high-school\/student-stories\/studenthistorier\/vera-dro-pa-utveksling-pa-high-school-til-costa-rica\/\",\"url\":\"https:\/\/www.sts-education.com\/no\/high-school\/student-stories\/studenthistorier\/vera-dro-pa-utveksling-pa-high-school-til-costa-rica\/\",\"name\":\"Vera dro p\u00e5 utveksling p\u00e5 high school til Costa Rica\",\"isPartOf\":{\"@id\":\"https:\/\/www.sts-education.com\/no\/#website\"},\"primaryImageOfPage\":{\"@id\":\"https:\/\/www.sts-education.com\/no\/high-school\/student-stories\/studenthistorier\/vera-dro-pa-utveksling-pa-high-school-til-costa-rica\/#primaryimage\"},\"image\":{\"@id\":\"https:\/\/www.sts-education.com\/no\/high-school\/student-stories\/studenthistorier\/vera-dro-pa-utveksling-pa-high-school-til-costa-rica\/#primaryimage\"},\"thumbnailUrl\":\"https:\/\/powered-by.qbank.se\/educatius\/sts\/\/1d86f9bc16adda5618ee040cbb860951_1-1-thumb.webp\",\"datePublished\":\"2025-12-11T08:00:00+00:00\",\"dateModified\":\"2026-04-29T07:20:14+00:00\",\"author\":{\"@id\":\"https:\/\/www.sts-education.com\/no\/#\/schema\/person\/8b82f3a2e45f020b8f296d7a85d9a97c\"},\"description\":\"Jeg kan ikke anbefale Costa Rica nok som utvekslingsdestinasjon for high school! Hvis du er ute etter noe helt annet og et stort eventyr... s\u00e5 er dette stedet for deg!!!\",\"breadcrumb\":{\"@id\":\"https:\/\/www.sts-education.com\/no\/high-school\/student-stories\/studenthistorier\/vera-dro-pa-utveksling-pa-high-school-til-costa-rica\/#breadcrumb\"},\"inLanguage\":\"nb-NO\",\"potentialAction\":[{\"@type\":\"ReadAction\",\"target\":[\"https:\/\/www.sts-education.com\/no\/high-school\/student-stories\/studenthistorier\/vera-dro-pa-utveksling-pa-high-school-til-costa-rica\/\"]}]},{\"@type\":\"ImageObject\",\"inLanguage\":\"nb-NO\",\"@id\":\"https:\/\/www.sts-education.com\/no\/high-school\/student-stories\/studenthistorier\/vera-dro-pa-utveksling-pa-high-school-til-costa-rica\/#primaryimage\",\"url\":\"https:\/\/powered-by.qbank.se\/educatius\/sts\/\/1d86f9bc16adda5618ee040cbb860951_1-1-thumb.webp\",\"contentUrl\":\"https:\/\/powered-by.qbank.se\/educatius\/sts\/\/1d86f9bc16adda5618ee040cbb860951_1-1-thumb.webp\",\"width\":150,\"height\":150},{\"@type\":\"BreadcrumbList\",\"@id\":\"https:\/\/www.sts-education.com\/no\/high-school\/student-stories\/studenthistorier\/vera-dro-pa-utveksling-pa-high-school-til-costa-rica\/#breadcrumb\",\"itemListElement\":[{\"@type\":\"ListItem\",\"position\":1,\"name\":\"Home\",\"item\":\"https:\/\/www.sts-education.com\/no\/\"},{\"@type\":\"ListItem\",\"position\":2,\"name\":\"Vera dro p\u00e5 utveksling p\u00e5 high school til Costa Rica\"}]},{\"@type\":\"WebSite\",\"@id\":\"https:\/\/www.sts-education.com\/no\/#website\",\"url\":\"https:\/\/www.sts-education.com\/no\/\",\"name\":\"STS Education\",\"description\":\"\",\"potentialAction\":[{\"@type\":\"SearchAction\",\"target\":{\"@type\":\"EntryPoint\",\"urlTemplate\":\"https:\/\/www.sts-education.com\/no\/?s={search_term_string}\"},\"query-input\":{\"@type\":\"PropertyValueSpecification\",\"valueRequired\":true,\"valueName\":\"search_term_string\"}}],\"inLanguage\":\"nb-NO\"},{\"@type\":\"Person\",\"@id\":\"https:\/\/www.sts-education.com\/no\/#\/schema\/person\/8b82f3a2e45f020b8f296d7a85d9a97c\",\"name\":\"syncreadwrite\",\"image\":{\"@type\":\"ImageObject\",\"inLanguage\":\"nb-NO\",\"@id\":\"https:\/\/secure.gravatar.com\/avatar\/6ed1007e4f6f43f22e3df41d9fce4365533cba47fef64bb359b8e629abbc2ea6?s=96&d=mm&r=g\",\"url\":\"https:\/\/secure.gravatar.com\/avatar\/6ed1007e4f6f43f22e3df41d9fce4365533cba47fef64bb359b8e629abbc2ea6?s=96&d=mm&r=g\",\"contentUrl\":\"https:\/\/secure.gravatar.com\/avatar\/6ed1007e4f6f43f22e3df41d9fce4365533cba47fef64bb359b8e629abbc2ea6?s=96&d=mm&r=g\",\"caption\":\"syncreadwrite\"},\"url\":\"https:\/\/www.sts-education.com\/no\/author\/syncreadwrite\/\"}]}<\/script>\n<!-- \/ Yoast SEO Premium plugin. -->","yoast_head_json":{"title":"Vera dro p\u00e5 utveksling p\u00e5 high school til Costa Rica","description":"Jeg kan ikke anbefale Costa Rica nok som utvekslingsdestinasjon for high school! Hvis du er ute etter noe helt annet og et stort eventyr... s\u00e5 er dette stedet for deg!!!","robots":{"index":"index","follow":"follow","max-snippet":"max-snippet:-1","max-image-preview":"max-image-preview:large","max-video-preview":"max-video-preview:-1"},"canonical":"https:\/\/www.sts-education.com\/no\/high-school\/student-stories\/studenthistorier\/vera-dro-pa-utveksling-pa-high-school-til-costa-rica\/","og_locale":"nb_NO","og_type":"article","og_title":"Vera dro p\u00e5 utveksling p\u00e5 high school til Costa Rica","og_description":"Jeg kan ikke anbefale Costa Rica nok som utvekslingsdestinasjon for high school! Hvis du er ute etter noe helt annet og et stort eventyr... s\u00e5 er dette stedet for deg!!!","og_url":"https:\/\/www.sts-education.com\/no\/high-school\/student-stories\/studenthistorier\/vera-dro-pa-utveksling-pa-high-school-til-costa-rica\/","og_site_name":"STS Education","article_published_time":"2025-12-11T08:00:00+00:00","article_modified_time":"2026-04-29T07:20:14+00:00","og_image":[{"width":150,"height":150,"url":"https:\/\/powered-by.qbank.se\/educatius\/sts\/\/1d86f9bc16adda5618ee040cbb860951_1-1-thumb.webp","type":"image\/jpeg"}],"author":"syncreadwrite","twitter_card":"summary_large_image","twitter_misc":{"Skrevet av":"syncreadwrite","Ansl. lesetid":"2 minutter"},"schema":{"@context":"https:\/\/schema.org","@graph":[{"@type":"Article","@id":"https:\/\/www.sts-education.com\/no\/high-school\/student-stories\/studenthistorier\/vera-dro-pa-utveksling-pa-high-school-til-costa-rica\/#article","isPartOf":{"@id":"https:\/\/www.sts-education.com\/no\/high-school\/student-stories\/studenthistorier\/vera-dro-pa-utveksling-pa-high-school-til-costa-rica\/"},"author":{"name":"syncreadwrite","@id":"https:\/\/www.sts-education.com\/no\/#\/schema\/person\/8b82f3a2e45f020b8f296d7a85d9a97c"},"headline":"Vera dro p\u00e5 utveksling p\u00e5 high school til Costa Rica","datePublished":"2025-12-11T08:00:00+00:00","dateModified":"2026-04-29T07:20:14+00:00","mainEntityOfPage":{"@id":"https:\/\/www.sts-education.com\/no\/high-school\/student-stories\/studenthistorier\/vera-dro-pa-utveksling-pa-high-school-til-costa-rica\/"},"wordCount":387,"commentCount":0,"image":{"@id":"https:\/\/www.sts-education.com\/no\/high-school\/student-stories\/studenthistorier\/vera-dro-pa-utveksling-pa-high-school-til-costa-rica\/#primaryimage"},"thumbnailUrl":"https:\/\/powered-by.qbank.se\/educatius\/sts\/\/1d86f9bc16adda5618ee040cbb860951_1-1-thumb.webp","keywords":["Costa Rica"],"articleSection":["Uncategorized @no"],"inLanguage":"nb-NO","potentialAction":[{"@type":"CommentAction","name":"Comment","target":["https:\/\/www.sts-education.com\/no\/high-school\/student-stories\/studenthistorier\/vera-dro-pa-utveksling-pa-high-school-til-costa-rica\/#respond"]}]},{"@type":"WebPage","@id":"https:\/\/www.sts-education.com\/no\/high-school\/student-stories\/studenthistorier\/vera-dro-pa-utveksling-pa-high-school-til-costa-rica\/","url":"https:\/\/www.sts-education.com\/no\/high-school\/student-stories\/studenthistorier\/vera-dro-pa-utveksling-pa-high-school-til-costa-rica\/","name":"Vera dro p\u00e5 utveksling p\u00e5 high school til Costa Rica","isPartOf":{"@id":"https:\/\/www.sts-education.com\/no\/#website"},"primaryImageOfPage":{"@id":"https:\/\/www.sts-education.com\/no\/high-school\/student-stories\/studenthistorier\/vera-dro-pa-utveksling-pa-high-school-til-costa-rica\/#primaryimage"},"image":{"@id":"https:\/\/www.sts-education.com\/no\/high-school\/student-stories\/studenthistorier\/vera-dro-pa-utveksling-pa-high-school-til-costa-rica\/#primaryimage"},"thumbnailUrl":"https:\/\/powered-by.qbank.se\/educatius\/sts\/\/1d86f9bc16adda5618ee040cbb860951_1-1-thumb.webp","datePublished":"2025-12-11T08:00:00+00:00","dateModified":"2026-04-29T07:20:14+00:00","author":{"@id":"https:\/\/www.sts-education.com\/no\/#\/schema\/person\/8b82f3a2e45f020b8f296d7a85d9a97c"},"description":"Jeg kan ikke anbefale Costa Rica nok som utvekslingsdestinasjon for high school! Hvis du er ute etter noe helt annet og et stort eventyr... s\u00e5 er dette stedet for deg!!!","breadcrumb":{"@id":"https:\/\/www.sts-education.com\/no\/high-school\/student-stories\/studenthistorier\/vera-dro-pa-utveksling-pa-high-school-til-costa-rica\/#breadcrumb"},"inLanguage":"nb-NO","potentialAction":[{"@type":"ReadAction","target":["https:\/\/www.sts-education.com\/no\/high-school\/student-stories\/studenthistorier\/vera-dro-pa-utveksling-pa-high-school-til-costa-rica\/"]}]},{"@type":"ImageObject","inLanguage":"nb-NO","@id":"https:\/\/www.sts-education.com\/no\/high-school\/student-stories\/studenthistorier\/vera-dro-pa-utveksling-pa-high-school-til-costa-rica\/#primaryimage","url":"https:\/\/powered-by.qbank.se\/educatius\/sts\/\/1d86f9bc16adda5618ee040cbb860951_1-1-thumb.webp","contentUrl":"https:\/\/powered-by.qbank.se\/educatius\/sts\/\/1d86f9bc16adda5618ee040cbb860951_1-1-thumb.webp","width":150,"height":150},{"@type":"BreadcrumbList","@id":"https:\/\/www.sts-education.com\/no\/high-school\/student-stories\/studenthistorier\/vera-dro-pa-utveksling-pa-high-school-til-costa-rica\/#breadcrumb","itemListElement":[{"@type":"ListItem","position":1,"name":"Home","item":"https:\/\/www.sts-education.com\/no\/"},{"@type":"ListItem","position":2,"name":"Vera dro p\u00e5 utveksling p\u00e5 high school til Costa Rica"}]},{"@type":"WebSite","@id":"https:\/\/www.sts-education.com\/no\/#website","url":"https:\/\/www.sts-education.com\/no\/","name":"STS Education","description":"","potentialAction":[{"@type":"SearchAction","target":{"@type":"EntryPoint","urlTemplate":"https:\/\/www.sts-education.com\/no\/?s={search_term_string}"},"query-input":{"@type":"PropertyValueSpecification","valueRequired":true,"valueName":"search_term_string"}}],"inLanguage":"nb-NO"},{"@type":"Person","@id":"https:\/\/www.sts-education.com\/no\/#\/schema\/person\/8b82f3a2e45f020b8f296d7a85d9a97c","name":"syncreadwrite","image":{"@type":"ImageObject","inLanguage":"nb-NO","@id":"https:\/\/secure.gravatar.com\/avatar\/6ed1007e4f6f43f22e3df41d9fce4365533cba47fef64bb359b8e629abbc2ea6?s=96&d=mm&r=g","url":"https:\/\/secure.gravatar.com\/avatar\/6ed1007e4f6f43f22e3df41d9fce4365533cba47fef64bb359b8e629abbc2ea6?s=96&d=mm&r=g","contentUrl":"https:\/\/secure.gravatar.com\/avatar\/6ed1007e4f6f43f22e3df41d9fce4365533cba47fef64bb359b8e629abbc2ea6?s=96&d=mm&r=g","caption":"syncreadwrite"},"url":"https:\/\/www.sts-education.com\/no\/author\/syncreadwrite\/"}]}},"_links":{"self":[{"href":"https:\/\/www.sts-education.com\/no\/wp-json\/wp\/v2\/posts\/12074","targetHints":{"allow":["GET"]}}],"collection":[{"href":"https:\/\/www.sts-education.com\/no\/wp-json\/wp\/v2\/posts"}],"about":[{"href":"https:\/\/www.sts-education.com\/no\/wp-json\/wp\/v2\/types\/post"}],"author":[{"embeddable":true,"href":"https:\/\/www.sts-education.com\/no\/wp-json\/wp\/v2\/users\/20"}],"replies":[{"embeddable":true,"href":"https:\/\/www.sts-education.com\/no\/wp-json\/wp\/v2\/comments?post=12074"}],"version-history":[{"count":6,"href":"https:\/\/www.sts-education.com\/no\/wp-json\/wp\/v2\/posts\/12074\/revisions"}],"predecessor-version":[{"id":42977,"href":"https:\/\/www.sts-education.com\/no\/wp-json\/wp\/v2\/posts\/12074\/revisions\/42977"}],"wp:featuredmedia":[{"embeddable":true,"href":"https:\/\/www.sts-education.com\/no\/wp-json\/wp\/v2\/media\/40339"}],"wp:attachment":[{"href":"https:\/\/www.sts-education.com\/no\/wp-json\/wp\/v2\/media?parent=12074"}],"wp:term":[{"taxonomy":"category","embeddable":true,"href":"https:\/\/www.sts-education.com\/no\/wp-json\/wp\/v2\/categories?post=12074"},{"taxonomy":"post_tag","embeddable":true,"href":"https:\/\/www.sts-education.com\/no\/wp-json\/wp\/v2\/tags?post=12074"},{"taxonomy":"wpw_post_folders","embeddable":true,"href":"https:\/\/www.sts-education.com\/no\/wp-json\/wp\/v2\/wpw_post_folders?post=12074"}],"curies":[{"name":"wp","href":"https:\/\/api.w.org\/{rel}","templated":true}]}}