{"id":12081,"date":"2025-08-06T13:00:00","date_gmt":"2025-08-06T11:00:00","guid":{"rendered":"https:\/\/preprod.sts-education.com\/blog\/2026\/03\/05\/maddalena-tilbrakte-et-ar-i-utlandet-i-usa\/"},"modified":"2026-04-29T09:29:23","modified_gmt":"2026-04-29T07:29:23","slug":"maddalena-tilbrakte-et-ar-i-utlandet-i-usa","status":"publish","type":"post","link":"https:\/\/www.sts-education.com\/no\/high-school\/student-stories\/studenthistorier\/maddalena-tilbrakte-et-ar-i-utlandet-i-usa\/","title":{"rendered":"Maddalena tilbrakte et \u00e5r i utlandet i USA"},"content":{"rendered":"\n<div class=\"wp-block-sts-text sts-text-editor has-max-width-md\"><div class=\"sts-text-editor__content\"><div class=\"sts-text-editor__content-inner\">\n<h1 style=\"text-align:center\">Maddalena tilbrakte et \u00e5r i utlandet i USA<\/h1>\n<\/div><\/div><\/div>\n\n\n\n<figure class=\"wp-block-sts-image sts-block-image sts-block-image--count-1 has-max-width-lg\" data-count=\"1\"><div class=\"sts-block-image__grid\"><div class=\"sts-block-image__item\"><picture class=\"sts-responsive-image has-fit-cover has-pos-top is-skeleton\"><source media=\"(max-width: 834.98px)\" srcset=\"https:\/\/powered-by.qbank.se\/educatius\/sts\/cb47aeee63c4e9c0c16299cd7216703a_1-1-thumb.webp 150w, https:\/\/powered-by.qbank.se\/educatius\/sts\/cb47aeee63c4e9c0c16299cd7216703a_1-1-xsmall.webp 500w, https:\/\/powered-by.qbank.se\/educatius\/sts\/cb47aeee63c4e9c0c16299cd7216703a_1-1-small.webp 800w, https:\/\/powered-by.qbank.se\/educatius\/sts\/cb47aeee63c4e9c0c16299cd7216703a_1-1-medium.webp 1024w, https:\/\/powered-by.qbank.se\/educatius\/sts\/cb47aeee63c4e9c0c16299cd7216703a_1-1-large.webp 1536w\" sizes=\"(max-width: 768px) 100vw, (max-width: 1200px) 100vw, 1200px\" type=\"image\/webp\"\/><source media=\"(min-width: 835px)\" srcset=\"https:\/\/powered-by.qbank.se\/educatius\/sts\/cb47aeee63c4e9c0c16299cd7216703a_16-9-small.webp 800w, https:\/\/powered-by.qbank.se\/educatius\/sts\/cb47aeee63c4e9c0c16299cd7216703a_16-9-medium.webp 1024w, https:\/\/powered-by.qbank.se\/educatius\/sts\/cb47aeee63c4e9c0c16299cd7216703a_16-9-large.webp 1536w\" sizes=\"(max-width: 768px) 100vw, (max-width: 1200px) 100vw, 1200px\" type=\"image\/webp\"\/><img src=\"https:\/\/powered-by.qbank.se\/educatius\/sts\/cb47aeee63c4e9c0c16299cd7216703a_1-1-thumb.webp\" alt=\"Maddalena tilbrakte et \u00e5r i utlandet i USA\" loading=\"lazy\" decoding=\"async\" fetchpriority=\"low\" style=\"object-position:top\"\/><\/picture><\/div><\/div><\/figure>\n\n\n\n<div class=\"wp-block-sts-text sts-text-editor has-max-width-md\"><div class=\"sts-text-editor__content\"><div class=\"sts-text-editor__content-inner\">\n<p><em>Mitt utvekslings\u00e5r i Oklahoma, USA.<\/em><\/p>\n<\/div><\/div><\/div>\n\n\n\n<div class=\"wp-block-sts-text sts-text-editor has-max-width-md\"><div class=\"sts-text-editor__content\"><div class=\"sts-text-editor__content-inner\">\n<p>Jeg dro p\u00e5 et utvekslings\u00e5r i Bixby, Oklahoma. Jeg valgte \u00e5 ta et helt \u00e5r for \u00e5 bli bedre kjent med kulturen og det engelske spr\u00e5ket, og for \u00e5 leve det livet jeg alltid har dr\u00f8mt om. Helt siden jeg var liten har jeg \u00f8nsket \u00e5 dra til USA, s\u00e5 valget var ganske opplagt.<\/p>\n<p>Skolen var akkurat som i filmene, og alt var s\u00e5 perfekt! Jeg fikk g\u00e5 p\u00e5 fotballkamper som var magiske. Det var ikke vanskelig \u00e5 f\u00e5 venner, jeg ble med p\u00e5 sv\u00f8mmelaget og m\u00f8tte mange mennesker som raskt ble noen av mine beste venner. Vertsfamilien min var ogs\u00e5 perfekt, og vi har et veldig sterkt b\u00e5nd! Jeg savner dem s\u00e5 mye.<\/p>\n<p>Den st\u00f8rste forskjellen mellom USA og Europa var nok maten og all fastfooden, men den var fantastisk! Det var g\u00f8y \u00e5 pr\u00f8ve alt. Det beste med opplevelsen min var \u00e5 kunne dele tanker med mennesker fra forskjellige kulturer. Jeg likte ogs\u00e5 at skolesystemet var mer morsomt og avslappet.<\/p>\n<p>Jeg anbefaler alle \u00e5 ta et utvekslings\u00e5r. Det gj\u00f8r deg mer moden og bevisst p\u00e5 hvem du er og hvor sterk du er. Mitt beste r\u00e5d er \u00e5 v\u00e6re s\u00e5 \u00e5pen som mulig og si JA til alle nye opplevelser!<\/p>\n<p>Utvekslings\u00e5ret mitt var akkurat som jeg hadde forventet, og jeg ville valgt \u00e5 gj\u00f8re det med STS igjen og igjen! De var fantastiske, og jeg elsket vertsbyen min. Jeg trengte ikke mye st\u00f8tte fordi alt gikk bra, men de sjekket alltid hvordan det gikk med meg.<\/p>\n<h2>Finn ut mer<\/h2>\n<ul>\n<li>Les flere <a href=\"https:\/\/www.sts-education.com\/no\/high-school\/student-stories\/studenthistorier\/?hashtag=USA\">studenthistorier fra USA<\/a><\/li>\n<li>Les mer om <a href=\"https:\/\/www.sts-education.com\/no\/high-school\/destinasjoner\/nord-amerika\/usa\/\">utveksling p\u00e5 high school i USA<\/a><\/li>\n<li>Se alle v\u00e5re <a href=\"\/no\/high-school\/tripfinder\/\">utvekslingsdestinasjoner for high school<\/a><\/li>\n<\/ul>\n<\/div><\/div><\/div>\n","protected":false},"excerpt":{"rendered":"","protected":false},"author":20,"featured_media":40400,"comment_status":"open","ping_status":"open","sticky":false,"template":"","format":"standard","meta":{"_acf_changed":false,"_yoast_wpseo_title":"Maddalena tilbrakte et \u00e5r i utlandet i USA","_yoast_wpseo_metadesc":"Jeg dro p\u00e5 utvekslings\u00e5r i Bixby, Oklahoma. Jeg valgte \u00e5 ta et helt \u00e5r for \u00e5 bli bedre kjent med kulturen og det engelske spr\u00e5ket, og for \u00e5 leve det livet jeg alltid har dr\u00f8mt om.","footnotes":""},"categories":[275],"tags":[1010],"wpw_post_folders":[],"class_list":["post-12081","post","type-post","status-publish","format-standard","has-post-thumbnail","hentry","category-uncategorized-no","tag-usa"],"acf":[],"yoast_head":"<!-- This site is optimized with the Yoast SEO Premium plugin v27.2 (Yoast SEO v27.2) - https:\/\/yoast.com\/product\/yoast-seo-premium-wordpress\/ -->\n<title>Maddalena tilbrakte et \u00e5r i utlandet i USA<\/title>\n<meta name=\"description\" content=\"Jeg dro p\u00e5 utvekslings\u00e5r i Bixby, Oklahoma. Jeg valgte \u00e5 ta et helt \u00e5r for \u00e5 bli bedre kjent med kulturen og det engelske spr\u00e5ket, og for \u00e5 leve det livet jeg alltid har dr\u00f8mt om.\" \/>\n<meta name=\"robots\" content=\"index, follow, max-snippet:-1, max-image-preview:large, max-video-preview:-1\" \/>\n<link rel=\"canonical\" href=\"https:\/\/www.sts-education.com\/no\/high-school\/student-stories\/studenthistorier\/maddalena-tilbrakte-et-ar-i-utlandet-i-usa\/\" \/>\n<meta property=\"og:locale\" content=\"nb_NO\" \/>\n<meta property=\"og:type\" content=\"article\" \/>\n<meta property=\"og:title\" content=\"Maddalena tilbrakte et \u00e5r i utlandet i USA\" \/>\n<meta property=\"og:description\" content=\"Jeg dro p\u00e5 utvekslings\u00e5r i Bixby, Oklahoma. Jeg valgte \u00e5 ta et helt \u00e5r for \u00e5 bli bedre kjent med kulturen og det engelske spr\u00e5ket, og for \u00e5 leve det livet jeg alltid har dr\u00f8mt om.\" \/>\n<meta property=\"og:url\" content=\"https:\/\/www.sts-education.com\/no\/high-school\/student-stories\/studenthistorier\/maddalena-tilbrakte-et-ar-i-utlandet-i-usa\/\" \/>\n<meta property=\"og:site_name\" content=\"STS Education\" \/>\n<meta property=\"article:published_time\" content=\"2025-08-06T11:00:00+00:00\" \/>\n<meta property=\"article:modified_time\" content=\"2026-04-29T07:29:23+00:00\" \/>\n<meta property=\"og:image\" content=\"https:\/\/powered-by.qbank.se\/educatius\/sts\/\/cb47aeee63c4e9c0c16299cd7216703a_1-1-thumb.webp\" \/>\n\t<meta property=\"og:image:width\" content=\"150\" \/>\n\t<meta property=\"og:image:height\" content=\"150\" \/>\n\t<meta property=\"og:image:type\" content=\"image\/png\" \/>\n<meta name=\"author\" content=\"syncreadwrite\" \/>\n<meta name=\"twitter:card\" content=\"summary_large_image\" \/>\n<meta name=\"twitter:label1\" content=\"Skrevet av\" \/>\n\t<meta name=\"twitter:data1\" content=\"syncreadwrite\" \/>\n\t<meta name=\"twitter:label2\" content=\"Ansl. lesetid\" \/>\n\t<meta name=\"twitter:data2\" content=\"2 minutter\" \/>\n<script type=\"application\/ld+json\" class=\"yoast-schema-graph\">{\"@context\":\"https:\/\/schema.org\",\"@graph\":[{\"@type\":\"Article\",\"@id\":\"https:\/\/www.sts-education.com\/no\/high-school\/student-stories\/studenthistorier\/maddalena-tilbrakte-et-ar-i-utlandet-i-usa\/#article\",\"isPartOf\":{\"@id\":\"https:\/\/www.sts-education.com\/no\/high-school\/student-stories\/studenthistorier\/maddalena-tilbrakte-et-ar-i-utlandet-i-usa\/\"},\"author\":{\"name\":\"syncreadwrite\",\"@id\":\"https:\/\/www.sts-education.com\/no\/#\/schema\/person\/8b82f3a2e45f020b8f296d7a85d9a97c\"},\"headline\":\"Maddalena tilbrakte et \u00e5r i utlandet i USA\",\"datePublished\":\"2025-08-06T11:00:00+00:00\",\"dateModified\":\"2026-04-29T07:29:23+00:00\",\"mainEntityOfPage\":{\"@id\":\"https:\/\/www.sts-education.com\/no\/high-school\/student-stories\/studenthistorier\/maddalena-tilbrakte-et-ar-i-utlandet-i-usa\/\"},\"wordCount\":301,\"commentCount\":0,\"image\":{\"@id\":\"https:\/\/www.sts-education.com\/no\/high-school\/student-stories\/studenthistorier\/maddalena-tilbrakte-et-ar-i-utlandet-i-usa\/#primaryimage\"},\"thumbnailUrl\":\"https:\/\/powered-by.qbank.se\/educatius\/sts\/\/cb47aeee63c4e9c0c16299cd7216703a_1-1-thumb.webp\",\"keywords\":[\"USA\"],\"articleSection\":[\"Uncategorized @no\"],\"inLanguage\":\"nb-NO\",\"potentialAction\":[{\"@type\":\"CommentAction\",\"name\":\"Comment\",\"target\":[\"https:\/\/www.sts-education.com\/no\/high-school\/student-stories\/studenthistorier\/maddalena-tilbrakte-et-ar-i-utlandet-i-usa\/#respond\"]}]},{\"@type\":\"WebPage\",\"@id\":\"https:\/\/www.sts-education.com\/no\/high-school\/student-stories\/studenthistorier\/maddalena-tilbrakte-et-ar-i-utlandet-i-usa\/\",\"url\":\"https:\/\/www.sts-education.com\/no\/high-school\/student-stories\/studenthistorier\/maddalena-tilbrakte-et-ar-i-utlandet-i-usa\/\",\"name\":\"Maddalena tilbrakte et \u00e5r i utlandet i USA\",\"isPartOf\":{\"@id\":\"https:\/\/www.sts-education.com\/no\/#website\"},\"primaryImageOfPage\":{\"@id\":\"https:\/\/www.sts-education.com\/no\/high-school\/student-stories\/studenthistorier\/maddalena-tilbrakte-et-ar-i-utlandet-i-usa\/#primaryimage\"},\"image\":{\"@id\":\"https:\/\/www.sts-education.com\/no\/high-school\/student-stories\/studenthistorier\/maddalena-tilbrakte-et-ar-i-utlandet-i-usa\/#primaryimage\"},\"thumbnailUrl\":\"https:\/\/powered-by.qbank.se\/educatius\/sts\/\/cb47aeee63c4e9c0c16299cd7216703a_1-1-thumb.webp\",\"datePublished\":\"2025-08-06T11:00:00+00:00\",\"dateModified\":\"2026-04-29T07:29:23+00:00\",\"author\":{\"@id\":\"https:\/\/www.sts-education.com\/no\/#\/schema\/person\/8b82f3a2e45f020b8f296d7a85d9a97c\"},\"description\":\"Jeg dro p\u00e5 utvekslings\u00e5r i Bixby, Oklahoma. Jeg valgte \u00e5 ta et helt \u00e5r for \u00e5 bli bedre kjent med kulturen og det engelske spr\u00e5ket, og for \u00e5 leve det livet jeg alltid har dr\u00f8mt om.\",\"breadcrumb\":{\"@id\":\"https:\/\/www.sts-education.com\/no\/high-school\/student-stories\/studenthistorier\/maddalena-tilbrakte-et-ar-i-utlandet-i-usa\/#breadcrumb\"},\"inLanguage\":\"nb-NO\",\"potentialAction\":[{\"@type\":\"ReadAction\",\"target\":[\"https:\/\/www.sts-education.com\/no\/high-school\/student-stories\/studenthistorier\/maddalena-tilbrakte-et-ar-i-utlandet-i-usa\/\"]}]},{\"@type\":\"ImageObject\",\"inLanguage\":\"nb-NO\",\"@id\":\"https:\/\/www.sts-education.com\/no\/high-school\/student-stories\/studenthistorier\/maddalena-tilbrakte-et-ar-i-utlandet-i-usa\/#primaryimage\",\"url\":\"https:\/\/powered-by.qbank.se\/educatius\/sts\/\/cb47aeee63c4e9c0c16299cd7216703a_1-1-thumb.webp\",\"contentUrl\":\"https:\/\/powered-by.qbank.se\/educatius\/sts\/\/cb47aeee63c4e9c0c16299cd7216703a_1-1-thumb.webp\",\"width\":150,\"height\":150},{\"@type\":\"BreadcrumbList\",\"@id\":\"https:\/\/www.sts-education.com\/no\/high-school\/student-stories\/studenthistorier\/maddalena-tilbrakte-et-ar-i-utlandet-i-usa\/#breadcrumb\",\"itemListElement\":[{\"@type\":\"ListItem\",\"position\":1,\"name\":\"Home\",\"item\":\"https:\/\/www.sts-education.com\/no\/\"},{\"@type\":\"ListItem\",\"position\":2,\"name\":\"Maddalena tilbrakte et \u00e5r i utlandet i USA\"}]},{\"@type\":\"WebSite\",\"@id\":\"https:\/\/www.sts-education.com\/no\/#website\",\"url\":\"https:\/\/www.sts-education.com\/no\/\",\"name\":\"STS Education\",\"description\":\"\",\"potentialAction\":[{\"@type\":\"SearchAction\",\"target\":{\"@type\":\"EntryPoint\",\"urlTemplate\":\"https:\/\/www.sts-education.com\/no\/?s={search_term_string}\"},\"query-input\":{\"@type\":\"PropertyValueSpecification\",\"valueRequired\":true,\"valueName\":\"search_term_string\"}}],\"inLanguage\":\"nb-NO\"},{\"@type\":\"Person\",\"@id\":\"https:\/\/www.sts-education.com\/no\/#\/schema\/person\/8b82f3a2e45f020b8f296d7a85d9a97c\",\"name\":\"syncreadwrite\",\"image\":{\"@type\":\"ImageObject\",\"inLanguage\":\"nb-NO\",\"@id\":\"https:\/\/secure.gravatar.com\/avatar\/6ed1007e4f6f43f22e3df41d9fce4365533cba47fef64bb359b8e629abbc2ea6?s=96&d=mm&r=g\",\"url\":\"https:\/\/secure.gravatar.com\/avatar\/6ed1007e4f6f43f22e3df41d9fce4365533cba47fef64bb359b8e629abbc2ea6?s=96&d=mm&r=g\",\"contentUrl\":\"https:\/\/secure.gravatar.com\/avatar\/6ed1007e4f6f43f22e3df41d9fce4365533cba47fef64bb359b8e629abbc2ea6?s=96&d=mm&r=g\",\"caption\":\"syncreadwrite\"},\"url\":\"https:\/\/www.sts-education.com\/no\/author\/syncreadwrite\/\"}]}<\/script>\n<!-- \/ Yoast SEO Premium plugin. -->","yoast_head_json":{"title":"Maddalena tilbrakte et \u00e5r i utlandet i USA","description":"Jeg dro p\u00e5 utvekslings\u00e5r i Bixby, Oklahoma. Jeg valgte \u00e5 ta et helt \u00e5r for \u00e5 bli bedre kjent med kulturen og det engelske spr\u00e5ket, og for \u00e5 leve det livet jeg alltid har dr\u00f8mt om.","robots":{"index":"index","follow":"follow","max-snippet":"max-snippet:-1","max-image-preview":"max-image-preview:large","max-video-preview":"max-video-preview:-1"},"canonical":"https:\/\/www.sts-education.com\/no\/high-school\/student-stories\/studenthistorier\/maddalena-tilbrakte-et-ar-i-utlandet-i-usa\/","og_locale":"nb_NO","og_type":"article","og_title":"Maddalena tilbrakte et \u00e5r i utlandet i USA","og_description":"Jeg dro p\u00e5 utvekslings\u00e5r i Bixby, Oklahoma. Jeg valgte \u00e5 ta et helt \u00e5r for \u00e5 bli bedre kjent med kulturen og det engelske spr\u00e5ket, og for \u00e5 leve det livet jeg alltid har dr\u00f8mt om.","og_url":"https:\/\/www.sts-education.com\/no\/high-school\/student-stories\/studenthistorier\/maddalena-tilbrakte-et-ar-i-utlandet-i-usa\/","og_site_name":"STS Education","article_published_time":"2025-08-06T11:00:00+00:00","article_modified_time":"2026-04-29T07:29:23+00:00","og_image":[{"width":150,"height":150,"url":"https:\/\/powered-by.qbank.se\/educatius\/sts\/\/cb47aeee63c4e9c0c16299cd7216703a_1-1-thumb.webp","type":"image\/png"}],"author":"syncreadwrite","twitter_card":"summary_large_image","twitter_misc":{"Skrevet av":"syncreadwrite","Ansl. lesetid":"2 minutter"},"schema":{"@context":"https:\/\/schema.org","@graph":[{"@type":"Article","@id":"https:\/\/www.sts-education.com\/no\/high-school\/student-stories\/studenthistorier\/maddalena-tilbrakte-et-ar-i-utlandet-i-usa\/#article","isPartOf":{"@id":"https:\/\/www.sts-education.com\/no\/high-school\/student-stories\/studenthistorier\/maddalena-tilbrakte-et-ar-i-utlandet-i-usa\/"},"author":{"name":"syncreadwrite","@id":"https:\/\/www.sts-education.com\/no\/#\/schema\/person\/8b82f3a2e45f020b8f296d7a85d9a97c"},"headline":"Maddalena tilbrakte et \u00e5r i utlandet i USA","datePublished":"2025-08-06T11:00:00+00:00","dateModified":"2026-04-29T07:29:23+00:00","mainEntityOfPage":{"@id":"https:\/\/www.sts-education.com\/no\/high-school\/student-stories\/studenthistorier\/maddalena-tilbrakte-et-ar-i-utlandet-i-usa\/"},"wordCount":301,"commentCount":0,"image":{"@id":"https:\/\/www.sts-education.com\/no\/high-school\/student-stories\/studenthistorier\/maddalena-tilbrakte-et-ar-i-utlandet-i-usa\/#primaryimage"},"thumbnailUrl":"https:\/\/powered-by.qbank.se\/educatius\/sts\/\/cb47aeee63c4e9c0c16299cd7216703a_1-1-thumb.webp","keywords":["USA"],"articleSection":["Uncategorized @no"],"inLanguage":"nb-NO","potentialAction":[{"@type":"CommentAction","name":"Comment","target":["https:\/\/www.sts-education.com\/no\/high-school\/student-stories\/studenthistorier\/maddalena-tilbrakte-et-ar-i-utlandet-i-usa\/#respond"]}]},{"@type":"WebPage","@id":"https:\/\/www.sts-education.com\/no\/high-school\/student-stories\/studenthistorier\/maddalena-tilbrakte-et-ar-i-utlandet-i-usa\/","url":"https:\/\/www.sts-education.com\/no\/high-school\/student-stories\/studenthistorier\/maddalena-tilbrakte-et-ar-i-utlandet-i-usa\/","name":"Maddalena tilbrakte et \u00e5r i utlandet i USA","isPartOf":{"@id":"https:\/\/www.sts-education.com\/no\/#website"},"primaryImageOfPage":{"@id":"https:\/\/www.sts-education.com\/no\/high-school\/student-stories\/studenthistorier\/maddalena-tilbrakte-et-ar-i-utlandet-i-usa\/#primaryimage"},"image":{"@id":"https:\/\/www.sts-education.com\/no\/high-school\/student-stories\/studenthistorier\/maddalena-tilbrakte-et-ar-i-utlandet-i-usa\/#primaryimage"},"thumbnailUrl":"https:\/\/powered-by.qbank.se\/educatius\/sts\/\/cb47aeee63c4e9c0c16299cd7216703a_1-1-thumb.webp","datePublished":"2025-08-06T11:00:00+00:00","dateModified":"2026-04-29T07:29:23+00:00","author":{"@id":"https:\/\/www.sts-education.com\/no\/#\/schema\/person\/8b82f3a2e45f020b8f296d7a85d9a97c"},"description":"Jeg dro p\u00e5 utvekslings\u00e5r i Bixby, Oklahoma. Jeg valgte \u00e5 ta et helt \u00e5r for \u00e5 bli bedre kjent med kulturen og det engelske spr\u00e5ket, og for \u00e5 leve det livet jeg alltid har dr\u00f8mt om.","breadcrumb":{"@id":"https:\/\/www.sts-education.com\/no\/high-school\/student-stories\/studenthistorier\/maddalena-tilbrakte-et-ar-i-utlandet-i-usa\/#breadcrumb"},"inLanguage":"nb-NO","potentialAction":[{"@type":"ReadAction","target":["https:\/\/www.sts-education.com\/no\/high-school\/student-stories\/studenthistorier\/maddalena-tilbrakte-et-ar-i-utlandet-i-usa\/"]}]},{"@type":"ImageObject","inLanguage":"nb-NO","@id":"https:\/\/www.sts-education.com\/no\/high-school\/student-stories\/studenthistorier\/maddalena-tilbrakte-et-ar-i-utlandet-i-usa\/#primaryimage","url":"https:\/\/powered-by.qbank.se\/educatius\/sts\/\/cb47aeee63c4e9c0c16299cd7216703a_1-1-thumb.webp","contentUrl":"https:\/\/powered-by.qbank.se\/educatius\/sts\/\/cb47aeee63c4e9c0c16299cd7216703a_1-1-thumb.webp","width":150,"height":150},{"@type":"BreadcrumbList","@id":"https:\/\/www.sts-education.com\/no\/high-school\/student-stories\/studenthistorier\/maddalena-tilbrakte-et-ar-i-utlandet-i-usa\/#breadcrumb","itemListElement":[{"@type":"ListItem","position":1,"name":"Home","item":"https:\/\/www.sts-education.com\/no\/"},{"@type":"ListItem","position":2,"name":"Maddalena tilbrakte et \u00e5r i utlandet i USA"}]},{"@type":"WebSite","@id":"https:\/\/www.sts-education.com\/no\/#website","url":"https:\/\/www.sts-education.com\/no\/","name":"STS Education","description":"","potentialAction":[{"@type":"SearchAction","target":{"@type":"EntryPoint","urlTemplate":"https:\/\/www.sts-education.com\/no\/?s={search_term_string}"},"query-input":{"@type":"PropertyValueSpecification","valueRequired":true,"valueName":"search_term_string"}}],"inLanguage":"nb-NO"},{"@type":"Person","@id":"https:\/\/www.sts-education.com\/no\/#\/schema\/person\/8b82f3a2e45f020b8f296d7a85d9a97c","name":"syncreadwrite","image":{"@type":"ImageObject","inLanguage":"nb-NO","@id":"https:\/\/secure.gravatar.com\/avatar\/6ed1007e4f6f43f22e3df41d9fce4365533cba47fef64bb359b8e629abbc2ea6?s=96&d=mm&r=g","url":"https:\/\/secure.gravatar.com\/avatar\/6ed1007e4f6f43f22e3df41d9fce4365533cba47fef64bb359b8e629abbc2ea6?s=96&d=mm&r=g","contentUrl":"https:\/\/secure.gravatar.com\/avatar\/6ed1007e4f6f43f22e3df41d9fce4365533cba47fef64bb359b8e629abbc2ea6?s=96&d=mm&r=g","caption":"syncreadwrite"},"url":"https:\/\/www.sts-education.com\/no\/author\/syncreadwrite\/"}]}},"_links":{"self":[{"href":"https:\/\/www.sts-education.com\/no\/wp-json\/wp\/v2\/posts\/12081","targetHints":{"allow":["GET"]}}],"collection":[{"href":"https:\/\/www.sts-education.com\/no\/wp-json\/wp\/v2\/posts"}],"about":[{"href":"https:\/\/www.sts-education.com\/no\/wp-json\/wp\/v2\/types\/post"}],"author":[{"embeddable":true,"href":"https:\/\/www.sts-education.com\/no\/wp-json\/wp\/v2\/users\/20"}],"replies":[{"embeddable":true,"href":"https:\/\/www.sts-education.com\/no\/wp-json\/wp\/v2\/comments?post=12081"}],"version-history":[{"count":7,"href":"https:\/\/www.sts-education.com\/no\/wp-json\/wp\/v2\/posts\/12081\/revisions"}],"predecessor-version":[{"id":43077,"href":"https:\/\/www.sts-education.com\/no\/wp-json\/wp\/v2\/posts\/12081\/revisions\/43077"}],"wp:featuredmedia":[{"embeddable":true,"href":"https:\/\/www.sts-education.com\/no\/wp-json\/wp\/v2\/media\/40400"}],"wp:attachment":[{"href":"https:\/\/www.sts-education.com\/no\/wp-json\/wp\/v2\/media?parent=12081"}],"wp:term":[{"taxonomy":"category","embeddable":true,"href":"https:\/\/www.sts-education.com\/no\/wp-json\/wp\/v2\/categories?post=12081"},{"taxonomy":"post_tag","embeddable":true,"href":"https:\/\/www.sts-education.com\/no\/wp-json\/wp\/v2\/tags?post=12081"},{"taxonomy":"wpw_post_folders","embeddable":true,"href":"https:\/\/www.sts-education.com\/no\/wp-json\/wp\/v2\/wpw_post_folders?post=12081"}],"curies":[{"name":"wp","href":"https:\/\/api.w.org\/{rel}","templated":true}]}}