{"id":12091,"date":"2025-04-29T12:00:00","date_gmt":"2025-04-29T10:00:00","guid":{"rendered":"https:\/\/preprod.sts-education.com\/blog\/2026\/03\/05\/santiago-tilbrakte-et-ar-i-utlandet-i-tyskland\/"},"modified":"2026-04-29T09:40:32","modified_gmt":"2026-04-29T07:40:32","slug":"santiago-tilbrakte-et-ar-i-utlandet-i-tyskland","status":"publish","type":"post","link":"https:\/\/www.sts-education.com\/no\/high-school\/student-stories\/studenthistorier\/santiago-tilbrakte-et-ar-i-utlandet-i-tyskland\/","title":{"rendered":"Santiago tilbrakte ett \u00e5r i Tyskland"},"content":{"rendered":"\n<div class=\"wp-block-sts-text sts-text-editor has-max-width-md\"><div class=\"sts-text-editor__content\"><div class=\"sts-text-editor__content-inner\">\n<h1 style=\"text-align: center\">Santiago tilbrakte ett \u00e5r i Tyskland<\/h1>\n<\/div><\/div><\/div>\n\n\n\n<figure class=\"wp-block-sts-image sts-block-image sts-block-image--count-1 has-max-width-lg\" data-count=\"1\"><div class=\"sts-block-image__grid\"><div class=\"sts-block-image__item\"><picture class=\"sts-responsive-image has-fit-cover has-pos-top is-skeleton\"><source media=\"(max-width: 834.98px)\" srcset=\"https:\/\/powered-by.qbank.se\/educatius\/sts\/43e68672be7254d15af7e5ab3b6ccc65_1-1-thumb.webp 150w, https:\/\/powered-by.qbank.se\/educatius\/sts\/43e68672be7254d15af7e5ab3b6ccc65_1-1-xsmall.webp 500w, https:\/\/powered-by.qbank.se\/educatius\/sts\/43e68672be7254d15af7e5ab3b6ccc65_1-1-small.webp 800w, https:\/\/powered-by.qbank.se\/educatius\/sts\/43e68672be7254d15af7e5ab3b6ccc65_1-1-medium.webp 1024w, https:\/\/powered-by.qbank.se\/educatius\/sts\/43e68672be7254d15af7e5ab3b6ccc65_1-1-large.webp 1536w\" sizes=\"(max-width: 768px) 100vw, (max-width: 1200px) 100vw, 1200px\" type=\"image\/webp\"\/><source media=\"(min-width: 835px)\" srcset=\"https:\/\/powered-by.qbank.se\/educatius\/sts\/43e68672be7254d15af7e5ab3b6ccc65_16-9-small.webp 800w, https:\/\/powered-by.qbank.se\/educatius\/sts\/43e68672be7254d15af7e5ab3b6ccc65_16-9-medium.webp 1024w, https:\/\/powered-by.qbank.se\/educatius\/sts\/43e68672be7254d15af7e5ab3b6ccc65_16-9-large.webp 1536w\" sizes=\"(max-width: 768px) 100vw, (max-width: 1200px) 100vw, 1200px\" type=\"image\/webp\"\/><img src=\"https:\/\/powered-by.qbank.se\/educatius\/sts\/43e68672be7254d15af7e5ab3b6ccc65_1-1-thumb.webp\" alt=\"Santiago tilbrakte et \u00e5r i utlandet i Tyskland\" loading=\"lazy\" decoding=\"async\" fetchpriority=\"low\" style=\"object-position:top\"\/><\/picture><\/div><\/div><\/figure>\n\n\n\n<div class=\"wp-block-sts-text sts-text-editor has-max-width-md\"><div class=\"sts-text-editor__content\"><div class=\"sts-text-editor__content-inner\">\n<p><em>Santiago fra Mexico tilbrakte et skole\u00e5r i Tyskland.<\/em><\/p>\n<\/div><\/div><\/div>\n\n\n\n<div class=\"wp-block-sts-text sts-text-editor has-max-width-md\"><div class=\"sts-text-editor__content\"><div class=\"sts-text-editor__content-inner\">\n<p>I forrige skole\u00e5r tilbrakte jeg et helt utvekslings\u00e5r i Tyskland med STS. Jeg valgte \u00e5 reise utenlands fordi jeg \u00f8nsket \u00e5 oppleve en ny kultur, forbedre spr\u00e5kferdighetene mine og utfordre meg selv ved \u00e5 g\u00e5 ut av komfortsonen min. Tyskland virket som det perfekte hjemmet for meg det \u00e5ret, og det var det ogs\u00e5. Jeg \u00f8nsket \u00e5 l\u00e6re spr\u00e5ket, l\u00e6re mer om kulturen og utforske alt det hadde \u00e5 tilby, og jeg fikk gjort alt det og mer til. I begynnelsen var det litt overveldende \u00e5 tilpasse seg en ny skole og en ny livsstil, hovedsakelig p\u00e5 grunn av alle kulturkollisjonene jeg opplevde, men etter hvert fant jeg rytmen min og ble vant til det. Dette er min korte historie fra \u00e5ret jeg bodde i Fulda i Tyskland.<\/p>\n<h2>Min STORE vertsfamilie<\/h2>\n<p>Fra det \u00f8yeblikket jeg ankom flyplassen og ble \u00f8nsket velkommen av vertsforeldrene mine, merket jeg en varm f\u00f8lelse hos dem. De kom med en ballong og familiens hund og med det mest im\u00f8tekommende smilet som jeg virkelig satte pris p\u00e5 fra begynnelsen av. \u00c5 bo hos en vertsfamilie var en unik opplevelse. \u00c5, hvilken overraskelse da jeg ble mottatt av en familie p\u00e5 6! Jeg er vant til \u00e5 bare ha en yngre bror rundt meg, noe som uten tvil gjorde dette \u00e5ret til en unik mulighet. Jeg ble vant til livet deres, selvf\u00f8lgelig var det noen sm\u00e5 utfordringer underveis, men det var bare en del av opplevelsen.<\/p>\n<p>De l\u00e6rte meg mye om tysk kultur og dagligliv. Jeg ble vant til \u00e5 spise middag p\u00e5 et uvanlig tidspunkt for meg og \u00e5 drikke kaffe og spise kake med Oma und Opa nesten hver s\u00f8ndag. Vertsfamilien min var den beste jeg kunne \u00f8nsket meg. Jeg ble virkelig knyttet til alle i familien, inkludert familiens venner og n\u00e6re slektninger. Vi reiste sammen til Hellas i h\u00f8stferien og til de \u00f8sterrikske Alpene i en hel uke om vinteren. Det var f\u00f8rste gang jeg sto p\u00e5 ski, s\u00e5 det var definitivt et h\u00f8ydepunkt jeg vil huske. Jeg fikk ogs\u00e5 oppleve fotballkamper p\u00e5 noen av de beste stadionene i Tyskland og oppleve minneverdige dager sammen med dem alle.<\/p>\n<h2>Min tyske skole<\/h2>\n<p>Skolen min i Fulda var ganske annerledes enn det jeg var vant til hjemme i Mexico. Det var en overraskelse for meg da jeg kom til Gymnasium og oppdaget at alle fra 5. til 13. klasse var samlet i samme bygning. Jeg la ogs\u00e5 merke til en mye mer seri\u00f8s atmosf\u00e6re, hvor elevene var mye mer formelle med l\u00e6rerne. Det var ikke mye lekser eller gruppeprosjekter, og det ble erstattet av eksamener. Likevel, etter et par uker, fikk jeg taket p\u00e5 det og brukte det som en mulighet til \u00e5 forbedre tyskken min og l\u00e6re nye ting i de forskjellige fagene.<\/p>\n<p>Overraskende nok syntes jeg DSP (som er teaterfag) var det mest interessante av alt. Jeg syntes det var en stor utfordring, men ogs\u00e5 morsomt \u00e5 spille teater p\u00e5 et helt annet spr\u00e5k (selv om jeg ikke er s\u00e6rlig flink til det) og har gode minner med klassekameratene mine. Det var p\u00e5 skolen jeg fant mine f\u00f8rste beste venner, som jeg var sammen med hele skole\u00e5ret. Jeg setter stor pris p\u00e5 at de var modige og snille nok til \u00e5 snakke med meg de f\u00f8rste dagene, og selv om de i begynnelsen ofte m\u00e5tte snakke engelsk, hadde de ikke noe problem med det. Etter de f\u00f8rste ukene, da jeg hadde f\u00e5tt taket p\u00e5 spr\u00e5ket, kunne vi snakke om de samme tingene helt p\u00e5 tysk!<\/p>\n<h2>Venner og livet i Tyskland<\/h2>\n<p>Gjennom mine f\u00f8rste venner p\u00e5 skolen fant jeg alle de andre vennene mine, som jeg tilbrakte nesten alle helgene med. (Hilsen til Luca, Bene, Nele og Aurora, som jeg selvf\u00f8lgelig fortsatt har kontakt med og ser hver gang jeg har mulighet). Vi dro ofte ut p\u00e5 byen etter skolen eller bare hang sammen som Dorfkinder eller hjemme. Vi reiste til Frankfurt eller gikk ut og festet i helgene. Livet i Tyskland som ten\u00e5ring er fantastisk. Det var veldig enkelt \u00e5 komme seg rundt med offentlig transport, og det gjorde stort inntrykk p\u00e5 meg, fordi jeg er vant til \u00e5 trenge bil til alt i hjembyen min. Jeg fikk oppleve ting jeg aldri hadde sett f\u00f8r, som sn\u00f8 p\u00e5 julemarkedene og Fasching, den enorme karnevalen som fant sted i byen. Jeg oppdaget ogs\u00e5 nye hobbyer, som bouldering, som endte opp med \u00e5 bli favorittaktiviteten min 3\u20134 ettermiddager i uken.<\/p>\n<h2>STS-reiser og internasjonale venner<\/h2>\n<p>De to turene som STS organiserte til Hamburg og Berlin var h\u00f8ydepunkter i seg selv. Jeg m\u00f8tte en gjeng studenter i samme situasjon som meg, og vi fikk sjansen til \u00e5 tilbringe to helger sammen, fortelle historier om v\u00e5re opplevelser, bli kjent med hverandre og skape fantastiske minner. Jeg har m\u00f8tt gode venner fra Italia og Slovakia, og noen andre fra Mexico ogs\u00e5. Jeg skulle gjerne v\u00e6rt med p\u00e5 det igjen.<\/p>\n<h2>Tilbake \u2013 og fremover<\/h2>\n<p>N\u00e5r jeg ser tilbake, var utvekslings\u00e5ret mitt en uforglemmelig opplevelse som hjalp meg \u00e5 vokse og modnes s\u00e5 mye. Jeg ble mer selvstendig og forbedret tyskferdighetene mine enormt, noe som \u00e5pnet mange d\u00f8rer for meg. Jeg bor og studerer fortsatt i Tyskland, og jeg elsker det, og det er takket v\u00e6re dette utvekslings\u00e5ret, hvor jeg virkelig fikk sjansen til \u00e5 tenke gjennom fremtiden min og sikre at jeg tok det beste valget for meg selv. Jeg har ogs\u00e5 bes\u00f8kt vertsfamilien min to ganger siden den gang og hadde nok en gang en av de fineste julene jeg kan huske.<\/p>\n<h2>Min anbefaling<\/h2>\n<p>Hvis noen vurderer \u00e5 pr\u00f8ve det, vil jeg anbefale det p\u00e5 det varmeste \u2013 det er en unik sjanse til \u00e5 utforske nye muligheter, m\u00f8te fantastiske mennesker og l\u00e6re mer om deg selv, dine lidenskaper og dr\u00f8mmer.<\/p>\n<h2>Finn ut mer<\/h2>\n<ul>\n<li>Les flere <a href=\"https:\/\/www.sts-education.com\/no\/high-school\/student-stories\/studenthistorier\/?hashtag=Tyskland\">studenthistorier fra Tyskland<\/a><\/li>\n<li>Les mer om <a href=\"https:\/\/www.sts-education.com\/no\/high-school\/destinasjoner\/europa\/tyskland\/\">utveksling p\u00e5 high school i Tyskland<\/a><\/li>\n<li>Se alle v\u00e5re <a href=\"\/no\/high-school\/tripfinder\/\">utvekslingsdestinasjoner for high school<\/a><\/li>\n<\/ul>\n<\/div><\/div><\/div>\n","protected":false},"excerpt":{"rendered":"","protected":false},"author":20,"featured_media":40277,"comment_status":"open","ping_status":"open","sticky":false,"template":"","format":"standard","meta":{"_acf_changed":false,"_yoast_wpseo_title":"Santiago tilbrakte et \u00e5r i utlandet i Tyskland","_yoast_wpseo_metadesc":"Jeg valgte \u00e5 reise utenlands fordi jeg \u00f8nsket \u00e5 oppleve en ny kultur, forbedre spr\u00e5kferdighetene mine og utfordre meg selv ved \u00e5 g\u00e5 ut av komfortsonen min.","footnotes":""},"categories":[275],"tags":[1001],"wpw_post_folders":[],"class_list":["post-12091","post","type-post","status-publish","format-standard","has-post-thumbnail","hentry","category-uncategorized-no","tag-tyskland"],"acf":[],"yoast_head":"<!-- This site is optimized with the Yoast SEO Premium plugin v27.2 (Yoast SEO v27.2) - https:\/\/yoast.com\/product\/yoast-seo-premium-wordpress\/ -->\n<title>Santiago tilbrakte et \u00e5r i utlandet i Tyskland<\/title>\n<meta name=\"description\" content=\"Jeg valgte \u00e5 reise utenlands fordi jeg \u00f8nsket \u00e5 oppleve en ny kultur, forbedre spr\u00e5kferdighetene mine og utfordre meg selv ved \u00e5 g\u00e5 ut av komfortsonen min.\" \/>\n<meta name=\"robots\" content=\"index, follow, max-snippet:-1, max-image-preview:large, max-video-preview:-1\" \/>\n<link rel=\"canonical\" href=\"https:\/\/www.sts-education.com\/no\/high-school\/student-stories\/studenthistorier\/santiago-tilbrakte-et-ar-i-utlandet-i-tyskland\/\" \/>\n<meta property=\"og:locale\" content=\"nb_NO\" \/>\n<meta property=\"og:type\" content=\"article\" \/>\n<meta property=\"og:title\" content=\"Santiago tilbrakte ett \u00e5r i Tyskland\" \/>\n<meta property=\"og:description\" content=\"Jeg valgte \u00e5 reise utenlands fordi jeg \u00f8nsket \u00e5 oppleve en ny kultur, forbedre spr\u00e5kferdighetene mine og utfordre meg selv ved \u00e5 g\u00e5 ut av komfortsonen min.\" \/>\n<meta property=\"og:url\" content=\"https:\/\/www.sts-education.com\/no\/high-school\/student-stories\/studenthistorier\/santiago-tilbrakte-et-ar-i-utlandet-i-tyskland\/\" \/>\n<meta property=\"og:site_name\" content=\"STS Education\" \/>\n<meta property=\"article:published_time\" content=\"2025-04-29T10:00:00+00:00\" \/>\n<meta property=\"article:modified_time\" content=\"2026-04-29T07:40:32+00:00\" \/>\n<meta property=\"og:image\" content=\"https:\/\/powered-by.qbank.se\/educatius\/sts\/\/43e68672be7254d15af7e5ab3b6ccc65_1-1-thumb.webp\" \/>\n\t<meta property=\"og:image:width\" content=\"150\" \/>\n\t<meta property=\"og:image:height\" content=\"150\" \/>\n\t<meta property=\"og:image:type\" content=\"image\/png\" \/>\n<meta name=\"author\" content=\"syncreadwrite\" \/>\n<meta name=\"twitter:card\" content=\"summary_large_image\" \/>\n<meta name=\"twitter:label1\" content=\"Skrevet av\" \/>\n\t<meta name=\"twitter:data1\" content=\"syncreadwrite\" \/>\n\t<meta name=\"twitter:label2\" content=\"Ansl. lesetid\" \/>\n\t<meta name=\"twitter:data2\" content=\"5 minutter\" \/>\n<script type=\"application\/ld+json\" class=\"yoast-schema-graph\">{\"@context\":\"https:\/\/schema.org\",\"@graph\":[{\"@type\":\"Article\",\"@id\":\"https:\/\/www.sts-education.com\/no\/high-school\/student-stories\/studenthistorier\/santiago-tilbrakte-et-ar-i-utlandet-i-tyskland\/#article\",\"isPartOf\":{\"@id\":\"https:\/\/www.sts-education.com\/no\/high-school\/student-stories\/studenthistorier\/santiago-tilbrakte-et-ar-i-utlandet-i-tyskland\/\"},\"author\":{\"name\":\"syncreadwrite\",\"@id\":\"https:\/\/www.sts-education.com\/no\/#\/schema\/person\/8b82f3a2e45f020b8f296d7a85d9a97c\"},\"headline\":\"Santiago tilbrakte ett \u00e5r i Tyskland\",\"datePublished\":\"2025-04-29T10:00:00+00:00\",\"dateModified\":\"2026-04-29T07:40:32+00:00\",\"mainEntityOfPage\":{\"@id\":\"https:\/\/www.sts-education.com\/no\/high-school\/student-stories\/studenthistorier\/santiago-tilbrakte-et-ar-i-utlandet-i-tyskland\/\"},\"wordCount\":1016,\"commentCount\":0,\"image\":{\"@id\":\"https:\/\/www.sts-education.com\/no\/high-school\/student-stories\/studenthistorier\/santiago-tilbrakte-et-ar-i-utlandet-i-tyskland\/#primaryimage\"},\"thumbnailUrl\":\"https:\/\/powered-by.qbank.se\/educatius\/sts\/\/43e68672be7254d15af7e5ab3b6ccc65_1-1-thumb.webp\",\"keywords\":[\"Tyskland\"],\"articleSection\":[\"Uncategorized @no\"],\"inLanguage\":\"nb-NO\",\"potentialAction\":[{\"@type\":\"CommentAction\",\"name\":\"Comment\",\"target\":[\"https:\/\/www.sts-education.com\/no\/high-school\/student-stories\/studenthistorier\/santiago-tilbrakte-et-ar-i-utlandet-i-tyskland\/#respond\"]}]},{\"@type\":\"WebPage\",\"@id\":\"https:\/\/www.sts-education.com\/no\/high-school\/student-stories\/studenthistorier\/santiago-tilbrakte-et-ar-i-utlandet-i-tyskland\/\",\"url\":\"https:\/\/www.sts-education.com\/no\/high-school\/student-stories\/studenthistorier\/santiago-tilbrakte-et-ar-i-utlandet-i-tyskland\/\",\"name\":\"Santiago tilbrakte et \u00e5r i utlandet i Tyskland\",\"isPartOf\":{\"@id\":\"https:\/\/www.sts-education.com\/no\/#website\"},\"primaryImageOfPage\":{\"@id\":\"https:\/\/www.sts-education.com\/no\/high-school\/student-stories\/studenthistorier\/santiago-tilbrakte-et-ar-i-utlandet-i-tyskland\/#primaryimage\"},\"image\":{\"@id\":\"https:\/\/www.sts-education.com\/no\/high-school\/student-stories\/studenthistorier\/santiago-tilbrakte-et-ar-i-utlandet-i-tyskland\/#primaryimage\"},\"thumbnailUrl\":\"https:\/\/powered-by.qbank.se\/educatius\/sts\/\/43e68672be7254d15af7e5ab3b6ccc65_1-1-thumb.webp\",\"datePublished\":\"2025-04-29T10:00:00+00:00\",\"dateModified\":\"2026-04-29T07:40:32+00:00\",\"author\":{\"@id\":\"https:\/\/www.sts-education.com\/no\/#\/schema\/person\/8b82f3a2e45f020b8f296d7a85d9a97c\"},\"description\":\"Jeg valgte \u00e5 reise utenlands fordi jeg \u00f8nsket \u00e5 oppleve en ny kultur, forbedre spr\u00e5kferdighetene mine og utfordre meg selv ved \u00e5 g\u00e5 ut av komfortsonen min.\",\"breadcrumb\":{\"@id\":\"https:\/\/www.sts-education.com\/no\/high-school\/student-stories\/studenthistorier\/santiago-tilbrakte-et-ar-i-utlandet-i-tyskland\/#breadcrumb\"},\"inLanguage\":\"nb-NO\",\"potentialAction\":[{\"@type\":\"ReadAction\",\"target\":[\"https:\/\/www.sts-education.com\/no\/high-school\/student-stories\/studenthistorier\/santiago-tilbrakte-et-ar-i-utlandet-i-tyskland\/\"]}]},{\"@type\":\"ImageObject\",\"inLanguage\":\"nb-NO\",\"@id\":\"https:\/\/www.sts-education.com\/no\/high-school\/student-stories\/studenthistorier\/santiago-tilbrakte-et-ar-i-utlandet-i-tyskland\/#primaryimage\",\"url\":\"https:\/\/powered-by.qbank.se\/educatius\/sts\/\/43e68672be7254d15af7e5ab3b6ccc65_1-1-thumb.webp\",\"contentUrl\":\"https:\/\/powered-by.qbank.se\/educatius\/sts\/\/43e68672be7254d15af7e5ab3b6ccc65_1-1-thumb.webp\",\"width\":150,\"height\":150},{\"@type\":\"BreadcrumbList\",\"@id\":\"https:\/\/www.sts-education.com\/no\/high-school\/student-stories\/studenthistorier\/santiago-tilbrakte-et-ar-i-utlandet-i-tyskland\/#breadcrumb\",\"itemListElement\":[{\"@type\":\"ListItem\",\"position\":1,\"name\":\"Home\",\"item\":\"https:\/\/www.sts-education.com\/no\/\"},{\"@type\":\"ListItem\",\"position\":2,\"name\":\"Santiago tilbrakte ett \u00e5r i Tyskland\"}]},{\"@type\":\"WebSite\",\"@id\":\"https:\/\/www.sts-education.com\/no\/#website\",\"url\":\"https:\/\/www.sts-education.com\/no\/\",\"name\":\"STS Education\",\"description\":\"\",\"potentialAction\":[{\"@type\":\"SearchAction\",\"target\":{\"@type\":\"EntryPoint\",\"urlTemplate\":\"https:\/\/www.sts-education.com\/no\/?s={search_term_string}\"},\"query-input\":{\"@type\":\"PropertyValueSpecification\",\"valueRequired\":true,\"valueName\":\"search_term_string\"}}],\"inLanguage\":\"nb-NO\"},{\"@type\":\"Person\",\"@id\":\"https:\/\/www.sts-education.com\/no\/#\/schema\/person\/8b82f3a2e45f020b8f296d7a85d9a97c\",\"name\":\"syncreadwrite\",\"image\":{\"@type\":\"ImageObject\",\"inLanguage\":\"nb-NO\",\"@id\":\"https:\/\/secure.gravatar.com\/avatar\/6ed1007e4f6f43f22e3df41d9fce4365533cba47fef64bb359b8e629abbc2ea6?s=96&d=mm&r=g\",\"url\":\"https:\/\/secure.gravatar.com\/avatar\/6ed1007e4f6f43f22e3df41d9fce4365533cba47fef64bb359b8e629abbc2ea6?s=96&d=mm&r=g\",\"contentUrl\":\"https:\/\/secure.gravatar.com\/avatar\/6ed1007e4f6f43f22e3df41d9fce4365533cba47fef64bb359b8e629abbc2ea6?s=96&d=mm&r=g\",\"caption\":\"syncreadwrite\"},\"url\":\"https:\/\/www.sts-education.com\/no\/author\/syncreadwrite\/\"}]}<\/script>\n<!-- \/ Yoast SEO Premium plugin. -->","yoast_head_json":{"title":"Santiago tilbrakte et \u00e5r i utlandet i Tyskland","description":"Jeg valgte \u00e5 reise utenlands fordi jeg \u00f8nsket \u00e5 oppleve en ny kultur, forbedre spr\u00e5kferdighetene mine og utfordre meg selv ved \u00e5 g\u00e5 ut av komfortsonen min.","robots":{"index":"index","follow":"follow","max-snippet":"max-snippet:-1","max-image-preview":"max-image-preview:large","max-video-preview":"max-video-preview:-1"},"canonical":"https:\/\/www.sts-education.com\/no\/high-school\/student-stories\/studenthistorier\/santiago-tilbrakte-et-ar-i-utlandet-i-tyskland\/","og_locale":"nb_NO","og_type":"article","og_title":"Santiago tilbrakte ett \u00e5r i Tyskland","og_description":"Jeg valgte \u00e5 reise utenlands fordi jeg \u00f8nsket \u00e5 oppleve en ny kultur, forbedre spr\u00e5kferdighetene mine og utfordre meg selv ved \u00e5 g\u00e5 ut av komfortsonen min.","og_url":"https:\/\/www.sts-education.com\/no\/high-school\/student-stories\/studenthistorier\/santiago-tilbrakte-et-ar-i-utlandet-i-tyskland\/","og_site_name":"STS Education","article_published_time":"2025-04-29T10:00:00+00:00","article_modified_time":"2026-04-29T07:40:32+00:00","og_image":[{"width":150,"height":150,"url":"https:\/\/powered-by.qbank.se\/educatius\/sts\/\/43e68672be7254d15af7e5ab3b6ccc65_1-1-thumb.webp","type":"image\/png"}],"author":"syncreadwrite","twitter_card":"summary_large_image","twitter_misc":{"Skrevet av":"syncreadwrite","Ansl. lesetid":"5 minutter"},"schema":{"@context":"https:\/\/schema.org","@graph":[{"@type":"Article","@id":"https:\/\/www.sts-education.com\/no\/high-school\/student-stories\/studenthistorier\/santiago-tilbrakte-et-ar-i-utlandet-i-tyskland\/#article","isPartOf":{"@id":"https:\/\/www.sts-education.com\/no\/high-school\/student-stories\/studenthistorier\/santiago-tilbrakte-et-ar-i-utlandet-i-tyskland\/"},"author":{"name":"syncreadwrite","@id":"https:\/\/www.sts-education.com\/no\/#\/schema\/person\/8b82f3a2e45f020b8f296d7a85d9a97c"},"headline":"Santiago tilbrakte ett \u00e5r i Tyskland","datePublished":"2025-04-29T10:00:00+00:00","dateModified":"2026-04-29T07:40:32+00:00","mainEntityOfPage":{"@id":"https:\/\/www.sts-education.com\/no\/high-school\/student-stories\/studenthistorier\/santiago-tilbrakte-et-ar-i-utlandet-i-tyskland\/"},"wordCount":1016,"commentCount":0,"image":{"@id":"https:\/\/www.sts-education.com\/no\/high-school\/student-stories\/studenthistorier\/santiago-tilbrakte-et-ar-i-utlandet-i-tyskland\/#primaryimage"},"thumbnailUrl":"https:\/\/powered-by.qbank.se\/educatius\/sts\/\/43e68672be7254d15af7e5ab3b6ccc65_1-1-thumb.webp","keywords":["Tyskland"],"articleSection":["Uncategorized @no"],"inLanguage":"nb-NO","potentialAction":[{"@type":"CommentAction","name":"Comment","target":["https:\/\/www.sts-education.com\/no\/high-school\/student-stories\/studenthistorier\/santiago-tilbrakte-et-ar-i-utlandet-i-tyskland\/#respond"]}]},{"@type":"WebPage","@id":"https:\/\/www.sts-education.com\/no\/high-school\/student-stories\/studenthistorier\/santiago-tilbrakte-et-ar-i-utlandet-i-tyskland\/","url":"https:\/\/www.sts-education.com\/no\/high-school\/student-stories\/studenthistorier\/santiago-tilbrakte-et-ar-i-utlandet-i-tyskland\/","name":"Santiago tilbrakte et \u00e5r i utlandet i Tyskland","isPartOf":{"@id":"https:\/\/www.sts-education.com\/no\/#website"},"primaryImageOfPage":{"@id":"https:\/\/www.sts-education.com\/no\/high-school\/student-stories\/studenthistorier\/santiago-tilbrakte-et-ar-i-utlandet-i-tyskland\/#primaryimage"},"image":{"@id":"https:\/\/www.sts-education.com\/no\/high-school\/student-stories\/studenthistorier\/santiago-tilbrakte-et-ar-i-utlandet-i-tyskland\/#primaryimage"},"thumbnailUrl":"https:\/\/powered-by.qbank.se\/educatius\/sts\/\/43e68672be7254d15af7e5ab3b6ccc65_1-1-thumb.webp","datePublished":"2025-04-29T10:00:00+00:00","dateModified":"2026-04-29T07:40:32+00:00","author":{"@id":"https:\/\/www.sts-education.com\/no\/#\/schema\/person\/8b82f3a2e45f020b8f296d7a85d9a97c"},"description":"Jeg valgte \u00e5 reise utenlands fordi jeg \u00f8nsket \u00e5 oppleve en ny kultur, forbedre spr\u00e5kferdighetene mine og utfordre meg selv ved \u00e5 g\u00e5 ut av komfortsonen min.","breadcrumb":{"@id":"https:\/\/www.sts-education.com\/no\/high-school\/student-stories\/studenthistorier\/santiago-tilbrakte-et-ar-i-utlandet-i-tyskland\/#breadcrumb"},"inLanguage":"nb-NO","potentialAction":[{"@type":"ReadAction","target":["https:\/\/www.sts-education.com\/no\/high-school\/student-stories\/studenthistorier\/santiago-tilbrakte-et-ar-i-utlandet-i-tyskland\/"]}]},{"@type":"ImageObject","inLanguage":"nb-NO","@id":"https:\/\/www.sts-education.com\/no\/high-school\/student-stories\/studenthistorier\/santiago-tilbrakte-et-ar-i-utlandet-i-tyskland\/#primaryimage","url":"https:\/\/powered-by.qbank.se\/educatius\/sts\/\/43e68672be7254d15af7e5ab3b6ccc65_1-1-thumb.webp","contentUrl":"https:\/\/powered-by.qbank.se\/educatius\/sts\/\/43e68672be7254d15af7e5ab3b6ccc65_1-1-thumb.webp","width":150,"height":150},{"@type":"BreadcrumbList","@id":"https:\/\/www.sts-education.com\/no\/high-school\/student-stories\/studenthistorier\/santiago-tilbrakte-et-ar-i-utlandet-i-tyskland\/#breadcrumb","itemListElement":[{"@type":"ListItem","position":1,"name":"Home","item":"https:\/\/www.sts-education.com\/no\/"},{"@type":"ListItem","position":2,"name":"Santiago tilbrakte ett \u00e5r i Tyskland"}]},{"@type":"WebSite","@id":"https:\/\/www.sts-education.com\/no\/#website","url":"https:\/\/www.sts-education.com\/no\/","name":"STS Education","description":"","potentialAction":[{"@type":"SearchAction","target":{"@type":"EntryPoint","urlTemplate":"https:\/\/www.sts-education.com\/no\/?s={search_term_string}"},"query-input":{"@type":"PropertyValueSpecification","valueRequired":true,"valueName":"search_term_string"}}],"inLanguage":"nb-NO"},{"@type":"Person","@id":"https:\/\/www.sts-education.com\/no\/#\/schema\/person\/8b82f3a2e45f020b8f296d7a85d9a97c","name":"syncreadwrite","image":{"@type":"ImageObject","inLanguage":"nb-NO","@id":"https:\/\/secure.gravatar.com\/avatar\/6ed1007e4f6f43f22e3df41d9fce4365533cba47fef64bb359b8e629abbc2ea6?s=96&d=mm&r=g","url":"https:\/\/secure.gravatar.com\/avatar\/6ed1007e4f6f43f22e3df41d9fce4365533cba47fef64bb359b8e629abbc2ea6?s=96&d=mm&r=g","contentUrl":"https:\/\/secure.gravatar.com\/avatar\/6ed1007e4f6f43f22e3df41d9fce4365533cba47fef64bb359b8e629abbc2ea6?s=96&d=mm&r=g","caption":"syncreadwrite"},"url":"https:\/\/www.sts-education.com\/no\/author\/syncreadwrite\/"}]}},"_links":{"self":[{"href":"https:\/\/www.sts-education.com\/no\/wp-json\/wp\/v2\/posts\/12091","targetHints":{"allow":["GET"]}}],"collection":[{"href":"https:\/\/www.sts-education.com\/no\/wp-json\/wp\/v2\/posts"}],"about":[{"href":"https:\/\/www.sts-education.com\/no\/wp-json\/wp\/v2\/types\/post"}],"author":[{"embeddable":true,"href":"https:\/\/www.sts-education.com\/no\/wp-json\/wp\/v2\/users\/20"}],"replies":[{"embeddable":true,"href":"https:\/\/www.sts-education.com\/no\/wp-json\/wp\/v2\/comments?post=12091"}],"version-history":[{"count":6,"href":"https:\/\/www.sts-education.com\/no\/wp-json\/wp\/v2\/posts\/12091\/revisions"}],"predecessor-version":[{"id":43242,"href":"https:\/\/www.sts-education.com\/no\/wp-json\/wp\/v2\/posts\/12091\/revisions\/43242"}],"wp:featuredmedia":[{"embeddable":true,"href":"https:\/\/www.sts-education.com\/no\/wp-json\/wp\/v2\/media\/40277"}],"wp:attachment":[{"href":"https:\/\/www.sts-education.com\/no\/wp-json\/wp\/v2\/media?parent=12091"}],"wp:term":[{"taxonomy":"category","embeddable":true,"href":"https:\/\/www.sts-education.com\/no\/wp-json\/wp\/v2\/categories?post=12091"},{"taxonomy":"post_tag","embeddable":true,"href":"https:\/\/www.sts-education.com\/no\/wp-json\/wp\/v2\/tags?post=12091"},{"taxonomy":"wpw_post_folders","embeddable":true,"href":"https:\/\/www.sts-education.com\/no\/wp-json\/wp\/v2\/wpw_post_folders?post=12091"}],"curies":[{"name":"wp","href":"https:\/\/api.w.org\/{rel}","templated":true}]}}