{"id":12095,"date":"2025-01-14T12:00:00","date_gmt":"2025-01-14T10:00:00","guid":{"rendered":"https:\/\/preprod.sts-education.com\/blog\/2026\/03\/05\/marta-valgte-a-studere-i-tyskland\/"},"modified":"2026-04-29T09:45:36","modified_gmt":"2026-04-29T07:45:36","slug":"marta-valgte-a-studere-i-tyskland","status":"publish","type":"post","link":"https:\/\/www.sts-education.com\/no\/high-school\/student-stories\/studenthistorier\/marta-valgte-a-studere-i-tyskland\/","title":{"rendered":"Marta valgte \u00e5 studere i Tyskland"},"content":{"rendered":"\n<div class=\"wp-block-sts-text sts-text-editor has-max-width-md\"><div class=\"sts-text-editor__content\"><div class=\"sts-text-editor__content-inner\">\n<h1 style=\"text-align: center\">Marta valgte \u00e5 studere i Tyskland<\/h1>\n<\/div><\/div><\/div>\n\n\n\n<figure class=\"wp-block-sts-image sts-block-image sts-block-image--count-1 has-max-width-lg\" data-count=\"1\"><div class=\"sts-block-image__grid\"><div class=\"sts-block-image__item\"><picture class=\"sts-responsive-image has-fit-cover has-pos-top is-skeleton\"><source media=\"(max-width: 834.98px)\" srcset=\"https:\/\/powered-by.qbank.se\/educatius\/sts\/9c2bee71286d52b7611051a8229b911b_1-1-thumb.webp 150w, https:\/\/powered-by.qbank.se\/educatius\/sts\/9c2bee71286d52b7611051a8229b911b_1-1-xsmall.webp 500w, https:\/\/powered-by.qbank.se\/educatius\/sts\/9c2bee71286d52b7611051a8229b911b_1-1-small.webp 800w, https:\/\/powered-by.qbank.se\/educatius\/sts\/9c2bee71286d52b7611051a8229b911b_1-1-medium.webp 1024w, https:\/\/powered-by.qbank.se\/educatius\/sts\/9c2bee71286d52b7611051a8229b911b_1-1-large.webp 1536w\" sizes=\"(max-width: 768px) 100vw, (max-width: 1200px) 100vw, 1200px\" type=\"image\/webp\"\/><source media=\"(min-width: 835px)\" srcset=\"https:\/\/powered-by.qbank.se\/educatius\/sts\/9c2bee71286d52b7611051a8229b911b_16-9-small.webp 800w, https:\/\/powered-by.qbank.se\/educatius\/sts\/9c2bee71286d52b7611051a8229b911b_16-9-medium.webp 1024w, https:\/\/powered-by.qbank.se\/educatius\/sts\/9c2bee71286d52b7611051a8229b911b_16-9-large.webp 1536w\" sizes=\"(max-width: 768px) 100vw, (max-width: 1200px) 100vw, 1200px\" type=\"image\/webp\"\/><img src=\"https:\/\/powered-by.qbank.se\/educatius\/sts\/9c2bee71286d52b7611051a8229b911b_1-1-thumb.webp\" alt=\"Marta valgte \u00e5 studere i Tyskland\" loading=\"lazy\" decoding=\"async\" fetchpriority=\"low\" style=\"object-position:top\"\/><\/picture><\/div><\/div><\/figure>\n\n\n\n<div class=\"wp-block-sts-text sts-text-editor has-max-width-md\"><div class=\"sts-text-editor__content\"><div class=\"sts-text-editor__content-inner\">\n<p><em>Marta fra Italia tilbrakte tre m\u00e5neder i Tyskland.<\/em><\/p>\n<p>Jeg var i Tyskland som utvekslingsstudent i tre m\u00e5neder, en kort, men intens opplevelse som fikk meg til \u00e5 vokse og l\u00e6re mye. Jeg valgte \u00e5 gj\u00f8re dette fordi jeg ville teste meg selv, komme meg ut av komfortsonen og oppleve en ny kultur.<\/p>\n<\/div><\/div><\/div>\n\n\n\n<div class=\"wp-block-sts-text sts-text-editor has-max-width-md\"><div class=\"sts-text-editor__content\"><div class=\"sts-text-editor__content-inner\">\n<h2>Hvorfor Tyskland<\/h2>\n<p>Jeg valgte Tyskland fordi jeg er fascinert av landets kultur, historie og spr\u00e5k. Jeg \u00f8nsket ogs\u00e5 \u00e5 forbedre tysken min og oppleve et helt annet skolemilj\u00f8.<\/p>\n<h2>Skole og venner<\/h2>\n<p>P\u00e5 skolen hadde jeg det alltid veldig g\u00f8y. I begynnelsen var jeg litt fortapt, men l\u00e6rerne og elevene var veldig im\u00f8tekommende.<\/p>\n<p>Det var litt vanskelig i begynnelsen, mest p\u00e5 grunn av spr\u00e5ket, men jeg fant ut at det \u00e5 v\u00e6re nysgjerrig og vise entusiasme hjalp meg mye. Etter hvert har jeg f\u00e5tt venner som jeg h\u00e5per vil vare for alltid.<\/p>\n<h2>\u00c5 bo hos en vertsfamilie<\/h2>\n<p>Det var fantastisk \u00e5 bo hos vertsfamilien min. De fikk meg til \u00e5 f\u00f8le meg hjemme fra dag \u00e9n og hjalp meg gjennom de f\u00f8rste vanskelighetene. Jeg elsket tiden jeg tilbrakte sammen med dem, og vi holder fortsatt kontakten selv etter at jeg har reist. Det beste var tilgjengeligheten og varmen deres. De fikk meg til \u00e5 f\u00f8le meg som en del av familien og l\u00e6rte meg mye om tysk kultur, fra tradisjoner til sm\u00e5 hverdagsvaner.<\/p>\n<p>Et morsomt minne var da jeg pr\u00f8vde \u00e5 lage en typisk rett fra hjemlandet mitt til vertsfamilien min. Det ble ikke helt som jeg hadde h\u00e5pet, men vi lo mye, og til slutt var det et veldig hyggelig \u00f8yeblikk der vi delte mye.<\/p>\n<h2>Hva jeg l\u00e6rte og hva utvekslingen ga meg<\/h2>\n<ul>\n<li>Jeg har l\u00e6rt \u00e5 tilpasse meg nye situasjoner, \u00e5 stole mer p\u00e5 meg selv og \u00e5 se ting fra et annet perspektiv. Jeg har forst\u00e5tt hvor viktig det er \u00e5 v\u00e6re \u00e5pen og nysgjerrig p\u00e5 verden.<\/li>\n<li>Et skole\u00e5r i utlandet er en livsomveltende opplevelse. Det l\u00e6rer deg s\u00e5 mye og gir deg minner og vennskap som varer for alltid. \u00c5 studere i utlandet gj\u00f8r at du vokser som person. Det hjelper deg med \u00e5 utvikle selvstendighet, selvtillit og tilpasningsevne. Det gir deg ogs\u00e5 muligheten til \u00e5 oppleve en annen kultur, forbedre et fremmedspr\u00e5k og skape meningsfulle forbindelser med mennesker fra hele verden. Det er en unik opplevelse som beriker deg p\u00e5 alle m\u00e5ter.<\/li>\n<li>Jeg tror denne erfaringen har gjort meg mer selvsikker og \u00e5pen for verden. Det har l\u00e6rt meg \u00e5 h\u00e5ndtere nye situasjoner og \u00e5 jobbe med mennesker fra ulike kulturer, egenskaper som vil v\u00e6re nyttige i karrieren min. I tillegg kan gode tyskkunnskaper \u00e5pne nye yrkesmuligheter for meg i fremtiden.<\/li>\n<\/ul>\n<h2>Mitt beste r\u00e5d<\/h2>\n<p>Mitt beste r\u00e5d er \u00e5 g\u00e5 inn i opplevelsen med entusiasme og et \u00e5pent sinn. Det er viktig \u00e5 ikke v\u00e6re redd for \u00e5 gj\u00f8re feil, og \u00e5 benytte enhver mulighet til \u00e5 l\u00e6re. Hvis jeg kunne g\u00e5tt tilbake, ville jeg fors\u00f8kt \u00e5 v\u00e6re enda modigere fra begynnelsen av, spesielt n\u00e5r det gjelder \u00e5 snakke spr\u00e5ket, uten \u00e5 bekymre meg for mye for \u00e5 gj\u00f8re feil.<\/p>\n<h2>Finn ut mer<\/h2>\n<ul>\n<li>Les flere <a href=\"https:\/\/www.sts-education.com\/no\/high-school\/student-stories\/studenthistorier\/?hashtag=Tyskland\">studenthistorier fra Tyskland<\/a><\/li>\n<li>Les mer om <a href=\"https:\/\/www.sts-education.com\/no\/high-school\/destinasjoner\/europa\/tyskland\/\">utveksling p\u00e5 high school i Tyskland<\/a><\/li>\n<li>Se alle v\u00e5re <a href=\"\/no\/high-school\/tripfinder\/\">utvekslingsdestinasjoner for high school<\/a><\/li>\n<\/ul>\n<\/div><\/div><\/div>\n","protected":false},"excerpt":{"rendered":"","protected":false},"author":20,"featured_media":14014,"comment_status":"open","ping_status":"open","sticky":false,"template":"","format":"standard","meta":{"_acf_changed":false,"_yoast_wpseo_title":"Marta valgte \u00e5 studere i Tyskland","_yoast_wpseo_metadesc":"Jeg valgte Tyskland fordi jeg er fascinert av landets kultur, historie og spr\u00e5k. Jeg \u00f8nsket ogs\u00e5 \u00e5 forbedre tysken min og fordype meg i et helt annet skolemilj\u00f8.","footnotes":""},"categories":[275],"tags":[1001],"wpw_post_folders":[],"class_list":["post-12095","post","type-post","status-publish","format-standard","has-post-thumbnail","hentry","category-uncategorized-no","tag-tyskland"],"acf":[],"yoast_head":"<!-- This site is optimized with the Yoast SEO Premium plugin v27.2 (Yoast SEO v27.2) - https:\/\/yoast.com\/product\/yoast-seo-premium-wordpress\/ -->\n<title>Marta valgte \u00e5 studere i Tyskland<\/title>\n<meta name=\"description\" content=\"Jeg valgte Tyskland fordi jeg er fascinert av landets kultur, historie og spr\u00e5k. Jeg \u00f8nsket ogs\u00e5 \u00e5 forbedre tysken min og fordype meg i et helt annet skolemilj\u00f8.\" \/>\n<meta name=\"robots\" content=\"index, follow, max-snippet:-1, max-image-preview:large, max-video-preview:-1\" \/>\n<link rel=\"canonical\" href=\"https:\/\/www.sts-education.com\/no\/high-school\/student-stories\/studenthistorier\/marta-valgte-a-studere-i-tyskland\/\" \/>\n<meta property=\"og:locale\" content=\"nb_NO\" \/>\n<meta property=\"og:type\" content=\"article\" \/>\n<meta property=\"og:title\" content=\"Marta valgte \u00e5 studere i Tyskland\" \/>\n<meta property=\"og:description\" content=\"Jeg valgte Tyskland fordi jeg er fascinert av landets kultur, historie og spr\u00e5k. Jeg \u00f8nsket ogs\u00e5 \u00e5 forbedre tysken min og fordype meg i et helt annet skolemilj\u00f8.\" \/>\n<meta property=\"og:url\" content=\"https:\/\/www.sts-education.com\/no\/high-school\/student-stories\/studenthistorier\/marta-valgte-a-studere-i-tyskland\/\" \/>\n<meta property=\"og:site_name\" content=\"STS Education\" \/>\n<meta property=\"article:published_time\" content=\"2025-01-14T10:00:00+00:00\" \/>\n<meta property=\"article:modified_time\" content=\"2026-04-29T07:45:36+00:00\" \/>\n<meta property=\"og:image\" content=\"https:\/\/powered-by.qbank.se\/educatius\/sts\/\/9c2bee71286d52b7611051a8229b911b_1-1-thumb.webp\" \/>\n\t<meta property=\"og:image:width\" content=\"150\" \/>\n\t<meta property=\"og:image:height\" content=\"150\" \/>\n\t<meta property=\"og:image:type\" content=\"image\/png\" \/>\n<meta name=\"author\" content=\"syncreadwrite\" \/>\n<meta name=\"twitter:card\" content=\"summary_large_image\" \/>\n<meta name=\"twitter:label1\" content=\"Skrevet av\" \/>\n\t<meta name=\"twitter:data1\" content=\"syncreadwrite\" \/>\n\t<meta name=\"twitter:label2\" content=\"Ansl. lesetid\" \/>\n\t<meta name=\"twitter:data2\" content=\"3 minutter\" \/>\n<script type=\"application\/ld+json\" class=\"yoast-schema-graph\">{\"@context\":\"https:\/\/schema.org\",\"@graph\":[{\"@type\":\"Article\",\"@id\":\"https:\/\/www.sts-education.com\/no\/high-school\/student-stories\/studenthistorier\/marta-valgte-a-studere-i-tyskland\/#article\",\"isPartOf\":{\"@id\":\"https:\/\/www.sts-education.com\/no\/high-school\/student-stories\/studenthistorier\/marta-valgte-a-studere-i-tyskland\/\"},\"author\":{\"name\":\"syncreadwrite\",\"@id\":\"https:\/\/www.sts-education.com\/no\/#\/schema\/person\/8b82f3a2e45f020b8f296d7a85d9a97c\"},\"headline\":\"Marta valgte \u00e5 studere i Tyskland\",\"datePublished\":\"2025-01-14T10:00:00+00:00\",\"dateModified\":\"2026-04-29T07:45:36+00:00\",\"mainEntityOfPage\":{\"@id\":\"https:\/\/www.sts-education.com\/no\/high-school\/student-stories\/studenthistorier\/marta-valgte-a-studere-i-tyskland\/\"},\"wordCount\":555,\"commentCount\":0,\"image\":{\"@id\":\"https:\/\/www.sts-education.com\/no\/high-school\/student-stories\/studenthistorier\/marta-valgte-a-studere-i-tyskland\/#primaryimage\"},\"thumbnailUrl\":\"https:\/\/powered-by.qbank.se\/educatius\/sts\/\/9c2bee71286d52b7611051a8229b911b_1-1-thumb.webp\",\"keywords\":[\"Tyskland\"],\"articleSection\":[\"Uncategorized @no\"],\"inLanguage\":\"nb-NO\",\"potentialAction\":[{\"@type\":\"CommentAction\",\"name\":\"Comment\",\"target\":[\"https:\/\/www.sts-education.com\/no\/high-school\/student-stories\/studenthistorier\/marta-valgte-a-studere-i-tyskland\/#respond\"]}]},{\"@type\":\"WebPage\",\"@id\":\"https:\/\/www.sts-education.com\/no\/high-school\/student-stories\/studenthistorier\/marta-valgte-a-studere-i-tyskland\/\",\"url\":\"https:\/\/www.sts-education.com\/no\/high-school\/student-stories\/studenthistorier\/marta-valgte-a-studere-i-tyskland\/\",\"name\":\"Marta valgte \u00e5 studere i Tyskland\",\"isPartOf\":{\"@id\":\"https:\/\/www.sts-education.com\/no\/#website\"},\"primaryImageOfPage\":{\"@id\":\"https:\/\/www.sts-education.com\/no\/high-school\/student-stories\/studenthistorier\/marta-valgte-a-studere-i-tyskland\/#primaryimage\"},\"image\":{\"@id\":\"https:\/\/www.sts-education.com\/no\/high-school\/student-stories\/studenthistorier\/marta-valgte-a-studere-i-tyskland\/#primaryimage\"},\"thumbnailUrl\":\"https:\/\/powered-by.qbank.se\/educatius\/sts\/\/9c2bee71286d52b7611051a8229b911b_1-1-thumb.webp\",\"datePublished\":\"2025-01-14T10:00:00+00:00\",\"dateModified\":\"2026-04-29T07:45:36+00:00\",\"author\":{\"@id\":\"https:\/\/www.sts-education.com\/no\/#\/schema\/person\/8b82f3a2e45f020b8f296d7a85d9a97c\"},\"description\":\"Jeg valgte Tyskland fordi jeg er fascinert av landets kultur, historie og spr\u00e5k. Jeg \u00f8nsket ogs\u00e5 \u00e5 forbedre tysken min og fordype meg i et helt annet skolemilj\u00f8.\",\"breadcrumb\":{\"@id\":\"https:\/\/www.sts-education.com\/no\/high-school\/student-stories\/studenthistorier\/marta-valgte-a-studere-i-tyskland\/#breadcrumb\"},\"inLanguage\":\"nb-NO\",\"potentialAction\":[{\"@type\":\"ReadAction\",\"target\":[\"https:\/\/www.sts-education.com\/no\/high-school\/student-stories\/studenthistorier\/marta-valgte-a-studere-i-tyskland\/\"]}]},{\"@type\":\"ImageObject\",\"inLanguage\":\"nb-NO\",\"@id\":\"https:\/\/www.sts-education.com\/no\/high-school\/student-stories\/studenthistorier\/marta-valgte-a-studere-i-tyskland\/#primaryimage\",\"url\":\"https:\/\/powered-by.qbank.se\/educatius\/sts\/\/9c2bee71286d52b7611051a8229b911b_1-1-thumb.webp\",\"contentUrl\":\"https:\/\/powered-by.qbank.se\/educatius\/sts\/\/9c2bee71286d52b7611051a8229b911b_1-1-thumb.webp\",\"width\":150,\"height\":150},{\"@type\":\"BreadcrumbList\",\"@id\":\"https:\/\/www.sts-education.com\/no\/high-school\/student-stories\/studenthistorier\/marta-valgte-a-studere-i-tyskland\/#breadcrumb\",\"itemListElement\":[{\"@type\":\"ListItem\",\"position\":1,\"name\":\"Home\",\"item\":\"https:\/\/www.sts-education.com\/no\/\"},{\"@type\":\"ListItem\",\"position\":2,\"name\":\"Marta valgte \u00e5 studere i Tyskland\"}]},{\"@type\":\"WebSite\",\"@id\":\"https:\/\/www.sts-education.com\/no\/#website\",\"url\":\"https:\/\/www.sts-education.com\/no\/\",\"name\":\"STS Education\",\"description\":\"\",\"potentialAction\":[{\"@type\":\"SearchAction\",\"target\":{\"@type\":\"EntryPoint\",\"urlTemplate\":\"https:\/\/www.sts-education.com\/no\/?s={search_term_string}\"},\"query-input\":{\"@type\":\"PropertyValueSpecification\",\"valueRequired\":true,\"valueName\":\"search_term_string\"}}],\"inLanguage\":\"nb-NO\"},{\"@type\":\"Person\",\"@id\":\"https:\/\/www.sts-education.com\/no\/#\/schema\/person\/8b82f3a2e45f020b8f296d7a85d9a97c\",\"name\":\"syncreadwrite\",\"image\":{\"@type\":\"ImageObject\",\"inLanguage\":\"nb-NO\",\"@id\":\"https:\/\/secure.gravatar.com\/avatar\/6ed1007e4f6f43f22e3df41d9fce4365533cba47fef64bb359b8e629abbc2ea6?s=96&d=mm&r=g\",\"url\":\"https:\/\/secure.gravatar.com\/avatar\/6ed1007e4f6f43f22e3df41d9fce4365533cba47fef64bb359b8e629abbc2ea6?s=96&d=mm&r=g\",\"contentUrl\":\"https:\/\/secure.gravatar.com\/avatar\/6ed1007e4f6f43f22e3df41d9fce4365533cba47fef64bb359b8e629abbc2ea6?s=96&d=mm&r=g\",\"caption\":\"syncreadwrite\"},\"url\":\"https:\/\/www.sts-education.com\/no\/author\/syncreadwrite\/\"}]}<\/script>\n<!-- \/ Yoast SEO Premium plugin. -->","yoast_head_json":{"title":"Marta valgte \u00e5 studere i Tyskland","description":"Jeg valgte Tyskland fordi jeg er fascinert av landets kultur, historie og spr\u00e5k. Jeg \u00f8nsket ogs\u00e5 \u00e5 forbedre tysken min og fordype meg i et helt annet skolemilj\u00f8.","robots":{"index":"index","follow":"follow","max-snippet":"max-snippet:-1","max-image-preview":"max-image-preview:large","max-video-preview":"max-video-preview:-1"},"canonical":"https:\/\/www.sts-education.com\/no\/high-school\/student-stories\/studenthistorier\/marta-valgte-a-studere-i-tyskland\/","og_locale":"nb_NO","og_type":"article","og_title":"Marta valgte \u00e5 studere i Tyskland","og_description":"Jeg valgte Tyskland fordi jeg er fascinert av landets kultur, historie og spr\u00e5k. Jeg \u00f8nsket ogs\u00e5 \u00e5 forbedre tysken min og fordype meg i et helt annet skolemilj\u00f8.","og_url":"https:\/\/www.sts-education.com\/no\/high-school\/student-stories\/studenthistorier\/marta-valgte-a-studere-i-tyskland\/","og_site_name":"STS Education","article_published_time":"2025-01-14T10:00:00+00:00","article_modified_time":"2026-04-29T07:45:36+00:00","og_image":[{"width":150,"height":150,"url":"https:\/\/powered-by.qbank.se\/educatius\/sts\/\/9c2bee71286d52b7611051a8229b911b_1-1-thumb.webp","type":"image\/png"}],"author":"syncreadwrite","twitter_card":"summary_large_image","twitter_misc":{"Skrevet av":"syncreadwrite","Ansl. lesetid":"3 minutter"},"schema":{"@context":"https:\/\/schema.org","@graph":[{"@type":"Article","@id":"https:\/\/www.sts-education.com\/no\/high-school\/student-stories\/studenthistorier\/marta-valgte-a-studere-i-tyskland\/#article","isPartOf":{"@id":"https:\/\/www.sts-education.com\/no\/high-school\/student-stories\/studenthistorier\/marta-valgte-a-studere-i-tyskland\/"},"author":{"name":"syncreadwrite","@id":"https:\/\/www.sts-education.com\/no\/#\/schema\/person\/8b82f3a2e45f020b8f296d7a85d9a97c"},"headline":"Marta valgte \u00e5 studere i Tyskland","datePublished":"2025-01-14T10:00:00+00:00","dateModified":"2026-04-29T07:45:36+00:00","mainEntityOfPage":{"@id":"https:\/\/www.sts-education.com\/no\/high-school\/student-stories\/studenthistorier\/marta-valgte-a-studere-i-tyskland\/"},"wordCount":555,"commentCount":0,"image":{"@id":"https:\/\/www.sts-education.com\/no\/high-school\/student-stories\/studenthistorier\/marta-valgte-a-studere-i-tyskland\/#primaryimage"},"thumbnailUrl":"https:\/\/powered-by.qbank.se\/educatius\/sts\/\/9c2bee71286d52b7611051a8229b911b_1-1-thumb.webp","keywords":["Tyskland"],"articleSection":["Uncategorized @no"],"inLanguage":"nb-NO","potentialAction":[{"@type":"CommentAction","name":"Comment","target":["https:\/\/www.sts-education.com\/no\/high-school\/student-stories\/studenthistorier\/marta-valgte-a-studere-i-tyskland\/#respond"]}]},{"@type":"WebPage","@id":"https:\/\/www.sts-education.com\/no\/high-school\/student-stories\/studenthistorier\/marta-valgte-a-studere-i-tyskland\/","url":"https:\/\/www.sts-education.com\/no\/high-school\/student-stories\/studenthistorier\/marta-valgte-a-studere-i-tyskland\/","name":"Marta valgte \u00e5 studere i Tyskland","isPartOf":{"@id":"https:\/\/www.sts-education.com\/no\/#website"},"primaryImageOfPage":{"@id":"https:\/\/www.sts-education.com\/no\/high-school\/student-stories\/studenthistorier\/marta-valgte-a-studere-i-tyskland\/#primaryimage"},"image":{"@id":"https:\/\/www.sts-education.com\/no\/high-school\/student-stories\/studenthistorier\/marta-valgte-a-studere-i-tyskland\/#primaryimage"},"thumbnailUrl":"https:\/\/powered-by.qbank.se\/educatius\/sts\/\/9c2bee71286d52b7611051a8229b911b_1-1-thumb.webp","datePublished":"2025-01-14T10:00:00+00:00","dateModified":"2026-04-29T07:45:36+00:00","author":{"@id":"https:\/\/www.sts-education.com\/no\/#\/schema\/person\/8b82f3a2e45f020b8f296d7a85d9a97c"},"description":"Jeg valgte Tyskland fordi jeg er fascinert av landets kultur, historie og spr\u00e5k. Jeg \u00f8nsket ogs\u00e5 \u00e5 forbedre tysken min og fordype meg i et helt annet skolemilj\u00f8.","breadcrumb":{"@id":"https:\/\/www.sts-education.com\/no\/high-school\/student-stories\/studenthistorier\/marta-valgte-a-studere-i-tyskland\/#breadcrumb"},"inLanguage":"nb-NO","potentialAction":[{"@type":"ReadAction","target":["https:\/\/www.sts-education.com\/no\/high-school\/student-stories\/studenthistorier\/marta-valgte-a-studere-i-tyskland\/"]}]},{"@type":"ImageObject","inLanguage":"nb-NO","@id":"https:\/\/www.sts-education.com\/no\/high-school\/student-stories\/studenthistorier\/marta-valgte-a-studere-i-tyskland\/#primaryimage","url":"https:\/\/powered-by.qbank.se\/educatius\/sts\/\/9c2bee71286d52b7611051a8229b911b_1-1-thumb.webp","contentUrl":"https:\/\/powered-by.qbank.se\/educatius\/sts\/\/9c2bee71286d52b7611051a8229b911b_1-1-thumb.webp","width":150,"height":150},{"@type":"BreadcrumbList","@id":"https:\/\/www.sts-education.com\/no\/high-school\/student-stories\/studenthistorier\/marta-valgte-a-studere-i-tyskland\/#breadcrumb","itemListElement":[{"@type":"ListItem","position":1,"name":"Home","item":"https:\/\/www.sts-education.com\/no\/"},{"@type":"ListItem","position":2,"name":"Marta valgte \u00e5 studere i Tyskland"}]},{"@type":"WebSite","@id":"https:\/\/www.sts-education.com\/no\/#website","url":"https:\/\/www.sts-education.com\/no\/","name":"STS Education","description":"","potentialAction":[{"@type":"SearchAction","target":{"@type":"EntryPoint","urlTemplate":"https:\/\/www.sts-education.com\/no\/?s={search_term_string}"},"query-input":{"@type":"PropertyValueSpecification","valueRequired":true,"valueName":"search_term_string"}}],"inLanguage":"nb-NO"},{"@type":"Person","@id":"https:\/\/www.sts-education.com\/no\/#\/schema\/person\/8b82f3a2e45f020b8f296d7a85d9a97c","name":"syncreadwrite","image":{"@type":"ImageObject","inLanguage":"nb-NO","@id":"https:\/\/secure.gravatar.com\/avatar\/6ed1007e4f6f43f22e3df41d9fce4365533cba47fef64bb359b8e629abbc2ea6?s=96&d=mm&r=g","url":"https:\/\/secure.gravatar.com\/avatar\/6ed1007e4f6f43f22e3df41d9fce4365533cba47fef64bb359b8e629abbc2ea6?s=96&d=mm&r=g","contentUrl":"https:\/\/secure.gravatar.com\/avatar\/6ed1007e4f6f43f22e3df41d9fce4365533cba47fef64bb359b8e629abbc2ea6?s=96&d=mm&r=g","caption":"syncreadwrite"},"url":"https:\/\/www.sts-education.com\/no\/author\/syncreadwrite\/"}]}},"_links":{"self":[{"href":"https:\/\/www.sts-education.com\/no\/wp-json\/wp\/v2\/posts\/12095","targetHints":{"allow":["GET"]}}],"collection":[{"href":"https:\/\/www.sts-education.com\/no\/wp-json\/wp\/v2\/posts"}],"about":[{"href":"https:\/\/www.sts-education.com\/no\/wp-json\/wp\/v2\/types\/post"}],"author":[{"embeddable":true,"href":"https:\/\/www.sts-education.com\/no\/wp-json\/wp\/v2\/users\/20"}],"replies":[{"embeddable":true,"href":"https:\/\/www.sts-education.com\/no\/wp-json\/wp\/v2\/comments?post=12095"}],"version-history":[{"count":6,"href":"https:\/\/www.sts-education.com\/no\/wp-json\/wp\/v2\/posts\/12095\/revisions"}],"predecessor-version":[{"id":43293,"href":"https:\/\/www.sts-education.com\/no\/wp-json\/wp\/v2\/posts\/12095\/revisions\/43293"}],"wp:featuredmedia":[{"embeddable":true,"href":"https:\/\/www.sts-education.com\/no\/wp-json\/wp\/v2\/media\/14014"}],"wp:attachment":[{"href":"https:\/\/www.sts-education.com\/no\/wp-json\/wp\/v2\/media?parent=12095"}],"wp:term":[{"taxonomy":"category","embeddable":true,"href":"https:\/\/www.sts-education.com\/no\/wp-json\/wp\/v2\/categories?post=12095"},{"taxonomy":"post_tag","embeddable":true,"href":"https:\/\/www.sts-education.com\/no\/wp-json\/wp\/v2\/tags?post=12095"},{"taxonomy":"wpw_post_folders","embeddable":true,"href":"https:\/\/www.sts-education.com\/no\/wp-json\/wp\/v2\/wpw_post_folders?post=12095"}],"curies":[{"name":"wp","href":"https:\/\/api.w.org\/{rel}","templated":true}]}}