{"id":12096,"date":"2024-12-10T13:00:00","date_gmt":"2024-12-10T11:00:00","guid":{"rendered":"https:\/\/preprod.sts-education.com\/blog\/2026\/03\/05\/teresa-studerte-i-utlandet-pa-irland\/"},"modified":"2026-04-29T09:46:01","modified_gmt":"2026-04-29T07:46:01","slug":"teresa-studerte-i-utlandet-pa-irland","status":"publish","type":"post","link":"https:\/\/www.sts-education.com\/no\/high-school\/student-stories\/studenthistorier\/teresa-studerte-i-utlandet-pa-irland\/","title":{"rendered":"Teresa studerte i Irland"},"content":{"rendered":"\n<div class=\"wp-block-sts-text sts-text-editor has-max-width-md\"><div class=\"sts-text-editor__content\"><div class=\"sts-text-editor__content-inner\">\n<h1 style=\"text-align: center\">Teresa studerte i Irland<\/h1>\n<\/div><\/div><\/div>\n\n\n\n<figure class=\"wp-block-sts-image sts-block-image sts-block-image--count-1 has-max-width-lg\" data-count=\"1\"><div class=\"sts-block-image__grid\"><div class=\"sts-block-image__item\"><picture class=\"sts-responsive-image has-fit-cover has-pos-top is-skeleton\"><source media=\"(max-width: 834.98px)\" srcset=\"https:\/\/powered-by.qbank.se\/educatius\/sts\/f48f4aef984eb75cfa8c6782968a6639_1-1-thumb.webp 150w, https:\/\/powered-by.qbank.se\/educatius\/sts\/f48f4aef984eb75cfa8c6782968a6639_1-1-xsmall.webp 500w, https:\/\/powered-by.qbank.se\/educatius\/sts\/f48f4aef984eb75cfa8c6782968a6639_1-1-small.webp 800w, https:\/\/powered-by.qbank.se\/educatius\/sts\/f48f4aef984eb75cfa8c6782968a6639_1-1-medium.webp 1024w, https:\/\/powered-by.qbank.se\/educatius\/sts\/f48f4aef984eb75cfa8c6782968a6639_1-1-large.webp 1536w\" sizes=\"(max-width: 768px) 100vw, (max-width: 1200px) 100vw, 1200px\" type=\"image\/webp\"\/><source media=\"(min-width: 835px)\" srcset=\"https:\/\/powered-by.qbank.se\/educatius\/sts\/f48f4aef984eb75cfa8c6782968a6639_16-9-small.webp 800w, https:\/\/powered-by.qbank.se\/educatius\/sts\/f48f4aef984eb75cfa8c6782968a6639_16-9-medium.webp 1024w, https:\/\/powered-by.qbank.se\/educatius\/sts\/f48f4aef984eb75cfa8c6782968a6639_16-9-large.webp 1536w\" sizes=\"(max-width: 768px) 100vw, (max-width: 1200px) 100vw, 1200px\" type=\"image\/webp\"\/><img src=\"https:\/\/powered-by.qbank.se\/educatius\/sts\/f48f4aef984eb75cfa8c6782968a6639_1-1-thumb.webp\" alt=\"Teresa studerte i utlandet p\u00e5 Irland\" loading=\"lazy\" decoding=\"async\" fetchpriority=\"low\" style=\"object-position:top\"\/><\/picture><\/div><\/div><\/figure>\n\n\n\n<div class=\"wp-block-sts-text sts-text-editor has-max-width-md\"><div class=\"sts-text-editor__content\"><div class=\"sts-text-editor__content-inner\">\n<p><em>Teresa fra \u00d8sterrike var p\u00e5 utveksling p\u00e5 Irland.<\/em><\/p>\n<p>Da jeg var 17 \u00e5r gammel, fikk jeg den fantastiske muligheten til \u00e5 tilbringe fem m\u00e5neder i Irland p\u00e5 utveksling med STS. Det var en omveltende opplevelse som l\u00e6rte meg om en ny kultur, ga meg vennskap for livet og ga meg utallige uforglemmelige \u00f8yeblikk.<\/p>\n<\/div><\/div><\/div>\n\n\n\n<div class=\"wp-block-sts-text sts-text-editor has-max-width-md\"><div class=\"sts-text-editor__content\"><div class=\"sts-text-editor__content-inner\">\n<h2>Hvorfor Irland?<\/h2>\n<p>Jeg bestemte meg for \u00e5 dra til Irland fordi det ikke er et typisk utvekslingsland (som for eksempel USA). Dessuten elsker jeg dyr, og tanken p\u00e5 \u00e5 v\u00e6re omringet av sauer og kyr.<\/p>\n<h2>Livet p\u00e5 skolen<\/h2>\n<p>Jeg gikk p\u00e5 en ren jenteskole med et helt annet skolesystem enn det jeg var vant til. L\u00e6rerne var fantastiske, for de kommuniserte med oss p\u00e5 et personlig niv\u00e5 i stedet for \u00e5 v\u00e6re strenge og distanserte. Dette gjorde l\u00e6ringsmilj\u00f8et mye mer engasjerende og morsomt.<\/p>\n<h2>Eventyr p\u00e5 fritiden<\/h2>\n<p>Det var alltid noe \u00e5 gj\u00f8re p\u00e5 fritiden. Jeg elsket \u00e5 ta bussen til n\u00e6rmeste storby for \u00e5 shoppe eller hoppe p\u00e5 toget for \u00e5 utforske Dublin. Jeg bodde ganske langt unna Dublin &#8211; fem timer med tog &#8211; men det var likevel hyggelig. Noen ganger gikk jeg tur med hunden til stranden, og vi sv\u00f8mte til og med i havet n\u00e5r det ble litt varmere (det var fortsatt kaldt \ud83d\ude0a). Jeg tok ogs\u00e5 ridetimer, noe som var en fantastisk m\u00e5te \u00e5 komme i kontakt med den irske hestekulturen p\u00e5. P\u00e5 roligere dager likte jeg \u00e5 g\u00e5 p\u00e5 kaf\u00e9 med venner, ta en varm kopp og ha gode samtaler.<\/p>\n<h2>Vennskap<\/h2>\n<p>Det var overraskende enkelt \u00e5 f\u00e5 venner. Det virket litt vanskelig i begynnelsen, men n\u00e5r jeg f\u00f8rst \u00e5pnet meg litt, fikk jeg mange n\u00e6re vennskap.<\/p>\n<p>De fleste vennene mine fikk jeg p\u00e5 skolen. Det gikk mange andre utvekslingsstudenter p\u00e5 skolen min, og vi knyttet n\u00e6re b\u00e5nd nesten umiddelbart. Vi tilbrakte nesten hver eneste helg sammen, og utforsket og n\u00f8t det Irland hadde \u00e5 by p\u00e5.<\/p>\n<h2>Vertsfamilien min<\/h2>\n<p>Vertsfamilien min var helt utrolig, best\u00e5ende av to vertsforeldre, to unge vertsbr\u00f8dre (6 og 8 \u00e5r), en italiensk vertss\u00f8ster og en herlig golden retriever. \u00c5 bo i et landlig omr\u00e5de omgitt av kyr og hester var et fredelig avbrekk fra den travle hverdagen. Det var spesielt spennende for meg \u00e5 v\u00e6re \u00abstores\u00f8ster\u00bb for en gangs skyld, siden jeg er den yngste i min \u00f8sterrikske familie. Vertsfamilien min fikk meg til \u00e5 f\u00f8le meg hjemme helt fra begynnelsen. Jeg tilbrakte mye tid sammen med vertsfamilien min, noe som bidro til \u00e5 skape enda mer kontakt og glede.<\/p>\n<h2>Utfordringer og l\u00e6rdom<\/h2>\n<p>Det var mange forskjeller \u00e5 tilpasse seg, enten det gjaldt skolesystemet, familiedynamikken eller den irske livsstilen generelt. Til tider var det overveldende, men jeg l\u00e6rte raskt at den beste tiln\u00e6rmingen var \u00e5 omfavne disse endringene helhjertet. P\u00e5 den m\u00e5ten fikk jeg utallige fantastiske opplevelser og vokste av utfordringene.<\/p>\n<h2>Avsluttende tanker<\/h2>\n<p>Til alle som vurderer \u00e5 studere i utlandet, vil jeg helhjertet oppfordre dere til \u00e5 gj\u00f8re det. Det er en mulighet til \u00e5 skape vakre minner for livet, knytte n\u00e6re vennskap og bli en del av en ny familie. Opplevelsen vil ikke bare utvide horisonten din, men ogs\u00e5 gi deg utallige historier du kan bevare for alltid.<\/p>\n<h2>Finn ut mer<\/h2>\n<ul>\n<li>Les flere <a href=\"https:\/\/www.sts-education.com\/no\/high-school\/student-stories\/studenthistorier\/?hashtag=Irland\">studenthistorier fra Irland<\/a><\/li>\n<li>Les mer om <a href=\"https:\/\/www.sts-education.com\/no\/high-school\/destinasjoner\/europa\/irland\/\">utveksling p\u00e5 high school p\u00e5 Irland<\/a><\/li>\n<li>Se alle v\u00e5re <a href=\"\/no\/high-school\/tripfinder\/\">utvekslingsdestinasjoner for high school<\/a><\/li>\n<\/ul>\n<\/div><\/div><\/div>\n","protected":false},"excerpt":{"rendered":"","protected":false},"author":20,"featured_media":14016,"comment_status":"open","ping_status":"open","sticky":false,"template":"","format":"standard","meta":{"_acf_changed":false,"_yoast_wpseo_title":"Teresa studerte i utlandet p\u00e5 Irland","_yoast_wpseo_metadesc":"Da jeg var 17 \u00e5r gammel, fikk jeg den fantastiske muligheten til \u00e5 tilbringe fem m\u00e5neder i Irland p\u00e5 utveksling med STS.","footnotes":""},"categories":[275],"tags":[1002],"wpw_post_folders":[],"class_list":["post-12096","post","type-post","status-publish","format-standard","has-post-thumbnail","hentry","category-uncategorized-no","tag-irland"],"acf":[],"yoast_head":"<!-- This site is optimized with the Yoast SEO Premium plugin v27.2 (Yoast SEO v27.2) - https:\/\/yoast.com\/product\/yoast-seo-premium-wordpress\/ -->\n<title>Teresa studerte i utlandet p\u00e5 Irland<\/title>\n<meta name=\"description\" content=\"Da jeg var 17 \u00e5r gammel, fikk jeg den fantastiske muligheten til \u00e5 tilbringe fem m\u00e5neder i Irland p\u00e5 utveksling med STS.\" \/>\n<meta name=\"robots\" content=\"index, follow, max-snippet:-1, max-image-preview:large, max-video-preview:-1\" \/>\n<link rel=\"canonical\" href=\"https:\/\/www.sts-education.com\/no\/high-school\/student-stories\/studenthistorier\/teresa-studerte-i-utlandet-pa-irland\/\" \/>\n<meta property=\"og:locale\" content=\"nb_NO\" \/>\n<meta property=\"og:type\" content=\"article\" \/>\n<meta property=\"og:title\" content=\"Teresa studerte i Irland\" \/>\n<meta property=\"og:description\" content=\"Da jeg var 17 \u00e5r gammel, fikk jeg den fantastiske muligheten til \u00e5 tilbringe fem m\u00e5neder i Irland p\u00e5 utveksling med STS.\" \/>\n<meta property=\"og:url\" content=\"https:\/\/www.sts-education.com\/no\/high-school\/student-stories\/studenthistorier\/teresa-studerte-i-utlandet-pa-irland\/\" \/>\n<meta property=\"og:site_name\" content=\"STS Education\" \/>\n<meta property=\"article:published_time\" content=\"2024-12-10T11:00:00+00:00\" \/>\n<meta property=\"article:modified_time\" content=\"2026-04-29T07:46:01+00:00\" \/>\n<meta property=\"og:image\" content=\"https:\/\/powered-by.qbank.se\/educatius\/sts\/\/f48f4aef984eb75cfa8c6782968a6639_1-1-thumb.webp\" \/>\n\t<meta property=\"og:image:width\" content=\"150\" \/>\n\t<meta property=\"og:image:height\" content=\"150\" \/>\n\t<meta property=\"og:image:type\" content=\"image\/png\" \/>\n<meta name=\"author\" content=\"syncreadwrite\" \/>\n<meta name=\"twitter:card\" content=\"summary_large_image\" \/>\n<meta name=\"twitter:label1\" content=\"Skrevet av\" \/>\n\t<meta name=\"twitter:data1\" content=\"syncreadwrite\" \/>\n\t<meta name=\"twitter:label2\" content=\"Ansl. lesetid\" \/>\n\t<meta name=\"twitter:data2\" content=\"3 minutter\" \/>\n<script type=\"application\/ld+json\" class=\"yoast-schema-graph\">{\"@context\":\"https:\/\/schema.org\",\"@graph\":[{\"@type\":\"Article\",\"@id\":\"https:\/\/www.sts-education.com\/no\/high-school\/student-stories\/studenthistorier\/teresa-studerte-i-utlandet-pa-irland\/#article\",\"isPartOf\":{\"@id\":\"https:\/\/www.sts-education.com\/no\/high-school\/student-stories\/studenthistorier\/teresa-studerte-i-utlandet-pa-irland\/\"},\"author\":{\"name\":\"syncreadwrite\",\"@id\":\"https:\/\/www.sts-education.com\/no\/#\/schema\/person\/8b82f3a2e45f020b8f296d7a85d9a97c\"},\"headline\":\"Teresa studerte i Irland\",\"datePublished\":\"2024-12-10T11:00:00+00:00\",\"dateModified\":\"2026-04-29T07:46:01+00:00\",\"mainEntityOfPage\":{\"@id\":\"https:\/\/www.sts-education.com\/no\/high-school\/student-stories\/studenthistorier\/teresa-studerte-i-utlandet-pa-irland\/\"},\"wordCount\":561,\"commentCount\":0,\"image\":{\"@id\":\"https:\/\/www.sts-education.com\/no\/high-school\/student-stories\/studenthistorier\/teresa-studerte-i-utlandet-pa-irland\/#primaryimage\"},\"thumbnailUrl\":\"https:\/\/powered-by.qbank.se\/educatius\/sts\/\/f48f4aef984eb75cfa8c6782968a6639_1-1-thumb.webp\",\"keywords\":[\"Irland\"],\"articleSection\":[\"Uncategorized @no\"],\"inLanguage\":\"nb-NO\",\"potentialAction\":[{\"@type\":\"CommentAction\",\"name\":\"Comment\",\"target\":[\"https:\/\/www.sts-education.com\/no\/high-school\/student-stories\/studenthistorier\/teresa-studerte-i-utlandet-pa-irland\/#respond\"]}]},{\"@type\":\"WebPage\",\"@id\":\"https:\/\/www.sts-education.com\/no\/high-school\/student-stories\/studenthistorier\/teresa-studerte-i-utlandet-pa-irland\/\",\"url\":\"https:\/\/www.sts-education.com\/no\/high-school\/student-stories\/studenthistorier\/teresa-studerte-i-utlandet-pa-irland\/\",\"name\":\"Teresa studerte i utlandet p\u00e5 Irland\",\"isPartOf\":{\"@id\":\"https:\/\/www.sts-education.com\/no\/#website\"},\"primaryImageOfPage\":{\"@id\":\"https:\/\/www.sts-education.com\/no\/high-school\/student-stories\/studenthistorier\/teresa-studerte-i-utlandet-pa-irland\/#primaryimage\"},\"image\":{\"@id\":\"https:\/\/www.sts-education.com\/no\/high-school\/student-stories\/studenthistorier\/teresa-studerte-i-utlandet-pa-irland\/#primaryimage\"},\"thumbnailUrl\":\"https:\/\/powered-by.qbank.se\/educatius\/sts\/\/f48f4aef984eb75cfa8c6782968a6639_1-1-thumb.webp\",\"datePublished\":\"2024-12-10T11:00:00+00:00\",\"dateModified\":\"2026-04-29T07:46:01+00:00\",\"author\":{\"@id\":\"https:\/\/www.sts-education.com\/no\/#\/schema\/person\/8b82f3a2e45f020b8f296d7a85d9a97c\"},\"description\":\"Da jeg var 17 \u00e5r gammel, fikk jeg den fantastiske muligheten til \u00e5 tilbringe fem m\u00e5neder i Irland p\u00e5 utveksling med STS.\",\"breadcrumb\":{\"@id\":\"https:\/\/www.sts-education.com\/no\/high-school\/student-stories\/studenthistorier\/teresa-studerte-i-utlandet-pa-irland\/#breadcrumb\"},\"inLanguage\":\"nb-NO\",\"potentialAction\":[{\"@type\":\"ReadAction\",\"target\":[\"https:\/\/www.sts-education.com\/no\/high-school\/student-stories\/studenthistorier\/teresa-studerte-i-utlandet-pa-irland\/\"]}]},{\"@type\":\"ImageObject\",\"inLanguage\":\"nb-NO\",\"@id\":\"https:\/\/www.sts-education.com\/no\/high-school\/student-stories\/studenthistorier\/teresa-studerte-i-utlandet-pa-irland\/#primaryimage\",\"url\":\"https:\/\/powered-by.qbank.se\/educatius\/sts\/\/f48f4aef984eb75cfa8c6782968a6639_1-1-thumb.webp\",\"contentUrl\":\"https:\/\/powered-by.qbank.se\/educatius\/sts\/\/f48f4aef984eb75cfa8c6782968a6639_1-1-thumb.webp\",\"width\":150,\"height\":150},{\"@type\":\"BreadcrumbList\",\"@id\":\"https:\/\/www.sts-education.com\/no\/high-school\/student-stories\/studenthistorier\/teresa-studerte-i-utlandet-pa-irland\/#breadcrumb\",\"itemListElement\":[{\"@type\":\"ListItem\",\"position\":1,\"name\":\"Home\",\"item\":\"https:\/\/www.sts-education.com\/no\/\"},{\"@type\":\"ListItem\",\"position\":2,\"name\":\"Teresa studerte i Irland\"}]},{\"@type\":\"WebSite\",\"@id\":\"https:\/\/www.sts-education.com\/no\/#website\",\"url\":\"https:\/\/www.sts-education.com\/no\/\",\"name\":\"STS Education\",\"description\":\"\",\"potentialAction\":[{\"@type\":\"SearchAction\",\"target\":{\"@type\":\"EntryPoint\",\"urlTemplate\":\"https:\/\/www.sts-education.com\/no\/?s={search_term_string}\"},\"query-input\":{\"@type\":\"PropertyValueSpecification\",\"valueRequired\":true,\"valueName\":\"search_term_string\"}}],\"inLanguage\":\"nb-NO\"},{\"@type\":\"Person\",\"@id\":\"https:\/\/www.sts-education.com\/no\/#\/schema\/person\/8b82f3a2e45f020b8f296d7a85d9a97c\",\"name\":\"syncreadwrite\",\"image\":{\"@type\":\"ImageObject\",\"inLanguage\":\"nb-NO\",\"@id\":\"https:\/\/secure.gravatar.com\/avatar\/6ed1007e4f6f43f22e3df41d9fce4365533cba47fef64bb359b8e629abbc2ea6?s=96&d=mm&r=g\",\"url\":\"https:\/\/secure.gravatar.com\/avatar\/6ed1007e4f6f43f22e3df41d9fce4365533cba47fef64bb359b8e629abbc2ea6?s=96&d=mm&r=g\",\"contentUrl\":\"https:\/\/secure.gravatar.com\/avatar\/6ed1007e4f6f43f22e3df41d9fce4365533cba47fef64bb359b8e629abbc2ea6?s=96&d=mm&r=g\",\"caption\":\"syncreadwrite\"},\"url\":\"https:\/\/www.sts-education.com\/no\/author\/syncreadwrite\/\"}]}<\/script>\n<!-- \/ Yoast SEO Premium plugin. -->","yoast_head_json":{"title":"Teresa studerte i utlandet p\u00e5 Irland","description":"Da jeg var 17 \u00e5r gammel, fikk jeg den fantastiske muligheten til \u00e5 tilbringe fem m\u00e5neder i Irland p\u00e5 utveksling med STS.","robots":{"index":"index","follow":"follow","max-snippet":"max-snippet:-1","max-image-preview":"max-image-preview:large","max-video-preview":"max-video-preview:-1"},"canonical":"https:\/\/www.sts-education.com\/no\/high-school\/student-stories\/studenthistorier\/teresa-studerte-i-utlandet-pa-irland\/","og_locale":"nb_NO","og_type":"article","og_title":"Teresa studerte i Irland","og_description":"Da jeg var 17 \u00e5r gammel, fikk jeg den fantastiske muligheten til \u00e5 tilbringe fem m\u00e5neder i Irland p\u00e5 utveksling med STS.","og_url":"https:\/\/www.sts-education.com\/no\/high-school\/student-stories\/studenthistorier\/teresa-studerte-i-utlandet-pa-irland\/","og_site_name":"STS Education","article_published_time":"2024-12-10T11:00:00+00:00","article_modified_time":"2026-04-29T07:46:01+00:00","og_image":[{"width":150,"height":150,"url":"https:\/\/powered-by.qbank.se\/educatius\/sts\/\/f48f4aef984eb75cfa8c6782968a6639_1-1-thumb.webp","type":"image\/png"}],"author":"syncreadwrite","twitter_card":"summary_large_image","twitter_misc":{"Skrevet av":"syncreadwrite","Ansl. lesetid":"3 minutter"},"schema":{"@context":"https:\/\/schema.org","@graph":[{"@type":"Article","@id":"https:\/\/www.sts-education.com\/no\/high-school\/student-stories\/studenthistorier\/teresa-studerte-i-utlandet-pa-irland\/#article","isPartOf":{"@id":"https:\/\/www.sts-education.com\/no\/high-school\/student-stories\/studenthistorier\/teresa-studerte-i-utlandet-pa-irland\/"},"author":{"name":"syncreadwrite","@id":"https:\/\/www.sts-education.com\/no\/#\/schema\/person\/8b82f3a2e45f020b8f296d7a85d9a97c"},"headline":"Teresa studerte i Irland","datePublished":"2024-12-10T11:00:00+00:00","dateModified":"2026-04-29T07:46:01+00:00","mainEntityOfPage":{"@id":"https:\/\/www.sts-education.com\/no\/high-school\/student-stories\/studenthistorier\/teresa-studerte-i-utlandet-pa-irland\/"},"wordCount":561,"commentCount":0,"image":{"@id":"https:\/\/www.sts-education.com\/no\/high-school\/student-stories\/studenthistorier\/teresa-studerte-i-utlandet-pa-irland\/#primaryimage"},"thumbnailUrl":"https:\/\/powered-by.qbank.se\/educatius\/sts\/\/f48f4aef984eb75cfa8c6782968a6639_1-1-thumb.webp","keywords":["Irland"],"articleSection":["Uncategorized @no"],"inLanguage":"nb-NO","potentialAction":[{"@type":"CommentAction","name":"Comment","target":["https:\/\/www.sts-education.com\/no\/high-school\/student-stories\/studenthistorier\/teresa-studerte-i-utlandet-pa-irland\/#respond"]}]},{"@type":"WebPage","@id":"https:\/\/www.sts-education.com\/no\/high-school\/student-stories\/studenthistorier\/teresa-studerte-i-utlandet-pa-irland\/","url":"https:\/\/www.sts-education.com\/no\/high-school\/student-stories\/studenthistorier\/teresa-studerte-i-utlandet-pa-irland\/","name":"Teresa studerte i utlandet p\u00e5 Irland","isPartOf":{"@id":"https:\/\/www.sts-education.com\/no\/#website"},"primaryImageOfPage":{"@id":"https:\/\/www.sts-education.com\/no\/high-school\/student-stories\/studenthistorier\/teresa-studerte-i-utlandet-pa-irland\/#primaryimage"},"image":{"@id":"https:\/\/www.sts-education.com\/no\/high-school\/student-stories\/studenthistorier\/teresa-studerte-i-utlandet-pa-irland\/#primaryimage"},"thumbnailUrl":"https:\/\/powered-by.qbank.se\/educatius\/sts\/\/f48f4aef984eb75cfa8c6782968a6639_1-1-thumb.webp","datePublished":"2024-12-10T11:00:00+00:00","dateModified":"2026-04-29T07:46:01+00:00","author":{"@id":"https:\/\/www.sts-education.com\/no\/#\/schema\/person\/8b82f3a2e45f020b8f296d7a85d9a97c"},"description":"Da jeg var 17 \u00e5r gammel, fikk jeg den fantastiske muligheten til \u00e5 tilbringe fem m\u00e5neder i Irland p\u00e5 utveksling med STS.","breadcrumb":{"@id":"https:\/\/www.sts-education.com\/no\/high-school\/student-stories\/studenthistorier\/teresa-studerte-i-utlandet-pa-irland\/#breadcrumb"},"inLanguage":"nb-NO","potentialAction":[{"@type":"ReadAction","target":["https:\/\/www.sts-education.com\/no\/high-school\/student-stories\/studenthistorier\/teresa-studerte-i-utlandet-pa-irland\/"]}]},{"@type":"ImageObject","inLanguage":"nb-NO","@id":"https:\/\/www.sts-education.com\/no\/high-school\/student-stories\/studenthistorier\/teresa-studerte-i-utlandet-pa-irland\/#primaryimage","url":"https:\/\/powered-by.qbank.se\/educatius\/sts\/\/f48f4aef984eb75cfa8c6782968a6639_1-1-thumb.webp","contentUrl":"https:\/\/powered-by.qbank.se\/educatius\/sts\/\/f48f4aef984eb75cfa8c6782968a6639_1-1-thumb.webp","width":150,"height":150},{"@type":"BreadcrumbList","@id":"https:\/\/www.sts-education.com\/no\/high-school\/student-stories\/studenthistorier\/teresa-studerte-i-utlandet-pa-irland\/#breadcrumb","itemListElement":[{"@type":"ListItem","position":1,"name":"Home","item":"https:\/\/www.sts-education.com\/no\/"},{"@type":"ListItem","position":2,"name":"Teresa studerte i Irland"}]},{"@type":"WebSite","@id":"https:\/\/www.sts-education.com\/no\/#website","url":"https:\/\/www.sts-education.com\/no\/","name":"STS Education","description":"","potentialAction":[{"@type":"SearchAction","target":{"@type":"EntryPoint","urlTemplate":"https:\/\/www.sts-education.com\/no\/?s={search_term_string}"},"query-input":{"@type":"PropertyValueSpecification","valueRequired":true,"valueName":"search_term_string"}}],"inLanguage":"nb-NO"},{"@type":"Person","@id":"https:\/\/www.sts-education.com\/no\/#\/schema\/person\/8b82f3a2e45f020b8f296d7a85d9a97c","name":"syncreadwrite","image":{"@type":"ImageObject","inLanguage":"nb-NO","@id":"https:\/\/secure.gravatar.com\/avatar\/6ed1007e4f6f43f22e3df41d9fce4365533cba47fef64bb359b8e629abbc2ea6?s=96&d=mm&r=g","url":"https:\/\/secure.gravatar.com\/avatar\/6ed1007e4f6f43f22e3df41d9fce4365533cba47fef64bb359b8e629abbc2ea6?s=96&d=mm&r=g","contentUrl":"https:\/\/secure.gravatar.com\/avatar\/6ed1007e4f6f43f22e3df41d9fce4365533cba47fef64bb359b8e629abbc2ea6?s=96&d=mm&r=g","caption":"syncreadwrite"},"url":"https:\/\/www.sts-education.com\/no\/author\/syncreadwrite\/"}]}},"_links":{"self":[{"href":"https:\/\/www.sts-education.com\/no\/wp-json\/wp\/v2\/posts\/12096","targetHints":{"allow":["GET"]}}],"collection":[{"href":"https:\/\/www.sts-education.com\/no\/wp-json\/wp\/v2\/posts"}],"about":[{"href":"https:\/\/www.sts-education.com\/no\/wp-json\/wp\/v2\/types\/post"}],"author":[{"embeddable":true,"href":"https:\/\/www.sts-education.com\/no\/wp-json\/wp\/v2\/users\/20"}],"replies":[{"embeddable":true,"href":"https:\/\/www.sts-education.com\/no\/wp-json\/wp\/v2\/comments?post=12096"}],"version-history":[{"count":6,"href":"https:\/\/www.sts-education.com\/no\/wp-json\/wp\/v2\/posts\/12096\/revisions"}],"predecessor-version":[{"id":43305,"href":"https:\/\/www.sts-education.com\/no\/wp-json\/wp\/v2\/posts\/12096\/revisions\/43305"}],"wp:featuredmedia":[{"embeddable":true,"href":"https:\/\/www.sts-education.com\/no\/wp-json\/wp\/v2\/media\/14016"}],"wp:attachment":[{"href":"https:\/\/www.sts-education.com\/no\/wp-json\/wp\/v2\/media?parent=12096"}],"wp:term":[{"taxonomy":"category","embeddable":true,"href":"https:\/\/www.sts-education.com\/no\/wp-json\/wp\/v2\/categories?post=12096"},{"taxonomy":"post_tag","embeddable":true,"href":"https:\/\/www.sts-education.com\/no\/wp-json\/wp\/v2\/tags?post=12096"},{"taxonomy":"wpw_post_folders","embeddable":true,"href":"https:\/\/www.sts-education.com\/no\/wp-json\/wp\/v2\/wpw_post_folders?post=12096"}],"curies":[{"name":"wp","href":"https:\/\/api.w.org\/{rel}","templated":true}]}}