{"id":12101,"date":"2024-10-24T13:00:00","date_gmt":"2024-10-24T11:00:00","guid":{"rendered":"https:\/\/preprod.sts-education.com\/blog\/2026\/03\/05\/muki-valgte-a-studere-i-spania\/"},"modified":"2026-04-29T09:49:48","modified_gmt":"2026-04-29T07:49:48","slug":"muki-valgte-a-studere-i-spania","status":"publish","type":"post","link":"https:\/\/www.sts-education.com\/no\/high-school\/student-stories\/studenthistorier\/muki-valgte-a-studere-i-spania\/","title":{"rendered":"Muki valgte \u00e5 studere i Spania"},"content":{"rendered":"\n<div class=\"wp-block-sts-text sts-text-editor has-max-width-md\"><div class=\"sts-text-editor__content\"><div class=\"sts-text-editor__content-inner\">\n<h1 style=\"text-align: center\">Muki valgte \u00e5 studere i Spania<\/h1>\n<\/div><\/div><\/div>\n\n\n\n<figure class=\"wp-block-sts-image sts-block-image sts-block-image--count-1 has-max-width-lg\" data-count=\"1\"><div class=\"sts-block-image__grid\"><div class=\"sts-block-image__item\"><picture class=\"sts-responsive-image has-fit-cover has-pos-top is-skeleton\"><source media=\"(max-width: 834.98px)\" srcset=\"https:\/\/powered-by.qbank.se\/educatius\/sts\/450d86718b4b3697ccf2f66f3c051f56_1-1-thumb.webp 150w, https:\/\/powered-by.qbank.se\/educatius\/sts\/450d86718b4b3697ccf2f66f3c051f56_1-1-xsmall.webp 500w, https:\/\/powered-by.qbank.se\/educatius\/sts\/450d86718b4b3697ccf2f66f3c051f56_1-1-small.webp 800w, https:\/\/powered-by.qbank.se\/educatius\/sts\/450d86718b4b3697ccf2f66f3c051f56_1-1-medium.webp 1024w, https:\/\/powered-by.qbank.se\/educatius\/sts\/450d86718b4b3697ccf2f66f3c051f56_1-1-large.webp 1536w\" sizes=\"(max-width: 768px) 100vw, (max-width: 1200px) 100vw, 1200px\" type=\"image\/webp\"\/><source media=\"(min-width: 835px)\" srcset=\"https:\/\/powered-by.qbank.se\/educatius\/sts\/450d86718b4b3697ccf2f66f3c051f56_16-9-small.webp 800w, https:\/\/powered-by.qbank.se\/educatius\/sts\/450d86718b4b3697ccf2f66f3c051f56_16-9-medium.webp 1024w, https:\/\/powered-by.qbank.se\/educatius\/sts\/450d86718b4b3697ccf2f66f3c051f56_16-9-large.webp 1536w\" sizes=\"(max-width: 768px) 100vw, (max-width: 1200px) 100vw, 1200px\" type=\"image\/webp\"\/><img src=\"https:\/\/powered-by.qbank.se\/educatius\/sts\/450d86718b4b3697ccf2f66f3c051f56_1-1-thumb.webp\" alt=\"Muki valgte \u00e5 studere i Spania\" loading=\"lazy\" decoding=\"async\" fetchpriority=\"low\" style=\"object-position:top\"\/><\/picture><\/div><\/div><\/figure>\n\n\n\n<div class=\"wp-block-sts-text sts-text-editor has-max-width-md\"><div class=\"sts-text-editor__content\"><div class=\"sts-text-editor__content-inner\">\n<p><em>Jeg heter Muki, er 16 \u00e5r gammel og kommer fra \u00d8sterrike. Akkurat n\u00e5 tilbringer jeg 5 m\u00e5neder i Spania i en mindre by i n\u00e6rheten av Madrid som heter Rivas Vaciamadrid.<\/em><\/p>\n<\/div><\/div><\/div>\n\n\n\n<div class=\"wp-block-sts-text sts-text-editor has-max-width-md\"><div class=\"sts-text-editor__content\"><div class=\"sts-text-editor__content-inner\">\n<p>Jeg har v\u00e6rt her i nesten to m\u00e5neder n\u00e5, og det har v\u00e6rt helt fantastisk. Jeg hadde nesten ingen forventninger da jeg gikk inn i dette, men alle forventningene jeg hadde ble overg\u00e5tt. Jeg tror det var den beste beslutningen \u00e5 g\u00e5 ut av komfortsonen min og bestemme meg for \u00e5 bo i et fremmed land og en fremmed familie der jeg ikke kjenner noen eller noe som helst. Jeg er allerede sikker p\u00e5 at jeg alltid vil huske disse fem m\u00e5nedene som en fantastisk tid, om ikke den beste.<\/p>\n<h2>Hvorfor Spania?<\/h2>\n<p>Jeg elsker sommeren og alt man kan gj\u00f8re n\u00e5r det er varmt, s\u00e5 det h\u00f8rtes flott ut for meg \u00e5 bo i et land der det er varmt og solrikt mye lenger enn det er hos oss. Det var nok en av de viktigste grunnene til at jeg valgte \u00e5 reise til Spania.<\/p>\n<h2>Venner og skole<\/h2>\n<p>Fra den f\u00f8rste dagen i Spania med velkomstleiren og frem til n\u00e5 har hver dag v\u00e6rt fantastisk. Jeg m\u00f8tte nye venner ganske raskt, b\u00e5de andre utvekslingsstudenter som bor i byen min og lokale, spesielt fra skolen min. Skolen, klassekameratene mine og l\u00e6rerne er alle hyggelige.<\/p>\n<h2>Vertsfamilien<\/h2>\n<p>Familien min er veldig hyggelig, og jeg elsker \u00e5 tilbringe tid sammen med de tre vertss\u00f8sknene mine og hunden min. Jeg har et fint rom, og familien min bryr seg om meg. Jeg bor her som om jeg var en del av familien deres.<\/p>\n<h2>Det spanske spr\u00e5ket<\/h2>\n<p>Spansken min har blitt mye bedre! Jeg forst\u00e5r mer og mer for hver dag som g\u00e5r. N\u00e5, etter bare to m\u00e5neder, forst\u00e5r jeg mye og kan kommunisere ganske bra.<\/p>\n<h2>Fritid<\/h2>\n<p>P\u00e5 ettermiddagene g\u00e5r jeg for det meste p\u00e5 gym eller m\u00f8ter vennene mine for \u00e5 henge eller spille fotball. I helgene elsker vi \u00e5 dra til Madrid, som ligger rundt 40 minutter unna med t-banen. Vi utforsker byen, shopper og har det g\u00f8y. Dette er nok det jeg liker aller best \u00e5 gj\u00f8re, og jeg gleder meg alltid til det. Jeg og vennene mine elsker Madrid og alt man kan se og gj\u00f8re der.<\/p>\n<h2>Min anbefaling<\/h2>\n<p>Jeg kan bare anbefale \u00e5 dra p\u00e5 utveksling, og STS har v\u00e6rt helt topp. Alt har v\u00e6rt godt og komfortabelt organisert. Jeg har ingenting \u00e5 klage p\u00e5! Hvis du bestemmer deg for \u00e5 dra p\u00e5 et utvekslings\u00e5r selv, er mitt r\u00e5d \u00e5 forvente s\u00e5 lite som mulig f\u00f8r du starter, og la deg overraske av det du opplever. Da kan du ikke bli skuffet!<\/p>\n<h2>Finn ut mer<\/h2>\n<ul>\n<li>Les flere <a href=\"https:\/\/www.sts-education.com\/no\/high-school\/student-stories\/studenthistorier\/?hashtag=Spania\">studenthistorier fra Spania<\/a><\/li>\n<li>Les mer om <a href=\"https:\/\/www.sts-education.com\/no\/high-school\/destinasjoner\/europa\/spania\/\">utveksling p\u00e5 high school i Spania<\/a><\/li>\n<li>Se alle v\u00e5re <a href=\"\/no\/high-school\/tripfinder\/\">utvekslingsdestinasjoner for high school<\/a><\/li>\n<\/ul>\n<\/div><\/div><\/div>\n","protected":false},"excerpt":{"rendered":"","protected":false},"author":20,"featured_media":40264,"comment_status":"open","ping_status":"open","sticky":false,"template":"","format":"standard","meta":{"_acf_changed":false,"_yoast_wpseo_title":"Muki valgte \u00e5 studere i Spania","_yoast_wpseo_metadesc":"Jeg tror det var den beste beslutningen \u00e5 g\u00e5 ut av min komfortsone og bestemme meg for \u00e5 bo i et fremmed land og i en fremmed familie der jeg ikke kjenner noen og ingenting.","footnotes":""},"categories":[275],"tags":[1008],"wpw_post_folders":[],"class_list":["post-12101","post","type-post","status-publish","format-standard","has-post-thumbnail","hentry","category-uncategorized-no","tag-spania"],"acf":[],"yoast_head":"<!-- This site is optimized with the Yoast SEO Premium plugin v27.2 (Yoast SEO v27.2) - https:\/\/yoast.com\/product\/yoast-seo-premium-wordpress\/ -->\n<title>Muki valgte \u00e5 studere i Spania<\/title>\n<meta name=\"description\" content=\"Jeg tror det var den beste beslutningen \u00e5 g\u00e5 ut av min komfortsone og bestemme meg for \u00e5 bo i et fremmed land og i en fremmed familie der jeg ikke kjenner noen og ingenting.\" \/>\n<meta name=\"robots\" content=\"index, follow, max-snippet:-1, max-image-preview:large, max-video-preview:-1\" \/>\n<link rel=\"canonical\" href=\"https:\/\/www.sts-education.com\/no\/high-school\/student-stories\/studenthistorier\/muki-valgte-a-studere-i-spania\/\" \/>\n<meta property=\"og:locale\" content=\"nb_NO\" \/>\n<meta property=\"og:type\" content=\"article\" \/>\n<meta property=\"og:title\" content=\"Muki valgte \u00e5 studere i Spania\" \/>\n<meta property=\"og:description\" content=\"Jeg tror det var den beste beslutningen \u00e5 g\u00e5 ut av min komfortsone og bestemme meg for \u00e5 bo i et fremmed land og i en fremmed familie der jeg ikke kjenner noen og ingenting.\" \/>\n<meta property=\"og:url\" content=\"https:\/\/www.sts-education.com\/no\/high-school\/student-stories\/studenthistorier\/muki-valgte-a-studere-i-spania\/\" \/>\n<meta property=\"og:site_name\" content=\"STS Education\" \/>\n<meta property=\"article:published_time\" content=\"2024-10-24T11:00:00+00:00\" \/>\n<meta property=\"article:modified_time\" content=\"2026-04-29T07:49:48+00:00\" \/>\n<meta property=\"og:image\" content=\"https:\/\/powered-by.qbank.se\/educatius\/sts\/\/450d86718b4b3697ccf2f66f3c051f56_1-1-thumb.webp\" \/>\n\t<meta property=\"og:image:width\" content=\"150\" \/>\n\t<meta property=\"og:image:height\" content=\"150\" \/>\n\t<meta property=\"og:image:type\" content=\"image\/png\" \/>\n<meta name=\"author\" content=\"syncreadwrite\" \/>\n<meta name=\"twitter:card\" content=\"summary_large_image\" \/>\n<meta name=\"twitter:label1\" content=\"Skrevet av\" \/>\n\t<meta name=\"twitter:data1\" content=\"syncreadwrite\" \/>\n\t<meta name=\"twitter:label2\" content=\"Ansl. lesetid\" \/>\n\t<meta name=\"twitter:data2\" content=\"3 minutter\" \/>\n<script type=\"application\/ld+json\" class=\"yoast-schema-graph\">{\"@context\":\"https:\/\/schema.org\",\"@graph\":[{\"@type\":\"Article\",\"@id\":\"https:\/\/www.sts-education.com\/no\/high-school\/student-stories\/studenthistorier\/muki-valgte-a-studere-i-spania\/#article\",\"isPartOf\":{\"@id\":\"https:\/\/www.sts-education.com\/no\/high-school\/student-stories\/studenthistorier\/muki-valgte-a-studere-i-spania\/\"},\"author\":{\"name\":\"syncreadwrite\",\"@id\":\"https:\/\/www.sts-education.com\/no\/#\/schema\/person\/8b82f3a2e45f020b8f296d7a85d9a97c\"},\"headline\":\"Muki valgte \u00e5 studere i Spania\",\"datePublished\":\"2024-10-24T11:00:00+00:00\",\"dateModified\":\"2026-04-29T07:49:48+00:00\",\"mainEntityOfPage\":{\"@id\":\"https:\/\/www.sts-education.com\/no\/high-school\/student-stories\/studenthistorier\/muki-valgte-a-studere-i-spania\/\"},\"wordCount\":493,\"commentCount\":0,\"image\":{\"@id\":\"https:\/\/www.sts-education.com\/no\/high-school\/student-stories\/studenthistorier\/muki-valgte-a-studere-i-spania\/#primaryimage\"},\"thumbnailUrl\":\"https:\/\/powered-by.qbank.se\/educatius\/sts\/\/450d86718b4b3697ccf2f66f3c051f56_1-1-thumb.webp\",\"keywords\":[\"Spania\"],\"articleSection\":[\"Uncategorized @no\"],\"inLanguage\":\"nb-NO\",\"potentialAction\":[{\"@type\":\"CommentAction\",\"name\":\"Comment\",\"target\":[\"https:\/\/www.sts-education.com\/no\/high-school\/student-stories\/studenthistorier\/muki-valgte-a-studere-i-spania\/#respond\"]}]},{\"@type\":\"WebPage\",\"@id\":\"https:\/\/www.sts-education.com\/no\/high-school\/student-stories\/studenthistorier\/muki-valgte-a-studere-i-spania\/\",\"url\":\"https:\/\/www.sts-education.com\/no\/high-school\/student-stories\/studenthistorier\/muki-valgte-a-studere-i-spania\/\",\"name\":\"Muki valgte \u00e5 studere i Spania\",\"isPartOf\":{\"@id\":\"https:\/\/www.sts-education.com\/no\/#website\"},\"primaryImageOfPage\":{\"@id\":\"https:\/\/www.sts-education.com\/no\/high-school\/student-stories\/studenthistorier\/muki-valgte-a-studere-i-spania\/#primaryimage\"},\"image\":{\"@id\":\"https:\/\/www.sts-education.com\/no\/high-school\/student-stories\/studenthistorier\/muki-valgte-a-studere-i-spania\/#primaryimage\"},\"thumbnailUrl\":\"https:\/\/powered-by.qbank.se\/educatius\/sts\/\/450d86718b4b3697ccf2f66f3c051f56_1-1-thumb.webp\",\"datePublished\":\"2024-10-24T11:00:00+00:00\",\"dateModified\":\"2026-04-29T07:49:48+00:00\",\"author\":{\"@id\":\"https:\/\/www.sts-education.com\/no\/#\/schema\/person\/8b82f3a2e45f020b8f296d7a85d9a97c\"},\"description\":\"Jeg tror det var den beste beslutningen \u00e5 g\u00e5 ut av min komfortsone og bestemme meg for \u00e5 bo i et fremmed land og i en fremmed familie der jeg ikke kjenner noen og ingenting.\",\"breadcrumb\":{\"@id\":\"https:\/\/www.sts-education.com\/no\/high-school\/student-stories\/studenthistorier\/muki-valgte-a-studere-i-spania\/#breadcrumb\"},\"inLanguage\":\"nb-NO\",\"potentialAction\":[{\"@type\":\"ReadAction\",\"target\":[\"https:\/\/www.sts-education.com\/no\/high-school\/student-stories\/studenthistorier\/muki-valgte-a-studere-i-spania\/\"]}]},{\"@type\":\"ImageObject\",\"inLanguage\":\"nb-NO\",\"@id\":\"https:\/\/www.sts-education.com\/no\/high-school\/student-stories\/studenthistorier\/muki-valgte-a-studere-i-spania\/#primaryimage\",\"url\":\"https:\/\/powered-by.qbank.se\/educatius\/sts\/\/450d86718b4b3697ccf2f66f3c051f56_1-1-thumb.webp\",\"contentUrl\":\"https:\/\/powered-by.qbank.se\/educatius\/sts\/\/450d86718b4b3697ccf2f66f3c051f56_1-1-thumb.webp\",\"width\":150,\"height\":150},{\"@type\":\"BreadcrumbList\",\"@id\":\"https:\/\/www.sts-education.com\/no\/high-school\/student-stories\/studenthistorier\/muki-valgte-a-studere-i-spania\/#breadcrumb\",\"itemListElement\":[{\"@type\":\"ListItem\",\"position\":1,\"name\":\"Home\",\"item\":\"https:\/\/www.sts-education.com\/no\/\"},{\"@type\":\"ListItem\",\"position\":2,\"name\":\"Muki valgte \u00e5 studere i Spania\"}]},{\"@type\":\"WebSite\",\"@id\":\"https:\/\/www.sts-education.com\/no\/#website\",\"url\":\"https:\/\/www.sts-education.com\/no\/\",\"name\":\"STS Education\",\"description\":\"\",\"potentialAction\":[{\"@type\":\"SearchAction\",\"target\":{\"@type\":\"EntryPoint\",\"urlTemplate\":\"https:\/\/www.sts-education.com\/no\/?s={search_term_string}\"},\"query-input\":{\"@type\":\"PropertyValueSpecification\",\"valueRequired\":true,\"valueName\":\"search_term_string\"}}],\"inLanguage\":\"nb-NO\"},{\"@type\":\"Person\",\"@id\":\"https:\/\/www.sts-education.com\/no\/#\/schema\/person\/8b82f3a2e45f020b8f296d7a85d9a97c\",\"name\":\"syncreadwrite\",\"image\":{\"@type\":\"ImageObject\",\"inLanguage\":\"nb-NO\",\"@id\":\"https:\/\/secure.gravatar.com\/avatar\/6ed1007e4f6f43f22e3df41d9fce4365533cba47fef64bb359b8e629abbc2ea6?s=96&d=mm&r=g\",\"url\":\"https:\/\/secure.gravatar.com\/avatar\/6ed1007e4f6f43f22e3df41d9fce4365533cba47fef64bb359b8e629abbc2ea6?s=96&d=mm&r=g\",\"contentUrl\":\"https:\/\/secure.gravatar.com\/avatar\/6ed1007e4f6f43f22e3df41d9fce4365533cba47fef64bb359b8e629abbc2ea6?s=96&d=mm&r=g\",\"caption\":\"syncreadwrite\"},\"url\":\"https:\/\/www.sts-education.com\/no\/author\/syncreadwrite\/\"}]}<\/script>\n<!-- \/ Yoast SEO Premium plugin. -->","yoast_head_json":{"title":"Muki valgte \u00e5 studere i Spania","description":"Jeg tror det var den beste beslutningen \u00e5 g\u00e5 ut av min komfortsone og bestemme meg for \u00e5 bo i et fremmed land og i en fremmed familie der jeg ikke kjenner noen og ingenting.","robots":{"index":"index","follow":"follow","max-snippet":"max-snippet:-1","max-image-preview":"max-image-preview:large","max-video-preview":"max-video-preview:-1"},"canonical":"https:\/\/www.sts-education.com\/no\/high-school\/student-stories\/studenthistorier\/muki-valgte-a-studere-i-spania\/","og_locale":"nb_NO","og_type":"article","og_title":"Muki valgte \u00e5 studere i Spania","og_description":"Jeg tror det var den beste beslutningen \u00e5 g\u00e5 ut av min komfortsone og bestemme meg for \u00e5 bo i et fremmed land og i en fremmed familie der jeg ikke kjenner noen og ingenting.","og_url":"https:\/\/www.sts-education.com\/no\/high-school\/student-stories\/studenthistorier\/muki-valgte-a-studere-i-spania\/","og_site_name":"STS Education","article_published_time":"2024-10-24T11:00:00+00:00","article_modified_time":"2026-04-29T07:49:48+00:00","og_image":[{"width":150,"height":150,"url":"https:\/\/powered-by.qbank.se\/educatius\/sts\/\/450d86718b4b3697ccf2f66f3c051f56_1-1-thumb.webp","type":"image\/png"}],"author":"syncreadwrite","twitter_card":"summary_large_image","twitter_misc":{"Skrevet av":"syncreadwrite","Ansl. lesetid":"3 minutter"},"schema":{"@context":"https:\/\/schema.org","@graph":[{"@type":"Article","@id":"https:\/\/www.sts-education.com\/no\/high-school\/student-stories\/studenthistorier\/muki-valgte-a-studere-i-spania\/#article","isPartOf":{"@id":"https:\/\/www.sts-education.com\/no\/high-school\/student-stories\/studenthistorier\/muki-valgte-a-studere-i-spania\/"},"author":{"name":"syncreadwrite","@id":"https:\/\/www.sts-education.com\/no\/#\/schema\/person\/8b82f3a2e45f020b8f296d7a85d9a97c"},"headline":"Muki valgte \u00e5 studere i Spania","datePublished":"2024-10-24T11:00:00+00:00","dateModified":"2026-04-29T07:49:48+00:00","mainEntityOfPage":{"@id":"https:\/\/www.sts-education.com\/no\/high-school\/student-stories\/studenthistorier\/muki-valgte-a-studere-i-spania\/"},"wordCount":493,"commentCount":0,"image":{"@id":"https:\/\/www.sts-education.com\/no\/high-school\/student-stories\/studenthistorier\/muki-valgte-a-studere-i-spania\/#primaryimage"},"thumbnailUrl":"https:\/\/powered-by.qbank.se\/educatius\/sts\/\/450d86718b4b3697ccf2f66f3c051f56_1-1-thumb.webp","keywords":["Spania"],"articleSection":["Uncategorized @no"],"inLanguage":"nb-NO","potentialAction":[{"@type":"CommentAction","name":"Comment","target":["https:\/\/www.sts-education.com\/no\/high-school\/student-stories\/studenthistorier\/muki-valgte-a-studere-i-spania\/#respond"]}]},{"@type":"WebPage","@id":"https:\/\/www.sts-education.com\/no\/high-school\/student-stories\/studenthistorier\/muki-valgte-a-studere-i-spania\/","url":"https:\/\/www.sts-education.com\/no\/high-school\/student-stories\/studenthistorier\/muki-valgte-a-studere-i-spania\/","name":"Muki valgte \u00e5 studere i Spania","isPartOf":{"@id":"https:\/\/www.sts-education.com\/no\/#website"},"primaryImageOfPage":{"@id":"https:\/\/www.sts-education.com\/no\/high-school\/student-stories\/studenthistorier\/muki-valgte-a-studere-i-spania\/#primaryimage"},"image":{"@id":"https:\/\/www.sts-education.com\/no\/high-school\/student-stories\/studenthistorier\/muki-valgte-a-studere-i-spania\/#primaryimage"},"thumbnailUrl":"https:\/\/powered-by.qbank.se\/educatius\/sts\/\/450d86718b4b3697ccf2f66f3c051f56_1-1-thumb.webp","datePublished":"2024-10-24T11:00:00+00:00","dateModified":"2026-04-29T07:49:48+00:00","author":{"@id":"https:\/\/www.sts-education.com\/no\/#\/schema\/person\/8b82f3a2e45f020b8f296d7a85d9a97c"},"description":"Jeg tror det var den beste beslutningen \u00e5 g\u00e5 ut av min komfortsone og bestemme meg for \u00e5 bo i et fremmed land og i en fremmed familie der jeg ikke kjenner noen og ingenting.","breadcrumb":{"@id":"https:\/\/www.sts-education.com\/no\/high-school\/student-stories\/studenthistorier\/muki-valgte-a-studere-i-spania\/#breadcrumb"},"inLanguage":"nb-NO","potentialAction":[{"@type":"ReadAction","target":["https:\/\/www.sts-education.com\/no\/high-school\/student-stories\/studenthistorier\/muki-valgte-a-studere-i-spania\/"]}]},{"@type":"ImageObject","inLanguage":"nb-NO","@id":"https:\/\/www.sts-education.com\/no\/high-school\/student-stories\/studenthistorier\/muki-valgte-a-studere-i-spania\/#primaryimage","url":"https:\/\/powered-by.qbank.se\/educatius\/sts\/\/450d86718b4b3697ccf2f66f3c051f56_1-1-thumb.webp","contentUrl":"https:\/\/powered-by.qbank.se\/educatius\/sts\/\/450d86718b4b3697ccf2f66f3c051f56_1-1-thumb.webp","width":150,"height":150},{"@type":"BreadcrumbList","@id":"https:\/\/www.sts-education.com\/no\/high-school\/student-stories\/studenthistorier\/muki-valgte-a-studere-i-spania\/#breadcrumb","itemListElement":[{"@type":"ListItem","position":1,"name":"Home","item":"https:\/\/www.sts-education.com\/no\/"},{"@type":"ListItem","position":2,"name":"Muki valgte \u00e5 studere i Spania"}]},{"@type":"WebSite","@id":"https:\/\/www.sts-education.com\/no\/#website","url":"https:\/\/www.sts-education.com\/no\/","name":"STS Education","description":"","potentialAction":[{"@type":"SearchAction","target":{"@type":"EntryPoint","urlTemplate":"https:\/\/www.sts-education.com\/no\/?s={search_term_string}"},"query-input":{"@type":"PropertyValueSpecification","valueRequired":true,"valueName":"search_term_string"}}],"inLanguage":"nb-NO"},{"@type":"Person","@id":"https:\/\/www.sts-education.com\/no\/#\/schema\/person\/8b82f3a2e45f020b8f296d7a85d9a97c","name":"syncreadwrite","image":{"@type":"ImageObject","inLanguage":"nb-NO","@id":"https:\/\/secure.gravatar.com\/avatar\/6ed1007e4f6f43f22e3df41d9fce4365533cba47fef64bb359b8e629abbc2ea6?s=96&d=mm&r=g","url":"https:\/\/secure.gravatar.com\/avatar\/6ed1007e4f6f43f22e3df41d9fce4365533cba47fef64bb359b8e629abbc2ea6?s=96&d=mm&r=g","contentUrl":"https:\/\/secure.gravatar.com\/avatar\/6ed1007e4f6f43f22e3df41d9fce4365533cba47fef64bb359b8e629abbc2ea6?s=96&d=mm&r=g","caption":"syncreadwrite"},"url":"https:\/\/www.sts-education.com\/no\/author\/syncreadwrite\/"}]}},"_links":{"self":[{"href":"https:\/\/www.sts-education.com\/no\/wp-json\/wp\/v2\/posts\/12101","targetHints":{"allow":["GET"]}}],"collection":[{"href":"https:\/\/www.sts-education.com\/no\/wp-json\/wp\/v2\/posts"}],"about":[{"href":"https:\/\/www.sts-education.com\/no\/wp-json\/wp\/v2\/types\/post"}],"author":[{"embeddable":true,"href":"https:\/\/www.sts-education.com\/no\/wp-json\/wp\/v2\/users\/20"}],"replies":[{"embeddable":true,"href":"https:\/\/www.sts-education.com\/no\/wp-json\/wp\/v2\/comments?post=12101"}],"version-history":[{"count":7,"href":"https:\/\/www.sts-education.com\/no\/wp-json\/wp\/v2\/posts\/12101\/revisions"}],"predecessor-version":[{"id":43365,"href":"https:\/\/www.sts-education.com\/no\/wp-json\/wp\/v2\/posts\/12101\/revisions\/43365"}],"wp:featuredmedia":[{"embeddable":true,"href":"https:\/\/www.sts-education.com\/no\/wp-json\/wp\/v2\/media\/40264"}],"wp:attachment":[{"href":"https:\/\/www.sts-education.com\/no\/wp-json\/wp\/v2\/media?parent=12101"}],"wp:term":[{"taxonomy":"category","embeddable":true,"href":"https:\/\/www.sts-education.com\/no\/wp-json\/wp\/v2\/categories?post=12101"},{"taxonomy":"post_tag","embeddable":true,"href":"https:\/\/www.sts-education.com\/no\/wp-json\/wp\/v2\/tags?post=12101"},{"taxonomy":"wpw_post_folders","embeddable":true,"href":"https:\/\/www.sts-education.com\/no\/wp-json\/wp\/v2\/wpw_post_folders?post=12101"}],"curies":[{"name":"wp","href":"https:\/\/api.w.org\/{rel}","templated":true}]}}