{"id":12104,"date":"2024-10-21T14:00:00","date_gmt":"2024-10-21T14:00:00","guid":{"rendered":"https:\/\/preprod.sts-education.com\/blog\/2026\/03\/05\/matteo-var-pa-utveksling-i-tyskland\/"},"modified":"2026-04-23T12:03:57","modified_gmt":"2026-04-23T12:03:57","slug":"matteo-var-pa-utveksling-i-tyskland","status":"publish","type":"post","link":"https:\/\/www.sts-education.com\/no\/high-school\/student-stories\/studenthistorier\/matteo-var-pa-utveksling-i-tyskland\/","title":{"rendered":"Matteo var p\u00e5 utveksling i Tyskland"},"content":{"rendered":"\n<div class=\"wp-block-sts-text sts-text-editor has-max-width-md\"><div class=\"sts-text-editor__content\"><div class=\"sts-text-editor__content-inner\">\n<h1 style=\"text-align: center\">Matteo var p\u00e5 utveksling i Tyskland<\/h1>\n<\/div><\/div><\/div>\n\n\n\n<figure class=\"wp-block-sts-image sts-block-image sts-block-image--count-1 has-max-width-md\" data-count=\"1\"><div class=\"sts-block-image__grid\"><div class=\"sts-block-image__item\"><picture class=\"sts-responsive-image has-fit-cover has-pos-top is-skeleton\"><img src=\"https:\/\/cdn.sts-education.com\/13343_hero_md.jpg\" alt=\"Matteo var p\u00e5 utveksling i Tyskland\" loading=\"lazy\" decoding=\"async\" fetchpriority=\"low\" sizes=\"(max-width: 736px) 100vw, 736px\" \/><\/picture><\/div><\/div><\/figure>\n\n\n\n<div class=\"wp-block-sts-text sts-text-editor has-max-width-md\"><div class=\"sts-text-editor__content\"><div class=\"sts-text-editor__content-inner\">\n<p><em>Hei! Jeg heter Matteo, er 19 \u00e5r gammel og kommer fra Italia. I august 2022 startet jeg utvekslingen min i Tyskland. Jeg ble til juni 2023, s\u00e5 det var et helt skole\u00e5r.<\/em><\/p>\n<\/div><\/div><\/div>\n\n\n\n<div class=\"wp-block-sts-text sts-text-editor has-max-width-md\"><div class=\"sts-text-editor__content\"><div class=\"sts-text-editor__content-inner\">\n<p>Jeg valgte Tyskland fordi jeg studerte tysk som fremmedspr\u00e5k p\u00e5 skolen, og utvekslingsprogrammet var den beste muligheten til \u00e5 forbedre spr\u00e5kkunnskapene mine og bli mer selvstendig.<\/p>\n<p>Skolen jeg gikk p\u00e5, var veldig im\u00f8tekommende, og jeg f\u00f8lte meg umiddelbart som en del av den, selv om det ikke var s\u00e5 lett \u00e5 f\u00e5 venner.<\/p>\n<p>Det beste med utvekslings\u00e5ret mitt var vertsfamilien min. Vi hadde det hyggelig sammen, og vi bes\u00f8kte nye steder og byer, som Hamburg og Bremen. Et veldig fint minne er 18-\u00e5rsdagsfesten de arrangerte for meg: Den fikk meg til \u00e5 f\u00f8le meg spesiell.<\/p>\n<p>Helt i begynnelsen var det veldig vanskelig \u00e5 tilpasse seg den tyske livsstilen, fordi kultursjokket jeg opplevde var uventet, men takket v\u00e6re alt jeg hadde sett og gjort, gikk det lettere \u00e5 komme inn i den nye rutinen.<\/p>\n<p>P\u00e5 slutten av utvekslings\u00e5ret f\u00f8lte jeg meg s\u00e5 tilfreds, og jeg visste at jeg var en bedre person enn jeg var f\u00f8r. S\u00e5 det er opplagt for meg \u00e5 anbefale \u00e5 dra p\u00e5 utveksling p\u00e5 videreg\u00e5ende skole, fordi det er en utrolig sjanse til \u00e5 f\u00e5 et nytt perspektiv p\u00e5 livet og bli en moden person.<\/p>\n<p>Jeg vil alltid v\u00e6re takknemlig overfor STS for at de lot meg oppleve alt dette. De var alltid klare til \u00e5 tilfredsstille mine \u00f8nsker og f\u00e5 meg til \u00e5 f\u00f8le meg hjemme (Welcome Camp var den beste m\u00e5ten \u00e5 bli kjent med andre utvekslingsstudenter p\u00e5).<\/p>\n<p>Til alle som leser dette, vil jeg bare si at dere ikke b\u00f8r v\u00e6re redde for \u00e5 pr\u00f8ve noe nytt, slik utvekslings\u00e5ret er. Gj\u00f8r s\u00e5 mange erfaringer som mulig, for de vil v\u00e6re en del av din personlige vekst og hjelpe deg til \u00e5 forst\u00e5 hva du egentlig vil med livet ditt.<\/p>\n<p>S\u00e5 kom igjen, la utvekslings\u00e5ret ditt begynne!<\/p>\n<h2>Finn ut mer<\/h2>\n<ul>\n<li>Les flere <a href=\"https:\/\/www.sts-education.com\/no\/high-school\/student-stories\/studenthistorier\/?hashtag=Tyskland\">studenthistorier fra Tyskland<\/a><\/li>\n<li>Les mer om <a href=\"https:\/\/www.sts-education.com\/no\/high-school\/destinasjoner\/europa\/tyskland\/\">utveksling p\u00e5 high school i Tyskland<\/a><\/li>\n<li>Se alle v\u00e5re <a href=\"\/no\/high-school\/tripfinder\/\">utvekslingsdestinasjoner for high school<\/a><\/li>\n<\/ul>\n<\/div><\/div><\/div>\n","protected":false},"excerpt":{"rendered":"","protected":false},"author":20,"featured_media":14032,"comment_status":"open","ping_status":"open","sticky":false,"template":"","format":"standard","meta":{"_acf_changed":false,"_yoast_wpseo_title":"Matteo var p\u00e5 utveksling i Tyskland","_yoast_wpseo_metadesc":"Det beste med utvekslings\u00e5ret mitt var vertsfamilien min. Vi hadde det fint sammen, og bes\u00f8kte nye steder og byer, som for eksempel Hamburg og Bremen.","footnotes":""},"categories":[275],"tags":[1001],"wpw_post_folders":[],"class_list":["post-12104","post","type-post","status-publish","format-standard","has-post-thumbnail","hentry","category-uncategorized-no","tag-tyskland"],"acf":[],"yoast_head":"<!-- This site is optimized with the Yoast SEO Premium plugin v27.2 (Yoast SEO v27.2) - https:\/\/yoast.com\/product\/yoast-seo-premium-wordpress\/ -->\n<title>Matteo var p\u00e5 utveksling i Tyskland<\/title>\n<meta name=\"description\" content=\"Det beste med utvekslings\u00e5ret mitt var vertsfamilien min. Vi hadde det fint sammen, og bes\u00f8kte nye steder og byer, som for eksempel Hamburg og Bremen.\" \/>\n<meta name=\"robots\" content=\"index, follow, max-snippet:-1, max-image-preview:large, max-video-preview:-1\" \/>\n<link rel=\"canonical\" href=\"https:\/\/www.sts-education.com\/no\/high-school\/student-stories\/studenthistorier\/matteo-var-pa-utveksling-i-tyskland\/\" \/>\n<meta property=\"og:locale\" content=\"nb_NO\" \/>\n<meta property=\"og:type\" content=\"article\" \/>\n<meta property=\"og:title\" content=\"Matteo var p\u00e5 utveksling i Tyskland\" \/>\n<meta property=\"og:description\" content=\"Det beste med utvekslings\u00e5ret mitt var vertsfamilien min. Vi hadde det fint sammen, og bes\u00f8kte nye steder og byer, som for eksempel Hamburg og Bremen.\" \/>\n<meta property=\"og:url\" content=\"https:\/\/www.sts-education.com\/no\/high-school\/student-stories\/studenthistorier\/matteo-var-pa-utveksling-i-tyskland\/\" \/>\n<meta property=\"og:site_name\" content=\"STS Education\" \/>\n<meta property=\"article:published_time\" content=\"2024-10-21T14:00:00+00:00\" \/>\n<meta property=\"article:modified_time\" content=\"2026-04-23T12:03:57+00:00\" \/>\n<meta property=\"og:image\" content=\"https:\/\/powered-by.qbank.se\/educatius\/sts\/\/3ee9103dcaab55d5ff8d5a1bcc25b8d8_1-1-thumb.webp\" \/>\n\t<meta property=\"og:image:width\" content=\"150\" \/>\n\t<meta property=\"og:image:height\" content=\"150\" \/>\n\t<meta property=\"og:image:type\" content=\"image\/png\" \/>\n<meta name=\"author\" content=\"syncreadwrite\" \/>\n<meta name=\"twitter:card\" content=\"summary_large_image\" \/>\n<meta name=\"twitter:label1\" content=\"Skrevet av\" \/>\n\t<meta name=\"twitter:data1\" content=\"syncreadwrite\" \/>\n\t<meta name=\"twitter:label2\" content=\"Ansl. lesetid\" \/>\n\t<meta name=\"twitter:data2\" content=\"2 minutter\" \/>\n<script type=\"application\/ld+json\" class=\"yoast-schema-graph\">{\"@context\":\"https:\/\/schema.org\",\"@graph\":[{\"@type\":\"Article\",\"@id\":\"https:\/\/www.sts-education.com\/no\/high-school\/student-stories\/studenthistorier\/matteo-var-pa-utveksling-i-tyskland\/#article\",\"isPartOf\":{\"@id\":\"https:\/\/www.sts-education.com\/no\/high-school\/student-stories\/studenthistorier\/matteo-var-pa-utveksling-i-tyskland\/\"},\"author\":{\"name\":\"syncreadwrite\",\"@id\":\"https:\/\/www.sts-education.com\/no\/#\/schema\/person\/8b82f3a2e45f020b8f296d7a85d9a97c\"},\"headline\":\"Matteo var p\u00e5 utveksling i Tyskland\",\"datePublished\":\"2024-10-21T14:00:00+00:00\",\"dateModified\":\"2026-04-23T12:03:57+00:00\",\"mainEntityOfPage\":{\"@id\":\"https:\/\/www.sts-education.com\/no\/high-school\/student-stories\/studenthistorier\/matteo-var-pa-utveksling-i-tyskland\/\"},\"wordCount\":370,\"commentCount\":0,\"image\":{\"@id\":\"https:\/\/www.sts-education.com\/no\/high-school\/student-stories\/studenthistorier\/matteo-var-pa-utveksling-i-tyskland\/#primaryimage\"},\"thumbnailUrl\":\"https:\/\/powered-by.qbank.se\/educatius\/sts\/\/3ee9103dcaab55d5ff8d5a1bcc25b8d8_1-1-thumb.webp\",\"keywords\":[\"Tyskland\"],\"articleSection\":[\"Uncategorized @no\"],\"inLanguage\":\"nb-NO\",\"potentialAction\":[{\"@type\":\"CommentAction\",\"name\":\"Comment\",\"target\":[\"https:\/\/www.sts-education.com\/no\/high-school\/student-stories\/studenthistorier\/matteo-var-pa-utveksling-i-tyskland\/#respond\"]}]},{\"@type\":\"WebPage\",\"@id\":\"https:\/\/www.sts-education.com\/no\/high-school\/student-stories\/studenthistorier\/matteo-var-pa-utveksling-i-tyskland\/\",\"url\":\"https:\/\/www.sts-education.com\/no\/high-school\/student-stories\/studenthistorier\/matteo-var-pa-utveksling-i-tyskland\/\",\"name\":\"Matteo var p\u00e5 utveksling i Tyskland\",\"isPartOf\":{\"@id\":\"https:\/\/www.sts-education.com\/no\/#website\"},\"primaryImageOfPage\":{\"@id\":\"https:\/\/www.sts-education.com\/no\/high-school\/student-stories\/studenthistorier\/matteo-var-pa-utveksling-i-tyskland\/#primaryimage\"},\"image\":{\"@id\":\"https:\/\/www.sts-education.com\/no\/high-school\/student-stories\/studenthistorier\/matteo-var-pa-utveksling-i-tyskland\/#primaryimage\"},\"thumbnailUrl\":\"https:\/\/powered-by.qbank.se\/educatius\/sts\/\/3ee9103dcaab55d5ff8d5a1bcc25b8d8_1-1-thumb.webp\",\"datePublished\":\"2024-10-21T14:00:00+00:00\",\"dateModified\":\"2026-04-23T12:03:57+00:00\",\"author\":{\"@id\":\"https:\/\/www.sts-education.com\/no\/#\/schema\/person\/8b82f3a2e45f020b8f296d7a85d9a97c\"},\"description\":\"Det beste med utvekslings\u00e5ret mitt var vertsfamilien min. Vi hadde det fint sammen, og bes\u00f8kte nye steder og byer, som for eksempel Hamburg og Bremen.\",\"breadcrumb\":{\"@id\":\"https:\/\/www.sts-education.com\/no\/high-school\/student-stories\/studenthistorier\/matteo-var-pa-utveksling-i-tyskland\/#breadcrumb\"},\"inLanguage\":\"nb-NO\",\"potentialAction\":[{\"@type\":\"ReadAction\",\"target\":[\"https:\/\/www.sts-education.com\/no\/high-school\/student-stories\/studenthistorier\/matteo-var-pa-utveksling-i-tyskland\/\"]}]},{\"@type\":\"ImageObject\",\"inLanguage\":\"nb-NO\",\"@id\":\"https:\/\/www.sts-education.com\/no\/high-school\/student-stories\/studenthistorier\/matteo-var-pa-utveksling-i-tyskland\/#primaryimage\",\"url\":\"https:\/\/powered-by.qbank.se\/educatius\/sts\/\/3ee9103dcaab55d5ff8d5a1bcc25b8d8_1-1-thumb.webp\",\"contentUrl\":\"https:\/\/powered-by.qbank.se\/educatius\/sts\/\/3ee9103dcaab55d5ff8d5a1bcc25b8d8_1-1-thumb.webp\",\"width\":150,\"height\":150},{\"@type\":\"BreadcrumbList\",\"@id\":\"https:\/\/www.sts-education.com\/no\/high-school\/student-stories\/studenthistorier\/matteo-var-pa-utveksling-i-tyskland\/#breadcrumb\",\"itemListElement\":[{\"@type\":\"ListItem\",\"position\":1,\"name\":\"Home\",\"item\":\"https:\/\/www.sts-education.com\/no\/\"},{\"@type\":\"ListItem\",\"position\":2,\"name\":\"Matteo var p\u00e5 utveksling i Tyskland\"}]},{\"@type\":\"WebSite\",\"@id\":\"https:\/\/www.sts-education.com\/no\/#website\",\"url\":\"https:\/\/www.sts-education.com\/no\/\",\"name\":\"STS Education\",\"description\":\"\",\"potentialAction\":[{\"@type\":\"SearchAction\",\"target\":{\"@type\":\"EntryPoint\",\"urlTemplate\":\"https:\/\/www.sts-education.com\/no\/?s={search_term_string}\"},\"query-input\":{\"@type\":\"PropertyValueSpecification\",\"valueRequired\":true,\"valueName\":\"search_term_string\"}}],\"inLanguage\":\"nb-NO\"},{\"@type\":\"Person\",\"@id\":\"https:\/\/www.sts-education.com\/no\/#\/schema\/person\/8b82f3a2e45f020b8f296d7a85d9a97c\",\"name\":\"syncreadwrite\",\"image\":{\"@type\":\"ImageObject\",\"inLanguage\":\"nb-NO\",\"@id\":\"https:\/\/secure.gravatar.com\/avatar\/6ed1007e4f6f43f22e3df41d9fce4365533cba47fef64bb359b8e629abbc2ea6?s=96&d=mm&r=g\",\"url\":\"https:\/\/secure.gravatar.com\/avatar\/6ed1007e4f6f43f22e3df41d9fce4365533cba47fef64bb359b8e629abbc2ea6?s=96&d=mm&r=g\",\"contentUrl\":\"https:\/\/secure.gravatar.com\/avatar\/6ed1007e4f6f43f22e3df41d9fce4365533cba47fef64bb359b8e629abbc2ea6?s=96&d=mm&r=g\",\"caption\":\"syncreadwrite\"},\"url\":\"https:\/\/www.sts-education.com\/no\/author\/syncreadwrite\/\"}]}<\/script>\n<!-- \/ Yoast SEO Premium plugin. -->","yoast_head_json":{"title":"Matteo var p\u00e5 utveksling i Tyskland","description":"Det beste med utvekslings\u00e5ret mitt var vertsfamilien min. Vi hadde det fint sammen, og bes\u00f8kte nye steder og byer, som for eksempel Hamburg og Bremen.","robots":{"index":"index","follow":"follow","max-snippet":"max-snippet:-1","max-image-preview":"max-image-preview:large","max-video-preview":"max-video-preview:-1"},"canonical":"https:\/\/www.sts-education.com\/no\/high-school\/student-stories\/studenthistorier\/matteo-var-pa-utveksling-i-tyskland\/","og_locale":"nb_NO","og_type":"article","og_title":"Matteo var p\u00e5 utveksling i Tyskland","og_description":"Det beste med utvekslings\u00e5ret mitt var vertsfamilien min. Vi hadde det fint sammen, og bes\u00f8kte nye steder og byer, som for eksempel Hamburg og Bremen.","og_url":"https:\/\/www.sts-education.com\/no\/high-school\/student-stories\/studenthistorier\/matteo-var-pa-utveksling-i-tyskland\/","og_site_name":"STS Education","article_published_time":"2024-10-21T14:00:00+00:00","article_modified_time":"2026-04-23T12:03:57+00:00","og_image":[{"width":150,"height":150,"url":"https:\/\/powered-by.qbank.se\/educatius\/sts\/\/3ee9103dcaab55d5ff8d5a1bcc25b8d8_1-1-thumb.webp","type":"image\/png"}],"author":"syncreadwrite","twitter_card":"summary_large_image","twitter_misc":{"Skrevet av":"syncreadwrite","Ansl. lesetid":"2 minutter"},"schema":{"@context":"https:\/\/schema.org","@graph":[{"@type":"Article","@id":"https:\/\/www.sts-education.com\/no\/high-school\/student-stories\/studenthistorier\/matteo-var-pa-utveksling-i-tyskland\/#article","isPartOf":{"@id":"https:\/\/www.sts-education.com\/no\/high-school\/student-stories\/studenthistorier\/matteo-var-pa-utveksling-i-tyskland\/"},"author":{"name":"syncreadwrite","@id":"https:\/\/www.sts-education.com\/no\/#\/schema\/person\/8b82f3a2e45f020b8f296d7a85d9a97c"},"headline":"Matteo var p\u00e5 utveksling i Tyskland","datePublished":"2024-10-21T14:00:00+00:00","dateModified":"2026-04-23T12:03:57+00:00","mainEntityOfPage":{"@id":"https:\/\/www.sts-education.com\/no\/high-school\/student-stories\/studenthistorier\/matteo-var-pa-utveksling-i-tyskland\/"},"wordCount":370,"commentCount":0,"image":{"@id":"https:\/\/www.sts-education.com\/no\/high-school\/student-stories\/studenthistorier\/matteo-var-pa-utveksling-i-tyskland\/#primaryimage"},"thumbnailUrl":"https:\/\/powered-by.qbank.se\/educatius\/sts\/\/3ee9103dcaab55d5ff8d5a1bcc25b8d8_1-1-thumb.webp","keywords":["Tyskland"],"articleSection":["Uncategorized @no"],"inLanguage":"nb-NO","potentialAction":[{"@type":"CommentAction","name":"Comment","target":["https:\/\/www.sts-education.com\/no\/high-school\/student-stories\/studenthistorier\/matteo-var-pa-utveksling-i-tyskland\/#respond"]}]},{"@type":"WebPage","@id":"https:\/\/www.sts-education.com\/no\/high-school\/student-stories\/studenthistorier\/matteo-var-pa-utveksling-i-tyskland\/","url":"https:\/\/www.sts-education.com\/no\/high-school\/student-stories\/studenthistorier\/matteo-var-pa-utveksling-i-tyskland\/","name":"Matteo var p\u00e5 utveksling i Tyskland","isPartOf":{"@id":"https:\/\/www.sts-education.com\/no\/#website"},"primaryImageOfPage":{"@id":"https:\/\/www.sts-education.com\/no\/high-school\/student-stories\/studenthistorier\/matteo-var-pa-utveksling-i-tyskland\/#primaryimage"},"image":{"@id":"https:\/\/www.sts-education.com\/no\/high-school\/student-stories\/studenthistorier\/matteo-var-pa-utveksling-i-tyskland\/#primaryimage"},"thumbnailUrl":"https:\/\/powered-by.qbank.se\/educatius\/sts\/\/3ee9103dcaab55d5ff8d5a1bcc25b8d8_1-1-thumb.webp","datePublished":"2024-10-21T14:00:00+00:00","dateModified":"2026-04-23T12:03:57+00:00","author":{"@id":"https:\/\/www.sts-education.com\/no\/#\/schema\/person\/8b82f3a2e45f020b8f296d7a85d9a97c"},"description":"Det beste med utvekslings\u00e5ret mitt var vertsfamilien min. Vi hadde det fint sammen, og bes\u00f8kte nye steder og byer, som for eksempel Hamburg og Bremen.","breadcrumb":{"@id":"https:\/\/www.sts-education.com\/no\/high-school\/student-stories\/studenthistorier\/matteo-var-pa-utveksling-i-tyskland\/#breadcrumb"},"inLanguage":"nb-NO","potentialAction":[{"@type":"ReadAction","target":["https:\/\/www.sts-education.com\/no\/high-school\/student-stories\/studenthistorier\/matteo-var-pa-utveksling-i-tyskland\/"]}]},{"@type":"ImageObject","inLanguage":"nb-NO","@id":"https:\/\/www.sts-education.com\/no\/high-school\/student-stories\/studenthistorier\/matteo-var-pa-utveksling-i-tyskland\/#primaryimage","url":"https:\/\/powered-by.qbank.se\/educatius\/sts\/\/3ee9103dcaab55d5ff8d5a1bcc25b8d8_1-1-thumb.webp","contentUrl":"https:\/\/powered-by.qbank.se\/educatius\/sts\/\/3ee9103dcaab55d5ff8d5a1bcc25b8d8_1-1-thumb.webp","width":150,"height":150},{"@type":"BreadcrumbList","@id":"https:\/\/www.sts-education.com\/no\/high-school\/student-stories\/studenthistorier\/matteo-var-pa-utveksling-i-tyskland\/#breadcrumb","itemListElement":[{"@type":"ListItem","position":1,"name":"Home","item":"https:\/\/www.sts-education.com\/no\/"},{"@type":"ListItem","position":2,"name":"Matteo var p\u00e5 utveksling i Tyskland"}]},{"@type":"WebSite","@id":"https:\/\/www.sts-education.com\/no\/#website","url":"https:\/\/www.sts-education.com\/no\/","name":"STS Education","description":"","potentialAction":[{"@type":"SearchAction","target":{"@type":"EntryPoint","urlTemplate":"https:\/\/www.sts-education.com\/no\/?s={search_term_string}"},"query-input":{"@type":"PropertyValueSpecification","valueRequired":true,"valueName":"search_term_string"}}],"inLanguage":"nb-NO"},{"@type":"Person","@id":"https:\/\/www.sts-education.com\/no\/#\/schema\/person\/8b82f3a2e45f020b8f296d7a85d9a97c","name":"syncreadwrite","image":{"@type":"ImageObject","inLanguage":"nb-NO","@id":"https:\/\/secure.gravatar.com\/avatar\/6ed1007e4f6f43f22e3df41d9fce4365533cba47fef64bb359b8e629abbc2ea6?s=96&d=mm&r=g","url":"https:\/\/secure.gravatar.com\/avatar\/6ed1007e4f6f43f22e3df41d9fce4365533cba47fef64bb359b8e629abbc2ea6?s=96&d=mm&r=g","contentUrl":"https:\/\/secure.gravatar.com\/avatar\/6ed1007e4f6f43f22e3df41d9fce4365533cba47fef64bb359b8e629abbc2ea6?s=96&d=mm&r=g","caption":"syncreadwrite"},"url":"https:\/\/www.sts-education.com\/no\/author\/syncreadwrite\/"}]}},"_links":{"self":[{"href":"https:\/\/www.sts-education.com\/no\/wp-json\/wp\/v2\/posts\/12104","targetHints":{"allow":["GET"]}}],"collection":[{"href":"https:\/\/www.sts-education.com\/no\/wp-json\/wp\/v2\/posts"}],"about":[{"href":"https:\/\/www.sts-education.com\/no\/wp-json\/wp\/v2\/types\/post"}],"author":[{"embeddable":true,"href":"https:\/\/www.sts-education.com\/no\/wp-json\/wp\/v2\/users\/20"}],"replies":[{"embeddable":true,"href":"https:\/\/www.sts-education.com\/no\/wp-json\/wp\/v2\/comments?post=12104"}],"version-history":[{"count":5,"href":"https:\/\/www.sts-education.com\/no\/wp-json\/wp\/v2\/posts\/12104\/revisions"}],"predecessor-version":[{"id":40307,"href":"https:\/\/www.sts-education.com\/no\/wp-json\/wp\/v2\/posts\/12104\/revisions\/40307"}],"wp:featuredmedia":[{"embeddable":true,"href":"https:\/\/www.sts-education.com\/no\/wp-json\/wp\/v2\/media\/14032"}],"wp:attachment":[{"href":"https:\/\/www.sts-education.com\/no\/wp-json\/wp\/v2\/media?parent=12104"}],"wp:term":[{"taxonomy":"category","embeddable":true,"href":"https:\/\/www.sts-education.com\/no\/wp-json\/wp\/v2\/categories?post=12104"},{"taxonomy":"post_tag","embeddable":true,"href":"https:\/\/www.sts-education.com\/no\/wp-json\/wp\/v2\/tags?post=12104"},{"taxonomy":"wpw_post_folders","embeddable":true,"href":"https:\/\/www.sts-education.com\/no\/wp-json\/wp\/v2\/wpw_post_folders?post=12104"}],"curies":[{"name":"wp","href":"https:\/\/api.w.org\/{rel}","templated":true}]}}