{"id":12105,"date":"2024-10-08T14:00:00","date_gmt":"2024-10-08T12:00:00","guid":{"rendered":"https:\/\/preprod.sts-education.com\/blog\/2026\/03\/05\/paula-valgte-a-studere-i-italia\/"},"modified":"2026-04-29T09:51:35","modified_gmt":"2026-04-29T07:51:35","slug":"paula-valgte-a-studere-i-italia","status":"publish","type":"post","link":"https:\/\/www.sts-education.com\/no\/high-school\/student-stories\/studenthistorier\/paula-valgte-a-studere-i-italia\/","title":{"rendered":"Paula valgte \u00e5 studere i Italia"},"content":{"rendered":"\n<div class=\"wp-block-sts-text sts-text-editor has-max-width-md\"><div class=\"sts-text-editor__content\"><div class=\"sts-text-editor__content-inner\">\n<h1 style=\"text-align: center\">Paula valgte \u00e5 studere i Italia<\/h1>\n<\/div><\/div><\/div>\n\n\n\n<figure class=\"wp-block-sts-image sts-block-image sts-block-image--count-1 has-max-width-lg\" data-count=\"1\"><div class=\"sts-block-image__grid\"><div class=\"sts-block-image__item\"><picture class=\"sts-responsive-image has-fit-cover has-pos-top is-skeleton\"><source media=\"(max-width: 834.98px)\" srcset=\"https:\/\/powered-by.qbank.se\/educatius\/sts\/b59afec3c8a23ac3fe9ad100261fa291_1-1-thumb.webp 150w, https:\/\/powered-by.qbank.se\/educatius\/sts\/b59afec3c8a23ac3fe9ad100261fa291_1-1-xsmall.webp 500w, https:\/\/powered-by.qbank.se\/educatius\/sts\/b59afec3c8a23ac3fe9ad100261fa291_1-1-small.webp 800w, https:\/\/powered-by.qbank.se\/educatius\/sts\/b59afec3c8a23ac3fe9ad100261fa291_1-1-medium.webp 1024w, https:\/\/powered-by.qbank.se\/educatius\/sts\/b59afec3c8a23ac3fe9ad100261fa291_1-1-large.webp 1536w\" sizes=\"(max-width: 768px) 100vw, (max-width: 1200px) 100vw, 1200px\" type=\"image\/webp\"\/><source media=\"(min-width: 835px)\" srcset=\"https:\/\/powered-by.qbank.se\/educatius\/sts\/b59afec3c8a23ac3fe9ad100261fa291_16-9-small.webp 800w, https:\/\/powered-by.qbank.se\/educatius\/sts\/b59afec3c8a23ac3fe9ad100261fa291_16-9-medium.webp 1024w, https:\/\/powered-by.qbank.se\/educatius\/sts\/b59afec3c8a23ac3fe9ad100261fa291_16-9-large.webp 1536w\" sizes=\"(max-width: 768px) 100vw, (max-width: 1200px) 100vw, 1200px\" type=\"image\/webp\"\/><img src=\"https:\/\/powered-by.qbank.se\/educatius\/sts\/b59afec3c8a23ac3fe9ad100261fa291_1-1-thumb.webp\" alt=\"Paula valgte \u00e5 studere i Italia\" loading=\"lazy\" decoding=\"async\" fetchpriority=\"low\" style=\"object-position:top\"\/><\/picture><\/div><\/div><\/figure>\n\n\n\n<div class=\"wp-block-sts-text sts-text-editor has-max-width-md\"><div class=\"sts-text-editor__content\"><div class=\"sts-text-editor__content-inner\">\n<p><em>Paula Binder fra \u00d8sterrike reiste p\u00e5 high school-utveksling til Italia for fem \u00e5r siden.<\/em><\/p>\n<\/div><\/div><\/div>\n\n\n\n<div class=\"wp-block-sts-text sts-text-editor has-max-width-md\"><div class=\"sts-text-editor__content\"><div class=\"sts-text-editor__content-inner\">\n<p>For fem \u00e5r siden bestemte jeg meg for \u00e5 dra p\u00e5 et halvt \u00e5rs utveksling til Trento i Italia. Det var en stor avgj\u00f8relse for meg, siden jeg vanligvis fikk hjemlengsel etter bare noen f\u00e5 dager hjemmefra. Et helt halv\u00e5r f\u00f8ltes som en evighet.<\/p>\n<p>Men: Det var absolutt den beste avgj\u00f8relsen jeg kunne ha tatt! Jeg hadde det kjempeg\u00f8y, i et land som jeg allerede elsket s\u00e5 h\u00f8yt. \u00c5 studere verdens vakreste spr\u00e5k og m\u00f8te s\u00e5 mange fantastiske mennesker, samtidig som jeg fikk oppleve essensen av det italienske livet, var virkelig fantastisk. Trento vil for alltid ha en spesiell plass i hjertet mitt som mitt andre hjem.<\/p>\n<p>\u00c5 l\u00e6re et nytt spr\u00e5k er noe av det mest berikende du kan gj\u00f8re. Det kan riktignok v\u00e6re veldig t\u00f8ft i begynnelsen. Men du vil snart innse hvor mye du har forbedret deg siden du kom hit.<\/p>\n<p>I tillegg til \u00e5 bli bedre i italiensk, ble jeg ogs\u00e5 mer selvsikker og selvstendig takket v\u00e6re utenlandsoppholdet.<\/p>\n<p>\u00c5 velge STS var den beste beslutningen. Takk skal dere ha, STS!<\/p>\n<h2>Finn ut mer<\/h2>\n<ul>\n<li>Les flere <a href=\"https:\/\/www.sts-education.com\/no\/high-school\/student-stories\/studenthistorier\/?hashtag=Italia\">studenthistorier fra Italia<\/a><\/li>\n<li>Les mer om <a href=\"https:\/\/www.sts-education.com\/no\/high-school\/destinasjoner\/europa\/italia\/\">utveksling p\u00e5 high school i Italia<\/a><\/li>\n<li>Se alle v\u00e5re <a href=\"\/no\/high-school\/tripfinder\/\">utvekslingsdestinasjoner for high school<\/a><\/li>\n<\/ul>\n<\/div><\/div><\/div>\n","protected":false},"excerpt":{"rendered":"","protected":false},"author":20,"featured_media":40284,"comment_status":"open","ping_status":"open","sticky":false,"template":"","format":"standard","meta":{"_acf_changed":false,"_yoast_wpseo_title":"Paula valgte \u00e5 studere i Italia","_yoast_wpseo_metadesc":"\u00c5 studere verdens vakreste spr\u00e5k og m\u00f8te s\u00e5 mange fantastiske mennesker, samtidig som man fikk oppleve essensen av det italienske livet, var virkelig fantastisk.","footnotes":""},"categories":[275],"tags":[1003],"wpw_post_folders":[],"class_list":["post-12105","post","type-post","status-publish","format-standard","has-post-thumbnail","hentry","category-uncategorized-no","tag-italia"],"acf":[],"yoast_head":"<!-- This site is optimized with the Yoast SEO Premium plugin v27.2 (Yoast SEO v27.2) - https:\/\/yoast.com\/product\/yoast-seo-premium-wordpress\/ -->\n<title>Paula valgte \u00e5 studere i Italia<\/title>\n<meta name=\"description\" content=\"\u00c5 studere verdens vakreste spr\u00e5k og m\u00f8te s\u00e5 mange fantastiske mennesker, samtidig som man fikk oppleve essensen av det italienske livet, var virkelig fantastisk.\" \/>\n<meta name=\"robots\" content=\"index, follow, max-snippet:-1, max-image-preview:large, max-video-preview:-1\" \/>\n<link rel=\"canonical\" href=\"https:\/\/www.sts-education.com\/no\/high-school\/student-stories\/studenthistorier\/paula-valgte-a-studere-i-italia\/\" \/>\n<meta property=\"og:locale\" content=\"nb_NO\" \/>\n<meta property=\"og:type\" content=\"article\" \/>\n<meta property=\"og:title\" content=\"Paula valgte \u00e5 studere i Italia\" \/>\n<meta property=\"og:description\" content=\"\u00c5 studere verdens vakreste spr\u00e5k og m\u00f8te s\u00e5 mange fantastiske mennesker, samtidig som man fikk oppleve essensen av det italienske livet, var virkelig fantastisk.\" \/>\n<meta property=\"og:url\" content=\"https:\/\/www.sts-education.com\/no\/high-school\/student-stories\/studenthistorier\/paula-valgte-a-studere-i-italia\/\" \/>\n<meta property=\"og:site_name\" content=\"STS Education\" \/>\n<meta property=\"article:published_time\" content=\"2024-10-08T12:00:00+00:00\" \/>\n<meta property=\"article:modified_time\" content=\"2026-04-29T07:51:35+00:00\" \/>\n<meta property=\"og:image\" content=\"https:\/\/powered-by.qbank.se\/educatius\/sts\/\/b59afec3c8a23ac3fe9ad100261fa291_1-1-thumb.webp\" \/>\n\t<meta property=\"og:image:width\" content=\"150\" \/>\n\t<meta property=\"og:image:height\" content=\"150\" \/>\n\t<meta property=\"og:image:type\" content=\"image\/png\" \/>\n<meta name=\"author\" content=\"syncreadwrite\" \/>\n<meta name=\"twitter:card\" content=\"summary_large_image\" \/>\n<meta name=\"twitter:label1\" content=\"Skrevet av\" \/>\n\t<meta name=\"twitter:data1\" content=\"syncreadwrite\" \/>\n\t<meta name=\"twitter:label2\" content=\"Ansl. lesetid\" \/>\n\t<meta name=\"twitter:data2\" content=\"2 minutter\" \/>\n<script type=\"application\/ld+json\" class=\"yoast-schema-graph\">{\"@context\":\"https:\/\/schema.org\",\"@graph\":[{\"@type\":\"Article\",\"@id\":\"https:\/\/www.sts-education.com\/no\/high-school\/student-stories\/studenthistorier\/paula-valgte-a-studere-i-italia\/#article\",\"isPartOf\":{\"@id\":\"https:\/\/www.sts-education.com\/no\/high-school\/student-stories\/studenthistorier\/paula-valgte-a-studere-i-italia\/\"},\"author\":{\"name\":\"syncreadwrite\",\"@id\":\"https:\/\/www.sts-education.com\/no\/#\/schema\/person\/8b82f3a2e45f020b8f296d7a85d9a97c\"},\"headline\":\"Paula valgte \u00e5 studere i Italia\",\"datePublished\":\"2024-10-08T12:00:00+00:00\",\"dateModified\":\"2026-04-29T07:51:35+00:00\",\"mainEntityOfPage\":{\"@id\":\"https:\/\/www.sts-education.com\/no\/high-school\/student-stories\/studenthistorier\/paula-valgte-a-studere-i-italia\/\"},\"wordCount\":232,\"commentCount\":0,\"image\":{\"@id\":\"https:\/\/www.sts-education.com\/no\/high-school\/student-stories\/studenthistorier\/paula-valgte-a-studere-i-italia\/#primaryimage\"},\"thumbnailUrl\":\"https:\/\/powered-by.qbank.se\/educatius\/sts\/\/b59afec3c8a23ac3fe9ad100261fa291_1-1-thumb.webp\",\"keywords\":[\"Italia\"],\"articleSection\":[\"Uncategorized @no\"],\"inLanguage\":\"nb-NO\",\"potentialAction\":[{\"@type\":\"CommentAction\",\"name\":\"Comment\",\"target\":[\"https:\/\/www.sts-education.com\/no\/high-school\/student-stories\/studenthistorier\/paula-valgte-a-studere-i-italia\/#respond\"]}]},{\"@type\":\"WebPage\",\"@id\":\"https:\/\/www.sts-education.com\/no\/high-school\/student-stories\/studenthistorier\/paula-valgte-a-studere-i-italia\/\",\"url\":\"https:\/\/www.sts-education.com\/no\/high-school\/student-stories\/studenthistorier\/paula-valgte-a-studere-i-italia\/\",\"name\":\"Paula valgte \u00e5 studere i Italia\",\"isPartOf\":{\"@id\":\"https:\/\/www.sts-education.com\/no\/#website\"},\"primaryImageOfPage\":{\"@id\":\"https:\/\/www.sts-education.com\/no\/high-school\/student-stories\/studenthistorier\/paula-valgte-a-studere-i-italia\/#primaryimage\"},\"image\":{\"@id\":\"https:\/\/www.sts-education.com\/no\/high-school\/student-stories\/studenthistorier\/paula-valgte-a-studere-i-italia\/#primaryimage\"},\"thumbnailUrl\":\"https:\/\/powered-by.qbank.se\/educatius\/sts\/\/b59afec3c8a23ac3fe9ad100261fa291_1-1-thumb.webp\",\"datePublished\":\"2024-10-08T12:00:00+00:00\",\"dateModified\":\"2026-04-29T07:51:35+00:00\",\"author\":{\"@id\":\"https:\/\/www.sts-education.com\/no\/#\/schema\/person\/8b82f3a2e45f020b8f296d7a85d9a97c\"},\"description\":\"\u00c5 studere verdens vakreste spr\u00e5k og m\u00f8te s\u00e5 mange fantastiske mennesker, samtidig som man fikk oppleve essensen av det italienske livet, var virkelig fantastisk.\",\"breadcrumb\":{\"@id\":\"https:\/\/www.sts-education.com\/no\/high-school\/student-stories\/studenthistorier\/paula-valgte-a-studere-i-italia\/#breadcrumb\"},\"inLanguage\":\"nb-NO\",\"potentialAction\":[{\"@type\":\"ReadAction\",\"target\":[\"https:\/\/www.sts-education.com\/no\/high-school\/student-stories\/studenthistorier\/paula-valgte-a-studere-i-italia\/\"]}]},{\"@type\":\"ImageObject\",\"inLanguage\":\"nb-NO\",\"@id\":\"https:\/\/www.sts-education.com\/no\/high-school\/student-stories\/studenthistorier\/paula-valgte-a-studere-i-italia\/#primaryimage\",\"url\":\"https:\/\/powered-by.qbank.se\/educatius\/sts\/\/b59afec3c8a23ac3fe9ad100261fa291_1-1-thumb.webp\",\"contentUrl\":\"https:\/\/powered-by.qbank.se\/educatius\/sts\/\/b59afec3c8a23ac3fe9ad100261fa291_1-1-thumb.webp\",\"width\":150,\"height\":150},{\"@type\":\"BreadcrumbList\",\"@id\":\"https:\/\/www.sts-education.com\/no\/high-school\/student-stories\/studenthistorier\/paula-valgte-a-studere-i-italia\/#breadcrumb\",\"itemListElement\":[{\"@type\":\"ListItem\",\"position\":1,\"name\":\"Home\",\"item\":\"https:\/\/www.sts-education.com\/no\/\"},{\"@type\":\"ListItem\",\"position\":2,\"name\":\"Paula valgte \u00e5 studere i Italia\"}]},{\"@type\":\"WebSite\",\"@id\":\"https:\/\/www.sts-education.com\/no\/#website\",\"url\":\"https:\/\/www.sts-education.com\/no\/\",\"name\":\"STS Education\",\"description\":\"\",\"potentialAction\":[{\"@type\":\"SearchAction\",\"target\":{\"@type\":\"EntryPoint\",\"urlTemplate\":\"https:\/\/www.sts-education.com\/no\/?s={search_term_string}\"},\"query-input\":{\"@type\":\"PropertyValueSpecification\",\"valueRequired\":true,\"valueName\":\"search_term_string\"}}],\"inLanguage\":\"nb-NO\"},{\"@type\":\"Person\",\"@id\":\"https:\/\/www.sts-education.com\/no\/#\/schema\/person\/8b82f3a2e45f020b8f296d7a85d9a97c\",\"name\":\"syncreadwrite\",\"image\":{\"@type\":\"ImageObject\",\"inLanguage\":\"nb-NO\",\"@id\":\"https:\/\/secure.gravatar.com\/avatar\/6ed1007e4f6f43f22e3df41d9fce4365533cba47fef64bb359b8e629abbc2ea6?s=96&d=mm&r=g\",\"url\":\"https:\/\/secure.gravatar.com\/avatar\/6ed1007e4f6f43f22e3df41d9fce4365533cba47fef64bb359b8e629abbc2ea6?s=96&d=mm&r=g\",\"contentUrl\":\"https:\/\/secure.gravatar.com\/avatar\/6ed1007e4f6f43f22e3df41d9fce4365533cba47fef64bb359b8e629abbc2ea6?s=96&d=mm&r=g\",\"caption\":\"syncreadwrite\"},\"url\":\"https:\/\/www.sts-education.com\/no\/author\/syncreadwrite\/\"}]}<\/script>\n<!-- \/ Yoast SEO Premium plugin. -->","yoast_head_json":{"title":"Paula valgte \u00e5 studere i Italia","description":"\u00c5 studere verdens vakreste spr\u00e5k og m\u00f8te s\u00e5 mange fantastiske mennesker, samtidig som man fikk oppleve essensen av det italienske livet, var virkelig fantastisk.","robots":{"index":"index","follow":"follow","max-snippet":"max-snippet:-1","max-image-preview":"max-image-preview:large","max-video-preview":"max-video-preview:-1"},"canonical":"https:\/\/www.sts-education.com\/no\/high-school\/student-stories\/studenthistorier\/paula-valgte-a-studere-i-italia\/","og_locale":"nb_NO","og_type":"article","og_title":"Paula valgte \u00e5 studere i Italia","og_description":"\u00c5 studere verdens vakreste spr\u00e5k og m\u00f8te s\u00e5 mange fantastiske mennesker, samtidig som man fikk oppleve essensen av det italienske livet, var virkelig fantastisk.","og_url":"https:\/\/www.sts-education.com\/no\/high-school\/student-stories\/studenthistorier\/paula-valgte-a-studere-i-italia\/","og_site_name":"STS Education","article_published_time":"2024-10-08T12:00:00+00:00","article_modified_time":"2026-04-29T07:51:35+00:00","og_image":[{"width":150,"height":150,"url":"https:\/\/powered-by.qbank.se\/educatius\/sts\/\/b59afec3c8a23ac3fe9ad100261fa291_1-1-thumb.webp","type":"image\/png"}],"author":"syncreadwrite","twitter_card":"summary_large_image","twitter_misc":{"Skrevet av":"syncreadwrite","Ansl. lesetid":"2 minutter"},"schema":{"@context":"https:\/\/schema.org","@graph":[{"@type":"Article","@id":"https:\/\/www.sts-education.com\/no\/high-school\/student-stories\/studenthistorier\/paula-valgte-a-studere-i-italia\/#article","isPartOf":{"@id":"https:\/\/www.sts-education.com\/no\/high-school\/student-stories\/studenthistorier\/paula-valgte-a-studere-i-italia\/"},"author":{"name":"syncreadwrite","@id":"https:\/\/www.sts-education.com\/no\/#\/schema\/person\/8b82f3a2e45f020b8f296d7a85d9a97c"},"headline":"Paula valgte \u00e5 studere i Italia","datePublished":"2024-10-08T12:00:00+00:00","dateModified":"2026-04-29T07:51:35+00:00","mainEntityOfPage":{"@id":"https:\/\/www.sts-education.com\/no\/high-school\/student-stories\/studenthistorier\/paula-valgte-a-studere-i-italia\/"},"wordCount":232,"commentCount":0,"image":{"@id":"https:\/\/www.sts-education.com\/no\/high-school\/student-stories\/studenthistorier\/paula-valgte-a-studere-i-italia\/#primaryimage"},"thumbnailUrl":"https:\/\/powered-by.qbank.se\/educatius\/sts\/\/b59afec3c8a23ac3fe9ad100261fa291_1-1-thumb.webp","keywords":["Italia"],"articleSection":["Uncategorized @no"],"inLanguage":"nb-NO","potentialAction":[{"@type":"CommentAction","name":"Comment","target":["https:\/\/www.sts-education.com\/no\/high-school\/student-stories\/studenthistorier\/paula-valgte-a-studere-i-italia\/#respond"]}]},{"@type":"WebPage","@id":"https:\/\/www.sts-education.com\/no\/high-school\/student-stories\/studenthistorier\/paula-valgte-a-studere-i-italia\/","url":"https:\/\/www.sts-education.com\/no\/high-school\/student-stories\/studenthistorier\/paula-valgte-a-studere-i-italia\/","name":"Paula valgte \u00e5 studere i Italia","isPartOf":{"@id":"https:\/\/www.sts-education.com\/no\/#website"},"primaryImageOfPage":{"@id":"https:\/\/www.sts-education.com\/no\/high-school\/student-stories\/studenthistorier\/paula-valgte-a-studere-i-italia\/#primaryimage"},"image":{"@id":"https:\/\/www.sts-education.com\/no\/high-school\/student-stories\/studenthistorier\/paula-valgte-a-studere-i-italia\/#primaryimage"},"thumbnailUrl":"https:\/\/powered-by.qbank.se\/educatius\/sts\/\/b59afec3c8a23ac3fe9ad100261fa291_1-1-thumb.webp","datePublished":"2024-10-08T12:00:00+00:00","dateModified":"2026-04-29T07:51:35+00:00","author":{"@id":"https:\/\/www.sts-education.com\/no\/#\/schema\/person\/8b82f3a2e45f020b8f296d7a85d9a97c"},"description":"\u00c5 studere verdens vakreste spr\u00e5k og m\u00f8te s\u00e5 mange fantastiske mennesker, samtidig som man fikk oppleve essensen av det italienske livet, var virkelig fantastisk.","breadcrumb":{"@id":"https:\/\/www.sts-education.com\/no\/high-school\/student-stories\/studenthistorier\/paula-valgte-a-studere-i-italia\/#breadcrumb"},"inLanguage":"nb-NO","potentialAction":[{"@type":"ReadAction","target":["https:\/\/www.sts-education.com\/no\/high-school\/student-stories\/studenthistorier\/paula-valgte-a-studere-i-italia\/"]}]},{"@type":"ImageObject","inLanguage":"nb-NO","@id":"https:\/\/www.sts-education.com\/no\/high-school\/student-stories\/studenthistorier\/paula-valgte-a-studere-i-italia\/#primaryimage","url":"https:\/\/powered-by.qbank.se\/educatius\/sts\/\/b59afec3c8a23ac3fe9ad100261fa291_1-1-thumb.webp","contentUrl":"https:\/\/powered-by.qbank.se\/educatius\/sts\/\/b59afec3c8a23ac3fe9ad100261fa291_1-1-thumb.webp","width":150,"height":150},{"@type":"BreadcrumbList","@id":"https:\/\/www.sts-education.com\/no\/high-school\/student-stories\/studenthistorier\/paula-valgte-a-studere-i-italia\/#breadcrumb","itemListElement":[{"@type":"ListItem","position":1,"name":"Home","item":"https:\/\/www.sts-education.com\/no\/"},{"@type":"ListItem","position":2,"name":"Paula valgte \u00e5 studere i Italia"}]},{"@type":"WebSite","@id":"https:\/\/www.sts-education.com\/no\/#website","url":"https:\/\/www.sts-education.com\/no\/","name":"STS Education","description":"","potentialAction":[{"@type":"SearchAction","target":{"@type":"EntryPoint","urlTemplate":"https:\/\/www.sts-education.com\/no\/?s={search_term_string}"},"query-input":{"@type":"PropertyValueSpecification","valueRequired":true,"valueName":"search_term_string"}}],"inLanguage":"nb-NO"},{"@type":"Person","@id":"https:\/\/www.sts-education.com\/no\/#\/schema\/person\/8b82f3a2e45f020b8f296d7a85d9a97c","name":"syncreadwrite","image":{"@type":"ImageObject","inLanguage":"nb-NO","@id":"https:\/\/secure.gravatar.com\/avatar\/6ed1007e4f6f43f22e3df41d9fce4365533cba47fef64bb359b8e629abbc2ea6?s=96&d=mm&r=g","url":"https:\/\/secure.gravatar.com\/avatar\/6ed1007e4f6f43f22e3df41d9fce4365533cba47fef64bb359b8e629abbc2ea6?s=96&d=mm&r=g","contentUrl":"https:\/\/secure.gravatar.com\/avatar\/6ed1007e4f6f43f22e3df41d9fce4365533cba47fef64bb359b8e629abbc2ea6?s=96&d=mm&r=g","caption":"syncreadwrite"},"url":"https:\/\/www.sts-education.com\/no\/author\/syncreadwrite\/"}]}},"_links":{"self":[{"href":"https:\/\/www.sts-education.com\/no\/wp-json\/wp\/v2\/posts\/12105","targetHints":{"allow":["GET"]}}],"collection":[{"href":"https:\/\/www.sts-education.com\/no\/wp-json\/wp\/v2\/posts"}],"about":[{"href":"https:\/\/www.sts-education.com\/no\/wp-json\/wp\/v2\/types\/post"}],"author":[{"embeddable":true,"href":"https:\/\/www.sts-education.com\/no\/wp-json\/wp\/v2\/users\/20"}],"replies":[{"embeddable":true,"href":"https:\/\/www.sts-education.com\/no\/wp-json\/wp\/v2\/comments?post=12105"}],"version-history":[{"count":6,"href":"https:\/\/www.sts-education.com\/no\/wp-json\/wp\/v2\/posts\/12105\/revisions"}],"predecessor-version":[{"id":43413,"href":"https:\/\/www.sts-education.com\/no\/wp-json\/wp\/v2\/posts\/12105\/revisions\/43413"}],"wp:featuredmedia":[{"embeddable":true,"href":"https:\/\/www.sts-education.com\/no\/wp-json\/wp\/v2\/media\/40284"}],"wp:attachment":[{"href":"https:\/\/www.sts-education.com\/no\/wp-json\/wp\/v2\/media?parent=12105"}],"wp:term":[{"taxonomy":"category","embeddable":true,"href":"https:\/\/www.sts-education.com\/no\/wp-json\/wp\/v2\/categories?post=12105"},{"taxonomy":"post_tag","embeddable":true,"href":"https:\/\/www.sts-education.com\/no\/wp-json\/wp\/v2\/tags?post=12105"},{"taxonomy":"wpw_post_folders","embeddable":true,"href":"https:\/\/www.sts-education.com\/no\/wp-json\/wp\/v2\/wpw_post_folders?post=12105"}],"curies":[{"name":"wp","href":"https:\/\/api.w.org\/{rel}","templated":true}]}}