{"id":12107,"date":"2024-10-01T14:00:00","date_gmt":"2024-10-01T14:00:00","guid":{"rendered":"https:\/\/preprod.sts-education.com\/blog\/2026\/03\/05\/franziska-gikk-pa-high-school-i-nederland\/"},"modified":"2026-04-23T12:04:57","modified_gmt":"2026-04-23T12:04:57","slug":"franziska-gikk-pa-high-school-i-nederland","status":"publish","type":"post","link":"https:\/\/www.sts-education.com\/no\/high-school\/student-stories\/studenthistorier\/franziska-gikk-pa-high-school-i-nederland\/","title":{"rendered":"Franziska gikk p\u00e5 skole i Nederland"},"content":{"rendered":"\n<div class=\"wp-block-sts-text sts-text-editor has-max-width-md\"><div class=\"sts-text-editor__content\"><div class=\"sts-text-editor__content-inner\">\n<h1 style=\"text-align: center\">Franziska gikk p\u00e5 skole i Nederland<\/h1>\n<\/div><\/div><\/div>\n\n\n\n<figure class=\"wp-block-sts-image sts-block-image sts-block-image--count-1 has-max-width-md\" data-count=\"1\"><div class=\"sts-block-image__grid\"><div class=\"sts-block-image__item\"><picture class=\"sts-responsive-image has-fit-cover has-pos-top is-skeleton\"><img src=\"https:\/\/cdn.sts-education.com\/13277_hero_md.jpg\" alt=\"Franziska gikk p\u00e5 high school i Nederland\" loading=\"lazy\" decoding=\"async\" fetchpriority=\"low\" sizes=\"(max-width: 736px) 100vw, 736px\" \/><\/picture><\/div><\/div><\/figure>\n\n\n\n<div class=\"wp-block-sts-text sts-text-editor has-max-width-md\"><div class=\"sts-text-editor__content\"><div class=\"sts-text-editor__content-inner\">\n<p><em>Franziska fra \u00d8sterrike tilbrakte et \u00e5r i utlandet i Nederland.<\/em><\/p>\n<\/div><\/div><\/div>\n\n\n\n<div class=\"wp-block-sts-text sts-text-editor has-max-width-md\"><div class=\"sts-text-editor__content\"><div class=\"sts-text-editor__content-inner\">\n<p>Jeg valgte Nederland fordi jeg f\u00f8lte meg tiltrukket av landet fra f\u00f8rste stund og ville vite hva det var for noe.<\/p>\n<h2>Vertsfamilien min<\/h2>\n<p>Jeg kom godt overens med vertsfamilien min med en gang, og ble inkludert i familiens hverdag og p\u00e5 alle utflukter. Etter kort tid f\u00f8lte jeg meg hjemme hos dem, og det var et veldig famili\u00e6rt milj\u00f8. Vertsfamilien min hjalp meg ogs\u00e5 mye med \u00e5 l\u00e6re spr\u00e5ket, og de var veldig t\u00e5lmodige med meg. Da jeg til slutt klarte \u00e5 snakke nederlandsk flytende, var de veldig stolte av meg. Selv etter \u00e5ret i utlandet har jeg fortsatt mye kontakt med vertsfamilien min.<\/p>\n<h2>Om skolen<\/h2>\n<p>L\u00e6rerne mine hadde stor forst\u00e5else for at jeg ikke var p\u00e5 samme niv\u00e5 som resten av klassekameratene mine i begynnelsen, og de pr\u00f8vde \u00e5 gi meg best mulig st\u00f8tte. Siden alt foregikk p\u00e5 nederlandsk, tok det meg noen uker \u00e5 bli vant til det.<\/p>\n<h2>Vennene mine<\/h2>\n<p>Allerede f\u00f8r jeg fl\u00f8y til Nederland, hadde jeg kontakt med noen klassekamerater, og de fulgte meg de f\u00f8rste ukene. De endte opp med \u00e5 bli mine beste venner. Jeg m\u00f8tte ogs\u00e5 andre studenter fra STS i Nederland, og jeg gjorde mye sammen med dem!<\/p>\n<h2>Jeg anbefaler \u00e5 dra!<\/h2>\n<p>Jeg vil anbefale alle \u00e5 dra p\u00e5 et high school-\u00e5r for \u00e5 g\u00e5 p\u00e5 en lokal skole og bo hos en vertsfamilie. Ikke bare blir du kjent med en ny kultur, men du l\u00e6rer ogs\u00e5 mye om deg selv og utvikler deg selv videre.<\/p>\n<h2>Finn ut mer<\/h2>\n<ul>\n<li>Les flere <a href=\"https:\/\/www.sts-education.com\/no\/high-school\/student-stories\/studenthistorier\/?hashtag=Nederland\">studenthistorier fra Nederland<\/a><\/li>\n<li>Les mer om <a href=\"https:\/\/www.sts-education.com\/no\/high-school\/destinasjoner\/europa\/nederland\/\">utveksling p\u00e5 high school i Nederland<\/a><\/li>\n<li>Se alle v\u00e5re <a href=\"\/no\/high-school\/tripfinder\/\">utvekslingsdestinasjoner for high school<\/a><\/li>\n<\/ul>\n<\/div><\/div><\/div>\n","protected":false},"excerpt":{"rendered":"","protected":false},"author":20,"featured_media":14038,"comment_status":"open","ping_status":"open","sticky":false,"template":"","format":"standard","meta":{"_acf_changed":false,"_yoast_wpseo_title":"Nederland","_yoast_wpseo_metadesc":"Jeg vil anbefale alle \u00e5 ta et \u00e5r p\u00e5 high school, g\u00e5 p\u00e5 en lokal skole og bo hos en vertsfamilie.","footnotes":""},"categories":[275],"tags":[1005],"wpw_post_folders":[],"class_list":["post-12107","post","type-post","status-publish","format-standard","has-post-thumbnail","hentry","category-uncategorized-no","tag-nederland"],"acf":[],"yoast_head":"<!-- This site is optimized with the Yoast SEO Premium plugin v27.2 (Yoast SEO v27.2) - https:\/\/yoast.com\/product\/yoast-seo-premium-wordpress\/ -->\n<title>Nederland<\/title>\n<meta name=\"description\" content=\"Jeg vil anbefale alle \u00e5 ta et \u00e5r p\u00e5 high school, g\u00e5 p\u00e5 en lokal skole og bo hos en vertsfamilie.\" \/>\n<meta name=\"robots\" content=\"index, follow, max-snippet:-1, max-image-preview:large, max-video-preview:-1\" \/>\n<link rel=\"canonical\" href=\"https:\/\/www.sts-education.com\/no\/high-school\/student-stories\/studenthistorier\/franziska-gikk-pa-high-school-i-nederland\/\" \/>\n<meta property=\"og:locale\" content=\"nb_NO\" \/>\n<meta property=\"og:type\" content=\"article\" \/>\n<meta property=\"og:title\" content=\"Franziska gikk p\u00e5 skole i Nederland\" \/>\n<meta property=\"og:description\" content=\"Jeg vil anbefale alle \u00e5 ta et \u00e5r p\u00e5 high school, g\u00e5 p\u00e5 en lokal skole og bo hos en vertsfamilie.\" \/>\n<meta property=\"og:url\" content=\"https:\/\/www.sts-education.com\/no\/high-school\/student-stories\/studenthistorier\/franziska-gikk-pa-high-school-i-nederland\/\" \/>\n<meta property=\"og:site_name\" content=\"STS Education\" \/>\n<meta property=\"article:published_time\" content=\"2024-10-01T14:00:00+00:00\" \/>\n<meta property=\"article:modified_time\" content=\"2026-04-23T12:04:57+00:00\" \/>\n<meta property=\"og:image\" content=\"https:\/\/powered-by.qbank.se\/educatius\/sts\/\/004cbc35eed8995456a63ec720fe63c7_1-1-thumb.webp\" \/>\n\t<meta property=\"og:image:width\" content=\"150\" \/>\n\t<meta property=\"og:image:height\" content=\"150\" \/>\n\t<meta property=\"og:image:type\" content=\"image\/jpeg\" \/>\n<meta name=\"author\" content=\"syncreadwrite\" \/>\n<meta name=\"twitter:card\" content=\"summary_large_image\" \/>\n<meta name=\"twitter:label1\" content=\"Skrevet av\" \/>\n\t<meta name=\"twitter:data1\" content=\"syncreadwrite\" \/>\n\t<meta name=\"twitter:label2\" content=\"Ansl. lesetid\" \/>\n\t<meta name=\"twitter:data2\" content=\"2 minutter\" \/>\n<script type=\"application\/ld+json\" class=\"yoast-schema-graph\">{\"@context\":\"https:\/\/schema.org\",\"@graph\":[{\"@type\":\"Article\",\"@id\":\"https:\/\/www.sts-education.com\/no\/high-school\/student-stories\/studenthistorier\/franziska-gikk-pa-high-school-i-nederland\/#article\",\"isPartOf\":{\"@id\":\"https:\/\/www.sts-education.com\/no\/high-school\/student-stories\/studenthistorier\/franziska-gikk-pa-high-school-i-nederland\/\"},\"author\":{\"name\":\"syncreadwrite\",\"@id\":\"https:\/\/www.sts-education.com\/no\/#\/schema\/person\/8b82f3a2e45f020b8f296d7a85d9a97c\"},\"headline\":\"Franziska gikk p\u00e5 skole i Nederland\",\"datePublished\":\"2024-10-01T14:00:00+00:00\",\"dateModified\":\"2026-04-23T12:04:57+00:00\",\"mainEntityOfPage\":{\"@id\":\"https:\/\/www.sts-education.com\/no\/high-school\/student-stories\/studenthistorier\/franziska-gikk-pa-high-school-i-nederland\/\"},\"wordCount\":300,\"commentCount\":0,\"image\":{\"@id\":\"https:\/\/www.sts-education.com\/no\/high-school\/student-stories\/studenthistorier\/franziska-gikk-pa-high-school-i-nederland\/#primaryimage\"},\"thumbnailUrl\":\"https:\/\/powered-by.qbank.se\/educatius\/sts\/\/004cbc35eed8995456a63ec720fe63c7_1-1-thumb.webp\",\"keywords\":[\"Nederland\"],\"articleSection\":[\"Uncategorized @no\"],\"inLanguage\":\"nb-NO\",\"potentialAction\":[{\"@type\":\"CommentAction\",\"name\":\"Comment\",\"target\":[\"https:\/\/www.sts-education.com\/no\/high-school\/student-stories\/studenthistorier\/franziska-gikk-pa-high-school-i-nederland\/#respond\"]}]},{\"@type\":\"WebPage\",\"@id\":\"https:\/\/www.sts-education.com\/no\/high-school\/student-stories\/studenthistorier\/franziska-gikk-pa-high-school-i-nederland\/\",\"url\":\"https:\/\/www.sts-education.com\/no\/high-school\/student-stories\/studenthistorier\/franziska-gikk-pa-high-school-i-nederland\/\",\"name\":\"Nederland\",\"isPartOf\":{\"@id\":\"https:\/\/www.sts-education.com\/no\/#website\"},\"primaryImageOfPage\":{\"@id\":\"https:\/\/www.sts-education.com\/no\/high-school\/student-stories\/studenthistorier\/franziska-gikk-pa-high-school-i-nederland\/#primaryimage\"},\"image\":{\"@id\":\"https:\/\/www.sts-education.com\/no\/high-school\/student-stories\/studenthistorier\/franziska-gikk-pa-high-school-i-nederland\/#primaryimage\"},\"thumbnailUrl\":\"https:\/\/powered-by.qbank.se\/educatius\/sts\/\/004cbc35eed8995456a63ec720fe63c7_1-1-thumb.webp\",\"datePublished\":\"2024-10-01T14:00:00+00:00\",\"dateModified\":\"2026-04-23T12:04:57+00:00\",\"author\":{\"@id\":\"https:\/\/www.sts-education.com\/no\/#\/schema\/person\/8b82f3a2e45f020b8f296d7a85d9a97c\"},\"description\":\"Jeg vil anbefale alle \u00e5 ta et \u00e5r p\u00e5 high school, g\u00e5 p\u00e5 en lokal skole og bo hos en vertsfamilie.\",\"breadcrumb\":{\"@id\":\"https:\/\/www.sts-education.com\/no\/high-school\/student-stories\/studenthistorier\/franziska-gikk-pa-high-school-i-nederland\/#breadcrumb\"},\"inLanguage\":\"nb-NO\",\"potentialAction\":[{\"@type\":\"ReadAction\",\"target\":[\"https:\/\/www.sts-education.com\/no\/high-school\/student-stories\/studenthistorier\/franziska-gikk-pa-high-school-i-nederland\/\"]}]},{\"@type\":\"ImageObject\",\"inLanguage\":\"nb-NO\",\"@id\":\"https:\/\/www.sts-education.com\/no\/high-school\/student-stories\/studenthistorier\/franziska-gikk-pa-high-school-i-nederland\/#primaryimage\",\"url\":\"https:\/\/powered-by.qbank.se\/educatius\/sts\/\/004cbc35eed8995456a63ec720fe63c7_1-1-thumb.webp\",\"contentUrl\":\"https:\/\/powered-by.qbank.se\/educatius\/sts\/\/004cbc35eed8995456a63ec720fe63c7_1-1-thumb.webp\",\"width\":150,\"height\":150},{\"@type\":\"BreadcrumbList\",\"@id\":\"https:\/\/www.sts-education.com\/no\/high-school\/student-stories\/studenthistorier\/franziska-gikk-pa-high-school-i-nederland\/#breadcrumb\",\"itemListElement\":[{\"@type\":\"ListItem\",\"position\":1,\"name\":\"Home\",\"item\":\"https:\/\/www.sts-education.com\/no\/\"},{\"@type\":\"ListItem\",\"position\":2,\"name\":\"Franziska gikk p\u00e5 skole i Nederland\"}]},{\"@type\":\"WebSite\",\"@id\":\"https:\/\/www.sts-education.com\/no\/#website\",\"url\":\"https:\/\/www.sts-education.com\/no\/\",\"name\":\"STS Education\",\"description\":\"\",\"potentialAction\":[{\"@type\":\"SearchAction\",\"target\":{\"@type\":\"EntryPoint\",\"urlTemplate\":\"https:\/\/www.sts-education.com\/no\/?s={search_term_string}\"},\"query-input\":{\"@type\":\"PropertyValueSpecification\",\"valueRequired\":true,\"valueName\":\"search_term_string\"}}],\"inLanguage\":\"nb-NO\"},{\"@type\":\"Person\",\"@id\":\"https:\/\/www.sts-education.com\/no\/#\/schema\/person\/8b82f3a2e45f020b8f296d7a85d9a97c\",\"name\":\"syncreadwrite\",\"image\":{\"@type\":\"ImageObject\",\"inLanguage\":\"nb-NO\",\"@id\":\"https:\/\/secure.gravatar.com\/avatar\/6ed1007e4f6f43f22e3df41d9fce4365533cba47fef64bb359b8e629abbc2ea6?s=96&d=mm&r=g\",\"url\":\"https:\/\/secure.gravatar.com\/avatar\/6ed1007e4f6f43f22e3df41d9fce4365533cba47fef64bb359b8e629abbc2ea6?s=96&d=mm&r=g\",\"contentUrl\":\"https:\/\/secure.gravatar.com\/avatar\/6ed1007e4f6f43f22e3df41d9fce4365533cba47fef64bb359b8e629abbc2ea6?s=96&d=mm&r=g\",\"caption\":\"syncreadwrite\"},\"url\":\"https:\/\/www.sts-education.com\/no\/author\/syncreadwrite\/\"}]}<\/script>\n<!-- \/ Yoast SEO Premium plugin. -->","yoast_head_json":{"title":"Nederland","description":"Jeg vil anbefale alle \u00e5 ta et \u00e5r p\u00e5 high school, g\u00e5 p\u00e5 en lokal skole og bo hos en vertsfamilie.","robots":{"index":"index","follow":"follow","max-snippet":"max-snippet:-1","max-image-preview":"max-image-preview:large","max-video-preview":"max-video-preview:-1"},"canonical":"https:\/\/www.sts-education.com\/no\/high-school\/student-stories\/studenthistorier\/franziska-gikk-pa-high-school-i-nederland\/","og_locale":"nb_NO","og_type":"article","og_title":"Franziska gikk p\u00e5 skole i Nederland","og_description":"Jeg vil anbefale alle \u00e5 ta et \u00e5r p\u00e5 high school, g\u00e5 p\u00e5 en lokal skole og bo hos en vertsfamilie.","og_url":"https:\/\/www.sts-education.com\/no\/high-school\/student-stories\/studenthistorier\/franziska-gikk-pa-high-school-i-nederland\/","og_site_name":"STS Education","article_published_time":"2024-10-01T14:00:00+00:00","article_modified_time":"2026-04-23T12:04:57+00:00","og_image":[{"width":150,"height":150,"url":"https:\/\/powered-by.qbank.se\/educatius\/sts\/\/004cbc35eed8995456a63ec720fe63c7_1-1-thumb.webp","type":"image\/jpeg"}],"author":"syncreadwrite","twitter_card":"summary_large_image","twitter_misc":{"Skrevet av":"syncreadwrite","Ansl. lesetid":"2 minutter"},"schema":{"@context":"https:\/\/schema.org","@graph":[{"@type":"Article","@id":"https:\/\/www.sts-education.com\/no\/high-school\/student-stories\/studenthistorier\/franziska-gikk-pa-high-school-i-nederland\/#article","isPartOf":{"@id":"https:\/\/www.sts-education.com\/no\/high-school\/student-stories\/studenthistorier\/franziska-gikk-pa-high-school-i-nederland\/"},"author":{"name":"syncreadwrite","@id":"https:\/\/www.sts-education.com\/no\/#\/schema\/person\/8b82f3a2e45f020b8f296d7a85d9a97c"},"headline":"Franziska gikk p\u00e5 skole i Nederland","datePublished":"2024-10-01T14:00:00+00:00","dateModified":"2026-04-23T12:04:57+00:00","mainEntityOfPage":{"@id":"https:\/\/www.sts-education.com\/no\/high-school\/student-stories\/studenthistorier\/franziska-gikk-pa-high-school-i-nederland\/"},"wordCount":300,"commentCount":0,"image":{"@id":"https:\/\/www.sts-education.com\/no\/high-school\/student-stories\/studenthistorier\/franziska-gikk-pa-high-school-i-nederland\/#primaryimage"},"thumbnailUrl":"https:\/\/powered-by.qbank.se\/educatius\/sts\/\/004cbc35eed8995456a63ec720fe63c7_1-1-thumb.webp","keywords":["Nederland"],"articleSection":["Uncategorized @no"],"inLanguage":"nb-NO","potentialAction":[{"@type":"CommentAction","name":"Comment","target":["https:\/\/www.sts-education.com\/no\/high-school\/student-stories\/studenthistorier\/franziska-gikk-pa-high-school-i-nederland\/#respond"]}]},{"@type":"WebPage","@id":"https:\/\/www.sts-education.com\/no\/high-school\/student-stories\/studenthistorier\/franziska-gikk-pa-high-school-i-nederland\/","url":"https:\/\/www.sts-education.com\/no\/high-school\/student-stories\/studenthistorier\/franziska-gikk-pa-high-school-i-nederland\/","name":"Nederland","isPartOf":{"@id":"https:\/\/www.sts-education.com\/no\/#website"},"primaryImageOfPage":{"@id":"https:\/\/www.sts-education.com\/no\/high-school\/student-stories\/studenthistorier\/franziska-gikk-pa-high-school-i-nederland\/#primaryimage"},"image":{"@id":"https:\/\/www.sts-education.com\/no\/high-school\/student-stories\/studenthistorier\/franziska-gikk-pa-high-school-i-nederland\/#primaryimage"},"thumbnailUrl":"https:\/\/powered-by.qbank.se\/educatius\/sts\/\/004cbc35eed8995456a63ec720fe63c7_1-1-thumb.webp","datePublished":"2024-10-01T14:00:00+00:00","dateModified":"2026-04-23T12:04:57+00:00","author":{"@id":"https:\/\/www.sts-education.com\/no\/#\/schema\/person\/8b82f3a2e45f020b8f296d7a85d9a97c"},"description":"Jeg vil anbefale alle \u00e5 ta et \u00e5r p\u00e5 high school, g\u00e5 p\u00e5 en lokal skole og bo hos en vertsfamilie.","breadcrumb":{"@id":"https:\/\/www.sts-education.com\/no\/high-school\/student-stories\/studenthistorier\/franziska-gikk-pa-high-school-i-nederland\/#breadcrumb"},"inLanguage":"nb-NO","potentialAction":[{"@type":"ReadAction","target":["https:\/\/www.sts-education.com\/no\/high-school\/student-stories\/studenthistorier\/franziska-gikk-pa-high-school-i-nederland\/"]}]},{"@type":"ImageObject","inLanguage":"nb-NO","@id":"https:\/\/www.sts-education.com\/no\/high-school\/student-stories\/studenthistorier\/franziska-gikk-pa-high-school-i-nederland\/#primaryimage","url":"https:\/\/powered-by.qbank.se\/educatius\/sts\/\/004cbc35eed8995456a63ec720fe63c7_1-1-thumb.webp","contentUrl":"https:\/\/powered-by.qbank.se\/educatius\/sts\/\/004cbc35eed8995456a63ec720fe63c7_1-1-thumb.webp","width":150,"height":150},{"@type":"BreadcrumbList","@id":"https:\/\/www.sts-education.com\/no\/high-school\/student-stories\/studenthistorier\/franziska-gikk-pa-high-school-i-nederland\/#breadcrumb","itemListElement":[{"@type":"ListItem","position":1,"name":"Home","item":"https:\/\/www.sts-education.com\/no\/"},{"@type":"ListItem","position":2,"name":"Franziska gikk p\u00e5 skole i Nederland"}]},{"@type":"WebSite","@id":"https:\/\/www.sts-education.com\/no\/#website","url":"https:\/\/www.sts-education.com\/no\/","name":"STS Education","description":"","potentialAction":[{"@type":"SearchAction","target":{"@type":"EntryPoint","urlTemplate":"https:\/\/www.sts-education.com\/no\/?s={search_term_string}"},"query-input":{"@type":"PropertyValueSpecification","valueRequired":true,"valueName":"search_term_string"}}],"inLanguage":"nb-NO"},{"@type":"Person","@id":"https:\/\/www.sts-education.com\/no\/#\/schema\/person\/8b82f3a2e45f020b8f296d7a85d9a97c","name":"syncreadwrite","image":{"@type":"ImageObject","inLanguage":"nb-NO","@id":"https:\/\/secure.gravatar.com\/avatar\/6ed1007e4f6f43f22e3df41d9fce4365533cba47fef64bb359b8e629abbc2ea6?s=96&d=mm&r=g","url":"https:\/\/secure.gravatar.com\/avatar\/6ed1007e4f6f43f22e3df41d9fce4365533cba47fef64bb359b8e629abbc2ea6?s=96&d=mm&r=g","contentUrl":"https:\/\/secure.gravatar.com\/avatar\/6ed1007e4f6f43f22e3df41d9fce4365533cba47fef64bb359b8e629abbc2ea6?s=96&d=mm&r=g","caption":"syncreadwrite"},"url":"https:\/\/www.sts-education.com\/no\/author\/syncreadwrite\/"}]}},"_links":{"self":[{"href":"https:\/\/www.sts-education.com\/no\/wp-json\/wp\/v2\/posts\/12107","targetHints":{"allow":["GET"]}}],"collection":[{"href":"https:\/\/www.sts-education.com\/no\/wp-json\/wp\/v2\/posts"}],"about":[{"href":"https:\/\/www.sts-education.com\/no\/wp-json\/wp\/v2\/types\/post"}],"author":[{"embeddable":true,"href":"https:\/\/www.sts-education.com\/no\/wp-json\/wp\/v2\/users\/20"}],"replies":[{"embeddable":true,"href":"https:\/\/www.sts-education.com\/no\/wp-json\/wp\/v2\/comments?post=12107"}],"version-history":[{"count":5,"href":"https:\/\/www.sts-education.com\/no\/wp-json\/wp\/v2\/posts\/12107\/revisions"}],"predecessor-version":[{"id":40310,"href":"https:\/\/www.sts-education.com\/no\/wp-json\/wp\/v2\/posts\/12107\/revisions\/40310"}],"wp:featuredmedia":[{"embeddable":true,"href":"https:\/\/www.sts-education.com\/no\/wp-json\/wp\/v2\/media\/14038"}],"wp:attachment":[{"href":"https:\/\/www.sts-education.com\/no\/wp-json\/wp\/v2\/media?parent=12107"}],"wp:term":[{"taxonomy":"category","embeddable":true,"href":"https:\/\/www.sts-education.com\/no\/wp-json\/wp\/v2\/categories?post=12107"},{"taxonomy":"post_tag","embeddable":true,"href":"https:\/\/www.sts-education.com\/no\/wp-json\/wp\/v2\/tags?post=12107"},{"taxonomy":"wpw_post_folders","embeddable":true,"href":"https:\/\/www.sts-education.com\/no\/wp-json\/wp\/v2\/wpw_post_folders?post=12107"}],"curies":[{"name":"wp","href":"https:\/\/api.w.org\/{rel}","templated":true}]}}