{"id":12110,"date":"2024-09-16T15:00:00","date_gmt":"2024-09-16T15:00:00","guid":{"rendered":"https:\/\/preprod.sts-education.com\/blog\/2026\/03\/05\/celina-dro-pa-utveksling-pa-high-school-til-tyskland\/"},"modified":"2026-04-23T12:06:21","modified_gmt":"2026-04-23T12:06:21","slug":"celina-dro-pa-utveksling-pa-high-school-til-tyskland","status":"publish","type":"post","link":"https:\/\/www.sts-education.com\/no\/high-school\/student-stories\/studenthistorier\/celina-dro-pa-utveksling-pa-high-school-til-tyskland\/","title":{"rendered":"Celina var p\u00e5 utveksling i Tyskland"},"content":{"rendered":"\n<div class=\"wp-block-sts-text sts-text-editor has-max-width-md\"><div class=\"sts-text-editor__content\"><div class=\"sts-text-editor__content-inner\">\n<h1 style=\"text-align: center\">Celina var p\u00e5 utveksling i Tyskland<\/h1>\n<\/div><\/div><\/div>\n\n\n\n<figure class=\"wp-block-sts-image sts-block-image sts-block-image--count-1 has-max-width-md\" data-count=\"1\"><div class=\"sts-block-image__grid\"><div class=\"sts-block-image__item\"><picture class=\"sts-responsive-image has-fit-cover has-pos-top is-skeleton\"><img src=\"https:\/\/cdn.sts-education.com\/13178_hero_md.jpg\" alt=\"Celina dro p\u00e5 utveksling p\u00e5 high school til Tyskland\" loading=\"lazy\" decoding=\"async\" fetchpriority=\"low\" sizes=\"(max-width: 736px) 100vw, 736px\" \/><\/picture><\/div><\/div><\/figure>\n\n\n\n<div class=\"wp-block-sts-text sts-text-editor has-max-width-md\"><div class=\"sts-text-editor__content\"><div class=\"sts-text-editor__content-inner\">\n<p><em>Celina fra Brasil tilbrakte et skole\u00e5r i Tyskland.<\/em><\/p>\n<\/div><\/div><\/div>\n\n\n\n<div class=\"wp-block-sts-text sts-text-editor has-max-width-md\"><div class=\"sts-text-editor__content\"><div class=\"sts-text-editor__content-inner\">\n<p>Jeg var p\u00e5 utveksling i Tyskland i ti m\u00e5neder. Jeg valgte Tyskland fordi det er en s\u00e5 annerledes kultur enn i Brasil.<\/p>\n<h2>Skole og venner<\/h2>\n<p>Den tyske skolen min var veldig im\u00f8tekommende og innbydende. Det var ganske lett \u00e5 f\u00e5 nye venner i Tyskland, selv om de var litt reserverte til \u00e5 begynne med. Men med tiden kom vi godt overens.<\/p>\n<h2>Vertsfamilien min<\/h2>\n<p>Jeg og vertsfamilien min kom veldig godt overens, og de kom til og med over til Brasil i \u00e5r. De fikk meg til \u00e5 f\u00f8le meg som en del av familien. Vertsforeldrene mine er veldig t\u00e5lmodige, og siden jeg hadde to vertsbr\u00f8dre som ogs\u00e5 har v\u00e6rt p\u00e5 utveksling, kom vi veldig godt overens og ble venner p\u00e5 kort tid.<\/p>\n<h2>L\u00e6ring<\/h2>\n<p>Som brasilianer har jeg l\u00e6rt mye av utenlandsoppholdet mitt, og det viktigste jeg har l\u00e6rt er \u00e5 v\u00e6re punktlig og \u00e5 v\u00e6re veldig organisert. Den forskjellen mellom Brasil og Tyskland som p\u00e5virket meg mest, og som jeg hadde mest problemer med, var v\u00e6ret. Jeg hadde mentalt forberedt meg p\u00e5 kulden, men vinden var brutal!<\/p>\n<h2>Forventningene mine ble overg\u00e5tt<\/h2>\n<p>Jeg hadde h\u00f8ye forventninger til utvekslings\u00e5ret mitt, og de ble overg\u00e5tt. Jeg f\u00f8lte at STS-teamet virkelig brydde seg om meg, og at de gjorde sitt beste for at jeg skulle f\u00e5 et fantastisk \u00e5r!<\/p>\n<p>Alt i alt var \u00e5ret mitt flott, og jeg fikk venner fra hele verden. Jeg fikk ogs\u00e5 mange fantastiske minner. Et av dem som stikker seg mest ut, var f\u00f8rste gang jeg malte p\u00e5skeegg. De ble ikke s\u00e5 pene, men jeg hadde det veldig g\u00f8y.<\/p>\n<h2>Anbefalinger<\/h2>\n<p>Jeg vil anbefale alle \u00e5 reise utenlands, det endrer verdensbildet ditt, og det kan \u00e5pne mange d\u00f8rer i fremtiden. Noen r\u00e5d til de som skal reise, er \u00e5 pr\u00f8ve litt av hvert og ikke v\u00e6re redd for \u00e5 dra. Kast deg ut i den nye kulturen, tro meg, du kommer til \u00e5 l\u00e6re mye av det!<\/p>\n<h2>Finn ut mer<\/h2>\n<ul>\n<li>Les flere <a href=\"https:\/\/www.sts-education.com\/no\/high-school\/student-stories\/studenthistorier\/?hashtag=Tyskland\">studenthistorier fra Tyskland<\/a><\/li>\n<li>Les mer om <a href=\"https:\/\/www.sts-education.com\/no\/high-school\/destinasjoner\/europa\/tyskland\/\">utveksling p\u00e5 high school i Tyskland<\/a><\/li>\n<li>Se alle v\u00e5re <a href=\"\/no\/high-school\/tripfinder\/\">utvekslingsdestinasjoner for high school<\/a><\/li>\n<\/ul>\n<\/div><\/div><\/div>\n","protected":false},"excerpt":{"rendered":"","protected":false},"author":20,"featured_media":14044,"comment_status":"open","ping_status":"open","sticky":false,"template":"","format":"standard","meta":{"_acf_changed":false,"_yoast_wpseo_title":"Celina dro p\u00e5 utveksling p\u00e5 high school til Tyskland","_yoast_wpseo_metadesc":"Den tyske skolen min var veldig im\u00f8tekommende og innbydende. Det var ganske lett \u00e5 f\u00e5 nye venner i Tyskland, selv om de var litt reserverte til \u00e5 begynne med. Men etter hvert kom vi godt overens.","footnotes":""},"categories":[275],"tags":[1001],"wpw_post_folders":[],"class_list":["post-12110","post","type-post","status-publish","format-standard","has-post-thumbnail","hentry","category-uncategorized-no","tag-tyskland"],"acf":[],"yoast_head":"<!-- This site is optimized with the Yoast SEO Premium plugin v27.2 (Yoast SEO v27.2) - https:\/\/yoast.com\/product\/yoast-seo-premium-wordpress\/ -->\n<title>Celina dro p\u00e5 utveksling p\u00e5 high school til Tyskland<\/title>\n<meta name=\"description\" content=\"Den tyske skolen min var veldig im\u00f8tekommende og innbydende. Det var ganske lett \u00e5 f\u00e5 nye venner i Tyskland, selv om de var litt reserverte til \u00e5 begynne med. Men etter hvert kom vi godt overens.\" \/>\n<meta name=\"robots\" content=\"index, follow, max-snippet:-1, max-image-preview:large, max-video-preview:-1\" \/>\n<link rel=\"canonical\" href=\"https:\/\/www.sts-education.com\/no\/high-school\/student-stories\/studenthistorier\/celina-dro-pa-utveksling-pa-high-school-til-tyskland\/\" \/>\n<meta property=\"og:locale\" content=\"nb_NO\" \/>\n<meta property=\"og:type\" content=\"article\" \/>\n<meta property=\"og:title\" content=\"Celina var p\u00e5 utveksling i Tyskland\" \/>\n<meta property=\"og:description\" content=\"Den tyske skolen min var veldig im\u00f8tekommende og innbydende. Det var ganske lett \u00e5 f\u00e5 nye venner i Tyskland, selv om de var litt reserverte til \u00e5 begynne med. Men etter hvert kom vi godt overens.\" \/>\n<meta property=\"og:url\" content=\"https:\/\/www.sts-education.com\/no\/high-school\/student-stories\/studenthistorier\/celina-dro-pa-utveksling-pa-high-school-til-tyskland\/\" \/>\n<meta property=\"og:site_name\" content=\"STS Education\" \/>\n<meta property=\"article:published_time\" content=\"2024-09-16T15:00:00+00:00\" \/>\n<meta property=\"article:modified_time\" content=\"2026-04-23T12:06:21+00:00\" \/>\n<meta property=\"og:image\" content=\"https:\/\/powered-by.qbank.se\/educatius\/sts\/\/28bde6c83b6239dbd65137fe015fbf21_1-1-thumb.webp\" \/>\n\t<meta property=\"og:image:width\" content=\"150\" \/>\n\t<meta property=\"og:image:height\" content=\"150\" \/>\n\t<meta property=\"og:image:type\" content=\"image\/jpeg\" \/>\n<meta name=\"author\" content=\"syncreadwrite\" \/>\n<meta name=\"twitter:card\" content=\"summary_large_image\" \/>\n<meta name=\"twitter:label1\" content=\"Skrevet av\" \/>\n\t<meta name=\"twitter:data1\" content=\"syncreadwrite\" \/>\n\t<meta name=\"twitter:label2\" content=\"Ansl. lesetid\" \/>\n\t<meta name=\"twitter:data2\" content=\"2 minutter\" \/>\n<script type=\"application\/ld+json\" class=\"yoast-schema-graph\">{\"@context\":\"https:\/\/schema.org\",\"@graph\":[{\"@type\":\"Article\",\"@id\":\"https:\/\/www.sts-education.com\/no\/high-school\/student-stories\/studenthistorier\/celina-dro-pa-utveksling-pa-high-school-til-tyskland\/#article\",\"isPartOf\":{\"@id\":\"https:\/\/www.sts-education.com\/no\/high-school\/student-stories\/studenthistorier\/celina-dro-pa-utveksling-pa-high-school-til-tyskland\/\"},\"author\":{\"name\":\"syncreadwrite\",\"@id\":\"https:\/\/www.sts-education.com\/no\/#\/schema\/person\/8b82f3a2e45f020b8f296d7a85d9a97c\"},\"headline\":\"Celina var p\u00e5 utveksling i Tyskland\",\"datePublished\":\"2024-09-16T15:00:00+00:00\",\"dateModified\":\"2026-04-23T12:06:21+00:00\",\"mainEntityOfPage\":{\"@id\":\"https:\/\/www.sts-education.com\/no\/high-school\/student-stories\/studenthistorier\/celina-dro-pa-utveksling-pa-high-school-til-tyskland\/\"},\"wordCount\":380,\"commentCount\":0,\"image\":{\"@id\":\"https:\/\/www.sts-education.com\/no\/high-school\/student-stories\/studenthistorier\/celina-dro-pa-utveksling-pa-high-school-til-tyskland\/#primaryimage\"},\"thumbnailUrl\":\"https:\/\/powered-by.qbank.se\/educatius\/sts\/\/28bde6c83b6239dbd65137fe015fbf21_1-1-thumb.webp\",\"keywords\":[\"Tyskland\"],\"articleSection\":[\"Uncategorized @no\"],\"inLanguage\":\"nb-NO\",\"potentialAction\":[{\"@type\":\"CommentAction\",\"name\":\"Comment\",\"target\":[\"https:\/\/www.sts-education.com\/no\/high-school\/student-stories\/studenthistorier\/celina-dro-pa-utveksling-pa-high-school-til-tyskland\/#respond\"]}]},{\"@type\":\"WebPage\",\"@id\":\"https:\/\/www.sts-education.com\/no\/high-school\/student-stories\/studenthistorier\/celina-dro-pa-utveksling-pa-high-school-til-tyskland\/\",\"url\":\"https:\/\/www.sts-education.com\/no\/high-school\/student-stories\/studenthistorier\/celina-dro-pa-utveksling-pa-high-school-til-tyskland\/\",\"name\":\"Celina dro p\u00e5 utveksling p\u00e5 high school til Tyskland\",\"isPartOf\":{\"@id\":\"https:\/\/www.sts-education.com\/no\/#website\"},\"primaryImageOfPage\":{\"@id\":\"https:\/\/www.sts-education.com\/no\/high-school\/student-stories\/studenthistorier\/celina-dro-pa-utveksling-pa-high-school-til-tyskland\/#primaryimage\"},\"image\":{\"@id\":\"https:\/\/www.sts-education.com\/no\/high-school\/student-stories\/studenthistorier\/celina-dro-pa-utveksling-pa-high-school-til-tyskland\/#primaryimage\"},\"thumbnailUrl\":\"https:\/\/powered-by.qbank.se\/educatius\/sts\/\/28bde6c83b6239dbd65137fe015fbf21_1-1-thumb.webp\",\"datePublished\":\"2024-09-16T15:00:00+00:00\",\"dateModified\":\"2026-04-23T12:06:21+00:00\",\"author\":{\"@id\":\"https:\/\/www.sts-education.com\/no\/#\/schema\/person\/8b82f3a2e45f020b8f296d7a85d9a97c\"},\"description\":\"Den tyske skolen min var veldig im\u00f8tekommende og innbydende. Det var ganske lett \u00e5 f\u00e5 nye venner i Tyskland, selv om de var litt reserverte til \u00e5 begynne med. Men etter hvert kom vi godt overens.\",\"breadcrumb\":{\"@id\":\"https:\/\/www.sts-education.com\/no\/high-school\/student-stories\/studenthistorier\/celina-dro-pa-utveksling-pa-high-school-til-tyskland\/#breadcrumb\"},\"inLanguage\":\"nb-NO\",\"potentialAction\":[{\"@type\":\"ReadAction\",\"target\":[\"https:\/\/www.sts-education.com\/no\/high-school\/student-stories\/studenthistorier\/celina-dro-pa-utveksling-pa-high-school-til-tyskland\/\"]}]},{\"@type\":\"ImageObject\",\"inLanguage\":\"nb-NO\",\"@id\":\"https:\/\/www.sts-education.com\/no\/high-school\/student-stories\/studenthistorier\/celina-dro-pa-utveksling-pa-high-school-til-tyskland\/#primaryimage\",\"url\":\"https:\/\/powered-by.qbank.se\/educatius\/sts\/\/28bde6c83b6239dbd65137fe015fbf21_1-1-thumb.webp\",\"contentUrl\":\"https:\/\/powered-by.qbank.se\/educatius\/sts\/\/28bde6c83b6239dbd65137fe015fbf21_1-1-thumb.webp\",\"width\":150,\"height\":150},{\"@type\":\"BreadcrumbList\",\"@id\":\"https:\/\/www.sts-education.com\/no\/high-school\/student-stories\/studenthistorier\/celina-dro-pa-utveksling-pa-high-school-til-tyskland\/#breadcrumb\",\"itemListElement\":[{\"@type\":\"ListItem\",\"position\":1,\"name\":\"Home\",\"item\":\"https:\/\/www.sts-education.com\/no\/\"},{\"@type\":\"ListItem\",\"position\":2,\"name\":\"Celina var p\u00e5 utveksling i Tyskland\"}]},{\"@type\":\"WebSite\",\"@id\":\"https:\/\/www.sts-education.com\/no\/#website\",\"url\":\"https:\/\/www.sts-education.com\/no\/\",\"name\":\"STS Education\",\"description\":\"\",\"potentialAction\":[{\"@type\":\"SearchAction\",\"target\":{\"@type\":\"EntryPoint\",\"urlTemplate\":\"https:\/\/www.sts-education.com\/no\/?s={search_term_string}\"},\"query-input\":{\"@type\":\"PropertyValueSpecification\",\"valueRequired\":true,\"valueName\":\"search_term_string\"}}],\"inLanguage\":\"nb-NO\"},{\"@type\":\"Person\",\"@id\":\"https:\/\/www.sts-education.com\/no\/#\/schema\/person\/8b82f3a2e45f020b8f296d7a85d9a97c\",\"name\":\"syncreadwrite\",\"image\":{\"@type\":\"ImageObject\",\"inLanguage\":\"nb-NO\",\"@id\":\"https:\/\/secure.gravatar.com\/avatar\/6ed1007e4f6f43f22e3df41d9fce4365533cba47fef64bb359b8e629abbc2ea6?s=96&d=mm&r=g\",\"url\":\"https:\/\/secure.gravatar.com\/avatar\/6ed1007e4f6f43f22e3df41d9fce4365533cba47fef64bb359b8e629abbc2ea6?s=96&d=mm&r=g\",\"contentUrl\":\"https:\/\/secure.gravatar.com\/avatar\/6ed1007e4f6f43f22e3df41d9fce4365533cba47fef64bb359b8e629abbc2ea6?s=96&d=mm&r=g\",\"caption\":\"syncreadwrite\"},\"url\":\"https:\/\/www.sts-education.com\/no\/author\/syncreadwrite\/\"}]}<\/script>\n<!-- \/ Yoast SEO Premium plugin. -->","yoast_head_json":{"title":"Celina dro p\u00e5 utveksling p\u00e5 high school til Tyskland","description":"Den tyske skolen min var veldig im\u00f8tekommende og innbydende. Det var ganske lett \u00e5 f\u00e5 nye venner i Tyskland, selv om de var litt reserverte til \u00e5 begynne med. Men etter hvert kom vi godt overens.","robots":{"index":"index","follow":"follow","max-snippet":"max-snippet:-1","max-image-preview":"max-image-preview:large","max-video-preview":"max-video-preview:-1"},"canonical":"https:\/\/www.sts-education.com\/no\/high-school\/student-stories\/studenthistorier\/celina-dro-pa-utveksling-pa-high-school-til-tyskland\/","og_locale":"nb_NO","og_type":"article","og_title":"Celina var p\u00e5 utveksling i Tyskland","og_description":"Den tyske skolen min var veldig im\u00f8tekommende og innbydende. Det var ganske lett \u00e5 f\u00e5 nye venner i Tyskland, selv om de var litt reserverte til \u00e5 begynne med. Men etter hvert kom vi godt overens.","og_url":"https:\/\/www.sts-education.com\/no\/high-school\/student-stories\/studenthistorier\/celina-dro-pa-utveksling-pa-high-school-til-tyskland\/","og_site_name":"STS Education","article_published_time":"2024-09-16T15:00:00+00:00","article_modified_time":"2026-04-23T12:06:21+00:00","og_image":[{"width":150,"height":150,"url":"https:\/\/powered-by.qbank.se\/educatius\/sts\/\/28bde6c83b6239dbd65137fe015fbf21_1-1-thumb.webp","type":"image\/jpeg"}],"author":"syncreadwrite","twitter_card":"summary_large_image","twitter_misc":{"Skrevet av":"syncreadwrite","Ansl. lesetid":"2 minutter"},"schema":{"@context":"https:\/\/schema.org","@graph":[{"@type":"Article","@id":"https:\/\/www.sts-education.com\/no\/high-school\/student-stories\/studenthistorier\/celina-dro-pa-utveksling-pa-high-school-til-tyskland\/#article","isPartOf":{"@id":"https:\/\/www.sts-education.com\/no\/high-school\/student-stories\/studenthistorier\/celina-dro-pa-utveksling-pa-high-school-til-tyskland\/"},"author":{"name":"syncreadwrite","@id":"https:\/\/www.sts-education.com\/no\/#\/schema\/person\/8b82f3a2e45f020b8f296d7a85d9a97c"},"headline":"Celina var p\u00e5 utveksling i Tyskland","datePublished":"2024-09-16T15:00:00+00:00","dateModified":"2026-04-23T12:06:21+00:00","mainEntityOfPage":{"@id":"https:\/\/www.sts-education.com\/no\/high-school\/student-stories\/studenthistorier\/celina-dro-pa-utveksling-pa-high-school-til-tyskland\/"},"wordCount":380,"commentCount":0,"image":{"@id":"https:\/\/www.sts-education.com\/no\/high-school\/student-stories\/studenthistorier\/celina-dro-pa-utveksling-pa-high-school-til-tyskland\/#primaryimage"},"thumbnailUrl":"https:\/\/powered-by.qbank.se\/educatius\/sts\/\/28bde6c83b6239dbd65137fe015fbf21_1-1-thumb.webp","keywords":["Tyskland"],"articleSection":["Uncategorized @no"],"inLanguage":"nb-NO","potentialAction":[{"@type":"CommentAction","name":"Comment","target":["https:\/\/www.sts-education.com\/no\/high-school\/student-stories\/studenthistorier\/celina-dro-pa-utveksling-pa-high-school-til-tyskland\/#respond"]}]},{"@type":"WebPage","@id":"https:\/\/www.sts-education.com\/no\/high-school\/student-stories\/studenthistorier\/celina-dro-pa-utveksling-pa-high-school-til-tyskland\/","url":"https:\/\/www.sts-education.com\/no\/high-school\/student-stories\/studenthistorier\/celina-dro-pa-utveksling-pa-high-school-til-tyskland\/","name":"Celina dro p\u00e5 utveksling p\u00e5 high school til Tyskland","isPartOf":{"@id":"https:\/\/www.sts-education.com\/no\/#website"},"primaryImageOfPage":{"@id":"https:\/\/www.sts-education.com\/no\/high-school\/student-stories\/studenthistorier\/celina-dro-pa-utveksling-pa-high-school-til-tyskland\/#primaryimage"},"image":{"@id":"https:\/\/www.sts-education.com\/no\/high-school\/student-stories\/studenthistorier\/celina-dro-pa-utveksling-pa-high-school-til-tyskland\/#primaryimage"},"thumbnailUrl":"https:\/\/powered-by.qbank.se\/educatius\/sts\/\/28bde6c83b6239dbd65137fe015fbf21_1-1-thumb.webp","datePublished":"2024-09-16T15:00:00+00:00","dateModified":"2026-04-23T12:06:21+00:00","author":{"@id":"https:\/\/www.sts-education.com\/no\/#\/schema\/person\/8b82f3a2e45f020b8f296d7a85d9a97c"},"description":"Den tyske skolen min var veldig im\u00f8tekommende og innbydende. Det var ganske lett \u00e5 f\u00e5 nye venner i Tyskland, selv om de var litt reserverte til \u00e5 begynne med. Men etter hvert kom vi godt overens.","breadcrumb":{"@id":"https:\/\/www.sts-education.com\/no\/high-school\/student-stories\/studenthistorier\/celina-dro-pa-utveksling-pa-high-school-til-tyskland\/#breadcrumb"},"inLanguage":"nb-NO","potentialAction":[{"@type":"ReadAction","target":["https:\/\/www.sts-education.com\/no\/high-school\/student-stories\/studenthistorier\/celina-dro-pa-utveksling-pa-high-school-til-tyskland\/"]}]},{"@type":"ImageObject","inLanguage":"nb-NO","@id":"https:\/\/www.sts-education.com\/no\/high-school\/student-stories\/studenthistorier\/celina-dro-pa-utveksling-pa-high-school-til-tyskland\/#primaryimage","url":"https:\/\/powered-by.qbank.se\/educatius\/sts\/\/28bde6c83b6239dbd65137fe015fbf21_1-1-thumb.webp","contentUrl":"https:\/\/powered-by.qbank.se\/educatius\/sts\/\/28bde6c83b6239dbd65137fe015fbf21_1-1-thumb.webp","width":150,"height":150},{"@type":"BreadcrumbList","@id":"https:\/\/www.sts-education.com\/no\/high-school\/student-stories\/studenthistorier\/celina-dro-pa-utveksling-pa-high-school-til-tyskland\/#breadcrumb","itemListElement":[{"@type":"ListItem","position":1,"name":"Home","item":"https:\/\/www.sts-education.com\/no\/"},{"@type":"ListItem","position":2,"name":"Celina var p\u00e5 utveksling i Tyskland"}]},{"@type":"WebSite","@id":"https:\/\/www.sts-education.com\/no\/#website","url":"https:\/\/www.sts-education.com\/no\/","name":"STS Education","description":"","potentialAction":[{"@type":"SearchAction","target":{"@type":"EntryPoint","urlTemplate":"https:\/\/www.sts-education.com\/no\/?s={search_term_string}"},"query-input":{"@type":"PropertyValueSpecification","valueRequired":true,"valueName":"search_term_string"}}],"inLanguage":"nb-NO"},{"@type":"Person","@id":"https:\/\/www.sts-education.com\/no\/#\/schema\/person\/8b82f3a2e45f020b8f296d7a85d9a97c","name":"syncreadwrite","image":{"@type":"ImageObject","inLanguage":"nb-NO","@id":"https:\/\/secure.gravatar.com\/avatar\/6ed1007e4f6f43f22e3df41d9fce4365533cba47fef64bb359b8e629abbc2ea6?s=96&d=mm&r=g","url":"https:\/\/secure.gravatar.com\/avatar\/6ed1007e4f6f43f22e3df41d9fce4365533cba47fef64bb359b8e629abbc2ea6?s=96&d=mm&r=g","contentUrl":"https:\/\/secure.gravatar.com\/avatar\/6ed1007e4f6f43f22e3df41d9fce4365533cba47fef64bb359b8e629abbc2ea6?s=96&d=mm&r=g","caption":"syncreadwrite"},"url":"https:\/\/www.sts-education.com\/no\/author\/syncreadwrite\/"}]}},"_links":{"self":[{"href":"https:\/\/www.sts-education.com\/no\/wp-json\/wp\/v2\/posts\/12110","targetHints":{"allow":["GET"]}}],"collection":[{"href":"https:\/\/www.sts-education.com\/no\/wp-json\/wp\/v2\/posts"}],"about":[{"href":"https:\/\/www.sts-education.com\/no\/wp-json\/wp\/v2\/types\/post"}],"author":[{"embeddable":true,"href":"https:\/\/www.sts-education.com\/no\/wp-json\/wp\/v2\/users\/20"}],"replies":[{"embeddable":true,"href":"https:\/\/www.sts-education.com\/no\/wp-json\/wp\/v2\/comments?post=12110"}],"version-history":[{"count":6,"href":"https:\/\/www.sts-education.com\/no\/wp-json\/wp\/v2\/posts\/12110\/revisions"}],"predecessor-version":[{"id":40314,"href":"https:\/\/www.sts-education.com\/no\/wp-json\/wp\/v2\/posts\/12110\/revisions\/40314"}],"wp:featuredmedia":[{"embeddable":true,"href":"https:\/\/www.sts-education.com\/no\/wp-json\/wp\/v2\/media\/14044"}],"wp:attachment":[{"href":"https:\/\/www.sts-education.com\/no\/wp-json\/wp\/v2\/media?parent=12110"}],"wp:term":[{"taxonomy":"category","embeddable":true,"href":"https:\/\/www.sts-education.com\/no\/wp-json\/wp\/v2\/categories?post=12110"},{"taxonomy":"post_tag","embeddable":true,"href":"https:\/\/www.sts-education.com\/no\/wp-json\/wp\/v2\/tags?post=12110"},{"taxonomy":"wpw_post_folders","embeddable":true,"href":"https:\/\/www.sts-education.com\/no\/wp-json\/wp\/v2\/wpw_post_folders?post=12110"}],"curies":[{"name":"wp","href":"https:\/\/api.w.org\/{rel}","templated":true}]}}