{"id":12113,"date":"2024-09-09T15:00:00","date_gmt":"2024-09-09T13:00:00","guid":{"rendered":"https:\/\/preprod.sts-education.com\/blog\/2026\/03\/05\/grace-studerte-i-utlandet-i-nederland\/"},"modified":"2026-04-29T09:56:55","modified_gmt":"2026-04-29T07:56:55","slug":"grace-studerte-i-utlandet-i-nederland","status":"publish","type":"post","link":"https:\/\/www.sts-education.com\/no\/high-school\/student-stories\/studenthistorier\/grace-studerte-i-utlandet-i-nederland\/","title":{"rendered":"Grace studerte i Nederland"},"content":{"rendered":"\n<div class=\"wp-block-sts-text sts-text-editor has-max-width-md\"><div class=\"sts-text-editor__content\"><div class=\"sts-text-editor__content-inner\">\n<h1 style=\"text-align: center\">Grace studerte i Nederland<\/h1>\n<\/div><\/div><\/div>\n\n\n\n<figure class=\"wp-block-sts-image sts-block-image sts-block-image--count-1 has-max-width-lg\" data-count=\"1\"><div class=\"sts-block-image__grid\"><div class=\"sts-block-image__item\"><picture class=\"sts-responsive-image has-fit-cover has-pos-top is-skeleton\"><source media=\"(max-width: 834.98px)\" srcset=\"https:\/\/powered-by.qbank.se\/educatius\/sts\/92fb1a68b412d1f8a31b1dd8c8e2ef16_1-1-thumb.webp 150w, https:\/\/powered-by.qbank.se\/educatius\/sts\/92fb1a68b412d1f8a31b1dd8c8e2ef16_1-1-xsmall.webp 500w, https:\/\/powered-by.qbank.se\/educatius\/sts\/92fb1a68b412d1f8a31b1dd8c8e2ef16_1-1-small.webp 800w, https:\/\/powered-by.qbank.se\/educatius\/sts\/92fb1a68b412d1f8a31b1dd8c8e2ef16_1-1-medium.webp 1024w, https:\/\/powered-by.qbank.se\/educatius\/sts\/92fb1a68b412d1f8a31b1dd8c8e2ef16_1-1-large.webp 1536w\" sizes=\"(max-width: 768px) 100vw, (max-width: 1200px) 100vw, 1200px\" type=\"image\/webp\"\/><source media=\"(min-width: 835px)\" srcset=\"https:\/\/powered-by.qbank.se\/educatius\/sts\/92fb1a68b412d1f8a31b1dd8c8e2ef16_16-9-small.webp 800w, https:\/\/powered-by.qbank.se\/educatius\/sts\/92fb1a68b412d1f8a31b1dd8c8e2ef16_16-9-medium.webp 1024w, https:\/\/powered-by.qbank.se\/educatius\/sts\/92fb1a68b412d1f8a31b1dd8c8e2ef16_16-9-large.webp 1536w\" sizes=\"(max-width: 768px) 100vw, (max-width: 1200px) 100vw, 1200px\" type=\"image\/webp\"\/><img src=\"https:\/\/powered-by.qbank.se\/educatius\/sts\/92fb1a68b412d1f8a31b1dd8c8e2ef16_1-1-thumb.webp\" alt=\"Grace studerte i utlandet i Nederland\" loading=\"lazy\" decoding=\"async\" fetchpriority=\"low\" style=\"object-position:top\"\/><\/picture><\/div><\/div><\/figure>\n\n\n\n<div class=\"wp-block-sts-text sts-text-editor has-max-width-md\"><div class=\"sts-text-editor__content\"><div class=\"sts-text-editor__content-inner\">\n<p><em>Grace fra New Zealand var p\u00e5 utveksling i Nederland.<\/em><\/p>\n<\/div><\/div><\/div>\n\n\n\n<div class=\"wp-block-sts-text sts-text-editor has-max-width-md\"><div class=\"sts-text-editor__content\"><div class=\"sts-text-editor__content-inner\">\n<p>Jeg valgte \u00e5 dra til Nederland fordi familien min opprinnelig kommer herfra. Jeg tenkte at det ville v\u00e6re flott \u00e5 l\u00e6re spr\u00e5ket, l\u00e6re om historien, bygningene og oppleve all maten. Jeg elsker maten! Spesielt bitterballen, pindakaas og oliebollen.<\/p>\n<p>Folk har v\u00e6rt veldig im\u00f8tekommende. Skolen er mye st\u00f8rre enn det jeg er vant til, l\u00e6rerne er hyggelige og avslappede, elevene er ivrige etter \u00e5 l\u00e6re, og alle snakker veldig godt engelsk. Jeg har engelsk, historie, nederlandsk, matte, idrett, religion og kunst. Det er interessant \u00e5 se dynamikken i klassen. Jeg har lagt merke til at klassekameratene her har en tendens til \u00e5 v\u00e6re mye tettere enn i NZ.<\/p>\n<p>Vertsfamilien min har v\u00e6rt fantastisk. Jeg er spesielt knyttet til vertss\u00f8steren min; vi har samme interesser og gj\u00f8r mye sammen. Vertsforeldrene mine elsker \u00e5 reise rundt i landet og vise meg nye ting, noe jeg setter stor pris p\u00e5. Som familie har vi ogs\u00e5 en brettspillkveld hver uke, noe jeg elsker. Matchingen med dem har v\u00e6rt perfekt, og jeg er 100 % sikker p\u00e5 at vi kommer til \u00e5 holde kontakten og forh\u00e5pentligvis sees igjen snart!<\/p>\n<p>Hvis jeg kunne gi fremtidige vertsfamilier et r\u00e5d, ville jeg sagt: Oppmuntre eleven til \u00e5 pr\u00f8ve alt. De vil kanskje ikke elske alt, men de vil v\u00e6re takknemlige for at de har pr\u00f8vd noe nytt.<\/p>\n<h2>Finn ut mer<\/h2>\n<ul>\n<li>Les flere <a href=\"https:\/\/www.sts-education.com\/no\/high-school\/student-stories\/studenthistorier\/?hashtag=Nederland\">studenthistorier fra Nederland<\/a><\/li>\n<li>Les mer om <a href=\"https:\/\/www.sts-education.com\/no\/high-school\/destinasjoner\/europa\/nederland\/\">utveksling p\u00e5 high school i Nederland<\/a><\/li>\n<li>Se alle v\u00e5re <a href=\"\/no\/high-school\/tripfinder\/\">utvekslingsdestinasjoner for high school<\/a><\/li>\n<\/ul>\n<\/div><\/div><\/div>\n","protected":false},"excerpt":{"rendered":"","protected":false},"author":20,"featured_media":14050,"comment_status":"open","ping_status":"open","sticky":false,"template":"","format":"standard","meta":{"_acf_changed":false,"_yoast_wpseo_title":"Grace studerte i utlandet i Nederland","_yoast_wpseo_metadesc":"Folk har v\u00e6rt veldig im\u00f8tekommende. Skolen er mye st\u00f8rre enn det jeg er vant til, l\u00e6rerne er hyggelige og avslappede, elevene er ivrige etter \u00e5 l\u00e6re, og alle snakker veldig godt engelsk.","footnotes":""},"categories":[275],"tags":[1005],"wpw_post_folders":[],"class_list":["post-12113","post","type-post","status-publish","format-standard","has-post-thumbnail","hentry","category-uncategorized-no","tag-nederland"],"acf":[],"yoast_head":"<!-- This site is optimized with the Yoast SEO Premium plugin v27.2 (Yoast SEO v27.2) - https:\/\/yoast.com\/product\/yoast-seo-premium-wordpress\/ -->\n<title>Grace studerte i utlandet i Nederland<\/title>\n<meta name=\"description\" content=\"Folk har v\u00e6rt veldig im\u00f8tekommende. Skolen er mye st\u00f8rre enn det jeg er vant til, l\u00e6rerne er hyggelige og avslappede, elevene er ivrige etter \u00e5 l\u00e6re, og alle snakker veldig godt engelsk.\" \/>\n<meta name=\"robots\" content=\"index, follow, max-snippet:-1, max-image-preview:large, max-video-preview:-1\" \/>\n<link rel=\"canonical\" href=\"https:\/\/www.sts-education.com\/no\/high-school\/student-stories\/studenthistorier\/grace-studerte-i-utlandet-i-nederland\/\" \/>\n<meta property=\"og:locale\" content=\"nb_NO\" \/>\n<meta property=\"og:type\" content=\"article\" \/>\n<meta property=\"og:title\" content=\"Grace studerte i Nederland\" \/>\n<meta property=\"og:description\" content=\"Folk har v\u00e6rt veldig im\u00f8tekommende. Skolen er mye st\u00f8rre enn det jeg er vant til, l\u00e6rerne er hyggelige og avslappede, elevene er ivrige etter \u00e5 l\u00e6re, og alle snakker veldig godt engelsk.\" \/>\n<meta property=\"og:url\" content=\"https:\/\/www.sts-education.com\/no\/high-school\/student-stories\/studenthistorier\/grace-studerte-i-utlandet-i-nederland\/\" \/>\n<meta property=\"og:site_name\" content=\"STS Education\" \/>\n<meta property=\"article:published_time\" content=\"2024-09-09T13:00:00+00:00\" \/>\n<meta property=\"article:modified_time\" content=\"2026-04-29T07:56:55+00:00\" \/>\n<meta property=\"og:image\" content=\"https:\/\/powered-by.qbank.se\/educatius\/sts\/\/92fb1a68b412d1f8a31b1dd8c8e2ef16_1-1-thumb.webp\" \/>\n\t<meta property=\"og:image:width\" content=\"150\" \/>\n\t<meta property=\"og:image:height\" content=\"150\" \/>\n\t<meta property=\"og:image:type\" content=\"image\/jpeg\" \/>\n<meta name=\"author\" content=\"syncreadwrite\" \/>\n<meta name=\"twitter:card\" content=\"summary_large_image\" \/>\n<meta name=\"twitter:label1\" content=\"Skrevet av\" \/>\n\t<meta name=\"twitter:data1\" content=\"syncreadwrite\" \/>\n\t<meta name=\"twitter:label2\" content=\"Ansl. lesetid\" \/>\n\t<meta name=\"twitter:data2\" content=\"2 minutter\" \/>\n<script type=\"application\/ld+json\" class=\"yoast-schema-graph\">{\"@context\":\"https:\/\/schema.org\",\"@graph\":[{\"@type\":\"Article\",\"@id\":\"https:\/\/www.sts-education.com\/no\/high-school\/student-stories\/studenthistorier\/grace-studerte-i-utlandet-i-nederland\/#article\",\"isPartOf\":{\"@id\":\"https:\/\/www.sts-education.com\/no\/high-school\/student-stories\/studenthistorier\/grace-studerte-i-utlandet-i-nederland\/\"},\"author\":{\"name\":\"syncreadwrite\",\"@id\":\"https:\/\/www.sts-education.com\/no\/#\/schema\/person\/8b82f3a2e45f020b8f296d7a85d9a97c\"},\"headline\":\"Grace studerte i Nederland\",\"datePublished\":\"2024-09-09T13:00:00+00:00\",\"dateModified\":\"2026-04-29T07:56:55+00:00\",\"mainEntityOfPage\":{\"@id\":\"https:\/\/www.sts-education.com\/no\/high-school\/student-stories\/studenthistorier\/grace-studerte-i-utlandet-i-nederland\/\"},\"wordCount\":269,\"commentCount\":0,\"image\":{\"@id\":\"https:\/\/www.sts-education.com\/no\/high-school\/student-stories\/studenthistorier\/grace-studerte-i-utlandet-i-nederland\/#primaryimage\"},\"thumbnailUrl\":\"https:\/\/powered-by.qbank.se\/educatius\/sts\/\/92fb1a68b412d1f8a31b1dd8c8e2ef16_1-1-thumb.webp\",\"keywords\":[\"Nederland\"],\"articleSection\":[\"Uncategorized @no\"],\"inLanguage\":\"nb-NO\",\"potentialAction\":[{\"@type\":\"CommentAction\",\"name\":\"Comment\",\"target\":[\"https:\/\/www.sts-education.com\/no\/high-school\/student-stories\/studenthistorier\/grace-studerte-i-utlandet-i-nederland\/#respond\"]}]},{\"@type\":\"WebPage\",\"@id\":\"https:\/\/www.sts-education.com\/no\/high-school\/student-stories\/studenthistorier\/grace-studerte-i-utlandet-i-nederland\/\",\"url\":\"https:\/\/www.sts-education.com\/no\/high-school\/student-stories\/studenthistorier\/grace-studerte-i-utlandet-i-nederland\/\",\"name\":\"Grace studerte i utlandet i Nederland\",\"isPartOf\":{\"@id\":\"https:\/\/www.sts-education.com\/no\/#website\"},\"primaryImageOfPage\":{\"@id\":\"https:\/\/www.sts-education.com\/no\/high-school\/student-stories\/studenthistorier\/grace-studerte-i-utlandet-i-nederland\/#primaryimage\"},\"image\":{\"@id\":\"https:\/\/www.sts-education.com\/no\/high-school\/student-stories\/studenthistorier\/grace-studerte-i-utlandet-i-nederland\/#primaryimage\"},\"thumbnailUrl\":\"https:\/\/powered-by.qbank.se\/educatius\/sts\/\/92fb1a68b412d1f8a31b1dd8c8e2ef16_1-1-thumb.webp\",\"datePublished\":\"2024-09-09T13:00:00+00:00\",\"dateModified\":\"2026-04-29T07:56:55+00:00\",\"author\":{\"@id\":\"https:\/\/www.sts-education.com\/no\/#\/schema\/person\/8b82f3a2e45f020b8f296d7a85d9a97c\"},\"description\":\"Folk har v\u00e6rt veldig im\u00f8tekommende. Skolen er mye st\u00f8rre enn det jeg er vant til, l\u00e6rerne er hyggelige og avslappede, elevene er ivrige etter \u00e5 l\u00e6re, og alle snakker veldig godt engelsk.\",\"breadcrumb\":{\"@id\":\"https:\/\/www.sts-education.com\/no\/high-school\/student-stories\/studenthistorier\/grace-studerte-i-utlandet-i-nederland\/#breadcrumb\"},\"inLanguage\":\"nb-NO\",\"potentialAction\":[{\"@type\":\"ReadAction\",\"target\":[\"https:\/\/www.sts-education.com\/no\/high-school\/student-stories\/studenthistorier\/grace-studerte-i-utlandet-i-nederland\/\"]}]},{\"@type\":\"ImageObject\",\"inLanguage\":\"nb-NO\",\"@id\":\"https:\/\/www.sts-education.com\/no\/high-school\/student-stories\/studenthistorier\/grace-studerte-i-utlandet-i-nederland\/#primaryimage\",\"url\":\"https:\/\/powered-by.qbank.se\/educatius\/sts\/\/92fb1a68b412d1f8a31b1dd8c8e2ef16_1-1-thumb.webp\",\"contentUrl\":\"https:\/\/powered-by.qbank.se\/educatius\/sts\/\/92fb1a68b412d1f8a31b1dd8c8e2ef16_1-1-thumb.webp\",\"width\":150,\"height\":150},{\"@type\":\"BreadcrumbList\",\"@id\":\"https:\/\/www.sts-education.com\/no\/high-school\/student-stories\/studenthistorier\/grace-studerte-i-utlandet-i-nederland\/#breadcrumb\",\"itemListElement\":[{\"@type\":\"ListItem\",\"position\":1,\"name\":\"Home\",\"item\":\"https:\/\/www.sts-education.com\/no\/\"},{\"@type\":\"ListItem\",\"position\":2,\"name\":\"Grace studerte i Nederland\"}]},{\"@type\":\"WebSite\",\"@id\":\"https:\/\/www.sts-education.com\/no\/#website\",\"url\":\"https:\/\/www.sts-education.com\/no\/\",\"name\":\"STS Education\",\"description\":\"\",\"potentialAction\":[{\"@type\":\"SearchAction\",\"target\":{\"@type\":\"EntryPoint\",\"urlTemplate\":\"https:\/\/www.sts-education.com\/no\/?s={search_term_string}\"},\"query-input\":{\"@type\":\"PropertyValueSpecification\",\"valueRequired\":true,\"valueName\":\"search_term_string\"}}],\"inLanguage\":\"nb-NO\"},{\"@type\":\"Person\",\"@id\":\"https:\/\/www.sts-education.com\/no\/#\/schema\/person\/8b82f3a2e45f020b8f296d7a85d9a97c\",\"name\":\"syncreadwrite\",\"image\":{\"@type\":\"ImageObject\",\"inLanguage\":\"nb-NO\",\"@id\":\"https:\/\/secure.gravatar.com\/avatar\/6ed1007e4f6f43f22e3df41d9fce4365533cba47fef64bb359b8e629abbc2ea6?s=96&d=mm&r=g\",\"url\":\"https:\/\/secure.gravatar.com\/avatar\/6ed1007e4f6f43f22e3df41d9fce4365533cba47fef64bb359b8e629abbc2ea6?s=96&d=mm&r=g\",\"contentUrl\":\"https:\/\/secure.gravatar.com\/avatar\/6ed1007e4f6f43f22e3df41d9fce4365533cba47fef64bb359b8e629abbc2ea6?s=96&d=mm&r=g\",\"caption\":\"syncreadwrite\"},\"url\":\"https:\/\/www.sts-education.com\/no\/author\/syncreadwrite\/\"}]}<\/script>\n<!-- \/ Yoast SEO Premium plugin. -->","yoast_head_json":{"title":"Grace studerte i utlandet i Nederland","description":"Folk har v\u00e6rt veldig im\u00f8tekommende. Skolen er mye st\u00f8rre enn det jeg er vant til, l\u00e6rerne er hyggelige og avslappede, elevene er ivrige etter \u00e5 l\u00e6re, og alle snakker veldig godt engelsk.","robots":{"index":"index","follow":"follow","max-snippet":"max-snippet:-1","max-image-preview":"max-image-preview:large","max-video-preview":"max-video-preview:-1"},"canonical":"https:\/\/www.sts-education.com\/no\/high-school\/student-stories\/studenthistorier\/grace-studerte-i-utlandet-i-nederland\/","og_locale":"nb_NO","og_type":"article","og_title":"Grace studerte i Nederland","og_description":"Folk har v\u00e6rt veldig im\u00f8tekommende. Skolen er mye st\u00f8rre enn det jeg er vant til, l\u00e6rerne er hyggelige og avslappede, elevene er ivrige etter \u00e5 l\u00e6re, og alle snakker veldig godt engelsk.","og_url":"https:\/\/www.sts-education.com\/no\/high-school\/student-stories\/studenthistorier\/grace-studerte-i-utlandet-i-nederland\/","og_site_name":"STS Education","article_published_time":"2024-09-09T13:00:00+00:00","article_modified_time":"2026-04-29T07:56:55+00:00","og_image":[{"width":150,"height":150,"url":"https:\/\/powered-by.qbank.se\/educatius\/sts\/\/92fb1a68b412d1f8a31b1dd8c8e2ef16_1-1-thumb.webp","type":"image\/jpeg"}],"author":"syncreadwrite","twitter_card":"summary_large_image","twitter_misc":{"Skrevet av":"syncreadwrite","Ansl. lesetid":"2 minutter"},"schema":{"@context":"https:\/\/schema.org","@graph":[{"@type":"Article","@id":"https:\/\/www.sts-education.com\/no\/high-school\/student-stories\/studenthistorier\/grace-studerte-i-utlandet-i-nederland\/#article","isPartOf":{"@id":"https:\/\/www.sts-education.com\/no\/high-school\/student-stories\/studenthistorier\/grace-studerte-i-utlandet-i-nederland\/"},"author":{"name":"syncreadwrite","@id":"https:\/\/www.sts-education.com\/no\/#\/schema\/person\/8b82f3a2e45f020b8f296d7a85d9a97c"},"headline":"Grace studerte i Nederland","datePublished":"2024-09-09T13:00:00+00:00","dateModified":"2026-04-29T07:56:55+00:00","mainEntityOfPage":{"@id":"https:\/\/www.sts-education.com\/no\/high-school\/student-stories\/studenthistorier\/grace-studerte-i-utlandet-i-nederland\/"},"wordCount":269,"commentCount":0,"image":{"@id":"https:\/\/www.sts-education.com\/no\/high-school\/student-stories\/studenthistorier\/grace-studerte-i-utlandet-i-nederland\/#primaryimage"},"thumbnailUrl":"https:\/\/powered-by.qbank.se\/educatius\/sts\/\/92fb1a68b412d1f8a31b1dd8c8e2ef16_1-1-thumb.webp","keywords":["Nederland"],"articleSection":["Uncategorized @no"],"inLanguage":"nb-NO","potentialAction":[{"@type":"CommentAction","name":"Comment","target":["https:\/\/www.sts-education.com\/no\/high-school\/student-stories\/studenthistorier\/grace-studerte-i-utlandet-i-nederland\/#respond"]}]},{"@type":"WebPage","@id":"https:\/\/www.sts-education.com\/no\/high-school\/student-stories\/studenthistorier\/grace-studerte-i-utlandet-i-nederland\/","url":"https:\/\/www.sts-education.com\/no\/high-school\/student-stories\/studenthistorier\/grace-studerte-i-utlandet-i-nederland\/","name":"Grace studerte i utlandet i Nederland","isPartOf":{"@id":"https:\/\/www.sts-education.com\/no\/#website"},"primaryImageOfPage":{"@id":"https:\/\/www.sts-education.com\/no\/high-school\/student-stories\/studenthistorier\/grace-studerte-i-utlandet-i-nederland\/#primaryimage"},"image":{"@id":"https:\/\/www.sts-education.com\/no\/high-school\/student-stories\/studenthistorier\/grace-studerte-i-utlandet-i-nederland\/#primaryimage"},"thumbnailUrl":"https:\/\/powered-by.qbank.se\/educatius\/sts\/\/92fb1a68b412d1f8a31b1dd8c8e2ef16_1-1-thumb.webp","datePublished":"2024-09-09T13:00:00+00:00","dateModified":"2026-04-29T07:56:55+00:00","author":{"@id":"https:\/\/www.sts-education.com\/no\/#\/schema\/person\/8b82f3a2e45f020b8f296d7a85d9a97c"},"description":"Folk har v\u00e6rt veldig im\u00f8tekommende. Skolen er mye st\u00f8rre enn det jeg er vant til, l\u00e6rerne er hyggelige og avslappede, elevene er ivrige etter \u00e5 l\u00e6re, og alle snakker veldig godt engelsk.","breadcrumb":{"@id":"https:\/\/www.sts-education.com\/no\/high-school\/student-stories\/studenthistorier\/grace-studerte-i-utlandet-i-nederland\/#breadcrumb"},"inLanguage":"nb-NO","potentialAction":[{"@type":"ReadAction","target":["https:\/\/www.sts-education.com\/no\/high-school\/student-stories\/studenthistorier\/grace-studerte-i-utlandet-i-nederland\/"]}]},{"@type":"ImageObject","inLanguage":"nb-NO","@id":"https:\/\/www.sts-education.com\/no\/high-school\/student-stories\/studenthistorier\/grace-studerte-i-utlandet-i-nederland\/#primaryimage","url":"https:\/\/powered-by.qbank.se\/educatius\/sts\/\/92fb1a68b412d1f8a31b1dd8c8e2ef16_1-1-thumb.webp","contentUrl":"https:\/\/powered-by.qbank.se\/educatius\/sts\/\/92fb1a68b412d1f8a31b1dd8c8e2ef16_1-1-thumb.webp","width":150,"height":150},{"@type":"BreadcrumbList","@id":"https:\/\/www.sts-education.com\/no\/high-school\/student-stories\/studenthistorier\/grace-studerte-i-utlandet-i-nederland\/#breadcrumb","itemListElement":[{"@type":"ListItem","position":1,"name":"Home","item":"https:\/\/www.sts-education.com\/no\/"},{"@type":"ListItem","position":2,"name":"Grace studerte i Nederland"}]},{"@type":"WebSite","@id":"https:\/\/www.sts-education.com\/no\/#website","url":"https:\/\/www.sts-education.com\/no\/","name":"STS Education","description":"","potentialAction":[{"@type":"SearchAction","target":{"@type":"EntryPoint","urlTemplate":"https:\/\/www.sts-education.com\/no\/?s={search_term_string}"},"query-input":{"@type":"PropertyValueSpecification","valueRequired":true,"valueName":"search_term_string"}}],"inLanguage":"nb-NO"},{"@type":"Person","@id":"https:\/\/www.sts-education.com\/no\/#\/schema\/person\/8b82f3a2e45f020b8f296d7a85d9a97c","name":"syncreadwrite","image":{"@type":"ImageObject","inLanguage":"nb-NO","@id":"https:\/\/secure.gravatar.com\/avatar\/6ed1007e4f6f43f22e3df41d9fce4365533cba47fef64bb359b8e629abbc2ea6?s=96&d=mm&r=g","url":"https:\/\/secure.gravatar.com\/avatar\/6ed1007e4f6f43f22e3df41d9fce4365533cba47fef64bb359b8e629abbc2ea6?s=96&d=mm&r=g","contentUrl":"https:\/\/secure.gravatar.com\/avatar\/6ed1007e4f6f43f22e3df41d9fce4365533cba47fef64bb359b8e629abbc2ea6?s=96&d=mm&r=g","caption":"syncreadwrite"},"url":"https:\/\/www.sts-education.com\/no\/author\/syncreadwrite\/"}]}},"_links":{"self":[{"href":"https:\/\/www.sts-education.com\/no\/wp-json\/wp\/v2\/posts\/12113","targetHints":{"allow":["GET"]}}],"collection":[{"href":"https:\/\/www.sts-education.com\/no\/wp-json\/wp\/v2\/posts"}],"about":[{"href":"https:\/\/www.sts-education.com\/no\/wp-json\/wp\/v2\/types\/post"}],"author":[{"embeddable":true,"href":"https:\/\/www.sts-education.com\/no\/wp-json\/wp\/v2\/users\/20"}],"replies":[{"embeddable":true,"href":"https:\/\/www.sts-education.com\/no\/wp-json\/wp\/v2\/comments?post=12113"}],"version-history":[{"count":6,"href":"https:\/\/www.sts-education.com\/no\/wp-json\/wp\/v2\/posts\/12113\/revisions"}],"predecessor-version":[{"id":43508,"href":"https:\/\/www.sts-education.com\/no\/wp-json\/wp\/v2\/posts\/12113\/revisions\/43508"}],"wp:featuredmedia":[{"embeddable":true,"href":"https:\/\/www.sts-education.com\/no\/wp-json\/wp\/v2\/media\/14050"}],"wp:attachment":[{"href":"https:\/\/www.sts-education.com\/no\/wp-json\/wp\/v2\/media?parent=12113"}],"wp:term":[{"taxonomy":"category","embeddable":true,"href":"https:\/\/www.sts-education.com\/no\/wp-json\/wp\/v2\/categories?post=12113"},{"taxonomy":"post_tag","embeddable":true,"href":"https:\/\/www.sts-education.com\/no\/wp-json\/wp\/v2\/tags?post=12113"},{"taxonomy":"wpw_post_folders","embeddable":true,"href":"https:\/\/www.sts-education.com\/no\/wp-json\/wp\/v2\/wpw_post_folders?post=12113"}],"curies":[{"name":"wp","href":"https:\/\/api.w.org\/{rel}","templated":true}]}}