{"id":12114,"date":"2024-09-05T15:00:00","date_gmt":"2024-09-05T13:00:00","guid":{"rendered":"https:\/\/preprod.sts-education.com\/blog\/2026\/03\/05\/andrea-valgte-a-studere-i-nederland\/"},"modified":"2026-04-29T09:59:06","modified_gmt":"2026-04-29T07:59:06","slug":"andrea-valgte-a-studere-i-nederland","status":"publish","type":"post","link":"https:\/\/www.sts-education.com\/no\/high-school\/student-stories\/studenthistorier\/andrea-valgte-a-studere-i-nederland\/","title":{"rendered":"Andrea valgte \u00e5 studere i Nederland"},"content":{"rendered":"\n<div class=\"wp-block-sts-text sts-text-editor has-max-width-md\"><div class=\"sts-text-editor__content\"><div class=\"sts-text-editor__content-inner\">\n<h1 style=\"text-align: center\">Andrea valgte \u00e5 studere i Nederland<\/h1>\n<\/div><\/div><\/div>\n\n\n\n<figure class=\"wp-block-sts-image sts-block-image sts-block-image--count-1 has-max-width-lg\" data-count=\"1\"><div class=\"sts-block-image__grid\"><div class=\"sts-block-image__item\"><picture class=\"sts-responsive-image has-fit-cover has-pos-top is-skeleton\"><source media=\"(max-width: 834.98px)\" srcset=\"https:\/\/powered-by.qbank.se\/educatius\/sts\/fb4bddd74502198a99fe32baa1ad7557_1-1-thumb.webp 150w, https:\/\/powered-by.qbank.se\/educatius\/sts\/fb4bddd74502198a99fe32baa1ad7557_1-1-xsmall.webp 500w, https:\/\/powered-by.qbank.se\/educatius\/sts\/fb4bddd74502198a99fe32baa1ad7557_1-1-small.webp 800w, https:\/\/powered-by.qbank.se\/educatius\/sts\/fb4bddd74502198a99fe32baa1ad7557_1-1-medium.webp 1024w, https:\/\/powered-by.qbank.se\/educatius\/sts\/fb4bddd74502198a99fe32baa1ad7557_1-1-large.webp 1536w\" sizes=\"(max-width: 768px) 100vw, (max-width: 1200px) 100vw, 1200px\" type=\"image\/webp\"\/><source media=\"(min-width: 835px)\" srcset=\"https:\/\/powered-by.qbank.se\/educatius\/sts\/fb4bddd74502198a99fe32baa1ad7557_16-9-small.webp 800w, https:\/\/powered-by.qbank.se\/educatius\/sts\/fb4bddd74502198a99fe32baa1ad7557_16-9-medium.webp 1024w, https:\/\/powered-by.qbank.se\/educatius\/sts\/fb4bddd74502198a99fe32baa1ad7557_16-9-large.webp 1536w\" sizes=\"(max-width: 768px) 100vw, (max-width: 1200px) 100vw, 1200px\" type=\"image\/webp\"\/><img src=\"https:\/\/powered-by.qbank.se\/educatius\/sts\/fb4bddd74502198a99fe32baa1ad7557_1-1-thumb.webp\" alt=\"Andrea valgte \u00e5 studere i Nederland\" loading=\"lazy\" decoding=\"async\" fetchpriority=\"low\" style=\"object-position:top\"\/><\/picture><\/div><\/div><\/figure>\n\n\n\n<div class=\"wp-block-sts-text sts-text-editor has-max-width-md\"><div class=\"sts-text-editor__content\"><div class=\"sts-text-editor__content-inner\">\n<p><em>Andrea fra Italia var p\u00e5 utveksling i Nederland.<\/em><\/p>\n<\/div><\/div><\/div>\n\n\n\n<div class=\"wp-block-sts-text sts-text-editor has-max-width-md\"><div class=\"sts-text-editor__content\"><div class=\"sts-text-editor__content-inner\">\n<p>Da jeg var liten, reiste jeg mye med familien min. Da vi bes\u00f8kte Nederland, f\u00f8lte jeg meg draget mot dette landet. Jeg kunne virkelig se meg selv bo der n\u00e5r jeg ble eldre, s\u00e5 jeg bestemte meg for \u00e5 dra p\u00e5 utveksling til Nederland p\u00e5 videreg\u00e5ende.<\/p>\n<p>Vertsfamilien min var fantastisk! De var s\u00e5 hyggelige og hjalp meg med alt. Etter bare to uker begynte jeg allerede \u00e5 f\u00f8le meg hjemme! Jeg elsket \u00e5 feire jul med dem, feire bursdager, dra p\u00e5 turer og spise familiemiddager.<\/p>\n<p>Skolen var til tider vanskelig, men l\u00e6rerne var \u00e5pne for \u00e5 hjelpe, og de forventet ikke at jeg skulle v\u00e6re p\u00e5 samme niv\u00e5 som de andre elevene med en gang, siden jeg f\u00f8rst m\u00e5tte venne meg til det nederlandske spr\u00e5ket.<\/p>\n<p>Det var lett \u00e5 f\u00e5 venner p\u00e5 skolen! Folk i Brabant er veldig im\u00f8tekommende overfor utvekslingsstudenter.<\/p>\n<h2>Finn ut mer<\/h2>\n<ul>\n<li>Les flere <a href=\"https:\/\/www.sts-education.com\/no\/high-school\/student-stories\/studenthistorier\/?hashtag=Nederland\">studenthistorier fra Nederland<\/a><\/li>\n<li>Les mer om <a href=\"https:\/\/www.sts-education.com\/no\/high-school\/destinasjoner\/europa\/nederland\/\">utveksling p\u00e5 high school i Nederland<\/a><\/li>\n<li>Se alle v\u00e5re <a href=\"\/no\/high-school\/tripfinder\/\">utvekslingsdestinasjoner for high school<\/a><\/li>\n<\/ul>\n<\/div><\/div><\/div>\n","protected":false},"excerpt":{"rendered":"","protected":false},"author":20,"featured_media":14052,"comment_status":"open","ping_status":"open","sticky":false,"template":"","format":"standard","meta":{"_acf_changed":false,"_yoast_wpseo_title":"Andrea valgte \u00e5 studere i Nederland","_yoast_wpseo_metadesc":"Vertsfamilien min var fantastisk! De var s\u00e5 hyggelige og hjalp meg med alt. Etter bare to uker begynte jeg allerede \u00e5 f\u00f8le meg hjemme!","footnotes":""},"categories":[275],"tags":[1005],"wpw_post_folders":[],"class_list":["post-12114","post","type-post","status-publish","format-standard","has-post-thumbnail","hentry","category-uncategorized-no","tag-nederland"],"acf":[],"yoast_head":"<!-- This site is optimized with the Yoast SEO Premium plugin v27.2 (Yoast SEO v27.2) - https:\/\/yoast.com\/product\/yoast-seo-premium-wordpress\/ -->\n<title>Andrea valgte \u00e5 studere i Nederland<\/title>\n<meta name=\"description\" content=\"Vertsfamilien min var fantastisk! De var s\u00e5 hyggelige og hjalp meg med alt. Etter bare to uker begynte jeg allerede \u00e5 f\u00f8le meg hjemme!\" \/>\n<meta name=\"robots\" content=\"index, follow, max-snippet:-1, max-image-preview:large, max-video-preview:-1\" \/>\n<link rel=\"canonical\" href=\"https:\/\/www.sts-education.com\/no\/high-school\/student-stories\/studenthistorier\/andrea-valgte-a-studere-i-nederland\/\" \/>\n<meta property=\"og:locale\" content=\"nb_NO\" \/>\n<meta property=\"og:type\" content=\"article\" \/>\n<meta property=\"og:title\" content=\"Andrea valgte \u00e5 studere i Nederland\" \/>\n<meta property=\"og:description\" content=\"Vertsfamilien min var fantastisk! De var s\u00e5 hyggelige og hjalp meg med alt. Etter bare to uker begynte jeg allerede \u00e5 f\u00f8le meg hjemme!\" \/>\n<meta property=\"og:url\" content=\"https:\/\/www.sts-education.com\/no\/high-school\/student-stories\/studenthistorier\/andrea-valgte-a-studere-i-nederland\/\" \/>\n<meta property=\"og:site_name\" content=\"STS Education\" \/>\n<meta property=\"article:published_time\" content=\"2024-09-05T13:00:00+00:00\" \/>\n<meta property=\"article:modified_time\" content=\"2026-04-29T07:59:06+00:00\" \/>\n<meta property=\"og:image\" content=\"https:\/\/powered-by.qbank.se\/educatius\/sts\/\/fb4bddd74502198a99fe32baa1ad7557_1-1-thumb.webp\" \/>\n\t<meta property=\"og:image:width\" content=\"150\" \/>\n\t<meta property=\"og:image:height\" content=\"150\" \/>\n\t<meta property=\"og:image:type\" content=\"image\/jpeg\" \/>\n<meta name=\"author\" content=\"syncreadwrite\" \/>\n<meta name=\"twitter:card\" content=\"summary_large_image\" \/>\n<meta name=\"twitter:label1\" content=\"Skrevet av\" \/>\n\t<meta name=\"twitter:data1\" content=\"syncreadwrite\" \/>\n\t<meta name=\"twitter:label2\" content=\"Ansl. lesetid\" \/>\n\t<meta name=\"twitter:data2\" content=\"2 minutter\" \/>\n<script type=\"application\/ld+json\" class=\"yoast-schema-graph\">{\"@context\":\"https:\/\/schema.org\",\"@graph\":[{\"@type\":\"Article\",\"@id\":\"https:\/\/www.sts-education.com\/no\/high-school\/student-stories\/studenthistorier\/andrea-valgte-a-studere-i-nederland\/#article\",\"isPartOf\":{\"@id\":\"https:\/\/www.sts-education.com\/no\/high-school\/student-stories\/studenthistorier\/andrea-valgte-a-studere-i-nederland\/\"},\"author\":{\"name\":\"syncreadwrite\",\"@id\":\"https:\/\/www.sts-education.com\/no\/#\/schema\/person\/8b82f3a2e45f020b8f296d7a85d9a97c\"},\"headline\":\"Andrea valgte \u00e5 studere i Nederland\",\"datePublished\":\"2024-09-05T13:00:00+00:00\",\"dateModified\":\"2026-04-29T07:59:06+00:00\",\"mainEntityOfPage\":{\"@id\":\"https:\/\/www.sts-education.com\/no\/high-school\/student-stories\/studenthistorier\/andrea-valgte-a-studere-i-nederland\/\"},\"wordCount\":190,\"commentCount\":0,\"image\":{\"@id\":\"https:\/\/www.sts-education.com\/no\/high-school\/student-stories\/studenthistorier\/andrea-valgte-a-studere-i-nederland\/#primaryimage\"},\"thumbnailUrl\":\"https:\/\/powered-by.qbank.se\/educatius\/sts\/\/fb4bddd74502198a99fe32baa1ad7557_1-1-thumb.webp\",\"keywords\":[\"Nederland\"],\"articleSection\":[\"Uncategorized @no\"],\"inLanguage\":\"nb-NO\",\"potentialAction\":[{\"@type\":\"CommentAction\",\"name\":\"Comment\",\"target\":[\"https:\/\/www.sts-education.com\/no\/high-school\/student-stories\/studenthistorier\/andrea-valgte-a-studere-i-nederland\/#respond\"]}]},{\"@type\":\"WebPage\",\"@id\":\"https:\/\/www.sts-education.com\/no\/high-school\/student-stories\/studenthistorier\/andrea-valgte-a-studere-i-nederland\/\",\"url\":\"https:\/\/www.sts-education.com\/no\/high-school\/student-stories\/studenthistorier\/andrea-valgte-a-studere-i-nederland\/\",\"name\":\"Andrea valgte \u00e5 studere i Nederland\",\"isPartOf\":{\"@id\":\"https:\/\/www.sts-education.com\/no\/#website\"},\"primaryImageOfPage\":{\"@id\":\"https:\/\/www.sts-education.com\/no\/high-school\/student-stories\/studenthistorier\/andrea-valgte-a-studere-i-nederland\/#primaryimage\"},\"image\":{\"@id\":\"https:\/\/www.sts-education.com\/no\/high-school\/student-stories\/studenthistorier\/andrea-valgte-a-studere-i-nederland\/#primaryimage\"},\"thumbnailUrl\":\"https:\/\/powered-by.qbank.se\/educatius\/sts\/\/fb4bddd74502198a99fe32baa1ad7557_1-1-thumb.webp\",\"datePublished\":\"2024-09-05T13:00:00+00:00\",\"dateModified\":\"2026-04-29T07:59:06+00:00\",\"author\":{\"@id\":\"https:\/\/www.sts-education.com\/no\/#\/schema\/person\/8b82f3a2e45f020b8f296d7a85d9a97c\"},\"description\":\"Vertsfamilien min var fantastisk! De var s\u00e5 hyggelige og hjalp meg med alt. Etter bare to uker begynte jeg allerede \u00e5 f\u00f8le meg hjemme!\",\"breadcrumb\":{\"@id\":\"https:\/\/www.sts-education.com\/no\/high-school\/student-stories\/studenthistorier\/andrea-valgte-a-studere-i-nederland\/#breadcrumb\"},\"inLanguage\":\"nb-NO\",\"potentialAction\":[{\"@type\":\"ReadAction\",\"target\":[\"https:\/\/www.sts-education.com\/no\/high-school\/student-stories\/studenthistorier\/andrea-valgte-a-studere-i-nederland\/\"]}]},{\"@type\":\"ImageObject\",\"inLanguage\":\"nb-NO\",\"@id\":\"https:\/\/www.sts-education.com\/no\/high-school\/student-stories\/studenthistorier\/andrea-valgte-a-studere-i-nederland\/#primaryimage\",\"url\":\"https:\/\/powered-by.qbank.se\/educatius\/sts\/\/fb4bddd74502198a99fe32baa1ad7557_1-1-thumb.webp\",\"contentUrl\":\"https:\/\/powered-by.qbank.se\/educatius\/sts\/\/fb4bddd74502198a99fe32baa1ad7557_1-1-thumb.webp\",\"width\":150,\"height\":150},{\"@type\":\"BreadcrumbList\",\"@id\":\"https:\/\/www.sts-education.com\/no\/high-school\/student-stories\/studenthistorier\/andrea-valgte-a-studere-i-nederland\/#breadcrumb\",\"itemListElement\":[{\"@type\":\"ListItem\",\"position\":1,\"name\":\"Home\",\"item\":\"https:\/\/www.sts-education.com\/no\/\"},{\"@type\":\"ListItem\",\"position\":2,\"name\":\"Andrea valgte \u00e5 studere i Nederland\"}]},{\"@type\":\"WebSite\",\"@id\":\"https:\/\/www.sts-education.com\/no\/#website\",\"url\":\"https:\/\/www.sts-education.com\/no\/\",\"name\":\"STS Education\",\"description\":\"\",\"potentialAction\":[{\"@type\":\"SearchAction\",\"target\":{\"@type\":\"EntryPoint\",\"urlTemplate\":\"https:\/\/www.sts-education.com\/no\/?s={search_term_string}\"},\"query-input\":{\"@type\":\"PropertyValueSpecification\",\"valueRequired\":true,\"valueName\":\"search_term_string\"}}],\"inLanguage\":\"nb-NO\"},{\"@type\":\"Person\",\"@id\":\"https:\/\/www.sts-education.com\/no\/#\/schema\/person\/8b82f3a2e45f020b8f296d7a85d9a97c\",\"name\":\"syncreadwrite\",\"image\":{\"@type\":\"ImageObject\",\"inLanguage\":\"nb-NO\",\"@id\":\"https:\/\/secure.gravatar.com\/avatar\/6ed1007e4f6f43f22e3df41d9fce4365533cba47fef64bb359b8e629abbc2ea6?s=96&d=mm&r=g\",\"url\":\"https:\/\/secure.gravatar.com\/avatar\/6ed1007e4f6f43f22e3df41d9fce4365533cba47fef64bb359b8e629abbc2ea6?s=96&d=mm&r=g\",\"contentUrl\":\"https:\/\/secure.gravatar.com\/avatar\/6ed1007e4f6f43f22e3df41d9fce4365533cba47fef64bb359b8e629abbc2ea6?s=96&d=mm&r=g\",\"caption\":\"syncreadwrite\"},\"url\":\"https:\/\/www.sts-education.com\/no\/author\/syncreadwrite\/\"}]}<\/script>\n<!-- \/ Yoast SEO Premium plugin. -->","yoast_head_json":{"title":"Andrea valgte \u00e5 studere i Nederland","description":"Vertsfamilien min var fantastisk! De var s\u00e5 hyggelige og hjalp meg med alt. Etter bare to uker begynte jeg allerede \u00e5 f\u00f8le meg hjemme!","robots":{"index":"index","follow":"follow","max-snippet":"max-snippet:-1","max-image-preview":"max-image-preview:large","max-video-preview":"max-video-preview:-1"},"canonical":"https:\/\/www.sts-education.com\/no\/high-school\/student-stories\/studenthistorier\/andrea-valgte-a-studere-i-nederland\/","og_locale":"nb_NO","og_type":"article","og_title":"Andrea valgte \u00e5 studere i Nederland","og_description":"Vertsfamilien min var fantastisk! De var s\u00e5 hyggelige og hjalp meg med alt. Etter bare to uker begynte jeg allerede \u00e5 f\u00f8le meg hjemme!","og_url":"https:\/\/www.sts-education.com\/no\/high-school\/student-stories\/studenthistorier\/andrea-valgte-a-studere-i-nederland\/","og_site_name":"STS Education","article_published_time":"2024-09-05T13:00:00+00:00","article_modified_time":"2026-04-29T07:59:06+00:00","og_image":[{"width":150,"height":150,"url":"https:\/\/powered-by.qbank.se\/educatius\/sts\/\/fb4bddd74502198a99fe32baa1ad7557_1-1-thumb.webp","type":"image\/jpeg"}],"author":"syncreadwrite","twitter_card":"summary_large_image","twitter_misc":{"Skrevet av":"syncreadwrite","Ansl. lesetid":"2 minutter"},"schema":{"@context":"https:\/\/schema.org","@graph":[{"@type":"Article","@id":"https:\/\/www.sts-education.com\/no\/high-school\/student-stories\/studenthistorier\/andrea-valgte-a-studere-i-nederland\/#article","isPartOf":{"@id":"https:\/\/www.sts-education.com\/no\/high-school\/student-stories\/studenthistorier\/andrea-valgte-a-studere-i-nederland\/"},"author":{"name":"syncreadwrite","@id":"https:\/\/www.sts-education.com\/no\/#\/schema\/person\/8b82f3a2e45f020b8f296d7a85d9a97c"},"headline":"Andrea valgte \u00e5 studere i Nederland","datePublished":"2024-09-05T13:00:00+00:00","dateModified":"2026-04-29T07:59:06+00:00","mainEntityOfPage":{"@id":"https:\/\/www.sts-education.com\/no\/high-school\/student-stories\/studenthistorier\/andrea-valgte-a-studere-i-nederland\/"},"wordCount":190,"commentCount":0,"image":{"@id":"https:\/\/www.sts-education.com\/no\/high-school\/student-stories\/studenthistorier\/andrea-valgte-a-studere-i-nederland\/#primaryimage"},"thumbnailUrl":"https:\/\/powered-by.qbank.se\/educatius\/sts\/\/fb4bddd74502198a99fe32baa1ad7557_1-1-thumb.webp","keywords":["Nederland"],"articleSection":["Uncategorized @no"],"inLanguage":"nb-NO","potentialAction":[{"@type":"CommentAction","name":"Comment","target":["https:\/\/www.sts-education.com\/no\/high-school\/student-stories\/studenthistorier\/andrea-valgte-a-studere-i-nederland\/#respond"]}]},{"@type":"WebPage","@id":"https:\/\/www.sts-education.com\/no\/high-school\/student-stories\/studenthistorier\/andrea-valgte-a-studere-i-nederland\/","url":"https:\/\/www.sts-education.com\/no\/high-school\/student-stories\/studenthistorier\/andrea-valgte-a-studere-i-nederland\/","name":"Andrea valgte \u00e5 studere i Nederland","isPartOf":{"@id":"https:\/\/www.sts-education.com\/no\/#website"},"primaryImageOfPage":{"@id":"https:\/\/www.sts-education.com\/no\/high-school\/student-stories\/studenthistorier\/andrea-valgte-a-studere-i-nederland\/#primaryimage"},"image":{"@id":"https:\/\/www.sts-education.com\/no\/high-school\/student-stories\/studenthistorier\/andrea-valgte-a-studere-i-nederland\/#primaryimage"},"thumbnailUrl":"https:\/\/powered-by.qbank.se\/educatius\/sts\/\/fb4bddd74502198a99fe32baa1ad7557_1-1-thumb.webp","datePublished":"2024-09-05T13:00:00+00:00","dateModified":"2026-04-29T07:59:06+00:00","author":{"@id":"https:\/\/www.sts-education.com\/no\/#\/schema\/person\/8b82f3a2e45f020b8f296d7a85d9a97c"},"description":"Vertsfamilien min var fantastisk! De var s\u00e5 hyggelige og hjalp meg med alt. Etter bare to uker begynte jeg allerede \u00e5 f\u00f8le meg hjemme!","breadcrumb":{"@id":"https:\/\/www.sts-education.com\/no\/high-school\/student-stories\/studenthistorier\/andrea-valgte-a-studere-i-nederland\/#breadcrumb"},"inLanguage":"nb-NO","potentialAction":[{"@type":"ReadAction","target":["https:\/\/www.sts-education.com\/no\/high-school\/student-stories\/studenthistorier\/andrea-valgte-a-studere-i-nederland\/"]}]},{"@type":"ImageObject","inLanguage":"nb-NO","@id":"https:\/\/www.sts-education.com\/no\/high-school\/student-stories\/studenthistorier\/andrea-valgte-a-studere-i-nederland\/#primaryimage","url":"https:\/\/powered-by.qbank.se\/educatius\/sts\/\/fb4bddd74502198a99fe32baa1ad7557_1-1-thumb.webp","contentUrl":"https:\/\/powered-by.qbank.se\/educatius\/sts\/\/fb4bddd74502198a99fe32baa1ad7557_1-1-thumb.webp","width":150,"height":150},{"@type":"BreadcrumbList","@id":"https:\/\/www.sts-education.com\/no\/high-school\/student-stories\/studenthistorier\/andrea-valgte-a-studere-i-nederland\/#breadcrumb","itemListElement":[{"@type":"ListItem","position":1,"name":"Home","item":"https:\/\/www.sts-education.com\/no\/"},{"@type":"ListItem","position":2,"name":"Andrea valgte \u00e5 studere i Nederland"}]},{"@type":"WebSite","@id":"https:\/\/www.sts-education.com\/no\/#website","url":"https:\/\/www.sts-education.com\/no\/","name":"STS Education","description":"","potentialAction":[{"@type":"SearchAction","target":{"@type":"EntryPoint","urlTemplate":"https:\/\/www.sts-education.com\/no\/?s={search_term_string}"},"query-input":{"@type":"PropertyValueSpecification","valueRequired":true,"valueName":"search_term_string"}}],"inLanguage":"nb-NO"},{"@type":"Person","@id":"https:\/\/www.sts-education.com\/no\/#\/schema\/person\/8b82f3a2e45f020b8f296d7a85d9a97c","name":"syncreadwrite","image":{"@type":"ImageObject","inLanguage":"nb-NO","@id":"https:\/\/secure.gravatar.com\/avatar\/6ed1007e4f6f43f22e3df41d9fce4365533cba47fef64bb359b8e629abbc2ea6?s=96&d=mm&r=g","url":"https:\/\/secure.gravatar.com\/avatar\/6ed1007e4f6f43f22e3df41d9fce4365533cba47fef64bb359b8e629abbc2ea6?s=96&d=mm&r=g","contentUrl":"https:\/\/secure.gravatar.com\/avatar\/6ed1007e4f6f43f22e3df41d9fce4365533cba47fef64bb359b8e629abbc2ea6?s=96&d=mm&r=g","caption":"syncreadwrite"},"url":"https:\/\/www.sts-education.com\/no\/author\/syncreadwrite\/"}]}},"_links":{"self":[{"href":"https:\/\/www.sts-education.com\/no\/wp-json\/wp\/v2\/posts\/12114","targetHints":{"allow":["GET"]}}],"collection":[{"href":"https:\/\/www.sts-education.com\/no\/wp-json\/wp\/v2\/posts"}],"about":[{"href":"https:\/\/www.sts-education.com\/no\/wp-json\/wp\/v2\/types\/post"}],"author":[{"embeddable":true,"href":"https:\/\/www.sts-education.com\/no\/wp-json\/wp\/v2\/users\/20"}],"replies":[{"embeddable":true,"href":"https:\/\/www.sts-education.com\/no\/wp-json\/wp\/v2\/comments?post=12114"}],"version-history":[{"count":6,"href":"https:\/\/www.sts-education.com\/no\/wp-json\/wp\/v2\/posts\/12114\/revisions"}],"predecessor-version":[{"id":43520,"href":"https:\/\/www.sts-education.com\/no\/wp-json\/wp\/v2\/posts\/12114\/revisions\/43520"}],"wp:featuredmedia":[{"embeddable":true,"href":"https:\/\/www.sts-education.com\/no\/wp-json\/wp\/v2\/media\/14052"}],"wp:attachment":[{"href":"https:\/\/www.sts-education.com\/no\/wp-json\/wp\/v2\/media?parent=12114"}],"wp:term":[{"taxonomy":"category","embeddable":true,"href":"https:\/\/www.sts-education.com\/no\/wp-json\/wp\/v2\/categories?post=12114"},{"taxonomy":"post_tag","embeddable":true,"href":"https:\/\/www.sts-education.com\/no\/wp-json\/wp\/v2\/tags?post=12114"},{"taxonomy":"wpw_post_folders","embeddable":true,"href":"https:\/\/www.sts-education.com\/no\/wp-json\/wp\/v2\/wpw_post_folders?post=12114"}],"curies":[{"name":"wp","href":"https:\/\/api.w.org\/{rel}","templated":true}]}}