{"id":12115,"date":"2024-09-02T15:00:00","date_gmt":"2024-09-02T13:00:00","guid":{"rendered":"https:\/\/preprod.sts-education.com\/blog\/2026\/03\/05\/abigail-dro-pa-utveksling-til-nederland\/"},"modified":"2026-04-29T09:59:57","modified_gmt":"2026-04-29T07:59:57","slug":"abigail-dro-pa-utveksling-til-nederland","status":"publish","type":"post","link":"https:\/\/www.sts-education.com\/no\/high-school\/student-stories\/studenthistorier\/abigail-dro-pa-utveksling-til-nederland\/","title":{"rendered":"Abigail var p\u00e5 utveksling i Nederland"},"content":{"rendered":"\n<div class=\"wp-block-sts-text sts-text-editor has-max-width-md\"><div class=\"sts-text-editor__content\"><div class=\"sts-text-editor__content-inner\">\n<h1 style=\"text-align: center\">Abigail var p\u00e5 utveksling i Nederland<\/h1>\n<\/div><\/div><\/div>\n\n\n\n<figure class=\"wp-block-sts-image sts-block-image sts-block-image--count-1 has-max-width-lg\" data-count=\"1\"><div class=\"sts-block-image__grid\"><div class=\"sts-block-image__item\"><picture class=\"sts-responsive-image has-fit-cover has-pos-top is-skeleton\"><source media=\"(max-width: 834.98px)\" srcset=\"https:\/\/powered-by.qbank.se\/educatius\/sts\/cfd6458914c4644c1203add909557aef_1-1-thumb.webp 150w, https:\/\/powered-by.qbank.se\/educatius\/sts\/cfd6458914c4644c1203add909557aef_1-1-xsmall.webp 500w, https:\/\/powered-by.qbank.se\/educatius\/sts\/cfd6458914c4644c1203add909557aef_1-1-small.webp 800w, https:\/\/powered-by.qbank.se\/educatius\/sts\/cfd6458914c4644c1203add909557aef_1-1-medium.webp 1024w, https:\/\/powered-by.qbank.se\/educatius\/sts\/cfd6458914c4644c1203add909557aef_1-1-large.webp 1536w\" sizes=\"(max-width: 768px) 100vw, (max-width: 1200px) 100vw, 1200px\" type=\"image\/webp\"\/><source media=\"(min-width: 835px)\" srcset=\"https:\/\/powered-by.qbank.se\/educatius\/sts\/cfd6458914c4644c1203add909557aef_16-9-small.webp 800w, https:\/\/powered-by.qbank.se\/educatius\/sts\/cfd6458914c4644c1203add909557aef_16-9-medium.webp 1024w, https:\/\/powered-by.qbank.se\/educatius\/sts\/cfd6458914c4644c1203add909557aef_16-9-large.webp 1536w\" sizes=\"(max-width: 768px) 100vw, (max-width: 1200px) 100vw, 1200px\" type=\"image\/webp\"\/><img src=\"https:\/\/powered-by.qbank.se\/educatius\/sts\/cfd6458914c4644c1203add909557aef_1-1-thumb.webp\" alt=\"Abigail dro p\u00e5 utveksling til Nederland\" loading=\"lazy\" decoding=\"async\" fetchpriority=\"low\" style=\"object-position:top\"\/><\/picture><\/div><\/div><\/figure>\n\n\n\n<div class=\"wp-block-sts-text sts-text-editor has-max-width-md\"><div class=\"sts-text-editor__content\"><div class=\"sts-text-editor__content-inner\">\n<p><em>Abigail fra Australia var p\u00e5 utveksling i Nederland.<\/em><\/p>\n<\/div><\/div><\/div>\n\n\n\n<div class=\"wp-block-sts-text sts-text-editor has-max-width-md\"><div class=\"sts-text-editor__content\"><div class=\"sts-text-editor__content-inner\">\n<p>Min mor er f\u00f8dt i Nederland, og en del av familien min snakker fortsatt nederlandsk, s\u00e5 det var flott \u00e5 reise p\u00e5 utveksling til Nederland for \u00e5 l\u00e6re spr\u00e5ket og forst\u00e5 kulturen bedre.<\/p>\n<p>Jeg f\u00f8lte meg hjemme hos vertsfamilien min med en gang. Jeg var i samme familie som en italiensk utvekslingsstudent. Det var faktisk flott \u00e5 dele utvekslingsopplevelsen. Vertsforeldrene og de eldre vertss\u00f8strene v\u00e5re inkluderte oss i alt: turer, ferier, aktiviteter osv. Og det er det jeg vil r\u00e5de fremtidige vertsfamilier til ogs\u00e5: inkluder elevene dine s\u00e5 mye som mulig, men gi dem ogs\u00e5 rom til \u00e5 oppdage sitt eget \u00abnederlandske liv\u00bb!<\/p>\n<p>Skolen var kjempefin, elevene og l\u00e6rerne var veldig hyggelige. Engelskl\u00e6reren min introduserte meg for noen jenter i klassen min, som endte opp med \u00e5 bli mine beste venner.<\/p>\n<p>Selv om jeg hadde v\u00e6rt i Nederland som barn, fikk jeg likevel litt av et kultursjokk. En del av det var at jeg m\u00e5tte sykle til skolen hver dag \ud83d\ude0a.<\/p>\n<h2>Finn ut mer<\/h2>\n<ul>\n<li>Les flere <a href=\"https:\/\/www.sts-education.com\/no\/high-school\/student-stories\/studenthistorier\/?hashtag=Nederland\">studenthistorier fra Nederland<\/a><\/li>\n<li>Les mer om <a href=\"https:\/\/www.sts-education.com\/no\/high-school\/destinasjoner\/europa\/nederland\/\">utveksling p\u00e5 high school i Nederland<\/a><\/li>\n<li>Se alle v\u00e5re <a href=\"\/no\/high-school\/tripfinder\/\">utvekslingsdestinasjoner for high school<\/a><\/li>\n<\/ul>\n<\/div><\/div><\/div>\n","protected":false},"excerpt":{"rendered":"","protected":false},"author":20,"featured_media":14054,"comment_status":"open","ping_status":"open","sticky":false,"template":"","format":"standard","meta":{"_acf_changed":false,"_yoast_wpseo_title":"Abigail dro p\u00e5 utveksling til Nederland","_yoast_wpseo_metadesc":"Skolen var kjempefin, elevene og l\u00e6rerne var veldig hyggelige. Engelskl\u00e6reren min introduserte meg for noen jenter i klassen min, som endte opp med \u00e5 bli mine beste venner.","footnotes":""},"categories":[275],"tags":[1005],"wpw_post_folders":[],"class_list":["post-12115","post","type-post","status-publish","format-standard","has-post-thumbnail","hentry","category-uncategorized-no","tag-nederland"],"acf":[],"yoast_head":"<!-- This site is optimized with the Yoast SEO Premium plugin v27.2 (Yoast SEO v27.2) - https:\/\/yoast.com\/product\/yoast-seo-premium-wordpress\/ -->\n<title>Abigail dro p\u00e5 utveksling til Nederland<\/title>\n<meta name=\"description\" content=\"Skolen var kjempefin, elevene og l\u00e6rerne var veldig hyggelige. Engelskl\u00e6reren min introduserte meg for noen jenter i klassen min, som endte opp med \u00e5 bli mine beste venner.\" \/>\n<meta name=\"robots\" content=\"index, follow, max-snippet:-1, max-image-preview:large, max-video-preview:-1\" \/>\n<link rel=\"canonical\" href=\"https:\/\/www.sts-education.com\/no\/high-school\/student-stories\/studenthistorier\/abigail-dro-pa-utveksling-til-nederland\/\" \/>\n<meta property=\"og:locale\" content=\"nb_NO\" \/>\n<meta property=\"og:type\" content=\"article\" \/>\n<meta property=\"og:title\" content=\"Abigail var p\u00e5 utveksling i Nederland\" \/>\n<meta property=\"og:description\" content=\"Skolen var kjempefin, elevene og l\u00e6rerne var veldig hyggelige. Engelskl\u00e6reren min introduserte meg for noen jenter i klassen min, som endte opp med \u00e5 bli mine beste venner.\" \/>\n<meta property=\"og:url\" content=\"https:\/\/www.sts-education.com\/no\/high-school\/student-stories\/studenthistorier\/abigail-dro-pa-utveksling-til-nederland\/\" \/>\n<meta property=\"og:site_name\" content=\"STS Education\" \/>\n<meta property=\"article:published_time\" content=\"2024-09-02T13:00:00+00:00\" \/>\n<meta property=\"article:modified_time\" content=\"2026-04-29T07:59:57+00:00\" \/>\n<meta property=\"og:image\" content=\"https:\/\/powered-by.qbank.se\/educatius\/sts\/\/cfd6458914c4644c1203add909557aef_1-1-thumb.webp\" \/>\n\t<meta property=\"og:image:width\" content=\"150\" \/>\n\t<meta property=\"og:image:height\" content=\"150\" \/>\n\t<meta property=\"og:image:type\" content=\"image\/jpeg\" \/>\n<meta name=\"author\" content=\"syncreadwrite\" \/>\n<meta name=\"twitter:card\" content=\"summary_large_image\" \/>\n<meta name=\"twitter:label1\" content=\"Skrevet av\" \/>\n\t<meta name=\"twitter:data1\" content=\"syncreadwrite\" \/>\n\t<meta name=\"twitter:label2\" content=\"Ansl. lesetid\" \/>\n\t<meta name=\"twitter:data2\" content=\"2 minutter\" \/>\n<script type=\"application\/ld+json\" class=\"yoast-schema-graph\">{\"@context\":\"https:\/\/schema.org\",\"@graph\":[{\"@type\":\"Article\",\"@id\":\"https:\/\/www.sts-education.com\/no\/high-school\/student-stories\/studenthistorier\/abigail-dro-pa-utveksling-til-nederland\/#article\",\"isPartOf\":{\"@id\":\"https:\/\/www.sts-education.com\/no\/high-school\/student-stories\/studenthistorier\/abigail-dro-pa-utveksling-til-nederland\/\"},\"author\":{\"name\":\"syncreadwrite\",\"@id\":\"https:\/\/www.sts-education.com\/no\/#\/schema\/person\/8b82f3a2e45f020b8f296d7a85d9a97c\"},\"headline\":\"Abigail var p\u00e5 utveksling i Nederland\",\"datePublished\":\"2024-09-02T13:00:00+00:00\",\"dateModified\":\"2026-04-29T07:59:57+00:00\",\"mainEntityOfPage\":{\"@id\":\"https:\/\/www.sts-education.com\/no\/high-school\/student-stories\/studenthistorier\/abigail-dro-pa-utveksling-til-nederland\/\"},\"wordCount\":211,\"commentCount\":0,\"image\":{\"@id\":\"https:\/\/www.sts-education.com\/no\/high-school\/student-stories\/studenthistorier\/abigail-dro-pa-utveksling-til-nederland\/#primaryimage\"},\"thumbnailUrl\":\"https:\/\/powered-by.qbank.se\/educatius\/sts\/\/cfd6458914c4644c1203add909557aef_1-1-thumb.webp\",\"keywords\":[\"Nederland\"],\"articleSection\":[\"Uncategorized @no\"],\"inLanguage\":\"nb-NO\",\"potentialAction\":[{\"@type\":\"CommentAction\",\"name\":\"Comment\",\"target\":[\"https:\/\/www.sts-education.com\/no\/high-school\/student-stories\/studenthistorier\/abigail-dro-pa-utveksling-til-nederland\/#respond\"]}]},{\"@type\":\"WebPage\",\"@id\":\"https:\/\/www.sts-education.com\/no\/high-school\/student-stories\/studenthistorier\/abigail-dro-pa-utveksling-til-nederland\/\",\"url\":\"https:\/\/www.sts-education.com\/no\/high-school\/student-stories\/studenthistorier\/abigail-dro-pa-utveksling-til-nederland\/\",\"name\":\"Abigail dro p\u00e5 utveksling til Nederland\",\"isPartOf\":{\"@id\":\"https:\/\/www.sts-education.com\/no\/#website\"},\"primaryImageOfPage\":{\"@id\":\"https:\/\/www.sts-education.com\/no\/high-school\/student-stories\/studenthistorier\/abigail-dro-pa-utveksling-til-nederland\/#primaryimage\"},\"image\":{\"@id\":\"https:\/\/www.sts-education.com\/no\/high-school\/student-stories\/studenthistorier\/abigail-dro-pa-utveksling-til-nederland\/#primaryimage\"},\"thumbnailUrl\":\"https:\/\/powered-by.qbank.se\/educatius\/sts\/\/cfd6458914c4644c1203add909557aef_1-1-thumb.webp\",\"datePublished\":\"2024-09-02T13:00:00+00:00\",\"dateModified\":\"2026-04-29T07:59:57+00:00\",\"author\":{\"@id\":\"https:\/\/www.sts-education.com\/no\/#\/schema\/person\/8b82f3a2e45f020b8f296d7a85d9a97c\"},\"description\":\"Skolen var kjempefin, elevene og l\u00e6rerne var veldig hyggelige. Engelskl\u00e6reren min introduserte meg for noen jenter i klassen min, som endte opp med \u00e5 bli mine beste venner.\",\"breadcrumb\":{\"@id\":\"https:\/\/www.sts-education.com\/no\/high-school\/student-stories\/studenthistorier\/abigail-dro-pa-utveksling-til-nederland\/#breadcrumb\"},\"inLanguage\":\"nb-NO\",\"potentialAction\":[{\"@type\":\"ReadAction\",\"target\":[\"https:\/\/www.sts-education.com\/no\/high-school\/student-stories\/studenthistorier\/abigail-dro-pa-utveksling-til-nederland\/\"]}]},{\"@type\":\"ImageObject\",\"inLanguage\":\"nb-NO\",\"@id\":\"https:\/\/www.sts-education.com\/no\/high-school\/student-stories\/studenthistorier\/abigail-dro-pa-utveksling-til-nederland\/#primaryimage\",\"url\":\"https:\/\/powered-by.qbank.se\/educatius\/sts\/\/cfd6458914c4644c1203add909557aef_1-1-thumb.webp\",\"contentUrl\":\"https:\/\/powered-by.qbank.se\/educatius\/sts\/\/cfd6458914c4644c1203add909557aef_1-1-thumb.webp\",\"width\":150,\"height\":150},{\"@type\":\"BreadcrumbList\",\"@id\":\"https:\/\/www.sts-education.com\/no\/high-school\/student-stories\/studenthistorier\/abigail-dro-pa-utveksling-til-nederland\/#breadcrumb\",\"itemListElement\":[{\"@type\":\"ListItem\",\"position\":1,\"name\":\"Home\",\"item\":\"https:\/\/www.sts-education.com\/no\/\"},{\"@type\":\"ListItem\",\"position\":2,\"name\":\"Abigail var p\u00e5 utveksling i Nederland\"}]},{\"@type\":\"WebSite\",\"@id\":\"https:\/\/www.sts-education.com\/no\/#website\",\"url\":\"https:\/\/www.sts-education.com\/no\/\",\"name\":\"STS Education\",\"description\":\"\",\"potentialAction\":[{\"@type\":\"SearchAction\",\"target\":{\"@type\":\"EntryPoint\",\"urlTemplate\":\"https:\/\/www.sts-education.com\/no\/?s={search_term_string}\"},\"query-input\":{\"@type\":\"PropertyValueSpecification\",\"valueRequired\":true,\"valueName\":\"search_term_string\"}}],\"inLanguage\":\"nb-NO\"},{\"@type\":\"Person\",\"@id\":\"https:\/\/www.sts-education.com\/no\/#\/schema\/person\/8b82f3a2e45f020b8f296d7a85d9a97c\",\"name\":\"syncreadwrite\",\"image\":{\"@type\":\"ImageObject\",\"inLanguage\":\"nb-NO\",\"@id\":\"https:\/\/secure.gravatar.com\/avatar\/6ed1007e4f6f43f22e3df41d9fce4365533cba47fef64bb359b8e629abbc2ea6?s=96&d=mm&r=g\",\"url\":\"https:\/\/secure.gravatar.com\/avatar\/6ed1007e4f6f43f22e3df41d9fce4365533cba47fef64bb359b8e629abbc2ea6?s=96&d=mm&r=g\",\"contentUrl\":\"https:\/\/secure.gravatar.com\/avatar\/6ed1007e4f6f43f22e3df41d9fce4365533cba47fef64bb359b8e629abbc2ea6?s=96&d=mm&r=g\",\"caption\":\"syncreadwrite\"},\"url\":\"https:\/\/www.sts-education.com\/no\/author\/syncreadwrite\/\"}]}<\/script>\n<!-- \/ Yoast SEO Premium plugin. -->","yoast_head_json":{"title":"Abigail dro p\u00e5 utveksling til Nederland","description":"Skolen var kjempefin, elevene og l\u00e6rerne var veldig hyggelige. Engelskl\u00e6reren min introduserte meg for noen jenter i klassen min, som endte opp med \u00e5 bli mine beste venner.","robots":{"index":"index","follow":"follow","max-snippet":"max-snippet:-1","max-image-preview":"max-image-preview:large","max-video-preview":"max-video-preview:-1"},"canonical":"https:\/\/www.sts-education.com\/no\/high-school\/student-stories\/studenthistorier\/abigail-dro-pa-utveksling-til-nederland\/","og_locale":"nb_NO","og_type":"article","og_title":"Abigail var p\u00e5 utveksling i Nederland","og_description":"Skolen var kjempefin, elevene og l\u00e6rerne var veldig hyggelige. Engelskl\u00e6reren min introduserte meg for noen jenter i klassen min, som endte opp med \u00e5 bli mine beste venner.","og_url":"https:\/\/www.sts-education.com\/no\/high-school\/student-stories\/studenthistorier\/abigail-dro-pa-utveksling-til-nederland\/","og_site_name":"STS Education","article_published_time":"2024-09-02T13:00:00+00:00","article_modified_time":"2026-04-29T07:59:57+00:00","og_image":[{"width":150,"height":150,"url":"https:\/\/powered-by.qbank.se\/educatius\/sts\/\/cfd6458914c4644c1203add909557aef_1-1-thumb.webp","type":"image\/jpeg"}],"author":"syncreadwrite","twitter_card":"summary_large_image","twitter_misc":{"Skrevet av":"syncreadwrite","Ansl. lesetid":"2 minutter"},"schema":{"@context":"https:\/\/schema.org","@graph":[{"@type":"Article","@id":"https:\/\/www.sts-education.com\/no\/high-school\/student-stories\/studenthistorier\/abigail-dro-pa-utveksling-til-nederland\/#article","isPartOf":{"@id":"https:\/\/www.sts-education.com\/no\/high-school\/student-stories\/studenthistorier\/abigail-dro-pa-utveksling-til-nederland\/"},"author":{"name":"syncreadwrite","@id":"https:\/\/www.sts-education.com\/no\/#\/schema\/person\/8b82f3a2e45f020b8f296d7a85d9a97c"},"headline":"Abigail var p\u00e5 utveksling i Nederland","datePublished":"2024-09-02T13:00:00+00:00","dateModified":"2026-04-29T07:59:57+00:00","mainEntityOfPage":{"@id":"https:\/\/www.sts-education.com\/no\/high-school\/student-stories\/studenthistorier\/abigail-dro-pa-utveksling-til-nederland\/"},"wordCount":211,"commentCount":0,"image":{"@id":"https:\/\/www.sts-education.com\/no\/high-school\/student-stories\/studenthistorier\/abigail-dro-pa-utveksling-til-nederland\/#primaryimage"},"thumbnailUrl":"https:\/\/powered-by.qbank.se\/educatius\/sts\/\/cfd6458914c4644c1203add909557aef_1-1-thumb.webp","keywords":["Nederland"],"articleSection":["Uncategorized @no"],"inLanguage":"nb-NO","potentialAction":[{"@type":"CommentAction","name":"Comment","target":["https:\/\/www.sts-education.com\/no\/high-school\/student-stories\/studenthistorier\/abigail-dro-pa-utveksling-til-nederland\/#respond"]}]},{"@type":"WebPage","@id":"https:\/\/www.sts-education.com\/no\/high-school\/student-stories\/studenthistorier\/abigail-dro-pa-utveksling-til-nederland\/","url":"https:\/\/www.sts-education.com\/no\/high-school\/student-stories\/studenthistorier\/abigail-dro-pa-utveksling-til-nederland\/","name":"Abigail dro p\u00e5 utveksling til Nederland","isPartOf":{"@id":"https:\/\/www.sts-education.com\/no\/#website"},"primaryImageOfPage":{"@id":"https:\/\/www.sts-education.com\/no\/high-school\/student-stories\/studenthistorier\/abigail-dro-pa-utveksling-til-nederland\/#primaryimage"},"image":{"@id":"https:\/\/www.sts-education.com\/no\/high-school\/student-stories\/studenthistorier\/abigail-dro-pa-utveksling-til-nederland\/#primaryimage"},"thumbnailUrl":"https:\/\/powered-by.qbank.se\/educatius\/sts\/\/cfd6458914c4644c1203add909557aef_1-1-thumb.webp","datePublished":"2024-09-02T13:00:00+00:00","dateModified":"2026-04-29T07:59:57+00:00","author":{"@id":"https:\/\/www.sts-education.com\/no\/#\/schema\/person\/8b82f3a2e45f020b8f296d7a85d9a97c"},"description":"Skolen var kjempefin, elevene og l\u00e6rerne var veldig hyggelige. Engelskl\u00e6reren min introduserte meg for noen jenter i klassen min, som endte opp med \u00e5 bli mine beste venner.","breadcrumb":{"@id":"https:\/\/www.sts-education.com\/no\/high-school\/student-stories\/studenthistorier\/abigail-dro-pa-utveksling-til-nederland\/#breadcrumb"},"inLanguage":"nb-NO","potentialAction":[{"@type":"ReadAction","target":["https:\/\/www.sts-education.com\/no\/high-school\/student-stories\/studenthistorier\/abigail-dro-pa-utveksling-til-nederland\/"]}]},{"@type":"ImageObject","inLanguage":"nb-NO","@id":"https:\/\/www.sts-education.com\/no\/high-school\/student-stories\/studenthistorier\/abigail-dro-pa-utveksling-til-nederland\/#primaryimage","url":"https:\/\/powered-by.qbank.se\/educatius\/sts\/\/cfd6458914c4644c1203add909557aef_1-1-thumb.webp","contentUrl":"https:\/\/powered-by.qbank.se\/educatius\/sts\/\/cfd6458914c4644c1203add909557aef_1-1-thumb.webp","width":150,"height":150},{"@type":"BreadcrumbList","@id":"https:\/\/www.sts-education.com\/no\/high-school\/student-stories\/studenthistorier\/abigail-dro-pa-utveksling-til-nederland\/#breadcrumb","itemListElement":[{"@type":"ListItem","position":1,"name":"Home","item":"https:\/\/www.sts-education.com\/no\/"},{"@type":"ListItem","position":2,"name":"Abigail var p\u00e5 utveksling i Nederland"}]},{"@type":"WebSite","@id":"https:\/\/www.sts-education.com\/no\/#website","url":"https:\/\/www.sts-education.com\/no\/","name":"STS Education","description":"","potentialAction":[{"@type":"SearchAction","target":{"@type":"EntryPoint","urlTemplate":"https:\/\/www.sts-education.com\/no\/?s={search_term_string}"},"query-input":{"@type":"PropertyValueSpecification","valueRequired":true,"valueName":"search_term_string"}}],"inLanguage":"nb-NO"},{"@type":"Person","@id":"https:\/\/www.sts-education.com\/no\/#\/schema\/person\/8b82f3a2e45f020b8f296d7a85d9a97c","name":"syncreadwrite","image":{"@type":"ImageObject","inLanguage":"nb-NO","@id":"https:\/\/secure.gravatar.com\/avatar\/6ed1007e4f6f43f22e3df41d9fce4365533cba47fef64bb359b8e629abbc2ea6?s=96&d=mm&r=g","url":"https:\/\/secure.gravatar.com\/avatar\/6ed1007e4f6f43f22e3df41d9fce4365533cba47fef64bb359b8e629abbc2ea6?s=96&d=mm&r=g","contentUrl":"https:\/\/secure.gravatar.com\/avatar\/6ed1007e4f6f43f22e3df41d9fce4365533cba47fef64bb359b8e629abbc2ea6?s=96&d=mm&r=g","caption":"syncreadwrite"},"url":"https:\/\/www.sts-education.com\/no\/author\/syncreadwrite\/"}]}},"_links":{"self":[{"href":"https:\/\/www.sts-education.com\/no\/wp-json\/wp\/v2\/posts\/12115","targetHints":{"allow":["GET"]}}],"collection":[{"href":"https:\/\/www.sts-education.com\/no\/wp-json\/wp\/v2\/posts"}],"about":[{"href":"https:\/\/www.sts-education.com\/no\/wp-json\/wp\/v2\/types\/post"}],"author":[{"embeddable":true,"href":"https:\/\/www.sts-education.com\/no\/wp-json\/wp\/v2\/users\/20"}],"replies":[{"embeddable":true,"href":"https:\/\/www.sts-education.com\/no\/wp-json\/wp\/v2\/comments?post=12115"}],"version-history":[{"count":6,"href":"https:\/\/www.sts-education.com\/no\/wp-json\/wp\/v2\/posts\/12115\/revisions"}],"predecessor-version":[{"id":43544,"href":"https:\/\/www.sts-education.com\/no\/wp-json\/wp\/v2\/posts\/12115\/revisions\/43544"}],"wp:featuredmedia":[{"embeddable":true,"href":"https:\/\/www.sts-education.com\/no\/wp-json\/wp\/v2\/media\/14054"}],"wp:attachment":[{"href":"https:\/\/www.sts-education.com\/no\/wp-json\/wp\/v2\/media?parent=12115"}],"wp:term":[{"taxonomy":"category","embeddable":true,"href":"https:\/\/www.sts-education.com\/no\/wp-json\/wp\/v2\/categories?post=12115"},{"taxonomy":"post_tag","embeddable":true,"href":"https:\/\/www.sts-education.com\/no\/wp-json\/wp\/v2\/tags?post=12115"},{"taxonomy":"wpw_post_folders","embeddable":true,"href":"https:\/\/www.sts-education.com\/no\/wp-json\/wp\/v2\/wpw_post_folders?post=12115"}],"curies":[{"name":"wp","href":"https:\/\/api.w.org\/{rel}","templated":true}]}}