{"id":12118,"date":"2024-08-05T15:00:00","date_gmt":"2024-08-05T13:00:00","guid":{"rendered":"https:\/\/preprod.sts-education.com\/blog\/2026\/03\/05\/alejandro-valgte-a-studere-i-osterrike\/"},"modified":"2026-04-29T10:00:48","modified_gmt":"2026-04-29T08:00:48","slug":"alejandro-valgte-a-studere-i-osterrike","status":"publish","type":"post","link":"https:\/\/www.sts-education.com\/no\/high-school\/student-stories\/studenthistorier\/alejandro-valgte-a-studere-i-osterrike\/","title":{"rendered":"Alejandro valgte \u00e5 studere i \u00d8sterrike"},"content":{"rendered":"\n<div class=\"wp-block-sts-text sts-text-editor has-max-width-md\"><div class=\"sts-text-editor__content\"><div class=\"sts-text-editor__content-inner\">\n<h1 style=\"text-align: center\">Alejandro valgte \u00e5 studere i \u00d8sterrike<\/h1>\n<\/div><\/div><\/div>\n\n\n\n<figure class=\"wp-block-sts-image sts-block-image sts-block-image--count-1 has-max-width-lg\" data-count=\"1\"><div class=\"sts-block-image__grid\"><div class=\"sts-block-image__item\"><picture class=\"sts-responsive-image has-fit-cover has-pos-top is-skeleton\"><source media=\"(max-width: 834.98px)\" srcset=\"https:\/\/powered-by.qbank.se\/educatius\/sts\/7566e16caca64683927ae8657adbf956_1-1-thumb.webp 150w, https:\/\/powered-by.qbank.se\/educatius\/sts\/7566e16caca64683927ae8657adbf956_1-1-xsmall.webp 500w, https:\/\/powered-by.qbank.se\/educatius\/sts\/7566e16caca64683927ae8657adbf956_1-1-small.webp 800w, https:\/\/powered-by.qbank.se\/educatius\/sts\/7566e16caca64683927ae8657adbf956_1-1-medium.webp 1024w, https:\/\/powered-by.qbank.se\/educatius\/sts\/7566e16caca64683927ae8657adbf956_1-1-large.webp 1536w\" sizes=\"(max-width: 768px) 100vw, (max-width: 1200px) 100vw, 1200px\" type=\"image\/webp\"\/><source media=\"(min-width: 835px)\" srcset=\"https:\/\/powered-by.qbank.se\/educatius\/sts\/7566e16caca64683927ae8657adbf956_16-9-small.webp 800w, https:\/\/powered-by.qbank.se\/educatius\/sts\/7566e16caca64683927ae8657adbf956_16-9-medium.webp 1024w, https:\/\/powered-by.qbank.se\/educatius\/sts\/7566e16caca64683927ae8657adbf956_16-9-large.webp 1536w\" sizes=\"(max-width: 768px) 100vw, (max-width: 1200px) 100vw, 1200px\" type=\"image\/webp\"\/><img src=\"https:\/\/powered-by.qbank.se\/educatius\/sts\/7566e16caca64683927ae8657adbf956_1-1-thumb.webp\" alt=\"Alejandro valgte \u00e5 studere i \u00d8sterrike\" loading=\"lazy\" decoding=\"async\" fetchpriority=\"low\" style=\"object-position:top\"\/><\/picture><\/div><\/div><\/figure>\n\n\n\n<div class=\"wp-block-sts-text sts-text-editor has-max-width-md\"><div class=\"sts-text-editor__content\"><div class=\"sts-text-editor__content-inner\">\n<p><em>Alejandro fra Monterrey i Mexico dro p\u00e5 utveksling til \u00d8sterrike.<\/em><\/p>\n<h2>Hvorfor bestemte du deg for \u00e5 dra p\u00e5 utveksling?<\/h2>\n<p>Jeg bestemte meg for \u00e5 dra til \u00d8sterrike som utvekslingsstudent i ett \u00e5r fordi det virket veldig morsomt og spennende. N\u00e5 har jeg v\u00e6rt i \u00d8sterrike i nesten ett \u00e5r, og om mindre enn to uker skal jeg endelig reise hjem til familien min.<\/p>\n<\/div><\/div><\/div>\n\n\n\n<div class=\"wp-block-sts-text sts-text-editor has-max-width-md\"><div class=\"sts-text-editor__content\"><div class=\"sts-text-editor__content-inner\">\n<h2>Ny l\u00e6rdom<\/h2>\n<p>Dette \u00e5ret har v\u00e6rt veldig interessant og morsomt. Jeg har l\u00e6rt mye nytt og m\u00f8tt mange nye mennesker. Skolen var veldig hyggelig, og jeg fikk ogs\u00e5 raskt mange nye venner. I l\u00f8pet av \u00e5ret har jeg m\u00f8tt mange utfordringer &#8211; noen lette og noen veldig vanskelige &#8211; men det har v\u00e6rt g\u00f8y fordi jeg har l\u00e6rt noe nytt av hver eneste utfordring.<\/p>\n<h2>Favorittminner<\/h2>\n<p>I l\u00f8pet av \u00e5ret hadde jeg det ogs\u00e5 veldig g\u00f8y p\u00e5 ski med vennene mine om vinteren, p\u00e5 bassengpartyer om sommeren og p\u00e5 mange \u00f8sterrikske festivaler. Jeg kommer aldri til \u00e5 glemme f\u00f8lelsen av \u00e5 spise schnitzel p\u00e5 toppen av et fjell sammen med vertsfamilien min og \u00e5 bli en bedre skikj\u00f8rer. Det var ogs\u00e5 veldig g\u00f8y \u00e5 g\u00e5 ut med venner, siden det nesten alltid var noe spennende \u00e5 gj\u00f8re. De \u00f8sterrikske festivalene var fantastiske; de l\u00e6rte meg mye om kulturen og folket.<\/p>\n<h2>Finn ut mer<\/h2>\n<ul>\n<li>Les flere <a href=\"https:\/\/www.sts-education.com\/no\/high-school\/student-stories\/studenthistorier\/?hashtag=%c3%98sterrike\">studenthistorier fra \u00d8sterrike<\/a><\/li>\n<li>Les mer om <a href=\"https:\/\/www.sts-education.com\/no\/high-school\/destinasjoner\/europa\/osterrike\/\">utveksling p\u00e5 high school i \u00d8sterrike<\/a><\/li>\n<li>Se alle v\u00e5re <a href=\"\/no\/high-school\/tripfinder\/\">utvekslingsdestinasjoner for high school<\/a><\/li>\n<\/ul>\n<\/div><\/div><\/div>\n","protected":false},"excerpt":{"rendered":"","protected":false},"author":20,"featured_media":14060,"comment_status":"open","ping_status":"open","sticky":false,"template":"","format":"standard","meta":{"_acf_changed":false,"_yoast_wpseo_title":"Alejandro valgte \u00e5 studere i \u00d8sterrike","_yoast_wpseo_metadesc":"Jeg bestemte meg for \u00e5 dra til \u00d8sterrike som utvekslingsstudent i ett \u00e5r fordi det virket veldig morsomt og spennende. N\u00e5 har jeg v\u00e6rt i \u00d8sterrike i nesten ett \u00e5r.","footnotes":""},"categories":[275],"tags":[994],"wpw_post_folders":[],"class_list":["post-12118","post","type-post","status-publish","format-standard","has-post-thumbnail","hentry","category-uncategorized-no","tag-sterrike"],"acf":[],"yoast_head":"<!-- This site is optimized with the Yoast SEO Premium plugin v27.2 (Yoast SEO v27.2) - https:\/\/yoast.com\/product\/yoast-seo-premium-wordpress\/ -->\n<title>Alejandro valgte \u00e5 studere i \u00d8sterrike<\/title>\n<meta name=\"description\" content=\"Jeg bestemte meg for \u00e5 dra til \u00d8sterrike som utvekslingsstudent i ett \u00e5r fordi det virket veldig morsomt og spennende. N\u00e5 har jeg v\u00e6rt i \u00d8sterrike i nesten ett \u00e5r.\" \/>\n<meta name=\"robots\" content=\"index, follow, max-snippet:-1, max-image-preview:large, max-video-preview:-1\" \/>\n<link rel=\"canonical\" href=\"https:\/\/www.sts-education.com\/no\/high-school\/student-stories\/studenthistorier\/alejandro-valgte-a-studere-i-osterrike\/\" \/>\n<meta property=\"og:locale\" content=\"nb_NO\" \/>\n<meta property=\"og:type\" content=\"article\" \/>\n<meta property=\"og:title\" content=\"Alejandro valgte \u00e5 studere i \u00d8sterrike\" \/>\n<meta property=\"og:description\" content=\"Jeg bestemte meg for \u00e5 dra til \u00d8sterrike som utvekslingsstudent i ett \u00e5r fordi det virket veldig morsomt og spennende. N\u00e5 har jeg v\u00e6rt i \u00d8sterrike i nesten ett \u00e5r.\" \/>\n<meta property=\"og:url\" content=\"https:\/\/www.sts-education.com\/no\/high-school\/student-stories\/studenthistorier\/alejandro-valgte-a-studere-i-osterrike\/\" \/>\n<meta property=\"og:site_name\" content=\"STS Education\" \/>\n<meta property=\"article:published_time\" content=\"2024-08-05T13:00:00+00:00\" \/>\n<meta property=\"article:modified_time\" content=\"2026-04-29T08:00:48+00:00\" \/>\n<meta property=\"og:image\" content=\"https:\/\/powered-by.qbank.se\/educatius\/sts\/\/7566e16caca64683927ae8657adbf956_1-1-thumb.webp\" \/>\n\t<meta property=\"og:image:width\" content=\"150\" \/>\n\t<meta property=\"og:image:height\" content=\"150\" \/>\n\t<meta property=\"og:image:type\" content=\"image\/png\" \/>\n<meta name=\"author\" content=\"syncreadwrite\" \/>\n<meta name=\"twitter:card\" content=\"summary_large_image\" \/>\n<meta name=\"twitter:label1\" content=\"Skrevet av\" \/>\n\t<meta name=\"twitter:data1\" content=\"syncreadwrite\" \/>\n\t<meta name=\"twitter:label2\" content=\"Ansl. lesetid\" \/>\n\t<meta name=\"twitter:data2\" content=\"2 minutter\" \/>\n<script type=\"application\/ld+json\" class=\"yoast-schema-graph\">{\"@context\":\"https:\/\/schema.org\",\"@graph\":[{\"@type\":\"Article\",\"@id\":\"https:\/\/www.sts-education.com\/no\/high-school\/student-stories\/studenthistorier\/alejandro-valgte-a-studere-i-osterrike\/#article\",\"isPartOf\":{\"@id\":\"https:\/\/www.sts-education.com\/no\/high-school\/student-stories\/studenthistorier\/alejandro-valgte-a-studere-i-osterrike\/\"},\"author\":{\"name\":\"syncreadwrite\",\"@id\":\"https:\/\/www.sts-education.com\/no\/#\/schema\/person\/8b82f3a2e45f020b8f296d7a85d9a97c\"},\"headline\":\"Alejandro valgte \u00e5 studere i \u00d8sterrike\",\"datePublished\":\"2024-08-05T13:00:00+00:00\",\"dateModified\":\"2026-04-29T08:00:48+00:00\",\"mainEntityOfPage\":{\"@id\":\"https:\/\/www.sts-education.com\/no\/high-school\/student-stories\/studenthistorier\/alejandro-valgte-a-studere-i-osterrike\/\"},\"wordCount\":257,\"commentCount\":0,\"image\":{\"@id\":\"https:\/\/www.sts-education.com\/no\/high-school\/student-stories\/studenthistorier\/alejandro-valgte-a-studere-i-osterrike\/#primaryimage\"},\"thumbnailUrl\":\"https:\/\/powered-by.qbank.se\/educatius\/sts\/\/7566e16caca64683927ae8657adbf956_1-1-thumb.webp\",\"keywords\":[\"\u00d8sterrike\"],\"articleSection\":[\"Uncategorized @no\"],\"inLanguage\":\"nb-NO\",\"potentialAction\":[{\"@type\":\"CommentAction\",\"name\":\"Comment\",\"target\":[\"https:\/\/www.sts-education.com\/no\/high-school\/student-stories\/studenthistorier\/alejandro-valgte-a-studere-i-osterrike\/#respond\"]}]},{\"@type\":\"WebPage\",\"@id\":\"https:\/\/www.sts-education.com\/no\/high-school\/student-stories\/studenthistorier\/alejandro-valgte-a-studere-i-osterrike\/\",\"url\":\"https:\/\/www.sts-education.com\/no\/high-school\/student-stories\/studenthistorier\/alejandro-valgte-a-studere-i-osterrike\/\",\"name\":\"Alejandro valgte \u00e5 studere i \u00d8sterrike\",\"isPartOf\":{\"@id\":\"https:\/\/www.sts-education.com\/no\/#website\"},\"primaryImageOfPage\":{\"@id\":\"https:\/\/www.sts-education.com\/no\/high-school\/student-stories\/studenthistorier\/alejandro-valgte-a-studere-i-osterrike\/#primaryimage\"},\"image\":{\"@id\":\"https:\/\/www.sts-education.com\/no\/high-school\/student-stories\/studenthistorier\/alejandro-valgte-a-studere-i-osterrike\/#primaryimage\"},\"thumbnailUrl\":\"https:\/\/powered-by.qbank.se\/educatius\/sts\/\/7566e16caca64683927ae8657adbf956_1-1-thumb.webp\",\"datePublished\":\"2024-08-05T13:00:00+00:00\",\"dateModified\":\"2026-04-29T08:00:48+00:00\",\"author\":{\"@id\":\"https:\/\/www.sts-education.com\/no\/#\/schema\/person\/8b82f3a2e45f020b8f296d7a85d9a97c\"},\"description\":\"Jeg bestemte meg for \u00e5 dra til \u00d8sterrike som utvekslingsstudent i ett \u00e5r fordi det virket veldig morsomt og spennende. N\u00e5 har jeg v\u00e6rt i \u00d8sterrike i nesten ett \u00e5r.\",\"breadcrumb\":{\"@id\":\"https:\/\/www.sts-education.com\/no\/high-school\/student-stories\/studenthistorier\/alejandro-valgte-a-studere-i-osterrike\/#breadcrumb\"},\"inLanguage\":\"nb-NO\",\"potentialAction\":[{\"@type\":\"ReadAction\",\"target\":[\"https:\/\/www.sts-education.com\/no\/high-school\/student-stories\/studenthistorier\/alejandro-valgte-a-studere-i-osterrike\/\"]}]},{\"@type\":\"ImageObject\",\"inLanguage\":\"nb-NO\",\"@id\":\"https:\/\/www.sts-education.com\/no\/high-school\/student-stories\/studenthistorier\/alejandro-valgte-a-studere-i-osterrike\/#primaryimage\",\"url\":\"https:\/\/powered-by.qbank.se\/educatius\/sts\/\/7566e16caca64683927ae8657adbf956_1-1-thumb.webp\",\"contentUrl\":\"https:\/\/powered-by.qbank.se\/educatius\/sts\/\/7566e16caca64683927ae8657adbf956_1-1-thumb.webp\",\"width\":150,\"height\":150},{\"@type\":\"BreadcrumbList\",\"@id\":\"https:\/\/www.sts-education.com\/no\/high-school\/student-stories\/studenthistorier\/alejandro-valgte-a-studere-i-osterrike\/#breadcrumb\",\"itemListElement\":[{\"@type\":\"ListItem\",\"position\":1,\"name\":\"Home\",\"item\":\"https:\/\/www.sts-education.com\/no\/\"},{\"@type\":\"ListItem\",\"position\":2,\"name\":\"Alejandro valgte \u00e5 studere i \u00d8sterrike\"}]},{\"@type\":\"WebSite\",\"@id\":\"https:\/\/www.sts-education.com\/no\/#website\",\"url\":\"https:\/\/www.sts-education.com\/no\/\",\"name\":\"STS Education\",\"description\":\"\",\"potentialAction\":[{\"@type\":\"SearchAction\",\"target\":{\"@type\":\"EntryPoint\",\"urlTemplate\":\"https:\/\/www.sts-education.com\/no\/?s={search_term_string}\"},\"query-input\":{\"@type\":\"PropertyValueSpecification\",\"valueRequired\":true,\"valueName\":\"search_term_string\"}}],\"inLanguage\":\"nb-NO\"},{\"@type\":\"Person\",\"@id\":\"https:\/\/www.sts-education.com\/no\/#\/schema\/person\/8b82f3a2e45f020b8f296d7a85d9a97c\",\"name\":\"syncreadwrite\",\"image\":{\"@type\":\"ImageObject\",\"inLanguage\":\"nb-NO\",\"@id\":\"https:\/\/secure.gravatar.com\/avatar\/6ed1007e4f6f43f22e3df41d9fce4365533cba47fef64bb359b8e629abbc2ea6?s=96&d=mm&r=g\",\"url\":\"https:\/\/secure.gravatar.com\/avatar\/6ed1007e4f6f43f22e3df41d9fce4365533cba47fef64bb359b8e629abbc2ea6?s=96&d=mm&r=g\",\"contentUrl\":\"https:\/\/secure.gravatar.com\/avatar\/6ed1007e4f6f43f22e3df41d9fce4365533cba47fef64bb359b8e629abbc2ea6?s=96&d=mm&r=g\",\"caption\":\"syncreadwrite\"},\"url\":\"https:\/\/www.sts-education.com\/no\/author\/syncreadwrite\/\"}]}<\/script>\n<!-- \/ Yoast SEO Premium plugin. -->","yoast_head_json":{"title":"Alejandro valgte \u00e5 studere i \u00d8sterrike","description":"Jeg bestemte meg for \u00e5 dra til \u00d8sterrike som utvekslingsstudent i ett \u00e5r fordi det virket veldig morsomt og spennende. N\u00e5 har jeg v\u00e6rt i \u00d8sterrike i nesten ett \u00e5r.","robots":{"index":"index","follow":"follow","max-snippet":"max-snippet:-1","max-image-preview":"max-image-preview:large","max-video-preview":"max-video-preview:-1"},"canonical":"https:\/\/www.sts-education.com\/no\/high-school\/student-stories\/studenthistorier\/alejandro-valgte-a-studere-i-osterrike\/","og_locale":"nb_NO","og_type":"article","og_title":"Alejandro valgte \u00e5 studere i \u00d8sterrike","og_description":"Jeg bestemte meg for \u00e5 dra til \u00d8sterrike som utvekslingsstudent i ett \u00e5r fordi det virket veldig morsomt og spennende. N\u00e5 har jeg v\u00e6rt i \u00d8sterrike i nesten ett \u00e5r.","og_url":"https:\/\/www.sts-education.com\/no\/high-school\/student-stories\/studenthistorier\/alejandro-valgte-a-studere-i-osterrike\/","og_site_name":"STS Education","article_published_time":"2024-08-05T13:00:00+00:00","article_modified_time":"2026-04-29T08:00:48+00:00","og_image":[{"width":150,"height":150,"url":"https:\/\/powered-by.qbank.se\/educatius\/sts\/\/7566e16caca64683927ae8657adbf956_1-1-thumb.webp","type":"image\/png"}],"author":"syncreadwrite","twitter_card":"summary_large_image","twitter_misc":{"Skrevet av":"syncreadwrite","Ansl. lesetid":"2 minutter"},"schema":{"@context":"https:\/\/schema.org","@graph":[{"@type":"Article","@id":"https:\/\/www.sts-education.com\/no\/high-school\/student-stories\/studenthistorier\/alejandro-valgte-a-studere-i-osterrike\/#article","isPartOf":{"@id":"https:\/\/www.sts-education.com\/no\/high-school\/student-stories\/studenthistorier\/alejandro-valgte-a-studere-i-osterrike\/"},"author":{"name":"syncreadwrite","@id":"https:\/\/www.sts-education.com\/no\/#\/schema\/person\/8b82f3a2e45f020b8f296d7a85d9a97c"},"headline":"Alejandro valgte \u00e5 studere i \u00d8sterrike","datePublished":"2024-08-05T13:00:00+00:00","dateModified":"2026-04-29T08:00:48+00:00","mainEntityOfPage":{"@id":"https:\/\/www.sts-education.com\/no\/high-school\/student-stories\/studenthistorier\/alejandro-valgte-a-studere-i-osterrike\/"},"wordCount":257,"commentCount":0,"image":{"@id":"https:\/\/www.sts-education.com\/no\/high-school\/student-stories\/studenthistorier\/alejandro-valgte-a-studere-i-osterrike\/#primaryimage"},"thumbnailUrl":"https:\/\/powered-by.qbank.se\/educatius\/sts\/\/7566e16caca64683927ae8657adbf956_1-1-thumb.webp","keywords":["\u00d8sterrike"],"articleSection":["Uncategorized @no"],"inLanguage":"nb-NO","potentialAction":[{"@type":"CommentAction","name":"Comment","target":["https:\/\/www.sts-education.com\/no\/high-school\/student-stories\/studenthistorier\/alejandro-valgte-a-studere-i-osterrike\/#respond"]}]},{"@type":"WebPage","@id":"https:\/\/www.sts-education.com\/no\/high-school\/student-stories\/studenthistorier\/alejandro-valgte-a-studere-i-osterrike\/","url":"https:\/\/www.sts-education.com\/no\/high-school\/student-stories\/studenthistorier\/alejandro-valgte-a-studere-i-osterrike\/","name":"Alejandro valgte \u00e5 studere i \u00d8sterrike","isPartOf":{"@id":"https:\/\/www.sts-education.com\/no\/#website"},"primaryImageOfPage":{"@id":"https:\/\/www.sts-education.com\/no\/high-school\/student-stories\/studenthistorier\/alejandro-valgte-a-studere-i-osterrike\/#primaryimage"},"image":{"@id":"https:\/\/www.sts-education.com\/no\/high-school\/student-stories\/studenthistorier\/alejandro-valgte-a-studere-i-osterrike\/#primaryimage"},"thumbnailUrl":"https:\/\/powered-by.qbank.se\/educatius\/sts\/\/7566e16caca64683927ae8657adbf956_1-1-thumb.webp","datePublished":"2024-08-05T13:00:00+00:00","dateModified":"2026-04-29T08:00:48+00:00","author":{"@id":"https:\/\/www.sts-education.com\/no\/#\/schema\/person\/8b82f3a2e45f020b8f296d7a85d9a97c"},"description":"Jeg bestemte meg for \u00e5 dra til \u00d8sterrike som utvekslingsstudent i ett \u00e5r fordi det virket veldig morsomt og spennende. N\u00e5 har jeg v\u00e6rt i \u00d8sterrike i nesten ett \u00e5r.","breadcrumb":{"@id":"https:\/\/www.sts-education.com\/no\/high-school\/student-stories\/studenthistorier\/alejandro-valgte-a-studere-i-osterrike\/#breadcrumb"},"inLanguage":"nb-NO","potentialAction":[{"@type":"ReadAction","target":["https:\/\/www.sts-education.com\/no\/high-school\/student-stories\/studenthistorier\/alejandro-valgte-a-studere-i-osterrike\/"]}]},{"@type":"ImageObject","inLanguage":"nb-NO","@id":"https:\/\/www.sts-education.com\/no\/high-school\/student-stories\/studenthistorier\/alejandro-valgte-a-studere-i-osterrike\/#primaryimage","url":"https:\/\/powered-by.qbank.se\/educatius\/sts\/\/7566e16caca64683927ae8657adbf956_1-1-thumb.webp","contentUrl":"https:\/\/powered-by.qbank.se\/educatius\/sts\/\/7566e16caca64683927ae8657adbf956_1-1-thumb.webp","width":150,"height":150},{"@type":"BreadcrumbList","@id":"https:\/\/www.sts-education.com\/no\/high-school\/student-stories\/studenthistorier\/alejandro-valgte-a-studere-i-osterrike\/#breadcrumb","itemListElement":[{"@type":"ListItem","position":1,"name":"Home","item":"https:\/\/www.sts-education.com\/no\/"},{"@type":"ListItem","position":2,"name":"Alejandro valgte \u00e5 studere i \u00d8sterrike"}]},{"@type":"WebSite","@id":"https:\/\/www.sts-education.com\/no\/#website","url":"https:\/\/www.sts-education.com\/no\/","name":"STS Education","description":"","potentialAction":[{"@type":"SearchAction","target":{"@type":"EntryPoint","urlTemplate":"https:\/\/www.sts-education.com\/no\/?s={search_term_string}"},"query-input":{"@type":"PropertyValueSpecification","valueRequired":true,"valueName":"search_term_string"}}],"inLanguage":"nb-NO"},{"@type":"Person","@id":"https:\/\/www.sts-education.com\/no\/#\/schema\/person\/8b82f3a2e45f020b8f296d7a85d9a97c","name":"syncreadwrite","image":{"@type":"ImageObject","inLanguage":"nb-NO","@id":"https:\/\/secure.gravatar.com\/avatar\/6ed1007e4f6f43f22e3df41d9fce4365533cba47fef64bb359b8e629abbc2ea6?s=96&d=mm&r=g","url":"https:\/\/secure.gravatar.com\/avatar\/6ed1007e4f6f43f22e3df41d9fce4365533cba47fef64bb359b8e629abbc2ea6?s=96&d=mm&r=g","contentUrl":"https:\/\/secure.gravatar.com\/avatar\/6ed1007e4f6f43f22e3df41d9fce4365533cba47fef64bb359b8e629abbc2ea6?s=96&d=mm&r=g","caption":"syncreadwrite"},"url":"https:\/\/www.sts-education.com\/no\/author\/syncreadwrite\/"}]}},"_links":{"self":[{"href":"https:\/\/www.sts-education.com\/no\/wp-json\/wp\/v2\/posts\/12118","targetHints":{"allow":["GET"]}}],"collection":[{"href":"https:\/\/www.sts-education.com\/no\/wp-json\/wp\/v2\/posts"}],"about":[{"href":"https:\/\/www.sts-education.com\/no\/wp-json\/wp\/v2\/types\/post"}],"author":[{"embeddable":true,"href":"https:\/\/www.sts-education.com\/no\/wp-json\/wp\/v2\/users\/20"}],"replies":[{"embeddable":true,"href":"https:\/\/www.sts-education.com\/no\/wp-json\/wp\/v2\/comments?post=12118"}],"version-history":[{"count":6,"href":"https:\/\/www.sts-education.com\/no\/wp-json\/wp\/v2\/posts\/12118\/revisions"}],"predecessor-version":[{"id":43568,"href":"https:\/\/www.sts-education.com\/no\/wp-json\/wp\/v2\/posts\/12118\/revisions\/43568"}],"wp:featuredmedia":[{"embeddable":true,"href":"https:\/\/www.sts-education.com\/no\/wp-json\/wp\/v2\/media\/14060"}],"wp:attachment":[{"href":"https:\/\/www.sts-education.com\/no\/wp-json\/wp\/v2\/media?parent=12118"}],"wp:term":[{"taxonomy":"category","embeddable":true,"href":"https:\/\/www.sts-education.com\/no\/wp-json\/wp\/v2\/categories?post=12118"},{"taxonomy":"post_tag","embeddable":true,"href":"https:\/\/www.sts-education.com\/no\/wp-json\/wp\/v2\/tags?post=12118"},{"taxonomy":"wpw_post_folders","embeddable":true,"href":"https:\/\/www.sts-education.com\/no\/wp-json\/wp\/v2\/wpw_post_folders?post=12118"}],"curies":[{"name":"wp","href":"https:\/\/api.w.org\/{rel}","templated":true}]}}