{"id":12119,"date":"2024-08-05T16:00:00","date_gmt":"2024-08-05T14:00:00","guid":{"rendered":"https:\/\/preprod.sts-education.com\/blog\/2026\/03\/05\/mauricio-studerte-pa-high-school-i-osterrike\/"},"modified":"2026-04-29T10:02:47","modified_gmt":"2026-04-29T08:02:47","slug":"mauricio-studerte-pa-high-school-i-osterrike","status":"publish","type":"post","link":"https:\/\/www.sts-education.com\/no\/high-school\/student-stories\/studenthistorier\/mauricio-studerte-pa-high-school-i-osterrike\/","title":{"rendered":"Mauricio studerte p\u00e5 High School i \u00d8sterrike"},"content":{"rendered":"\n<div class=\"wp-block-sts-text sts-text-editor has-max-width-md\"><div class=\"sts-text-editor__content\"><div class=\"sts-text-editor__content-inner\">\n<h1 style=\"text-align: center\">Mauricio studerte p\u00e5 High School i \u00d8sterrike<\/h1>\n<\/div><\/div><\/div>\n\n\n\n<figure class=\"wp-block-sts-image sts-block-image sts-block-image--count-1 has-max-width-lg\" data-count=\"1\"><div class=\"sts-block-image__grid\"><div class=\"sts-block-image__item\"><picture class=\"sts-responsive-image has-fit-cover has-pos-top is-skeleton\"><source media=\"(max-width: 834.98px)\" srcset=\"https:\/\/powered-by.qbank.se\/educatius\/sts\/86754fe3e63a20d8f832b9e46dd1519e_1-1-thumb.webp 150w, https:\/\/powered-by.qbank.se\/educatius\/sts\/86754fe3e63a20d8f832b9e46dd1519e_1-1-xsmall.webp 500w, https:\/\/powered-by.qbank.se\/educatius\/sts\/86754fe3e63a20d8f832b9e46dd1519e_1-1-small.webp 800w, https:\/\/powered-by.qbank.se\/educatius\/sts\/86754fe3e63a20d8f832b9e46dd1519e_1-1-medium.webp 1024w, https:\/\/powered-by.qbank.se\/educatius\/sts\/86754fe3e63a20d8f832b9e46dd1519e_1-1-large.webp 1536w\" sizes=\"(max-width: 768px) 100vw, (max-width: 1200px) 100vw, 1200px\" type=\"image\/webp\"\/><source media=\"(min-width: 835px)\" srcset=\"https:\/\/powered-by.qbank.se\/educatius\/sts\/86754fe3e63a20d8f832b9e46dd1519e_16-9-small.webp 800w, https:\/\/powered-by.qbank.se\/educatius\/sts\/86754fe3e63a20d8f832b9e46dd1519e_16-9-medium.webp 1024w, https:\/\/powered-by.qbank.se\/educatius\/sts\/86754fe3e63a20d8f832b9e46dd1519e_16-9-large.webp 1536w\" sizes=\"(max-width: 768px) 100vw, (max-width: 1200px) 100vw, 1200px\" type=\"image\/webp\"\/><img src=\"https:\/\/powered-by.qbank.se\/educatius\/sts\/86754fe3e63a20d8f832b9e46dd1519e_1-1-thumb.webp\" alt=\"Mauricio studerte p\u00e5 high school i \u00d8sterrike\" loading=\"lazy\" decoding=\"async\" fetchpriority=\"low\" style=\"object-position:top\"\/><\/picture><\/div><\/div><\/figure>\n\n\n\n<div class=\"wp-block-sts-text sts-text-editor has-max-width-md\"><div class=\"sts-text-editor__content\"><div class=\"sts-text-editor__content-inner\">\n<p><em>Mauricio fra Mexico dro p\u00e5 utveksling til \u00d8sterrike.<\/em><\/p>\n<\/div><\/div><\/div>\n\n\n\n<div class=\"wp-block-sts-text sts-text-editor has-max-width-md\"><div class=\"sts-text-editor__content\"><div class=\"sts-text-editor__content-inner\">\n<h2>Besluttet \u00e5 dra p\u00e5 utveksling med STS<\/h2>\n<p>I \u00e5r fikk jeg den utrolige muligheten til \u00e5 tilbringe et \u00e5r p\u00e5 utveksling i \u00d8sterrike. Det var en uforglemmelig opplevelse som varte et helt skole\u00e5r, fra september til juni. Jeg valgte \u00e5 dra p\u00e5 utveksling fordi jeg \u00f8nsket \u00e5 oppleve noe annerledes f\u00f8r jeg var ferdig med high school, noe som ville gi meg mulighet til \u00e5 vokse b\u00e5de personlig og akademisk. Broren min var ogs\u00e5 med p\u00e5 \u00e5 p\u00e5virke valget av utvekslings\u00e5r, siden han ogs\u00e5 var p\u00e5 utveksling.<\/p>\n<p>Jeg valgte \u00d8sterrike av flere grunner. Jeg har alltid v\u00e6rt fascinert av kulturen, historien og, selvf\u00f8lgelig, det fantastiske alpelandskapet. I tillegg \u00f8nsket jeg \u00e5 l\u00e6re meg tysk og fordype meg i en europeisk kultur som var forskjellig fra min egen.<\/p>\n<p>Jeg valgte STS fordi de hadde gode anbefalinger og en organisert prosess. Dessuten var broren min p\u00e5 utveksling tre \u00e5r f\u00f8r meg. Jeg er veldig forn\u00f8yd med dem; de gjorde hele prosessen smidig og var tilgjengelige for eventuelle sp\u00f8rsm\u00e5l eller problemer som oppsto.<\/p>\n<p>Jeg syntes ogs\u00e5 at skolen var ganske enkel takket v\u00e6re hjelpen fra STS, utvekslingsorganisasjonen jeg reiste med. De tok seg av alt, fra p\u00e5melding til \u00e5 finne en vertsfamilie.<\/p>\n<h2>\u00c5 finne nye hobbyer<\/h2>\n<p>P\u00e5 fritiden oppdaget jeg hvor glad jeg er i \u00e5 trene og ta vare p\u00e5 kroppen min, og jeg drev med mange aktiviteter som l\u00f8ping, klatring og vandring. Jeg l\u00e6rte meg \u00e5 st\u00e5 p\u00e5 ski i Alpene, noe jeg aldri hadde gjort f\u00f8r. Jeg tok ogs\u00e5 surfekurs og l\u00e6rte mye om kulturen og maten.<\/p>\n<h2>\u00c5 skape nye vennskaper<\/h2>\n<p>\u00c5 f\u00e5 venner var en blanding av lett og vanskelig. Til \u00e5 begynne med var spr\u00e5kbarrieren en utfordring, men med tiden og mye trening ble tysken min bedre, og jeg klarte \u00e5 kommunisere bedre. Klassekameratene mine var veldig vennlige og hjalp meg mye. Jeg m\u00f8tte ogs\u00e5 andre venner fra hjemlandet mitt, og de ble s\u00e5 n\u00e6re at det var vanskelig \u00e5 ta farvel.<\/p>\n<h2>Kulturforskjeller &#8211; \u00d8sterrike vs. Mexico<\/h2>\n<p>Forskjellene mellom \u00d8sterrike og Mexico var betydelige. Livstempoet, maten, skikkene og selvf\u00f8lgelig spr\u00e5ket var veldig forskjellig. Men det var nettopp disse forskjellene som gjorde opplevelsen s\u00e5 berikende.<\/p>\n<h2>Forventninger<\/h2>\n<p>Utvekslings\u00e5ret mitt ble ikke helt som jeg hadde forventet, men mye bedre. Det var noen utfordringer, som \u00e5 tilpasse seg spr\u00e5ket og klimaet, men jeg overvant dem med t\u00e5lmodighet og innsats. Jeg l\u00e6rte \u00e5 bli mer selvstendig og \u00e5 tilpasse meg nye og uvante situasjoner.<\/p>\n<h2>De positive sidene ved \u00e5 dra p\u00e5 utveksling<\/h2>\n<p>Det beste med utvekslingsoppholdet var vennskapene jeg knyttet, de nye ferdighetene jeg tilegnet meg, og de unike opplevelsene jeg fikk.<\/p>\n<p>Jeg anbefaler absolutt \u00e5 dra p\u00e5 utveksling p\u00e5 videreg\u00e5ende skole. \u00c5 studere i utlandet \u00e5pner sinnet ditt, utfordrer deg og lar deg vokse p\u00e5 m\u00e5ter du aldri hadde forestilt deg. Hvis noen spurte meg om r\u00e5d, ville jeg sagt at de skulle forberede seg p\u00e5 utfordringer, men samtidig nyte hvert \u00f8yeblikk. Jeg skulle kanskje ha studert mer tysk f\u00f8r jeg dro, men jeg er forn\u00f8yd med hvordan alt ble.<\/p>\n<p>Jeg er sikker p\u00e5 at utvekslingsoppholdet vil p\u00e5virke fremtiden min positivt. Jeg har f\u00e5tt selvtillit, interkulturelle ferdigheter og et tredje spr\u00e5k som jeg helt sikkert kommer til \u00e5 ha nytte av b\u00e5de i yrkeslivet og privat.<\/p>\n<p>Oppsummert var utvekslings\u00e5ret mitt i \u00d8sterrike med STS en omveltende og sterkt anbefalt opplevelse. Hvis du har muligheten, ikke n\u00f8l, og v\u00e5g \u00e5 leve et slikt eventyr!<\/p>\n<h2>Finn ut mer<\/h2>\n<ul>\n<li>Les flere <a href=\"https:\/\/www.sts-education.com\/no\/high-school\/student-stories\/studenthistorier\/?hashtag=%c3%98sterrike\">studenthistorier fra \u00d8sterrike<\/a><\/li>\n<li>Les mer om <a href=\"https:\/\/www.sts-education.com\/no\/high-school\/destinasjoner\/europa\/osterrike\/\">utveksling p\u00e5 high school i \u00d8sterrike<\/a><\/li>\n<li>Se alle v\u00e5re <a href=\"\/no\/high-school\/tripfinder\/\">utvekslingsdestinasjoner for high school<\/a><\/li>\n<\/ul>\n<\/div><\/div><\/div>\n","protected":false},"excerpt":{"rendered":"","protected":false},"author":20,"featured_media":14062,"comment_status":"open","ping_status":"open","sticky":false,"template":"","format":"standard","meta":{"_acf_changed":false,"_yoast_wpseo_title":"Mauricio studerte p\u00e5 high school i \u00d8sterrike","_yoast_wpseo_metadesc":"I \u00e5r fikk jeg den utrolige muligheten til \u00e5 tilbringe et \u00e5r p\u00e5 utveksling i \u00d8sterrike. Det var en uforglemmelig opplevelse som varte et helt skole\u00e5r, fra september til juni.","footnotes":""},"categories":[275],"tags":[994],"wpw_post_folders":[],"class_list":["post-12119","post","type-post","status-publish","format-standard","has-post-thumbnail","hentry","category-uncategorized-no","tag-sterrike"],"acf":[],"yoast_head":"<!-- This site is optimized with the Yoast SEO Premium plugin v27.2 (Yoast SEO v27.2) - https:\/\/yoast.com\/product\/yoast-seo-premium-wordpress\/ -->\n<title>Mauricio studerte p\u00e5 high school i \u00d8sterrike<\/title>\n<meta name=\"description\" content=\"I \u00e5r fikk jeg den utrolige muligheten til \u00e5 tilbringe et \u00e5r p\u00e5 utveksling i \u00d8sterrike. Det var en uforglemmelig opplevelse som varte et helt skole\u00e5r, fra september til juni.\" \/>\n<meta name=\"robots\" content=\"index, follow, max-snippet:-1, max-image-preview:large, max-video-preview:-1\" \/>\n<link rel=\"canonical\" href=\"https:\/\/www.sts-education.com\/no\/high-school\/student-stories\/studenthistorier\/mauricio-studerte-pa-high-school-i-osterrike\/\" \/>\n<meta property=\"og:locale\" content=\"nb_NO\" \/>\n<meta property=\"og:type\" content=\"article\" \/>\n<meta property=\"og:title\" content=\"Mauricio studerte p\u00e5 High School i \u00d8sterrike\" \/>\n<meta property=\"og:description\" content=\"I \u00e5r fikk jeg den utrolige muligheten til \u00e5 tilbringe et \u00e5r p\u00e5 utveksling i \u00d8sterrike. Det var en uforglemmelig opplevelse som varte et helt skole\u00e5r, fra september til juni.\" \/>\n<meta property=\"og:url\" content=\"https:\/\/www.sts-education.com\/no\/high-school\/student-stories\/studenthistorier\/mauricio-studerte-pa-high-school-i-osterrike\/\" \/>\n<meta property=\"og:site_name\" content=\"STS Education\" \/>\n<meta property=\"article:published_time\" content=\"2024-08-05T14:00:00+00:00\" \/>\n<meta property=\"article:modified_time\" content=\"2026-04-29T08:02:47+00:00\" \/>\n<meta property=\"og:image\" content=\"https:\/\/powered-by.qbank.se\/educatius\/sts\/\/86754fe3e63a20d8f832b9e46dd1519e_1-1-thumb.webp\" \/>\n\t<meta property=\"og:image:width\" content=\"150\" \/>\n\t<meta property=\"og:image:height\" content=\"150\" \/>\n\t<meta property=\"og:image:type\" content=\"image\/png\" \/>\n<meta name=\"author\" content=\"syncreadwrite\" \/>\n<meta name=\"twitter:card\" content=\"summary_large_image\" \/>\n<meta name=\"twitter:label1\" content=\"Skrevet av\" \/>\n\t<meta name=\"twitter:data1\" content=\"syncreadwrite\" \/>\n\t<meta name=\"twitter:label2\" content=\"Ansl. lesetid\" \/>\n\t<meta name=\"twitter:data2\" content=\"4 minutter\" \/>\n<script type=\"application\/ld+json\" class=\"yoast-schema-graph\">{\"@context\":\"https:\/\/schema.org\",\"@graph\":[{\"@type\":\"Article\",\"@id\":\"https:\/\/www.sts-education.com\/no\/high-school\/student-stories\/studenthistorier\/mauricio-studerte-pa-high-school-i-osterrike\/#article\",\"isPartOf\":{\"@id\":\"https:\/\/www.sts-education.com\/no\/high-school\/student-stories\/studenthistorier\/mauricio-studerte-pa-high-school-i-osterrike\/\"},\"author\":{\"name\":\"syncreadwrite\",\"@id\":\"https:\/\/www.sts-education.com\/no\/#\/schema\/person\/8b82f3a2e45f020b8f296d7a85d9a97c\"},\"headline\":\"Mauricio studerte p\u00e5 High School i \u00d8sterrike\",\"datePublished\":\"2024-08-05T14:00:00+00:00\",\"dateModified\":\"2026-04-29T08:02:47+00:00\",\"mainEntityOfPage\":{\"@id\":\"https:\/\/www.sts-education.com\/no\/high-school\/student-stories\/studenthistorier\/mauricio-studerte-pa-high-school-i-osterrike\/\"},\"wordCount\":624,\"commentCount\":0,\"image\":{\"@id\":\"https:\/\/www.sts-education.com\/no\/high-school\/student-stories\/studenthistorier\/mauricio-studerte-pa-high-school-i-osterrike\/#primaryimage\"},\"thumbnailUrl\":\"https:\/\/powered-by.qbank.se\/educatius\/sts\/\/86754fe3e63a20d8f832b9e46dd1519e_1-1-thumb.webp\",\"keywords\":[\"\u00d8sterrike\"],\"articleSection\":[\"Uncategorized @no\"],\"inLanguage\":\"nb-NO\",\"potentialAction\":[{\"@type\":\"CommentAction\",\"name\":\"Comment\",\"target\":[\"https:\/\/www.sts-education.com\/no\/high-school\/student-stories\/studenthistorier\/mauricio-studerte-pa-high-school-i-osterrike\/#respond\"]}]},{\"@type\":\"WebPage\",\"@id\":\"https:\/\/www.sts-education.com\/no\/high-school\/student-stories\/studenthistorier\/mauricio-studerte-pa-high-school-i-osterrike\/\",\"url\":\"https:\/\/www.sts-education.com\/no\/high-school\/student-stories\/studenthistorier\/mauricio-studerte-pa-high-school-i-osterrike\/\",\"name\":\"Mauricio studerte p\u00e5 high school i \u00d8sterrike\",\"isPartOf\":{\"@id\":\"https:\/\/www.sts-education.com\/no\/#website\"},\"primaryImageOfPage\":{\"@id\":\"https:\/\/www.sts-education.com\/no\/high-school\/student-stories\/studenthistorier\/mauricio-studerte-pa-high-school-i-osterrike\/#primaryimage\"},\"image\":{\"@id\":\"https:\/\/www.sts-education.com\/no\/high-school\/student-stories\/studenthistorier\/mauricio-studerte-pa-high-school-i-osterrike\/#primaryimage\"},\"thumbnailUrl\":\"https:\/\/powered-by.qbank.se\/educatius\/sts\/\/86754fe3e63a20d8f832b9e46dd1519e_1-1-thumb.webp\",\"datePublished\":\"2024-08-05T14:00:00+00:00\",\"dateModified\":\"2026-04-29T08:02:47+00:00\",\"author\":{\"@id\":\"https:\/\/www.sts-education.com\/no\/#\/schema\/person\/8b82f3a2e45f020b8f296d7a85d9a97c\"},\"description\":\"I \u00e5r fikk jeg den utrolige muligheten til \u00e5 tilbringe et \u00e5r p\u00e5 utveksling i \u00d8sterrike. Det var en uforglemmelig opplevelse som varte et helt skole\u00e5r, fra september til juni.\",\"breadcrumb\":{\"@id\":\"https:\/\/www.sts-education.com\/no\/high-school\/student-stories\/studenthistorier\/mauricio-studerte-pa-high-school-i-osterrike\/#breadcrumb\"},\"inLanguage\":\"nb-NO\",\"potentialAction\":[{\"@type\":\"ReadAction\",\"target\":[\"https:\/\/www.sts-education.com\/no\/high-school\/student-stories\/studenthistorier\/mauricio-studerte-pa-high-school-i-osterrike\/\"]}]},{\"@type\":\"ImageObject\",\"inLanguage\":\"nb-NO\",\"@id\":\"https:\/\/www.sts-education.com\/no\/high-school\/student-stories\/studenthistorier\/mauricio-studerte-pa-high-school-i-osterrike\/#primaryimage\",\"url\":\"https:\/\/powered-by.qbank.se\/educatius\/sts\/\/86754fe3e63a20d8f832b9e46dd1519e_1-1-thumb.webp\",\"contentUrl\":\"https:\/\/powered-by.qbank.se\/educatius\/sts\/\/86754fe3e63a20d8f832b9e46dd1519e_1-1-thumb.webp\",\"width\":150,\"height\":150},{\"@type\":\"BreadcrumbList\",\"@id\":\"https:\/\/www.sts-education.com\/no\/high-school\/student-stories\/studenthistorier\/mauricio-studerte-pa-high-school-i-osterrike\/#breadcrumb\",\"itemListElement\":[{\"@type\":\"ListItem\",\"position\":1,\"name\":\"Home\",\"item\":\"https:\/\/www.sts-education.com\/no\/\"},{\"@type\":\"ListItem\",\"position\":2,\"name\":\"Mauricio studerte p\u00e5 High School i \u00d8sterrike\"}]},{\"@type\":\"WebSite\",\"@id\":\"https:\/\/www.sts-education.com\/no\/#website\",\"url\":\"https:\/\/www.sts-education.com\/no\/\",\"name\":\"STS Education\",\"description\":\"\",\"potentialAction\":[{\"@type\":\"SearchAction\",\"target\":{\"@type\":\"EntryPoint\",\"urlTemplate\":\"https:\/\/www.sts-education.com\/no\/?s={search_term_string}\"},\"query-input\":{\"@type\":\"PropertyValueSpecification\",\"valueRequired\":true,\"valueName\":\"search_term_string\"}}],\"inLanguage\":\"nb-NO\"},{\"@type\":\"Person\",\"@id\":\"https:\/\/www.sts-education.com\/no\/#\/schema\/person\/8b82f3a2e45f020b8f296d7a85d9a97c\",\"name\":\"syncreadwrite\",\"image\":{\"@type\":\"ImageObject\",\"inLanguage\":\"nb-NO\",\"@id\":\"https:\/\/secure.gravatar.com\/avatar\/6ed1007e4f6f43f22e3df41d9fce4365533cba47fef64bb359b8e629abbc2ea6?s=96&d=mm&r=g\",\"url\":\"https:\/\/secure.gravatar.com\/avatar\/6ed1007e4f6f43f22e3df41d9fce4365533cba47fef64bb359b8e629abbc2ea6?s=96&d=mm&r=g\",\"contentUrl\":\"https:\/\/secure.gravatar.com\/avatar\/6ed1007e4f6f43f22e3df41d9fce4365533cba47fef64bb359b8e629abbc2ea6?s=96&d=mm&r=g\",\"caption\":\"syncreadwrite\"},\"url\":\"https:\/\/www.sts-education.com\/no\/author\/syncreadwrite\/\"}]}<\/script>\n<!-- \/ Yoast SEO Premium plugin. -->","yoast_head_json":{"title":"Mauricio studerte p\u00e5 high school i \u00d8sterrike","description":"I \u00e5r fikk jeg den utrolige muligheten til \u00e5 tilbringe et \u00e5r p\u00e5 utveksling i \u00d8sterrike. Det var en uforglemmelig opplevelse som varte et helt skole\u00e5r, fra september til juni.","robots":{"index":"index","follow":"follow","max-snippet":"max-snippet:-1","max-image-preview":"max-image-preview:large","max-video-preview":"max-video-preview:-1"},"canonical":"https:\/\/www.sts-education.com\/no\/high-school\/student-stories\/studenthistorier\/mauricio-studerte-pa-high-school-i-osterrike\/","og_locale":"nb_NO","og_type":"article","og_title":"Mauricio studerte p\u00e5 High School i \u00d8sterrike","og_description":"I \u00e5r fikk jeg den utrolige muligheten til \u00e5 tilbringe et \u00e5r p\u00e5 utveksling i \u00d8sterrike. Det var en uforglemmelig opplevelse som varte et helt skole\u00e5r, fra september til juni.","og_url":"https:\/\/www.sts-education.com\/no\/high-school\/student-stories\/studenthistorier\/mauricio-studerte-pa-high-school-i-osterrike\/","og_site_name":"STS Education","article_published_time":"2024-08-05T14:00:00+00:00","article_modified_time":"2026-04-29T08:02:47+00:00","og_image":[{"width":150,"height":150,"url":"https:\/\/powered-by.qbank.se\/educatius\/sts\/\/86754fe3e63a20d8f832b9e46dd1519e_1-1-thumb.webp","type":"image\/png"}],"author":"syncreadwrite","twitter_card":"summary_large_image","twitter_misc":{"Skrevet av":"syncreadwrite","Ansl. lesetid":"4 minutter"},"schema":{"@context":"https:\/\/schema.org","@graph":[{"@type":"Article","@id":"https:\/\/www.sts-education.com\/no\/high-school\/student-stories\/studenthistorier\/mauricio-studerte-pa-high-school-i-osterrike\/#article","isPartOf":{"@id":"https:\/\/www.sts-education.com\/no\/high-school\/student-stories\/studenthistorier\/mauricio-studerte-pa-high-school-i-osterrike\/"},"author":{"name":"syncreadwrite","@id":"https:\/\/www.sts-education.com\/no\/#\/schema\/person\/8b82f3a2e45f020b8f296d7a85d9a97c"},"headline":"Mauricio studerte p\u00e5 High School i \u00d8sterrike","datePublished":"2024-08-05T14:00:00+00:00","dateModified":"2026-04-29T08:02:47+00:00","mainEntityOfPage":{"@id":"https:\/\/www.sts-education.com\/no\/high-school\/student-stories\/studenthistorier\/mauricio-studerte-pa-high-school-i-osterrike\/"},"wordCount":624,"commentCount":0,"image":{"@id":"https:\/\/www.sts-education.com\/no\/high-school\/student-stories\/studenthistorier\/mauricio-studerte-pa-high-school-i-osterrike\/#primaryimage"},"thumbnailUrl":"https:\/\/powered-by.qbank.se\/educatius\/sts\/\/86754fe3e63a20d8f832b9e46dd1519e_1-1-thumb.webp","keywords":["\u00d8sterrike"],"articleSection":["Uncategorized @no"],"inLanguage":"nb-NO","potentialAction":[{"@type":"CommentAction","name":"Comment","target":["https:\/\/www.sts-education.com\/no\/high-school\/student-stories\/studenthistorier\/mauricio-studerte-pa-high-school-i-osterrike\/#respond"]}]},{"@type":"WebPage","@id":"https:\/\/www.sts-education.com\/no\/high-school\/student-stories\/studenthistorier\/mauricio-studerte-pa-high-school-i-osterrike\/","url":"https:\/\/www.sts-education.com\/no\/high-school\/student-stories\/studenthistorier\/mauricio-studerte-pa-high-school-i-osterrike\/","name":"Mauricio studerte p\u00e5 high school i \u00d8sterrike","isPartOf":{"@id":"https:\/\/www.sts-education.com\/no\/#website"},"primaryImageOfPage":{"@id":"https:\/\/www.sts-education.com\/no\/high-school\/student-stories\/studenthistorier\/mauricio-studerte-pa-high-school-i-osterrike\/#primaryimage"},"image":{"@id":"https:\/\/www.sts-education.com\/no\/high-school\/student-stories\/studenthistorier\/mauricio-studerte-pa-high-school-i-osterrike\/#primaryimage"},"thumbnailUrl":"https:\/\/powered-by.qbank.se\/educatius\/sts\/\/86754fe3e63a20d8f832b9e46dd1519e_1-1-thumb.webp","datePublished":"2024-08-05T14:00:00+00:00","dateModified":"2026-04-29T08:02:47+00:00","author":{"@id":"https:\/\/www.sts-education.com\/no\/#\/schema\/person\/8b82f3a2e45f020b8f296d7a85d9a97c"},"description":"I \u00e5r fikk jeg den utrolige muligheten til \u00e5 tilbringe et \u00e5r p\u00e5 utveksling i \u00d8sterrike. Det var en uforglemmelig opplevelse som varte et helt skole\u00e5r, fra september til juni.","breadcrumb":{"@id":"https:\/\/www.sts-education.com\/no\/high-school\/student-stories\/studenthistorier\/mauricio-studerte-pa-high-school-i-osterrike\/#breadcrumb"},"inLanguage":"nb-NO","potentialAction":[{"@type":"ReadAction","target":["https:\/\/www.sts-education.com\/no\/high-school\/student-stories\/studenthistorier\/mauricio-studerte-pa-high-school-i-osterrike\/"]}]},{"@type":"ImageObject","inLanguage":"nb-NO","@id":"https:\/\/www.sts-education.com\/no\/high-school\/student-stories\/studenthistorier\/mauricio-studerte-pa-high-school-i-osterrike\/#primaryimage","url":"https:\/\/powered-by.qbank.se\/educatius\/sts\/\/86754fe3e63a20d8f832b9e46dd1519e_1-1-thumb.webp","contentUrl":"https:\/\/powered-by.qbank.se\/educatius\/sts\/\/86754fe3e63a20d8f832b9e46dd1519e_1-1-thumb.webp","width":150,"height":150},{"@type":"BreadcrumbList","@id":"https:\/\/www.sts-education.com\/no\/high-school\/student-stories\/studenthistorier\/mauricio-studerte-pa-high-school-i-osterrike\/#breadcrumb","itemListElement":[{"@type":"ListItem","position":1,"name":"Home","item":"https:\/\/www.sts-education.com\/no\/"},{"@type":"ListItem","position":2,"name":"Mauricio studerte p\u00e5 High School i \u00d8sterrike"}]},{"@type":"WebSite","@id":"https:\/\/www.sts-education.com\/no\/#website","url":"https:\/\/www.sts-education.com\/no\/","name":"STS Education","description":"","potentialAction":[{"@type":"SearchAction","target":{"@type":"EntryPoint","urlTemplate":"https:\/\/www.sts-education.com\/no\/?s={search_term_string}"},"query-input":{"@type":"PropertyValueSpecification","valueRequired":true,"valueName":"search_term_string"}}],"inLanguage":"nb-NO"},{"@type":"Person","@id":"https:\/\/www.sts-education.com\/no\/#\/schema\/person\/8b82f3a2e45f020b8f296d7a85d9a97c","name":"syncreadwrite","image":{"@type":"ImageObject","inLanguage":"nb-NO","@id":"https:\/\/secure.gravatar.com\/avatar\/6ed1007e4f6f43f22e3df41d9fce4365533cba47fef64bb359b8e629abbc2ea6?s=96&d=mm&r=g","url":"https:\/\/secure.gravatar.com\/avatar\/6ed1007e4f6f43f22e3df41d9fce4365533cba47fef64bb359b8e629abbc2ea6?s=96&d=mm&r=g","contentUrl":"https:\/\/secure.gravatar.com\/avatar\/6ed1007e4f6f43f22e3df41d9fce4365533cba47fef64bb359b8e629abbc2ea6?s=96&d=mm&r=g","caption":"syncreadwrite"},"url":"https:\/\/www.sts-education.com\/no\/author\/syncreadwrite\/"}]}},"_links":{"self":[{"href":"https:\/\/www.sts-education.com\/no\/wp-json\/wp\/v2\/posts\/12119","targetHints":{"allow":["GET"]}}],"collection":[{"href":"https:\/\/www.sts-education.com\/no\/wp-json\/wp\/v2\/posts"}],"about":[{"href":"https:\/\/www.sts-education.com\/no\/wp-json\/wp\/v2\/types\/post"}],"author":[{"embeddable":true,"href":"https:\/\/www.sts-education.com\/no\/wp-json\/wp\/v2\/users\/20"}],"replies":[{"embeddable":true,"href":"https:\/\/www.sts-education.com\/no\/wp-json\/wp\/v2\/comments?post=12119"}],"version-history":[{"count":6,"href":"https:\/\/www.sts-education.com\/no\/wp-json\/wp\/v2\/posts\/12119\/revisions"}],"predecessor-version":[{"id":43580,"href":"https:\/\/www.sts-education.com\/no\/wp-json\/wp\/v2\/posts\/12119\/revisions\/43580"}],"wp:featuredmedia":[{"embeddable":true,"href":"https:\/\/www.sts-education.com\/no\/wp-json\/wp\/v2\/media\/14062"}],"wp:attachment":[{"href":"https:\/\/www.sts-education.com\/no\/wp-json\/wp\/v2\/media?parent=12119"}],"wp:term":[{"taxonomy":"category","embeddable":true,"href":"https:\/\/www.sts-education.com\/no\/wp-json\/wp\/v2\/categories?post=12119"},{"taxonomy":"post_tag","embeddable":true,"href":"https:\/\/www.sts-education.com\/no\/wp-json\/wp\/v2\/tags?post=12119"},{"taxonomy":"wpw_post_folders","embeddable":true,"href":"https:\/\/www.sts-education.com\/no\/wp-json\/wp\/v2\/wpw_post_folders?post=12119"}],"curies":[{"name":"wp","href":"https:\/\/api.w.org\/{rel}","templated":true}]}}