{"id":12122,"date":"2024-07-26T08:00:00","date_gmt":"2024-07-26T06:00:00","guid":{"rendered":"https:\/\/preprod.sts-education.com\/blog\/2026\/03\/05\/eline-tilbrakte-en-utvekslingstermin-i-osterrike\/"},"modified":"2026-04-29T10:05:40","modified_gmt":"2026-04-29T08:05:40","slug":"eline-tilbrakte-en-utvekslingstermin-i-osterrike","status":"publish","type":"post","link":"https:\/\/www.sts-education.com\/no\/high-school\/student-stories\/studenthistorier\/eline-tilbrakte-en-utvekslingstermin-i-osterrike\/","title":{"rendered":"Eline tilbragte ett semester i \u00d8sterrike"},"content":{"rendered":"\n<div class=\"wp-block-sts-text sts-text-editor has-max-width-md\"><div class=\"sts-text-editor__content\"><div class=\"sts-text-editor__content-inner\">\n<h1 style=\"text-align: center\">Eline tilbragte ett semester i \u00d8sterrike<\/h1>\n<\/div><\/div><\/div>\n\n\n\n<figure class=\"wp-block-sts-image sts-block-image sts-block-image--count-1 has-max-width-lg\" data-count=\"1\"><div class=\"sts-block-image__grid\"><div class=\"sts-block-image__item\"><picture class=\"sts-responsive-image has-fit-cover has-pos-top is-skeleton\"><source media=\"(max-width: 834.98px)\" srcset=\"https:\/\/powered-by.qbank.se\/educatius\/sts\/a52123d1a17710351a6a1c66dde6b8ee_1-1-thumb.webp 150w, https:\/\/powered-by.qbank.se\/educatius\/sts\/a52123d1a17710351a6a1c66dde6b8ee_1-1-xsmall.webp 500w, https:\/\/powered-by.qbank.se\/educatius\/sts\/a52123d1a17710351a6a1c66dde6b8ee_1-1-small.webp 800w, https:\/\/powered-by.qbank.se\/educatius\/sts\/a52123d1a17710351a6a1c66dde6b8ee_1-1-medium.webp 1024w, https:\/\/powered-by.qbank.se\/educatius\/sts\/a52123d1a17710351a6a1c66dde6b8ee_1-1-large.webp 1536w\" sizes=\"(max-width: 768px) 100vw, (max-width: 1200px) 100vw, 1200px\" type=\"image\/webp\"\/><source media=\"(min-width: 835px)\" srcset=\"https:\/\/powered-by.qbank.se\/educatius\/sts\/a52123d1a17710351a6a1c66dde6b8ee_16-9-small.webp 800w, https:\/\/powered-by.qbank.se\/educatius\/sts\/a52123d1a17710351a6a1c66dde6b8ee_16-9-medium.webp 1024w, https:\/\/powered-by.qbank.se\/educatius\/sts\/a52123d1a17710351a6a1c66dde6b8ee_16-9-large.webp 1536w\" sizes=\"(max-width: 768px) 100vw, (max-width: 1200px) 100vw, 1200px\" type=\"image\/webp\"\/><img src=\"https:\/\/powered-by.qbank.se\/educatius\/sts\/a52123d1a17710351a6a1c66dde6b8ee_1-1-thumb.webp\" alt=\"Eline tilbrakte en utvekslingstermin i \u00d8sterrike\" loading=\"lazy\" decoding=\"async\" fetchpriority=\"low\" style=\"object-position:top\"\/><\/picture><\/div><\/div><\/figure>\n\n\n\n<div class=\"wp-block-sts-text sts-text-editor has-max-width-md\"><div class=\"sts-text-editor__content\"><div class=\"sts-text-editor__content-inner\">\n<p><em>Eline fra Nederland tilbrakte et utvekslingstermin i \u00d8sterrike.<\/em><\/p>\n<p>Jeg tilbrakte utvekslingsterminen min i \u00d8sterrike. Jeg dro til \u00d8sterrike fordi jeg hadde lyst til \u00e5 l\u00e6re meg tysk. Jeg begynte \u00e5 l\u00e6re tysk p\u00e5 skolen og likte spr\u00e5ket veldig godt, men jeg likte ikke \u00e5 studere det fra en bok. Jeg ville l\u00e6re et spr\u00e5k ved \u00e5 bruke det, og det var akkurat det som skjedde i l\u00f8pet av utvekslingsoppholdet mitt.<\/p>\n<\/div><\/div><\/div>\n\n\n\n<div class=\"wp-block-sts-text sts-text-editor has-max-width-md\"><div class=\"sts-text-editor__content\"><div class=\"sts-text-editor__content-inner\">\n<h2>\u00c5 finne seg til rette i skolelivet<\/h2>\n<p>Jeg trivdes veldig godt p\u00e5 skolen. Klassekameratene mine var veldig im\u00f8tekommende og forst\u00e5elsesfulle, og de n\u00f8lte aldri med \u00e5 hjelpe meg n\u00e5r jeg trengte det. L\u00e6rerne mine var ogs\u00e5 veldig hyggelige. Noen ganger var det vanskelig p\u00e5 skolen fordi alt foregikk p\u00e5 tysk, men det ble lettere etter hvert som jeg ble bedre i tysk.<\/p>\n<h2>\u00c5 bo hos en vertsfamilie<\/h2>\n<p>Jeg likte vertsforeldrene mine veldig godt; de var snille og hjelpsomme. De snakker med litt aksent, noe som er normalt i \u00d8sterrike. Dette var til tider utfordrende, men gjorde det ogs\u00e5 morsommere fordi noen ord er annerledes p\u00e5 \u00f8sterriksk tysk.<\/p>\n<h2>Kulturelle forskjeller<\/h2>\n<p>Jeg fikk noen kultursjokk, men de var sm\u00e5 fordi jeg hadde v\u00e6rt i \u00d8sterrike flere ganger f\u00f8r, og det er litt som Nederland. Men noe jeg m\u00e5tte venne meg til, var mangelen p\u00e5 sykling.<\/p>\n<h2>\u00c5rets beste minner<\/h2>\n<p>Et av de beste minnene mine er da jeg gikk p\u00e5 kino med vennene mine. Vi var de eneste som var der og kunne bare tulle og snakke om filmen uten \u00e5 forstyrre noen. Det var en tysk film, og det var ogs\u00e5 fint \u00e5 kunne sp\u00f8rre vennene mine n\u00e5r jeg ikke forsto.<\/p>\n<p>Jeg dro til Wien ganske ofte. Jeg dro med STS, vertsmoren min og venner jeg hadde f\u00e5tt gjennom STS. Jeg bes\u00f8kte ogs\u00e5 julemarkeder og gikk p\u00e5 sk\u00f8yter p\u00e5 Rathausplatz, noe som var g\u00f8y. Mitt beste r\u00e5d: Ikke glem \u00e5 g\u00e5 p\u00e5 julemarkedene!<\/p>\n<h2>R\u00e5d til fremtidige utvekslingsstudenter<\/h2>\n<p>Hvis du lurer p\u00e5 om du b\u00f8r dra p\u00e5 utveksling, s\u00e5 gj\u00f8r det! Det var noe av det beste jeg noen gang har gjort. Det er en livsendrende opplevelse som vil forandre fremtiden din. Du l\u00e6rer s\u00e5 mye! Og det beste av alt er at du l\u00e6rer et annet spr\u00e5k p\u00e5 en veldig morsom m\u00e5te.<\/p>\n<h2>Finn ut mer<\/h2>\n<ul>\n<li>Les flere <a href=\"https:\/\/www.sts-education.com\/no\/high-school\/student-stories\/studenthistorier\/?hashtag=%c3%98sterrike\">studenthistorier fra \u00d8sterrike<\/a><\/li>\n<li>Les mer om <a href=\"https:\/\/www.sts-education.com\/no\/high-school\/destinasjoner\/europa\/osterrike\/\">utveksling p\u00e5 high school i \u00d8sterrike<\/a><\/li>\n<li>Se alle v\u00e5re <a href=\"\/no\/high-school\/tripfinder\/\">utvekslingsdestinasjoner for high school<\/a><\/li>\n<\/ul>\n<\/div><\/div><\/div>\n","protected":false},"excerpt":{"rendered":"","protected":false},"author":20,"featured_media":14068,"comment_status":"open","ping_status":"open","sticky":false,"template":"","format":"standard","meta":{"_acf_changed":false,"_yoast_wpseo_title":"Eline tilbrakte en utvekslingstermin i \u00d8sterrike","_yoast_wpseo_metadesc":"Jeg dro til \u00d8sterrike fordi jeg hadde lyst til \u00e5 l\u00e6re meg tysk. Jeg ville l\u00e6re et spr\u00e5k ved \u00e5 bruke det, og det var akkurat det som skjedde i l\u00f8pet av utvekslingsoppholdet mitt.","footnotes":""},"categories":[275],"tags":[994],"wpw_post_folders":[],"class_list":["post-12122","post","type-post","status-publish","format-standard","has-post-thumbnail","hentry","category-uncategorized-no","tag-sterrike"],"acf":[],"yoast_head":"<!-- This site is optimized with the Yoast SEO Premium plugin v27.2 (Yoast SEO v27.2) - https:\/\/yoast.com\/product\/yoast-seo-premium-wordpress\/ -->\n<title>Eline tilbrakte en utvekslingstermin i \u00d8sterrike<\/title>\n<meta name=\"description\" content=\"Jeg dro til \u00d8sterrike fordi jeg hadde lyst til \u00e5 l\u00e6re meg tysk. Jeg ville l\u00e6re et spr\u00e5k ved \u00e5 bruke det, og det var akkurat det som skjedde i l\u00f8pet av utvekslingsoppholdet mitt.\" \/>\n<meta name=\"robots\" content=\"index, follow, max-snippet:-1, max-image-preview:large, max-video-preview:-1\" \/>\n<link rel=\"canonical\" href=\"https:\/\/www.sts-education.com\/no\/high-school\/student-stories\/studenthistorier\/eline-tilbrakte-en-utvekslingstermin-i-osterrike\/\" \/>\n<meta property=\"og:locale\" content=\"nb_NO\" \/>\n<meta property=\"og:type\" content=\"article\" \/>\n<meta property=\"og:title\" content=\"Eline tilbragte ett semester i \u00d8sterrike\" \/>\n<meta property=\"og:description\" content=\"Jeg dro til \u00d8sterrike fordi jeg hadde lyst til \u00e5 l\u00e6re meg tysk. Jeg ville l\u00e6re et spr\u00e5k ved \u00e5 bruke det, og det var akkurat det som skjedde i l\u00f8pet av utvekslingsoppholdet mitt.\" \/>\n<meta property=\"og:url\" content=\"https:\/\/www.sts-education.com\/no\/high-school\/student-stories\/studenthistorier\/eline-tilbrakte-en-utvekslingstermin-i-osterrike\/\" \/>\n<meta property=\"og:site_name\" content=\"STS Education\" \/>\n<meta property=\"article:published_time\" content=\"2024-07-26T06:00:00+00:00\" \/>\n<meta property=\"article:modified_time\" content=\"2026-04-29T08:05:40+00:00\" \/>\n<meta property=\"og:image\" content=\"https:\/\/powered-by.qbank.se\/educatius\/sts\/\/a52123d1a17710351a6a1c66dde6b8ee_1-1-thumb.webp\" \/>\n\t<meta property=\"og:image:width\" content=\"150\" \/>\n\t<meta property=\"og:image:height\" content=\"150\" \/>\n\t<meta property=\"og:image:type\" content=\"image\/png\" \/>\n<meta name=\"author\" content=\"syncreadwrite\" \/>\n<meta name=\"twitter:card\" content=\"summary_large_image\" \/>\n<meta name=\"twitter:label1\" content=\"Skrevet av\" \/>\n\t<meta name=\"twitter:data1\" content=\"syncreadwrite\" \/>\n\t<meta name=\"twitter:label2\" content=\"Ansl. lesetid\" \/>\n\t<meta name=\"twitter:data2\" content=\"3 minutter\" \/>\n<script type=\"application\/ld+json\" class=\"yoast-schema-graph\">{\"@context\":\"https:\/\/schema.org\",\"@graph\":[{\"@type\":\"Article\",\"@id\":\"https:\/\/www.sts-education.com\/no\/high-school\/student-stories\/studenthistorier\/eline-tilbrakte-en-utvekslingstermin-i-osterrike\/#article\",\"isPartOf\":{\"@id\":\"https:\/\/www.sts-education.com\/no\/high-school\/student-stories\/studenthistorier\/eline-tilbrakte-en-utvekslingstermin-i-osterrike\/\"},\"author\":{\"name\":\"syncreadwrite\",\"@id\":\"https:\/\/www.sts-education.com\/no\/#\/schema\/person\/8b82f3a2e45f020b8f296d7a85d9a97c\"},\"headline\":\"Eline tilbragte ett semester i \u00d8sterrike\",\"datePublished\":\"2024-07-26T06:00:00+00:00\",\"dateModified\":\"2026-04-29T08:05:40+00:00\",\"mainEntityOfPage\":{\"@id\":\"https:\/\/www.sts-education.com\/no\/high-school\/student-stories\/studenthistorier\/eline-tilbrakte-en-utvekslingstermin-i-osterrike\/\"},\"wordCount\":425,\"commentCount\":0,\"image\":{\"@id\":\"https:\/\/www.sts-education.com\/no\/high-school\/student-stories\/studenthistorier\/eline-tilbrakte-en-utvekslingstermin-i-osterrike\/#primaryimage\"},\"thumbnailUrl\":\"https:\/\/powered-by.qbank.se\/educatius\/sts\/\/a52123d1a17710351a6a1c66dde6b8ee_1-1-thumb.webp\",\"keywords\":[\"\u00d8sterrike\"],\"articleSection\":[\"Uncategorized @no\"],\"inLanguage\":\"nb-NO\",\"potentialAction\":[{\"@type\":\"CommentAction\",\"name\":\"Comment\",\"target\":[\"https:\/\/www.sts-education.com\/no\/high-school\/student-stories\/studenthistorier\/eline-tilbrakte-en-utvekslingstermin-i-osterrike\/#respond\"]}]},{\"@type\":\"WebPage\",\"@id\":\"https:\/\/www.sts-education.com\/no\/high-school\/student-stories\/studenthistorier\/eline-tilbrakte-en-utvekslingstermin-i-osterrike\/\",\"url\":\"https:\/\/www.sts-education.com\/no\/high-school\/student-stories\/studenthistorier\/eline-tilbrakte-en-utvekslingstermin-i-osterrike\/\",\"name\":\"Eline tilbrakte en utvekslingstermin i \u00d8sterrike\",\"isPartOf\":{\"@id\":\"https:\/\/www.sts-education.com\/no\/#website\"},\"primaryImageOfPage\":{\"@id\":\"https:\/\/www.sts-education.com\/no\/high-school\/student-stories\/studenthistorier\/eline-tilbrakte-en-utvekslingstermin-i-osterrike\/#primaryimage\"},\"image\":{\"@id\":\"https:\/\/www.sts-education.com\/no\/high-school\/student-stories\/studenthistorier\/eline-tilbrakte-en-utvekslingstermin-i-osterrike\/#primaryimage\"},\"thumbnailUrl\":\"https:\/\/powered-by.qbank.se\/educatius\/sts\/\/a52123d1a17710351a6a1c66dde6b8ee_1-1-thumb.webp\",\"datePublished\":\"2024-07-26T06:00:00+00:00\",\"dateModified\":\"2026-04-29T08:05:40+00:00\",\"author\":{\"@id\":\"https:\/\/www.sts-education.com\/no\/#\/schema\/person\/8b82f3a2e45f020b8f296d7a85d9a97c\"},\"description\":\"Jeg dro til \u00d8sterrike fordi jeg hadde lyst til \u00e5 l\u00e6re meg tysk. Jeg ville l\u00e6re et spr\u00e5k ved \u00e5 bruke det, og det var akkurat det som skjedde i l\u00f8pet av utvekslingsoppholdet mitt.\",\"breadcrumb\":{\"@id\":\"https:\/\/www.sts-education.com\/no\/high-school\/student-stories\/studenthistorier\/eline-tilbrakte-en-utvekslingstermin-i-osterrike\/#breadcrumb\"},\"inLanguage\":\"nb-NO\",\"potentialAction\":[{\"@type\":\"ReadAction\",\"target\":[\"https:\/\/www.sts-education.com\/no\/high-school\/student-stories\/studenthistorier\/eline-tilbrakte-en-utvekslingstermin-i-osterrike\/\"]}]},{\"@type\":\"ImageObject\",\"inLanguage\":\"nb-NO\",\"@id\":\"https:\/\/www.sts-education.com\/no\/high-school\/student-stories\/studenthistorier\/eline-tilbrakte-en-utvekslingstermin-i-osterrike\/#primaryimage\",\"url\":\"https:\/\/powered-by.qbank.se\/educatius\/sts\/\/a52123d1a17710351a6a1c66dde6b8ee_1-1-thumb.webp\",\"contentUrl\":\"https:\/\/powered-by.qbank.se\/educatius\/sts\/\/a52123d1a17710351a6a1c66dde6b8ee_1-1-thumb.webp\",\"width\":150,\"height\":150},{\"@type\":\"BreadcrumbList\",\"@id\":\"https:\/\/www.sts-education.com\/no\/high-school\/student-stories\/studenthistorier\/eline-tilbrakte-en-utvekslingstermin-i-osterrike\/#breadcrumb\",\"itemListElement\":[{\"@type\":\"ListItem\",\"position\":1,\"name\":\"Home\",\"item\":\"https:\/\/www.sts-education.com\/no\/\"},{\"@type\":\"ListItem\",\"position\":2,\"name\":\"Eline tilbragte ett semester i \u00d8sterrike\"}]},{\"@type\":\"WebSite\",\"@id\":\"https:\/\/www.sts-education.com\/no\/#website\",\"url\":\"https:\/\/www.sts-education.com\/no\/\",\"name\":\"STS Education\",\"description\":\"\",\"potentialAction\":[{\"@type\":\"SearchAction\",\"target\":{\"@type\":\"EntryPoint\",\"urlTemplate\":\"https:\/\/www.sts-education.com\/no\/?s={search_term_string}\"},\"query-input\":{\"@type\":\"PropertyValueSpecification\",\"valueRequired\":true,\"valueName\":\"search_term_string\"}}],\"inLanguage\":\"nb-NO\"},{\"@type\":\"Person\",\"@id\":\"https:\/\/www.sts-education.com\/no\/#\/schema\/person\/8b82f3a2e45f020b8f296d7a85d9a97c\",\"name\":\"syncreadwrite\",\"image\":{\"@type\":\"ImageObject\",\"inLanguage\":\"nb-NO\",\"@id\":\"https:\/\/secure.gravatar.com\/avatar\/6ed1007e4f6f43f22e3df41d9fce4365533cba47fef64bb359b8e629abbc2ea6?s=96&d=mm&r=g\",\"url\":\"https:\/\/secure.gravatar.com\/avatar\/6ed1007e4f6f43f22e3df41d9fce4365533cba47fef64bb359b8e629abbc2ea6?s=96&d=mm&r=g\",\"contentUrl\":\"https:\/\/secure.gravatar.com\/avatar\/6ed1007e4f6f43f22e3df41d9fce4365533cba47fef64bb359b8e629abbc2ea6?s=96&d=mm&r=g\",\"caption\":\"syncreadwrite\"},\"url\":\"https:\/\/www.sts-education.com\/no\/author\/syncreadwrite\/\"}]}<\/script>\n<!-- \/ Yoast SEO Premium plugin. -->","yoast_head_json":{"title":"Eline tilbrakte en utvekslingstermin i \u00d8sterrike","description":"Jeg dro til \u00d8sterrike fordi jeg hadde lyst til \u00e5 l\u00e6re meg tysk. Jeg ville l\u00e6re et spr\u00e5k ved \u00e5 bruke det, og det var akkurat det som skjedde i l\u00f8pet av utvekslingsoppholdet mitt.","robots":{"index":"index","follow":"follow","max-snippet":"max-snippet:-1","max-image-preview":"max-image-preview:large","max-video-preview":"max-video-preview:-1"},"canonical":"https:\/\/www.sts-education.com\/no\/high-school\/student-stories\/studenthistorier\/eline-tilbrakte-en-utvekslingstermin-i-osterrike\/","og_locale":"nb_NO","og_type":"article","og_title":"Eline tilbragte ett semester i \u00d8sterrike","og_description":"Jeg dro til \u00d8sterrike fordi jeg hadde lyst til \u00e5 l\u00e6re meg tysk. Jeg ville l\u00e6re et spr\u00e5k ved \u00e5 bruke det, og det var akkurat det som skjedde i l\u00f8pet av utvekslingsoppholdet mitt.","og_url":"https:\/\/www.sts-education.com\/no\/high-school\/student-stories\/studenthistorier\/eline-tilbrakte-en-utvekslingstermin-i-osterrike\/","og_site_name":"STS Education","article_published_time":"2024-07-26T06:00:00+00:00","article_modified_time":"2026-04-29T08:05:40+00:00","og_image":[{"width":150,"height":150,"url":"https:\/\/powered-by.qbank.se\/educatius\/sts\/\/a52123d1a17710351a6a1c66dde6b8ee_1-1-thumb.webp","type":"image\/png"}],"author":"syncreadwrite","twitter_card":"summary_large_image","twitter_misc":{"Skrevet av":"syncreadwrite","Ansl. lesetid":"3 minutter"},"schema":{"@context":"https:\/\/schema.org","@graph":[{"@type":"Article","@id":"https:\/\/www.sts-education.com\/no\/high-school\/student-stories\/studenthistorier\/eline-tilbrakte-en-utvekslingstermin-i-osterrike\/#article","isPartOf":{"@id":"https:\/\/www.sts-education.com\/no\/high-school\/student-stories\/studenthistorier\/eline-tilbrakte-en-utvekslingstermin-i-osterrike\/"},"author":{"name":"syncreadwrite","@id":"https:\/\/www.sts-education.com\/no\/#\/schema\/person\/8b82f3a2e45f020b8f296d7a85d9a97c"},"headline":"Eline tilbragte ett semester i \u00d8sterrike","datePublished":"2024-07-26T06:00:00+00:00","dateModified":"2026-04-29T08:05:40+00:00","mainEntityOfPage":{"@id":"https:\/\/www.sts-education.com\/no\/high-school\/student-stories\/studenthistorier\/eline-tilbrakte-en-utvekslingstermin-i-osterrike\/"},"wordCount":425,"commentCount":0,"image":{"@id":"https:\/\/www.sts-education.com\/no\/high-school\/student-stories\/studenthistorier\/eline-tilbrakte-en-utvekslingstermin-i-osterrike\/#primaryimage"},"thumbnailUrl":"https:\/\/powered-by.qbank.se\/educatius\/sts\/\/a52123d1a17710351a6a1c66dde6b8ee_1-1-thumb.webp","keywords":["\u00d8sterrike"],"articleSection":["Uncategorized @no"],"inLanguage":"nb-NO","potentialAction":[{"@type":"CommentAction","name":"Comment","target":["https:\/\/www.sts-education.com\/no\/high-school\/student-stories\/studenthistorier\/eline-tilbrakte-en-utvekslingstermin-i-osterrike\/#respond"]}]},{"@type":"WebPage","@id":"https:\/\/www.sts-education.com\/no\/high-school\/student-stories\/studenthistorier\/eline-tilbrakte-en-utvekslingstermin-i-osterrike\/","url":"https:\/\/www.sts-education.com\/no\/high-school\/student-stories\/studenthistorier\/eline-tilbrakte-en-utvekslingstermin-i-osterrike\/","name":"Eline tilbrakte en utvekslingstermin i \u00d8sterrike","isPartOf":{"@id":"https:\/\/www.sts-education.com\/no\/#website"},"primaryImageOfPage":{"@id":"https:\/\/www.sts-education.com\/no\/high-school\/student-stories\/studenthistorier\/eline-tilbrakte-en-utvekslingstermin-i-osterrike\/#primaryimage"},"image":{"@id":"https:\/\/www.sts-education.com\/no\/high-school\/student-stories\/studenthistorier\/eline-tilbrakte-en-utvekslingstermin-i-osterrike\/#primaryimage"},"thumbnailUrl":"https:\/\/powered-by.qbank.se\/educatius\/sts\/\/a52123d1a17710351a6a1c66dde6b8ee_1-1-thumb.webp","datePublished":"2024-07-26T06:00:00+00:00","dateModified":"2026-04-29T08:05:40+00:00","author":{"@id":"https:\/\/www.sts-education.com\/no\/#\/schema\/person\/8b82f3a2e45f020b8f296d7a85d9a97c"},"description":"Jeg dro til \u00d8sterrike fordi jeg hadde lyst til \u00e5 l\u00e6re meg tysk. Jeg ville l\u00e6re et spr\u00e5k ved \u00e5 bruke det, og det var akkurat det som skjedde i l\u00f8pet av utvekslingsoppholdet mitt.","breadcrumb":{"@id":"https:\/\/www.sts-education.com\/no\/high-school\/student-stories\/studenthistorier\/eline-tilbrakte-en-utvekslingstermin-i-osterrike\/#breadcrumb"},"inLanguage":"nb-NO","potentialAction":[{"@type":"ReadAction","target":["https:\/\/www.sts-education.com\/no\/high-school\/student-stories\/studenthistorier\/eline-tilbrakte-en-utvekslingstermin-i-osterrike\/"]}]},{"@type":"ImageObject","inLanguage":"nb-NO","@id":"https:\/\/www.sts-education.com\/no\/high-school\/student-stories\/studenthistorier\/eline-tilbrakte-en-utvekslingstermin-i-osterrike\/#primaryimage","url":"https:\/\/powered-by.qbank.se\/educatius\/sts\/\/a52123d1a17710351a6a1c66dde6b8ee_1-1-thumb.webp","contentUrl":"https:\/\/powered-by.qbank.se\/educatius\/sts\/\/a52123d1a17710351a6a1c66dde6b8ee_1-1-thumb.webp","width":150,"height":150},{"@type":"BreadcrumbList","@id":"https:\/\/www.sts-education.com\/no\/high-school\/student-stories\/studenthistorier\/eline-tilbrakte-en-utvekslingstermin-i-osterrike\/#breadcrumb","itemListElement":[{"@type":"ListItem","position":1,"name":"Home","item":"https:\/\/www.sts-education.com\/no\/"},{"@type":"ListItem","position":2,"name":"Eline tilbragte ett semester i \u00d8sterrike"}]},{"@type":"WebSite","@id":"https:\/\/www.sts-education.com\/no\/#website","url":"https:\/\/www.sts-education.com\/no\/","name":"STS Education","description":"","potentialAction":[{"@type":"SearchAction","target":{"@type":"EntryPoint","urlTemplate":"https:\/\/www.sts-education.com\/no\/?s={search_term_string}"},"query-input":{"@type":"PropertyValueSpecification","valueRequired":true,"valueName":"search_term_string"}}],"inLanguage":"nb-NO"},{"@type":"Person","@id":"https:\/\/www.sts-education.com\/no\/#\/schema\/person\/8b82f3a2e45f020b8f296d7a85d9a97c","name":"syncreadwrite","image":{"@type":"ImageObject","inLanguage":"nb-NO","@id":"https:\/\/secure.gravatar.com\/avatar\/6ed1007e4f6f43f22e3df41d9fce4365533cba47fef64bb359b8e629abbc2ea6?s=96&d=mm&r=g","url":"https:\/\/secure.gravatar.com\/avatar\/6ed1007e4f6f43f22e3df41d9fce4365533cba47fef64bb359b8e629abbc2ea6?s=96&d=mm&r=g","contentUrl":"https:\/\/secure.gravatar.com\/avatar\/6ed1007e4f6f43f22e3df41d9fce4365533cba47fef64bb359b8e629abbc2ea6?s=96&d=mm&r=g","caption":"syncreadwrite"},"url":"https:\/\/www.sts-education.com\/no\/author\/syncreadwrite\/"}]}},"_links":{"self":[{"href":"https:\/\/www.sts-education.com\/no\/wp-json\/wp\/v2\/posts\/12122","targetHints":{"allow":["GET"]}}],"collection":[{"href":"https:\/\/www.sts-education.com\/no\/wp-json\/wp\/v2\/posts"}],"about":[{"href":"https:\/\/www.sts-education.com\/no\/wp-json\/wp\/v2\/types\/post"}],"author":[{"embeddable":true,"href":"https:\/\/www.sts-education.com\/no\/wp-json\/wp\/v2\/users\/20"}],"replies":[{"embeddable":true,"href":"https:\/\/www.sts-education.com\/no\/wp-json\/wp\/v2\/comments?post=12122"}],"version-history":[{"count":6,"href":"https:\/\/www.sts-education.com\/no\/wp-json\/wp\/v2\/posts\/12122\/revisions"}],"predecessor-version":[{"id":43616,"href":"https:\/\/www.sts-education.com\/no\/wp-json\/wp\/v2\/posts\/12122\/revisions\/43616"}],"wp:featuredmedia":[{"embeddable":true,"href":"https:\/\/www.sts-education.com\/no\/wp-json\/wp\/v2\/media\/14068"}],"wp:attachment":[{"href":"https:\/\/www.sts-education.com\/no\/wp-json\/wp\/v2\/media?parent=12122"}],"wp:term":[{"taxonomy":"category","embeddable":true,"href":"https:\/\/www.sts-education.com\/no\/wp-json\/wp\/v2\/categories?post=12122"},{"taxonomy":"post_tag","embeddable":true,"href":"https:\/\/www.sts-education.com\/no\/wp-json\/wp\/v2\/tags?post=12122"},{"taxonomy":"wpw_post_folders","embeddable":true,"href":"https:\/\/www.sts-education.com\/no\/wp-json\/wp\/v2\/wpw_post_folders?post=12122"}],"curies":[{"name":"wp","href":"https:\/\/api.w.org\/{rel}","templated":true}]}}