{"id":12123,"date":"2024-07-26T08:00:00","date_gmt":"2024-07-26T06:00:00","guid":{"rendered":"https:\/\/preprod.sts-education.com\/blog\/2026\/03\/05\/jaqueline-var-pa-utvekslingsar-i-osterrike\/"},"modified":"2026-04-29T10:06:03","modified_gmt":"2026-04-29T08:06:03","slug":"jaqueline-var-pa-utvekslingsar-i-osterrike","status":"publish","type":"post","link":"https:\/\/www.sts-education.com\/no\/high-school\/student-stories\/studenthistorier\/jaqueline-var-pa-utvekslingsar-i-osterrike\/","title":{"rendered":"Jaqueline var p\u00e5 utveksling i \u00d8sterrike"},"content":{"rendered":"\n<div class=\"wp-block-sts-text sts-text-editor has-max-width-md\"><div class=\"sts-text-editor__content\"><div class=\"sts-text-editor__content-inner\">\n<h1 style=\"text-align: center\">Jaqueline var p\u00e5 utveksling i \u00d8sterrike<\/h1>\n<\/div><\/div><\/div>\n\n\n\n<figure class=\"wp-block-sts-image sts-block-image sts-block-image--count-1 has-max-width-lg\" data-count=\"1\"><div class=\"sts-block-image__grid\"><div class=\"sts-block-image__item\"><picture class=\"sts-responsive-image has-fit-cover has-pos-top is-skeleton\"><source media=\"(max-width: 834.98px)\" srcset=\"https:\/\/powered-by.qbank.se\/educatius\/sts\/fe085328875680ff4f8791c4b2e8b45b_1-1-thumb.webp 150w, https:\/\/powered-by.qbank.se\/educatius\/sts\/fe085328875680ff4f8791c4b2e8b45b_1-1-xsmall.webp 500w, https:\/\/powered-by.qbank.se\/educatius\/sts\/fe085328875680ff4f8791c4b2e8b45b_1-1-small.webp 800w, https:\/\/powered-by.qbank.se\/educatius\/sts\/fe085328875680ff4f8791c4b2e8b45b_1-1-medium.webp 1024w, https:\/\/powered-by.qbank.se\/educatius\/sts\/fe085328875680ff4f8791c4b2e8b45b_1-1-large.webp 1536w\" sizes=\"(max-width: 768px) 100vw, (max-width: 1200px) 100vw, 1200px\" type=\"image\/webp\"\/><source media=\"(min-width: 835px)\" srcset=\"https:\/\/powered-by.qbank.se\/educatius\/sts\/fe085328875680ff4f8791c4b2e8b45b_16-9-small.webp 800w, https:\/\/powered-by.qbank.se\/educatius\/sts\/fe085328875680ff4f8791c4b2e8b45b_16-9-medium.webp 1024w, https:\/\/powered-by.qbank.se\/educatius\/sts\/fe085328875680ff4f8791c4b2e8b45b_16-9-large.webp 1536w\" sizes=\"(max-width: 768px) 100vw, (max-width: 1200px) 100vw, 1200px\" type=\"image\/webp\"\/><img src=\"https:\/\/powered-by.qbank.se\/educatius\/sts\/fe085328875680ff4f8791c4b2e8b45b_1-1-thumb.webp\" alt=\"Jaqueline var p\u00e5 utvekslings\u00e5r i \u00d8sterrike\" loading=\"lazy\" decoding=\"async\" fetchpriority=\"low\" style=\"object-position:top\"\/><\/picture><\/div><\/div><\/figure>\n\n\n\n<div class=\"wp-block-sts-text sts-text-editor has-max-width-md\"><div class=\"sts-text-editor__content\"><div class=\"sts-text-editor__content-inner\">\n<p><em>Jaqueline fra Mexico dro p\u00e5 utveksling til \u00d8sterrike.<\/em><\/p>\n<p>Jeg h\u00e5per denne historien kan inspirere noen til \u00e5 ta et utvekslings\u00e5r og f\u00e5 en like fantastisk opplevelse som jeg fikk. Jeg har v\u00e6rt i \u00d8sterrike som utvekslingsstudent i 11 m\u00e5neder.<\/p>\n<\/div><\/div><\/div>\n\n\n\n<div class=\"wp-block-sts-text sts-text-editor has-max-width-md\"><div class=\"sts-text-editor__content\"><div class=\"sts-text-editor__content-inner\">\n<h2>Hvorfor bestemte du deg for \u00e5 dra p\u00e5 utveksling?<\/h2>\n<p>Jeg gjorde det fordi jeg alltid har hatt lyst til \u00e5 l\u00e6re meg tysk og bo i et annet land, og foreldrene mine har alltid st\u00f8ttet meg i det. I begynnelsen kan det v\u00e6re skremmende, men det er 100 % verdt \u00e5 ta sjansen p\u00e5 \u00e5 gj\u00f8re det.<\/p>\n<h2>Livet i utlandet<\/h2>\n<p>Det kan h\u00f8res vanskelig ut \u00e5 bo i et annet land, fordi det ikke er ditt eget spr\u00e5k, du kjenner ingen, og alt er bokstavelig talt annerledes. Men alle vil v\u00e6re hyggelige. Alle forst\u00e5r at du ikke snakker spr\u00e5ket, og det er helt greit. Du vil raskt f\u00e5 venner og bli vant til stedet. Og det er helt i orden \u00e5 gj\u00f8re feil, jeg mista to tog og gikk p\u00e5 tre feil busser i begynnelsen, og jeg overlevde likevel, det er bare en del av prosessen.<\/p>\n<h2>Favorittminner<\/h2>\n<p>Jeg elsket \u00e5 oppdage nye ting p\u00e5 egen h\u00e5nd. Det f\u00f8ltes fantastisk \u00e5 oppn\u00e5 sm\u00e5 ting som \u00e5 v\u00e6re alene i byen eller \u00e5 forst\u00e5 noen p\u00e5 spr\u00e5ket jeg l\u00e6rte. Og for dette er jeg mest takknemlig til vennene mine. De var alltid t\u00e5lmodige med meg, og inspirerte meg til \u00e5 fortsette \u00e5 l\u00e6re. I dag kan jeg kommunisere perfekt og flytende p\u00e5 deres spr\u00e5k, noe jeg ikke kunne i begynnelsen overhodet. Det var ogs\u00e5 flott \u00e5 gj\u00f8re og distrahere meg selv med aktiviteter. Jeg elsket \u00e5 l\u00f8pe en tur, til og med bare en spasertur gjennom byen, og det finnes uendelig mange aktiviteter og m\u00e5ter \u00e5 tilbringe tiden p\u00e5. Jeg elsket for eksempel \u00e5 ta med meg en bok og lese i en park eller spise lunsj med venner.<\/p>\n<h2>\u00c5 v\u00e6re borte fra familien<\/h2>\n<p>Det vil alltid v\u00e6re vanskelig \u00e5 v\u00e6re borte fra familien, men med de rette menneskene vil du alltid f\u00f8le deg hjemme. Det er slik det er vanskeligst \u00e5 komme til slutten. Det er mange f\u00f8lelser som m\u00f8tes, man gleder seg til \u00e5 se familien sin igjen, men man vet at man m\u00e5 forlate alt. Og \u00e5 forlate de menneskene jeg har det privilegium \u00e5 kalle familien min n\u00e5, er det vanskeligste noensinne, etter all deres kj\u00e6rlighet og st\u00f8tte. Men jeg er glad jeg levde det og n\u00f8t det mens jeg kunne.<\/p>\n<p>S\u00e5 hvis dette kan hjelpe noen med \u00e5 bestemme seg for om de skal ta et utvekslings\u00e5r eller ikke, h\u00e5per jeg at dere gj\u00f8r det. For det er en tid full av nye ting som du aldri i livet kommer til \u00e5 oppleve igjen. Du vil m\u00f8te mennesker som alltid vil ha deg i sitt hjerte. Det er en tid der du kan oppleve alt, det gode, det d\u00e5rlige, det morsomme og det skumle, og alt er en del av det. S\u00e5 ja, jeg vil anbefale alle som har muligheten til det, \u00e5 ta et utvekslings\u00e5r og skape s\u00e5 mange minner som mulig.<\/p>\n<h2>Finn ut mer<\/h2>\n<ul>\n<li>Les flere <a href=\"https:\/\/www.sts-education.com\/no\/high-school\/student-stories\/studenthistorier\/?hashtag=%c3%98sterrike\">studenthistorier fra \u00d8sterrike<\/a><\/li>\n<li>Les mer om <a href=\"https:\/\/www.sts-education.com\/no\/high-school\/destinasjoner\/europa\/osterrike\/\">utveksling p\u00e5 high school i \u00d8sterrike<\/a><\/li>\n<li>Se alle v\u00e5re <a href=\"\/no\/high-school\/tripfinder\/\">utvekslingsdestinasjoner for high school<\/a><\/li>\n<\/ul>\n<\/div><\/div><\/div>\n","protected":false},"excerpt":{"rendered":"","protected":false},"author":20,"featured_media":14070,"comment_status":"open","ping_status":"open","sticky":false,"template":"","format":"standard","meta":{"_acf_changed":false,"_yoast_wpseo_title":"Jaqueline var p\u00e5 utvekslings\u00e5r i \u00d8sterrike","_yoast_wpseo_metadesc":"Jeg h\u00e5per denne historien kan inspirere noen til \u00e5 ta et utvekslings\u00e5r og f\u00e5 en like fantastisk opplevelse som jeg fikk.","footnotes":""},"categories":[275],"tags":[994],"wpw_post_folders":[],"class_list":["post-12123","post","type-post","status-publish","format-standard","has-post-thumbnail","hentry","category-uncategorized-no","tag-sterrike"],"acf":[],"yoast_head":"<!-- This site is optimized with the Yoast SEO Premium plugin v27.2 (Yoast SEO v27.2) - https:\/\/yoast.com\/product\/yoast-seo-premium-wordpress\/ -->\n<title>Jaqueline var p\u00e5 utvekslings\u00e5r i \u00d8sterrike<\/title>\n<meta name=\"description\" content=\"Jeg h\u00e5per denne historien kan inspirere noen til \u00e5 ta et utvekslings\u00e5r og f\u00e5 en like fantastisk opplevelse som jeg fikk.\" \/>\n<meta name=\"robots\" content=\"index, follow, max-snippet:-1, max-image-preview:large, max-video-preview:-1\" \/>\n<link rel=\"canonical\" href=\"https:\/\/www.sts-education.com\/no\/high-school\/student-stories\/studenthistorier\/jaqueline-var-pa-utvekslingsar-i-osterrike\/\" \/>\n<meta property=\"og:locale\" content=\"nb_NO\" \/>\n<meta property=\"og:type\" content=\"article\" \/>\n<meta property=\"og:title\" content=\"Jaqueline var p\u00e5 utveksling i \u00d8sterrike\" \/>\n<meta property=\"og:description\" content=\"Jeg h\u00e5per denne historien kan inspirere noen til \u00e5 ta et utvekslings\u00e5r og f\u00e5 en like fantastisk opplevelse som jeg fikk.\" \/>\n<meta property=\"og:url\" content=\"https:\/\/www.sts-education.com\/no\/high-school\/student-stories\/studenthistorier\/jaqueline-var-pa-utvekslingsar-i-osterrike\/\" \/>\n<meta property=\"og:site_name\" content=\"STS Education\" \/>\n<meta property=\"article:published_time\" content=\"2024-07-26T06:00:00+00:00\" \/>\n<meta property=\"article:modified_time\" content=\"2026-04-29T08:06:03+00:00\" \/>\n<meta property=\"og:image\" content=\"https:\/\/powered-by.qbank.se\/educatius\/sts\/\/fe085328875680ff4f8791c4b2e8b45b_1-1-thumb.webp\" \/>\n\t<meta property=\"og:image:width\" content=\"150\" \/>\n\t<meta property=\"og:image:height\" content=\"150\" \/>\n\t<meta property=\"og:image:type\" content=\"image\/png\" \/>\n<meta name=\"author\" content=\"syncreadwrite\" \/>\n<meta name=\"twitter:card\" content=\"summary_large_image\" \/>\n<meta name=\"twitter:label1\" content=\"Skrevet av\" \/>\n\t<meta name=\"twitter:data1\" content=\"syncreadwrite\" \/>\n\t<meta name=\"twitter:label2\" content=\"Ansl. lesetid\" \/>\n\t<meta name=\"twitter:data2\" content=\"3 minutter\" \/>\n<script type=\"application\/ld+json\" class=\"yoast-schema-graph\">{\"@context\":\"https:\/\/schema.org\",\"@graph\":[{\"@type\":\"Article\",\"@id\":\"https:\/\/www.sts-education.com\/no\/high-school\/student-stories\/studenthistorier\/jaqueline-var-pa-utvekslingsar-i-osterrike\/#article\",\"isPartOf\":{\"@id\":\"https:\/\/www.sts-education.com\/no\/high-school\/student-stories\/studenthistorier\/jaqueline-var-pa-utvekslingsar-i-osterrike\/\"},\"author\":{\"name\":\"syncreadwrite\",\"@id\":\"https:\/\/www.sts-education.com\/no\/#\/schema\/person\/8b82f3a2e45f020b8f296d7a85d9a97c\"},\"headline\":\"Jaqueline var p\u00e5 utveksling i \u00d8sterrike\",\"datePublished\":\"2024-07-26T06:00:00+00:00\",\"dateModified\":\"2026-04-29T08:06:03+00:00\",\"mainEntityOfPage\":{\"@id\":\"https:\/\/www.sts-education.com\/no\/high-school\/student-stories\/studenthistorier\/jaqueline-var-pa-utvekslingsar-i-osterrike\/\"},\"wordCount\":563,\"commentCount\":0,\"image\":{\"@id\":\"https:\/\/www.sts-education.com\/no\/high-school\/student-stories\/studenthistorier\/jaqueline-var-pa-utvekslingsar-i-osterrike\/#primaryimage\"},\"thumbnailUrl\":\"https:\/\/powered-by.qbank.se\/educatius\/sts\/\/fe085328875680ff4f8791c4b2e8b45b_1-1-thumb.webp\",\"keywords\":[\"\u00d8sterrike\"],\"articleSection\":[\"Uncategorized @no\"],\"inLanguage\":\"nb-NO\",\"potentialAction\":[{\"@type\":\"CommentAction\",\"name\":\"Comment\",\"target\":[\"https:\/\/www.sts-education.com\/no\/high-school\/student-stories\/studenthistorier\/jaqueline-var-pa-utvekslingsar-i-osterrike\/#respond\"]}]},{\"@type\":\"WebPage\",\"@id\":\"https:\/\/www.sts-education.com\/no\/high-school\/student-stories\/studenthistorier\/jaqueline-var-pa-utvekslingsar-i-osterrike\/\",\"url\":\"https:\/\/www.sts-education.com\/no\/high-school\/student-stories\/studenthistorier\/jaqueline-var-pa-utvekslingsar-i-osterrike\/\",\"name\":\"Jaqueline var p\u00e5 utvekslings\u00e5r i \u00d8sterrike\",\"isPartOf\":{\"@id\":\"https:\/\/www.sts-education.com\/no\/#website\"},\"primaryImageOfPage\":{\"@id\":\"https:\/\/www.sts-education.com\/no\/high-school\/student-stories\/studenthistorier\/jaqueline-var-pa-utvekslingsar-i-osterrike\/#primaryimage\"},\"image\":{\"@id\":\"https:\/\/www.sts-education.com\/no\/high-school\/student-stories\/studenthistorier\/jaqueline-var-pa-utvekslingsar-i-osterrike\/#primaryimage\"},\"thumbnailUrl\":\"https:\/\/powered-by.qbank.se\/educatius\/sts\/\/fe085328875680ff4f8791c4b2e8b45b_1-1-thumb.webp\",\"datePublished\":\"2024-07-26T06:00:00+00:00\",\"dateModified\":\"2026-04-29T08:06:03+00:00\",\"author\":{\"@id\":\"https:\/\/www.sts-education.com\/no\/#\/schema\/person\/8b82f3a2e45f020b8f296d7a85d9a97c\"},\"description\":\"Jeg h\u00e5per denne historien kan inspirere noen til \u00e5 ta et utvekslings\u00e5r og f\u00e5 en like fantastisk opplevelse som jeg fikk.\",\"breadcrumb\":{\"@id\":\"https:\/\/www.sts-education.com\/no\/high-school\/student-stories\/studenthistorier\/jaqueline-var-pa-utvekslingsar-i-osterrike\/#breadcrumb\"},\"inLanguage\":\"nb-NO\",\"potentialAction\":[{\"@type\":\"ReadAction\",\"target\":[\"https:\/\/www.sts-education.com\/no\/high-school\/student-stories\/studenthistorier\/jaqueline-var-pa-utvekslingsar-i-osterrike\/\"]}]},{\"@type\":\"ImageObject\",\"inLanguage\":\"nb-NO\",\"@id\":\"https:\/\/www.sts-education.com\/no\/high-school\/student-stories\/studenthistorier\/jaqueline-var-pa-utvekslingsar-i-osterrike\/#primaryimage\",\"url\":\"https:\/\/powered-by.qbank.se\/educatius\/sts\/\/fe085328875680ff4f8791c4b2e8b45b_1-1-thumb.webp\",\"contentUrl\":\"https:\/\/powered-by.qbank.se\/educatius\/sts\/\/fe085328875680ff4f8791c4b2e8b45b_1-1-thumb.webp\",\"width\":150,\"height\":150},{\"@type\":\"BreadcrumbList\",\"@id\":\"https:\/\/www.sts-education.com\/no\/high-school\/student-stories\/studenthistorier\/jaqueline-var-pa-utvekslingsar-i-osterrike\/#breadcrumb\",\"itemListElement\":[{\"@type\":\"ListItem\",\"position\":1,\"name\":\"Home\",\"item\":\"https:\/\/www.sts-education.com\/no\/\"},{\"@type\":\"ListItem\",\"position\":2,\"name\":\"Jaqueline var p\u00e5 utveksling i \u00d8sterrike\"}]},{\"@type\":\"WebSite\",\"@id\":\"https:\/\/www.sts-education.com\/no\/#website\",\"url\":\"https:\/\/www.sts-education.com\/no\/\",\"name\":\"STS Education\",\"description\":\"\",\"potentialAction\":[{\"@type\":\"SearchAction\",\"target\":{\"@type\":\"EntryPoint\",\"urlTemplate\":\"https:\/\/www.sts-education.com\/no\/?s={search_term_string}\"},\"query-input\":{\"@type\":\"PropertyValueSpecification\",\"valueRequired\":true,\"valueName\":\"search_term_string\"}}],\"inLanguage\":\"nb-NO\"},{\"@type\":\"Person\",\"@id\":\"https:\/\/www.sts-education.com\/no\/#\/schema\/person\/8b82f3a2e45f020b8f296d7a85d9a97c\",\"name\":\"syncreadwrite\",\"image\":{\"@type\":\"ImageObject\",\"inLanguage\":\"nb-NO\",\"@id\":\"https:\/\/secure.gravatar.com\/avatar\/6ed1007e4f6f43f22e3df41d9fce4365533cba47fef64bb359b8e629abbc2ea6?s=96&d=mm&r=g\",\"url\":\"https:\/\/secure.gravatar.com\/avatar\/6ed1007e4f6f43f22e3df41d9fce4365533cba47fef64bb359b8e629abbc2ea6?s=96&d=mm&r=g\",\"contentUrl\":\"https:\/\/secure.gravatar.com\/avatar\/6ed1007e4f6f43f22e3df41d9fce4365533cba47fef64bb359b8e629abbc2ea6?s=96&d=mm&r=g\",\"caption\":\"syncreadwrite\"},\"url\":\"https:\/\/www.sts-education.com\/no\/author\/syncreadwrite\/\"}]}<\/script>\n<!-- \/ Yoast SEO Premium plugin. -->","yoast_head_json":{"title":"Jaqueline var p\u00e5 utvekslings\u00e5r i \u00d8sterrike","description":"Jeg h\u00e5per denne historien kan inspirere noen til \u00e5 ta et utvekslings\u00e5r og f\u00e5 en like fantastisk opplevelse som jeg fikk.","robots":{"index":"index","follow":"follow","max-snippet":"max-snippet:-1","max-image-preview":"max-image-preview:large","max-video-preview":"max-video-preview:-1"},"canonical":"https:\/\/www.sts-education.com\/no\/high-school\/student-stories\/studenthistorier\/jaqueline-var-pa-utvekslingsar-i-osterrike\/","og_locale":"nb_NO","og_type":"article","og_title":"Jaqueline var p\u00e5 utveksling i \u00d8sterrike","og_description":"Jeg h\u00e5per denne historien kan inspirere noen til \u00e5 ta et utvekslings\u00e5r og f\u00e5 en like fantastisk opplevelse som jeg fikk.","og_url":"https:\/\/www.sts-education.com\/no\/high-school\/student-stories\/studenthistorier\/jaqueline-var-pa-utvekslingsar-i-osterrike\/","og_site_name":"STS Education","article_published_time":"2024-07-26T06:00:00+00:00","article_modified_time":"2026-04-29T08:06:03+00:00","og_image":[{"width":150,"height":150,"url":"https:\/\/powered-by.qbank.se\/educatius\/sts\/\/fe085328875680ff4f8791c4b2e8b45b_1-1-thumb.webp","type":"image\/png"}],"author":"syncreadwrite","twitter_card":"summary_large_image","twitter_misc":{"Skrevet av":"syncreadwrite","Ansl. lesetid":"3 minutter"},"schema":{"@context":"https:\/\/schema.org","@graph":[{"@type":"Article","@id":"https:\/\/www.sts-education.com\/no\/high-school\/student-stories\/studenthistorier\/jaqueline-var-pa-utvekslingsar-i-osterrike\/#article","isPartOf":{"@id":"https:\/\/www.sts-education.com\/no\/high-school\/student-stories\/studenthistorier\/jaqueline-var-pa-utvekslingsar-i-osterrike\/"},"author":{"name":"syncreadwrite","@id":"https:\/\/www.sts-education.com\/no\/#\/schema\/person\/8b82f3a2e45f020b8f296d7a85d9a97c"},"headline":"Jaqueline var p\u00e5 utveksling i \u00d8sterrike","datePublished":"2024-07-26T06:00:00+00:00","dateModified":"2026-04-29T08:06:03+00:00","mainEntityOfPage":{"@id":"https:\/\/www.sts-education.com\/no\/high-school\/student-stories\/studenthistorier\/jaqueline-var-pa-utvekslingsar-i-osterrike\/"},"wordCount":563,"commentCount":0,"image":{"@id":"https:\/\/www.sts-education.com\/no\/high-school\/student-stories\/studenthistorier\/jaqueline-var-pa-utvekslingsar-i-osterrike\/#primaryimage"},"thumbnailUrl":"https:\/\/powered-by.qbank.se\/educatius\/sts\/\/fe085328875680ff4f8791c4b2e8b45b_1-1-thumb.webp","keywords":["\u00d8sterrike"],"articleSection":["Uncategorized @no"],"inLanguage":"nb-NO","potentialAction":[{"@type":"CommentAction","name":"Comment","target":["https:\/\/www.sts-education.com\/no\/high-school\/student-stories\/studenthistorier\/jaqueline-var-pa-utvekslingsar-i-osterrike\/#respond"]}]},{"@type":"WebPage","@id":"https:\/\/www.sts-education.com\/no\/high-school\/student-stories\/studenthistorier\/jaqueline-var-pa-utvekslingsar-i-osterrike\/","url":"https:\/\/www.sts-education.com\/no\/high-school\/student-stories\/studenthistorier\/jaqueline-var-pa-utvekslingsar-i-osterrike\/","name":"Jaqueline var p\u00e5 utvekslings\u00e5r i \u00d8sterrike","isPartOf":{"@id":"https:\/\/www.sts-education.com\/no\/#website"},"primaryImageOfPage":{"@id":"https:\/\/www.sts-education.com\/no\/high-school\/student-stories\/studenthistorier\/jaqueline-var-pa-utvekslingsar-i-osterrike\/#primaryimage"},"image":{"@id":"https:\/\/www.sts-education.com\/no\/high-school\/student-stories\/studenthistorier\/jaqueline-var-pa-utvekslingsar-i-osterrike\/#primaryimage"},"thumbnailUrl":"https:\/\/powered-by.qbank.se\/educatius\/sts\/\/fe085328875680ff4f8791c4b2e8b45b_1-1-thumb.webp","datePublished":"2024-07-26T06:00:00+00:00","dateModified":"2026-04-29T08:06:03+00:00","author":{"@id":"https:\/\/www.sts-education.com\/no\/#\/schema\/person\/8b82f3a2e45f020b8f296d7a85d9a97c"},"description":"Jeg h\u00e5per denne historien kan inspirere noen til \u00e5 ta et utvekslings\u00e5r og f\u00e5 en like fantastisk opplevelse som jeg fikk.","breadcrumb":{"@id":"https:\/\/www.sts-education.com\/no\/high-school\/student-stories\/studenthistorier\/jaqueline-var-pa-utvekslingsar-i-osterrike\/#breadcrumb"},"inLanguage":"nb-NO","potentialAction":[{"@type":"ReadAction","target":["https:\/\/www.sts-education.com\/no\/high-school\/student-stories\/studenthistorier\/jaqueline-var-pa-utvekslingsar-i-osterrike\/"]}]},{"@type":"ImageObject","inLanguage":"nb-NO","@id":"https:\/\/www.sts-education.com\/no\/high-school\/student-stories\/studenthistorier\/jaqueline-var-pa-utvekslingsar-i-osterrike\/#primaryimage","url":"https:\/\/powered-by.qbank.se\/educatius\/sts\/\/fe085328875680ff4f8791c4b2e8b45b_1-1-thumb.webp","contentUrl":"https:\/\/powered-by.qbank.se\/educatius\/sts\/\/fe085328875680ff4f8791c4b2e8b45b_1-1-thumb.webp","width":150,"height":150},{"@type":"BreadcrumbList","@id":"https:\/\/www.sts-education.com\/no\/high-school\/student-stories\/studenthistorier\/jaqueline-var-pa-utvekslingsar-i-osterrike\/#breadcrumb","itemListElement":[{"@type":"ListItem","position":1,"name":"Home","item":"https:\/\/www.sts-education.com\/no\/"},{"@type":"ListItem","position":2,"name":"Jaqueline var p\u00e5 utveksling i \u00d8sterrike"}]},{"@type":"WebSite","@id":"https:\/\/www.sts-education.com\/no\/#website","url":"https:\/\/www.sts-education.com\/no\/","name":"STS Education","description":"","potentialAction":[{"@type":"SearchAction","target":{"@type":"EntryPoint","urlTemplate":"https:\/\/www.sts-education.com\/no\/?s={search_term_string}"},"query-input":{"@type":"PropertyValueSpecification","valueRequired":true,"valueName":"search_term_string"}}],"inLanguage":"nb-NO"},{"@type":"Person","@id":"https:\/\/www.sts-education.com\/no\/#\/schema\/person\/8b82f3a2e45f020b8f296d7a85d9a97c","name":"syncreadwrite","image":{"@type":"ImageObject","inLanguage":"nb-NO","@id":"https:\/\/secure.gravatar.com\/avatar\/6ed1007e4f6f43f22e3df41d9fce4365533cba47fef64bb359b8e629abbc2ea6?s=96&d=mm&r=g","url":"https:\/\/secure.gravatar.com\/avatar\/6ed1007e4f6f43f22e3df41d9fce4365533cba47fef64bb359b8e629abbc2ea6?s=96&d=mm&r=g","contentUrl":"https:\/\/secure.gravatar.com\/avatar\/6ed1007e4f6f43f22e3df41d9fce4365533cba47fef64bb359b8e629abbc2ea6?s=96&d=mm&r=g","caption":"syncreadwrite"},"url":"https:\/\/www.sts-education.com\/no\/author\/syncreadwrite\/"}]}},"_links":{"self":[{"href":"https:\/\/www.sts-education.com\/no\/wp-json\/wp\/v2\/posts\/12123","targetHints":{"allow":["GET"]}}],"collection":[{"href":"https:\/\/www.sts-education.com\/no\/wp-json\/wp\/v2\/posts"}],"about":[{"href":"https:\/\/www.sts-education.com\/no\/wp-json\/wp\/v2\/types\/post"}],"author":[{"embeddable":true,"href":"https:\/\/www.sts-education.com\/no\/wp-json\/wp\/v2\/users\/20"}],"replies":[{"embeddable":true,"href":"https:\/\/www.sts-education.com\/no\/wp-json\/wp\/v2\/comments?post=12123"}],"version-history":[{"count":6,"href":"https:\/\/www.sts-education.com\/no\/wp-json\/wp\/v2\/posts\/12123\/revisions"}],"predecessor-version":[{"id":43628,"href":"https:\/\/www.sts-education.com\/no\/wp-json\/wp\/v2\/posts\/12123\/revisions\/43628"}],"wp:featuredmedia":[{"embeddable":true,"href":"https:\/\/www.sts-education.com\/no\/wp-json\/wp\/v2\/media\/14070"}],"wp:attachment":[{"href":"https:\/\/www.sts-education.com\/no\/wp-json\/wp\/v2\/media?parent=12123"}],"wp:term":[{"taxonomy":"category","embeddable":true,"href":"https:\/\/www.sts-education.com\/no\/wp-json\/wp\/v2\/categories?post=12123"},{"taxonomy":"post_tag","embeddable":true,"href":"https:\/\/www.sts-education.com\/no\/wp-json\/wp\/v2\/tags?post=12123"},{"taxonomy":"wpw_post_folders","embeddable":true,"href":"https:\/\/www.sts-education.com\/no\/wp-json\/wp\/v2\/wpw_post_folders?post=12123"}],"curies":[{"name":"wp","href":"https:\/\/api.w.org\/{rel}","templated":true}]}}